{"id":35208,"date":"2026-09-04T18:48:22","date_gmt":"2026-09-04T18:48:22","guid":{"rendered":"https:\/\/angelboss.com.br\/?p=35208"},"modified":"2026-09-04T18:48:25","modified_gmt":"2026-09-04T18:48:25","slug":"hugo-outono-inverno-2026-red-means-go","status":"publish","type":"post","link":"http:\/\/angelboss.com.br\/en\/2026\/09\/04\/hugo-outono-inverno-2026-red-means-go\/","title":{"rendered":"HUGO MANT\u00c9M A AMBI\u00c7\u00c3O EM MOVIMENTO PARA O OUTONO\/INVERNO DE 2026"},"content":{"rendered":"<p class=\"wp-block-paragraph\">HUGO revela o pr\u00f3ximo cap\u00edtulo de \u201cRed Means GO\u201d: uma plataforma criada para representar uma gera\u00e7\u00e3o que tra\u00e7a seu pr\u00f3prio caminho, em seus pr\u00f3prios termos. O primeiro cap\u00edtulo explorou o atrito que desperta a ambi\u00e7\u00e3o. A cole\u00e7\u00e3o Outono\/Inverno 2026 acompanha o elenco no ritmo da vida cotidiana \u2013 percorrendo a cidade, perseguindo ambi\u00e7\u00f5es e mantendo o impulso em movimento.<\/p>\n\n\n\n<p class=\"wp-block-paragraph\">Nesta temporada, Aaron, Tereza, Cato, Temi e Nick \u2013 cinco criativos internacionais, cada um representando uma faceta distinta da ambi\u00e7\u00e3o em a\u00e7\u00e3o \u2013 retornam para dar vida ao esp\u00edrito do Red Means GO. Esse grupo de criadores, realizadores e impulsionadores explora as d\u00favidas, as press\u00f5es e as expectativas que acompanham a escolha do progresso em vez do conforto. Eles mostram que come\u00e7ar nunca foi a parte dif\u00edcil \u2013 mas sim manter o rumo. Embora tenham voca\u00e7\u00f5es diferentes, eles compartilham a ambi\u00e7\u00e3o. Percorrendo a cidade com energia incans\u00e1vel, eles est\u00e3o unidos pela mesma determina\u00e7\u00e3o de seguir sempre em frente.<\/p>\n\n\n\n<figure class=\"wp-block-image size-full is-resized\"><img fetchpriority=\"high\" decoding=\"async\" width=\"408\" height=\"313\" src=\"https:\/\/angelboss.com.br\/wp-content\/uploads\/2026\/09\/image-5.png\" alt=\"image\" class=\"wp-image-35214\" style=\"aspect-ratio:1.303579451849633;width:780px;height:auto\" srcset=\"http:\/\/angelboss.com.br\/wp-content\/uploads\/2026\/09\/image-5.png 408w, http:\/\/angelboss.com.br\/wp-content\/uploads\/2026\/09\/image-5-16x12.png 16w, http:\/\/angelboss.com.br\/wp-content\/uploads\/2026\/09\/image-5-150x115.png 150w, http:\/\/angelboss.com.br\/wp-content\/uploads\/2026\/09\/image-5-300x230.png 300w, http:\/\/angelboss.com.br\/wp-content\/uploads\/2026\/09\/image-5-190x146.png 190w\" sizes=\"(max-width: 408px) 100vw, 408px\" \/><figcaption class=\"wp-element-caption\">image<\/figcaption><\/figure>\n\n\n\n<p class=\"wp-block-paragraph\">Uma nova s\u00e9rie de mensagens provocativas retrata o conflito interno dessa fase de ambi\u00e7\u00e3o e automotiva\u00e7\u00e3o. \u201cVoc\u00ea tem potencial, mas\u2026\u201d, \u201cNo fundo, voc\u00ea sabe\u201d, \u201cN\u00e3o \u00e9 assim que o mundo funciona\u201d, \u201cTudo bem, mas \u00e9 um setor muito competitivo\u2026\u201d e \u201cN\u00e3o \u00e9 exatamente uma carreira\u201d s\u00e3o frases que confrontam nossos her\u00f3is nas redes sociais e nas plataformas digitais.<\/p>\n\n\n\n<p class=\"wp-block-paragraph\">Essas declara\u00e7\u00f5es d\u00e3o voz \u00e0s d\u00favidas, press\u00f5es e expectativas que acompanham a busca pelo progresso, refletindo um di\u00e1logo interno que amea\u00e7a sufocar os sonhos. Cada uma delas traz seu pr\u00f3prio \u00edmpeto para a campanha, expresso por meio de imagens e v\u00eddeos sinceros e inspirados na cidade. Em um mundo de perfei\u00e7\u00e3o polida, isso \u00e9 cru, real e sem filtros, capturando a energia e a determina\u00e7\u00e3o de uma gera\u00e7\u00e3o que se recusa a parar.<\/p>\n\n\n\n<figure class=\"wp-block-image size-full is-resized\"><img decoding=\"async\" width=\"410\" height=\"343\" src=\"https:\/\/angelboss.com.br\/wp-content\/uploads\/2026\/09\/image-6.png\" alt=\"image\" class=\"wp-image-35215\" style=\"aspect-ratio:1.1953441756639789;width:780px;height:auto\" srcset=\"http:\/\/angelboss.com.br\/wp-content\/uploads\/2026\/09\/image-6.png 410w, http:\/\/angelboss.com.br\/wp-content\/uploads\/2026\/09\/image-6-14x12.png 14w, http:\/\/angelboss.com.br\/wp-content\/uploads\/2026\/09\/image-6-175x146.png 175w, http:\/\/angelboss.com.br\/wp-content\/uploads\/2026\/09\/image-6-149x125.png 149w, http:\/\/angelboss.com.br\/wp-content\/uploads\/2026\/09\/image-6-300x251.png 300w\" sizes=\"(max-width: 410px) 100vw, 410px\" \/><figcaption class=\"wp-element-caption\">image<\/figcaption><\/figure>\n\n\n\n<p class=\"wp-block-paragraph\">Para expressar suas personalidades e mentalidade ambiciosa, o elenco veste pe\u00e7as de destaque da cole\u00e7\u00e3o Outono\/Inverno 2026 da HUGO, com a alfaiataria precisa continuando a definir a cole\u00e7\u00e3o. Na linha masculina, a textura ganha destaque \u2014 o xadrez da HUGO \u00e9 reinterpretado na paleta de cores do inverno, tanto em pe\u00e7as de alfaiataria quanto em agasalhos, enquanto o tecido acetinado confere um acabamento refinado \u00e0s silhuetas precisas. Uma jaqueta de couro Nappa com gola de camisa e bolsos no peito \u00e9 combinada com jeans largos de corte alfaiatado em denim r\u00edgido preto, sobrepostos a um cardig\u00e3 de caimento descontra\u00eddo que acrescenta profundidade t\u00e1til.<\/p>\n\n\n\n<p class=\"wp-block-paragraph\">Na linha feminina, o destaque fica por conta das silhuetas alongadas e dos cortes elegantes e justos \u2014 blazers de bot\u00e3o \u00fanico em tecidos tradicionais combinam com malhas finas e casacos estruturados com lapelas ousadas. Com o esp\u00edrito dos anos 90 e uma atitude contempor\u00e2nea: esta cole\u00e7\u00e3o traz aconchego, textura e o inconfund\u00edvel toque HUGO para a jornada que temos pela frente.<\/p>\n\n\n\n<figure class=\"wp-block-image size-full\"><img decoding=\"async\" width=\"409\" height=\"264\" src=\"https:\/\/angelboss.com.br\/wp-content\/uploads\/2026\/09\/image-7.png\" alt=\"image\" class=\"wp-image-35216\" srcset=\"http:\/\/angelboss.com.br\/wp-content\/uploads\/2026\/09\/image-7.png 409w, http:\/\/angelboss.com.br\/wp-content\/uploads\/2026\/09\/image-7-149x96.png 149w, http:\/\/angelboss.com.br\/wp-content\/uploads\/2026\/09\/image-7-300x194.png 300w, http:\/\/angelboss.com.br\/wp-content\/uploads\/2026\/09\/image-7-18x12.png 18w, http:\/\/angelboss.com.br\/wp-content\/uploads\/2026\/09\/image-7-226x146.png 226w\" sizes=\"(max-width: 409px) 100vw, 409px\" \/><figcaption class=\"wp-element-caption\">image<\/figcaption><\/figure>\n\n\n\n<p class=\"wp-block-paragraph\">O ELENCO<\/p>\n\n\n\n<ul class=\"wp-block-list\">\n<li>O ator Aaron Altaras, que mora em Berlim, faz parte de uma nova gera\u00e7\u00e3o de criativos que est\u00e1 surgindo na capital alem\u00e3. Sempre em movimento, seu feed nas redes sociais mostra esse criativo enquanto ele explora novos lugares e divulga seu trabalho para o mundo.<\/li>\n\n\n\n<li>A fot\u00f3grafa e diretora tcheca Tereza Mundilov\u00e1 divide seu tempo entre Berlim, Paris e Nova York, explorando o espa\u00e7o entre a cultura pop e a cena underground em colabora\u00e7\u00e3o com grandes talentos, marcas de moda e meios de comunica\u00e7\u00e3o.<\/li>\n\n\n\n<li>Cato, artista multidisciplinar e m\u00fasico radicado em Londres, combina colagem, aer\u00f3grafo e imagens vintage em suas pinturas, explorando a cultura negra, a hist\u00f3ria da arte e o sentimento de pertencimento. Animador e m\u00fasico autodidata, seu trabalho j\u00e1 foi exibido internacionalmente<\/li>\n\n\n\n<li>No mundo da curadoria de arte, a curadora londrina Temitayo Famakinwa atua nas \u00e1reas de arte, m\u00eddia e cultura digital. Ela desempenhou um papel fundamental na defini\u00e7\u00e3o do conte\u00fado e da estrat\u00e9gia de redes sociais da galeria Saatchi Yates para grandes exposi\u00e7\u00f5es em 2025, ajudando a ampliar o alcance da institui\u00e7\u00e3o para p\u00fablicos globais e repensando a forma como as galerias se relacionam com suas comunidades.<\/li>\n\n\n\n<li>Nick Cheo \u00e9 um DJ amador de Ohio, conhecido por seus mashups divertidos que misturam g\u00eaneros e combinam humor com um gosto musical apurado. Com milh\u00f5es de visualiza\u00e7\u00f5es, seu trabalho chamou a aten\u00e7\u00e3o de artistas como Tinashe, Zack Bia e Verdy. Recentemente, Cheo participou como artista de abertura da turn\u00ea norte-americana da PinkPantheress, que esgotou os ingressos.<\/li>\n<\/ul>\n\n\n\n<p class=\"wp-block-paragraph\">A cole\u00e7\u00e3o HUGO Outono\/Inverno 2026 j\u00e1 est\u00e1 dispon\u00edvel em todo o mundo nas lojas HUGO, por meio de parceiros de atacado e online no site <a href=\"https:\/\/www.hugoboss.com.br\/hugo\">https:\/\/www.hugoboss.com.br\/hugo<\/a>.<\/p>","protected":false},"excerpt":{"rendered":"<p>HUGO revela o pr\u00f3ximo cap\u00edtulo de \u201cRed Means GO\u201d: uma plataforma criada para representar uma gera\u00e7\u00e3o que tra\u00e7a seu pr\u00f3prio caminho, em seus pr\u00f3prios termos. O primeiro cap\u00edtulo explorou o atrito que desperta a ambi\u00e7\u00e3o. A cole\u00e7\u00e3o Outono\/Inverno 2026 acompanha o elenco no ritmo da vida cotidiana \u2013 percorrendo a cidade, perseguindo ambi\u00e7\u00f5es e mantendo<\/p>","protected":false},"author":2,"featured_media":35209,"comment_status":"open","ping_status":"open","sticky":false,"template":"","format":"standard","meta":{"_seopress_titles_title":"","_seopress_titles_desc":"","_seopress_robots_index":"","_seopress_robots_follow":"","_seopress_robots_imageindex":"","_seopress_robots_snippet":"","_seopress_robots_primary_cat":"609","_seopress_robots_breadcrumbs":"","_seopress_robots_freeze_modified_date":"","_seopress_robots_custom_modified_date":"","_seopress_robots_canonical":"","_seopress_social_fb_title":"","_seopress_social_fb_desc":"","_seopress_social_fb_img":"","_seopress_social_fb_img_attachment_id":0,"_seopress_social_fb_img_width":0,"_seopress_social_fb_img_height":0,"_seopress_social_twitter_title":"","_seopress_social_twitter_desc":"","_seopress_social_twitter_img":"","_seopress_social_twitter_img_attachment_id":0,"_seopress_social_twitter_img_width":0,"_seopress_social_twitter_img_height":0,"_seopress_redirections_value":"","_seopress_redirections_enabled":"","_seopress_redirections_enabled_regex":"","_seopress_redirections_logged_status":"","_seopress_redirections_param":"","_seopress_redirections_type":0,"_seopress_analysis_target_kw":"","page_builder":"","footnotes":""},"categories":[162,3050,168,609,308],"tags":[7110,7108,7109],"class_list":["post-35208","post","type-post","status-publish","format-standard","has-post-thumbnail","category-beleza-e-bem-estar","category-branding","category-eai-bora-nessa","category-moda","category-noticias","tag-campanha-red-means-go","tag-hugo","tag-outono-inverno-2026"],"yoast_head":"<!-- This site is optimized with the Yoast SEO plugin v28.4 - https:\/\/yoast.com\/product\/yoast-seo-wordpress\/ -->\n<title>HUGO lan\u00e7a cole\u00e7\u00e3o Outono\/Inverno 2026 com campanha Red Means GO<\/title>\n<meta name=\"description\" content=\"A HUGO revelou a cole\u00e7\u00e3o Outono\/Inverno 2026 e a nova fase da campanha Red Means GO com foco em alfaiataria e cultura jovem. Confira os detalhes.\" \/>\n<meta name=\"robots\" content=\"index, follow, max-snippet:-1, max-image-preview:large, max-video-preview:-1\" \/>\n<link rel=\"canonical\" href=\"https:\/\/angelboss.com.br\/en\/2026\/09\/04\/hugo-outono-inverno-2026-red-means-go\/\" \/>\n<meta property=\"og:locale\" content=\"en_US\" \/>\n<meta property=\"og:type\" content=\"article\" \/>\n<meta property=\"og:title\" content=\"HUGO lan\u00e7a cole\u00e7\u00e3o Outono\/Inverno 2026 com campanha Red Means GO\" \/>\n<meta property=\"og:description\" content=\"A HUGO revelou a cole\u00e7\u00e3o Outono\/Inverno 2026 e a nova fase da campanha Red Means GO com foco em alfaiataria e cultura jovem. Confira os detalhes.\" \/>\n<meta property=\"og:url\" content=\"https:\/\/angelboss.com.br\/en\/2026\/09\/04\/hugo-outono-inverno-2026-red-means-go\/\" \/>\n<meta property=\"og:site_name\" content=\"Portal Masculino de Moda, Beleza, Luxo and Business - Angel Boss\" \/>\n<meta property=\"article:published_time\" content=\"2026-09-04T18:48:22+00:00\" \/>\n<meta property=\"article:modified_time\" content=\"2026-09-04T18:48:25+00:00\" \/>\n<meta property=\"og:image\" content=\"http:\/\/angelboss.com.br\/wp-content\/uploads\/2026\/09\/unnamed-2026-09-04t153032.756.jpg\" \/>\n\t<meta property=\"og:image:width\" content=\"2000\" \/>\n\t<meta property=\"og:image:height\" content=\"1658\" \/>\n\t<meta property=\"og:image:type\" content=\"image\/jpeg\" \/>\n<meta name=\"author\" content=\"Neto Angel Boss\" \/>\n<meta name=\"twitter:card\" content=\"summary_large_image\" \/>\n<meta name=\"twitter:label1\" content=\"Written by\" \/>\n\t<meta name=\"twitter:data1\" content=\"Neto Angel Boss\" \/>\n\t<meta name=\"twitter:label2\" content=\"Est. reading time\" \/>\n\t<meta name=\"twitter:data2\" content=\"5 minutes\" \/>\n<script type=\"application\/ld+json\" class=\"yoast-schema-graph\">{\"@context\":\"https:\\\/\\\/schema.org\",\"@graph\":[{\"@type\":\"Article\",\"@id\":\"https:\\\/\\\/angelboss.com.br\\\/2026\\\/09\\\/04\\\/hugo-outono-inverno-2026-red-means-go\\\/#article\",\"isPartOf\":{\"@id\":\"https:\\\/\\\/angelboss.com.br\\\/2026\\\/09\\\/04\\\/hugo-outono-inverno-2026-red-means-go\\\/\"},\"author\":{\"name\":\"Neto Angel Boss\",\"@id\":\"http:\\\/\\\/angelboss.com.br\\\/#\\\/schema\\\/person\\\/af084936b46cf2e03f299183e429e350\"},\"headline\":\"HUGO MANT\u00c9M A AMBI\u00c7\u00c3O EM MOVIMENTO PARA O OUTONO\\\/INVERNO DE 2026\",\"datePublished\":\"2026-09-04T18:48:22+00:00\",\"dateModified\":\"2026-09-04T18:48:25+00:00\",\"mainEntityOfPage\":{\"@id\":\"https:\\\/\\\/angelboss.com.br\\\/2026\\\/09\\\/04\\\/hugo-outono-inverno-2026-red-means-go\\\/\"},\"wordCount\":808,\"commentCount\":0,\"publisher\":{\"@id\":\"http:\\\/\\\/angelboss.com.br\\\/#organization\"},\"image\":{\"@id\":\"https:\\\/\\\/angelboss.com.br\\\/2026\\\/09\\\/04\\\/hugo-outono-inverno-2026-red-means-go\\\/#primaryimage\"},\"thumbnailUrl\":\"http:\\\/\\\/angelboss.com.br\\\/wp-content\\\/uploads\\\/2026\\\/09\\\/unnamed-2026-09-04t153032.756.jpg\",\"keywords\":[\"campanha Red Means GO\",\"HUGO\",\"Outono\\\/Inverno 2026\"],\"articleSection\":[\"BELEZA E BEM-ESTAR\",\"branding\",\"EA\u00cd, BORA NESSA?\",\"MODA\",\"Not\u00edcias\"],\"inLanguage\":\"en-US\",\"potentialAction\":[{\"@type\":\"CommentAction\",\"name\":\"Comment\",\"target\":[\"https:\\\/\\\/angelboss.com.br\\\/2026\\\/09\\\/04\\\/hugo-outono-inverno-2026-red-means-go\\\/#respond\"]}]},{\"@type\":\"WebPage\",\"@id\":\"https:\\\/\\\/angelboss.com.br\\\/2026\\\/09\\\/04\\\/hugo-outono-inverno-2026-red-means-go\\\/\",\"url\":\"https:\\\/\\\/angelboss.com.br\\\/2026\\\/09\\\/04\\\/hugo-outono-inverno-2026-red-means-go\\\/\",\"name\":\"HUGO lan\u00e7a cole\u00e7\u00e3o Outono\\\/Inverno 2026 com campanha Red Means GO\",\"isPartOf\":{\"@id\":\"http:\\\/\\\/angelboss.com.br\\\/#website\"},\"primaryImageOfPage\":{\"@id\":\"https:\\\/\\\/angelboss.com.br\\\/2026\\\/09\\\/04\\\/hugo-outono-inverno-2026-red-means-go\\\/#primaryimage\"},\"image\":{\"@id\":\"https:\\\/\\\/angelboss.com.br\\\/2026\\\/09\\\/04\\\/hugo-outono-inverno-2026-red-means-go\\\/#primaryimage\"},\"thumbnailUrl\":\"http:\\\/\\\/angelboss.com.br\\\/wp-content\\\/uploads\\\/2026\\\/09\\\/unnamed-2026-09-04t153032.756.jpg\",\"datePublished\":\"2026-09-04T18:48:22+00:00\",\"dateModified\":\"2026-09-04T18:48:25+00:00\",\"description\":\"A HUGO revelou a cole\u00e7\u00e3o Outono\\\/Inverno 2026 e a nova fase da campanha Red Means GO com foco em alfaiataria e cultura jovem. Confira os detalhes.\",\"breadcrumb\":{\"@id\":\"https:\\\/\\\/angelboss.com.br\\\/2026\\\/09\\\/04\\\/hugo-outono-inverno-2026-red-means-go\\\/#breadcrumb\"},\"inLanguage\":\"en-US\",\"potentialAction\":[{\"@type\":\"ReadAction\",\"target\":[\"https:\\\/\\\/angelboss.com.br\\\/2026\\\/09\\\/04\\\/hugo-outono-inverno-2026-red-means-go\\\/\"]}]},{\"@type\":\"ImageObject\",\"inLanguage\":\"en-US\",\"@id\":\"https:\\\/\\\/angelboss.com.br\\\/2026\\\/09\\\/04\\\/hugo-outono-inverno-2026-red-means-go\\\/#primaryimage\",\"url\":\"http:\\\/\\\/angelboss.com.br\\\/wp-content\\\/uploads\\\/2026\\\/09\\\/unnamed-2026-09-04t153032.756.jpg\",\"contentUrl\":\"http:\\\/\\\/angelboss.com.br\\\/wp-content\\\/uploads\\\/2026\\\/09\\\/unnamed-2026-09-04t153032.756.jpg\",\"width\":2000,\"height\":1658,\"caption\":\"Imagem\\\/Divulga\u00e7\u00e3o\"},{\"@type\":\"BreadcrumbList\",\"@id\":\"https:\\\/\\\/angelboss.com.br\\\/2026\\\/09\\\/04\\\/hugo-outono-inverno-2026-red-means-go\\\/#breadcrumb\",\"itemListElement\":[{\"@type\":\"ListItem\",\"position\":1,\"name\":\"In\u00edcio\",\"item\":\"https:\\\/\\\/angelboss.com.br\\\/\"},{\"@type\":\"ListItem\",\"position\":2,\"name\":\"HUGO MANT\u00c9M A AMBI\u00c7\u00c3O EM MOVIMENTO PARA O OUTONO\\\/INVERNO DE 2026\"}]},{\"@type\":\"WebSite\",\"@id\":\"http:\\\/\\\/angelboss.com.br\\\/#website\",\"url\":\"http:\\\/\\\/angelboss.com.br\\\/\",\"name\":\"Portal Masculino de Moda, Beleza, Luxo e Business - Angel Boss\",\"description\":\"O Maior Portal sobre Moda, Luxo, Beleza e Business Masculino do Brasil\",\"publisher\":{\"@id\":\"http:\\\/\\\/angelboss.com.br\\\/#organization\"},\"alternateName\":\"Maior Portal e Blog de Beleza Masculina e Luxo\",\"potentialAction\":[{\"@type\":\"SearchAction\",\"target\":{\"@type\":\"EntryPoint\",\"urlTemplate\":\"http:\\\/\\\/angelboss.com.br\\\/?s={search_term_string}\"},\"query-input\":{\"@type\":\"PropertyValueSpecification\",\"valueRequired\":true,\"valueName\":\"search_term_string\"}}],\"inLanguage\":\"en-US\"},{\"@type\":\"Organization\",\"@id\":\"http:\\\/\\\/angelboss.com.br\\\/#organization\",\"name\":\"Portal Masculino de Moda, Beleza, Luxo and Business - Angel Boss\",\"url\":\"http:\\\/\\\/angelboss.com.br\\\/\",\"logo\":{\"@type\":\"ImageObject\",\"inLanguage\":\"en-US\",\"@id\":\"http:\\\/\\\/angelboss.com.br\\\/#\\\/schema\\\/logo\\\/image\\\/\",\"url\":\"https:\\\/\\\/angelboss.com.br\\\/wp-content\\\/uploads\\\/2025\\\/12\\\/WhatsApp-Image-2025-12-11-at-12.54.26.jpeg\",\"contentUrl\":\"https:\\\/\\\/angelboss.com.br\\\/wp-content\\\/uploads\\\/2025\\\/12\\\/WhatsApp-Image-2025-12-11-at-12.54.26.jpeg\",\"width\":1280,\"height\":1280,\"caption\":\"Portal Masculino de Moda, Beleza, Luxo and Business - Angel Boss\"},\"image\":{\"@id\":\"http:\\\/\\\/angelboss.com.br\\\/#\\\/schema\\\/logo\\\/image\\\/\"}},{\"@type\":\"Person\",\"@id\":\"http:\\\/\\\/angelboss.com.br\\\/#\\\/schema\\\/person\\\/af084936b46cf2e03f299183e429e350\",\"name\":\"Neto Angel Boss\",\"image\":{\"@type\":\"ImageObject\",\"inLanguage\":\"en-US\",\"@id\":\"https:\\\/\\\/secure.gravatar.com\\\/avatar\\\/dbb38b2050e5181e32afbccf458635967af0767d15abe8168b35ebbd97907289?s=96&d=mm&r=g\",\"url\":\"https:\\\/\\\/secure.gravatar.com\\\/avatar\\\/dbb38b2050e5181e32afbccf458635967af0767d15abe8168b35ebbd97907289?s=96&d=mm&r=g\",\"contentUrl\":\"https:\\\/\\\/secure.gravatar.com\\\/avatar\\\/dbb38b2050e5181e32afbccf458635967af0767d15abe8168b35ebbd97907289?s=96&d=mm&r=g\",\"caption\":\"Neto Angel Boss\"},\"sameAs\":[\"http:\\\/\\\/www.angelboss.com\"],\"url\":\"http:\\\/\\\/angelboss.com.br\\\/en\\\/author\\\/netoangelboss\\\/\"}]}<\/script>\n<!-- \/ Yoast SEO plugin. -->","yoast_head_json":{"title":"HUGO lan\u00e7a cole\u00e7\u00e3o Outono\/Inverno 2026 com campanha Red Means GO","description":"A HUGO revelou a cole\u00e7\u00e3o Outono\/Inverno 2026 e a nova fase da campanha Red Means GO com foco em alfaiataria e cultura jovem. Confira os detalhes.","robots":{"index":"index","follow":"follow","max-snippet":"max-snippet:-1","max-image-preview":"max-image-preview:large","max-video-preview":"max-video-preview:-1"},"canonical":"https:\/\/angelboss.com.br\/en\/2026\/09\/04\/hugo-outono-inverno-2026-red-means-go\/","og_locale":"en_US","og_type":"article","og_title":"HUGO lan\u00e7a cole\u00e7\u00e3o Outono\/Inverno 2026 com campanha Red Means GO","og_description":"A HUGO revelou a cole\u00e7\u00e3o Outono\/Inverno 2026 e a nova fase da campanha Red Means GO com foco em alfaiataria e cultura jovem. Confira os detalhes.","og_url":"https:\/\/angelboss.com.br\/en\/2026\/09\/04\/hugo-outono-inverno-2026-red-means-go\/","og_site_name":"Portal Masculino de Moda, Beleza, Luxo and Business - Angel Boss","article_published_time":"2026-09-04T18:48:22+00:00","article_modified_time":"2026-09-04T18:48:25+00:00","og_image":[{"width":2000,"height":1658,"url":"http:\/\/angelboss.com.br\/wp-content\/uploads\/2026\/09\/unnamed-2026-09-04t153032.756.jpg","type":"image\/jpeg"}],"author":"Neto Angel Boss","twitter_card":"summary_large_image","twitter_misc":{"Written by":"Neto Angel Boss","Est. reading time":"5 minutes"},"schema":{"@context":"https:\/\/schema.org","@graph":[{"@type":"Article","@id":"https:\/\/angelboss.com.br\/2026\/09\/04\/hugo-outono-inverno-2026-red-means-go\/#article","isPartOf":{"@id":"https:\/\/angelboss.com.br\/2026\/09\/04\/hugo-outono-inverno-2026-red-means-go\/"},"author":{"name":"Neto Angel Boss","@id":"http:\/\/angelboss.com.br\/#\/schema\/person\/af084936b46cf2e03f299183e429e350"},"headline":"HUGO MANT\u00c9M A AMBI\u00c7\u00c3O EM MOVIMENTO PARA O OUTONO\/INVERNO DE 2026","datePublished":"2026-09-04T18:48:22+00:00","dateModified":"2026-09-04T18:48:25+00:00","mainEntityOfPage":{"@id":"https:\/\/angelboss.com.br\/2026\/09\/04\/hugo-outono-inverno-2026-red-means-go\/"},"wordCount":808,"commentCount":0,"publisher":{"@id":"http:\/\/angelboss.com.br\/#organization"},"image":{"@id":"https:\/\/angelboss.com.br\/2026\/09\/04\/hugo-outono-inverno-2026-red-means-go\/#primaryimage"},"thumbnailUrl":"http:\/\/angelboss.com.br\/wp-content\/uploads\/2026\/09\/unnamed-2026-09-04t153032.756.jpg","keywords":["campanha Red Means GO","HUGO","Outono\/Inverno 2026"],"articleSection":["BELEZA E BEM-ESTAR","branding","EA\u00cd, BORA NESSA?","MODA","Not\u00edcias"],"inLanguage":"en-US","potentialAction":[{"@type":"CommentAction","name":"Comment","target":["https:\/\/angelboss.com.br\/2026\/09\/04\/hugo-outono-inverno-2026-red-means-go\/#respond"]}]},{"@type":"WebPage","@id":"https:\/\/angelboss.com.br\/2026\/09\/04\/hugo-outono-inverno-2026-red-means-go\/","url":"https:\/\/angelboss.com.br\/2026\/09\/04\/hugo-outono-inverno-2026-red-means-go\/","name":"HUGO lan\u00e7a cole\u00e7\u00e3o Outono\/Inverno 2026 com campanha Red Means GO","isPartOf":{"@id":"http:\/\/angelboss.com.br\/#website"},"primaryImageOfPage":{"@id":"https:\/\/angelboss.com.br\/2026\/09\/04\/hugo-outono-inverno-2026-red-means-go\/#primaryimage"},"image":{"@id":"https:\/\/angelboss.com.br\/2026\/09\/04\/hugo-outono-inverno-2026-red-means-go\/#primaryimage"},"thumbnailUrl":"http:\/\/angelboss.com.br\/wp-content\/uploads\/2026\/09\/unnamed-2026-09-04t153032.756.jpg","datePublished":"2026-09-04T18:48:22+00:00","dateModified":"2026-09-04T18:48:25+00:00","description":"A HUGO revelou a cole\u00e7\u00e3o Outono\/Inverno 2026 e a nova fase da campanha Red Means GO com foco em alfaiataria e cultura jovem. Confira os detalhes.","breadcrumb":{"@id":"https:\/\/angelboss.com.br\/2026\/09\/04\/hugo-outono-inverno-2026-red-means-go\/#breadcrumb"},"inLanguage":"en-US","potentialAction":[{"@type":"ReadAction","target":["https:\/\/angelboss.com.br\/2026\/09\/04\/hugo-outono-inverno-2026-red-means-go\/"]}]},{"@type":"ImageObject","inLanguage":"en-US","@id":"https:\/\/angelboss.com.br\/2026\/09\/04\/hugo-outono-inverno-2026-red-means-go\/#primaryimage","url":"http:\/\/angelboss.com.br\/wp-content\/uploads\/2026\/09\/unnamed-2026-09-04t153032.756.jpg","contentUrl":"http:\/\/angelboss.com.br\/wp-content\/uploads\/2026\/09\/unnamed-2026-09-04t153032.756.jpg","width":2000,"height":1658,"caption":"Imagem\/Divulga\u00e7\u00e3o"},{"@type":"BreadcrumbList","@id":"https:\/\/angelboss.com.br\/2026\/09\/04\/hugo-outono-inverno-2026-red-means-go\/#breadcrumb","itemListElement":[{"@type":"ListItem","position":1,"name":"In\u00edcio","item":"https:\/\/angelboss.com.br\/"},{"@type":"ListItem","position":2,"name":"HUGO MANT\u00c9M A AMBI\u00c7\u00c3O EM MOVIMENTO PARA O OUTONO\/INVERNO DE 2026"}]},{"@type":"WebSite","@id":"http:\/\/angelboss.com.br\/#website","url":"http:\/\/angelboss.com.br\/","name":"Portal Masculino de Moda, Beleza, Luxo e Business - Angel Boss","description":"O Maior Portal sobre Moda, Luxo, Beleza e Business Masculino do Brasil","publisher":{"@id":"http:\/\/angelboss.com.br\/#organization"},"alternateName":"Maior Portal e Blog de Beleza Masculina e Luxo","potentialAction":[{"@type":"SearchAction","target":{"@type":"EntryPoint","urlTemplate":"http:\/\/angelboss.com.br\/?s={search_term_string}"},"query-input":{"@type":"PropertyValueSpecification","valueRequired":true,"valueName":"search_term_string"}}],"inLanguage":"en-US"},{"@type":"Organization","@id":"http:\/\/angelboss.com.br\/#organization","name":"Portal Masculino de Moda, Beleza, Luxo and Business - Angel Boss","url":"http:\/\/angelboss.com.br\/","logo":{"@type":"ImageObject","inLanguage":"en-US","@id":"http:\/\/angelboss.com.br\/#\/schema\/logo\/image\/","url":"https:\/\/angelboss.com.br\/wp-content\/uploads\/2025\/12\/WhatsApp-Image-2025-12-11-at-12.54.26.jpeg","contentUrl":"https:\/\/angelboss.com.br\/wp-content\/uploads\/2025\/12\/WhatsApp-Image-2025-12-11-at-12.54.26.jpeg","width":1280,"height":1280,"caption":"Portal Masculino de Moda, Beleza, Luxo and Business - Angel Boss"},"image":{"@id":"http:\/\/angelboss.com.br\/#\/schema\/logo\/image\/"}},{"@type":"Person","@id":"http:\/\/angelboss.com.br\/#\/schema\/person\/af084936b46cf2e03f299183e429e350","name":"Neto Angel Boss","image":{"@type":"ImageObject","inLanguage":"en-US","@id":"https:\/\/secure.gravatar.com\/avatar\/dbb38b2050e5181e32afbccf458635967af0767d15abe8168b35ebbd97907289?s=96&d=mm&r=g","url":"https:\/\/secure.gravatar.com\/avatar\/dbb38b2050e5181e32afbccf458635967af0767d15abe8168b35ebbd97907289?s=96&d=mm&r=g","contentUrl":"https:\/\/secure.gravatar.com\/avatar\/dbb38b2050e5181e32afbccf458635967af0767d15abe8168b35ebbd97907289?s=96&d=mm&r=g","caption":"Neto Angel Boss"},"sameAs":["http:\/\/www.angelboss.com"],"url":"http:\/\/angelboss.com.br\/en\/author\/netoangelboss\/"}]}},"amp_enabled":true,"_links":{"self":[{"href":"http:\/\/angelboss.com.br\/en\/wp-json\/wp\/v2\/posts\/35208","targetHints":{"allow":["GET"]}}],"collection":[{"href":"http:\/\/angelboss.com.br\/en\/wp-json\/wp\/v2\/posts"}],"about":[{"href":"http:\/\/angelboss.com.br\/en\/wp-json\/wp\/v2\/types\/post"}],"author":[{"embeddable":true,"href":"http:\/\/angelboss.com.br\/en\/wp-json\/wp\/v2\/users\/2"}],"replies":[{"embeddable":true,"href":"http:\/\/angelboss.com.br\/en\/wp-json\/wp\/v2\/comments?post=35208"}],"version-history":[{"count":1,"href":"http:\/\/angelboss.com.br\/en\/wp-json\/wp\/v2\/posts\/35208\/revisions"}],"predecessor-version":[{"id":35217,"href":"http:\/\/angelboss.com.br\/en\/wp-json\/wp\/v2\/posts\/35208\/revisions\/35217"}],"wp:featuredmedia":[{"embeddable":true,"href":"http:\/\/angelboss.com.br\/en\/wp-json\/wp\/v2\/media\/35209"}],"wp:attachment":[{"href":"http:\/\/angelboss.com.br\/en\/wp-json\/wp\/v2\/media?parent=35208"}],"wp:term":[{"taxonomy":"category","embeddable":true,"href":"http:\/\/angelboss.com.br\/en\/wp-json\/wp\/v2\/categories?post=35208"},{"taxonomy":"post_tag","embeddable":true,"href":"http:\/\/angelboss.com.br\/en\/wp-json\/wp\/v2\/tags?post=35208"}],"curies":[{"name":"wp","href":"https:\/\/api.w.org\/{rel}","templated":true}]}}