{"id":35071,"date":"2026-09-03T00:00:00","date_gmt":"2026-09-03T00:00:00","guid":{"rendered":"https:\/\/angelboss.com.br\/2026\/09\/03\/312523-maratona-42k-terra-da-luz-reune-esporte-historia-e-turismo\/"},"modified":"2026-09-03T00:00:00","modified_gmt":"2026-09-03T00:00:00","slug":"312523-maratona-42k-terra-da-luz-reune-esporte-historia-e-turismo","status":"publish","type":"post","link":"http:\/\/angelboss.com.br\/en\/2026\/09\/03\/312523-maratona-42k-terra-da-luz-reune-esporte-historia-e-turismo\/","title":{"rendered":"Maratona 42K Terra da Luz re\u00fane esporte, hist\u00f3ria e turismo"},"content":{"rendered":"<p>Fortaleza sediar\u00e1, nos dias 5 e 6 de setembro, a Maratona 42K Terra da Luz \u2013 Fortaleza de Costa a Costa, competi\u00e7\u00e3o organizada pela Nova Letra Eventos Criativos. A prova tem como ponto de partida e chegada o Cais do Porto, em frente ao Farol do Mucuripe, monumento que completar\u00e1 180 anos em 2026.<\/p>\n<p>A programa\u00e7\u00e3o inicia no s\u00e1bado, 5 de setembro, com a corrida de 7 km, e continua no domingo, 6 de setembro, com as provas de 21 km e 42 km. Uma novidade \u00e9 o desafio de dois dias, que permite ao atleta completar os 7 km no s\u00e1bado e, no domingo, escolher entre a meia maratona ou a maratona, totalizando percursos de 28 km ou 49 km ao final do fim de semana.<\/p>\n<p>Segundo Fernando Elp\u00eddio, diretor da Nova Letra Eventos Criativos, o conceito &quot;Fortaleza de Costa a Costa&quot; nasceu da inten\u00e7\u00e3o de integrar a cidade \u00e0 experi\u00eancia dos corredores, explorando diferentes paisagens e aspectos da capital cearense. &quot;Fortaleza \u00e9 a capital de corridas de rua do Nordeste e agora conta com uma maratona para chamar de sua. A ideia foi criar uma prova que percorresse a borda de Fortaleza, aproveitando um percurso mais r\u00e1pido, plano e bonito, e proporcionando duas experi\u00eancias distintas: de um lado, a Fortaleza mais tur\u00edstica e hist\u00f3rica; do outro, um cen\u00e1rio mais urbano e tradicional, em contato com as dunas e a Praia do Futuro&quot;, explicou.<\/p>\n<p>A organiza\u00e7\u00e3o estima a participa\u00e7\u00e3o de aproximadamente seis mil atletas, dos quais mais de 300 s\u00e3o de outros estados brasileiros e 17 de pa\u00edses diferentes. O trajeto de 7 km atravessa as avenidas Vicente de Castro e Aboli\u00e7\u00e3o, chegando \u00e0 Avenida Beira\u2011Mar. Os percursos de 21 km e 42 km avan\u00e7am pelas regi\u00f5es do Mucuripe, Beira\u2011Mar, Praia do Futuro e Sabiaguaba, sendo que a maratona inclui ainda vias da regi\u00e3o central e da Avenida Leste\u2011Oeste, completando o percurso de costa a costa.<\/p>\n<p>As medalhas individuais fazem refer\u00eancia aos 180 anos do Farol do Mucuripe. Nos desafios de dois dias, os participantes recebem tr\u00eas medalhas, produzidas em carbono brilhoso com desenhos de monumentos hist\u00f3ricos e tur\u00edsticos da cidade.<\/p>\n<p>A estrutura de seguran\u00e7a conta com tr\u00eas unidades de terapia intensiva m\u00f3veis, duas unidades de suporte b\u00e1sico, seis motossocorristas, equipes m\u00e9dicas, bombeiros civis e socorristas. Dez desfibriladores s\u00e3o distribu\u00eddos ao longo do percurso, al\u00e9m de duas tendas m\u00e9dicas \u2014 uma na largada e outra na \u00e1rea da Sabiaguaba \u2014 e tendas de fisioterapia para recupera\u00e7\u00e3o muscular.<\/p>\n<p>Pontos de hidrata\u00e7\u00e3o, reposi\u00e7\u00e3o energ\u00e9tica, seguro de vida e apoio log\u00edstico s\u00e3o oferecidos aos corredores. A retirada dos kits, que inclui camisa oficial, sacola promocional, n\u00famero de peito, chip de cronometragem e medalha, ocorre nos dias 4 e 5 de setembro, no N\u00e1utico Atl\u00e9tico Cearense. Atletas que participam dos desafios de 28 km e 49 km recebem duas camisas oficiais e duas medalhas, al\u00e9m dos itens padr\u00e3o.<\/p>\n<p><img src='https:\/\/api.dino.com.br\/v2\/news\/tr\/312523?partnerId=4593' alt=\"\" style=\"border:0px;width:1px;height:1px;\" \/><\/p>","protected":false},"excerpt":{"rendered":"<p>Fortaleza receber\u00e1 a Maratona 42K Terra da Luz nos dias 5 e 6 de setembro, com provas de 7 km, 21 km e 42 km. A competi\u00e7\u00e3o inclui novidade de desafio de dois dias, permitindo ao atleta combinar a corrida de 7 km com a meia maratona ou a maratona, totalizando 28 km ou 49 km. O evento deve reunir cerca de seis mil corredores, entre eles participantes de outros estados e do exterior.<\/p>","protected":false},"author":3,"featured_media":35072,"comment_status":"open","ping_status":"open","sticky":false,"template":"","format":"standard","meta":{"_seopress_titles_title":"","_seopress_titles_desc":"","_seopress_robots_index":"","_seopress_robots_follow":"","_seopress_robots_imageindex":"","_seopress_robots_snippet":"","_seopress_robots_primary_cat":"","_seopress_robots_breadcrumbs":"","_seopress_robots_freeze_modified_date":"","_seopress_robots_custom_modified_date":"","_seopress_robots_canonical":"","_seopress_social_fb_title":"","_seopress_social_fb_desc":"","_seopress_social_fb_img":"","_seopress_social_fb_img_attachment_id":0,"_seopress_social_fb_img_width":0,"_seopress_social_fb_img_height":0,"_seopress_social_twitter_title":"","_seopress_social_twitter_desc":"","_seopress_social_twitter_img":"","_seopress_social_twitter_img_attachment_id":0,"_seopress_social_twitter_img_width":0,"_seopress_social_twitter_img_height":0,"_seopress_redirections_value":"","_seopress_redirections_enabled":"","_seopress_redirections_enabled_regex":"","_seopress_redirections_logged_status":"","_seopress_redirections_param":"","_seopress_redirections_type":0,"_seopress_analysis_target_kw":"","page_builder":"","footnotes":""},"categories":[315],"tags":[365,344,352,351,378],"class_list":["post-35071","post","type-post","status-publish","format-standard","has-post-thumbnail","category-noticias-corporativas-dino","tag-esportes","tag-midia","tag-saude-e-bem-estar","tag-sociedade","tag-turismo-e-viagem"],"yoast_head":"<!-- This site is optimized with the Yoast SEO plugin v28.4 - https:\/\/yoast.com\/product\/yoast-seo-wordpress\/ -->\n<title>Maratona 42K Terra da Luz re\u00fane esporte, hist\u00f3ria e turismo - Portal Masculino de Moda, Beleza, Luxo and Business - Angel Boss<\/title>\n<meta name=\"robots\" content=\"index, follow, max-snippet:-1, max-image-preview:large, max-video-preview:-1\" \/>\n<link rel=\"canonical\" href=\"https:\/\/angelboss.com.br\/en\/2026\/09\/03\/312523-maratona-42k-terra-da-luz-reune-esporte-historia-e-turismo\/\" \/>\n<meta property=\"og:locale\" content=\"en_US\" \/>\n<meta property=\"og:type\" content=\"article\" \/>\n<meta property=\"og:title\" content=\"Maratona 42K Terra da Luz re\u00fane esporte, hist\u00f3ria e turismo - Portal Masculino de Moda, Beleza, Luxo and Business - Angel Boss\" \/>\n<meta property=\"og:description\" content=\"Fortaleza receber\u00e1 a Maratona 42K Terra da Luz nos dias 5 e 6 de setembro, com provas de 7 km, 21 km e 42 km. A competi\u00e7\u00e3o inclui novidade de desafio de dois dias, permitindo ao atleta combinar a corrida de 7 km com a meia maratona ou a maratona, totalizando 28 km ou 49 km. O evento deve reunir cerca de seis mil corredores, entre eles participantes de outros estados e do exterior.\" \/>\n<meta property=\"og:url\" content=\"https:\/\/angelboss.com.br\/en\/2026\/09\/03\/312523-maratona-42k-terra-da-luz-reune-esporte-historia-e-turismo\/\" \/>\n<meta property=\"og:site_name\" content=\"Portal Masculino de Moda, Beleza, Luxo and Business - Angel Boss\" \/>\n<meta property=\"article:published_time\" content=\"2026-09-03T00:00:00+00:00\" \/>\n<meta property=\"og:image\" content=\"https:\/\/api.dino.com.br\/v2\/news\/tr\/312523?partnerId=4593\" \/>\n<meta name=\"author\" content=\"DINO\" \/>\n<meta name=\"twitter:card\" content=\"summary_large_image\" \/>\n<meta name=\"twitter:label1\" content=\"Written by\" \/>\n\t<meta name=\"twitter:data1\" content=\"DINO\" \/>\n\t<meta name=\"twitter:label2\" content=\"Est. reading time\" \/>\n\t<meta name=\"twitter:data2\" content=\"2 minutes\" \/>\n<script type=\"application\/ld+json\" class=\"yoast-schema-graph\">{\"@context\":\"https:\\\/\\\/schema.org\",\"@graph\":[{\"@type\":\"Article\",\"@id\":\"https:\\\/\\\/angelboss.com.br\\\/2026\\\/09\\\/03\\\/312523-maratona-42k-terra-da-luz-reune-esporte-historia-e-turismo\\\/#article\",\"isPartOf\":{\"@id\":\"https:\\\/\\\/angelboss.com.br\\\/2026\\\/09\\\/03\\\/312523-maratona-42k-terra-da-luz-reune-esporte-historia-e-turismo\\\/\"},\"author\":{\"name\":\"DINO\",\"@id\":\"http:\\\/\\\/angelboss.com.br\\\/#\\\/schema\\\/person\\\/b6676b8d991f97199ef2d5b8e5c2d8a5\"},\"headline\":\"Maratona 42K Terra da Luz re\u00fane esporte, hist\u00f3ria e turismo\",\"datePublished\":\"2026-09-03T00:00:00+00:00\",\"mainEntityOfPage\":{\"@id\":\"https:\\\/\\\/angelboss.com.br\\\/2026\\\/09\\\/03\\\/312523-maratona-42k-terra-da-luz-reune-esporte-historia-e-turismo\\\/\"},\"wordCount\":509,\"commentCount\":0,\"publisher\":{\"@id\":\"http:\\\/\\\/angelboss.com.br\\\/#organization\"},\"image\":{\"@id\":\"https:\\\/\\\/angelboss.com.br\\\/2026\\\/09\\\/03\\\/312523-maratona-42k-terra-da-luz-reune-esporte-historia-e-turismo\\\/#primaryimage\"},\"thumbnailUrl\":\"http:\\\/\\\/angelboss.com.br\\\/wp-content\\\/uploads\\\/2026\\\/09\\\/18921587-bcff-4385-87ae-b29faf7fb920.jpeg\",\"keywords\":[\"ESPORTES\",\"M\u00cdDIA\",\"SA\u00daDE E BEM-ESTAR\",\"SOCIEDADE\",\"TURISMO E VIAGEM\"],\"articleSection\":[\"Not\u00edcias Corporativas\"],\"inLanguage\":\"en-US\",\"potentialAction\":[{\"@type\":\"CommentAction\",\"name\":\"Comment\",\"target\":[\"https:\\\/\\\/angelboss.com.br\\\/2026\\\/09\\\/03\\\/312523-maratona-42k-terra-da-luz-reune-esporte-historia-e-turismo\\\/#respond\"]}]},{\"@type\":\"WebPage\",\"@id\":\"https:\\\/\\\/angelboss.com.br\\\/2026\\\/09\\\/03\\\/312523-maratona-42k-terra-da-luz-reune-esporte-historia-e-turismo\\\/\",\"url\":\"https:\\\/\\\/angelboss.com.br\\\/2026\\\/09\\\/03\\\/312523-maratona-42k-terra-da-luz-reune-esporte-historia-e-turismo\\\/\",\"name\":\"Maratona 42K Terra da Luz re\u00fane esporte, hist\u00f3ria e turismo - Portal Masculino de Moda, Beleza, Luxo and Business - Angel Boss\",\"isPartOf\":{\"@id\":\"http:\\\/\\\/angelboss.com.br\\\/#website\"},\"primaryImageOfPage\":{\"@id\":\"https:\\\/\\\/angelboss.com.br\\\/2026\\\/09\\\/03\\\/312523-maratona-42k-terra-da-luz-reune-esporte-historia-e-turismo\\\/#primaryimage\"},\"image\":{\"@id\":\"https:\\\/\\\/angelboss.com.br\\\/2026\\\/09\\\/03\\\/312523-maratona-42k-terra-da-luz-reune-esporte-historia-e-turismo\\\/#primaryimage\"},\"thumbnailUrl\":\"http:\\\/\\\/angelboss.com.br\\\/wp-content\\\/uploads\\\/2026\\\/09\\\/18921587-bcff-4385-87ae-b29faf7fb920.jpeg\",\"datePublished\":\"2026-09-03T00:00:00+00:00\",\"breadcrumb\":{\"@id\":\"https:\\\/\\\/angelboss.com.br\\\/2026\\\/09\\\/03\\\/312523-maratona-42k-terra-da-luz-reune-esporte-historia-e-turismo\\\/#breadcrumb\"},\"inLanguage\":\"en-US\",\"potentialAction\":[{\"@type\":\"ReadAction\",\"target\":[\"https:\\\/\\\/angelboss.com.br\\\/2026\\\/09\\\/03\\\/312523-maratona-42k-terra-da-luz-reune-esporte-historia-e-turismo\\\/\"]}]},{\"@type\":\"ImageObject\",\"inLanguage\":\"en-US\",\"@id\":\"https:\\\/\\\/angelboss.com.br\\\/2026\\\/09\\\/03\\\/312523-maratona-42k-terra-da-luz-reune-esporte-historia-e-turismo\\\/#primaryimage\",\"url\":\"http:\\\/\\\/angelboss.com.br\\\/wp-content\\\/uploads\\\/2026\\\/09\\\/18921587-bcff-4385-87ae-b29faf7fb920.jpeg\",\"contentUrl\":\"http:\\\/\\\/angelboss.com.br\\\/wp-content\\\/uploads\\\/2026\\\/09\\\/18921587-bcff-4385-87ae-b29faf7fb920.jpeg\",\"width\":533,\"height\":800,\"caption\":\"18921587 bcff 4385 87ae b29faf7fb920\"},{\"@type\":\"BreadcrumbList\",\"@id\":\"https:\\\/\\\/angelboss.com.br\\\/2026\\\/09\\\/03\\\/312523-maratona-42k-terra-da-luz-reune-esporte-historia-e-turismo\\\/#breadcrumb\",\"itemListElement\":[{\"@type\":\"ListItem\",\"position\":1,\"name\":\"In\u00edcio\",\"item\":\"https:\\\/\\\/angelboss.com.br\\\/\"},{\"@type\":\"ListItem\",\"position\":2,\"name\":\"Maratona 42K Terra da Luz re\u00fane esporte, hist\u00f3ria e turismo\"}]},{\"@type\":\"WebSite\",\"@id\":\"http:\\\/\\\/angelboss.com.br\\\/#website\",\"url\":\"http:\\\/\\\/angelboss.com.br\\\/\",\"name\":\"Portal Masculino de Moda, Beleza, Luxo e Business - Angel Boss\",\"description\":\"O Maior Portal sobre Moda, Luxo, Beleza e Business Masculino do Brasil\",\"publisher\":{\"@id\":\"http:\\\/\\\/angelboss.com.br\\\/#organization\"},\"alternateName\":\"Maior Portal e Blog de Beleza Masculina e Luxo\",\"potentialAction\":[{\"@type\":\"SearchAction\",\"target\":{\"@type\":\"EntryPoint\",\"urlTemplate\":\"http:\\\/\\\/angelboss.com.br\\\/?s={search_term_string}\"},\"query-input\":{\"@type\":\"PropertyValueSpecification\",\"valueRequired\":true,\"valueName\":\"search_term_string\"}}],\"inLanguage\":\"en-US\"},{\"@type\":\"Organization\",\"@id\":\"http:\\\/\\\/angelboss.com.br\\\/#organization\",\"name\":\"Portal Masculino de Moda, Beleza, Luxo and Business - Angel Boss\",\"url\":\"http:\\\/\\\/angelboss.com.br\\\/\",\"logo\":{\"@type\":\"ImageObject\",\"inLanguage\":\"en-US\",\"@id\":\"http:\\\/\\\/angelboss.com.br\\\/#\\\/schema\\\/logo\\\/image\\\/\",\"url\":\"https:\\\/\\\/angelboss.com.br\\\/wp-content\\\/uploads\\\/2025\\\/12\\\/WhatsApp-Image-2025-12-11-at-12.54.26.jpeg\",\"contentUrl\":\"https:\\\/\\\/angelboss.com.br\\\/wp-content\\\/uploads\\\/2025\\\/12\\\/WhatsApp-Image-2025-12-11-at-12.54.26.jpeg\",\"width\":1280,\"height\":1280,\"caption\":\"Portal Masculino de Moda, Beleza, Luxo and Business - Angel Boss\"},\"image\":{\"@id\":\"http:\\\/\\\/angelboss.com.br\\\/#\\\/schema\\\/logo\\\/image\\\/\"}},{\"@type\":\"Person\",\"@id\":\"http:\\\/\\\/angelboss.com.br\\\/#\\\/schema\\\/person\\\/b6676b8d991f97199ef2d5b8e5c2d8a5\",\"name\":\"DINO\",\"image\":{\"@type\":\"ImageObject\",\"inLanguage\":\"en-US\",\"@id\":\"https:\\\/\\\/secure.gravatar.com\\\/avatar\\\/f29568383aedf96da155b6f87103b0e04b1c662f982055cda25086444ab33ff8?s=96&d=mm&r=g\",\"url\":\"https:\\\/\\\/secure.gravatar.com\\\/avatar\\\/f29568383aedf96da155b6f87103b0e04b1c662f982055cda25086444ab33ff8?s=96&d=mm&r=g\",\"contentUrl\":\"https:\\\/\\\/secure.gravatar.com\\\/avatar\\\/f29568383aedf96da155b6f87103b0e04b1c662f982055cda25086444ab33ff8?s=96&d=mm&r=g\",\"caption\":\"DINO\"},\"url\":\"http:\\\/\\\/angelboss.com.br\\\/en\\\/author\\\/DINO\\\/\"}]}<\/script>\n<!-- \/ Yoast SEO plugin. -->","yoast_head_json":{"title":"Maratona 42K Terra da Luz re\u00fane esporte, hist\u00f3ria e turismo - Portal Masculino de Moda, Beleza, Luxo and Business - Angel Boss","robots":{"index":"index","follow":"follow","max-snippet":"max-snippet:-1","max-image-preview":"max-image-preview:large","max-video-preview":"max-video-preview:-1"},"canonical":"https:\/\/angelboss.com.br\/en\/2026\/09\/03\/312523-maratona-42k-terra-da-luz-reune-esporte-historia-e-turismo\/","og_locale":"en_US","og_type":"article","og_title":"Maratona 42K Terra da Luz re\u00fane esporte, hist\u00f3ria e turismo - Portal Masculino de Moda, Beleza, Luxo and Business - Angel Boss","og_description":"Fortaleza receber\u00e1 a Maratona 42K Terra da Luz nos dias 5 e 6 de setembro, com provas de 7 km, 21 km e 42 km. A competi\u00e7\u00e3o inclui novidade de desafio de dois dias, permitindo ao atleta combinar a corrida de 7 km com a meia maratona ou a maratona, totalizando 28 km ou 49 km. O evento deve reunir cerca de seis mil corredores, entre eles participantes de outros estados e do exterior.","og_url":"https:\/\/angelboss.com.br\/en\/2026\/09\/03\/312523-maratona-42k-terra-da-luz-reune-esporte-historia-e-turismo\/","og_site_name":"Portal Masculino de Moda, Beleza, Luxo and Business - Angel Boss","article_published_time":"2026-09-03T00:00:00+00:00","og_image":[{"url":"https:\/\/api.dino.com.br\/v2\/news\/tr\/312523?partnerId=4593","type":"","width":"","height":""}],"author":"DINO","twitter_card":"summary_large_image","twitter_misc":{"Written by":"DINO","Est. reading time":"2 minutes"},"schema":{"@context":"https:\/\/schema.org","@graph":[{"@type":"Article","@id":"https:\/\/angelboss.com.br\/2026\/09\/03\/312523-maratona-42k-terra-da-luz-reune-esporte-historia-e-turismo\/#article","isPartOf":{"@id":"https:\/\/angelboss.com.br\/2026\/09\/03\/312523-maratona-42k-terra-da-luz-reune-esporte-historia-e-turismo\/"},"author":{"name":"DINO","@id":"http:\/\/angelboss.com.br\/#\/schema\/person\/b6676b8d991f97199ef2d5b8e5c2d8a5"},"headline":"Maratona 42K Terra da Luz re\u00fane esporte, hist\u00f3ria e turismo","datePublished":"2026-09-03T00:00:00+00:00","mainEntityOfPage":{"@id":"https:\/\/angelboss.com.br\/2026\/09\/03\/312523-maratona-42k-terra-da-luz-reune-esporte-historia-e-turismo\/"},"wordCount":509,"commentCount":0,"publisher":{"@id":"http:\/\/angelboss.com.br\/#organization"},"image":{"@id":"https:\/\/angelboss.com.br\/2026\/09\/03\/312523-maratona-42k-terra-da-luz-reune-esporte-historia-e-turismo\/#primaryimage"},"thumbnailUrl":"http:\/\/angelboss.com.br\/wp-content\/uploads\/2026\/09\/18921587-bcff-4385-87ae-b29faf7fb920.jpeg","keywords":["ESPORTES","M\u00cdDIA","SA\u00daDE E BEM-ESTAR","SOCIEDADE","TURISMO E VIAGEM"],"articleSection":["Not\u00edcias Corporativas"],"inLanguage":"en-US","potentialAction":[{"@type":"CommentAction","name":"Comment","target":["https:\/\/angelboss.com.br\/2026\/09\/03\/312523-maratona-42k-terra-da-luz-reune-esporte-historia-e-turismo\/#respond"]}]},{"@type":"WebPage","@id":"https:\/\/angelboss.com.br\/2026\/09\/03\/312523-maratona-42k-terra-da-luz-reune-esporte-historia-e-turismo\/","url":"https:\/\/angelboss.com.br\/2026\/09\/03\/312523-maratona-42k-terra-da-luz-reune-esporte-historia-e-turismo\/","name":"Maratona 42K Terra da Luz re\u00fane esporte, hist\u00f3ria e turismo - Portal Masculino de Moda, Beleza, Luxo and Business - Angel Boss","isPartOf":{"@id":"http:\/\/angelboss.com.br\/#website"},"primaryImageOfPage":{"@id":"https:\/\/angelboss.com.br\/2026\/09\/03\/312523-maratona-42k-terra-da-luz-reune-esporte-historia-e-turismo\/#primaryimage"},"image":{"@id":"https:\/\/angelboss.com.br\/2026\/09\/03\/312523-maratona-42k-terra-da-luz-reune-esporte-historia-e-turismo\/#primaryimage"},"thumbnailUrl":"http:\/\/angelboss.com.br\/wp-content\/uploads\/2026\/09\/18921587-bcff-4385-87ae-b29faf7fb920.jpeg","datePublished":"2026-09-03T00:00:00+00:00","breadcrumb":{"@id":"https:\/\/angelboss.com.br\/2026\/09\/03\/312523-maratona-42k-terra-da-luz-reune-esporte-historia-e-turismo\/#breadcrumb"},"inLanguage":"en-US","potentialAction":[{"@type":"ReadAction","target":["https:\/\/angelboss.com.br\/2026\/09\/03\/312523-maratona-42k-terra-da-luz-reune-esporte-historia-e-turismo\/"]}]},{"@type":"ImageObject","inLanguage":"en-US","@id":"https:\/\/angelboss.com.br\/2026\/09\/03\/312523-maratona-42k-terra-da-luz-reune-esporte-historia-e-turismo\/#primaryimage","url":"http:\/\/angelboss.com.br\/wp-content\/uploads\/2026\/09\/18921587-bcff-4385-87ae-b29faf7fb920.jpeg","contentUrl":"http:\/\/angelboss.com.br\/wp-content\/uploads\/2026\/09\/18921587-bcff-4385-87ae-b29faf7fb920.jpeg","width":533,"height":800,"caption":"18921587 bcff 4385 87ae b29faf7fb920"},{"@type":"BreadcrumbList","@id":"https:\/\/angelboss.com.br\/2026\/09\/03\/312523-maratona-42k-terra-da-luz-reune-esporte-historia-e-turismo\/#breadcrumb","itemListElement":[{"@type":"ListItem","position":1,"name":"In\u00edcio","item":"https:\/\/angelboss.com.br\/"},{"@type":"ListItem","position":2,"name":"Maratona 42K Terra da Luz re\u00fane esporte, hist\u00f3ria e turismo"}]},{"@type":"WebSite","@id":"http:\/\/angelboss.com.br\/#website","url":"http:\/\/angelboss.com.br\/","name":"Portal Masculino de Moda, Beleza, Luxo e Business - Angel Boss","description":"O Maior Portal sobre Moda, Luxo, Beleza e Business Masculino do Brasil","publisher":{"@id":"http:\/\/angelboss.com.br\/#organization"},"alternateName":"Maior Portal e Blog de Beleza Masculina e Luxo","potentialAction":[{"@type":"SearchAction","target":{"@type":"EntryPoint","urlTemplate":"http:\/\/angelboss.com.br\/?s={search_term_string}"},"query-input":{"@type":"PropertyValueSpecification","valueRequired":true,"valueName":"search_term_string"}}],"inLanguage":"en-US"},{"@type":"Organization","@id":"http:\/\/angelboss.com.br\/#organization","name":"Portal Masculino de Moda, Beleza, Luxo and Business - Angel Boss","url":"http:\/\/angelboss.com.br\/","logo":{"@type":"ImageObject","inLanguage":"en-US","@id":"http:\/\/angelboss.com.br\/#\/schema\/logo\/image\/","url":"https:\/\/angelboss.com.br\/wp-content\/uploads\/2025\/12\/WhatsApp-Image-2025-12-11-at-12.54.26.jpeg","contentUrl":"https:\/\/angelboss.com.br\/wp-content\/uploads\/2025\/12\/WhatsApp-Image-2025-12-11-at-12.54.26.jpeg","width":1280,"height":1280,"caption":"Portal Masculino de Moda, Beleza, Luxo and Business - Angel Boss"},"image":{"@id":"http:\/\/angelboss.com.br\/#\/schema\/logo\/image\/"}},{"@type":"Person","@id":"http:\/\/angelboss.com.br\/#\/schema\/person\/b6676b8d991f97199ef2d5b8e5c2d8a5","name":"DINO","image":{"@type":"ImageObject","inLanguage":"en-US","@id":"https:\/\/secure.gravatar.com\/avatar\/f29568383aedf96da155b6f87103b0e04b1c662f982055cda25086444ab33ff8?s=96&d=mm&r=g","url":"https:\/\/secure.gravatar.com\/avatar\/f29568383aedf96da155b6f87103b0e04b1c662f982055cda25086444ab33ff8?s=96&d=mm&r=g","contentUrl":"https:\/\/secure.gravatar.com\/avatar\/f29568383aedf96da155b6f87103b0e04b1c662f982055cda25086444ab33ff8?s=96&d=mm&r=g","caption":"DINO"},"url":"http:\/\/angelboss.com.br\/en\/author\/DINO\/"}]}},"amp_enabled":true,"_links":{"self":[{"href":"http:\/\/angelboss.com.br\/en\/wp-json\/wp\/v2\/posts\/35071","targetHints":{"allow":["GET"]}}],"collection":[{"href":"http:\/\/angelboss.com.br\/en\/wp-json\/wp\/v2\/posts"}],"about":[{"href":"http:\/\/angelboss.com.br\/en\/wp-json\/wp\/v2\/types\/post"}],"author":[{"embeddable":true,"href":"http:\/\/angelboss.com.br\/en\/wp-json\/wp\/v2\/users\/3"}],"replies":[{"embeddable":true,"href":"http:\/\/angelboss.com.br\/en\/wp-json\/wp\/v2\/comments?post=35071"}],"version-history":[{"count":0,"href":"http:\/\/angelboss.com.br\/en\/wp-json\/wp\/v2\/posts\/35071\/revisions"}],"wp:featuredmedia":[{"embeddable":true,"href":"http:\/\/angelboss.com.br\/en\/wp-json\/wp\/v2\/media\/35072"}],"wp:attachment":[{"href":"http:\/\/angelboss.com.br\/en\/wp-json\/wp\/v2\/media?parent=35071"}],"wp:term":[{"taxonomy":"category","embeddable":true,"href":"http:\/\/angelboss.com.br\/en\/wp-json\/wp\/v2\/categories?post=35071"},{"taxonomy":"post_tag","embeddable":true,"href":"http:\/\/angelboss.com.br\/en\/wp-json\/wp\/v2\/tags?post=35071"}],"curies":[{"name":"wp","href":"https:\/\/api.w.org\/{rel}","templated":true}]}}