{"id":35047,"date":"2026-09-03T00:00:00","date_gmt":"2026-09-03T00:00:00","guid":{"rendered":"https:\/\/angelboss.com.br\/2026\/09\/03\/321812-mondial-ganha-premio-mesc-em-air-fryer-e-ventilacao\/"},"modified":"2026-09-03T00:00:00","modified_gmt":"2026-09-03T00:00:00","slug":"321812-mondial-ganha-premio-mesc-em-air-fryer-e-ventilacao","status":"publish","type":"post","link":"http:\/\/angelboss.com.br\/en\/2026\/09\/03\/321812-mondial-ganha-premio-mesc-em-air-fryer-e-ventilacao\/","title":{"rendered":"Mondial ganha Pr\u00eamio MESC em Air Fryer e Ventila\u00e7\u00e3o"},"content":{"rendered":"<p>A Mondial, empresa nacional de eletrodom\u00e9sticos port\u00e1teis, recebeu na edi\u00e7\u00e3o 2026 do Pr\u00eamio MESC os trof\u00e9us de Melhor Empresa de Air Fryer e Melhor Empresa em Ventila\u00e7\u00e3o. A cerim\u00f4nia de entrega ocorreu em S\u00e3o Paulo, no dia 2 de setembro, com a presen\u00e7a de representantes da empresa e do Instituto MESC.<\/p>\n<p>O pr\u00eamio baseou\u2011se na M\u00e9dia MESC, que combina o \u00cdndice de Satisfa\u00e7\u00e3o do Cliente (ISC) e a Auditoria de Efic\u00e1cia das Pr\u00e1ticas (AP). A Mondial atingiu 84,22% na categoria Air Fryer e 89,32% na categoria Ventila\u00e7\u00e3o, valores superiores ao limite de 80% exigido para certifica\u00e7\u00e3o. Al\u00e9m dos trof\u00e9us setoriais, a empresa foi destacada como Melhor Atendimento no ranking geral do Pr\u00eamio MESC 2026, refor\u00e7ando a consist\u00eancia de suas pr\u00e1ticas de relacionamento com o consumidor.<\/p>\n<p>Para Giovanni M. Cardoso, cofundador da Mondial, os reconhecimentos refletem uma estrat\u00e9gia que coloca o consumidor no centro das decis\u00f5es da empresa. &quot;Receber novamente esse reconhecimento do Instituto MESC, em categorias t\u00e3o importantes, demonstra que estamos no caminho certo ao manter o consumidor no centro das nossas decis\u00f5es. Trabalhamos continuamente para oferecer produtos de alta qualidade que atendam \u00e0s necessidades, ao mesmo tempo, com uma experi\u00eancia de atendimento cada vez mais pr\u00f3xima, eficiente e resolutiva. Esse resultado \u00e9 fruto do trabalho dos nossos 7.500 colaboradores diretos e do nosso DNA de atender as reais necessidades dos consumidores, sempre com vis\u00e3o positiva, foco no essencial e melhoria cont\u00ednua&quot;, afirma Giovanni.<\/p>\n<p>A cerim\u00f4nia contou com a presen\u00e7a do cofundador Giovanni Cardoso, Silvia Arassiro, Diretora de P\u00f3s-vendas, Deise Amorim, Head de Inova\u00e7\u00e3o e Trade Marketing Latam, Flavio Jarava, gerente de P\u00f3s-vendas, Let\u00edcia Feliciano, Coordenadora de Marketing, al\u00e9m das equipes de Comunica\u00e7\u00e3o e P\u00f3s-vendas.<\/p>\n<p>A Mondial mant\u00e9m estrutura pr\u00f3pria de Atendimento ao Consumidor, monitorando intera\u00e7\u00f5es em m\u00faltiplos canais para identificar oportunidades de melhoria em processos, produtos e servi\u00e7os. Segundo a empresa, a&nbsp;iniciativa permite aprimorar processos, produtos e servi\u00e7os a partir das demandas apresentadas pelos clientes.<\/p>\n<p>O Instituto MESC desenvolveu uma tecnologia de intelig\u00eancia artificial que consolida opini\u00f5es registradas espontaneamente pelos clientes em diversos canais. O sistema identifica feedbacks positivos e negativos e os classifica em 22 temas comportamentais avaliados pela metodologia do MESC. A certifica\u00e7\u00e3o \u00e9 concedida apenas \u00e0s empresas que atingem \u00edndice de satisfa\u00e7\u00e3o igual ou superior a 80%.<\/p>\n<p><img src='https:\/\/api.dino.com.br\/v2\/news\/tr\/321812?partnerId=4593' alt=\"\" style=\"border:0px;width:1px;height:1px;\" \/><\/p>","protected":false},"excerpt":{"rendered":"<p>A Mondial recebeu, na edi\u00e7\u00e3o 2026 do Pr\u00eamio MESC, os trof\u00e9us de Melhor Empresa de Air Fryer e Melhor Empresa em Ventila\u00e7\u00e3o, com m\u00e9dias de 84,22% e 89,32% respectivamente, al\u00e9m do destaque de Melhor Atendimento. O reconhecimento foi anunciado em cerim\u00f4nia realizada em S\u00e3o Paulo no dia 2 de setembro.<\/p>","protected":false},"author":3,"featured_media":35048,"comment_status":"open","ping_status":"open","sticky":false,"template":"","format":"standard","meta":{"_seopress_titles_title":"","_seopress_titles_desc":"","_seopress_robots_index":"","_seopress_robots_follow":"","_seopress_robots_imageindex":"","_seopress_robots_snippet":"","_seopress_robots_primary_cat":"","_seopress_robots_breadcrumbs":"","_seopress_robots_freeze_modified_date":"","_seopress_robots_custom_modified_date":"","_seopress_robots_canonical":"","_seopress_social_fb_title":"","_seopress_social_fb_desc":"","_seopress_social_fb_img":"","_seopress_social_fb_img_attachment_id":0,"_seopress_social_fb_img_width":0,"_seopress_social_fb_img_height":0,"_seopress_social_twitter_title":"","_seopress_social_twitter_desc":"","_seopress_social_twitter_img":"","_seopress_social_twitter_img_attachment_id":0,"_seopress_social_twitter_img_width":0,"_seopress_social_twitter_img_height":0,"_seopress_redirections_value":"","_seopress_redirections_enabled":"","_seopress_redirections_enabled_regex":"","_seopress_redirections_logged_status":"","_seopress_redirections_param":"","_seopress_redirections_type":0,"_seopress_analysis_target_kw":"","page_builder":"","footnotes":""},"categories":[315],"tags":[350,341,410,324,323],"class_list":["post-35047","post","type-post","status-publish","format-standard","has-post-thumbnail","category-noticias-corporativas-dino","tag-comunicacao","tag-economia","tag-industria-de-duraveis","tag-negocios","tag-tecnologia"],"yoast_head":"<!-- This site is optimized with the Yoast SEO plugin v28.4 - https:\/\/yoast.com\/product\/yoast-seo-wordpress\/ -->\n<title>Mondial ganha Pr\u00eamio MESC em Air Fryer e Ventila\u00e7\u00e3o - Portal Masculino de Moda, Beleza, Luxo and Business - Angel Boss<\/title>\n<meta name=\"robots\" content=\"index, follow, max-snippet:-1, max-image-preview:large, max-video-preview:-1\" \/>\n<link rel=\"canonical\" href=\"https:\/\/angelboss.com.br\/en\/2026\/09\/03\/321812-mondial-ganha-premio-mesc-em-air-fryer-e-ventilacao\/\" \/>\n<meta property=\"og:locale\" content=\"en_US\" \/>\n<meta property=\"og:type\" content=\"article\" \/>\n<meta property=\"og:title\" content=\"Mondial ganha Pr\u00eamio MESC em Air Fryer e Ventila\u00e7\u00e3o - Portal Masculino de Moda, Beleza, Luxo and Business - Angel Boss\" \/>\n<meta property=\"og:description\" content=\"A Mondial recebeu, na edi\u00e7\u00e3o 2026 do Pr\u00eamio MESC, os trof\u00e9us de Melhor Empresa de Air Fryer e Melhor Empresa em Ventila\u00e7\u00e3o, com m\u00e9dias de 84,22% e 89,32% respectivamente, al\u00e9m do destaque de Melhor Atendimento. O reconhecimento foi anunciado em cerim\u00f4nia realizada em S\u00e3o Paulo no dia 2 de setembro.\" \/>\n<meta property=\"og:url\" content=\"https:\/\/angelboss.com.br\/en\/2026\/09\/03\/321812-mondial-ganha-premio-mesc-em-air-fryer-e-ventilacao\/\" \/>\n<meta property=\"og:site_name\" content=\"Portal Masculino de Moda, Beleza, Luxo and Business - Angel Boss\" \/>\n<meta property=\"article:published_time\" content=\"2026-09-03T00:00:00+00:00\" \/>\n<meta property=\"og:image\" content=\"https:\/\/api.dino.com.br\/v2\/news\/tr\/321812?partnerId=4593\" \/>\n<meta name=\"author\" content=\"DINO\" \/>\n<meta name=\"twitter:card\" content=\"summary_large_image\" \/>\n<meta name=\"twitter:label1\" content=\"Written by\" \/>\n\t<meta name=\"twitter:data1\" content=\"DINO\" \/>\n\t<meta name=\"twitter:label2\" content=\"Est. reading time\" \/>\n\t<meta name=\"twitter:data2\" content=\"2 minutes\" \/>\n<script type=\"application\/ld+json\" class=\"yoast-schema-graph\">{\"@context\":\"https:\\\/\\\/schema.org\",\"@graph\":[{\"@type\":\"Article\",\"@id\":\"https:\\\/\\\/angelboss.com.br\\\/2026\\\/09\\\/03\\\/321812-mondial-ganha-premio-mesc-em-air-fryer-e-ventilacao\\\/#article\",\"isPartOf\":{\"@id\":\"https:\\\/\\\/angelboss.com.br\\\/2026\\\/09\\\/03\\\/321812-mondial-ganha-premio-mesc-em-air-fryer-e-ventilacao\\\/\"},\"author\":{\"name\":\"DINO\",\"@id\":\"https:\\\/\\\/angelboss.com.br\\\/#\\\/schema\\\/person\\\/b6676b8d991f97199ef2d5b8e5c2d8a5\"},\"headline\":\"Mondial ganha Pr\u00eamio MESC em Air Fryer e Ventila\u00e7\u00e3o\",\"datePublished\":\"2026-09-03T00:00:00+00:00\",\"mainEntityOfPage\":{\"@id\":\"https:\\\/\\\/angelboss.com.br\\\/2026\\\/09\\\/03\\\/321812-mondial-ganha-premio-mesc-em-air-fryer-e-ventilacao\\\/\"},\"wordCount\":425,\"commentCount\":0,\"publisher\":{\"@id\":\"https:\\\/\\\/angelboss.com.br\\\/#organization\"},\"image\":{\"@id\":\"https:\\\/\\\/angelboss.com.br\\\/2026\\\/09\\\/03\\\/321812-mondial-ganha-premio-mesc-em-air-fryer-e-ventilacao\\\/#primaryimage\"},\"thumbnailUrl\":\"http:\\\/\\\/angelboss.com.br\\\/wp-content\\\/uploads\\\/2026\\\/09\\\/2c5cd179-4c40-4c81-957a-a1132117fba7.jpeg\",\"keywords\":[\"COMUNICA\u00c7\u00c3O\",\"ECONOMIA\",\"IND\u00daSTRIA DE DUR\u00c1VEIS\",\"NEG\u00d3CIOS\",\"TECNOLOGIA\"],\"articleSection\":[\"Not\u00edcias Corporativas\"],\"inLanguage\":\"en-US\",\"potentialAction\":[{\"@type\":\"CommentAction\",\"name\":\"Comment\",\"target\":[\"https:\\\/\\\/angelboss.com.br\\\/2026\\\/09\\\/03\\\/321812-mondial-ganha-premio-mesc-em-air-fryer-e-ventilacao\\\/#respond\"]}]},{\"@type\":\"WebPage\",\"@id\":\"https:\\\/\\\/angelboss.com.br\\\/2026\\\/09\\\/03\\\/321812-mondial-ganha-premio-mesc-em-air-fryer-e-ventilacao\\\/\",\"url\":\"https:\\\/\\\/angelboss.com.br\\\/2026\\\/09\\\/03\\\/321812-mondial-ganha-premio-mesc-em-air-fryer-e-ventilacao\\\/\",\"name\":\"Mondial ganha Pr\u00eamio MESC em Air Fryer e Ventila\u00e7\u00e3o - Portal Masculino de Moda, Beleza, Luxo and Business - Angel Boss\",\"isPartOf\":{\"@id\":\"https:\\\/\\\/angelboss.com.br\\\/#website\"},\"primaryImageOfPage\":{\"@id\":\"https:\\\/\\\/angelboss.com.br\\\/2026\\\/09\\\/03\\\/321812-mondial-ganha-premio-mesc-em-air-fryer-e-ventilacao\\\/#primaryimage\"},\"image\":{\"@id\":\"https:\\\/\\\/angelboss.com.br\\\/2026\\\/09\\\/03\\\/321812-mondial-ganha-premio-mesc-em-air-fryer-e-ventilacao\\\/#primaryimage\"},\"thumbnailUrl\":\"http:\\\/\\\/angelboss.com.br\\\/wp-content\\\/uploads\\\/2026\\\/09\\\/2c5cd179-4c40-4c81-957a-a1132117fba7.jpeg\",\"datePublished\":\"2026-09-03T00:00:00+00:00\",\"breadcrumb\":{\"@id\":\"https:\\\/\\\/angelboss.com.br\\\/2026\\\/09\\\/03\\\/321812-mondial-ganha-premio-mesc-em-air-fryer-e-ventilacao\\\/#breadcrumb\"},\"inLanguage\":\"en-US\",\"potentialAction\":[{\"@type\":\"ReadAction\",\"target\":[\"https:\\\/\\\/angelboss.com.br\\\/2026\\\/09\\\/03\\\/321812-mondial-ganha-premio-mesc-em-air-fryer-e-ventilacao\\\/\"]}]},{\"@type\":\"ImageObject\",\"inLanguage\":\"en-US\",\"@id\":\"https:\\\/\\\/angelboss.com.br\\\/2026\\\/09\\\/03\\\/321812-mondial-ganha-premio-mesc-em-air-fryer-e-ventilacao\\\/#primaryimage\",\"url\":\"http:\\\/\\\/angelboss.com.br\\\/wp-content\\\/uploads\\\/2026\\\/09\\\/2c5cd179-4c40-4c81-957a-a1132117fba7.jpeg\",\"contentUrl\":\"http:\\\/\\\/angelboss.com.br\\\/wp-content\\\/uploads\\\/2026\\\/09\\\/2c5cd179-4c40-4c81-957a-a1132117fba7.jpeg\",\"width\":1032,\"height\":800,\"caption\":\"2c5cd179 4c40 4c81 957a a1132117fba7\"},{\"@type\":\"BreadcrumbList\",\"@id\":\"https:\\\/\\\/angelboss.com.br\\\/2026\\\/09\\\/03\\\/321812-mondial-ganha-premio-mesc-em-air-fryer-e-ventilacao\\\/#breadcrumb\",\"itemListElement\":[{\"@type\":\"ListItem\",\"position\":1,\"name\":\"In\u00edcio\",\"item\":\"https:\\\/\\\/angelboss.com.br\\\/\"},{\"@type\":\"ListItem\",\"position\":2,\"name\":\"Mondial ganha Pr\u00eamio MESC em Air Fryer e Ventila\u00e7\u00e3o\"}]},{\"@type\":\"WebSite\",\"@id\":\"https:\\\/\\\/angelboss.com.br\\\/#website\",\"url\":\"https:\\\/\\\/angelboss.com.br\\\/\",\"name\":\"Portal Masculino de Moda, Beleza, Luxo e Business - Angel Boss\",\"description\":\"O Maior Portal sobre Moda, Luxo, Beleza e Business Masculino do Brasil\",\"publisher\":{\"@id\":\"https:\\\/\\\/angelboss.com.br\\\/#organization\"},\"alternateName\":\"Maior Portal e Blog de Beleza Masculina e Luxo\",\"potentialAction\":[{\"@type\":\"SearchAction\",\"target\":{\"@type\":\"EntryPoint\",\"urlTemplate\":\"https:\\\/\\\/angelboss.com.br\\\/?s={search_term_string}\"},\"query-input\":{\"@type\":\"PropertyValueSpecification\",\"valueRequired\":true,\"valueName\":\"search_term_string\"}}],\"inLanguage\":\"en-US\"},{\"@type\":\"Organization\",\"@id\":\"https:\\\/\\\/angelboss.com.br\\\/#organization\",\"name\":\"Portal Masculino de Moda, Beleza, Luxo and Business - Angel Boss\",\"url\":\"https:\\\/\\\/angelboss.com.br\\\/\",\"logo\":{\"@type\":\"ImageObject\",\"inLanguage\":\"en-US\",\"@id\":\"https:\\\/\\\/angelboss.com.br\\\/#\\\/schema\\\/logo\\\/image\\\/\",\"url\":\"https:\\\/\\\/angelboss.com.br\\\/wp-content\\\/uploads\\\/2025\\\/12\\\/WhatsApp-Image-2025-12-11-at-12.54.26.jpeg\",\"contentUrl\":\"https:\\\/\\\/angelboss.com.br\\\/wp-content\\\/uploads\\\/2025\\\/12\\\/WhatsApp-Image-2025-12-11-at-12.54.26.jpeg\",\"width\":1280,\"height\":1280,\"caption\":\"Portal Masculino de Moda, Beleza, Luxo and Business - Angel Boss\"},\"image\":{\"@id\":\"https:\\\/\\\/angelboss.com.br\\\/#\\\/schema\\\/logo\\\/image\\\/\"}},{\"@type\":\"Person\",\"@id\":\"https:\\\/\\\/angelboss.com.br\\\/#\\\/schema\\\/person\\\/b6676b8d991f97199ef2d5b8e5c2d8a5\",\"name\":\"DINO\",\"image\":{\"@type\":\"ImageObject\",\"inLanguage\":\"en-US\",\"@id\":\"https:\\\/\\\/secure.gravatar.com\\\/avatar\\\/f29568383aedf96da155b6f87103b0e04b1c662f982055cda25086444ab33ff8?s=96&d=mm&r=g\",\"url\":\"https:\\\/\\\/secure.gravatar.com\\\/avatar\\\/f29568383aedf96da155b6f87103b0e04b1c662f982055cda25086444ab33ff8?s=96&d=mm&r=g\",\"contentUrl\":\"https:\\\/\\\/secure.gravatar.com\\\/avatar\\\/f29568383aedf96da155b6f87103b0e04b1c662f982055cda25086444ab33ff8?s=96&d=mm&r=g\",\"caption\":\"DINO\"},\"url\":\"http:\\\/\\\/angelboss.com.br\\\/en\\\/author\\\/DINO\\\/\"}]}<\/script>\n<!-- \/ Yoast SEO plugin. -->","yoast_head_json":{"title":"Mondial ganha Pr\u00eamio MESC em Air Fryer e Ventila\u00e7\u00e3o - Portal Masculino de Moda, Beleza, Luxo and Business - Angel Boss","robots":{"index":"index","follow":"follow","max-snippet":"max-snippet:-1","max-image-preview":"max-image-preview:large","max-video-preview":"max-video-preview:-1"},"canonical":"https:\/\/angelboss.com.br\/en\/2026\/09\/03\/321812-mondial-ganha-premio-mesc-em-air-fryer-e-ventilacao\/","og_locale":"en_US","og_type":"article","og_title":"Mondial ganha Pr\u00eamio MESC em Air Fryer e Ventila\u00e7\u00e3o - Portal Masculino de Moda, Beleza, Luxo and Business - Angel Boss","og_description":"A Mondial recebeu, na edi\u00e7\u00e3o 2026 do Pr\u00eamio MESC, os trof\u00e9us de Melhor Empresa de Air Fryer e Melhor Empresa em Ventila\u00e7\u00e3o, com m\u00e9dias de 84,22% e 89,32% respectivamente, al\u00e9m do destaque de Melhor Atendimento. O reconhecimento foi anunciado em cerim\u00f4nia realizada em S\u00e3o Paulo no dia 2 de setembro.","og_url":"https:\/\/angelboss.com.br\/en\/2026\/09\/03\/321812-mondial-ganha-premio-mesc-em-air-fryer-e-ventilacao\/","og_site_name":"Portal Masculino de Moda, Beleza, Luxo and Business - Angel Boss","article_published_time":"2026-09-03T00:00:00+00:00","og_image":[{"url":"https:\/\/api.dino.com.br\/v2\/news\/tr\/321812?partnerId=4593","type":"","width":"","height":""}],"author":"DINO","twitter_card":"summary_large_image","twitter_misc":{"Written by":"DINO","Est. reading time":"2 minutes"},"schema":{"@context":"https:\/\/schema.org","@graph":[{"@type":"Article","@id":"https:\/\/angelboss.com.br\/2026\/09\/03\/321812-mondial-ganha-premio-mesc-em-air-fryer-e-ventilacao\/#article","isPartOf":{"@id":"https:\/\/angelboss.com.br\/2026\/09\/03\/321812-mondial-ganha-premio-mesc-em-air-fryer-e-ventilacao\/"},"author":{"name":"DINO","@id":"https:\/\/angelboss.com.br\/#\/schema\/person\/b6676b8d991f97199ef2d5b8e5c2d8a5"},"headline":"Mondial ganha Pr\u00eamio MESC em Air Fryer e Ventila\u00e7\u00e3o","datePublished":"2026-09-03T00:00:00+00:00","mainEntityOfPage":{"@id":"https:\/\/angelboss.com.br\/2026\/09\/03\/321812-mondial-ganha-premio-mesc-em-air-fryer-e-ventilacao\/"},"wordCount":425,"commentCount":0,"publisher":{"@id":"https:\/\/angelboss.com.br\/#organization"},"image":{"@id":"https:\/\/angelboss.com.br\/2026\/09\/03\/321812-mondial-ganha-premio-mesc-em-air-fryer-e-ventilacao\/#primaryimage"},"thumbnailUrl":"http:\/\/angelboss.com.br\/wp-content\/uploads\/2026\/09\/2c5cd179-4c40-4c81-957a-a1132117fba7.jpeg","keywords":["COMUNICA\u00c7\u00c3O","ECONOMIA","IND\u00daSTRIA DE DUR\u00c1VEIS","NEG\u00d3CIOS","TECNOLOGIA"],"articleSection":["Not\u00edcias Corporativas"],"inLanguage":"en-US","potentialAction":[{"@type":"CommentAction","name":"Comment","target":["https:\/\/angelboss.com.br\/2026\/09\/03\/321812-mondial-ganha-premio-mesc-em-air-fryer-e-ventilacao\/#respond"]}]},{"@type":"WebPage","@id":"https:\/\/angelboss.com.br\/2026\/09\/03\/321812-mondial-ganha-premio-mesc-em-air-fryer-e-ventilacao\/","url":"https:\/\/angelboss.com.br\/2026\/09\/03\/321812-mondial-ganha-premio-mesc-em-air-fryer-e-ventilacao\/","name":"Mondial ganha Pr\u00eamio MESC em Air Fryer e Ventila\u00e7\u00e3o - Portal Masculino de Moda, Beleza, Luxo and Business - Angel Boss","isPartOf":{"@id":"https:\/\/angelboss.com.br\/#website"},"primaryImageOfPage":{"@id":"https:\/\/angelboss.com.br\/2026\/09\/03\/321812-mondial-ganha-premio-mesc-em-air-fryer-e-ventilacao\/#primaryimage"},"image":{"@id":"https:\/\/angelboss.com.br\/2026\/09\/03\/321812-mondial-ganha-premio-mesc-em-air-fryer-e-ventilacao\/#primaryimage"},"thumbnailUrl":"http:\/\/angelboss.com.br\/wp-content\/uploads\/2026\/09\/2c5cd179-4c40-4c81-957a-a1132117fba7.jpeg","datePublished":"2026-09-03T00:00:00+00:00","breadcrumb":{"@id":"https:\/\/angelboss.com.br\/2026\/09\/03\/321812-mondial-ganha-premio-mesc-em-air-fryer-e-ventilacao\/#breadcrumb"},"inLanguage":"en-US","potentialAction":[{"@type":"ReadAction","target":["https:\/\/angelboss.com.br\/2026\/09\/03\/321812-mondial-ganha-premio-mesc-em-air-fryer-e-ventilacao\/"]}]},{"@type":"ImageObject","inLanguage":"en-US","@id":"https:\/\/angelboss.com.br\/2026\/09\/03\/321812-mondial-ganha-premio-mesc-em-air-fryer-e-ventilacao\/#primaryimage","url":"http:\/\/angelboss.com.br\/wp-content\/uploads\/2026\/09\/2c5cd179-4c40-4c81-957a-a1132117fba7.jpeg","contentUrl":"http:\/\/angelboss.com.br\/wp-content\/uploads\/2026\/09\/2c5cd179-4c40-4c81-957a-a1132117fba7.jpeg","width":1032,"height":800,"caption":"2c5cd179 4c40 4c81 957a a1132117fba7"},{"@type":"BreadcrumbList","@id":"https:\/\/angelboss.com.br\/2026\/09\/03\/321812-mondial-ganha-premio-mesc-em-air-fryer-e-ventilacao\/#breadcrumb","itemListElement":[{"@type":"ListItem","position":1,"name":"In\u00edcio","item":"https:\/\/angelboss.com.br\/"},{"@type":"ListItem","position":2,"name":"Mondial ganha Pr\u00eamio MESC em Air Fryer e Ventila\u00e7\u00e3o"}]},{"@type":"WebSite","@id":"https:\/\/angelboss.com.br\/#website","url":"https:\/\/angelboss.com.br\/","name":"Portal Masculino de Moda, Beleza, Luxo e Business - Angel Boss","description":"O Maior Portal sobre Moda, Luxo, Beleza e Business Masculino do Brasil","publisher":{"@id":"https:\/\/angelboss.com.br\/#organization"},"alternateName":"Maior Portal e Blog de Beleza Masculina e Luxo","potentialAction":[{"@type":"SearchAction","target":{"@type":"EntryPoint","urlTemplate":"https:\/\/angelboss.com.br\/?s={search_term_string}"},"query-input":{"@type":"PropertyValueSpecification","valueRequired":true,"valueName":"search_term_string"}}],"inLanguage":"en-US"},{"@type":"Organization","@id":"https:\/\/angelboss.com.br\/#organization","name":"Portal Masculino de Moda, Beleza, Luxo and Business - Angel Boss","url":"https:\/\/angelboss.com.br\/","logo":{"@type":"ImageObject","inLanguage":"en-US","@id":"https:\/\/angelboss.com.br\/#\/schema\/logo\/image\/","url":"https:\/\/angelboss.com.br\/wp-content\/uploads\/2025\/12\/WhatsApp-Image-2025-12-11-at-12.54.26.jpeg","contentUrl":"https:\/\/angelboss.com.br\/wp-content\/uploads\/2025\/12\/WhatsApp-Image-2025-12-11-at-12.54.26.jpeg","width":1280,"height":1280,"caption":"Portal Masculino de Moda, Beleza, Luxo and Business - Angel Boss"},"image":{"@id":"https:\/\/angelboss.com.br\/#\/schema\/logo\/image\/"}},{"@type":"Person","@id":"https:\/\/angelboss.com.br\/#\/schema\/person\/b6676b8d991f97199ef2d5b8e5c2d8a5","name":"DINO","image":{"@type":"ImageObject","inLanguage":"en-US","@id":"https:\/\/secure.gravatar.com\/avatar\/f29568383aedf96da155b6f87103b0e04b1c662f982055cda25086444ab33ff8?s=96&d=mm&r=g","url":"https:\/\/secure.gravatar.com\/avatar\/f29568383aedf96da155b6f87103b0e04b1c662f982055cda25086444ab33ff8?s=96&d=mm&r=g","contentUrl":"https:\/\/secure.gravatar.com\/avatar\/f29568383aedf96da155b6f87103b0e04b1c662f982055cda25086444ab33ff8?s=96&d=mm&r=g","caption":"DINO"},"url":"http:\/\/angelboss.com.br\/en\/author\/DINO\/"}]}},"amp_enabled":true,"_links":{"self":[{"href":"http:\/\/angelboss.com.br\/en\/wp-json\/wp\/v2\/posts\/35047","targetHints":{"allow":["GET"]}}],"collection":[{"href":"http:\/\/angelboss.com.br\/en\/wp-json\/wp\/v2\/posts"}],"about":[{"href":"http:\/\/angelboss.com.br\/en\/wp-json\/wp\/v2\/types\/post"}],"author":[{"embeddable":true,"href":"http:\/\/angelboss.com.br\/en\/wp-json\/wp\/v2\/users\/3"}],"replies":[{"embeddable":true,"href":"http:\/\/angelboss.com.br\/en\/wp-json\/wp\/v2\/comments?post=35047"}],"version-history":[{"count":0,"href":"http:\/\/angelboss.com.br\/en\/wp-json\/wp\/v2\/posts\/35047\/revisions"}],"wp:featuredmedia":[{"embeddable":true,"href":"http:\/\/angelboss.com.br\/en\/wp-json\/wp\/v2\/media\/35048"}],"wp:attachment":[{"href":"http:\/\/angelboss.com.br\/en\/wp-json\/wp\/v2\/media?parent=35047"}],"wp:term":[{"taxonomy":"category","embeddable":true,"href":"http:\/\/angelboss.com.br\/en\/wp-json\/wp\/v2\/categories?post=35047"},{"taxonomy":"post_tag","embeddable":true,"href":"http:\/\/angelboss.com.br\/en\/wp-json\/wp\/v2\/tags?post=35047"}],"curies":[{"name":"wp","href":"https:\/\/api.w.org\/{rel}","templated":true}]}}