{"id":35044,"date":"2026-09-03T00:00:00","date_gmt":"2026-09-03T00:00:00","guid":{"rendered":"https:\/\/angelboss.com.br\/2026\/09\/03\/336621-a-historia-nao-contada-new-york-in-moncler\/"},"modified":"2026-09-03T00:00:00","modified_gmt":"2026-09-03T00:00:00","slug":"336621-a-historia-nao-contada-new-york-in-moncler","status":"publish","type":"post","link":"http:\/\/angelboss.com.br\/en\/2026\/09\/03\/336621-a-historia-nao-contada-new-york-in-moncler\/","title":{"rendered":"A hist\u00f3ria n\u00e3o contada \u2018NEW YORK IN MONCLER\u2019"},"content":{"rendered":"<p xmlns=\"http:\/\/www.w3.org\/1999\/xhtml\">\nA hist\u00f3ria n\u00e3o contada de New York in Moncler come\u00e7ou quando a neve encontrou o concreto. Em vez de derreter, o que aconteceu foi criar um v\u00ednculo, constru\u00eddo a partir de momentos pioneiros e fortalecido a cada cap\u00edtulo. Eles se encontraram repetidas vezes. D\u00e9cadas depois, sua hist\u00f3ria finalmente est\u00e1 pronta para ser compartilhada.<\/p>\n<p id=\"news-body-cta\" xmlns=\"http:\/\/www.w3.org\/1999\/xhtml\">Este comunicado de imprensa inclui multim\u00e9dia. Veja o comunicado completo aqui: <a href=\"https:\/\/www.businesswire.com\/news\/home\/20260903856393\/pt\/\" rel=\"follow\" target=\"_blank\">https:\/\/www.businesswire.com\/news\/home\/20260903856393\/pt\/<\/a><\/p>\n<div id=\"bwbodyimg\" style=\"width: 480px; float:left; padding-left:0px; padding-right:20px; padding-top:0px; padding-bottom:0px;\" xmlns=\"http:\/\/www.w3.org\/1999\/xhtml\"><img decoding=\"async\" src=\"https:\/\/mms.businesswire.com\/media\/20260903856393\/pt\/2886918\/4\/MC_FW_2026_NY_IN_MONCLER_BS_RGB_300DPI_16X9_7_MIDTOWNMOUNTAINS_CLEAN_PRESS.jpg\" alt=\"NEW YORK IN MONCLER MIDTOWN MOUNTAINS\"><\/p>\n<p style=\"font-size:85%;\">NEW YORK IN MONCLER MIDTOWN MOUNTAINS<\/p>\n<\/div>\n<p xmlns=\"http:\/\/www.w3.org\/1999\/xhtml\">\nApresentada em uma das maiores exposi\u00e7\u00f5es p\u00fablicas ao ar livre j\u00e1 realizadas na cidade, New York in Moncler exibe os momentos mais marcantes que simbolizam a rela\u00e7\u00e3o entre a marca e a cidade, transformando espa\u00e7os p\u00fablicos em uma poderosa galeria retrospectiva de 9 a 13 de setembro.<\/p>\n<p xmlns=\"http:\/\/www.w3.org\/1999\/xhtml\">\nNew York in Moncler \u00e9 uma grande e p\u00fablica demonstra\u00e7\u00e3o de afeto; fotografias em grande escala apresentar\u00e3o experi\u00eancias inesquec\u00edveis nascidas de mais de vinte anos de estreita colabora\u00e7\u00e3o e interc\u00e2mbio cultural. Em uma ocupa\u00e7\u00e3o que se estende por toda a cidade, a exposi\u00e7\u00e3o culmina em um espa\u00e7o dedicado no Vanderbilt Hall, no Grand Central Terminal.<\/p>\n<p xmlns=\"http:\/\/www.w3.org\/1999\/xhtml\">\nOs momentos apresentados moldaram a evolu\u00e7\u00e3o da marca e ajudaram a estabelecer a linguagem criativa que define a Moncler hoje: um design de inspira\u00e7\u00e3o alpina, reconhecido n\u00e3o apenas como vestu\u00e1rio t\u00e9cnico para montanha, mas tamb\u00e9m como um s\u00edmbolo metropolitano global de estilo, prote\u00e7\u00e3o e conex\u00e3o humana.<\/p>\n<p xmlns=\"http:\/\/www.w3.org\/1999\/xhtml\">\nEssas lembran\u00e7as marcantes s\u00e3o celebradas ainda mais em um filme lan\u00e7ado hoje, dia 3 de setembro, que conta a hist\u00f3ria de amor secreta entre a Moncler e a cidade de Nova York. Ao percorrer momentos especiais que moldaram essa rela\u00e7\u00e3o ao longo do tempo \u2014 de desfiles e campanhas \u00e0s conex\u00f5es entre a cidade, seu povo e a Moncler \u2014, o filme se torna uma express\u00e3o visual desse v\u00ednculo. Com narra\u00e7\u00e3o da ic\u00f4nica nova-iorquina e amiga \u00edntima da marca, Alicia Keys, que conta a hist\u00f3ria com paix\u00e3o ao som de sua nova m\u00fasica in\u00e9dita, o filme captura uma rela\u00e7\u00e3o que continua a evoluir.<\/p>\n<p xmlns=\"http:\/\/www.w3.org\/1999\/xhtml\">\nJuntos, esses marcos consolidaram Nova York como musa da Moncler \u2014 uma cidade onde a Moncler demonstrou que a moda pode oferecer desempenho, servir de plataforma para a criatividade e criar experi\u00eancias culturais compartilhadas. Um novo cap\u00edtulo dessa hist\u00f3ria de amor est\u00e1 prestes a come\u00e7ar.<\/p>\n<p xmlns=\"http:\/\/www.w3.org\/1999\/xhtml\">\nUm novo cap\u00edtulo dessa hist\u00f3ria de amor est\u00e1 prestes a come\u00e7ar.<\/p>\n<p xmlns=\"http:\/\/www.w3.org\/1999\/xhtml\">\nA poucos passos do Grand Central Terminal, a Moncler inaugurar\u00e1 sua maior flagship global at\u00e9 hoje, a Moncler Fifth Avenue. O novo espa\u00e7o representa o mais recente cap\u00edtulo de uma trajet\u00f3ria de conquistas, a express\u00e3o m\u00e1xima do v\u00ednculo entre a cidade e a marca \u2014 e a materializa\u00e7\u00e3o, em um espa\u00e7o f\u00edsico, de uma conex\u00e3o incompar\u00e1vel. Um lugar onde os sonhos da Moncler para as pr\u00f3ximas d\u00e9cadas em Nova York poder\u00e3o se tornar realidade.<\/p>\n<p xmlns=\"http:\/\/www.w3.org\/1999\/xhtml\">\nNew York in Moncler estar\u00e1 em exibi\u00e7\u00e3o no Vanderbilt Hall, no Grand Central Terminal, e em diferentes pontos de Nova York, de 9 a 13 de setembro. As obras em exibi\u00e7\u00e3o incluem:<\/p>\n<p xmlns=\"http:\/\/www.w3.org\/1999\/xhtml\"><b>A Hudson Hike<br \/>\n<br \/><\/b><b>Chelsea Pier, 2010<br \/>\n<br \/><\/b>A ascens\u00e3o da Moncler em Nova York come\u00e7ou com a transforma\u00e7\u00e3o do ic\u00f4nico espa\u00e7o &agrave; beira do rio em uma montanha urbana, com 100 modelos vestindo Moncler Grenoble subindo por andaimes em uma experi\u00eancia imersiva durante a Fashion Week.<\/p>\n<p xmlns=\"http:\/\/www.w3.org\/1999\/xhtml\"><b>A Grand Groove<br \/>\n<br \/><\/b><b>Grand Central Terminal, 2011<br \/>\n<br \/><\/b>O Main Concourse do Grand Central Terminal transformou-se em uma passarela surpresa para a apresenta\u00e7\u00e3o da cole\u00e7\u00e3o Moncler Grenoble de outono\/inverno na New York Fashion Week. 140 dan\u00e7arinos, vestidos com roupas t\u00e9cnicas para atividades alpinas, encantaram os passageiros com uma performance sincronizada.<\/p>\n<p xmlns=\"http:\/\/www.w3.org\/1999\/xhtml\"><b>A Central Skate<br \/>\n<br \/><\/b><b>Central Park, 2012<br \/>\n<br \/><\/b>Patinadores profissionais, vestidos de vermelho, branco e azul, tomaram a pista de gelo Wollman Rink, no Central Park, em uma performance de grande escala para a participa\u00e7\u00e3o da Moncler Grenoble na Fashion Week, acompanhados por uma orquestra ao vivo de m\u00fasicos nova-iorquinos.<\/p>\n<p xmlns=\"http:\/\/www.w3.org\/1999\/xhtml\"><b>A Gotham Forest<br \/>\n<br \/><\/b><b>Gotham Hall, 2013<br \/>\n<br \/><\/b>A Moncler Grenoble transformou o Gotham Hall, em Nova York, em uma instala\u00e7\u00e3o imersiva, recriando a atmosfera dos espa\u00e7os alpinos ao ar livre no cora\u00e7\u00e3o de Manhattan, com uma forma\u00e7\u00e3o em n\u00edveis chamada \u201cInner Forest\u201d, composta por quase 370 modelos vestidos de verde.<\/p>\n<p xmlns=\"http:\/\/www.w3.org\/1999\/xhtml\"><b>A Ballroom Ballad<br \/>\n<br \/><\/b><b>Hammerstein Ballroom, 2014<br \/>\n<br \/><\/b>O ic\u00f4nico espa\u00e7o musical de Nova York transformou-se em uma monumental m\u00e1quina de performances, combinando a tradi\u00e7\u00e3o vocal alpina com uma coreografia elaborada para o desfile de outono\/inverno da Moncler Grenoble. Sessenta coralistas, dispostos em uma estrutura de v\u00e1rios n\u00edveis, formaram o cen\u00e1rio vivo para a instala\u00e7\u00e3o <i>Pendulum Choir<\/i>, dos artistas su\u00ed\u00e7os Andr\u00e9 e Michel D\u00e9costerd, apresentada sobre plataformas hidr\u00e1ulicas<\/p>\n<p xmlns=\"http:\/\/www.w3.org\/1999\/xhtml\"><b>Midtown Mountains<br \/>\n<br \/><\/b><b>Chrysler Building, 2014<br \/>\n<br \/><\/b>Annie Leibovitz fotografou a campanha da cole\u00e7\u00e3o Moncler de outono\/inverno, registrando o modelo Simon Howell no topo do ic\u00f4nico Chrysler Building. Representando o conceito que define a marca \u2014 o de uma jaqueta universal que transcende esta\u00e7\u00f5es, tend\u00eancias e fronteiras \u2014, a imagem desfoca os limites entre o cume de uma montanha e o arranha-c\u00e9u que se ergue aos c\u00e9us.<\/p>\n<p xmlns=\"http:\/\/www.w3.org\/1999\/xhtml\"><strong>Art For Love<br \/>\n<br \/>New York Public Library, 2015 <\/strong><\/p>\n<p xmlns=\"http:\/\/www.w3.org\/1999\/xhtml\">\nO projeto <i>Art For Love<\/i> da Moncler, uma iniciativa desenvolvida em apoio &agrave; amfAR, foi apresentada na New York Public Library durante a Fashion Week. Com curadoria de Fabien Baron, o projeto convidou 32 fot\u00f3grafos a reinterpretar a ic\u00f4nica jaqueta Maya da Moncler, transformando-a de uma pe\u00e7a funcional em uma tela para um di\u00e1logo mais amplo entre moda, fotografia e filantropia.<\/p>\n<p xmlns=\"http:\/\/www.w3.org\/1999\/xhtml\">\nImage 1: <i>Studiocat<\/i>, do fot\u00f3grafo americano Brigitte Lacombe, apresentou uma protagonista inesperada, transformando a jaqueta tanto em um casulo protetor quanto em uma moldura teatral \u2014 uma interpreta\u00e7\u00e3o espirituosa e centrada na personagem da silhueta mais reconhec\u00edvel da Moncler.<\/p>\n<p xmlns=\"http:\/\/www.w3.org\/1999\/xhtml\">\nImage 2: <i>A Surrealist Portrait with Flowers<\/i>, de Camilla \u00c5krans, apresenta uma modelo envolta em um denso arranjo floral, com a jaqueta Maya integrada a uma composi\u00e7\u00e3o on\u00edrica. Conhecida por seus retratos expressivos e pelo uso evocativo de elementos naturais, \u00c5krans transformou a pe\u00e7a funcional em uma imagem po\u00e9tica que reflete sua linguagem visual caracter\u00edstica de feminilidade, romance e natureza.<\/p>\n<p xmlns=\"http:\/\/www.w3.org\/1999\/xhtml\"><b>All Together<br \/>\n<br \/><\/b><b>Lincoln Center, 2016<br \/>\n<br \/><\/b>A marcante apresenta\u00e7\u00e3o da cole\u00e7\u00e3o Moncler Grenoble de outono\/inverno na New York Fashion Week, realizada sob condi\u00e7\u00f5es de v\u00f3rtice polar, transformou a pra\u00e7a congelada em um palco para uma performance ao vivo. Oitenta artistas marcharam em sincronia, sob o frio extremo que a linha t\u00e9cnica para atividades ao ar livre da Moncler \u00e9 desenvolvida para suportar.<\/p>\n<p xmlns=\"http:\/\/www.w3.org\/1999\/xhtml\"><b>Brooklyn&#8217;s Spike<br \/>\n<br \/><\/b><b>Spike Lee, 2017<br \/>\n<br \/><\/b>Spike Lee, cineasta influente de Nova York e cronista cultural, participa como convidado especial da apresenta\u00e7\u00e3o da Moncler Grenoble na Fashion Week, no Hammerstein Ballroom, em 2017.<\/p>\n<p xmlns=\"http:\/\/www.w3.org\/1999\/xhtml\"><b>People and Places<br \/>\n<br \/><\/b><b>Vogue, 2017<br \/>\n<br \/><\/b>Em 2017, a <i>Vogue<\/i> capturou uma variedade de nova-iorquinos cheios de estilo em seus respectivos bairros, destacando express\u00f5es individuais de personalidade contra o pano de fundo das ruas inspiradoras da cidade. Com destaque para um elenco ecl\u00e9tico, a mat\u00e9ria celebrou a versatilidade e o charme natural dos ic\u00f4nicos casacos acolchoados da Moncler, apresentados em uma gama de tons vibrantes e acabamentos distintos.<\/p>\n<p xmlns=\"http:\/\/www.w3.org\/1999\/xhtml\"><b>Winter Runway<br \/>\n<br \/><\/b><b>Sarah Jessica Parker, 2023<br \/>\n<br \/><\/b>Originalmente criado em parceria com Pierpaolo Piccioli para a Moncler Genius em 2019, este vestido acolchoado inspirado na alta costura ganhou renovada proemin\u00eancia cultural em 2023. Usado por Sarah Jessica Parker, o design de Piccioli evoluiu de um experimento nas passarelas para um \u00edcone da cultura pop do inverno nova-iorquino.<\/p>\n<p xmlns=\"http:\/\/www.w3.org\/1999\/xhtml\"><b>A State of Mind<br \/>\n<br \/><\/b><b>Alicia Keys, 2023<br \/>\n<br \/><\/b>A cole\u00e7\u00e3o Moncler x Alicia Keys, criada em parceria pela pioneira cultural e \u00edcone global, revisita mem\u00f3rias pessoais da Nova York dos anos 90, inspiradas nas possibilidades da selva de concreto da cidade. Silhuetas oversized, texturas t\u00e9cnicas e cores ousadas, incluindo o roxo caracter\u00edstico da pr\u00f3pria Keys, transmitem a energia esportiva e magn\u00e9tica das ruas que a criaram.<\/p>\n<p xmlns=\"http:\/\/www.w3.org\/1999\/xhtml\"><b>SoHo Style<br \/>\n<br \/><\/b><b>Penn Badgley, 2025<br \/>\n<br \/><\/b>Fotografada nas ruas hist\u00f3ricas do SoHo, a campanha da cole\u00e7\u00e3o Moncler Primavera 2025 foi estrelada pelo aclamado ator e nova-iorquino Penn Badgley, que personifica uma abordagem distintamente descontra\u00edda, por\u00e9m sofisticada, do estilo metropolitano.<\/p>\n<p xmlns=\"http:\/\/www.w3.org\/1999\/xhtml\"><b>The Red Carpet<br \/>\n<br \/><\/b><b>Vittoria Ceretti, 2025<br \/>\n<br \/><\/b>A Moncler fez sua estreia no palco mais fabuloso da moda ao lado do amigo da marca Edward Enninful \u2013 editor ic\u00f4nico, estilista e colaborador cultural. Inspirada no tema da noite, <i>Superfine: Tailoring Black Style<\/i>, a supermodelo Vittoria Ceretti usou um minivestido sob medida confeccionado em l\u00e3 listrada azul-marinho e esculpido em uma silhueta com espartilho e uma cauda dram\u00e1tica. Uma ic\u00f4nica capa de plumas da Moncler, coroada por um capuz extravagante, completou o look.<\/p>\n<p xmlns=\"http:\/\/www.w3.org\/1999\/xhtml\"><b>Sun in the City<br \/>\n<br \/><\/b><b>Fei Fei Sun, 2025<br \/>\n<br \/><\/b>A modelo Fei Fei Sun, que mora em Nova York, usa um look da cole\u00e7\u00e3o de estreia de Edward Enninful como designer, Moncler x EE72 by Edward Enninful. Fotografada por Zhong Lin para a <i>Vogue China<\/i>, a cole\u00e7\u00e3o imaginou o guarda-roupa de uma aventureira global moderna \u2013 ousada, sofisticada e equipada para atravessar qualquer paisagem, de dunas escaldadas pelo sol e praias varridas pelo vento a picos cobertos de neve.<\/p>\n<p xmlns=\"http:\/\/www.w3.org\/1999\/xhtml\"><b>Warmer Together<br \/>\n<br \/><\/b><b>A Celebration of Friendship, 2025<br \/>\n<br \/><\/b>Fotografadas nos telhados de Nova York, duas cadeiras simbolizavam a conex\u00e3o antes que os amigos de longa data e lendas do cinema Robert De Niro e Al Pacino se sentassem nelas. Juntos, eles personificaram o amor, o calor humano e o respeito m\u00fatuo na campanha global Warmer Together.<\/p>\n<p xmlns=\"http:\/\/www.w3.org\/1999\/xhtml\"><b>On Stage<br \/>\n<br \/><\/b><b>Rockefeller Center, 2025<br \/>\n<br \/><\/b>Tobe Nwigwe realizou uma apresenta\u00e7\u00e3o intimista, mas vibrante, ao vivo no ic\u00f4nico Rockefeller Center, em Nova York, para celebrar a campanha <i>Warmer Together<\/i> da Moncler. Com ra\u00edzes no legado da marca de compartilhar calor, a campanha celebra a amizade, a confian\u00e7a, o respeito e a conex\u00e3o humana \u2014 valores personificados por Tobe nessa performance emocionante.<\/p>\n<p xmlns=\"http:\/\/www.w3.org\/1999\/xhtml\"><b>Monty &amp; Monduck<br \/>\n<br \/><\/b><b>Visiting New York, 2026<br \/>\n<br \/><\/b>A segunda cole\u00e7\u00e3o LoveFrom, Moncler, criada pelo coletivo LoveFrom, do lend\u00e1rio designer <strong>Jony Ive\u2019s<\/strong>, \u00e9 apresentada como parte do lan\u00e7amento da Moncler Fifth Avenue, a maior flagship global da marca at\u00e9 hoje. As duas marcas s\u00e3o representadas aqui no Central Park por seus respectivos mascotes, Monduck e Montgomery.<\/p>\n<p xmlns=\"http:\/\/www.w3.org\/1999\/xhtml\">\nPara saber mais sobre New York in Moncler, visite: <a href=\"https:\/\/cts.businesswire.com\/ct\/CT?id=smartlink&amp;url=https%3A%2F%2Fwww.moncler.com%2Flink%2Fpage%2Fnew-york-retrospective&amp;esheet=54597240&amp;newsitemid=20260903856393&amp;lan=pt-BR&amp;anchor=https%3A%2F%2Fwww.moncler.com%2Flink%2Fpage%2Fnew-york-retrospective&amp;index=1&amp;md5=dbecf577321afe04b9e459e565bde013\" rel=\"follow\" shape=\"rect\" target=\"_blank\">https:\/\/www.moncler.com\/link\/page\/new-york-retrospective<\/a><\/p>\n<p xmlns=\"http:\/\/www.w3.org\/1999\/xhtml\">\nO texto no idioma original deste an\u00fancio \u00e9 a vers\u00e3o oficial autorizada. As tradu\u00e7\u00f5es s\u00e3o fornecidas apenas como uma facilidade e devem se referir ao texto no idioma original, que \u00e9 a \u00fanica vers\u00e3o do texto que tem efeito legal.<\/p>\n<p xmlns=\"http:\/\/www.w3.org\/1999\/xhtml\"><img decoding=\"async\" alt=\"\" src=\"https:\/\/cts.businesswire.com\/ct\/CT?id=bwnews&amp;sty=20260903856393r1&amp;sid=brdno&amp;distro=ftp\"><span class=\"bwct31415\"><\/span><\/p>\n<p id=\"mmgallerylink\" xmlns=\"http:\/\/www.w3.org\/1999\/xhtml\"><span id=\"mmgallerylink-phrase\">Ver a vers\u00e3o original em businesswire.com: <\/span><span id=\"mmgallerylink-link\"><a href=\"https:\/\/www.businesswire.com\/news\/home\/20260903856393\/pt\/\" rel=\"follow\" target=\"_blank\">https:\/\/www.businesswire.com\/news\/home\/20260903856393\/pt\/<\/a><\/span><\/p>\n<p><b>Contato:<\/b><\/p>\n<p><a href=\"mailto:monclerpress@moncler.com\" rel=\"follow\" shape=\"rect\">monclerpress@moncler.com<\/a><\/p>\n<p><strong>Fonte: <\/strong><a href='http:\/\/www.businesswire.com\/portal\/site\/home\/' target='_blank'>BUSINESS WIRE<\/a><img src='https:\/\/api.dino.com.br\/v2\/news\/tr\/336621?partnerId=4593' alt=\"\" style=\"border:0px;width:1px;height:1px;\" \/><\/p>","protected":false},"excerpt":{"rendered":"<p>Uma retrospectiva de momentos pioneiros em Nova York<\/p>\n<p>Algumas hist\u00f3rias de amor levam tempo. Ap\u00f3s d\u00e9cadas de momentos compartilhados, a Moncler revela sua rela\u00e7\u00e3o duradoura com Nova York por meio de uma declara\u00e7\u00e3o de amor \u00e0 cidade.<\/p>","protected":false},"author":3,"featured_media":0,"comment_status":"open","ping_status":"open","sticky":false,"template":"","format":"standard","meta":{"_seopress_titles_title":"","_seopress_titles_desc":"","_seopress_robots_index":"","_seopress_robots_follow":"","_seopress_robots_imageindex":"","_seopress_robots_snippet":"","_seopress_robots_primary_cat":"","_seopress_robots_breadcrumbs":"","_seopress_robots_freeze_modified_date":"","_seopress_robots_custom_modified_date":"","_seopress_robots_canonical":"","_seopress_social_fb_title":"","_seopress_social_fb_desc":"","_seopress_social_fb_img":"","_seopress_social_fb_img_attachment_id":0,"_seopress_social_fb_img_width":0,"_seopress_social_fb_img_height":0,"_seopress_social_twitter_title":"","_seopress_social_twitter_desc":"","_seopress_social_twitter_img":"","_seopress_social_twitter_img_attachment_id":0,"_seopress_social_twitter_img_width":0,"_seopress_social_twitter_img_height":0,"_seopress_redirections_value":"","_seopress_redirections_enabled":"","_seopress_redirections_enabled_regex":"","_seopress_redirections_logged_status":"","_seopress_redirections_param":"","_seopress_redirections_type":0,"_seopress_analysis_target_kw":"","page_builder":"","footnotes":""},"categories":[315],"tags":[349,336,337,330,245],"class_list":["post-35044","post","type-post","status-publish","format-standard","category-noticias-corporativas-dino","tag-arte","tag-atacado-e-varejo","tag-entretenimento","tag-eventos","tag-moda"],"yoast_head":"<!-- This site is optimized with the Yoast SEO plugin v28.4 - https:\/\/yoast.com\/product\/yoast-seo-wordpress\/ -->\n<title>A hist\u00f3ria n\u00e3o contada \u2018NEW YORK IN MONCLER\u2019 - Portal Masculino de Moda, Beleza, Luxo and Business - Angel Boss<\/title>\n<meta name=\"robots\" content=\"index, follow, max-snippet:-1, max-image-preview:large, max-video-preview:-1\" \/>\n<link rel=\"canonical\" href=\"https:\/\/angelboss.com.br\/en\/2026\/09\/03\/336621-a-historia-nao-contada-new-york-in-moncler\/\" \/>\n<meta property=\"og:locale\" content=\"en_US\" \/>\n<meta property=\"og:type\" content=\"article\" \/>\n<meta property=\"og:title\" content=\"A hist\u00f3ria n\u00e3o contada \u2018NEW YORK IN MONCLER\u2019 - Portal Masculino de Moda, Beleza, Luxo and Business - Angel Boss\" \/>\n<meta property=\"og:description\" content=\"Uma retrospectiva de momentos pioneiros em Nova York  Algumas hist\u00f3rias de amor levam tempo. Ap\u00f3s d\u00e9cadas de momentos compartilhados, a Moncler revela sua rela\u00e7\u00e3o duradoura com Nova York por meio de uma declara\u00e7\u00e3o de amor \u00e0 cidade.\" \/>\n<meta property=\"og:url\" content=\"https:\/\/angelboss.com.br\/en\/2026\/09\/03\/336621-a-historia-nao-contada-new-york-in-moncler\/\" \/>\n<meta property=\"og:site_name\" content=\"Portal Masculino de Moda, Beleza, Luxo and Business - Angel Boss\" \/>\n<meta property=\"article:published_time\" content=\"2026-09-03T00:00:00+00:00\" \/>\n<meta property=\"og:image\" content=\"https:\/\/mms.businesswire.com\/media\/20260903856393\/pt\/2886918\/4\/MC_FW_2026_NY_IN_MONCLER_BS_RGB_300DPI_16X9_7_MIDTOWNMOUNTAINS_CLEAN_PRESS.jpg\" \/>\n<meta name=\"author\" content=\"DINO\" \/>\n<meta name=\"twitter:card\" content=\"summary_large_image\" \/>\n<meta name=\"twitter:label1\" content=\"Written by\" \/>\n\t<meta name=\"twitter:data1\" content=\"DINO\" \/>\n\t<meta name=\"twitter:label2\" content=\"Est. reading time\" \/>\n\t<meta name=\"twitter:data2\" content=\"9 minutes\" \/>\n<script type=\"application\/ld+json\" class=\"yoast-schema-graph\">{\"@context\":\"https:\\\/\\\/schema.org\",\"@graph\":[{\"@type\":\"Article\",\"@id\":\"https:\\\/\\\/angelboss.com.br\\\/2026\\\/09\\\/03\\\/336621-a-historia-nao-contada-new-york-in-moncler\\\/#article\",\"isPartOf\":{\"@id\":\"https:\\\/\\\/angelboss.com.br\\\/2026\\\/09\\\/03\\\/336621-a-historia-nao-contada-new-york-in-moncler\\\/\"},\"author\":{\"name\":\"DINO\",\"@id\":\"https:\\\/\\\/angelboss.com.br\\\/#\\\/schema\\\/person\\\/b6676b8d991f97199ef2d5b8e5c2d8a5\"},\"headline\":\"A hist\u00f3ria n\u00e3o contada \u2018NEW YORK IN MONCLER\u2019\",\"datePublished\":\"2026-09-03T00:00:00+00:00\",\"mainEntityOfPage\":{\"@id\":\"https:\\\/\\\/angelboss.com.br\\\/2026\\\/09\\\/03\\\/336621-a-historia-nao-contada-new-york-in-moncler\\\/\"},\"wordCount\":1832,\"commentCount\":0,\"publisher\":{\"@id\":\"https:\\\/\\\/angelboss.com.br\\\/#organization\"},\"image\":{\"@id\":\"https:\\\/\\\/angelboss.com.br\\\/2026\\\/09\\\/03\\\/336621-a-historia-nao-contada-new-york-in-moncler\\\/#primaryimage\"},\"thumbnailUrl\":\"https:\\\/\\\/mms.businesswire.com\\\/media\\\/20260903856393\\\/pt\\\/2886918\\\/4\\\/MC_FW_2026_NY_IN_MONCLER_BS_RGB_300DPI_16X9_7_MIDTOWNMOUNTAINS_CLEAN_PRESS.jpg\",\"keywords\":[\"ARTE\",\"ATACADO E VAREJO\",\"ENTRETENIMENTO\",\"EVENTOS\",\"moda\"],\"articleSection\":[\"Not\u00edcias Corporativas\"],\"inLanguage\":\"en-US\",\"potentialAction\":[{\"@type\":\"CommentAction\",\"name\":\"Comment\",\"target\":[\"https:\\\/\\\/angelboss.com.br\\\/2026\\\/09\\\/03\\\/336621-a-historia-nao-contada-new-york-in-moncler\\\/#respond\"]}]},{\"@type\":\"WebPage\",\"@id\":\"https:\\\/\\\/angelboss.com.br\\\/2026\\\/09\\\/03\\\/336621-a-historia-nao-contada-new-york-in-moncler\\\/\",\"url\":\"https:\\\/\\\/angelboss.com.br\\\/2026\\\/09\\\/03\\\/336621-a-historia-nao-contada-new-york-in-moncler\\\/\",\"name\":\"A hist\u00f3ria n\u00e3o contada \u2018NEW YORK IN MONCLER\u2019 - Portal Masculino de Moda, Beleza, Luxo and Business - Angel Boss\",\"isPartOf\":{\"@id\":\"https:\\\/\\\/angelboss.com.br\\\/#website\"},\"primaryImageOfPage\":{\"@id\":\"https:\\\/\\\/angelboss.com.br\\\/2026\\\/09\\\/03\\\/336621-a-historia-nao-contada-new-york-in-moncler\\\/#primaryimage\"},\"image\":{\"@id\":\"https:\\\/\\\/angelboss.com.br\\\/2026\\\/09\\\/03\\\/336621-a-historia-nao-contada-new-york-in-moncler\\\/#primaryimage\"},\"thumbnailUrl\":\"https:\\\/\\\/mms.businesswire.com\\\/media\\\/20260903856393\\\/pt\\\/2886918\\\/4\\\/MC_FW_2026_NY_IN_MONCLER_BS_RGB_300DPI_16X9_7_MIDTOWNMOUNTAINS_CLEAN_PRESS.jpg\",\"datePublished\":\"2026-09-03T00:00:00+00:00\",\"breadcrumb\":{\"@id\":\"https:\\\/\\\/angelboss.com.br\\\/2026\\\/09\\\/03\\\/336621-a-historia-nao-contada-new-york-in-moncler\\\/#breadcrumb\"},\"inLanguage\":\"en-US\",\"potentialAction\":[{\"@type\":\"ReadAction\",\"target\":[\"https:\\\/\\\/angelboss.com.br\\\/2026\\\/09\\\/03\\\/336621-a-historia-nao-contada-new-york-in-moncler\\\/\"]}]},{\"@type\":\"ImageObject\",\"inLanguage\":\"en-US\",\"@id\":\"https:\\\/\\\/angelboss.com.br\\\/2026\\\/09\\\/03\\\/336621-a-historia-nao-contada-new-york-in-moncler\\\/#primaryimage\",\"url\":\"https:\\\/\\\/mms.businesswire.com\\\/media\\\/20260903856393\\\/pt\\\/2886918\\\/4\\\/MC_FW_2026_NY_IN_MONCLER_BS_RGB_300DPI_16X9_7_MIDTOWNMOUNTAINS_CLEAN_PRESS.jpg\",\"contentUrl\":\"https:\\\/\\\/mms.businesswire.com\\\/media\\\/20260903856393\\\/pt\\\/2886918\\\/4\\\/MC_FW_2026_NY_IN_MONCLER_BS_RGB_300DPI_16X9_7_MIDTOWNMOUNTAINS_CLEAN_PRESS.jpg\"},{\"@type\":\"BreadcrumbList\",\"@id\":\"https:\\\/\\\/angelboss.com.br\\\/2026\\\/09\\\/03\\\/336621-a-historia-nao-contada-new-york-in-moncler\\\/#breadcrumb\",\"itemListElement\":[{\"@type\":\"ListItem\",\"position\":1,\"name\":\"In\u00edcio\",\"item\":\"https:\\\/\\\/angelboss.com.br\\\/\"},{\"@type\":\"ListItem\",\"position\":2,\"name\":\"A hist\u00f3ria n\u00e3o contada \u2018NEW YORK IN MONCLER\u2019\"}]},{\"@type\":\"WebSite\",\"@id\":\"https:\\\/\\\/angelboss.com.br\\\/#website\",\"url\":\"https:\\\/\\\/angelboss.com.br\\\/\",\"name\":\"Portal Masculino de Moda, Beleza, Luxo e Business - Angel Boss\",\"description\":\"O Maior Portal sobre Moda, Luxo, Beleza e Business Masculino do Brasil\",\"publisher\":{\"@id\":\"https:\\\/\\\/angelboss.com.br\\\/#organization\"},\"alternateName\":\"Maior Portal e Blog de Beleza Masculina e Luxo\",\"potentialAction\":[{\"@type\":\"SearchAction\",\"target\":{\"@type\":\"EntryPoint\",\"urlTemplate\":\"https:\\\/\\\/angelboss.com.br\\\/?s={search_term_string}\"},\"query-input\":{\"@type\":\"PropertyValueSpecification\",\"valueRequired\":true,\"valueName\":\"search_term_string\"}}],\"inLanguage\":\"en-US\"},{\"@type\":\"Organization\",\"@id\":\"https:\\\/\\\/angelboss.com.br\\\/#organization\",\"name\":\"Portal Masculino de Moda, Beleza, Luxo and Business - Angel Boss\",\"url\":\"https:\\\/\\\/angelboss.com.br\\\/\",\"logo\":{\"@type\":\"ImageObject\",\"inLanguage\":\"en-US\",\"@id\":\"https:\\\/\\\/angelboss.com.br\\\/#\\\/schema\\\/logo\\\/image\\\/\",\"url\":\"https:\\\/\\\/angelboss.com.br\\\/wp-content\\\/uploads\\\/2025\\\/12\\\/WhatsApp-Image-2025-12-11-at-12.54.26.jpeg\",\"contentUrl\":\"https:\\\/\\\/angelboss.com.br\\\/wp-content\\\/uploads\\\/2025\\\/12\\\/WhatsApp-Image-2025-12-11-at-12.54.26.jpeg\",\"width\":1280,\"height\":1280,\"caption\":\"Portal Masculino de Moda, Beleza, Luxo and Business - Angel Boss\"},\"image\":{\"@id\":\"https:\\\/\\\/angelboss.com.br\\\/#\\\/schema\\\/logo\\\/image\\\/\"}},{\"@type\":\"Person\",\"@id\":\"https:\\\/\\\/angelboss.com.br\\\/#\\\/schema\\\/person\\\/b6676b8d991f97199ef2d5b8e5c2d8a5\",\"name\":\"DINO\",\"image\":{\"@type\":\"ImageObject\",\"inLanguage\":\"en-US\",\"@id\":\"https:\\\/\\\/secure.gravatar.com\\\/avatar\\\/f29568383aedf96da155b6f87103b0e04b1c662f982055cda25086444ab33ff8?s=96&d=mm&r=g\",\"url\":\"https:\\\/\\\/secure.gravatar.com\\\/avatar\\\/f29568383aedf96da155b6f87103b0e04b1c662f982055cda25086444ab33ff8?s=96&d=mm&r=g\",\"contentUrl\":\"https:\\\/\\\/secure.gravatar.com\\\/avatar\\\/f29568383aedf96da155b6f87103b0e04b1c662f982055cda25086444ab33ff8?s=96&d=mm&r=g\",\"caption\":\"DINO\"},\"url\":\"http:\\\/\\\/angelboss.com.br\\\/en\\\/author\\\/DINO\\\/\"}]}<\/script>\n<!-- \/ Yoast SEO plugin. -->","yoast_head_json":{"title":"A hist\u00f3ria n\u00e3o contada \u2018NEW YORK IN MONCLER\u2019 - Portal Masculino de Moda, Beleza, Luxo and Business - Angel Boss","robots":{"index":"index","follow":"follow","max-snippet":"max-snippet:-1","max-image-preview":"max-image-preview:large","max-video-preview":"max-video-preview:-1"},"canonical":"https:\/\/angelboss.com.br\/en\/2026\/09\/03\/336621-a-historia-nao-contada-new-york-in-moncler\/","og_locale":"en_US","og_type":"article","og_title":"A hist\u00f3ria n\u00e3o contada \u2018NEW YORK IN MONCLER\u2019 - Portal Masculino de Moda, Beleza, Luxo and Business - Angel Boss","og_description":"Uma retrospectiva de momentos pioneiros em Nova York  Algumas hist\u00f3rias de amor levam tempo. Ap\u00f3s d\u00e9cadas de momentos compartilhados, a Moncler revela sua rela\u00e7\u00e3o duradoura com Nova York por meio de uma declara\u00e7\u00e3o de amor \u00e0 cidade.","og_url":"https:\/\/angelboss.com.br\/en\/2026\/09\/03\/336621-a-historia-nao-contada-new-york-in-moncler\/","og_site_name":"Portal Masculino de Moda, Beleza, Luxo and Business - Angel Boss","article_published_time":"2026-09-03T00:00:00+00:00","og_image":[{"url":"https:\/\/mms.businesswire.com\/media\/20260903856393\/pt\/2886918\/4\/MC_FW_2026_NY_IN_MONCLER_BS_RGB_300DPI_16X9_7_MIDTOWNMOUNTAINS_CLEAN_PRESS.jpg","type":"","width":"","height":""}],"author":"DINO","twitter_card":"summary_large_image","twitter_misc":{"Written by":"DINO","Est. reading time":"9 minutes"},"schema":{"@context":"https:\/\/schema.org","@graph":[{"@type":"Article","@id":"https:\/\/angelboss.com.br\/2026\/09\/03\/336621-a-historia-nao-contada-new-york-in-moncler\/#article","isPartOf":{"@id":"https:\/\/angelboss.com.br\/2026\/09\/03\/336621-a-historia-nao-contada-new-york-in-moncler\/"},"author":{"name":"DINO","@id":"https:\/\/angelboss.com.br\/#\/schema\/person\/b6676b8d991f97199ef2d5b8e5c2d8a5"},"headline":"A hist\u00f3ria n\u00e3o contada \u2018NEW YORK IN MONCLER\u2019","datePublished":"2026-09-03T00:00:00+00:00","mainEntityOfPage":{"@id":"https:\/\/angelboss.com.br\/2026\/09\/03\/336621-a-historia-nao-contada-new-york-in-moncler\/"},"wordCount":1832,"commentCount":0,"publisher":{"@id":"https:\/\/angelboss.com.br\/#organization"},"image":{"@id":"https:\/\/angelboss.com.br\/2026\/09\/03\/336621-a-historia-nao-contada-new-york-in-moncler\/#primaryimage"},"thumbnailUrl":"https:\/\/mms.businesswire.com\/media\/20260903856393\/pt\/2886918\/4\/MC_FW_2026_NY_IN_MONCLER_BS_RGB_300DPI_16X9_7_MIDTOWNMOUNTAINS_CLEAN_PRESS.jpg","keywords":["ARTE","ATACADO E VAREJO","ENTRETENIMENTO","EVENTOS","moda"],"articleSection":["Not\u00edcias Corporativas"],"inLanguage":"en-US","potentialAction":[{"@type":"CommentAction","name":"Comment","target":["https:\/\/angelboss.com.br\/2026\/09\/03\/336621-a-historia-nao-contada-new-york-in-moncler\/#respond"]}]},{"@type":"WebPage","@id":"https:\/\/angelboss.com.br\/2026\/09\/03\/336621-a-historia-nao-contada-new-york-in-moncler\/","url":"https:\/\/angelboss.com.br\/2026\/09\/03\/336621-a-historia-nao-contada-new-york-in-moncler\/","name":"A hist\u00f3ria n\u00e3o contada \u2018NEW YORK IN MONCLER\u2019 - Portal Masculino de Moda, Beleza, Luxo and Business - Angel Boss","isPartOf":{"@id":"https:\/\/angelboss.com.br\/#website"},"primaryImageOfPage":{"@id":"https:\/\/angelboss.com.br\/2026\/09\/03\/336621-a-historia-nao-contada-new-york-in-moncler\/#primaryimage"},"image":{"@id":"https:\/\/angelboss.com.br\/2026\/09\/03\/336621-a-historia-nao-contada-new-york-in-moncler\/#primaryimage"},"thumbnailUrl":"https:\/\/mms.businesswire.com\/media\/20260903856393\/pt\/2886918\/4\/MC_FW_2026_NY_IN_MONCLER_BS_RGB_300DPI_16X9_7_MIDTOWNMOUNTAINS_CLEAN_PRESS.jpg","datePublished":"2026-09-03T00:00:00+00:00","breadcrumb":{"@id":"https:\/\/angelboss.com.br\/2026\/09\/03\/336621-a-historia-nao-contada-new-york-in-moncler\/#breadcrumb"},"inLanguage":"en-US","potentialAction":[{"@type":"ReadAction","target":["https:\/\/angelboss.com.br\/2026\/09\/03\/336621-a-historia-nao-contada-new-york-in-moncler\/"]}]},{"@type":"ImageObject","inLanguage":"en-US","@id":"https:\/\/angelboss.com.br\/2026\/09\/03\/336621-a-historia-nao-contada-new-york-in-moncler\/#primaryimage","url":"https:\/\/mms.businesswire.com\/media\/20260903856393\/pt\/2886918\/4\/MC_FW_2026_NY_IN_MONCLER_BS_RGB_300DPI_16X9_7_MIDTOWNMOUNTAINS_CLEAN_PRESS.jpg","contentUrl":"https:\/\/mms.businesswire.com\/media\/20260903856393\/pt\/2886918\/4\/MC_FW_2026_NY_IN_MONCLER_BS_RGB_300DPI_16X9_7_MIDTOWNMOUNTAINS_CLEAN_PRESS.jpg"},{"@type":"BreadcrumbList","@id":"https:\/\/angelboss.com.br\/2026\/09\/03\/336621-a-historia-nao-contada-new-york-in-moncler\/#breadcrumb","itemListElement":[{"@type":"ListItem","position":1,"name":"In\u00edcio","item":"https:\/\/angelboss.com.br\/"},{"@type":"ListItem","position":2,"name":"A hist\u00f3ria n\u00e3o contada \u2018NEW YORK IN MONCLER\u2019"}]},{"@type":"WebSite","@id":"https:\/\/angelboss.com.br\/#website","url":"https:\/\/angelboss.com.br\/","name":"Portal Masculino de Moda, Beleza, Luxo e Business - Angel Boss","description":"O Maior Portal sobre Moda, Luxo, Beleza e Business Masculino do Brasil","publisher":{"@id":"https:\/\/angelboss.com.br\/#organization"},"alternateName":"Maior Portal e Blog de Beleza Masculina e Luxo","potentialAction":[{"@type":"SearchAction","target":{"@type":"EntryPoint","urlTemplate":"https:\/\/angelboss.com.br\/?s={search_term_string}"},"query-input":{"@type":"PropertyValueSpecification","valueRequired":true,"valueName":"search_term_string"}}],"inLanguage":"en-US"},{"@type":"Organization","@id":"https:\/\/angelboss.com.br\/#organization","name":"Portal Masculino de Moda, Beleza, Luxo and Business - Angel Boss","url":"https:\/\/angelboss.com.br\/","logo":{"@type":"ImageObject","inLanguage":"en-US","@id":"https:\/\/angelboss.com.br\/#\/schema\/logo\/image\/","url":"https:\/\/angelboss.com.br\/wp-content\/uploads\/2025\/12\/WhatsApp-Image-2025-12-11-at-12.54.26.jpeg","contentUrl":"https:\/\/angelboss.com.br\/wp-content\/uploads\/2025\/12\/WhatsApp-Image-2025-12-11-at-12.54.26.jpeg","width":1280,"height":1280,"caption":"Portal Masculino de Moda, Beleza, Luxo and Business - Angel Boss"},"image":{"@id":"https:\/\/angelboss.com.br\/#\/schema\/logo\/image\/"}},{"@type":"Person","@id":"https:\/\/angelboss.com.br\/#\/schema\/person\/b6676b8d991f97199ef2d5b8e5c2d8a5","name":"DINO","image":{"@type":"ImageObject","inLanguage":"en-US","@id":"https:\/\/secure.gravatar.com\/avatar\/f29568383aedf96da155b6f87103b0e04b1c662f982055cda25086444ab33ff8?s=96&d=mm&r=g","url":"https:\/\/secure.gravatar.com\/avatar\/f29568383aedf96da155b6f87103b0e04b1c662f982055cda25086444ab33ff8?s=96&d=mm&r=g","contentUrl":"https:\/\/secure.gravatar.com\/avatar\/f29568383aedf96da155b6f87103b0e04b1c662f982055cda25086444ab33ff8?s=96&d=mm&r=g","caption":"DINO"},"url":"http:\/\/angelboss.com.br\/en\/author\/DINO\/"}]}},"amp_enabled":true,"_links":{"self":[{"href":"http:\/\/angelboss.com.br\/en\/wp-json\/wp\/v2\/posts\/35044","targetHints":{"allow":["GET"]}}],"collection":[{"href":"http:\/\/angelboss.com.br\/en\/wp-json\/wp\/v2\/posts"}],"about":[{"href":"http:\/\/angelboss.com.br\/en\/wp-json\/wp\/v2\/types\/post"}],"author":[{"embeddable":true,"href":"http:\/\/angelboss.com.br\/en\/wp-json\/wp\/v2\/users\/3"}],"replies":[{"embeddable":true,"href":"http:\/\/angelboss.com.br\/en\/wp-json\/wp\/v2\/comments?post=35044"}],"version-history":[{"count":0,"href":"http:\/\/angelboss.com.br\/en\/wp-json\/wp\/v2\/posts\/35044\/revisions"}],"wp:attachment":[{"href":"http:\/\/angelboss.com.br\/en\/wp-json\/wp\/v2\/media?parent=35044"}],"wp:term":[{"taxonomy":"category","embeddable":true,"href":"http:\/\/angelboss.com.br\/en\/wp-json\/wp\/v2\/categories?post=35044"},{"taxonomy":"post_tag","embeddable":true,"href":"http:\/\/angelboss.com.br\/en\/wp-json\/wp\/v2\/tags?post=35044"}],"curies":[{"name":"wp","href":"https:\/\/api.w.org\/{rel}","templated":true}]}}