{"id":34785,"date":"2026-09-01T00:00:00","date_gmt":"2026-09-01T00:00:00","guid":{"rendered":"https:\/\/angelboss.com.br\/2026\/09\/01\/336484-crise-leva-gigantes-do-varejo-a-recuperacao-judicial\/"},"modified":"2026-09-01T00:00:00","modified_gmt":"2026-09-01T00:00:00","slug":"336484-crise-leva-gigantes-do-varejo-a-recuperacao-judicial","status":"publish","type":"post","link":"http:\/\/angelboss.com.br\/en\/2026\/09\/01\/336484-crise-leva-gigantes-do-varejo-a-recuperacao-judicial\/","title":{"rendered":"Crise leva gigantes do varejo \u00e0 recupera\u00e7\u00e3o judicial"},"content":{"rendered":"<p>A Casas Bahia protocolou no dia 16 de agosto um pedido de recupera\u00e7\u00e3o judicial envolvendo R$ 17,3 bilh\u00f5es, um dos maiores j\u00e1 registrados no vareto brasileiro. A rede n\u00e3o est\u00e1 sozinha. Um dia antes, a Marabraz havia entrado com pedido semelhante, de R$ 140,2 milh\u00f5es. Em maio, a Tok&amp;Stok j\u00e1 tomara o mesmo caminho, depois de fechar o segundo trimestre com preju\u00edzo de R$ 232,7 milh\u00f5es e queda de 37,3% na receita.<\/p>\n<p>Os casos fazem parte de um movimento mais amplo. De acordo com a Serasa Experian, o pa\u00eds somava 7.726 empresas em recupera\u00e7\u00e3o judicial at\u00e9 junho, alta de 20,5% em doze meses. No varejo, foram 986 companhias apenas no primeiro semestre \u2014 avan\u00e7o de 20,4% na compara\u00e7\u00e3o anual.<\/p>\n<p>Para especialistas, o motor da crise n\u00e3o est\u00e1 nas vendas, mas no custo do cr\u00e9dito. A taxa Selic come\u00e7ou 2026 em 15% ao ano e recuou de forma gradual ao longo dos meses, chegando a 14% em agosto, segundo o Banco Central. Empresas que acumulavam d\u00edvidas desde o ciclo de juros altos iniciado em 2022 passaram a gastar mais para rolar esses compromissos, o que pressionou o caixa.<\/p>\n<p>O aperto tamb\u00e9m atinge o outro lado do balc\u00e3o. Levantamento da Confedera\u00e7\u00e3o Nacional do Com\u00e9rcio (CNC) aponta que 82% das fam\u00edlias brasileiras est\u00e3o endividadas, recorde da s\u00e9rie hist\u00f3rica, com o cart\u00e3o de cr\u00e9dito presente em 85,3% dos casos. Entre as que ganham at\u00e9 tr\u00eas sal\u00e1rios m\u00ednimos, que constituem o p\u00fablico tradicional das grandes redes de eletrodom\u00e9sticos e m\u00f3veis, o \u00edndice chega a 84,9%.<\/p>\n<p>\u00c9 nesse cen\u00e1rio que a recupera\u00e7\u00e3o judicial tem sido acionada. O mecanismo garante \u00e0 empresa um per\u00edodo de prote\u00e7\u00e3o, com a suspens\u00e3o de cobran\u00e7as e execu\u00e7\u00f5es por 180 dias, para renegociar com os credores de forma organizada, sem que o caixa seja pressionado por diversas cobran\u00e7as ao mesmo tempo. No caso da Casas Bahia, o processo envolve mais de 19 mil credores, dos quais 94,8% n\u00e3o possuem garantia real.<\/p>\n<p>&quot;A recupera\u00e7\u00e3o judicial mudou de significado. Deixou de ser um sinal de vulnerabilidade para se tornar uma decis\u00e3o estrat\u00e9gica de quem quer reorganizar as contas com o respaldo da lei&quot;, afirma Ant\u00f4nio Frange J\u00fanior, advogado especialista em recupera\u00e7\u00e3o judicial e reestrutura\u00e7\u00e3o de empresas. &quot;O que essas companhias buscam n\u00e3o \u00e9 um milagre, \u00e9 tempo e previsibilidade para renegociar o passivo. E o que separa uma recupera\u00e7\u00e3o bem conduzida de uma tentativa frustrada \u00e9 o planejamento: quanto antes a empresa desenha a estrat\u00e9gia, maiores as chances de preservar a opera\u00e7\u00e3o, os empregos e a rela\u00e7\u00e3o com os fornecedores.&quot;<\/p>\n<p>O uso do instrumento por companhias de grande porte, com \u00e1reas jur\u00eddicas estruturadas e acesso a cr\u00e9dito, tem sido interpretado no mercado como uma decis\u00e3o de gest\u00e3o, e n\u00e3o de esgotamento. A avalia\u00e7\u00e3o \u00e9 a de que reorganizar o passivo sob amparo legal se tornou o caminho mais racional enquanto os juros permanecem em um patamar elevado.<\/p>\n<p>A trajet\u00f3ria de queda da Selic deve continuar, mas em ritmo que dificilmente elimina no curto prazo o estoque de d\u00edvidas acumulado. Analistas avaliam que, caso o cr\u00e9dito siga caro, novos pedidos podem surgir nos pr\u00f3ximos meses \u2014 e que a diferen\u00e7a entre as empresas que atravessarem o cen\u00e1rio e as demais tende a estar menos no tamanho do passivo e mais no momento e na forma de reorganiz\u00e1-lo.<\/p>\n<p><img src='https:\/\/api.dino.com.br\/v2\/news\/tr\/336484?partnerId=4593' alt=\"\" style=\"border:0px;width:1px;height:1px;\" \/><\/p>","protected":false},"excerpt":{"rendered":"<p>De Casas Bahia a Tok&#038;Stok, grandes redes transformam a recupera\u00e7\u00e3o judicial em estrat\u00e9gia para renegociar passivos bilion\u00e1rios e manter a opera\u00e7\u00e3o de p\u00e9.<\/p>","protected":false},"author":3,"featured_media":34786,"comment_status":"open","ping_status":"open","sticky":false,"template":"","format":"standard","meta":{"_seopress_titles_title":"","_seopress_titles_desc":"","_seopress_robots_index":"","_seopress_robots_follow":"","_seopress_robots_imageindex":"","_seopress_robots_snippet":"","_seopress_robots_primary_cat":"","_seopress_robots_breadcrumbs":"","_seopress_robots_freeze_modified_date":"","_seopress_robots_custom_modified_date":"","_seopress_robots_canonical":"","_seopress_social_fb_title":"","_seopress_social_fb_desc":"","_seopress_social_fb_img":"","_seopress_social_fb_img_attachment_id":0,"_seopress_social_fb_img_width":0,"_seopress_social_fb_img_height":0,"_seopress_social_twitter_title":"","_seopress_social_twitter_desc":"","_seopress_social_twitter_img":"","_seopress_social_twitter_img_attachment_id":0,"_seopress_social_twitter_img_width":0,"_seopress_social_twitter_img_height":0,"_seopress_redirections_value":"","_seopress_redirections_enabled":"","_seopress_redirections_enabled_regex":"","_seopress_redirections_logged_status":"","_seopress_redirections_param":"","_seopress_redirections_type":0,"_seopress_analysis_target_kw":"","page_builder":"","footnotes":""},"categories":[315],"tags":[444,336,341,324,351],"class_list":["post-34785","post","type-post","status-publish","format-standard","has-post-thumbnail","category-noticias-corporativas-dino","tag-agronegocios","tag-atacado-e-varejo","tag-economia","tag-negocios","tag-sociedade"],"yoast_head":"<!-- This site is optimized with the Yoast SEO plugin v28.3 - https:\/\/yoast.com\/product\/yoast-seo-wordpress\/ -->\n<title>Crise leva gigantes do varejo \u00e0 recupera\u00e7\u00e3o judicial - Portal Masculino de Moda, Beleza, Luxo and Business - Angel Boss<\/title>\n<meta name=\"robots\" content=\"index, follow, max-snippet:-1, max-image-preview:large, max-video-preview:-1\" \/>\n<link rel=\"canonical\" href=\"https:\/\/angelboss.com.br\/en\/2026\/09\/01\/336484-crise-leva-gigantes-do-varejo-a-recuperacao-judicial\/\" \/>\n<meta property=\"og:locale\" content=\"en_US\" \/>\n<meta property=\"og:type\" content=\"article\" \/>\n<meta property=\"og:title\" content=\"Crise leva gigantes do varejo \u00e0 recupera\u00e7\u00e3o judicial - Portal Masculino de Moda, Beleza, Luxo and Business - Angel Boss\" \/>\n<meta property=\"og:description\" content=\"De Casas Bahia a Tok&amp;Stok, grandes redes transformam a recupera\u00e7\u00e3o judicial em estrat\u00e9gia para renegociar passivos bilion\u00e1rios e manter a opera\u00e7\u00e3o de p\u00e9.\" \/>\n<meta property=\"og:url\" content=\"https:\/\/angelboss.com.br\/en\/2026\/09\/01\/336484-crise-leva-gigantes-do-varejo-a-recuperacao-judicial\/\" \/>\n<meta property=\"og:site_name\" content=\"Portal Masculino de Moda, Beleza, Luxo and Business - Angel Boss\" \/>\n<meta property=\"article:published_time\" content=\"2026-09-01T00:00:00+00:00\" \/>\n<meta property=\"og:image\" content=\"https:\/\/api.dino.com.br\/v2\/news\/tr\/336484?partnerId=4593\" \/>\n<meta name=\"author\" content=\"DINO\" \/>\n<meta name=\"twitter:card\" content=\"summary_large_image\" \/>\n<meta name=\"twitter:label1\" content=\"Written by\" \/>\n\t<meta name=\"twitter:data1\" content=\"DINO\" \/>\n\t<meta name=\"twitter:label2\" content=\"Est. reading time\" \/>\n\t<meta name=\"twitter:data2\" content=\"3 minutes\" \/>\n<script type=\"application\/ld+json\" class=\"yoast-schema-graph\">{\"@context\":\"https:\\\/\\\/schema.org\",\"@graph\":[{\"@type\":\"Article\",\"@id\":\"https:\\\/\\\/angelboss.com.br\\\/2026\\\/09\\\/01\\\/336484-crise-leva-gigantes-do-varejo-a-recuperacao-judicial\\\/#article\",\"isPartOf\":{\"@id\":\"https:\\\/\\\/angelboss.com.br\\\/2026\\\/09\\\/01\\\/336484-crise-leva-gigantes-do-varejo-a-recuperacao-judicial\\\/\"},\"author\":{\"name\":\"DINO\",\"@id\":\"http:\\\/\\\/angelboss.com.br\\\/#\\\/schema\\\/person\\\/b6676b8d991f97199ef2d5b8e5c2d8a5\"},\"headline\":\"Crise leva gigantes do varejo \u00e0 recupera\u00e7\u00e3o judicial\",\"datePublished\":\"2026-09-01T00:00:00+00:00\",\"mainEntityOfPage\":{\"@id\":\"https:\\\/\\\/angelboss.com.br\\\/2026\\\/09\\\/01\\\/336484-crise-leva-gigantes-do-varejo-a-recuperacao-judicial\\\/\"},\"wordCount\":593,\"commentCount\":0,\"publisher\":{\"@id\":\"http:\\\/\\\/angelboss.com.br\\\/#organization\"},\"image\":{\"@id\":\"https:\\\/\\\/angelboss.com.br\\\/2026\\\/09\\\/01\\\/336484-crise-leva-gigantes-do-varejo-a-recuperacao-judicial\\\/#primaryimage\"},\"thumbnailUrl\":\"http:\\\/\\\/angelboss.com.br\\\/wp-content\\\/uploads\\\/2026\\\/09\\\/d751c49c-ff15-4ad2-8566-0373a81116e8.jpg\",\"keywords\":[\"AGRONEG\u00d3CIOS\",\"ATACADO E VAREJO\",\"ECONOMIA\",\"NEG\u00d3CIOS\",\"SOCIEDADE\"],\"articleSection\":[\"Not\u00edcias Corporativas\"],\"inLanguage\":\"en-US\",\"potentialAction\":[{\"@type\":\"CommentAction\",\"name\":\"Comment\",\"target\":[\"https:\\\/\\\/angelboss.com.br\\\/2026\\\/09\\\/01\\\/336484-crise-leva-gigantes-do-varejo-a-recuperacao-judicial\\\/#respond\"]}]},{\"@type\":\"WebPage\",\"@id\":\"https:\\\/\\\/angelboss.com.br\\\/2026\\\/09\\\/01\\\/336484-crise-leva-gigantes-do-varejo-a-recuperacao-judicial\\\/\",\"url\":\"https:\\\/\\\/angelboss.com.br\\\/2026\\\/09\\\/01\\\/336484-crise-leva-gigantes-do-varejo-a-recuperacao-judicial\\\/\",\"name\":\"Crise leva gigantes do varejo \u00e0 recupera\u00e7\u00e3o judicial - Portal Masculino de Moda, Beleza, Luxo and Business - Angel Boss\",\"isPartOf\":{\"@id\":\"http:\\\/\\\/angelboss.com.br\\\/#website\"},\"primaryImageOfPage\":{\"@id\":\"https:\\\/\\\/angelboss.com.br\\\/2026\\\/09\\\/01\\\/336484-crise-leva-gigantes-do-varejo-a-recuperacao-judicial\\\/#primaryimage\"},\"image\":{\"@id\":\"https:\\\/\\\/angelboss.com.br\\\/2026\\\/09\\\/01\\\/336484-crise-leva-gigantes-do-varejo-a-recuperacao-judicial\\\/#primaryimage\"},\"thumbnailUrl\":\"http:\\\/\\\/angelboss.com.br\\\/wp-content\\\/uploads\\\/2026\\\/09\\\/d751c49c-ff15-4ad2-8566-0373a81116e8.jpg\",\"datePublished\":\"2026-09-01T00:00:00+00:00\",\"breadcrumb\":{\"@id\":\"https:\\\/\\\/angelboss.com.br\\\/2026\\\/09\\\/01\\\/336484-crise-leva-gigantes-do-varejo-a-recuperacao-judicial\\\/#breadcrumb\"},\"inLanguage\":\"en-US\",\"potentialAction\":[{\"@type\":\"ReadAction\",\"target\":[\"https:\\\/\\\/angelboss.com.br\\\/2026\\\/09\\\/01\\\/336484-crise-leva-gigantes-do-varejo-a-recuperacao-judicial\\\/\"]}]},{\"@type\":\"ImageObject\",\"inLanguage\":\"en-US\",\"@id\":\"https:\\\/\\\/angelboss.com.br\\\/2026\\\/09\\\/01\\\/336484-crise-leva-gigantes-do-varejo-a-recuperacao-judicial\\\/#primaryimage\",\"url\":\"http:\\\/\\\/angelboss.com.br\\\/wp-content\\\/uploads\\\/2026\\\/09\\\/d751c49c-ff15-4ad2-8566-0373a81116e8.jpg\",\"contentUrl\":\"http:\\\/\\\/angelboss.com.br\\\/wp-content\\\/uploads\\\/2026\\\/09\\\/d751c49c-ff15-4ad2-8566-0373a81116e8.jpg\",\"width\":1200,\"height\":700,\"caption\":\"d751c49c ff15 4ad2 8566 0373a81116e8\"},{\"@type\":\"BreadcrumbList\",\"@id\":\"https:\\\/\\\/angelboss.com.br\\\/2026\\\/09\\\/01\\\/336484-crise-leva-gigantes-do-varejo-a-recuperacao-judicial\\\/#breadcrumb\",\"itemListElement\":[{\"@type\":\"ListItem\",\"position\":1,\"name\":\"In\u00edcio\",\"item\":\"http:\\\/\\\/angelboss.com.br\\\/\"},{\"@type\":\"ListItem\",\"position\":2,\"name\":\"Crise leva gigantes do varejo \u00e0 recupera\u00e7\u00e3o judicial\"}]},{\"@type\":\"WebSite\",\"@id\":\"http:\\\/\\\/angelboss.com.br\\\/#website\",\"url\":\"http:\\\/\\\/angelboss.com.br\\\/\",\"name\":\"Portal Masculino de Moda, Beleza, Luxo e Business - Angel Boss\",\"description\":\"O Maior Portal sobre Moda, Luxo, Beleza e Business Masculino do Brasil\",\"publisher\":{\"@id\":\"http:\\\/\\\/angelboss.com.br\\\/#organization\"},\"alternateName\":\"Maior Portal e Blog de Beleza Masculina e Luxo\",\"potentialAction\":[{\"@type\":\"SearchAction\",\"target\":{\"@type\":\"EntryPoint\",\"urlTemplate\":\"http:\\\/\\\/angelboss.com.br\\\/?s={search_term_string}\"},\"query-input\":{\"@type\":\"PropertyValueSpecification\",\"valueRequired\":true,\"valueName\":\"search_term_string\"}}],\"inLanguage\":\"en-US\"},{\"@type\":\"Organization\",\"@id\":\"http:\\\/\\\/angelboss.com.br\\\/#organization\",\"name\":\"Portal Masculino de Moda, Beleza, Luxo and Business - Angel Boss\",\"url\":\"http:\\\/\\\/angelboss.com.br\\\/\",\"logo\":{\"@type\":\"ImageObject\",\"inLanguage\":\"en-US\",\"@id\":\"http:\\\/\\\/angelboss.com.br\\\/#\\\/schema\\\/logo\\\/image\\\/\",\"url\":\"https:\\\/\\\/angelboss.com.br\\\/wp-content\\\/uploads\\\/2025\\\/12\\\/WhatsApp-Image-2025-12-11-at-12.54.26.jpeg\",\"contentUrl\":\"https:\\\/\\\/angelboss.com.br\\\/wp-content\\\/uploads\\\/2025\\\/12\\\/WhatsApp-Image-2025-12-11-at-12.54.26.jpeg\",\"width\":1280,\"height\":1280,\"caption\":\"Portal Masculino de Moda, Beleza, Luxo and Business - Angel Boss\"},\"image\":{\"@id\":\"http:\\\/\\\/angelboss.com.br\\\/#\\\/schema\\\/logo\\\/image\\\/\"}},{\"@type\":\"Person\",\"@id\":\"http:\\\/\\\/angelboss.com.br\\\/#\\\/schema\\\/person\\\/b6676b8d991f97199ef2d5b8e5c2d8a5\",\"name\":\"DINO\",\"image\":{\"@type\":\"ImageObject\",\"inLanguage\":\"en-US\",\"@id\":\"https:\\\/\\\/secure.gravatar.com\\\/avatar\\\/f29568383aedf96da155b6f87103b0e04b1c662f982055cda25086444ab33ff8?s=96&d=mm&r=g\",\"url\":\"https:\\\/\\\/secure.gravatar.com\\\/avatar\\\/f29568383aedf96da155b6f87103b0e04b1c662f982055cda25086444ab33ff8?s=96&d=mm&r=g\",\"contentUrl\":\"https:\\\/\\\/secure.gravatar.com\\\/avatar\\\/f29568383aedf96da155b6f87103b0e04b1c662f982055cda25086444ab33ff8?s=96&d=mm&r=g\",\"caption\":\"DINO\"},\"url\":\"http:\\\/\\\/angelboss.com.br\\\/en\\\/author\\\/DINO\\\/\"}]}<\/script>\n<!-- \/ Yoast SEO plugin. -->","yoast_head_json":{"title":"Crise leva gigantes do varejo \u00e0 recupera\u00e7\u00e3o judicial - Portal Masculino de Moda, Beleza, Luxo and Business - Angel Boss","robots":{"index":"index","follow":"follow","max-snippet":"max-snippet:-1","max-image-preview":"max-image-preview:large","max-video-preview":"max-video-preview:-1"},"canonical":"https:\/\/angelboss.com.br\/en\/2026\/09\/01\/336484-crise-leva-gigantes-do-varejo-a-recuperacao-judicial\/","og_locale":"en_US","og_type":"article","og_title":"Crise leva gigantes do varejo \u00e0 recupera\u00e7\u00e3o judicial - Portal Masculino de Moda, Beleza, Luxo and Business - Angel Boss","og_description":"De Casas Bahia a Tok&Stok, grandes redes transformam a recupera\u00e7\u00e3o judicial em estrat\u00e9gia para renegociar passivos bilion\u00e1rios e manter a opera\u00e7\u00e3o de p\u00e9.","og_url":"https:\/\/angelboss.com.br\/en\/2026\/09\/01\/336484-crise-leva-gigantes-do-varejo-a-recuperacao-judicial\/","og_site_name":"Portal Masculino de Moda, Beleza, Luxo and Business - Angel Boss","article_published_time":"2026-09-01T00:00:00+00:00","og_image":[{"url":"https:\/\/api.dino.com.br\/v2\/news\/tr\/336484?partnerId=4593","type":"","width":"","height":""}],"author":"DINO","twitter_card":"summary_large_image","twitter_misc":{"Written by":"DINO","Est. reading time":"3 minutes"},"schema":{"@context":"https:\/\/schema.org","@graph":[{"@type":"Article","@id":"https:\/\/angelboss.com.br\/2026\/09\/01\/336484-crise-leva-gigantes-do-varejo-a-recuperacao-judicial\/#article","isPartOf":{"@id":"https:\/\/angelboss.com.br\/2026\/09\/01\/336484-crise-leva-gigantes-do-varejo-a-recuperacao-judicial\/"},"author":{"name":"DINO","@id":"http:\/\/angelboss.com.br\/#\/schema\/person\/b6676b8d991f97199ef2d5b8e5c2d8a5"},"headline":"Crise leva gigantes do varejo \u00e0 recupera\u00e7\u00e3o judicial","datePublished":"2026-09-01T00:00:00+00:00","mainEntityOfPage":{"@id":"https:\/\/angelboss.com.br\/2026\/09\/01\/336484-crise-leva-gigantes-do-varejo-a-recuperacao-judicial\/"},"wordCount":593,"commentCount":0,"publisher":{"@id":"http:\/\/angelboss.com.br\/#organization"},"image":{"@id":"https:\/\/angelboss.com.br\/2026\/09\/01\/336484-crise-leva-gigantes-do-varejo-a-recuperacao-judicial\/#primaryimage"},"thumbnailUrl":"http:\/\/angelboss.com.br\/wp-content\/uploads\/2026\/09\/d751c49c-ff15-4ad2-8566-0373a81116e8.jpg","keywords":["AGRONEG\u00d3CIOS","ATACADO E VAREJO","ECONOMIA","NEG\u00d3CIOS","SOCIEDADE"],"articleSection":["Not\u00edcias Corporativas"],"inLanguage":"en-US","potentialAction":[{"@type":"CommentAction","name":"Comment","target":["https:\/\/angelboss.com.br\/2026\/09\/01\/336484-crise-leva-gigantes-do-varejo-a-recuperacao-judicial\/#respond"]}]},{"@type":"WebPage","@id":"https:\/\/angelboss.com.br\/2026\/09\/01\/336484-crise-leva-gigantes-do-varejo-a-recuperacao-judicial\/","url":"https:\/\/angelboss.com.br\/2026\/09\/01\/336484-crise-leva-gigantes-do-varejo-a-recuperacao-judicial\/","name":"Crise leva gigantes do varejo \u00e0 recupera\u00e7\u00e3o judicial - Portal Masculino de Moda, Beleza, Luxo and Business - Angel Boss","isPartOf":{"@id":"http:\/\/angelboss.com.br\/#website"},"primaryImageOfPage":{"@id":"https:\/\/angelboss.com.br\/2026\/09\/01\/336484-crise-leva-gigantes-do-varejo-a-recuperacao-judicial\/#primaryimage"},"image":{"@id":"https:\/\/angelboss.com.br\/2026\/09\/01\/336484-crise-leva-gigantes-do-varejo-a-recuperacao-judicial\/#primaryimage"},"thumbnailUrl":"http:\/\/angelboss.com.br\/wp-content\/uploads\/2026\/09\/d751c49c-ff15-4ad2-8566-0373a81116e8.jpg","datePublished":"2026-09-01T00:00:00+00:00","breadcrumb":{"@id":"https:\/\/angelboss.com.br\/2026\/09\/01\/336484-crise-leva-gigantes-do-varejo-a-recuperacao-judicial\/#breadcrumb"},"inLanguage":"en-US","potentialAction":[{"@type":"ReadAction","target":["https:\/\/angelboss.com.br\/2026\/09\/01\/336484-crise-leva-gigantes-do-varejo-a-recuperacao-judicial\/"]}]},{"@type":"ImageObject","inLanguage":"en-US","@id":"https:\/\/angelboss.com.br\/2026\/09\/01\/336484-crise-leva-gigantes-do-varejo-a-recuperacao-judicial\/#primaryimage","url":"http:\/\/angelboss.com.br\/wp-content\/uploads\/2026\/09\/d751c49c-ff15-4ad2-8566-0373a81116e8.jpg","contentUrl":"http:\/\/angelboss.com.br\/wp-content\/uploads\/2026\/09\/d751c49c-ff15-4ad2-8566-0373a81116e8.jpg","width":1200,"height":700,"caption":"d751c49c ff15 4ad2 8566 0373a81116e8"},{"@type":"BreadcrumbList","@id":"https:\/\/angelboss.com.br\/2026\/09\/01\/336484-crise-leva-gigantes-do-varejo-a-recuperacao-judicial\/#breadcrumb","itemListElement":[{"@type":"ListItem","position":1,"name":"In\u00edcio","item":"http:\/\/angelboss.com.br\/"},{"@type":"ListItem","position":2,"name":"Crise leva gigantes do varejo \u00e0 recupera\u00e7\u00e3o judicial"}]},{"@type":"WebSite","@id":"http:\/\/angelboss.com.br\/#website","url":"http:\/\/angelboss.com.br\/","name":"Portal Masculino de Moda, Beleza, Luxo e Business - Angel Boss","description":"O Maior Portal sobre Moda, Luxo, Beleza e Business Masculino do Brasil","publisher":{"@id":"http:\/\/angelboss.com.br\/#organization"},"alternateName":"Maior Portal e Blog de Beleza Masculina e Luxo","potentialAction":[{"@type":"SearchAction","target":{"@type":"EntryPoint","urlTemplate":"http:\/\/angelboss.com.br\/?s={search_term_string}"},"query-input":{"@type":"PropertyValueSpecification","valueRequired":true,"valueName":"search_term_string"}}],"inLanguage":"en-US"},{"@type":"Organization","@id":"http:\/\/angelboss.com.br\/#organization","name":"Portal Masculino de Moda, Beleza, Luxo and Business - Angel Boss","url":"http:\/\/angelboss.com.br\/","logo":{"@type":"ImageObject","inLanguage":"en-US","@id":"http:\/\/angelboss.com.br\/#\/schema\/logo\/image\/","url":"https:\/\/angelboss.com.br\/wp-content\/uploads\/2025\/12\/WhatsApp-Image-2025-12-11-at-12.54.26.jpeg","contentUrl":"https:\/\/angelboss.com.br\/wp-content\/uploads\/2025\/12\/WhatsApp-Image-2025-12-11-at-12.54.26.jpeg","width":1280,"height":1280,"caption":"Portal Masculino de Moda, Beleza, Luxo and Business - Angel Boss"},"image":{"@id":"http:\/\/angelboss.com.br\/#\/schema\/logo\/image\/"}},{"@type":"Person","@id":"http:\/\/angelboss.com.br\/#\/schema\/person\/b6676b8d991f97199ef2d5b8e5c2d8a5","name":"DINO","image":{"@type":"ImageObject","inLanguage":"en-US","@id":"https:\/\/secure.gravatar.com\/avatar\/f29568383aedf96da155b6f87103b0e04b1c662f982055cda25086444ab33ff8?s=96&d=mm&r=g","url":"https:\/\/secure.gravatar.com\/avatar\/f29568383aedf96da155b6f87103b0e04b1c662f982055cda25086444ab33ff8?s=96&d=mm&r=g","contentUrl":"https:\/\/secure.gravatar.com\/avatar\/f29568383aedf96da155b6f87103b0e04b1c662f982055cda25086444ab33ff8?s=96&d=mm&r=g","caption":"DINO"},"url":"http:\/\/angelboss.com.br\/en\/author\/DINO\/"}]}},"amp_enabled":true,"_links":{"self":[{"href":"http:\/\/angelboss.com.br\/en\/wp-json\/wp\/v2\/posts\/34785","targetHints":{"allow":["GET"]}}],"collection":[{"href":"http:\/\/angelboss.com.br\/en\/wp-json\/wp\/v2\/posts"}],"about":[{"href":"http:\/\/angelboss.com.br\/en\/wp-json\/wp\/v2\/types\/post"}],"author":[{"embeddable":true,"href":"http:\/\/angelboss.com.br\/en\/wp-json\/wp\/v2\/users\/3"}],"replies":[{"embeddable":true,"href":"http:\/\/angelboss.com.br\/en\/wp-json\/wp\/v2\/comments?post=34785"}],"version-history":[{"count":0,"href":"http:\/\/angelboss.com.br\/en\/wp-json\/wp\/v2\/posts\/34785\/revisions"}],"wp:featuredmedia":[{"embeddable":true,"href":"http:\/\/angelboss.com.br\/en\/wp-json\/wp\/v2\/media\/34786"}],"wp:attachment":[{"href":"http:\/\/angelboss.com.br\/en\/wp-json\/wp\/v2\/media?parent=34785"}],"wp:term":[{"taxonomy":"category","embeddable":true,"href":"http:\/\/angelboss.com.br\/en\/wp-json\/wp\/v2\/categories?post=34785"},{"taxonomy":"post_tag","embeddable":true,"href":"http:\/\/angelboss.com.br\/en\/wp-json\/wp\/v2\/tags?post=34785"}],"curies":[{"name":"wp","href":"https:\/\/api.w.org\/{rel}","templated":true}]}}