{"id":34730,"date":"2026-08-31T00:00:00","date_gmt":"2026-08-31T00:00:00","guid":{"rendered":"https:\/\/angelboss.com.br\/2026\/08\/31\/334427-antt-recebeu-dados-para-piso-minimo-do-frete\/"},"modified":"2026-08-31T00:00:00","modified_gmt":"2026-08-31T00:00:00","slug":"334427-antt-recebeu-dados-para-piso-minimo-do-frete","status":"publish","type":"post","link":"http:\/\/angelboss.com.br\/en\/2026\/08\/31\/334427-antt-recebeu-dados-para-piso-minimo-do-frete\/","title":{"rendered":"ANTT recebeu dados para piso m\u00ednimo do frete"},"content":{"rendered":"<p>A <a rel=\"follow\" href=\"https:\/\/www.gov.br\/antt\/pt-br\/assuntos\/noticias-defeso-eleitoral\/pesquisa-sobre-piso-minimo-do-frete-recebe-contribuicoes-ate-o-dia-21-de-agosto\">Ag&ecirc;ncia Nacional de Transportes Terrestres<\/a> (ANTT) encerrou no dia 21 de agosto o prazo para recebimento de dados da pesquisa sobre o piso m&iacute;nimo do frete. A iniciativa governamental, embasada em publica&ccedil;&atilde;o veiculada atrav&eacute;s do <a rel=\"follow\" href=\"http:\/\/gov.br\"><strong>portal oficial gov.br<\/strong><\/a>, tem o prop&oacute;sito de compilar informa&ccedil;&otilde;es atualizadas sobre os custos operacionais enfrentados diariamente pelos profissionais nas estradas de todo o pa&iacute;s.<\/p>\n<p>O p&uacute;blico-alvo deste levantamento abrange diferentes categorias de atua&ccedil;&atilde;o, incluindo o Transportador Aut&ocirc;nomo de Cargas (TAC), o TAC Agregado, a Empresa de Transporte Rodovi&aacute;rio de Cargas (ETC) e a Cooperativa de Transporte Rodovi&aacute;rio de Cargas (CTC). Todos os representantes dessas classes est&atilde;o aptos a preencher o formul&aacute;rio disponibilizado pela autarquia federal.<\/p>\n<p>A coleta destes dados &eacute; uma etapa fundamental para a regula&ccedil;&atilde;o do mercado de <a rel=\"follow\" href=\"https:\/\/segbemtransportes.com.br\/transporte-de-carga\/\"><strong>transporte de carga<\/strong><\/a> no Brasil. O registro preciso das despesas recorrentes permite que o &oacute;rg&atilde;o regulador entenda as flutua&ccedil;&otilde;es econ&ocirc;micas que incidem sobre a atividade rotineira do <a rel=\"follow\" href=\"https:\/\/segbemtransportes.com.br\/transporte-rodoviario\/\"><strong>transporte rodovi&aacute;rio<\/strong><\/a>, garantindo maior embasamento para os estudos t&eacute;cnicos em desenvolvimento pela ag&ecirc;ncia.<\/p>\n<p>Durante as viagens, fatores como combust&iacute;vel, pneus, manuten&ccedil;&atilde;o veicular, alimenta&ccedil;&atilde;o e pernoite geram varia&ccedil;&otilde;es expressivas no or&ccedil;amento final. Tais elementos afetam diretamente o planejamento financeiro das opera&ccedil;&otilde;es log&iacute;sticas especializadas em promover o deslocamento de <a rel=\"follow\" href=\"https:\/\/segbemtransportes.com.br\/carga-fechada\/\"><strong>cargas fechadas<\/strong><\/a>, exigindo uma tabela de refer&ecirc;ncia que acompanhe a realidade econ&ocirc;mica do setor.<\/p>\n<p>A din&acirc;mica de custos tamb&eacute;m se altera consideravelmente quando a presta&ccedil;&atilde;o de servi&ccedil;o envolve o modelo log&iacute;stico de entrega de <a rel=\"follow\" href=\"https:\/\/segbemtransportes.com.br\/carga-fracionada\/\"><strong>carga fracionada<\/strong><\/a>. Neste cen&aacute;rio espec&iacute;fico, as despesas com m&atilde;o de obra, paradas m&uacute;ltiplas e gerenciamento de frota precisam ser reportadas de forma detalhada pelos participantes da pesquisa, para que a metodologia de c&aacute;lculo contemple todas as nuances da opera&ccedil;&atilde;o.<\/p>\n<p>&quot;A pesquisa traz a chance de alinhar a tabela aos custos reais da estrada&quot;, afirma Everaldo Correia, s&oacute;cio propriet&aacute;rio da SegBem, <a rel=\"follow\" href=\"https:\/\/segbemtransportes.com.br\/transportadora-em-sao-paulo\/\">transportadora em S&atilde;o Paulo<\/a>.<\/p>\n<p>Al&eacute;m das mercadorias tradicionais, a adequa&ccedil;&atilde;o da tabela de pre&ccedil;os &eacute; vital para demandas de maior complexidade, abarcando o transporte de <a rel=\"follow\" href=\"https:\/\/segbemtransportes.com.br\/cargas-indivisiveis\/\"><strong>carga indivis&iacute;vel <\/strong><\/a><strong>e&nbsp; <\/strong><a rel=\"follow\" href=\"https:\/\/segbemtransportes.com.br\/cargas-perigosas\/\"><strong>carga perigosa<\/strong><\/a>. Estas viagens demandam investimentos espec&iacute;ficos em seguran&ccedil;a, equipamentos diferenciados e licenciamentos rigorosos, custos que devem ser absorvidos na formula&ccedil;&atilde;o do novo piso.<\/p>\n<p>Conforme ressaltado na publica&ccedil;&atilde;o oficial da ANTT, as informa&ccedil;&otilde;es dos profissionais do setor s&atilde;o o fator determinante para garantir um c&aacute;lculo justo e transparente, refletindo as reais necessidades e os complexos desafios da infraestrutura vi&aacute;ria brasileira.<\/p>\n<p><strong>Sobre a SegBem Transportes<\/strong>: Localizada em <a rel=\"follow\" href=\"https:\/\/segbemtransportes.com.br\/transportadora-em-itaquaquecetuba\/\">Itaquaquecetuba<\/a>, estrategicamente ao lado do Rodoanel M&aacute;rio Covas, das rodovias Dutra, Ayrton Senna e da cidade de <a rel=\"follow\" href=\"https:\/\/segbemtransportes.com.br\/transportadora-em-guarulhos\">Guarulhos<\/a>, a SegBem Transportes possui mais de 10 anos de experi&ecirc;ncia no setor e acumula a marca de mais de 100 mil cargas entregues. A <a rel=\"follow\" href=\"https:\/\/segbemtransportes.com.br\/\">transportadora<\/a> oferece solu&ccedil;&otilde;es log&iacute;sticas completas, levando mercadorias com rapidez, seguran&ccedil;a e efici&ecirc;ncia para qualquer lugar do Brasil. A estrutura da empresa proporciona aos clientes a tranquilidade de contar com um parceiro log&iacute;stico experiente e diretamente comprometido com o sucesso cont&iacute;nuo de seus neg&oacute;cios.<\/p>\n<p><img src='https:\/\/api.dino.com.br\/v2\/news\/tr\/334427?partnerId=4593' alt=\"\" style=\"border:0px;width:1px;height:1px;\" \/><\/p>","protected":false},"excerpt":{"rendered":"<p>A Ag\u00eancia Nacional de Transportes Terrestres (ANTT) encerrou no dia 21 de agosto o recebimento de contribui\u00e7\u00f5es para a pesquisa focada nos custos operacionais do setor. O objetivo do levantamento t\u00e9cnico \u00e9 aprimorar a metodologia de c\u00e1lculo da Pol\u00edtica Nacional de Pisos M\u00ednimos de Frete, convocando a participa\u00e7\u00e3o de empresas e aut\u00f4nomos para garantir que os valores definidos reflitam a realidade financeira e pr\u00e1tica das estradas nacionais.<\/p>","protected":false},"author":3,"featured_media":34731,"comment_status":"open","ping_status":"open","sticky":false,"template":"","format":"standard","meta":{"_seopress_titles_title":"","_seopress_titles_desc":"","_seopress_robots_index":"","_seopress_robots_follow":"","_seopress_robots_imageindex":"","_seopress_robots_snippet":"","_seopress_robots_primary_cat":"","_seopress_robots_breadcrumbs":"","_seopress_robots_freeze_modified_date":"","_seopress_robots_custom_modified_date":"","_seopress_robots_canonical":"","_seopress_social_fb_title":"","_seopress_social_fb_desc":"","_seopress_social_fb_img":"","_seopress_social_fb_img_attachment_id":0,"_seopress_social_fb_img_width":0,"_seopress_social_fb_img_height":0,"_seopress_social_twitter_title":"","_seopress_social_twitter_desc":"","_seopress_social_twitter_img":"","_seopress_social_twitter_img_attachment_id":0,"_seopress_social_twitter_img_width":0,"_seopress_social_twitter_img_height":0,"_seopress_redirections_value":"","_seopress_redirections_enabled":"","_seopress_redirections_enabled_regex":"","_seopress_redirections_logged_status":"","_seopress_redirections_param":"","_seopress_redirections_type":0,"_seopress_analysis_target_kw":"","page_builder":"","footnotes":""},"categories":[315],"tags":[341,409,324,369,376],"class_list":["post-34730","post","type-post","status-publish","format-standard","has-post-thumbnail","category-noticias-corporativas-dino","tag-economia","tag-mobilidade","tag-negocios","tag-politicas","tag-quatro-rodas"],"yoast_head":"<!-- This site is optimized with the Yoast SEO plugin v28.4 - https:\/\/yoast.com\/product\/yoast-seo-wordpress\/ -->\n<title>ANTT recebeu dados para piso m\u00ednimo do frete - Portal Masculino de Moda, Beleza, Luxo and Business - Angel Boss<\/title>\n<meta name=\"robots\" content=\"index, follow, max-snippet:-1, max-image-preview:large, max-video-preview:-1\" \/>\n<link rel=\"canonical\" href=\"https:\/\/angelboss.com.br\/en\/2026\/08\/31\/334427-antt-recebeu-dados-para-piso-minimo-do-frete\/\" \/>\n<meta property=\"og:locale\" content=\"en_US\" \/>\n<meta property=\"og:type\" content=\"article\" \/>\n<meta property=\"og:title\" content=\"ANTT recebeu dados para piso m\u00ednimo do frete - Portal Masculino de Moda, Beleza, Luxo and Business - Angel Boss\" \/>\n<meta property=\"og:description\" content=\"A Ag\u00eancia Nacional de Transportes Terrestres (ANTT) encerrou no dia 21 de agosto o recebimento de contribui\u00e7\u00f5es para a pesquisa focada nos custos operacionais do setor. O objetivo do levantamento t\u00e9cnico \u00e9 aprimorar a metodologia de c\u00e1lculo da Pol\u00edtica Nacional de Pisos M\u00ednimos de Frete, convocando a participa\u00e7\u00e3o de empresas e aut\u00f4nomos para garantir que os valores definidos reflitam a realidade financeira e pr\u00e1tica das estradas nacionais.\" \/>\n<meta property=\"og:url\" content=\"https:\/\/angelboss.com.br\/en\/2026\/08\/31\/334427-antt-recebeu-dados-para-piso-minimo-do-frete\/\" \/>\n<meta property=\"og:site_name\" content=\"Portal Masculino de Moda, Beleza, Luxo and Business - Angel Boss\" \/>\n<meta property=\"article:published_time\" content=\"2026-08-31T00:00:00+00:00\" \/>\n<meta property=\"og:image\" content=\"https:\/\/angelboss.com.br\/wp-content\/uploads\/2026\/08\/98dc5ccd-79a5-4c94-8899-4aa9b4946224.png\" \/>\n\t<meta property=\"og:image:width\" content=\"1067\" \/>\n\t<meta property=\"og:image:height\" content=\"800\" \/>\n\t<meta property=\"og:image:type\" content=\"image\/png\" \/>\n<meta name=\"author\" content=\"DINO\" \/>\n<meta name=\"twitter:card\" content=\"summary_large_image\" \/>\n<meta name=\"twitter:label1\" content=\"Written by\" \/>\n\t<meta name=\"twitter:data1\" content=\"DINO\" \/>\n\t<meta name=\"twitter:label2\" content=\"Est. reading time\" \/>\n\t<meta name=\"twitter:data2\" content=\"3 minutes\" \/>\n<script type=\"application\/ld+json\" class=\"yoast-schema-graph\">{\"@context\":\"https:\\\/\\\/schema.org\",\"@graph\":[{\"@type\":\"Article\",\"@id\":\"https:\\\/\\\/angelboss.com.br\\\/2026\\\/08\\\/31\\\/334427-antt-recebeu-dados-para-piso-minimo-do-frete\\\/#article\",\"isPartOf\":{\"@id\":\"https:\\\/\\\/angelboss.com.br\\\/2026\\\/08\\\/31\\\/334427-antt-recebeu-dados-para-piso-minimo-do-frete\\\/\"},\"author\":{\"name\":\"DINO\",\"@id\":\"http:\\\/\\\/angelboss.com.br\\\/#\\\/schema\\\/person\\\/b6676b8d991f97199ef2d5b8e5c2d8a5\"},\"headline\":\"ANTT recebeu dados para piso m\u00ednimo do frete\",\"datePublished\":\"2026-08-31T00:00:00+00:00\",\"mainEntityOfPage\":{\"@id\":\"https:\\\/\\\/angelboss.com.br\\\/2026\\\/08\\\/31\\\/334427-antt-recebeu-dados-para-piso-minimo-do-frete\\\/\"},\"wordCount\":629,\"commentCount\":0,\"publisher\":{\"@id\":\"http:\\\/\\\/angelboss.com.br\\\/#organization\"},\"image\":{\"@id\":\"https:\\\/\\\/angelboss.com.br\\\/2026\\\/08\\\/31\\\/334427-antt-recebeu-dados-para-piso-minimo-do-frete\\\/#primaryimage\"},\"thumbnailUrl\":\"http:\\\/\\\/angelboss.com.br\\\/wp-content\\\/uploads\\\/2026\\\/08\\\/98dc5ccd-79a5-4c94-8899-4aa9b4946224.png\",\"keywords\":[\"ECONOMIA\",\"MOBILIDADE\",\"NEG\u00d3CIOS\",\"POL\u00cdTICAS\",\"QUATRO RODAS\"],\"articleSection\":[\"Not\u00edcias Corporativas\"],\"inLanguage\":\"en-US\",\"potentialAction\":[{\"@type\":\"CommentAction\",\"name\":\"Comment\",\"target\":[\"https:\\\/\\\/angelboss.com.br\\\/2026\\\/08\\\/31\\\/334427-antt-recebeu-dados-para-piso-minimo-do-frete\\\/#respond\"]}]},{\"@type\":\"WebPage\",\"@id\":\"https:\\\/\\\/angelboss.com.br\\\/2026\\\/08\\\/31\\\/334427-antt-recebeu-dados-para-piso-minimo-do-frete\\\/\",\"url\":\"https:\\\/\\\/angelboss.com.br\\\/2026\\\/08\\\/31\\\/334427-antt-recebeu-dados-para-piso-minimo-do-frete\\\/\",\"name\":\"ANTT recebeu dados para piso m\u00ednimo do frete - Portal Masculino de Moda, Beleza, Luxo and Business - Angel Boss\",\"isPartOf\":{\"@id\":\"http:\\\/\\\/angelboss.com.br\\\/#website\"},\"primaryImageOfPage\":{\"@id\":\"https:\\\/\\\/angelboss.com.br\\\/2026\\\/08\\\/31\\\/334427-antt-recebeu-dados-para-piso-minimo-do-frete\\\/#primaryimage\"},\"image\":{\"@id\":\"https:\\\/\\\/angelboss.com.br\\\/2026\\\/08\\\/31\\\/334427-antt-recebeu-dados-para-piso-minimo-do-frete\\\/#primaryimage\"},\"thumbnailUrl\":\"http:\\\/\\\/angelboss.com.br\\\/wp-content\\\/uploads\\\/2026\\\/08\\\/98dc5ccd-79a5-4c94-8899-4aa9b4946224.png\",\"datePublished\":\"2026-08-31T00:00:00+00:00\",\"breadcrumb\":{\"@id\":\"https:\\\/\\\/angelboss.com.br\\\/2026\\\/08\\\/31\\\/334427-antt-recebeu-dados-para-piso-minimo-do-frete\\\/#breadcrumb\"},\"inLanguage\":\"en-US\",\"potentialAction\":[{\"@type\":\"ReadAction\",\"target\":[\"https:\\\/\\\/angelboss.com.br\\\/2026\\\/08\\\/31\\\/334427-antt-recebeu-dados-para-piso-minimo-do-frete\\\/\"]}]},{\"@type\":\"ImageObject\",\"inLanguage\":\"en-US\",\"@id\":\"https:\\\/\\\/angelboss.com.br\\\/2026\\\/08\\\/31\\\/334427-antt-recebeu-dados-para-piso-minimo-do-frete\\\/#primaryimage\",\"url\":\"http:\\\/\\\/angelboss.com.br\\\/wp-content\\\/uploads\\\/2026\\\/08\\\/98dc5ccd-79a5-4c94-8899-4aa9b4946224.png\",\"contentUrl\":\"http:\\\/\\\/angelboss.com.br\\\/wp-content\\\/uploads\\\/2026\\\/08\\\/98dc5ccd-79a5-4c94-8899-4aa9b4946224.png\",\"width\":1067,\"height\":800,\"caption\":\"98dc5ccd 79a5 4c94 8899 4aa9b4946224\"},{\"@type\":\"BreadcrumbList\",\"@id\":\"https:\\\/\\\/angelboss.com.br\\\/2026\\\/08\\\/31\\\/334427-antt-recebeu-dados-para-piso-minimo-do-frete\\\/#breadcrumb\",\"itemListElement\":[{\"@type\":\"ListItem\",\"position\":1,\"name\":\"In\u00edcio\",\"item\":\"https:\\\/\\\/angelboss.com.br\\\/\"},{\"@type\":\"ListItem\",\"position\":2,\"name\":\"ANTT recebeu dados para piso m\u00ednimo do frete\"}]},{\"@type\":\"WebSite\",\"@id\":\"http:\\\/\\\/angelboss.com.br\\\/#website\",\"url\":\"http:\\\/\\\/angelboss.com.br\\\/\",\"name\":\"Portal Masculino de Moda, Beleza, Luxo e Business - Angel Boss\",\"description\":\"O Maior Portal sobre Moda, Luxo, Beleza e Business Masculino do Brasil\",\"publisher\":{\"@id\":\"http:\\\/\\\/angelboss.com.br\\\/#organization\"},\"alternateName\":\"Maior Portal e Blog de Beleza Masculina e Luxo\",\"potentialAction\":[{\"@type\":\"SearchAction\",\"target\":{\"@type\":\"EntryPoint\",\"urlTemplate\":\"http:\\\/\\\/angelboss.com.br\\\/?s={search_term_string}\"},\"query-input\":{\"@type\":\"PropertyValueSpecification\",\"valueRequired\":true,\"valueName\":\"search_term_string\"}}],\"inLanguage\":\"en-US\"},{\"@type\":\"Organization\",\"@id\":\"http:\\\/\\\/angelboss.com.br\\\/#organization\",\"name\":\"Portal Masculino de Moda, Beleza, Luxo and Business - Angel Boss\",\"url\":\"http:\\\/\\\/angelboss.com.br\\\/\",\"logo\":{\"@type\":\"ImageObject\",\"inLanguage\":\"en-US\",\"@id\":\"http:\\\/\\\/angelboss.com.br\\\/#\\\/schema\\\/logo\\\/image\\\/\",\"url\":\"https:\\\/\\\/angelboss.com.br\\\/wp-content\\\/uploads\\\/2025\\\/12\\\/WhatsApp-Image-2025-12-11-at-12.54.26.jpeg\",\"contentUrl\":\"https:\\\/\\\/angelboss.com.br\\\/wp-content\\\/uploads\\\/2025\\\/12\\\/WhatsApp-Image-2025-12-11-at-12.54.26.jpeg\",\"width\":1280,\"height\":1280,\"caption\":\"Portal Masculino de Moda, Beleza, Luxo and Business - Angel Boss\"},\"image\":{\"@id\":\"http:\\\/\\\/angelboss.com.br\\\/#\\\/schema\\\/logo\\\/image\\\/\"}},{\"@type\":\"Person\",\"@id\":\"http:\\\/\\\/angelboss.com.br\\\/#\\\/schema\\\/person\\\/b6676b8d991f97199ef2d5b8e5c2d8a5\",\"name\":\"DINO\",\"image\":{\"@type\":\"ImageObject\",\"inLanguage\":\"en-US\",\"@id\":\"https:\\\/\\\/secure.gravatar.com\\\/avatar\\\/f29568383aedf96da155b6f87103b0e04b1c662f982055cda25086444ab33ff8?s=96&d=mm&r=g\",\"url\":\"https:\\\/\\\/secure.gravatar.com\\\/avatar\\\/f29568383aedf96da155b6f87103b0e04b1c662f982055cda25086444ab33ff8?s=96&d=mm&r=g\",\"contentUrl\":\"https:\\\/\\\/secure.gravatar.com\\\/avatar\\\/f29568383aedf96da155b6f87103b0e04b1c662f982055cda25086444ab33ff8?s=96&d=mm&r=g\",\"caption\":\"DINO\"},\"url\":\"http:\\\/\\\/angelboss.com.br\\\/en\\\/author\\\/DINO\\\/\"}]}<\/script>\n<!-- \/ Yoast SEO plugin. -->","yoast_head_json":{"title":"ANTT recebeu dados para piso m\u00ednimo do frete - Portal Masculino de Moda, Beleza, Luxo and Business - Angel Boss","robots":{"index":"index","follow":"follow","max-snippet":"max-snippet:-1","max-image-preview":"max-image-preview:large","max-video-preview":"max-video-preview:-1"},"canonical":"https:\/\/angelboss.com.br\/en\/2026\/08\/31\/334427-antt-recebeu-dados-para-piso-minimo-do-frete\/","og_locale":"en_US","og_type":"article","og_title":"ANTT recebeu dados para piso m\u00ednimo do frete - Portal Masculino de Moda, Beleza, Luxo and Business - Angel Boss","og_description":"A Ag\u00eancia Nacional de Transportes Terrestres (ANTT) encerrou no dia 21 de agosto o recebimento de contribui\u00e7\u00f5es para a pesquisa focada nos custos operacionais do setor. O objetivo do levantamento t\u00e9cnico \u00e9 aprimorar a metodologia de c\u00e1lculo da Pol\u00edtica Nacional de Pisos M\u00ednimos de Frete, convocando a participa\u00e7\u00e3o de empresas e aut\u00f4nomos para garantir que os valores definidos reflitam a realidade financeira e pr\u00e1tica das estradas nacionais.","og_url":"https:\/\/angelboss.com.br\/en\/2026\/08\/31\/334427-antt-recebeu-dados-para-piso-minimo-do-frete\/","og_site_name":"Portal Masculino de Moda, Beleza, Luxo and Business - Angel Boss","article_published_time":"2026-08-31T00:00:00+00:00","og_image":[{"width":1067,"height":800,"url":"https:\/\/angelboss.com.br\/wp-content\/uploads\/2026\/08\/98dc5ccd-79a5-4c94-8899-4aa9b4946224.png","type":"image\/png"}],"author":"DINO","twitter_card":"summary_large_image","twitter_misc":{"Written by":"DINO","Est. reading time":"3 minutes"},"schema":{"@context":"https:\/\/schema.org","@graph":[{"@type":"Article","@id":"https:\/\/angelboss.com.br\/2026\/08\/31\/334427-antt-recebeu-dados-para-piso-minimo-do-frete\/#article","isPartOf":{"@id":"https:\/\/angelboss.com.br\/2026\/08\/31\/334427-antt-recebeu-dados-para-piso-minimo-do-frete\/"},"author":{"name":"DINO","@id":"http:\/\/angelboss.com.br\/#\/schema\/person\/b6676b8d991f97199ef2d5b8e5c2d8a5"},"headline":"ANTT recebeu dados para piso m\u00ednimo do frete","datePublished":"2026-08-31T00:00:00+00:00","mainEntityOfPage":{"@id":"https:\/\/angelboss.com.br\/2026\/08\/31\/334427-antt-recebeu-dados-para-piso-minimo-do-frete\/"},"wordCount":629,"commentCount":0,"publisher":{"@id":"http:\/\/angelboss.com.br\/#organization"},"image":{"@id":"https:\/\/angelboss.com.br\/2026\/08\/31\/334427-antt-recebeu-dados-para-piso-minimo-do-frete\/#primaryimage"},"thumbnailUrl":"http:\/\/angelboss.com.br\/wp-content\/uploads\/2026\/08\/98dc5ccd-79a5-4c94-8899-4aa9b4946224.png","keywords":["ECONOMIA","MOBILIDADE","NEG\u00d3CIOS","POL\u00cdTICAS","QUATRO RODAS"],"articleSection":["Not\u00edcias Corporativas"],"inLanguage":"en-US","potentialAction":[{"@type":"CommentAction","name":"Comment","target":["https:\/\/angelboss.com.br\/2026\/08\/31\/334427-antt-recebeu-dados-para-piso-minimo-do-frete\/#respond"]}]},{"@type":"WebPage","@id":"https:\/\/angelboss.com.br\/2026\/08\/31\/334427-antt-recebeu-dados-para-piso-minimo-do-frete\/","url":"https:\/\/angelboss.com.br\/2026\/08\/31\/334427-antt-recebeu-dados-para-piso-minimo-do-frete\/","name":"ANTT recebeu dados para piso m\u00ednimo do frete - Portal Masculino de Moda, Beleza, Luxo and Business - Angel Boss","isPartOf":{"@id":"http:\/\/angelboss.com.br\/#website"},"primaryImageOfPage":{"@id":"https:\/\/angelboss.com.br\/2026\/08\/31\/334427-antt-recebeu-dados-para-piso-minimo-do-frete\/#primaryimage"},"image":{"@id":"https:\/\/angelboss.com.br\/2026\/08\/31\/334427-antt-recebeu-dados-para-piso-minimo-do-frete\/#primaryimage"},"thumbnailUrl":"http:\/\/angelboss.com.br\/wp-content\/uploads\/2026\/08\/98dc5ccd-79a5-4c94-8899-4aa9b4946224.png","datePublished":"2026-08-31T00:00:00+00:00","breadcrumb":{"@id":"https:\/\/angelboss.com.br\/2026\/08\/31\/334427-antt-recebeu-dados-para-piso-minimo-do-frete\/#breadcrumb"},"inLanguage":"en-US","potentialAction":[{"@type":"ReadAction","target":["https:\/\/angelboss.com.br\/2026\/08\/31\/334427-antt-recebeu-dados-para-piso-minimo-do-frete\/"]}]},{"@type":"ImageObject","inLanguage":"en-US","@id":"https:\/\/angelboss.com.br\/2026\/08\/31\/334427-antt-recebeu-dados-para-piso-minimo-do-frete\/#primaryimage","url":"http:\/\/angelboss.com.br\/wp-content\/uploads\/2026\/08\/98dc5ccd-79a5-4c94-8899-4aa9b4946224.png","contentUrl":"http:\/\/angelboss.com.br\/wp-content\/uploads\/2026\/08\/98dc5ccd-79a5-4c94-8899-4aa9b4946224.png","width":1067,"height":800,"caption":"98dc5ccd 79a5 4c94 8899 4aa9b4946224"},{"@type":"BreadcrumbList","@id":"https:\/\/angelboss.com.br\/2026\/08\/31\/334427-antt-recebeu-dados-para-piso-minimo-do-frete\/#breadcrumb","itemListElement":[{"@type":"ListItem","position":1,"name":"In\u00edcio","item":"https:\/\/angelboss.com.br\/"},{"@type":"ListItem","position":2,"name":"ANTT recebeu dados para piso m\u00ednimo do frete"}]},{"@type":"WebSite","@id":"http:\/\/angelboss.com.br\/#website","url":"http:\/\/angelboss.com.br\/","name":"Portal Masculino de Moda, Beleza, Luxo e Business - Angel Boss","description":"O Maior Portal sobre Moda, Luxo, Beleza e Business Masculino do Brasil","publisher":{"@id":"http:\/\/angelboss.com.br\/#organization"},"alternateName":"Maior Portal e Blog de Beleza Masculina e Luxo","potentialAction":[{"@type":"SearchAction","target":{"@type":"EntryPoint","urlTemplate":"http:\/\/angelboss.com.br\/?s={search_term_string}"},"query-input":{"@type":"PropertyValueSpecification","valueRequired":true,"valueName":"search_term_string"}}],"inLanguage":"en-US"},{"@type":"Organization","@id":"http:\/\/angelboss.com.br\/#organization","name":"Portal Masculino de Moda, Beleza, Luxo and Business - Angel Boss","url":"http:\/\/angelboss.com.br\/","logo":{"@type":"ImageObject","inLanguage":"en-US","@id":"http:\/\/angelboss.com.br\/#\/schema\/logo\/image\/","url":"https:\/\/angelboss.com.br\/wp-content\/uploads\/2025\/12\/WhatsApp-Image-2025-12-11-at-12.54.26.jpeg","contentUrl":"https:\/\/angelboss.com.br\/wp-content\/uploads\/2025\/12\/WhatsApp-Image-2025-12-11-at-12.54.26.jpeg","width":1280,"height":1280,"caption":"Portal Masculino de Moda, Beleza, Luxo and Business - Angel Boss"},"image":{"@id":"http:\/\/angelboss.com.br\/#\/schema\/logo\/image\/"}},{"@type":"Person","@id":"http:\/\/angelboss.com.br\/#\/schema\/person\/b6676b8d991f97199ef2d5b8e5c2d8a5","name":"DINO","image":{"@type":"ImageObject","inLanguage":"en-US","@id":"https:\/\/secure.gravatar.com\/avatar\/f29568383aedf96da155b6f87103b0e04b1c662f982055cda25086444ab33ff8?s=96&d=mm&r=g","url":"https:\/\/secure.gravatar.com\/avatar\/f29568383aedf96da155b6f87103b0e04b1c662f982055cda25086444ab33ff8?s=96&d=mm&r=g","contentUrl":"https:\/\/secure.gravatar.com\/avatar\/f29568383aedf96da155b6f87103b0e04b1c662f982055cda25086444ab33ff8?s=96&d=mm&r=g","caption":"DINO"},"url":"http:\/\/angelboss.com.br\/en\/author\/DINO\/"}]}},"amp_enabled":true,"_links":{"self":[{"href":"http:\/\/angelboss.com.br\/en\/wp-json\/wp\/v2\/posts\/34730","targetHints":{"allow":["GET"]}}],"collection":[{"href":"http:\/\/angelboss.com.br\/en\/wp-json\/wp\/v2\/posts"}],"about":[{"href":"http:\/\/angelboss.com.br\/en\/wp-json\/wp\/v2\/types\/post"}],"author":[{"embeddable":true,"href":"http:\/\/angelboss.com.br\/en\/wp-json\/wp\/v2\/users\/3"}],"replies":[{"embeddable":true,"href":"http:\/\/angelboss.com.br\/en\/wp-json\/wp\/v2\/comments?post=34730"}],"version-history":[{"count":0,"href":"http:\/\/angelboss.com.br\/en\/wp-json\/wp\/v2\/posts\/34730\/revisions"}],"wp:featuredmedia":[{"embeddable":true,"href":"http:\/\/angelboss.com.br\/en\/wp-json\/wp\/v2\/media\/34731"}],"wp:attachment":[{"href":"http:\/\/angelboss.com.br\/en\/wp-json\/wp\/v2\/media?parent=34730"}],"wp:term":[{"taxonomy":"category","embeddable":true,"href":"http:\/\/angelboss.com.br\/en\/wp-json\/wp\/v2\/categories?post=34730"},{"taxonomy":"post_tag","embeddable":true,"href":"http:\/\/angelboss.com.br\/en\/wp-json\/wp\/v2\/tags?post=34730"}],"curies":[{"name":"wp","href":"https:\/\/api.w.org\/{rel}","templated":true}]}}