{"id":34712,"date":"2026-08-31T21:07:05","date_gmt":"2026-08-31T21:07:05","guid":{"rendered":"https:\/\/angelboss.com.br\/?p=34712"},"modified":"2026-08-31T21:07:07","modified_gmt":"2026-08-31T21:07:07","slug":"popo-jardel-edebran-drogaria-iguatemi-varejo-fisico","status":"publish","type":"post","link":"http:\/\/angelboss.com.br\/en\/2026\/08\/31\/popo-jardel-edebran-drogaria-iguatemi-varejo-fisico\/","title":{"rendered":"P\u00f2po, de Jardel Edebran,\u00a0chega \u00e0 Drogaria Iguatemi com exclusividade e inaugura seu primeiro ponto de venda f\u00edsico"},"content":{"rendered":"<p class=\"wp-block-paragraph\"><em>Marca fundada pelo influenciador estreia no varejo f\u00edsico em um dos principais destinos de curadoria de beleza do pa\u00eds e apresenta seu universo de skincare que une tecnologia, sensorialidade e alta performance<\/em> &amp; Drogaria Iguatemi <\/p>\n\n\n\n<figure class=\"wp-block-table\"><table class=\"has-fixed-layout\"><tbody><tr><td><img decoding=\"async\" alt=\"\" width=\"800\" src=\"https:\/\/ci3.googleusercontent.com\/meips\/ADKq_NY-_RIXHEvAftDt3UoQkYRi1DpYSWjuZ-iNk9f--CpLKbSH_hM5bbc8BbxnoRx_zDAiqrhD1Cf8f6ehX7L9JnKHe7ld7V8k80vKOluXwJdyfKYHW_jCI0rpmivIMXNDnkPk7EB5Rl8LUEBDwWqY4H2Y-Cc9eNHUsgwb8X6NcEI_-13X7zn_1B78YQH3J19VwGYpFcGsduwZaTVX0PsPqS4NopE8I9NTpL65hf9JlAnWTQjAcr986Y1Hgig01oJXzj5VTvzTO2fAY7nnPMYbI4_Tx1CdllO4wyYnkLrVsqw=s0-d-e1-ft#https:\/\/s2601.imxsnd28.com\/8zYmOmFGOkBDN6InYu02bj5ycz9mYsV2ZuFGQsV2ZuF2b0Vmb6cTN4ITO2kjNxIjOnVGcq5ydvxmN4MWO3kDZilTM3YjMiNDZ4YjNyUDN5gzM0YjYwMWY1YkMlMWY1YkMlMDOyUzMGJTJ5YzMzcTN2cTNz8VL1ETLf9VLwITLfpzM\"><\/td><\/tr><\/tbody><\/table><\/figure>\n\n\n\n<p class=\"wp-block-paragraph\">A P\u00f2po acaba de dar um novo passo em sua trajet\u00f3ria no mercado brasileiro de beleza. Fundada pelo influenciador e entusiasta de skincare Jardel Edebran, a marca chega com exclusividade \u00e0 Drogaria Iguatemi, marcando n\u00e3o apenas sua entrada em um dos principais espa\u00e7os de curadoria de beleza do pa\u00eds, mas tamb\u00e9m a inaugura\u00e7\u00e3o de seu primeiro ponto de venda f\u00edsico.<\/p>\n\n\n\n<p class=\"wp-block-paragraph\">A novidade permite que os consumidores conhe\u00e7am de perto o universo da marca e experimentem presencialmente suas f\u00f3rmulas, texturas e propostas sensoriais. Para Jardel, a chegada ao varejo f\u00edsico representa um momento simb\u00f3lico na constru\u00e7\u00e3o da P\u00f2po, que nasceu a partir de sua rela\u00e7\u00e3o pessoal com o universo do skincare e de anos acompanhando de perto os movimentos da ind\u00fastria da beleza em diferentes mercados, especialmente na Coreia e no Jap\u00e3o.<\/p>\n\n\n\n<p class=\"wp-block-paragraph\">\u201cAntes de ser fundador de uma marca, eu sou consumidor, sou criador de conte\u00fado e sou algu\u00e9m que passa boa parte da vida pesquisando, testando produtos e viajando para entender o que est\u00e1 acontecendo na ind\u00fastria da beleza. Ver a P\u00f2po dentro da Drogaria Iguatemi, que tem uma curadoria t\u00e3o forte e um consumidor que realmente entende e procura beleza, \u00e9 quase uma valida\u00e7\u00e3o de todo esse caminho\u201d, afirma Jardel Edebran.<\/p>\n\n\n\n<p class=\"wp-block-paragraph\">A P\u00f2po se posiciona a partir da combina\u00e7\u00e3o entre tecnologia, ativos de alta performance, inova\u00e7\u00e3o e desejo. Mais do que incorporar ingredientes em tend\u00eancia \u00e0s f\u00f3rmulas, a proposta da marca \u00e9 pensar na maneira como cada ativo \u00e9 entregue \u00e0 pele, sua combina\u00e7\u00e3o com outros ingredientes e a experi\u00eancia proporcionada durante o uso.<\/p>\n\n\n\n<p class=\"wp-block-paragraph\">Esse olhar tamb\u00e9m est\u00e1 presente no atual momento de branding da marca, traduzido pelo conceito&nbsp;<strong>\u201cPer Ogni Pelle, Origini\u201d<\/strong>, express\u00e3o que parte da ideia de voltar \u00e0 origem daquilo que cada pele precisa, reconhecendo, ao mesmo tempo, sua individualidade. Sob o universo da&nbsp;<strong>Skin Bakery<\/strong>, a P\u00f2po transforma o ritual de skincare em uma experi\u00eancia que combina descoberta, prazer e cuidado, aproximando refer\u00eancias afetivas de uma vis\u00e3o contempor\u00e2nea e tecnol\u00f3gica da beleza.<\/p>\n\n\n\n<p class=\"wp-block-paragraph\">\u201cAcredito muito em f\u00f3rmulas inteligentes e multifuncionais. O consumidor brasileiro est\u00e1 cada vez mais informado e n\u00e3o quer necessariamente uma rotina com quinze produtos. Ele quer produtos que fa\u00e7am sentido, entreguem resultado e que sejam prazerosos de usar\u201d, explica o fundador.<\/p>\n\n\n\n<p class=\"wp-block-paragraph\">A estreia f\u00edsica tamb\u00e9m inaugura uma nova possibilidade de conex\u00e3o entre a marca e seu p\u00fablico. \u201cExiste uma coisa ainda mais especial: a P\u00f2po agora pode ser experimentada fisicamente. Eu sempre acreditei que skincare tamb\u00e9m \u00e9 sensorialidade. Quero que a pessoa possa entrar, testar uma textura, sentir um produto na pele, conhecer a linha e entender por que pensamos em cada f\u00f3rmula. \u00c9 um novo cap\u00edtulo da marca e, para mim, tamb\u00e9m \u00e9 a materializa\u00e7\u00e3o de um sonho\u201d, completa.<\/p>\n\n\n\n<p class=\"wp-block-paragraph\">A chegada \u00e0 Drogaria Iguatemi acontece em um momento de transforma\u00e7\u00e3o do mercado de skincare no Brasil. Com consumidores cada vez mais atentos a ingredientes, tecnologias e formula\u00e7\u00f5es, cresce a busca por produtos que conciliem performance e experi\u00eancias de uso mais intuitivas e agrad\u00e1veis. Entre os movimentos que v\u00eam ganhando for\u00e7a est\u00e3o o interesse pela longevidade da pele, o fortalecimento da barreira cut\u00e2nea e uma nova gera\u00e7\u00e3o de cosm\u00e9ticos de alta performance que busca entregar resultados sem tornar a rotina excessivamente complexa ou agressiva.<\/p>\n\n\n\n<p class=\"wp-block-paragraph\">\u201cA chegada da P\u00f2po \u00e0 Drogaria Iguatemi refor\u00e7a nosso olhar constante para marcas que est\u00e3o propondo novas conversas dentro do universo da beleza. Nosso papel como curadoria \u00e9 estar atento aos movimentos do mercado e, principalmente, ao que desperta o interesse de um consumidor cada vez mais informado e aberto a conhecer novas tecnologias, ingredientes e experi\u00eancias. A P\u00f2po traz justamente essa combina\u00e7\u00e3o entre inova\u00e7\u00e3o, alta performance e sensorialidade, al\u00e9m de uma leitura muito conectada \u00e0s tend\u00eancias globais de skincare. Ter a marca em nosso portf\u00f3lio, especialmente em sua primeira experi\u00eancia no varejo f\u00edsico, \u00e9 uma forma de apresentar ao nosso cliente um nome que vem construindo uma proposta relevante e contempor\u00e2nea para a categoria.\u201d, afirma Karina Diniz, Global Brand Curator do Grupo DI.<\/p>\n\n\n\n<p class=\"wp-block-paragraph\">\u00c9 nesse territ\u00f3rio que a P\u00f2po pretende construir sua presen\u00e7a: aproximando tecnologias e ativos que muitas vezes ainda parecem nichados do consumidor, por meio de produtos desej\u00e1veis e poss\u00edveis de incorporar \u00e0 rotina di\u00e1ria.<\/p>\n\n\n\n<p class=\"wp-block-paragraph\">Entre os destaques da marca est\u00e1 o&nbsp;<strong>Aya Energy Pulse 100<\/strong>, que traduz o olhar da P\u00f2po para novas tecnologias no skincare ao combinar microesp\u00edculas e NAD em uma proposta inspirada pelas inova\u00e7\u00f5es que v\u00eam movimentando especialmente o mercado asi\u00e1tico. J\u00e1 o&nbsp;<strong>Milk Baking Toner<\/strong>&nbsp;revela outra faceta da marca, com uma experi\u00eancia mais confort\u00e1vel e sensorial e uma f\u00f3rmula que re\u00fane quatro tipos de leite, Bioecolia e niacinamida, com foco em hidrata\u00e7\u00e3o, equil\u00edbrio e cuidado com a barreira cut\u00e2nea.<\/p>\n\n\n\n<p class=\"wp-block-paragraph\">Mais do que responder \u00e0s necessidades da pele, a marca busca fazer parte de um momento pessoal de autocuidado. Para Jardel, o universo da Skin Bakery nasce justamente dessa vontade de criar uma rela\u00e7\u00e3o mais afetiva com o skincare, explorando texturas, misturas, descobertas e sensa\u00e7\u00f5es. \u201cEu quero que abrir um produto P\u00f2po desperte curiosidade. Que a textura surpreenda. Que a pessoa tenha vontade de usar. E que, depois de algumas semanas, al\u00e9m de perceber a pele melhor, ela perceba que criou um pequeno ritual de cuidado com ela mesma.\u201d<\/p>\n\n\n\n<p class=\"wp-block-paragraph\">O portf\u00f3lio da marca j\u00e1 est\u00e1 dispon\u00edvel em lojas selecionadas da Drogaria Iguatemi e tamb\u00e9m no site, incluindo unidades Faria Lima, JK, Boa Vista Village e Moema.<\/p>\n\n\n\n<p class=\"wp-block-paragraph\"><\/p>","protected":false},"excerpt":{"rendered":"<p>Marca fundada pelo influenciador estreia no varejo f\u00edsico em um dos principais destinos de curadoria de beleza do pa\u00eds e apresenta seu universo de skincare que une tecnologia, sensorialidade e alta performance &amp; Drogaria Iguatemi A P\u00f2po acaba de dar um novo passo em sua trajet\u00f3ria no mercado brasileiro de beleza. Fundada pelo influenciador e<\/p>","protected":false},"author":2,"featured_media":34715,"comment_status":"open","ping_status":"open","sticky":false,"template":"","format":"standard","meta":{"_seopress_titles_title":"","_seopress_titles_desc":"","_seopress_robots_index":"","_seopress_robots_follow":"","_seopress_robots_imageindex":"","_seopress_robots_snippet":"","_seopress_robots_primary_cat":"","_seopress_robots_breadcrumbs":"","_seopress_robots_freeze_modified_date":"","_seopress_robots_custom_modified_date":"","_seopress_robots_canonical":"","_seopress_social_fb_title":"","_seopress_social_fb_desc":"","_seopress_social_fb_img":"","_seopress_social_fb_img_attachment_id":0,"_seopress_social_fb_img_width":0,"_seopress_social_fb_img_height":0,"_seopress_social_twitter_title":"","_seopress_social_twitter_desc":"","_seopress_social_twitter_img":"","_seopress_social_twitter_img_attachment_id":0,"_seopress_social_twitter_img_width":0,"_seopress_social_twitter_img_height":0,"_seopress_redirections_value":"","_seopress_redirections_enabled":"","_seopress_redirections_enabled_regex":"","_seopress_redirections_logged_status":"","_seopress_redirections_param":"","_seopress_redirections_type":0,"_seopress_analysis_target_kw":"","page_builder":"","footnotes":""},"categories":[162,3050,151,308,152],"tags":[6988,6986,6987],"class_list":["post-34712","post","type-post","status-publish","format-standard","has-post-thumbnail","category-beleza-e-bem-estar","category-branding","category-man","category-noticias","category-saude","tag-conceito-skin-bakery","tag-drogaria-iguatemi","tag-jardel-edebran"],"yoast_head":"<!-- This site is optimized with the Yoast SEO plugin v28.4 - https:\/\/yoast.com\/product\/yoast-seo-wordpress\/ -->\n<title>P\u00f2po de Jardel Edebran chega com exclusividade \u00e0 Drogaria Iguatemi<\/title>\n<meta name=\"description\" content=\"A marca de skincare P\u00f2po estreia no varejo f\u00edsico com exclusividade na Drogaria Iguatemi. Conhe\u00e7a as f\u00f3rmulas com tecnologia asi\u00e1tica e conceito Skin Bakery.\" \/>\n<meta name=\"robots\" content=\"index, follow, max-snippet:-1, max-image-preview:large, max-video-preview:-1\" \/>\n<link rel=\"canonical\" href=\"https:\/\/angelboss.com.br\/en\/2026\/08\/31\/popo-jardel-edebran-drogaria-iguatemi-varejo-fisico\/\" \/>\n<meta property=\"og:locale\" content=\"en_US\" \/>\n<meta property=\"og:type\" content=\"article\" \/>\n<meta property=\"og:title\" content=\"P\u00f2po de Jardel Edebran chega com exclusividade \u00e0 Drogaria Iguatemi\" \/>\n<meta property=\"og:description\" content=\"A marca de skincare P\u00f2po estreia no varejo f\u00edsico com exclusividade na Drogaria Iguatemi. Conhe\u00e7a as f\u00f3rmulas com tecnologia asi\u00e1tica e conceito Skin Bakery.\" \/>\n<meta property=\"og:url\" content=\"https:\/\/angelboss.com.br\/en\/2026\/08\/31\/popo-jardel-edebran-drogaria-iguatemi-varejo-fisico\/\" \/>\n<meta property=\"og:site_name\" content=\"Portal Masculino de Moda, Beleza, Luxo and Business - Angel Boss\" \/>\n<meta property=\"article:published_time\" content=\"2026-08-31T21:07:05+00:00\" \/>\n<meta property=\"article:modified_time\" content=\"2026-08-31T21:07:07+00:00\" \/>\n<meta property=\"og:image\" content=\"http:\/\/angelboss.com.br\/wp-content\/uploads\/2026\/08\/captura-de-tela-2026-08-31-180208.png\" \/>\n\t<meta property=\"og:image:width\" content=\"534\" \/>\n\t<meta property=\"og:image:height\" content=\"315\" \/>\n\t<meta property=\"og:image:type\" content=\"image\/png\" \/>\n<meta name=\"author\" content=\"Neto Angel Boss\" \/>\n<meta name=\"twitter:card\" content=\"summary_large_image\" \/>\n<meta name=\"twitter:label1\" content=\"Written by\" \/>\n\t<meta name=\"twitter:data1\" content=\"Neto Angel Boss\" \/>\n\t<meta name=\"twitter:label2\" content=\"Est. reading time\" \/>\n\t<meta name=\"twitter:data2\" content=\"6 minutes\" \/>\n<script type=\"application\/ld+json\" class=\"yoast-schema-graph\">{\"@context\":\"https:\\\/\\\/schema.org\",\"@graph\":[{\"@type\":\"Article\",\"@id\":\"https:\\\/\\\/angelboss.com.br\\\/2026\\\/08\\\/31\\\/popo-jardel-edebran-drogaria-iguatemi-varejo-fisico\\\/#article\",\"isPartOf\":{\"@id\":\"https:\\\/\\\/angelboss.com.br\\\/2026\\\/08\\\/31\\\/popo-jardel-edebran-drogaria-iguatemi-varejo-fisico\\\/\"},\"author\":{\"name\":\"Neto Angel Boss\",\"@id\":\"http:\\\/\\\/angelboss.com.br\\\/#\\\/schema\\\/person\\\/af084936b46cf2e03f299183e429e350\"},\"headline\":\"P\u00f2po, de Jardel Edebran,\u00a0chega \u00e0 Drogaria Iguatemi com exclusividade e inaugura seu primeiro ponto de venda f\u00edsico\",\"datePublished\":\"2026-08-31T21:07:05+00:00\",\"dateModified\":\"2026-08-31T21:07:07+00:00\",\"mainEntityOfPage\":{\"@id\":\"https:\\\/\\\/angelboss.com.br\\\/2026\\\/08\\\/31\\\/popo-jardel-edebran-drogaria-iguatemi-varejo-fisico\\\/\"},\"wordCount\":1029,\"commentCount\":0,\"publisher\":{\"@id\":\"http:\\\/\\\/angelboss.com.br\\\/#organization\"},\"image\":{\"@id\":\"https:\\\/\\\/angelboss.com.br\\\/2026\\\/08\\\/31\\\/popo-jardel-edebran-drogaria-iguatemi-varejo-fisico\\\/#primaryimage\"},\"thumbnailUrl\":\"http:\\\/\\\/angelboss.com.br\\\/wp-content\\\/uploads\\\/2026\\\/08\\\/captura-de-tela-2026-08-31-180208.png\",\"keywords\":[\"conceito Skin Bakery.\",\"Drogaria Iguatemi\",\"Jardel Edebran\"],\"articleSection\":[\"BELEZA E BEM-ESTAR\",\"branding\",\"MAN\",\"Not\u00edcias\",\"SA\u00daDE\"],\"inLanguage\":\"en-US\",\"potentialAction\":[{\"@type\":\"CommentAction\",\"name\":\"Comment\",\"target\":[\"https:\\\/\\\/angelboss.com.br\\\/2026\\\/08\\\/31\\\/popo-jardel-edebran-drogaria-iguatemi-varejo-fisico\\\/#respond\"]}]},{\"@type\":\"WebPage\",\"@id\":\"https:\\\/\\\/angelboss.com.br\\\/2026\\\/08\\\/31\\\/popo-jardel-edebran-drogaria-iguatemi-varejo-fisico\\\/\",\"url\":\"https:\\\/\\\/angelboss.com.br\\\/2026\\\/08\\\/31\\\/popo-jardel-edebran-drogaria-iguatemi-varejo-fisico\\\/\",\"name\":\"P\u00f2po de Jardel Edebran chega com exclusividade \u00e0 Drogaria Iguatemi\",\"isPartOf\":{\"@id\":\"http:\\\/\\\/angelboss.com.br\\\/#website\"},\"primaryImageOfPage\":{\"@id\":\"https:\\\/\\\/angelboss.com.br\\\/2026\\\/08\\\/31\\\/popo-jardel-edebran-drogaria-iguatemi-varejo-fisico\\\/#primaryimage\"},\"image\":{\"@id\":\"https:\\\/\\\/angelboss.com.br\\\/2026\\\/08\\\/31\\\/popo-jardel-edebran-drogaria-iguatemi-varejo-fisico\\\/#primaryimage\"},\"thumbnailUrl\":\"http:\\\/\\\/angelboss.com.br\\\/wp-content\\\/uploads\\\/2026\\\/08\\\/captura-de-tela-2026-08-31-180208.png\",\"datePublished\":\"2026-08-31T21:07:05+00:00\",\"dateModified\":\"2026-08-31T21:07:07+00:00\",\"description\":\"A marca de skincare P\u00f2po estreia no varejo f\u00edsico com exclusividade na Drogaria Iguatemi. Conhe\u00e7a as f\u00f3rmulas com tecnologia asi\u00e1tica e conceito Skin Bakery.\",\"breadcrumb\":{\"@id\":\"https:\\\/\\\/angelboss.com.br\\\/2026\\\/08\\\/31\\\/popo-jardel-edebran-drogaria-iguatemi-varejo-fisico\\\/#breadcrumb\"},\"inLanguage\":\"en-US\",\"potentialAction\":[{\"@type\":\"ReadAction\",\"target\":[\"https:\\\/\\\/angelboss.com.br\\\/2026\\\/08\\\/31\\\/popo-jardel-edebran-drogaria-iguatemi-varejo-fisico\\\/\"]}]},{\"@type\":\"ImageObject\",\"inLanguage\":\"en-US\",\"@id\":\"https:\\\/\\\/angelboss.com.br\\\/2026\\\/08\\\/31\\\/popo-jardel-edebran-drogaria-iguatemi-varejo-fisico\\\/#primaryimage\",\"url\":\"http:\\\/\\\/angelboss.com.br\\\/wp-content\\\/uploads\\\/2026\\\/08\\\/captura-de-tela-2026-08-31-180208.png\",\"contentUrl\":\"http:\\\/\\\/angelboss.com.br\\\/wp-content\\\/uploads\\\/2026\\\/08\\\/captura-de-tela-2026-08-31-180208.png\",\"width\":534,\"height\":315,\"caption\":\"Imagem\\\/Divulga\u00e7\u00e3o\"},{\"@type\":\"BreadcrumbList\",\"@id\":\"https:\\\/\\\/angelboss.com.br\\\/2026\\\/08\\\/31\\\/popo-jardel-edebran-drogaria-iguatemi-varejo-fisico\\\/#breadcrumb\",\"itemListElement\":[{\"@type\":\"ListItem\",\"position\":1,\"name\":\"In\u00edcio\",\"item\":\"http:\\\/\\\/angelboss.com.br\\\/\"},{\"@type\":\"ListItem\",\"position\":2,\"name\":\"P\u00f2po, de Jardel Edebran,\u00a0chega \u00e0 Drogaria Iguatemi com exclusividade e inaugura seu primeiro ponto de venda f\u00edsico\"}]},{\"@type\":\"WebSite\",\"@id\":\"http:\\\/\\\/angelboss.com.br\\\/#website\",\"url\":\"http:\\\/\\\/angelboss.com.br\\\/\",\"name\":\"Portal Masculino de Moda, Beleza, Luxo e Business - Angel Boss\",\"description\":\"O Maior Portal sobre Moda, Luxo, Beleza e Business Masculino do Brasil\",\"publisher\":{\"@id\":\"http:\\\/\\\/angelboss.com.br\\\/#organization\"},\"alternateName\":\"Maior Portal e Blog de Beleza Masculina e Luxo\",\"potentialAction\":[{\"@type\":\"SearchAction\",\"target\":{\"@type\":\"EntryPoint\",\"urlTemplate\":\"http:\\\/\\\/angelboss.com.br\\\/?s={search_term_string}\"},\"query-input\":{\"@type\":\"PropertyValueSpecification\",\"valueRequired\":true,\"valueName\":\"search_term_string\"}}],\"inLanguage\":\"en-US\"},{\"@type\":\"Organization\",\"@id\":\"http:\\\/\\\/angelboss.com.br\\\/#organization\",\"name\":\"Portal Masculino de Moda, Beleza, Luxo and Business - Angel Boss\",\"url\":\"http:\\\/\\\/angelboss.com.br\\\/\",\"logo\":{\"@type\":\"ImageObject\",\"inLanguage\":\"en-US\",\"@id\":\"http:\\\/\\\/angelboss.com.br\\\/#\\\/schema\\\/logo\\\/image\\\/\",\"url\":\"https:\\\/\\\/angelboss.com.br\\\/wp-content\\\/uploads\\\/2025\\\/12\\\/WhatsApp-Image-2025-12-11-at-12.54.26.jpeg\",\"contentUrl\":\"https:\\\/\\\/angelboss.com.br\\\/wp-content\\\/uploads\\\/2025\\\/12\\\/WhatsApp-Image-2025-12-11-at-12.54.26.jpeg\",\"width\":1280,\"height\":1280,\"caption\":\"Portal Masculino de Moda, Beleza, Luxo and Business - Angel Boss\"},\"image\":{\"@id\":\"http:\\\/\\\/angelboss.com.br\\\/#\\\/schema\\\/logo\\\/image\\\/\"}},{\"@type\":\"Person\",\"@id\":\"http:\\\/\\\/angelboss.com.br\\\/#\\\/schema\\\/person\\\/af084936b46cf2e03f299183e429e350\",\"name\":\"Neto Angel Boss\",\"image\":{\"@type\":\"ImageObject\",\"inLanguage\":\"en-US\",\"@id\":\"https:\\\/\\\/secure.gravatar.com\\\/avatar\\\/dbb38b2050e5181e32afbccf458635967af0767d15abe8168b35ebbd97907289?s=96&d=mm&r=g\",\"url\":\"https:\\\/\\\/secure.gravatar.com\\\/avatar\\\/dbb38b2050e5181e32afbccf458635967af0767d15abe8168b35ebbd97907289?s=96&d=mm&r=g\",\"contentUrl\":\"https:\\\/\\\/secure.gravatar.com\\\/avatar\\\/dbb38b2050e5181e32afbccf458635967af0767d15abe8168b35ebbd97907289?s=96&d=mm&r=g\",\"caption\":\"Neto Angel Boss\"},\"sameAs\":[\"http:\\\/\\\/www.angelboss.com\"],\"url\":\"http:\\\/\\\/angelboss.com.br\\\/en\\\/author\\\/netoangelboss\\\/\"}]}<\/script>\n<!-- \/ Yoast SEO plugin. -->","yoast_head_json":{"title":"P\u00f2po de Jardel Edebran chega com exclusividade \u00e0 Drogaria Iguatemi","description":"A marca de skincare P\u00f2po estreia no varejo f\u00edsico com exclusividade na Drogaria Iguatemi. Conhe\u00e7a as f\u00f3rmulas com tecnologia asi\u00e1tica e conceito Skin Bakery.","robots":{"index":"index","follow":"follow","max-snippet":"max-snippet:-1","max-image-preview":"max-image-preview:large","max-video-preview":"max-video-preview:-1"},"canonical":"https:\/\/angelboss.com.br\/en\/2026\/08\/31\/popo-jardel-edebran-drogaria-iguatemi-varejo-fisico\/","og_locale":"en_US","og_type":"article","og_title":"P\u00f2po de Jardel Edebran chega com exclusividade \u00e0 Drogaria Iguatemi","og_description":"A marca de skincare P\u00f2po estreia no varejo f\u00edsico com exclusividade na Drogaria Iguatemi. Conhe\u00e7a as f\u00f3rmulas com tecnologia asi\u00e1tica e conceito Skin Bakery.","og_url":"https:\/\/angelboss.com.br\/en\/2026\/08\/31\/popo-jardel-edebran-drogaria-iguatemi-varejo-fisico\/","og_site_name":"Portal Masculino de Moda, Beleza, Luxo and Business - Angel Boss","article_published_time":"2026-08-31T21:07:05+00:00","article_modified_time":"2026-08-31T21:07:07+00:00","og_image":[{"width":534,"height":315,"url":"http:\/\/angelboss.com.br\/wp-content\/uploads\/2026\/08\/captura-de-tela-2026-08-31-180208.png","type":"image\/png"}],"author":"Neto Angel Boss","twitter_card":"summary_large_image","twitter_misc":{"Written by":"Neto Angel Boss","Est. reading time":"6 minutes"},"schema":{"@context":"https:\/\/schema.org","@graph":[{"@type":"Article","@id":"https:\/\/angelboss.com.br\/2026\/08\/31\/popo-jardel-edebran-drogaria-iguatemi-varejo-fisico\/#article","isPartOf":{"@id":"https:\/\/angelboss.com.br\/2026\/08\/31\/popo-jardel-edebran-drogaria-iguatemi-varejo-fisico\/"},"author":{"name":"Neto Angel Boss","@id":"http:\/\/angelboss.com.br\/#\/schema\/person\/af084936b46cf2e03f299183e429e350"},"headline":"P\u00f2po, de Jardel Edebran,\u00a0chega \u00e0 Drogaria Iguatemi com exclusividade e inaugura seu primeiro ponto de venda f\u00edsico","datePublished":"2026-08-31T21:07:05+00:00","dateModified":"2026-08-31T21:07:07+00:00","mainEntityOfPage":{"@id":"https:\/\/angelboss.com.br\/2026\/08\/31\/popo-jardel-edebran-drogaria-iguatemi-varejo-fisico\/"},"wordCount":1029,"commentCount":0,"publisher":{"@id":"http:\/\/angelboss.com.br\/#organization"},"image":{"@id":"https:\/\/angelboss.com.br\/2026\/08\/31\/popo-jardel-edebran-drogaria-iguatemi-varejo-fisico\/#primaryimage"},"thumbnailUrl":"http:\/\/angelboss.com.br\/wp-content\/uploads\/2026\/08\/captura-de-tela-2026-08-31-180208.png","keywords":["conceito Skin Bakery.","Drogaria Iguatemi","Jardel Edebran"],"articleSection":["BELEZA E BEM-ESTAR","branding","MAN","Not\u00edcias","SA\u00daDE"],"inLanguage":"en-US","potentialAction":[{"@type":"CommentAction","name":"Comment","target":["https:\/\/angelboss.com.br\/2026\/08\/31\/popo-jardel-edebran-drogaria-iguatemi-varejo-fisico\/#respond"]}]},{"@type":"WebPage","@id":"https:\/\/angelboss.com.br\/2026\/08\/31\/popo-jardel-edebran-drogaria-iguatemi-varejo-fisico\/","url":"https:\/\/angelboss.com.br\/2026\/08\/31\/popo-jardel-edebran-drogaria-iguatemi-varejo-fisico\/","name":"P\u00f2po de Jardel Edebran chega com exclusividade \u00e0 Drogaria Iguatemi","isPartOf":{"@id":"http:\/\/angelboss.com.br\/#website"},"primaryImageOfPage":{"@id":"https:\/\/angelboss.com.br\/2026\/08\/31\/popo-jardel-edebran-drogaria-iguatemi-varejo-fisico\/#primaryimage"},"image":{"@id":"https:\/\/angelboss.com.br\/2026\/08\/31\/popo-jardel-edebran-drogaria-iguatemi-varejo-fisico\/#primaryimage"},"thumbnailUrl":"http:\/\/angelboss.com.br\/wp-content\/uploads\/2026\/08\/captura-de-tela-2026-08-31-180208.png","datePublished":"2026-08-31T21:07:05+00:00","dateModified":"2026-08-31T21:07:07+00:00","description":"A marca de skincare P\u00f2po estreia no varejo f\u00edsico com exclusividade na Drogaria Iguatemi. Conhe\u00e7a as f\u00f3rmulas com tecnologia asi\u00e1tica e conceito Skin Bakery.","breadcrumb":{"@id":"https:\/\/angelboss.com.br\/2026\/08\/31\/popo-jardel-edebran-drogaria-iguatemi-varejo-fisico\/#breadcrumb"},"inLanguage":"en-US","potentialAction":[{"@type":"ReadAction","target":["https:\/\/angelboss.com.br\/2026\/08\/31\/popo-jardel-edebran-drogaria-iguatemi-varejo-fisico\/"]}]},{"@type":"ImageObject","inLanguage":"en-US","@id":"https:\/\/angelboss.com.br\/2026\/08\/31\/popo-jardel-edebran-drogaria-iguatemi-varejo-fisico\/#primaryimage","url":"http:\/\/angelboss.com.br\/wp-content\/uploads\/2026\/08\/captura-de-tela-2026-08-31-180208.png","contentUrl":"http:\/\/angelboss.com.br\/wp-content\/uploads\/2026\/08\/captura-de-tela-2026-08-31-180208.png","width":534,"height":315,"caption":"Imagem\/Divulga\u00e7\u00e3o"},{"@type":"BreadcrumbList","@id":"https:\/\/angelboss.com.br\/2026\/08\/31\/popo-jardel-edebran-drogaria-iguatemi-varejo-fisico\/#breadcrumb","itemListElement":[{"@type":"ListItem","position":1,"name":"In\u00edcio","item":"http:\/\/angelboss.com.br\/"},{"@type":"ListItem","position":2,"name":"P\u00f2po, de Jardel Edebran,\u00a0chega \u00e0 Drogaria Iguatemi com exclusividade e inaugura seu primeiro ponto de venda f\u00edsico"}]},{"@type":"WebSite","@id":"http:\/\/angelboss.com.br\/#website","url":"http:\/\/angelboss.com.br\/","name":"Portal Masculino de Moda, Beleza, Luxo e Business - Angel Boss","description":"O Maior Portal sobre Moda, Luxo, Beleza e Business Masculino do Brasil","publisher":{"@id":"http:\/\/angelboss.com.br\/#organization"},"alternateName":"Maior Portal e Blog de Beleza Masculina e Luxo","potentialAction":[{"@type":"SearchAction","target":{"@type":"EntryPoint","urlTemplate":"http:\/\/angelboss.com.br\/?s={search_term_string}"},"query-input":{"@type":"PropertyValueSpecification","valueRequired":true,"valueName":"search_term_string"}}],"inLanguage":"en-US"},{"@type":"Organization","@id":"http:\/\/angelboss.com.br\/#organization","name":"Portal Masculino de Moda, Beleza, Luxo and Business - Angel Boss","url":"http:\/\/angelboss.com.br\/","logo":{"@type":"ImageObject","inLanguage":"en-US","@id":"http:\/\/angelboss.com.br\/#\/schema\/logo\/image\/","url":"https:\/\/angelboss.com.br\/wp-content\/uploads\/2025\/12\/WhatsApp-Image-2025-12-11-at-12.54.26.jpeg","contentUrl":"https:\/\/angelboss.com.br\/wp-content\/uploads\/2025\/12\/WhatsApp-Image-2025-12-11-at-12.54.26.jpeg","width":1280,"height":1280,"caption":"Portal Masculino de Moda, Beleza, Luxo and Business - Angel Boss"},"image":{"@id":"http:\/\/angelboss.com.br\/#\/schema\/logo\/image\/"}},{"@type":"Person","@id":"http:\/\/angelboss.com.br\/#\/schema\/person\/af084936b46cf2e03f299183e429e350","name":"Neto Angel Boss","image":{"@type":"ImageObject","inLanguage":"en-US","@id":"https:\/\/secure.gravatar.com\/avatar\/dbb38b2050e5181e32afbccf458635967af0767d15abe8168b35ebbd97907289?s=96&d=mm&r=g","url":"https:\/\/secure.gravatar.com\/avatar\/dbb38b2050e5181e32afbccf458635967af0767d15abe8168b35ebbd97907289?s=96&d=mm&r=g","contentUrl":"https:\/\/secure.gravatar.com\/avatar\/dbb38b2050e5181e32afbccf458635967af0767d15abe8168b35ebbd97907289?s=96&d=mm&r=g","caption":"Neto Angel Boss"},"sameAs":["http:\/\/www.angelboss.com"],"url":"http:\/\/angelboss.com.br\/en\/author\/netoangelboss\/"}]}},"amp_enabled":true,"_links":{"self":[{"href":"http:\/\/angelboss.com.br\/en\/wp-json\/wp\/v2\/posts\/34712","targetHints":{"allow":["GET"]}}],"collection":[{"href":"http:\/\/angelboss.com.br\/en\/wp-json\/wp\/v2\/posts"}],"about":[{"href":"http:\/\/angelboss.com.br\/en\/wp-json\/wp\/v2\/types\/post"}],"author":[{"embeddable":true,"href":"http:\/\/angelboss.com.br\/en\/wp-json\/wp\/v2\/users\/2"}],"replies":[{"embeddable":true,"href":"http:\/\/angelboss.com.br\/en\/wp-json\/wp\/v2\/comments?post=34712"}],"version-history":[{"count":1,"href":"http:\/\/angelboss.com.br\/en\/wp-json\/wp\/v2\/posts\/34712\/revisions"}],"predecessor-version":[{"id":34716,"href":"http:\/\/angelboss.com.br\/en\/wp-json\/wp\/v2\/posts\/34712\/revisions\/34716"}],"wp:featuredmedia":[{"embeddable":true,"href":"http:\/\/angelboss.com.br\/en\/wp-json\/wp\/v2\/media\/34715"}],"wp:attachment":[{"href":"http:\/\/angelboss.com.br\/en\/wp-json\/wp\/v2\/media?parent=34712"}],"wp:term":[{"taxonomy":"category","embeddable":true,"href":"http:\/\/angelboss.com.br\/en\/wp-json\/wp\/v2\/categories?post=34712"},{"taxonomy":"post_tag","embeddable":true,"href":"http:\/\/angelboss.com.br\/en\/wp-json\/wp\/v2\/tags?post=34712"}],"curies":[{"name":"wp","href":"https:\/\/api.w.org\/{rel}","templated":true}]}}