{"id":34678,"date":"2026-08-31T19:08:59","date_gmt":"2026-08-31T19:08:59","guid":{"rendered":"https:\/\/angelboss.com.br\/?p=34678"},"modified":"2026-08-31T19:09:02","modified_gmt":"2026-08-31T19:09:02","slug":"latam-rock-in-rio-2026-cat-dealers-ativacoes","status":"publish","type":"post","link":"http:\/\/angelboss.com.br\/en\/2026\/08\/31\/latam-rock-in-rio-2026-cat-dealers-ativacoes\/","title":{"rendered":"LATAM leva experi\u00eancia do Rock in Rio 2026 dos voos ao festival"},"content":{"rendered":"<p class=\"wp-block-paragraph\"><em>Companhia A\u00e9rea Oficial do evento apresenta conceito &#8220;Ir mais alto \u00e9 viajar com o ritmo da m\u00fasica&#8221;, e coloca o f\u00e3 no centro de sua estrat\u00e9gia<\/em><\/p>\n\n\n\n<p class=\"wp-block-paragraph\">A LATAM Airlines Brasil preparou uma s\u00e9rie de a\u00e7\u00f5es para conectar a experi\u00eancia de viagem ao Rock in Rio 2026. Partindo da ideia de que o festival \u00e9 o destino das melhores experi\u00eancias para o f\u00e3, a Companhia A\u00e9rea Oficial do evento apresenta o conceito \u201cIr mais alto \u00e9 viajar com o ritmo da m\u00fasica&#8221;, que vai guiar toda a sua estrat\u00e9gia de comunica\u00e7\u00e3o.<\/p>\n\n\n\n<p class=\"wp-block-paragraph\">Marca prepara voo especial com pocket show de Cat Dealers e ativa\u00e7\u00f5es com Uber, Eletromidia e parceiros, al\u00e9m de experi\u00eancias em espa\u00e7o pr\u00f3ximo ao Palco Mundo<\/p>\n\n\n\n<p class=\"wp-block-paragraph\">Idealizada pela Graphene by Omnicom (opera\u00e7\u00e3o dedicada que une WMcCann e MRM), a comunica\u00e7\u00e3o 360 come\u00e7a antes mesmo da chegada do p\u00fablico ao festival. A LATAM estar\u00e1 presente em diferentes momentos da jornada dos passageiros, com iniciativas a bordo, nas ruas, em plataformas digitais e durante todos os dias do festival, no Rio de Janeiro.<\/p>\n\n\n\n<p class=\"wp-block-paragraph\">Mantendo uma pr\u00e1tica que j\u00e1 \u00e9 tradi\u00e7\u00e3o da LATAM antes dos grandes festivais em que \u00e9 apoiadora, um dos destaques ser\u00e1 um voo especial entre S\u00e3o Paulo\/Congonhas e Rio de Janeiro\/Santos Dumont, em 1\u00ba de setembro, com pocket show de\u00a0<strong>Cat Dealers<\/strong>, dupla brasileira de DJs que integra o line-up do Rock in Rio 2026. Em parceria com a Mynd, especialista em marketing de influ\u00eancia, a apresenta\u00e7\u00e3o acontecer\u00e1 a bordo de uma aeronave especialmente adesivada para o festival e dar\u00e1 continuidade \u00e0s experi\u00eancias musicais promovidas pela LATAM em alguns de seus voos.<\/p>\n\n\n\n<p class=\"wp-block-paragraph\"><em>\u201cQueremos que a experi\u00eancia do Rock in Rio comece ainda na viagem. Ao conectar avia\u00e7\u00e3o, m\u00fasica e entretenimento, conseguimos estar presentes de forma relevante em diferentes etapas da jornada do p\u00fablico e, ao mesmo tempo, refor\u00e7ar o papel da conectividade para aproximar pessoas dos grandes acontecimentos do pa\u00eds<\/em>\u201d, afirma\u00a0<strong>Rodrigo Padilla, Global Chief Brand Officer do Grupo LATAM<\/strong>.<\/p>\n\n\n\n<p class=\"wp-block-paragraph\">Os passageiros do voo especial tamb\u00e9m receber\u00e3o brindes da LATAM e da Nestl\u00e9, parceira da iniciativa por meio da marca KitKat.<\/p>\n\n\n\n<figure class=\"wp-block-table\"><table class=\"has-fixed-layout\"><tbody><tr><td><img decoding=\"async\" alt=\"\" width=\"800\" src=\"https:\/\/ci3.googleusercontent.com\/meips\/ADKq_Nb2SKIqaBwSnHxw0qo-b0ruGSZr2U6_8F5rx8X7zPstTsyEHJJ33DMtlhs_DFt6fEHmYzxI-HfPkgR3uWi6dFQKCCI_uPjzDFSqMGMmgQcXYSywOHg8CHPJJQtt5SnCpxuWTvwXnoPxLeVvFn5Be1YtQXeu0g8ubzV_HdNum6JnysJ2BUYfJ67OOV3Q7UzxTIkU_zSuRxr7oo8qO1DhrjXOu6kOVyRtnGL6gh9OIg_kbdv8HX7EauzacjvkeVLmdD03aFleMXfBSDia2o0HhS8fjawsxJAc6fQsOw=s0-d-e1-ft#https:\/\/s2601.imxsnd80.com\/5==gMmpTOhRmNkdjOyJmLt92YuM3cvJGbldmbhBEbldmbh9Gdl5mO5gTM0MjM1QDMyozZlBnauc3bsVmYxEDOzcDOzADNzIWM3UDZ3EWNxYTO2gjY3QGMjZ2YGJTJjZ2YGJTJ3YjNwkjRyUCN5AjMx8VL1ETLf9VLwITLfpzM\"><\/td><\/tr><\/tbody><\/table><figcaption class=\"wp-element-caption\"><em>Dupla Cat Dealers se apresentar\u00e1 em voo especial da LATAM (Divulga\u00e7\u00e3o)<\/em><\/figcaption><\/figure>\n\n\n\n<p class=\"wp-block-paragraph\"><br><strong>AVI\u00c3O DA LATAM TAMB\u00c9M VAI \u201cVOAR\u201d PELO APLICATIVO DA UBER<\/strong><\/p>\n\n\n\n<p class=\"wp-block-paragraph\">Uma parceria com a Uber Advertising levar\u00e1 a experi\u00eancia da campanha para al\u00e9m dos aeroportos. A partir de 26 de agosto, durante 20 dias, usu\u00e1rios selecionados poder\u00e3o visualizar um avi\u00e3o da LATAM no lugar do tradicional \u00edcone de autom\u00f3vel usado para acompanhar o deslocamento no aplicativo. A iniciativa ser\u00e1 disponibilizada nacionalmente para usu\u00e1rios segmentados para essa campanha, incluindo viagens em trajetos para a aeroportos.<\/p>\n\n\n\n<p class=\"wp-block-paragraph\">No Rio de Janeiro,\u00a0<strong>40 carros<\/strong>\u00a0tamb\u00e9m circular\u00e3o adesivados com a campanha da LATAM. A a\u00e7\u00e3o, criada pela vertical Creative Studios da Uber Advertising, ainda conta com tablets nesses ve\u00edculos para uma experi\u00eancia de fotos: durante a viagem, os passageiros poder\u00e3o fazer registros e receb\u00ea-los digitalmente com uma moldura personalizada da campanha. Esta ser\u00e1 a\u00a0<strong>primeira a\u00e7\u00e3o desse tipo<\/strong>\u00a0realizada pela Uber no Brasil em parceria com outra marca.<\/p>\n\n\n\n<p class=\"wp-block-paragraph\"><em>\u201cA mobilidade oferece um contexto muito particular para as marcas: \u00e9 um momento em que as pessoas est\u00e3o em movimento, indo para experi\u00eancias que importam para elas. Com essa campanha, usamos criatividade e tecnologia para transformar esse contexto em uma experi\u00eancia de marca pensada especialmente para a LATAM, indo al\u00e9m dos formatos tradicionais de m\u00eddia\u201d<\/em>, afirma\u00a0<strong>P\u00e9terson Fernandes, Head da Uber Advertising no Brasil.<\/strong><\/p>\n\n\n\n<figure class=\"wp-block-table aligncenter\"><table class=\"has-fixed-layout\"><tbody><tr><td><img decoding=\"async\" alt=\"\" width=\"200\" src=\"https:\/\/ci3.googleusercontent.com\/meips\/ADKq_Nb8kD-eNjH32OD-4Oqy-Qi7Y7gIdFWtDu9qJMOgEV0eqKCo_mm0xKMt3Mnmns1-_RQBUWUn1FdnUAMcs24rH1kx13a7mh3mX6fcAIOCxnDJY4DohIjmcSZkPMdZrlOwD_caLnpDIjjNO92mQKmK0I3pHCKHb2riBjN-l4BC2ZP4rzjiPNikn-ib1PoN4ng7V1wTSOcIOzAo8CWttm2Vy6aZxV4D7joyCfWe--VrW7TVoHE78hvfmLcYQgBj7fLxjZH-RAXfa3OXnvqjNY8FPRbVTyQ=s0-d-e1-ft#https:\/\/s2601.imxsnd80.com\/4yYmOlVzNykTM6InYu02bj5ycz9mYsV2ZuFGQsV2ZuF2b0Vmb6kDOxQzMyUDNwIjOn5GcuQzNjRWYmBDOxkjZ4YDMzMTOjNWNmBTO4MjMlZmYzgDZGJTJzgDZGJTJ3YjNwkjRyUCN5AjMx8VL1ETLf9VLwITLfpzM\"><\/td><\/tr><\/tbody><\/table><\/figure>\n\n\n\n<figure class=\"wp-block-table aligncenter\"><table class=\"has-fixed-layout\"><tbody><tr><td><img decoding=\"async\" alt=\"\" width=\"400\" src=\"https:\/\/ci3.googleusercontent.com\/meips\/ADKq_NY2NPHITg8vwQcIpz9N68qvu9VOcuvpl-4DkKn6PqZv1NWYVA5JVAXCL3UnrtqDF5dZmXadcKJIFtvoVj9iqOIp9FqZkx4SX-2etE15lIBU4h0S0xsgCSw21KYWKzSIVScXXcpShGLUUXRbrlisNLFM1M1Lck14Sd9rO42yqmQGVeTsQAWWUlUrQLKF_wIiSO1yl7Sf86jF3zGg0IKjWe1lNXabhZV3T3HR6aHN1PWaGBZaOAGg2RWFXNDj3X3giESSP5K2TvbsLTClsTsegyZjKUw=s0-d-e1-ft#https:\/\/s2601.imxsnd80.com\/2yYmOzUGNjZmN6InYu02bj5ycz9mYsV2ZuFGQsV2ZuF2b0Vmb6kDOxQzMyUDNwIjOn5GcuUzN4YGZ1QDNmJDZ4EGMlJGM4MDZ1IDZ4EWO1gjYlJzMGJTJlJzMGJTJ3YjNwkjRyUCN5AjMx8VL1ETLf9VLwITLfpjN\"><\/td><\/tr><\/tbody><\/table><figcaption class=\"wp-element-caption\"><em>Ativa\u00e7\u00e3o LATAM e Uber Advertising estar\u00e1 nas ruas do Rio de Janeiro durante o per\u00edodo do festival (Divulga\u00e7\u00e3o LATAM)<\/em><\/figcaption><\/figure>\n\n\n\n<p class=\"wp-block-paragraph\"><strong>P\u00daBLICO PODER\u00c1 FAZER PARTE DA CAMPANHA DA LATAM<\/strong><\/p>\n\n\n\n<p class=\"wp-block-paragraph\">Em parceria com a Eletromidia, a LATAM tamb\u00e9m instalar\u00e1 um totem interativo no Shopping Bossa Nova, anexo ao aeroporto Santos Dumont, no Rio de Janeiro.<\/p>\n\n\n\n<p class=\"wp-block-paragraph\">No espa\u00e7o, o p\u00fablico poder\u00e1 tirar uma foto inspirada no universo do festival. A imagem ser\u00e1 editada com recursos de intelig\u00eancia artificial e, mediante autoriza\u00e7\u00e3o do participante, poder\u00e1 ser exibida em pontos da rede Eletromidia contratados pela LATAM.<\/p>\n\n\n\n<p class=\"wp-block-paragraph\">A iniciativa permitir\u00e1 que passageiros e visitantes que passam pela regi\u00e3o do aeroporto fa\u00e7am parte da comunica\u00e7\u00e3o da companhia durante o Rock in Rio.<\/p>\n\n\n\n<figure class=\"wp-block-table\"><table class=\"has-fixed-layout\"><tbody><tr><td><img decoding=\"async\" alt=\"\" width=\"800\" src=\"https:\/\/ci3.googleusercontent.com\/meips\/ADKq_NbTC5IMba1dGoKAQJM5Cd_HY4LY8eEGX4aC6LKoqnr1ObMTJ-eswfuOw_m-kYOd-rPPK0XmeF-sF9YtXXXfRZE9xOFBik4sP61K0KSvEqvRRd3trC9WgIhKLaQNKoSkD71t7cKSXivyqYpqF0tpKqOVZ-YXOaHf5eSCvjFVR12qzRuiQaxZvKkHq8uP7capNoGBePQ104XjGNoVjDCcKdlJGQlwqutEC0MxjkDecPHtlipbyBfkLhN8N14mYA58Jp5xIryfRsPh816zqMepkb0h5KQ=s0-d-e1-ft#https:\/\/s2601.imxsnd80.com\/8yYmO2ADMjRWZ6InYu02bj5ycz9mYsV2ZuFGQsV2ZuF2b0Vmb6kDOxQzMyUDNwIjOn5GcucDOhJDZ2cTY1Q2M1YDOhRTNwQDN1MDZkJmNlZDNwAjMGJTJwAjMGJTJ3YjNwkjRyUCN5AjMx8VL1ETLf9VLwITLfpzN\"><\/td><\/tr><\/tbody><\/table><figcaption class=\"wp-element-caption\"><em>Experi\u00eancia interativa permitir\u00e1 que visitantes do festival que desembarcarem no aeroporto Santos Dumont fa\u00e7am parte da campanha da LATAM (Divulga\u00e7\u00e3o LATAM)<\/em><\/figcaption><\/figure>\n\n\n\n<p class=\"wp-block-paragraph\"><strong>EXPERI\u00caNCIAS NO ROCK IN RIO<\/strong><\/p>\n\n\n\n<p class=\"wp-block-paragraph\">Durante todos os dias do festival, a LATAM ter\u00e1 ainda um\u00a0<strong>espa\u00e7o pr\u00f3ximo ao Palco Mundo<\/strong>, principal palco do Rock in Rio. Inspirado em uma cabine de aeronave, o ambiente desenvolvido em parceria com a Samba reunir\u00e1 experi\u00eancias relacionadas a viagens, ao LATAM Pass e aos produtos e servi\u00e7os da companhia.<\/p>\n\n\n\n<p class=\"wp-block-paragraph\">Para organizar o fluxo e reduzir o tempo de espera, o p\u00fablico poder\u00e1 agendar previamente um hor\u00e1rio para participar das ativa\u00e7\u00f5es.\u00a0<strong>Clientes LATAM Pass Black Signature ter\u00e3o acesso por Fast Pass<\/strong>, sem necessidade de agendamento.<\/p>\n\n\n\n<p class=\"wp-block-paragraph\">Entre as experi\u00eancias previstas est\u00e3o:<\/p>\n\n\n\n<ul class=\"wp-block-list\">\n<li><strong>Embarque para Amsterd\u00e3:\u00a0<\/strong>participantes que realizarem o agendamento da experi\u00eancia receber\u00e3o um n\u00famero da sorte para concorrer a um par de passagens da LATAM para Amsterd\u00e3;<\/li>\n\n\n\n<li><strong>Game LATAM Pass:\u00a0<\/strong>em uma din\u00e2mica virtual, o participante percorrer\u00e1 um aeroporto, coletar\u00e1 moedas e conhecer\u00e1 diferentes formas de acumular Milhas LATAM Pass no dia a dia;<\/li>\n\n\n\n<li><strong>Experi\u00eancia Premium Business:\u00a0<\/strong>tr\u00eas r\u00e9plicas de assentos da cabine Premium Business estar\u00e3o dispon\u00edveis para fotos, que poder\u00e3o ser usadas na personaliza\u00e7\u00e3o de uma tag de bagagem entregue durante a ativa\u00e7\u00e3o;<\/li>\n\n\n\n<li><strong>M\u00e1quina de vento:\u00a0<\/strong>participantes poder\u00e3o concorrer a brindes, inclusive Milhas LATAM Pass, n\u00e9cessaires e pins;<\/li>\n\n\n\n<li><strong>\u00c1rea VIP LATAM Pass:\u00a0<\/strong>clientes Black Signature ter\u00e3o acesso a um espa\u00e7o exclusivo com comidas, bebidas e pontos para carregamento de celulares.<\/li>\n<\/ul>\n\n\n\n<p class=\"wp-block-paragraph\">As iniciativas refor\u00e7am a proposta da LATAM de conectar o patroc\u00ednio n\u00e3o apenas ao momento dos shows, mas a toda a experi\u00eancia de viagem do p\u00fablico, acompanhando passageiros desde o deslocamento at\u00e9 o Rio de Janeiro at\u00e9 a viv\u00eancia dentro do festival.<\/p>\n\n\n\n<figure class=\"wp-block-table\"><table class=\"has-fixed-layout\"><tbody><tr><td><img decoding=\"async\" alt=\"\" width=\"800\" src=\"https:\/\/ci3.googleusercontent.com\/meips\/ADKq_Na_qwu7eF1L1QARMu26zCt29yPB2CJW2gY3VMXPD72CrBPc1ok74u5q4nqw5qDxNZUEBP55XkGk4CfJxcX_ddVOaFb68zvVy-ty13QbmmRBJJ0V3p4T8QRUPrfIlRzhoBua6VzJJ4O6VdwgfHiZextTchDCcQRYEXbrTPi2qjtWr6C0yEum5o__VzMEVtMu8WthorFJJAYl3rHGdKZCHSNbXLhDf79DQqKCx4anXlucHgV04SbdTAcldh_kGLrAXPRgtyzwOtxVQqeXnZWbKf6FgvQ=s0-d-e1-ft#https:\/\/s2601.imxsnd80.com\/5yYmOwMTYhJTO6InYu02bj5ycz9mYsV2ZuFGQsV2ZuF2b0Vmb6kDOxQzMyUDNwIjOn5GcuMzM0QjNzQjY4EzYlZWOwYDN4EmZzQjMkVjMldjZ5kzNGJTJ5kzNGJTJ3YjNwkjRyUCN5AjMx8VL1ETLf9VLwITLfpDM\"><\/td><\/tr><\/tbody><\/table><figcaption class=\"wp-element-caption\"><em>Espa\u00e7o da LATAM pr\u00f3ximo ao Palco Mundo ser\u00e1 inspirado em uma cabine de aeronave (Divulga\u00e7\u00e3o LATAM)<\/em><\/figcaption><\/figure>\n\n\n\n<p class=\"wp-block-paragraph\"><strong>LATAM E OS GRANDES EVENTOS DE M\u00daSICA<\/strong><\/p>\n\n\n\n<p class=\"wp-block-paragraph\">A presen\u00e7a no Rock in Rio 2026 integra a estrat\u00e9gia da LATAM de apoiar eventos que movimentam pessoas, estimulam o turismo e contribuem para a conectividade e o desenvolvimento das regi\u00f5es onde s\u00e3o realizados.<\/p>\n\n\n\n<p class=\"wp-block-paragraph\">Nos \u00faltimos anos, a companhia tamb\u00e9m esteve presente como a\u00e9rea oficial ou parceira de grandes eventos de m\u00fasica e entretenimento no Brasil, entre eles\u00a0<strong>Todo Mundo no Rio, The Town, Primavera Sound S\u00e3o Paulo<\/strong>\u00a0e\u00a0<strong>Planeta Atl\u00e2ntida<\/strong>.<\/p>\n\n\n\n<p class=\"wp-block-paragraph\">Como Companhia A\u00e9rea Oficial do Rock in Rio 2026, a LATAM amplia essa atua\u00e7\u00e3o ao integrar avia\u00e7\u00e3o, mobilidade e experi\u00eancias dentro e fora do festival. A iniciativa refor\u00e7a o papel da companhia em conectar pessoas aos principais destinos e acontecimentos do pa\u00eds, acompanhando o p\u00fablico desde o in\u00edcio da viagem at\u00e9 a experi\u00eancia no evento.<\/p>\n\n\n\n<p class=\"wp-block-paragraph\"><\/p>","protected":false},"excerpt":{"rendered":"<p>Companhia A\u00e9rea Oficial do evento apresenta conceito &#8220;Ir mais alto \u00e9 viajar com o ritmo da m\u00fasica&#8221;, e coloca o f\u00e3 no centro de sua estrat\u00e9gia A LATAM Airlines Brasil preparou uma s\u00e9rie de a\u00e7\u00f5es para conectar a experi\u00eancia de viagem ao Rock in Rio 2026. Partindo da ideia de que o festival \u00e9 o<\/p>","protected":false},"author":2,"featured_media":34680,"comment_status":"open","ping_status":"open","sticky":false,"template":"","format":"standard","meta":{"_seopress_titles_title":"","_seopress_titles_desc":"","_seopress_robots_index":"","_seopress_robots_follow":"","_seopress_robots_imageindex":"","_seopress_robots_snippet":"","_seopress_robots_primary_cat":"315","_seopress_robots_breadcrumbs":"","_seopress_robots_freeze_modified_date":"","_seopress_robots_custom_modified_date":"","_seopress_robots_canonical":"","_seopress_social_fb_title":"","_seopress_social_fb_desc":"","_seopress_social_fb_img":"","_seopress_social_fb_img_attachment_id":0,"_seopress_social_fb_img_width":0,"_seopress_social_fb_img_height":0,"_seopress_social_twitter_title":"","_seopress_social_twitter_desc":"","_seopress_social_twitter_img":"","_seopress_social_twitter_img_attachment_id":0,"_seopress_social_twitter_img_width":0,"_seopress_social_twitter_img_height":0,"_seopress_redirections_value":"","_seopress_redirections_enabled":"","_seopress_redirections_enabled_regex":"","_seopress_redirections_logged_status":"","_seopress_redirections_param":"","_seopress_redirections_type":0,"_seopress_analysis_target_kw":"","page_builder":"","footnotes":""},"categories":[3050,2402,168,166,315],"tags":[1181,6584,6965],"class_list":["post-34678","post","type-post","status-publish","format-standard","has-post-thumbnail","category-branding","category-cultura","category-eai-bora-nessa","category-musica","category-noticias-corporativas-dino","tag-latam","tag-rock-in-rio","tag-voo-com-show-do-cat-dealers"],"yoast_head":"<!-- This site is optimized with the Yoast SEO plugin v28.4 - https:\/\/yoast.com\/product\/yoast-seo-wordpress\/ -->\n<title>LATAM anuncia voo com show do Cat Dealers para o Rock in Rio<\/title>\n<meta name=\"description\" content=\"LATAM apresenta ativa\u00e7\u00f5es para o Rock in Rio 2026: voo com show do Cat Dealers, parcerias com Uber e espa\u00e7o exclusivo na Cidade do Rock. Confira!\" \/>\n<meta name=\"robots\" content=\"index, follow, max-snippet:-1, max-image-preview:large, max-video-preview:-1\" \/>\n<link rel=\"canonical\" href=\"https:\/\/angelboss.com.br\/en\/2026\/08\/31\/latam-rock-in-rio-2026-cat-dealers-ativacoes\/\" \/>\n<meta property=\"og:locale\" content=\"en_US\" \/>\n<meta property=\"og:type\" content=\"article\" \/>\n<meta property=\"og:title\" content=\"LATAM anuncia voo com show do Cat Dealers para o Rock in Rio\" \/>\n<meta property=\"og:description\" content=\"LATAM apresenta ativa\u00e7\u00f5es para o Rock in Rio 2026: voo com show do Cat Dealers, parcerias com Uber e espa\u00e7o exclusivo na Cidade do Rock. Confira!\" \/>\n<meta property=\"og:url\" content=\"https:\/\/angelboss.com.br\/en\/2026\/08\/31\/latam-rock-in-rio-2026-cat-dealers-ativacoes\/\" \/>\n<meta property=\"og:site_name\" content=\"Portal Masculino de Moda, Beleza, Luxo and Business - Angel Boss\" \/>\n<meta property=\"article:published_time\" content=\"2026-08-31T19:08:59+00:00\" \/>\n<meta property=\"article:modified_time\" content=\"2026-08-31T19:09:02+00:00\" \/>\n<meta property=\"og:image\" content=\"http:\/\/angelboss.com.br\/wp-content\/uploads\/2026\/08\/unnamed-2026-08-31t160653.415.png\" \/>\n\t<meta property=\"og:image:width\" content=\"1262\" \/>\n\t<meta property=\"og:image:height\" content=\"702\" \/>\n\t<meta property=\"og:image:type\" content=\"image\/png\" \/>\n<meta name=\"author\" content=\"Neto Angel Boss\" \/>\n<meta name=\"twitter:card\" content=\"summary_large_image\" \/>\n<meta name=\"twitter:label1\" content=\"Written by\" \/>\n\t<meta name=\"twitter:data1\" content=\"Neto Angel Boss\" \/>\n\t<meta name=\"twitter:label2\" content=\"Est. reading time\" \/>\n\t<meta name=\"twitter:data2\" content=\"8 minutes\" \/>\n<script type=\"application\/ld+json\" class=\"yoast-schema-graph\">{\"@context\":\"https:\\\/\\\/schema.org\",\"@graph\":[{\"@type\":\"Article\",\"@id\":\"https:\\\/\\\/angelboss.com.br\\\/2026\\\/08\\\/31\\\/latam-rock-in-rio-2026-cat-dealers-ativacoes\\\/#article\",\"isPartOf\":{\"@id\":\"https:\\\/\\\/angelboss.com.br\\\/2026\\\/08\\\/31\\\/latam-rock-in-rio-2026-cat-dealers-ativacoes\\\/\"},\"author\":{\"name\":\"Neto Angel Boss\",\"@id\":\"http:\\\/\\\/angelboss.com.br\\\/#\\\/schema\\\/person\\\/af084936b46cf2e03f299183e429e350\"},\"headline\":\"LATAM leva experi\u00eancia do Rock in Rio 2026 dos voos ao festival\",\"datePublished\":\"2026-08-31T19:08:59+00:00\",\"dateModified\":\"2026-08-31T19:09:02+00:00\",\"mainEntityOfPage\":{\"@id\":\"https:\\\/\\\/angelboss.com.br\\\/2026\\\/08\\\/31\\\/latam-rock-in-rio-2026-cat-dealers-ativacoes\\\/\"},\"wordCount\":1230,\"commentCount\":0,\"publisher\":{\"@id\":\"http:\\\/\\\/angelboss.com.br\\\/#organization\"},\"image\":{\"@id\":\"https:\\\/\\\/angelboss.com.br\\\/2026\\\/08\\\/31\\\/latam-rock-in-rio-2026-cat-dealers-ativacoes\\\/#primaryimage\"},\"thumbnailUrl\":\"http:\\\/\\\/angelboss.com.br\\\/wp-content\\\/uploads\\\/2026\\\/08\\\/unnamed-2026-08-31t160653.415.png\",\"keywords\":[\"Latam\",\"Rock in Rio\",\"voo com show do Cat Dealers\"],\"articleSection\":[\"branding\",\"Cultura\",\"EA\u00cd, BORA NESSA?\",\"M\u00daSICA\",\"Not\u00edcias Corporativas\"],\"inLanguage\":\"en-US\",\"potentialAction\":[{\"@type\":\"CommentAction\",\"name\":\"Comment\",\"target\":[\"https:\\\/\\\/angelboss.com.br\\\/2026\\\/08\\\/31\\\/latam-rock-in-rio-2026-cat-dealers-ativacoes\\\/#respond\"]}]},{\"@type\":\"WebPage\",\"@id\":\"https:\\\/\\\/angelboss.com.br\\\/2026\\\/08\\\/31\\\/latam-rock-in-rio-2026-cat-dealers-ativacoes\\\/\",\"url\":\"https:\\\/\\\/angelboss.com.br\\\/2026\\\/08\\\/31\\\/latam-rock-in-rio-2026-cat-dealers-ativacoes\\\/\",\"name\":\"LATAM anuncia voo com show do Cat Dealers para o Rock in Rio\",\"isPartOf\":{\"@id\":\"http:\\\/\\\/angelboss.com.br\\\/#website\"},\"primaryImageOfPage\":{\"@id\":\"https:\\\/\\\/angelboss.com.br\\\/2026\\\/08\\\/31\\\/latam-rock-in-rio-2026-cat-dealers-ativacoes\\\/#primaryimage\"},\"image\":{\"@id\":\"https:\\\/\\\/angelboss.com.br\\\/2026\\\/08\\\/31\\\/latam-rock-in-rio-2026-cat-dealers-ativacoes\\\/#primaryimage\"},\"thumbnailUrl\":\"http:\\\/\\\/angelboss.com.br\\\/wp-content\\\/uploads\\\/2026\\\/08\\\/unnamed-2026-08-31t160653.415.png\",\"datePublished\":\"2026-08-31T19:08:59+00:00\",\"dateModified\":\"2026-08-31T19:09:02+00:00\",\"description\":\"LATAM apresenta ativa\u00e7\u00f5es para o Rock in Rio 2026: voo com show do Cat Dealers, parcerias com Uber e espa\u00e7o exclusivo na Cidade do Rock. Confira!\",\"breadcrumb\":{\"@id\":\"https:\\\/\\\/angelboss.com.br\\\/2026\\\/08\\\/31\\\/latam-rock-in-rio-2026-cat-dealers-ativacoes\\\/#breadcrumb\"},\"inLanguage\":\"en-US\",\"potentialAction\":[{\"@type\":\"ReadAction\",\"target\":[\"https:\\\/\\\/angelboss.com.br\\\/2026\\\/08\\\/31\\\/latam-rock-in-rio-2026-cat-dealers-ativacoes\\\/\"]}]},{\"@type\":\"ImageObject\",\"inLanguage\":\"en-US\",\"@id\":\"https:\\\/\\\/angelboss.com.br\\\/2026\\\/08\\\/31\\\/latam-rock-in-rio-2026-cat-dealers-ativacoes\\\/#primaryimage\",\"url\":\"http:\\\/\\\/angelboss.com.br\\\/wp-content\\\/uploads\\\/2026\\\/08\\\/unnamed-2026-08-31t160653.415.png\",\"contentUrl\":\"http:\\\/\\\/angelboss.com.br\\\/wp-content\\\/uploads\\\/2026\\\/08\\\/unnamed-2026-08-31t160653.415.png\",\"width\":1262,\"height\":702,\"caption\":\"unnamed 2026 08 31t160653.415\"},{\"@type\":\"BreadcrumbList\",\"@id\":\"https:\\\/\\\/angelboss.com.br\\\/2026\\\/08\\\/31\\\/latam-rock-in-rio-2026-cat-dealers-ativacoes\\\/#breadcrumb\",\"itemListElement\":[{\"@type\":\"ListItem\",\"position\":1,\"name\":\"In\u00edcio\",\"item\":\"http:\\\/\\\/angelboss.com.br\\\/\"},{\"@type\":\"ListItem\",\"position\":2,\"name\":\"LATAM leva experi\u00eancia do Rock in Rio 2026 dos voos ao festival\"}]},{\"@type\":\"WebSite\",\"@id\":\"http:\\\/\\\/angelboss.com.br\\\/#website\",\"url\":\"http:\\\/\\\/angelboss.com.br\\\/\",\"name\":\"Portal Masculino de Moda, Beleza, Luxo e Business - Angel Boss\",\"description\":\"O Maior Portal sobre Moda, Luxo, Beleza e Business Masculino do Brasil\",\"publisher\":{\"@id\":\"http:\\\/\\\/angelboss.com.br\\\/#organization\"},\"alternateName\":\"Maior Portal e Blog de Beleza Masculina e Luxo\",\"potentialAction\":[{\"@type\":\"SearchAction\",\"target\":{\"@type\":\"EntryPoint\",\"urlTemplate\":\"http:\\\/\\\/angelboss.com.br\\\/?s={search_term_string}\"},\"query-input\":{\"@type\":\"PropertyValueSpecification\",\"valueRequired\":true,\"valueName\":\"search_term_string\"}}],\"inLanguage\":\"en-US\"},{\"@type\":\"Organization\",\"@id\":\"http:\\\/\\\/angelboss.com.br\\\/#organization\",\"name\":\"Portal Masculino de Moda, Beleza, Luxo and Business - Angel Boss\",\"url\":\"http:\\\/\\\/angelboss.com.br\\\/\",\"logo\":{\"@type\":\"ImageObject\",\"inLanguage\":\"en-US\",\"@id\":\"http:\\\/\\\/angelboss.com.br\\\/#\\\/schema\\\/logo\\\/image\\\/\",\"url\":\"https:\\\/\\\/angelboss.com.br\\\/wp-content\\\/uploads\\\/2025\\\/12\\\/WhatsApp-Image-2025-12-11-at-12.54.26.jpeg\",\"contentUrl\":\"https:\\\/\\\/angelboss.com.br\\\/wp-content\\\/uploads\\\/2025\\\/12\\\/WhatsApp-Image-2025-12-11-at-12.54.26.jpeg\",\"width\":1280,\"height\":1280,\"caption\":\"Portal Masculino de Moda, Beleza, Luxo and Business - Angel Boss\"},\"image\":{\"@id\":\"http:\\\/\\\/angelboss.com.br\\\/#\\\/schema\\\/logo\\\/image\\\/\"}},{\"@type\":\"Person\",\"@id\":\"http:\\\/\\\/angelboss.com.br\\\/#\\\/schema\\\/person\\\/af084936b46cf2e03f299183e429e350\",\"name\":\"Neto Angel Boss\",\"image\":{\"@type\":\"ImageObject\",\"inLanguage\":\"en-US\",\"@id\":\"https:\\\/\\\/secure.gravatar.com\\\/avatar\\\/dbb38b2050e5181e32afbccf458635967af0767d15abe8168b35ebbd97907289?s=96&d=mm&r=g\",\"url\":\"https:\\\/\\\/secure.gravatar.com\\\/avatar\\\/dbb38b2050e5181e32afbccf458635967af0767d15abe8168b35ebbd97907289?s=96&d=mm&r=g\",\"contentUrl\":\"https:\\\/\\\/secure.gravatar.com\\\/avatar\\\/dbb38b2050e5181e32afbccf458635967af0767d15abe8168b35ebbd97907289?s=96&d=mm&r=g\",\"caption\":\"Neto Angel Boss\"},\"sameAs\":[\"http:\\\/\\\/www.angelboss.com\"],\"url\":\"http:\\\/\\\/angelboss.com.br\\\/en\\\/author\\\/netoangelboss\\\/\"}]}<\/script>\n<!-- \/ Yoast SEO plugin. -->","yoast_head_json":{"title":"LATAM anuncia voo com show do Cat Dealers para o Rock in Rio","description":"LATAM apresenta ativa\u00e7\u00f5es para o Rock in Rio 2026: voo com show do Cat Dealers, parcerias com Uber e espa\u00e7o exclusivo na Cidade do Rock. Confira!","robots":{"index":"index","follow":"follow","max-snippet":"max-snippet:-1","max-image-preview":"max-image-preview:large","max-video-preview":"max-video-preview:-1"},"canonical":"https:\/\/angelboss.com.br\/en\/2026\/08\/31\/latam-rock-in-rio-2026-cat-dealers-ativacoes\/","og_locale":"en_US","og_type":"article","og_title":"LATAM anuncia voo com show do Cat Dealers para o Rock in Rio","og_description":"LATAM apresenta ativa\u00e7\u00f5es para o Rock in Rio 2026: voo com show do Cat Dealers, parcerias com Uber e espa\u00e7o exclusivo na Cidade do Rock. Confira!","og_url":"https:\/\/angelboss.com.br\/en\/2026\/08\/31\/latam-rock-in-rio-2026-cat-dealers-ativacoes\/","og_site_name":"Portal Masculino de Moda, Beleza, Luxo and Business - Angel Boss","article_published_time":"2026-08-31T19:08:59+00:00","article_modified_time":"2026-08-31T19:09:02+00:00","og_image":[{"width":1262,"height":702,"url":"http:\/\/angelboss.com.br\/wp-content\/uploads\/2026\/08\/unnamed-2026-08-31t160653.415.png","type":"image\/png"}],"author":"Neto Angel Boss","twitter_card":"summary_large_image","twitter_misc":{"Written by":"Neto Angel Boss","Est. reading time":"8 minutes"},"schema":{"@context":"https:\/\/schema.org","@graph":[{"@type":"Article","@id":"https:\/\/angelboss.com.br\/2026\/08\/31\/latam-rock-in-rio-2026-cat-dealers-ativacoes\/#article","isPartOf":{"@id":"https:\/\/angelboss.com.br\/2026\/08\/31\/latam-rock-in-rio-2026-cat-dealers-ativacoes\/"},"author":{"name":"Neto Angel Boss","@id":"http:\/\/angelboss.com.br\/#\/schema\/person\/af084936b46cf2e03f299183e429e350"},"headline":"LATAM leva experi\u00eancia do Rock in Rio 2026 dos voos ao festival","datePublished":"2026-08-31T19:08:59+00:00","dateModified":"2026-08-31T19:09:02+00:00","mainEntityOfPage":{"@id":"https:\/\/angelboss.com.br\/2026\/08\/31\/latam-rock-in-rio-2026-cat-dealers-ativacoes\/"},"wordCount":1230,"commentCount":0,"publisher":{"@id":"http:\/\/angelboss.com.br\/#organization"},"image":{"@id":"https:\/\/angelboss.com.br\/2026\/08\/31\/latam-rock-in-rio-2026-cat-dealers-ativacoes\/#primaryimage"},"thumbnailUrl":"http:\/\/angelboss.com.br\/wp-content\/uploads\/2026\/08\/unnamed-2026-08-31t160653.415.png","keywords":["Latam","Rock in Rio","voo com show do Cat Dealers"],"articleSection":["branding","Cultura","EA\u00cd, BORA NESSA?","M\u00daSICA","Not\u00edcias Corporativas"],"inLanguage":"en-US","potentialAction":[{"@type":"CommentAction","name":"Comment","target":["https:\/\/angelboss.com.br\/2026\/08\/31\/latam-rock-in-rio-2026-cat-dealers-ativacoes\/#respond"]}]},{"@type":"WebPage","@id":"https:\/\/angelboss.com.br\/2026\/08\/31\/latam-rock-in-rio-2026-cat-dealers-ativacoes\/","url":"https:\/\/angelboss.com.br\/2026\/08\/31\/latam-rock-in-rio-2026-cat-dealers-ativacoes\/","name":"LATAM anuncia voo com show do Cat Dealers para o Rock in Rio","isPartOf":{"@id":"http:\/\/angelboss.com.br\/#website"},"primaryImageOfPage":{"@id":"https:\/\/angelboss.com.br\/2026\/08\/31\/latam-rock-in-rio-2026-cat-dealers-ativacoes\/#primaryimage"},"image":{"@id":"https:\/\/angelboss.com.br\/2026\/08\/31\/latam-rock-in-rio-2026-cat-dealers-ativacoes\/#primaryimage"},"thumbnailUrl":"http:\/\/angelboss.com.br\/wp-content\/uploads\/2026\/08\/unnamed-2026-08-31t160653.415.png","datePublished":"2026-08-31T19:08:59+00:00","dateModified":"2026-08-31T19:09:02+00:00","description":"LATAM apresenta ativa\u00e7\u00f5es para o Rock in Rio 2026: voo com show do Cat Dealers, parcerias com Uber e espa\u00e7o exclusivo na Cidade do Rock. Confira!","breadcrumb":{"@id":"https:\/\/angelboss.com.br\/2026\/08\/31\/latam-rock-in-rio-2026-cat-dealers-ativacoes\/#breadcrumb"},"inLanguage":"en-US","potentialAction":[{"@type":"ReadAction","target":["https:\/\/angelboss.com.br\/2026\/08\/31\/latam-rock-in-rio-2026-cat-dealers-ativacoes\/"]}]},{"@type":"ImageObject","inLanguage":"en-US","@id":"https:\/\/angelboss.com.br\/2026\/08\/31\/latam-rock-in-rio-2026-cat-dealers-ativacoes\/#primaryimage","url":"http:\/\/angelboss.com.br\/wp-content\/uploads\/2026\/08\/unnamed-2026-08-31t160653.415.png","contentUrl":"http:\/\/angelboss.com.br\/wp-content\/uploads\/2026\/08\/unnamed-2026-08-31t160653.415.png","width":1262,"height":702,"caption":"unnamed 2026 08 31t160653.415"},{"@type":"BreadcrumbList","@id":"https:\/\/angelboss.com.br\/2026\/08\/31\/latam-rock-in-rio-2026-cat-dealers-ativacoes\/#breadcrumb","itemListElement":[{"@type":"ListItem","position":1,"name":"In\u00edcio","item":"http:\/\/angelboss.com.br\/"},{"@type":"ListItem","position":2,"name":"LATAM leva experi\u00eancia do Rock in Rio 2026 dos voos ao festival"}]},{"@type":"WebSite","@id":"http:\/\/angelboss.com.br\/#website","url":"http:\/\/angelboss.com.br\/","name":"Portal Masculino de Moda, Beleza, Luxo e Business - Angel Boss","description":"O Maior Portal sobre Moda, Luxo, Beleza e Business Masculino do Brasil","publisher":{"@id":"http:\/\/angelboss.com.br\/#organization"},"alternateName":"Maior Portal e Blog de Beleza Masculina e Luxo","potentialAction":[{"@type":"SearchAction","target":{"@type":"EntryPoint","urlTemplate":"http:\/\/angelboss.com.br\/?s={search_term_string}"},"query-input":{"@type":"PropertyValueSpecification","valueRequired":true,"valueName":"search_term_string"}}],"inLanguage":"en-US"},{"@type":"Organization","@id":"http:\/\/angelboss.com.br\/#organization","name":"Portal Masculino de Moda, Beleza, Luxo and Business - Angel Boss","url":"http:\/\/angelboss.com.br\/","logo":{"@type":"ImageObject","inLanguage":"en-US","@id":"http:\/\/angelboss.com.br\/#\/schema\/logo\/image\/","url":"https:\/\/angelboss.com.br\/wp-content\/uploads\/2025\/12\/WhatsApp-Image-2025-12-11-at-12.54.26.jpeg","contentUrl":"https:\/\/angelboss.com.br\/wp-content\/uploads\/2025\/12\/WhatsApp-Image-2025-12-11-at-12.54.26.jpeg","width":1280,"height":1280,"caption":"Portal Masculino de Moda, Beleza, Luxo and Business - Angel Boss"},"image":{"@id":"http:\/\/angelboss.com.br\/#\/schema\/logo\/image\/"}},{"@type":"Person","@id":"http:\/\/angelboss.com.br\/#\/schema\/person\/af084936b46cf2e03f299183e429e350","name":"Neto Angel Boss","image":{"@type":"ImageObject","inLanguage":"en-US","@id":"https:\/\/secure.gravatar.com\/avatar\/dbb38b2050e5181e32afbccf458635967af0767d15abe8168b35ebbd97907289?s=96&d=mm&r=g","url":"https:\/\/secure.gravatar.com\/avatar\/dbb38b2050e5181e32afbccf458635967af0767d15abe8168b35ebbd97907289?s=96&d=mm&r=g","contentUrl":"https:\/\/secure.gravatar.com\/avatar\/dbb38b2050e5181e32afbccf458635967af0767d15abe8168b35ebbd97907289?s=96&d=mm&r=g","caption":"Neto Angel Boss"},"sameAs":["http:\/\/www.angelboss.com"],"url":"http:\/\/angelboss.com.br\/en\/author\/netoangelboss\/"}]}},"amp_enabled":true,"_links":{"self":[{"href":"http:\/\/angelboss.com.br\/en\/wp-json\/wp\/v2\/posts\/34678","targetHints":{"allow":["GET"]}}],"collection":[{"href":"http:\/\/angelboss.com.br\/en\/wp-json\/wp\/v2\/posts"}],"about":[{"href":"http:\/\/angelboss.com.br\/en\/wp-json\/wp\/v2\/types\/post"}],"author":[{"embeddable":true,"href":"http:\/\/angelboss.com.br\/en\/wp-json\/wp\/v2\/users\/2"}],"replies":[{"embeddable":true,"href":"http:\/\/angelboss.com.br\/en\/wp-json\/wp\/v2\/comments?post=34678"}],"version-history":[{"count":1,"href":"http:\/\/angelboss.com.br\/en\/wp-json\/wp\/v2\/posts\/34678\/revisions"}],"predecessor-version":[{"id":34681,"href":"http:\/\/angelboss.com.br\/en\/wp-json\/wp\/v2\/posts\/34678\/revisions\/34681"}],"wp:featuredmedia":[{"embeddable":true,"href":"http:\/\/angelboss.com.br\/en\/wp-json\/wp\/v2\/media\/34680"}],"wp:attachment":[{"href":"http:\/\/angelboss.com.br\/en\/wp-json\/wp\/v2\/media?parent=34678"}],"wp:term":[{"taxonomy":"category","embeddable":true,"href":"http:\/\/angelboss.com.br\/en\/wp-json\/wp\/v2\/categories?post=34678"},{"taxonomy":"post_tag","embeddable":true,"href":"http:\/\/angelboss.com.br\/en\/wp-json\/wp\/v2\/tags?post=34678"}],"curies":[{"name":"wp","href":"https:\/\/api.w.org\/{rel}","templated":true}]}}