{"id":34673,"date":"2026-08-31T19:03:13","date_gmt":"2026-08-31T19:03:13","guid":{"rendered":"https:\/\/angelboss.com.br\/?p=34673"},"modified":"2026-08-31T19:03:16","modified_gmt":"2026-08-31T19:03:16","slug":"beauty-fair-2026-lancamentos-setor-embalagens-perfumaria","status":"publish","type":"post","link":"http:\/\/angelboss.com.br\/en\/2026\/08\/31\/beauty-fair-2026-lancamentos-setor-embalagens-perfumaria\/","title":{"rendered":"Beauty Fair 2026 apresenta campanha \u201cTudo para Profissionais\u201d, inaugura setor de embalagens e amplia \u00e1rea de perfumaria com mais de 100 marcas\u00a0"},"content":{"rendered":"<p class=\"wp-block-paragraph\"> Maior feira de beleza das Am\u00e9ricas destaca novidades estrat\u00e9gicas, confirma acesso gratuito para profissionais do setor de beleza e destaca expans\u00e3o multissetorial<\/p>\n\n\n\n<p class=\"wp-block-paragraph\">Consolidada como o principal ponto de encontro e ecossistema de neg\u00f3cios da beleza no continente, a Feira Beauty Fair International, que acontece entre os dias 5 e 8 de setembro, no Expo Center Norte, em S\u00e3o Paulo, chega \u00e0 sua edi\u00e7\u00e3o de 2026, reafirmando seu direcionamento estrat\u00e9gico de ser o espa\u00e7o de quem vive e movimenta o mercado profissional.<\/p>\n\n\n\n<p class=\"wp-block-paragraph\">Sob o mote &#8220;<strong>Tudo para Profissionais<\/strong>&#8220;, o evento refor\u00e7a o compromisso de valorizar a atua\u00e7\u00e3o de cabeleireiros, esteticistas, manicures, barbeiros, lojistas e especialistas do setor, oferecendo ferramentas e conex\u00f5es de ponta.<\/p>\n\n\n\n<p class=\"wp-block-paragraph\">Para Cesar Tsukuda, CEO do Grupo Beauty Fair CO., a campanha deste ano traduz um esfor\u00e7o cont\u00ednuo da organiza\u00e7\u00e3o em responder \u00e0s reais necessidades do mercado. &#8220;<em>A Beauty Fair existe para ser o instrumento de desenvolvimento de toda a cadeia. Com o posicionamento &#8216;Tudo para Profissionais&#8217;, focamos em entregar valor real para o mercado e todo o setor, unindo capacita\u00e7\u00e3o, tecnologia e lan\u00e7amentos voltados para toda a cadeia, em um ambiente pensado estritamente para quem faz o mercado acontecer<\/em>&#8220;, destaca o executivo.<\/p>\n\n\n\n<p class=\"wp-block-paragraph\"><strong>Novo Setor de Embalagens: design e constru\u00e7\u00e3o de marca<\/strong><\/p>\n\n\n\n<p class=\"wp-block-paragraph\">Uma das principais novidades estrat\u00e9gicas da edi\u00e7\u00e3o de 2026 \u00e9 a estreia de um setor dedicado \u00e0 ind\u00fastria de embalagens. O espa\u00e7o re\u00fane uma sele\u00e7\u00e3o de marcas nacionais e internacionais, aproximando fornecedores e convertedores diretamente dos tomadores de decis\u00e3o da ind\u00fastria cosm\u00e9tica. A iniciativa destaca o papel fundamental da embalagem n\u00e3o apenas na concep\u00e7\u00e3o do produto, mas como elemento crucial na constru\u00e7\u00e3o de valor de marca, diferencia\u00e7\u00e3o visual e fator decisivo na jornada e na escolha de compra do consumidor.<\/p>\n\n\n\n<p class=\"wp-block-paragraph\"><strong>Perfumes em alta<\/strong><\/p>\n\n\n\n<p class=\"wp-block-paragraph\">O mercado de fragr\u00e2ncias continua em forte expans\u00e3o e ganha ainda mais protagonismo na Beauty Fair 2026. O setor de perfumaria consolida seu avan\u00e7o com uma ades\u00e3o recorde, reunindo mais de&nbsp;<strong>100 marcas expositoras<\/strong>&nbsp;nesta edi\u00e7\u00e3o.<\/p>\n\n\n\n<p class=\"wp-block-paragraph\">Al\u00e9m da ampla vitrine comercial e de lan\u00e7amentos, o setor contar\u00e1 com espa\u00e7os de marca com grade de conte\u00fado exclusiva, curadoria pr\u00f3pria, trazendo discuss\u00f5es e pain\u00e9is voltados a tend\u00eancias de consumo, varejo e oportunidades de neg\u00f3cios no ecossistema digital e f\u00edsico.<\/p>\n\n\n\n<p class=\"wp-block-paragraph\"><strong>Ingressos<\/strong><\/p>\n\n\n\n<p class=\"wp-block-paragraph\"><strong>Profissionais da \u00e1rea da beleza<\/strong>: entrada gratuita mediante credenciamento e confirma\u00e7\u00e3o da documenta\u00e7\u00e3o solicitada. Acesse clicando no link:&nbsp;<a href=\"https:\/\/beautyfairco.yazotickets.com\/pt-BR\/eventos\/feira-beauty-fair-2026?ticket=8b89b3b0-4b51-4547-9896-4e04f8ba0c9d\" target=\"_blank\" rel=\"noopener\">Link<\/a><\/p>\n\n\n\n<p class=\"wp-block-paragraph\"><strong>P\u00fablico de neg\u00f3cios:<\/strong>&nbsp;acesse clicando no link:&nbsp;<a href=\"https:\/\/beautyfairco.yazotickets.com\/pt-BR\/eventos\/feira-beauty-fair-2026?ticket=8120edb5-8a08-4fe9-a993-92b96851c12e\" target=\"_blank\" rel=\"noopener\">Link<\/a>.<\/p>\n\n\n\n<p class=\"wp-block-paragraph\">O p\u00fablico B2B conta com dias e hor\u00e1rios exclusivos na Beauty Fair 2026:<\/p>\n\n\n\n<ul class=\"wp-block-list\">\n<li>Sexta (04\/09): das 14h \u00e0s 20h<\/li>\n\n\n\n<li>S\u00e1bado (05\/09): das 10h \u00e0s 20h<\/li>\n\n\n\n<li>Domingo a ter\u00e7a-feira (06 a 08\/09): das 10h \u00e0s 20h<\/li>\n<\/ul>\n\n\n\n<p class=\"wp-block-paragraph\"><strong>P\u00fablico geral<\/strong>&nbsp;(n\u00e3o profissionais): ingresso antecipado pago, com pre\u00e7os diferentes de acordo com os lotes dispon\u00edveis.<\/p>\n\n\n\n<ul class=\"wp-block-list\">\n<li>2\u00ba lote R$ 150 at\u00e9 30\/08\/2026;<\/li>\n\n\n\n<li>3\u00ba lote R$ 200 at\u00e9 o evento.<\/li>\n<\/ul>\n\n\n\n<p class=\"wp-block-paragraph\">Os ingressos podem ser adquiridos pelo site:&nbsp;<a href=\"https:\/\/beautyfair.com.br\/credenciamento\/\" target=\"_blank\" rel=\"noopener\">Link<\/a><\/p>\n\n\n\n<p class=\"wp-block-paragraph\">Congressos e cursos pagos:&nbsp;<a href=\"https:\/\/beautyfair.com.br\/cursos-e-congressos\/\" target=\"_blank\" rel=\"noopener\">Link<\/a><\/p>","protected":false},"excerpt":{"rendered":"<p>Maior feira de beleza das Am\u00e9ricas destaca novidades estrat\u00e9gicas, confirma acesso gratuito para profissionais do setor de beleza e destaca expans\u00e3o multissetorial Consolidada como o principal ponto de encontro e ecossistema de neg\u00f3cios da beleza no continente, a Feira Beauty Fair International, que acontece entre os dias 5 e 8 de setembro, no Expo Center<\/p>","protected":false},"author":2,"featured_media":34676,"comment_status":"open","ping_status":"open","sticky":false,"template":"","format":"standard","meta":{"_seopress_titles_title":"","_seopress_titles_desc":"","_seopress_robots_index":"","_seopress_robots_follow":"","_seopress_robots_imageindex":"","_seopress_robots_snippet":"","_seopress_robots_primary_cat":"315","_seopress_robots_breadcrumbs":"","_seopress_robots_freeze_modified_date":"","_seopress_robots_custom_modified_date":"","_seopress_robots_canonical":"","_seopress_social_fb_title":"","_seopress_social_fb_desc":"","_seopress_social_fb_img":"","_seopress_social_fb_img_attachment_id":0,"_seopress_social_fb_img_width":0,"_seopress_social_fb_img_height":0,"_seopress_social_twitter_title":"","_seopress_social_twitter_desc":"","_seopress_social_twitter_img":"","_seopress_social_twitter_img_attachment_id":0,"_seopress_social_twitter_img_width":0,"_seopress_social_twitter_img_height":0,"_seopress_redirections_value":"","_seopress_redirections_enabled":"","_seopress_redirections_enabled_regex":"","_seopress_redirections_logged_status":"","_seopress_redirections_param":"","_seopress_redirections_type":0,"_seopress_analysis_target_kw":"","page_builder":"","footnotes":""},"categories":[162,3050,168,315],"tags":[6963,6962],"class_list":["post-34673","post","type-post","status-publish","format-standard","has-post-thumbnail","category-beleza-e-bem-estar","category-branding","category-eai-bora-nessa","category-noticias-corporativas-dino","tag-100-marcas-de-perfume","tag-beauty-fair-2026"],"yoast_head":"<!-- This site is optimized with the Yoast SEO plugin v28.4 - https:\/\/yoast.com\/product\/yoast-seo-wordpress\/ -->\n<title>Beauty Fair 2026 traz setor de embalagens e mais de 100 marcas de perfume<\/title>\n<meta name=\"description\" content=\"Confira as novidades da Beauty Fair 2026: campanha Tudo para Profissionais, estreia do setor de embalagens e amplia\u00e7\u00e3o da \u00e1rea de perfumaria em SP.\" \/>\n<meta name=\"robots\" content=\"index, follow, max-snippet:-1, max-image-preview:large, max-video-preview:-1\" \/>\n<link rel=\"canonical\" href=\"https:\/\/angelboss.com.br\/en\/2026\/08\/31\/beauty-fair-2026-lancamentos-setor-embalagens-perfumaria\/\" \/>\n<meta property=\"og:locale\" content=\"en_US\" \/>\n<meta property=\"og:type\" content=\"article\" \/>\n<meta property=\"og:title\" content=\"Beauty Fair 2026 traz setor de embalagens e mais de 100 marcas de perfume\" \/>\n<meta property=\"og:description\" content=\"Confira as novidades da Beauty Fair 2026: campanha Tudo para Profissionais, estreia do setor de embalagens e amplia\u00e7\u00e3o da \u00e1rea de perfumaria em SP.\" \/>\n<meta property=\"og:url\" content=\"https:\/\/angelboss.com.br\/en\/2026\/08\/31\/beauty-fair-2026-lancamentos-setor-embalagens-perfumaria\/\" \/>\n<meta property=\"og:site_name\" content=\"Portal Masculino de Moda, Beleza, Luxo and Business - Angel Boss\" \/>\n<meta property=\"article:published_time\" content=\"2026-08-31T19:03:13+00:00\" \/>\n<meta property=\"article:modified_time\" content=\"2026-08-31T19:03:16+00:00\" \/>\n<meta property=\"og:image\" content=\"http:\/\/angelboss.com.br\/wp-content\/uploads\/2026\/08\/unnamed-2026-08-31t155728.581.png\" \/>\n\t<meta property=\"og:image:width\" content=\"901\" \/>\n\t<meta property=\"og:image:height\" content=\"514\" \/>\n\t<meta property=\"og:image:type\" content=\"image\/png\" \/>\n<meta name=\"author\" content=\"Neto Angel Boss\" \/>\n<meta name=\"twitter:card\" content=\"summary_large_image\" \/>\n<meta name=\"twitter:label1\" content=\"Written by\" \/>\n\t<meta name=\"twitter:data1\" content=\"Neto Angel Boss\" \/>\n\t<meta name=\"twitter:label2\" content=\"Est. reading time\" \/>\n\t<meta name=\"twitter:data2\" content=\"3 minutes\" \/>\n<script type=\"application\/ld+json\" class=\"yoast-schema-graph\">{\"@context\":\"https:\\\/\\\/schema.org\",\"@graph\":[{\"@type\":\"Article\",\"@id\":\"https:\\\/\\\/angelboss.com.br\\\/2026\\\/08\\\/31\\\/beauty-fair-2026-lancamentos-setor-embalagens-perfumaria\\\/#article\",\"isPartOf\":{\"@id\":\"https:\\\/\\\/angelboss.com.br\\\/2026\\\/08\\\/31\\\/beauty-fair-2026-lancamentos-setor-embalagens-perfumaria\\\/\"},\"author\":{\"name\":\"Neto Angel Boss\",\"@id\":\"http:\\\/\\\/angelboss.com.br\\\/#\\\/schema\\\/person\\\/af084936b46cf2e03f299183e429e350\"},\"headline\":\"Beauty Fair 2026 apresenta campanha \u201cTudo para Profissionais\u201d, inaugura setor de embalagens e amplia \u00e1rea de perfumaria com mais de 100 marcas\u00a0\",\"datePublished\":\"2026-08-31T19:03:13+00:00\",\"dateModified\":\"2026-08-31T19:03:16+00:00\",\"mainEntityOfPage\":{\"@id\":\"https:\\\/\\\/angelboss.com.br\\\/2026\\\/08\\\/31\\\/beauty-fair-2026-lancamentos-setor-embalagens-perfumaria\\\/\"},\"wordCount\":535,\"commentCount\":0,\"publisher\":{\"@id\":\"http:\\\/\\\/angelboss.com.br\\\/#organization\"},\"image\":{\"@id\":\"https:\\\/\\\/angelboss.com.br\\\/2026\\\/08\\\/31\\\/beauty-fair-2026-lancamentos-setor-embalagens-perfumaria\\\/#primaryimage\"},\"thumbnailUrl\":\"http:\\\/\\\/angelboss.com.br\\\/wp-content\\\/uploads\\\/2026\\\/08\\\/unnamed-2026-08-31t155728.581.png\",\"keywords\":[\"100 marcas de perfume\",\"Beauty Fair 2026\"],\"articleSection\":[\"BELEZA E BEM-ESTAR\",\"branding\",\"EA\u00cd, BORA NESSA?\",\"Not\u00edcias Corporativas\"],\"inLanguage\":\"en-US\",\"potentialAction\":[{\"@type\":\"CommentAction\",\"name\":\"Comment\",\"target\":[\"https:\\\/\\\/angelboss.com.br\\\/2026\\\/08\\\/31\\\/beauty-fair-2026-lancamentos-setor-embalagens-perfumaria\\\/#respond\"]}]},{\"@type\":\"WebPage\",\"@id\":\"https:\\\/\\\/angelboss.com.br\\\/2026\\\/08\\\/31\\\/beauty-fair-2026-lancamentos-setor-embalagens-perfumaria\\\/\",\"url\":\"https:\\\/\\\/angelboss.com.br\\\/2026\\\/08\\\/31\\\/beauty-fair-2026-lancamentos-setor-embalagens-perfumaria\\\/\",\"name\":\"Beauty Fair 2026 traz setor de embalagens e mais de 100 marcas de perfume\",\"isPartOf\":{\"@id\":\"http:\\\/\\\/angelboss.com.br\\\/#website\"},\"primaryImageOfPage\":{\"@id\":\"https:\\\/\\\/angelboss.com.br\\\/2026\\\/08\\\/31\\\/beauty-fair-2026-lancamentos-setor-embalagens-perfumaria\\\/#primaryimage\"},\"image\":{\"@id\":\"https:\\\/\\\/angelboss.com.br\\\/2026\\\/08\\\/31\\\/beauty-fair-2026-lancamentos-setor-embalagens-perfumaria\\\/#primaryimage\"},\"thumbnailUrl\":\"http:\\\/\\\/angelboss.com.br\\\/wp-content\\\/uploads\\\/2026\\\/08\\\/unnamed-2026-08-31t155728.581.png\",\"datePublished\":\"2026-08-31T19:03:13+00:00\",\"dateModified\":\"2026-08-31T19:03:16+00:00\",\"description\":\"Confira as novidades da Beauty Fair 2026: campanha Tudo para Profissionais, estreia do setor de embalagens e amplia\u00e7\u00e3o da \u00e1rea de perfumaria em SP.\",\"breadcrumb\":{\"@id\":\"https:\\\/\\\/angelboss.com.br\\\/2026\\\/08\\\/31\\\/beauty-fair-2026-lancamentos-setor-embalagens-perfumaria\\\/#breadcrumb\"},\"inLanguage\":\"en-US\",\"potentialAction\":[{\"@type\":\"ReadAction\",\"target\":[\"https:\\\/\\\/angelboss.com.br\\\/2026\\\/08\\\/31\\\/beauty-fair-2026-lancamentos-setor-embalagens-perfumaria\\\/\"]}]},{\"@type\":\"ImageObject\",\"inLanguage\":\"en-US\",\"@id\":\"https:\\\/\\\/angelboss.com.br\\\/2026\\\/08\\\/31\\\/beauty-fair-2026-lancamentos-setor-embalagens-perfumaria\\\/#primaryimage\",\"url\":\"http:\\\/\\\/angelboss.com.br\\\/wp-content\\\/uploads\\\/2026\\\/08\\\/unnamed-2026-08-31t155728.581.png\",\"contentUrl\":\"http:\\\/\\\/angelboss.com.br\\\/wp-content\\\/uploads\\\/2026\\\/08\\\/unnamed-2026-08-31t155728.581.png\",\"width\":901,\"height\":514,\"caption\":\"Imagem\\\/Divulga\u00e7\u00e3o\"},{\"@type\":\"BreadcrumbList\",\"@id\":\"https:\\\/\\\/angelboss.com.br\\\/2026\\\/08\\\/31\\\/beauty-fair-2026-lancamentos-setor-embalagens-perfumaria\\\/#breadcrumb\",\"itemListElement\":[{\"@type\":\"ListItem\",\"position\":1,\"name\":\"In\u00edcio\",\"item\":\"http:\\\/\\\/angelboss.com.br\\\/\"},{\"@type\":\"ListItem\",\"position\":2,\"name\":\"Beauty Fair 2026 apresenta campanha \u201cTudo para Profissionais\u201d, inaugura setor de embalagens e amplia \u00e1rea de perfumaria com mais de 100 marcas\u00a0\"}]},{\"@type\":\"WebSite\",\"@id\":\"http:\\\/\\\/angelboss.com.br\\\/#website\",\"url\":\"http:\\\/\\\/angelboss.com.br\\\/\",\"name\":\"Portal Masculino de Moda, Beleza, Luxo e Business - Angel Boss\",\"description\":\"O Maior Portal sobre Moda, Luxo, Beleza e Business Masculino do Brasil\",\"publisher\":{\"@id\":\"http:\\\/\\\/angelboss.com.br\\\/#organization\"},\"alternateName\":\"Maior Portal e Blog de Beleza Masculina e Luxo\",\"potentialAction\":[{\"@type\":\"SearchAction\",\"target\":{\"@type\":\"EntryPoint\",\"urlTemplate\":\"http:\\\/\\\/angelboss.com.br\\\/?s={search_term_string}\"},\"query-input\":{\"@type\":\"PropertyValueSpecification\",\"valueRequired\":true,\"valueName\":\"search_term_string\"}}],\"inLanguage\":\"en-US\"},{\"@type\":\"Organization\",\"@id\":\"http:\\\/\\\/angelboss.com.br\\\/#organization\",\"name\":\"Portal Masculino de Moda, Beleza, Luxo and Business - Angel Boss\",\"url\":\"http:\\\/\\\/angelboss.com.br\\\/\",\"logo\":{\"@type\":\"ImageObject\",\"inLanguage\":\"en-US\",\"@id\":\"http:\\\/\\\/angelboss.com.br\\\/#\\\/schema\\\/logo\\\/image\\\/\",\"url\":\"https:\\\/\\\/angelboss.com.br\\\/wp-content\\\/uploads\\\/2025\\\/12\\\/WhatsApp-Image-2025-12-11-at-12.54.26.jpeg\",\"contentUrl\":\"https:\\\/\\\/angelboss.com.br\\\/wp-content\\\/uploads\\\/2025\\\/12\\\/WhatsApp-Image-2025-12-11-at-12.54.26.jpeg\",\"width\":1280,\"height\":1280,\"caption\":\"Portal Masculino de Moda, Beleza, Luxo and Business - Angel Boss\"},\"image\":{\"@id\":\"http:\\\/\\\/angelboss.com.br\\\/#\\\/schema\\\/logo\\\/image\\\/\"}},{\"@type\":\"Person\",\"@id\":\"http:\\\/\\\/angelboss.com.br\\\/#\\\/schema\\\/person\\\/af084936b46cf2e03f299183e429e350\",\"name\":\"Neto Angel Boss\",\"image\":{\"@type\":\"ImageObject\",\"inLanguage\":\"en-US\",\"@id\":\"https:\\\/\\\/secure.gravatar.com\\\/avatar\\\/dbb38b2050e5181e32afbccf458635967af0767d15abe8168b35ebbd97907289?s=96&d=mm&r=g\",\"url\":\"https:\\\/\\\/secure.gravatar.com\\\/avatar\\\/dbb38b2050e5181e32afbccf458635967af0767d15abe8168b35ebbd97907289?s=96&d=mm&r=g\",\"contentUrl\":\"https:\\\/\\\/secure.gravatar.com\\\/avatar\\\/dbb38b2050e5181e32afbccf458635967af0767d15abe8168b35ebbd97907289?s=96&d=mm&r=g\",\"caption\":\"Neto Angel Boss\"},\"sameAs\":[\"http:\\\/\\\/www.angelboss.com\"],\"url\":\"http:\\\/\\\/angelboss.com.br\\\/en\\\/author\\\/netoangelboss\\\/\"}]}<\/script>\n<!-- \/ Yoast SEO plugin. -->","yoast_head_json":{"title":"Beauty Fair 2026 traz setor de embalagens e mais de 100 marcas de perfume","description":"Confira as novidades da Beauty Fair 2026: campanha Tudo para Profissionais, estreia do setor de embalagens e amplia\u00e7\u00e3o da \u00e1rea de perfumaria em SP.","robots":{"index":"index","follow":"follow","max-snippet":"max-snippet:-1","max-image-preview":"max-image-preview:large","max-video-preview":"max-video-preview:-1"},"canonical":"https:\/\/angelboss.com.br\/en\/2026\/08\/31\/beauty-fair-2026-lancamentos-setor-embalagens-perfumaria\/","og_locale":"en_US","og_type":"article","og_title":"Beauty Fair 2026 traz setor de embalagens e mais de 100 marcas de perfume","og_description":"Confira as novidades da Beauty Fair 2026: campanha Tudo para Profissionais, estreia do setor de embalagens e amplia\u00e7\u00e3o da \u00e1rea de perfumaria em SP.","og_url":"https:\/\/angelboss.com.br\/en\/2026\/08\/31\/beauty-fair-2026-lancamentos-setor-embalagens-perfumaria\/","og_site_name":"Portal Masculino de Moda, Beleza, Luxo and Business - Angel Boss","article_published_time":"2026-08-31T19:03:13+00:00","article_modified_time":"2026-08-31T19:03:16+00:00","og_image":[{"width":901,"height":514,"url":"http:\/\/angelboss.com.br\/wp-content\/uploads\/2026\/08\/unnamed-2026-08-31t155728.581.png","type":"image\/png"}],"author":"Neto Angel Boss","twitter_card":"summary_large_image","twitter_misc":{"Written by":"Neto Angel Boss","Est. reading time":"3 minutes"},"schema":{"@context":"https:\/\/schema.org","@graph":[{"@type":"Article","@id":"https:\/\/angelboss.com.br\/2026\/08\/31\/beauty-fair-2026-lancamentos-setor-embalagens-perfumaria\/#article","isPartOf":{"@id":"https:\/\/angelboss.com.br\/2026\/08\/31\/beauty-fair-2026-lancamentos-setor-embalagens-perfumaria\/"},"author":{"name":"Neto Angel Boss","@id":"http:\/\/angelboss.com.br\/#\/schema\/person\/af084936b46cf2e03f299183e429e350"},"headline":"Beauty Fair 2026 apresenta campanha \u201cTudo para Profissionais\u201d, inaugura setor de embalagens e amplia \u00e1rea de perfumaria com mais de 100 marcas\u00a0","datePublished":"2026-08-31T19:03:13+00:00","dateModified":"2026-08-31T19:03:16+00:00","mainEntityOfPage":{"@id":"https:\/\/angelboss.com.br\/2026\/08\/31\/beauty-fair-2026-lancamentos-setor-embalagens-perfumaria\/"},"wordCount":535,"commentCount":0,"publisher":{"@id":"http:\/\/angelboss.com.br\/#organization"},"image":{"@id":"https:\/\/angelboss.com.br\/2026\/08\/31\/beauty-fair-2026-lancamentos-setor-embalagens-perfumaria\/#primaryimage"},"thumbnailUrl":"http:\/\/angelboss.com.br\/wp-content\/uploads\/2026\/08\/unnamed-2026-08-31t155728.581.png","keywords":["100 marcas de perfume","Beauty Fair 2026"],"articleSection":["BELEZA E BEM-ESTAR","branding","EA\u00cd, BORA NESSA?","Not\u00edcias Corporativas"],"inLanguage":"en-US","potentialAction":[{"@type":"CommentAction","name":"Comment","target":["https:\/\/angelboss.com.br\/2026\/08\/31\/beauty-fair-2026-lancamentos-setor-embalagens-perfumaria\/#respond"]}]},{"@type":"WebPage","@id":"https:\/\/angelboss.com.br\/2026\/08\/31\/beauty-fair-2026-lancamentos-setor-embalagens-perfumaria\/","url":"https:\/\/angelboss.com.br\/2026\/08\/31\/beauty-fair-2026-lancamentos-setor-embalagens-perfumaria\/","name":"Beauty Fair 2026 traz setor de embalagens e mais de 100 marcas de perfume","isPartOf":{"@id":"http:\/\/angelboss.com.br\/#website"},"primaryImageOfPage":{"@id":"https:\/\/angelboss.com.br\/2026\/08\/31\/beauty-fair-2026-lancamentos-setor-embalagens-perfumaria\/#primaryimage"},"image":{"@id":"https:\/\/angelboss.com.br\/2026\/08\/31\/beauty-fair-2026-lancamentos-setor-embalagens-perfumaria\/#primaryimage"},"thumbnailUrl":"http:\/\/angelboss.com.br\/wp-content\/uploads\/2026\/08\/unnamed-2026-08-31t155728.581.png","datePublished":"2026-08-31T19:03:13+00:00","dateModified":"2026-08-31T19:03:16+00:00","description":"Confira as novidades da Beauty Fair 2026: campanha Tudo para Profissionais, estreia do setor de embalagens e amplia\u00e7\u00e3o da \u00e1rea de perfumaria em SP.","breadcrumb":{"@id":"https:\/\/angelboss.com.br\/2026\/08\/31\/beauty-fair-2026-lancamentos-setor-embalagens-perfumaria\/#breadcrumb"},"inLanguage":"en-US","potentialAction":[{"@type":"ReadAction","target":["https:\/\/angelboss.com.br\/2026\/08\/31\/beauty-fair-2026-lancamentos-setor-embalagens-perfumaria\/"]}]},{"@type":"ImageObject","inLanguage":"en-US","@id":"https:\/\/angelboss.com.br\/2026\/08\/31\/beauty-fair-2026-lancamentos-setor-embalagens-perfumaria\/#primaryimage","url":"http:\/\/angelboss.com.br\/wp-content\/uploads\/2026\/08\/unnamed-2026-08-31t155728.581.png","contentUrl":"http:\/\/angelboss.com.br\/wp-content\/uploads\/2026\/08\/unnamed-2026-08-31t155728.581.png","width":901,"height":514,"caption":"Imagem\/Divulga\u00e7\u00e3o"},{"@type":"BreadcrumbList","@id":"https:\/\/angelboss.com.br\/2026\/08\/31\/beauty-fair-2026-lancamentos-setor-embalagens-perfumaria\/#breadcrumb","itemListElement":[{"@type":"ListItem","position":1,"name":"In\u00edcio","item":"http:\/\/angelboss.com.br\/"},{"@type":"ListItem","position":2,"name":"Beauty Fair 2026 apresenta campanha \u201cTudo para Profissionais\u201d, inaugura setor de embalagens e amplia \u00e1rea de perfumaria com mais de 100 marcas\u00a0"}]},{"@type":"WebSite","@id":"http:\/\/angelboss.com.br\/#website","url":"http:\/\/angelboss.com.br\/","name":"Portal Masculino de Moda, Beleza, Luxo e Business - Angel Boss","description":"O Maior Portal sobre Moda, Luxo, Beleza e Business Masculino do Brasil","publisher":{"@id":"http:\/\/angelboss.com.br\/#organization"},"alternateName":"Maior Portal e Blog de Beleza Masculina e Luxo","potentialAction":[{"@type":"SearchAction","target":{"@type":"EntryPoint","urlTemplate":"http:\/\/angelboss.com.br\/?s={search_term_string}"},"query-input":{"@type":"PropertyValueSpecification","valueRequired":true,"valueName":"search_term_string"}}],"inLanguage":"en-US"},{"@type":"Organization","@id":"http:\/\/angelboss.com.br\/#organization","name":"Portal Masculino de Moda, Beleza, Luxo and Business - Angel Boss","url":"http:\/\/angelboss.com.br\/","logo":{"@type":"ImageObject","inLanguage":"en-US","@id":"http:\/\/angelboss.com.br\/#\/schema\/logo\/image\/","url":"https:\/\/angelboss.com.br\/wp-content\/uploads\/2025\/12\/WhatsApp-Image-2025-12-11-at-12.54.26.jpeg","contentUrl":"https:\/\/angelboss.com.br\/wp-content\/uploads\/2025\/12\/WhatsApp-Image-2025-12-11-at-12.54.26.jpeg","width":1280,"height":1280,"caption":"Portal Masculino de Moda, Beleza, Luxo and Business - Angel Boss"},"image":{"@id":"http:\/\/angelboss.com.br\/#\/schema\/logo\/image\/"}},{"@type":"Person","@id":"http:\/\/angelboss.com.br\/#\/schema\/person\/af084936b46cf2e03f299183e429e350","name":"Neto Angel Boss","image":{"@type":"ImageObject","inLanguage":"en-US","@id":"https:\/\/secure.gravatar.com\/avatar\/dbb38b2050e5181e32afbccf458635967af0767d15abe8168b35ebbd97907289?s=96&d=mm&r=g","url":"https:\/\/secure.gravatar.com\/avatar\/dbb38b2050e5181e32afbccf458635967af0767d15abe8168b35ebbd97907289?s=96&d=mm&r=g","contentUrl":"https:\/\/secure.gravatar.com\/avatar\/dbb38b2050e5181e32afbccf458635967af0767d15abe8168b35ebbd97907289?s=96&d=mm&r=g","caption":"Neto Angel Boss"},"sameAs":["http:\/\/www.angelboss.com"],"url":"http:\/\/angelboss.com.br\/en\/author\/netoangelboss\/"}]}},"amp_enabled":true,"_links":{"self":[{"href":"http:\/\/angelboss.com.br\/en\/wp-json\/wp\/v2\/posts\/34673","targetHints":{"allow":["GET"]}}],"collection":[{"href":"http:\/\/angelboss.com.br\/en\/wp-json\/wp\/v2\/posts"}],"about":[{"href":"http:\/\/angelboss.com.br\/en\/wp-json\/wp\/v2\/types\/post"}],"author":[{"embeddable":true,"href":"http:\/\/angelboss.com.br\/en\/wp-json\/wp\/v2\/users\/2"}],"replies":[{"embeddable":true,"href":"http:\/\/angelboss.com.br\/en\/wp-json\/wp\/v2\/comments?post=34673"}],"version-history":[{"count":1,"href":"http:\/\/angelboss.com.br\/en\/wp-json\/wp\/v2\/posts\/34673\/revisions"}],"predecessor-version":[{"id":34677,"href":"http:\/\/angelboss.com.br\/en\/wp-json\/wp\/v2\/posts\/34673\/revisions\/34677"}],"wp:featuredmedia":[{"embeddable":true,"href":"http:\/\/angelboss.com.br\/en\/wp-json\/wp\/v2\/media\/34676"}],"wp:attachment":[{"href":"http:\/\/angelboss.com.br\/en\/wp-json\/wp\/v2\/media?parent=34673"}],"wp:term":[{"taxonomy":"category","embeddable":true,"href":"http:\/\/angelboss.com.br\/en\/wp-json\/wp\/v2\/categories?post=34673"},{"taxonomy":"post_tag","embeddable":true,"href":"http:\/\/angelboss.com.br\/en\/wp-json\/wp\/v2\/tags?post=34673"}],"curies":[{"name":"wp","href":"https:\/\/api.w.org\/{rel}","templated":true}]}}