{"id":34615,"date":"2026-08-31T00:00:00","date_gmt":"2026-08-31T00:00:00","guid":{"rendered":"https:\/\/angelboss.com.br\/2026\/08\/31\/336112-amend-apresenta-lancamentos-durante-a-beauty-fair-2026\/"},"modified":"2026-08-31T00:00:00","modified_gmt":"2026-08-31T00:00:00","slug":"336112-amend-apresenta-lancamentos-durante-a-beauty-fair-2026","status":"publish","type":"post","link":"http:\/\/angelboss.com.br\/en\/2026\/08\/31\/336112-amend-apresenta-lancamentos-durante-a-beauty-fair-2026\/","title":{"rendered":"Amend apresenta lan\u00e7amentos durante a Beauty Fair 2026"},"content":{"rendered":"<p>A Amend participa da Beauty Fair 2026, realizada de 5 a 8 de setembro, no Expo Center Norte, em S\u00e3o Paulo. O evento re\u00fane empresas, profissionais e especialistas dos segmentos de beleza e cuidados pessoais. Nesta edi\u00e7\u00e3o, a marca apresenta tr\u00eas novos produtos: M\u00e1scara Teia Nutritiva, Fluido Modelador Segura a Onda e S\u00e9rum Repara\u00e7\u00e3o Noturna.<\/p>\n<p>Com mais de 32 anos de atua\u00e7\u00e3o no mercado brasileiro, a Amend estar\u00e1 presente em um estande de 180 m\u00b2, com espa\u00e7os dedicados \u00e0 apresenta\u00e7\u00e3o dos lan\u00e7amentos e atividades voltadas a profissionais, creators e visitantes. A participa\u00e7\u00e3o ocorre em um momento de amplia\u00e7\u00e3o do portf\u00f3lio da marca, com produtos direcionados a diferentes etapas da rotina capilar.<\/p>\n<p>&quot;A Beauty Fair \u00e9 um dos principais momentos do calend\u00e1rio de beleza no Brasil e representa uma oportunidade de estarmos pr\u00f3ximos de profissionais, parceiros, consumidores e de todo o ecossistema que movimenta o setor. Para a Amend, a participa\u00e7\u00e3o tamb\u00e9m permite apresentar produtos desenvolvidos a partir de diferentes necessidades da rotina de cuidados com os cabelos&quot;, afirma Jo\u00e3o Paulo Chaccur, CEO da Amend.<\/p>\n<p>Entre os lan\u00e7amentos apresentados no evento est\u00e1 a M\u00e1scara Teia Nutritiva, que combina o efeito teia \u00e0 tecnologia Hydra Tech. Segundo a marca, a tecnologia contribui para a distribui\u00e7\u00e3o dos ativos durante a aplica\u00e7\u00e3o e para a hidrata\u00e7\u00e3o dos fios.<\/p>\n<p>O Fluido Modelador Segura a Onda \u00e9 destinado a diferentes tipos de cabelo e pode ser utilizado tanto para a defini\u00e7\u00e3o de ondas e cachos naturais quanto em produ\u00e7\u00f5es realizadas com t\u00e9cnicas de modelagem, incluindo babyliss e m\u00e9todos sem calor. A f\u00f3rmula tamb\u00e9m possui prote\u00e7\u00e3o t\u00e9rmica e auxilia no controle do frizz.<\/p>\n<p>O terceiro lan\u00e7amento \u00e9 o S\u00e9rum Repara\u00e7\u00e3o Noturna, desenvolvido para integrar o cuidado capilar ao per\u00edodo de sono. O produto tem como proposta incorporar uma etapa de reconstru\u00e7\u00e3o \u00e0 rotina noturna, sem a necessidade de uma etapa adicional no dia.<\/p>\n<p>A Beauty Fair 2026 acontece de 5 a 8 de setembro, no Expo Center Norte, em S\u00e3o Paulo. A programa\u00e7\u00e3o re\u00fane marcas e profissionais do setor de beleza e inclui \u00e1reas dedicadas a diferentes categorias da ind\u00fastria.<\/p>\n<p><strong>Produtos:<\/strong><\/p>\n<p>M\u00e1scara Teia Nutritiva | 250g (R$ 69,90)<\/p>\n<p>Fluido Modelador Segura a Onda | 180ml (R$ 89,90)<\/p>\n<p>S\u00e9rum Repara\u00e7\u00e3o Noturna | 180ml (R$ 62,90)<\/p>\n<p>Dispon\u00edveis em:&nbsp;<a rel=\"follow\" href=\"https:\/\/www.amend.com.br\/home\/?utm_source=google_ads&amp;utm_medium=cpc&amp;utm_campaign=institucional_search&amp;utm_content=ad2&amp;gad_source=1&amp;gad_campaignid=19705151263&amp;gbraid=0AAAAADkU-UC9EIz9qYOh69HbBj7yarP8C&amp;gclid=Cj0KCQjw5JXFBhCrARIsAL1ckPvZKC6kPEnveM8051pjRfl718EoDdEeMc8z9caoiClIw4HrGB82DcIaAsdWEALw_wcB\">www.amend.com.br<\/a>, perfumarias e farm\u00e1cias de todo o Brasil.<\/p>\n<p><strong>Servi\u00e7o:<\/strong><\/p>\n<p>Evento: Amend na Beauty Fair 2026<\/p>\n<p>Data: 5 a 8 de setembro de 2026<\/p>\n<p>Hor\u00e1rio: dia 5, das 12h \u00e0s 20h, e dias 6, 7 e 8, das 10h \u00e0s 20h<\/p>\n<p>Local: Estandes J25, Setor Trade, Expo Center Norte (Rua Jos\u00e9 Bernardo Pinto, 333 &#8211; Vila Guilherme, S\u00e3o Paulo &#8211; SP, 02055-000)<\/p>\n<p>Instagram e TikTok: @amend_oficial e @amend_internacional<\/p>\n<p><img src='https:\/\/api.dino.com.br\/v2\/news\/tr\/336112?partnerId=4593' alt=\"\" style=\"border:0px;width:1px;height:1px;\" \/><\/p>","protected":false},"excerpt":{"rendered":"<p>Marca leva tr\u00eas novidades ao evento e apresenta produtos voltados a diferentes etapas da rotina de cuidados com os cabelos<\/p>","protected":false},"author":3,"featured_media":34616,"comment_status":"open","ping_status":"open","sticky":false,"template":"","format":"standard","meta":{"_seopress_titles_title":"","_seopress_titles_desc":"","_seopress_robots_index":"","_seopress_robots_follow":"","_seopress_robots_imageindex":"","_seopress_robots_snippet":"","_seopress_robots_primary_cat":"","_seopress_robots_breadcrumbs":"","_seopress_robots_freeze_modified_date":"","_seopress_robots_custom_modified_date":"","_seopress_robots_canonical":"","_seopress_social_fb_title":"","_seopress_social_fb_desc":"","_seopress_social_fb_img":"","_seopress_social_fb_img_attachment_id":0,"_seopress_social_fb_img_width":0,"_seopress_social_fb_img_height":0,"_seopress_social_twitter_title":"","_seopress_social_twitter_desc":"","_seopress_social_twitter_img":"","_seopress_social_twitter_img_attachment_id":0,"_seopress_social_twitter_img_width":0,"_seopress_social_twitter_img_height":0,"_seopress_redirections_value":"","_seopress_redirections_enabled":"","_seopress_redirections_enabled_regex":"","_seopress_redirections_logged_status":"","_seopress_redirections_param":"","_seopress_redirections_type":0,"_seopress_analysis_target_kw":"","page_builder":"","footnotes":""},"categories":[315],"tags":[330,343,245,324,352],"class_list":["post-34615","post","type-post","status-publish","format-standard","has-post-thumbnail","category-noticias-corporativas-dino","tag-eventos","tag-marketing","tag-moda","tag-negocios","tag-saude-e-bem-estar"],"yoast_head":"<!-- This site is optimized with the Yoast SEO plugin v28.4 - https:\/\/yoast.com\/product\/yoast-seo-wordpress\/ -->\n<title>Amend apresenta lan\u00e7amentos durante a Beauty Fair 2026 - Portal Masculino de Moda, Beleza, Luxo and Business - Angel Boss<\/title>\n<meta name=\"robots\" content=\"index, follow, max-snippet:-1, max-image-preview:large, max-video-preview:-1\" \/>\n<link rel=\"canonical\" href=\"https:\/\/angelboss.com.br\/en\/2026\/08\/31\/336112-amend-apresenta-lancamentos-durante-a-beauty-fair-2026\/\" \/>\n<meta property=\"og:locale\" content=\"en_US\" \/>\n<meta property=\"og:type\" content=\"article\" \/>\n<meta property=\"og:title\" content=\"Amend apresenta lan\u00e7amentos durante a Beauty Fair 2026 - Portal Masculino de Moda, Beleza, Luxo and Business - Angel Boss\" \/>\n<meta property=\"og:description\" content=\"Marca leva tr\u00eas novidades ao evento e apresenta produtos voltados a diferentes etapas da rotina de cuidados com os cabelos\" \/>\n<meta property=\"og:url\" content=\"https:\/\/angelboss.com.br\/en\/2026\/08\/31\/336112-amend-apresenta-lancamentos-durante-a-beauty-fair-2026\/\" \/>\n<meta property=\"og:site_name\" content=\"Portal Masculino de Moda, Beleza, Luxo and Business - Angel Boss\" \/>\n<meta property=\"article:published_time\" content=\"2026-08-31T00:00:00+00:00\" \/>\n<meta property=\"og:image\" content=\"https:\/\/api.dino.com.br\/v2\/news\/tr\/336112?partnerId=4593\" \/>\n<meta name=\"author\" content=\"DINO\" \/>\n<meta name=\"twitter:card\" content=\"summary_large_image\" \/>\n<meta name=\"twitter:label1\" content=\"Written by\" \/>\n\t<meta name=\"twitter:data1\" content=\"DINO\" \/>\n\t<meta name=\"twitter:label2\" content=\"Est. reading time\" \/>\n\t<meta name=\"twitter:data2\" content=\"2 minutes\" \/>\n<script type=\"application\/ld+json\" class=\"yoast-schema-graph\">{\"@context\":\"https:\\\/\\\/schema.org\",\"@graph\":[{\"@type\":\"Article\",\"@id\":\"https:\\\/\\\/angelboss.com.br\\\/2026\\\/08\\\/31\\\/336112-amend-apresenta-lancamentos-durante-a-beauty-fair-2026\\\/#article\",\"isPartOf\":{\"@id\":\"https:\\\/\\\/angelboss.com.br\\\/2026\\\/08\\\/31\\\/336112-amend-apresenta-lancamentos-durante-a-beauty-fair-2026\\\/\"},\"author\":{\"name\":\"DINO\",\"@id\":\"http:\\\/\\\/angelboss.com.br\\\/#\\\/schema\\\/person\\\/b6676b8d991f97199ef2d5b8e5c2d8a5\"},\"headline\":\"Amend apresenta lan\u00e7amentos durante a Beauty Fair 2026\",\"datePublished\":\"2026-08-31T00:00:00+00:00\",\"mainEntityOfPage\":{\"@id\":\"https:\\\/\\\/angelboss.com.br\\\/2026\\\/08\\\/31\\\/336112-amend-apresenta-lancamentos-durante-a-beauty-fair-2026\\\/\"},\"wordCount\":472,\"commentCount\":0,\"publisher\":{\"@id\":\"http:\\\/\\\/angelboss.com.br\\\/#organization\"},\"image\":{\"@id\":\"https:\\\/\\\/angelboss.com.br\\\/2026\\\/08\\\/31\\\/336112-amend-apresenta-lancamentos-durante-a-beauty-fair-2026\\\/#primaryimage\"},\"thumbnailUrl\":\"http:\\\/\\\/angelboss.com.br\\\/wp-content\\\/uploads\\\/2026\\\/08\\\/71c6e839-2f6c-4871-9278-6ddd9b27c426.jpg\",\"keywords\":[\"EVENTOS\",\"MARKETING\",\"moda\",\"NEG\u00d3CIOS\",\"SA\u00daDE E BEM-ESTAR\"],\"articleSection\":[\"Not\u00edcias Corporativas\"],\"inLanguage\":\"en-US\",\"potentialAction\":[{\"@type\":\"CommentAction\",\"name\":\"Comment\",\"target\":[\"https:\\\/\\\/angelboss.com.br\\\/2026\\\/08\\\/31\\\/336112-amend-apresenta-lancamentos-durante-a-beauty-fair-2026\\\/#respond\"]}]},{\"@type\":\"WebPage\",\"@id\":\"https:\\\/\\\/angelboss.com.br\\\/2026\\\/08\\\/31\\\/336112-amend-apresenta-lancamentos-durante-a-beauty-fair-2026\\\/\",\"url\":\"https:\\\/\\\/angelboss.com.br\\\/2026\\\/08\\\/31\\\/336112-amend-apresenta-lancamentos-durante-a-beauty-fair-2026\\\/\",\"name\":\"Amend apresenta lan\u00e7amentos durante a Beauty Fair 2026 - Portal Masculino de Moda, Beleza, Luxo and Business - Angel Boss\",\"isPartOf\":{\"@id\":\"http:\\\/\\\/angelboss.com.br\\\/#website\"},\"primaryImageOfPage\":{\"@id\":\"https:\\\/\\\/angelboss.com.br\\\/2026\\\/08\\\/31\\\/336112-amend-apresenta-lancamentos-durante-a-beauty-fair-2026\\\/#primaryimage\"},\"image\":{\"@id\":\"https:\\\/\\\/angelboss.com.br\\\/2026\\\/08\\\/31\\\/336112-amend-apresenta-lancamentos-durante-a-beauty-fair-2026\\\/#primaryimage\"},\"thumbnailUrl\":\"http:\\\/\\\/angelboss.com.br\\\/wp-content\\\/uploads\\\/2026\\\/08\\\/71c6e839-2f6c-4871-9278-6ddd9b27c426.jpg\",\"datePublished\":\"2026-08-31T00:00:00+00:00\",\"breadcrumb\":{\"@id\":\"https:\\\/\\\/angelboss.com.br\\\/2026\\\/08\\\/31\\\/336112-amend-apresenta-lancamentos-durante-a-beauty-fair-2026\\\/#breadcrumb\"},\"inLanguage\":\"en-US\",\"potentialAction\":[{\"@type\":\"ReadAction\",\"target\":[\"https:\\\/\\\/angelboss.com.br\\\/2026\\\/08\\\/31\\\/336112-amend-apresenta-lancamentos-durante-a-beauty-fair-2026\\\/\"]}]},{\"@type\":\"ImageObject\",\"inLanguage\":\"en-US\",\"@id\":\"https:\\\/\\\/angelboss.com.br\\\/2026\\\/08\\\/31\\\/336112-amend-apresenta-lancamentos-durante-a-beauty-fair-2026\\\/#primaryimage\",\"url\":\"http:\\\/\\\/angelboss.com.br\\\/wp-content\\\/uploads\\\/2026\\\/08\\\/71c6e839-2f6c-4871-9278-6ddd9b27c426.jpg\",\"contentUrl\":\"http:\\\/\\\/angelboss.com.br\\\/wp-content\\\/uploads\\\/2026\\\/08\\\/71c6e839-2f6c-4871-9278-6ddd9b27c426.jpg\",\"width\":1200,\"height\":800,\"caption\":\"71c6e839 2f6c 4871 9278 6ddd9b27c426\"},{\"@type\":\"BreadcrumbList\",\"@id\":\"https:\\\/\\\/angelboss.com.br\\\/2026\\\/08\\\/31\\\/336112-amend-apresenta-lancamentos-durante-a-beauty-fair-2026\\\/#breadcrumb\",\"itemListElement\":[{\"@type\":\"ListItem\",\"position\":1,\"name\":\"In\u00edcio\",\"item\":\"http:\\\/\\\/angelboss.com.br\\\/\"},{\"@type\":\"ListItem\",\"position\":2,\"name\":\"Amend apresenta lan\u00e7amentos durante a Beauty Fair 2026\"}]},{\"@type\":\"WebSite\",\"@id\":\"http:\\\/\\\/angelboss.com.br\\\/#website\",\"url\":\"http:\\\/\\\/angelboss.com.br\\\/\",\"name\":\"Portal Masculino de Moda, Beleza, Luxo e Business - Angel Boss\",\"description\":\"O Maior Portal sobre Moda, Luxo, Beleza e Business Masculino do Brasil\",\"publisher\":{\"@id\":\"http:\\\/\\\/angelboss.com.br\\\/#organization\"},\"alternateName\":\"Maior Portal e Blog de Beleza Masculina e Luxo\",\"potentialAction\":[{\"@type\":\"SearchAction\",\"target\":{\"@type\":\"EntryPoint\",\"urlTemplate\":\"http:\\\/\\\/angelboss.com.br\\\/?s={search_term_string}\"},\"query-input\":{\"@type\":\"PropertyValueSpecification\",\"valueRequired\":true,\"valueName\":\"search_term_string\"}}],\"inLanguage\":\"en-US\"},{\"@type\":\"Organization\",\"@id\":\"http:\\\/\\\/angelboss.com.br\\\/#organization\",\"name\":\"Portal Masculino de Moda, Beleza, Luxo and Business - Angel Boss\",\"url\":\"http:\\\/\\\/angelboss.com.br\\\/\",\"logo\":{\"@type\":\"ImageObject\",\"inLanguage\":\"en-US\",\"@id\":\"http:\\\/\\\/angelboss.com.br\\\/#\\\/schema\\\/logo\\\/image\\\/\",\"url\":\"https:\\\/\\\/angelboss.com.br\\\/wp-content\\\/uploads\\\/2025\\\/12\\\/WhatsApp-Image-2025-12-11-at-12.54.26.jpeg\",\"contentUrl\":\"https:\\\/\\\/angelboss.com.br\\\/wp-content\\\/uploads\\\/2025\\\/12\\\/WhatsApp-Image-2025-12-11-at-12.54.26.jpeg\",\"width\":1280,\"height\":1280,\"caption\":\"Portal Masculino de Moda, Beleza, Luxo and Business - Angel Boss\"},\"image\":{\"@id\":\"http:\\\/\\\/angelboss.com.br\\\/#\\\/schema\\\/logo\\\/image\\\/\"}},{\"@type\":\"Person\",\"@id\":\"http:\\\/\\\/angelboss.com.br\\\/#\\\/schema\\\/person\\\/b6676b8d991f97199ef2d5b8e5c2d8a5\",\"name\":\"DINO\",\"image\":{\"@type\":\"ImageObject\",\"inLanguage\":\"en-US\",\"@id\":\"https:\\\/\\\/secure.gravatar.com\\\/avatar\\\/f29568383aedf96da155b6f87103b0e04b1c662f982055cda25086444ab33ff8?s=96&d=mm&r=g\",\"url\":\"https:\\\/\\\/secure.gravatar.com\\\/avatar\\\/f29568383aedf96da155b6f87103b0e04b1c662f982055cda25086444ab33ff8?s=96&d=mm&r=g\",\"contentUrl\":\"https:\\\/\\\/secure.gravatar.com\\\/avatar\\\/f29568383aedf96da155b6f87103b0e04b1c662f982055cda25086444ab33ff8?s=96&d=mm&r=g\",\"caption\":\"DINO\"},\"url\":\"http:\\\/\\\/angelboss.com.br\\\/en\\\/author\\\/DINO\\\/\"}]}<\/script>\n<!-- \/ Yoast SEO plugin. -->","yoast_head_json":{"title":"Amend apresenta lan\u00e7amentos durante a Beauty Fair 2026 - Portal Masculino de Moda, Beleza, Luxo and Business - Angel Boss","robots":{"index":"index","follow":"follow","max-snippet":"max-snippet:-1","max-image-preview":"max-image-preview:large","max-video-preview":"max-video-preview:-1"},"canonical":"https:\/\/angelboss.com.br\/en\/2026\/08\/31\/336112-amend-apresenta-lancamentos-durante-a-beauty-fair-2026\/","og_locale":"en_US","og_type":"article","og_title":"Amend apresenta lan\u00e7amentos durante a Beauty Fair 2026 - Portal Masculino de Moda, Beleza, Luxo and Business - Angel Boss","og_description":"Marca leva tr\u00eas novidades ao evento e apresenta produtos voltados a diferentes etapas da rotina de cuidados com os cabelos","og_url":"https:\/\/angelboss.com.br\/en\/2026\/08\/31\/336112-amend-apresenta-lancamentos-durante-a-beauty-fair-2026\/","og_site_name":"Portal Masculino de Moda, Beleza, Luxo and Business - Angel Boss","article_published_time":"2026-08-31T00:00:00+00:00","og_image":[{"url":"https:\/\/api.dino.com.br\/v2\/news\/tr\/336112?partnerId=4593","type":"","width":"","height":""}],"author":"DINO","twitter_card":"summary_large_image","twitter_misc":{"Written by":"DINO","Est. reading time":"2 minutes"},"schema":{"@context":"https:\/\/schema.org","@graph":[{"@type":"Article","@id":"https:\/\/angelboss.com.br\/2026\/08\/31\/336112-amend-apresenta-lancamentos-durante-a-beauty-fair-2026\/#article","isPartOf":{"@id":"https:\/\/angelboss.com.br\/2026\/08\/31\/336112-amend-apresenta-lancamentos-durante-a-beauty-fair-2026\/"},"author":{"name":"DINO","@id":"http:\/\/angelboss.com.br\/#\/schema\/person\/b6676b8d991f97199ef2d5b8e5c2d8a5"},"headline":"Amend apresenta lan\u00e7amentos durante a Beauty Fair 2026","datePublished":"2026-08-31T00:00:00+00:00","mainEntityOfPage":{"@id":"https:\/\/angelboss.com.br\/2026\/08\/31\/336112-amend-apresenta-lancamentos-durante-a-beauty-fair-2026\/"},"wordCount":472,"commentCount":0,"publisher":{"@id":"http:\/\/angelboss.com.br\/#organization"},"image":{"@id":"https:\/\/angelboss.com.br\/2026\/08\/31\/336112-amend-apresenta-lancamentos-durante-a-beauty-fair-2026\/#primaryimage"},"thumbnailUrl":"http:\/\/angelboss.com.br\/wp-content\/uploads\/2026\/08\/71c6e839-2f6c-4871-9278-6ddd9b27c426.jpg","keywords":["EVENTOS","MARKETING","moda","NEG\u00d3CIOS","SA\u00daDE E BEM-ESTAR"],"articleSection":["Not\u00edcias Corporativas"],"inLanguage":"en-US","potentialAction":[{"@type":"CommentAction","name":"Comment","target":["https:\/\/angelboss.com.br\/2026\/08\/31\/336112-amend-apresenta-lancamentos-durante-a-beauty-fair-2026\/#respond"]}]},{"@type":"WebPage","@id":"https:\/\/angelboss.com.br\/2026\/08\/31\/336112-amend-apresenta-lancamentos-durante-a-beauty-fair-2026\/","url":"https:\/\/angelboss.com.br\/2026\/08\/31\/336112-amend-apresenta-lancamentos-durante-a-beauty-fair-2026\/","name":"Amend apresenta lan\u00e7amentos durante a Beauty Fair 2026 - Portal Masculino de Moda, Beleza, Luxo and Business - Angel Boss","isPartOf":{"@id":"http:\/\/angelboss.com.br\/#website"},"primaryImageOfPage":{"@id":"https:\/\/angelboss.com.br\/2026\/08\/31\/336112-amend-apresenta-lancamentos-durante-a-beauty-fair-2026\/#primaryimage"},"image":{"@id":"https:\/\/angelboss.com.br\/2026\/08\/31\/336112-amend-apresenta-lancamentos-durante-a-beauty-fair-2026\/#primaryimage"},"thumbnailUrl":"http:\/\/angelboss.com.br\/wp-content\/uploads\/2026\/08\/71c6e839-2f6c-4871-9278-6ddd9b27c426.jpg","datePublished":"2026-08-31T00:00:00+00:00","breadcrumb":{"@id":"https:\/\/angelboss.com.br\/2026\/08\/31\/336112-amend-apresenta-lancamentos-durante-a-beauty-fair-2026\/#breadcrumb"},"inLanguage":"en-US","potentialAction":[{"@type":"ReadAction","target":["https:\/\/angelboss.com.br\/2026\/08\/31\/336112-amend-apresenta-lancamentos-durante-a-beauty-fair-2026\/"]}]},{"@type":"ImageObject","inLanguage":"en-US","@id":"https:\/\/angelboss.com.br\/2026\/08\/31\/336112-amend-apresenta-lancamentos-durante-a-beauty-fair-2026\/#primaryimage","url":"http:\/\/angelboss.com.br\/wp-content\/uploads\/2026\/08\/71c6e839-2f6c-4871-9278-6ddd9b27c426.jpg","contentUrl":"http:\/\/angelboss.com.br\/wp-content\/uploads\/2026\/08\/71c6e839-2f6c-4871-9278-6ddd9b27c426.jpg","width":1200,"height":800,"caption":"71c6e839 2f6c 4871 9278 6ddd9b27c426"},{"@type":"BreadcrumbList","@id":"https:\/\/angelboss.com.br\/2026\/08\/31\/336112-amend-apresenta-lancamentos-durante-a-beauty-fair-2026\/#breadcrumb","itemListElement":[{"@type":"ListItem","position":1,"name":"In\u00edcio","item":"http:\/\/angelboss.com.br\/"},{"@type":"ListItem","position":2,"name":"Amend apresenta lan\u00e7amentos durante a Beauty Fair 2026"}]},{"@type":"WebSite","@id":"http:\/\/angelboss.com.br\/#website","url":"http:\/\/angelboss.com.br\/","name":"Portal Masculino de Moda, Beleza, Luxo e Business - Angel Boss","description":"O Maior Portal sobre Moda, Luxo, Beleza e Business Masculino do Brasil","publisher":{"@id":"http:\/\/angelboss.com.br\/#organization"},"alternateName":"Maior Portal e Blog de Beleza Masculina e Luxo","potentialAction":[{"@type":"SearchAction","target":{"@type":"EntryPoint","urlTemplate":"http:\/\/angelboss.com.br\/?s={search_term_string}"},"query-input":{"@type":"PropertyValueSpecification","valueRequired":true,"valueName":"search_term_string"}}],"inLanguage":"en-US"},{"@type":"Organization","@id":"http:\/\/angelboss.com.br\/#organization","name":"Portal Masculino de Moda, Beleza, Luxo and Business - Angel Boss","url":"http:\/\/angelboss.com.br\/","logo":{"@type":"ImageObject","inLanguage":"en-US","@id":"http:\/\/angelboss.com.br\/#\/schema\/logo\/image\/","url":"https:\/\/angelboss.com.br\/wp-content\/uploads\/2025\/12\/WhatsApp-Image-2025-12-11-at-12.54.26.jpeg","contentUrl":"https:\/\/angelboss.com.br\/wp-content\/uploads\/2025\/12\/WhatsApp-Image-2025-12-11-at-12.54.26.jpeg","width":1280,"height":1280,"caption":"Portal Masculino de Moda, Beleza, Luxo and Business - Angel Boss"},"image":{"@id":"http:\/\/angelboss.com.br\/#\/schema\/logo\/image\/"}},{"@type":"Person","@id":"http:\/\/angelboss.com.br\/#\/schema\/person\/b6676b8d991f97199ef2d5b8e5c2d8a5","name":"DINO","image":{"@type":"ImageObject","inLanguage":"en-US","@id":"https:\/\/secure.gravatar.com\/avatar\/f29568383aedf96da155b6f87103b0e04b1c662f982055cda25086444ab33ff8?s=96&d=mm&r=g","url":"https:\/\/secure.gravatar.com\/avatar\/f29568383aedf96da155b6f87103b0e04b1c662f982055cda25086444ab33ff8?s=96&d=mm&r=g","contentUrl":"https:\/\/secure.gravatar.com\/avatar\/f29568383aedf96da155b6f87103b0e04b1c662f982055cda25086444ab33ff8?s=96&d=mm&r=g","caption":"DINO"},"url":"http:\/\/angelboss.com.br\/en\/author\/DINO\/"}]}},"amp_enabled":true,"_links":{"self":[{"href":"http:\/\/angelboss.com.br\/en\/wp-json\/wp\/v2\/posts\/34615","targetHints":{"allow":["GET"]}}],"collection":[{"href":"http:\/\/angelboss.com.br\/en\/wp-json\/wp\/v2\/posts"}],"about":[{"href":"http:\/\/angelboss.com.br\/en\/wp-json\/wp\/v2\/types\/post"}],"author":[{"embeddable":true,"href":"http:\/\/angelboss.com.br\/en\/wp-json\/wp\/v2\/users\/3"}],"replies":[{"embeddable":true,"href":"http:\/\/angelboss.com.br\/en\/wp-json\/wp\/v2\/comments?post=34615"}],"version-history":[{"count":0,"href":"http:\/\/angelboss.com.br\/en\/wp-json\/wp\/v2\/posts\/34615\/revisions"}],"wp:featuredmedia":[{"embeddable":true,"href":"http:\/\/angelboss.com.br\/en\/wp-json\/wp\/v2\/media\/34616"}],"wp:attachment":[{"href":"http:\/\/angelboss.com.br\/en\/wp-json\/wp\/v2\/media?parent=34615"}],"wp:term":[{"taxonomy":"category","embeddable":true,"href":"http:\/\/angelboss.com.br\/en\/wp-json\/wp\/v2\/categories?post=34615"},{"taxonomy":"post_tag","embeddable":true,"href":"http:\/\/angelboss.com.br\/en\/wp-json\/wp\/v2\/tags?post=34615"}],"curies":[{"name":"wp","href":"https:\/\/api.w.org\/{rel}","templated":true}]}}