{"id":32950,"date":"2026-08-17T00:00:00","date_gmt":"2026-08-17T00:00:00","guid":{"rendered":"https:\/\/angelboss.com.br\/2026\/08\/17\/335260-adce-brasil-abre-inscricoes-para-13o-congresso-uniapac\/"},"modified":"2026-08-17T00:00:00","modified_gmt":"2026-08-17T00:00:00","slug":"335260-adce-brasil-abre-inscricoes-para-13o-congresso-uniapac","status":"publish","type":"post","link":"http:\/\/angelboss.com.br\/en\/2026\/08\/17\/335260-adce-brasil-abre-inscricoes-para-13o-congresso-uniapac\/","title":{"rendered":"ADCE Brasil abre inscri\u00e7\u00f5es para 13\u00ba Congresso UNIAPAC"},"content":{"rendered":"<p>Belo Horizonte recebe, entre os dias 20 e 22 de agosto, o 13\u00ba Congresso UNIAPAC ADCE Brasil, encontro que re\u00fane empres\u00e1rios, executivos e dirigentes de todo o pa\u00eds para discutir \u00e9tica, governan\u00e7a e prop\u00f3sito nos neg\u00f3cios. As inscri\u00e7\u00f5es para o evento, que ser\u00e1 sediado na Federa\u00e7\u00e3o das Ind\u00fastrias do Estado de Minas Gerais (FIEMG), j\u00e1 est\u00e3o abertas.<\/p>\n<p>Com o tema &quot;Empresa, Valores e Prop\u00f3sito: Lideran\u00e7a \u00c9tica para Transformar o Brasil&quot;, a programa\u00e7\u00e3o deste ano coloca frente a frente nomes de peso do empresariado nacional. A abertura, na noite de quinta-feira, traz uma palestra magna de Guilherme Leal, cofundador da Natura &amp;Co e da marca de chocolates Dengo, conhecido por sua atua\u00e7\u00e3o \u00e0 frente de neg\u00f3cios de impacto socioambiental.<\/p>\n<p>O congresso \u00e9 promovido pela Associa\u00e7\u00e3o dos Dirigentes Crist\u00e3os de Empresas (ADCE), bra\u00e7o brasileiro da Uni\u00e3o Internacional Crist\u00e3 de Dirigentes de Empresas (UNIAPAC), entidade presente em mais de 30 pa\u00edses. A realiza\u00e7\u00e3o em Belo Horizonte tem \u00e0 frente a ADCE-MG, regional mineira da entidade, em parceria com a FIEMG. Ao longo de sua hist\u00f3ria, a organiza\u00e7\u00e3o j\u00e1 reuniu mais de 4 mil l\u00edderes empresariais no Brasil.<\/p>\n<p><strong>Programa\u00e7\u00e3o<\/strong><\/p>\n<p>A abertura institucional, na quinta-feira, conta com a participa\u00e7\u00e3o de Alexandre Figueiredo, presidente da ADCE-MG, ao lado de S\u00e9rgio Cavalieri, presidente da ADCE Brasil, e Ivana Serpa, presidente do Conselho de Gest\u00e3o e Competitividade da FIEMG.<\/p>\n<p>A sexta-feira, 21 de agosto, \u00e9 dedicada aos pain\u00e9is t\u00e9cnicos e contar\u00e1 com quatro debates que cruzam lideran\u00e7a, governan\u00e7a, sustentabilidade e inova\u00e7\u00e3o. Entre os painelistas est\u00e3o nomes como Eug\u00eanio Mattar, presidente-executivo do conselho de administra\u00e7\u00e3o da Localiza&amp;Co; Wilfred Bruijn, membro independente do conselho de administra\u00e7\u00e3o da Vale; Jos\u00e9 Henrique Salvador, CEO da Rede Mater Dei de Sa\u00fade; e Jo\u00e3o Kepler, CVO da Bossa Invest e CEO do Equity Group, entre outros executivos e especialistas.<\/p>\n<p>O encerramento da programa\u00e7\u00e3o de pain\u00e9is fica a cargo do Padre Dr. Lu\u00eds Henrique Eloy e Silva, reitor da PUC Minas, que conduz a reflex\u00e3o final rumo a um &quot;Pacto de Lideran\u00e7a \u00c9tica&quot; entre os participantes. No s\u00e1bado, 22 de agosto, para quem desejar aderir, o congresso prop\u00f5e uma atividade fora dos audit\u00f3rios: uma visita ao Inhotim, o maior museu de arte contempor\u00e2nea a c\u00e9u aberto do pa\u00eds, pensada como espa\u00e7o de conviv\u00eancia e integra\u00e7\u00e3o entre os participantes.<\/p>\n<p><strong>Como se inscrever<\/strong><\/p>\n<p>As inscri\u00e7\u00f5es podem ser feitas pelo <a href=\"https:\/\/adcebrasil.org.br\/13o-congresso-uniapac\/\" rel=\"follow\">site oficial do evento<\/a>. Os valores variam conforme a categoria do participante: R$ 490 para associados da ADCE, R$ 690 para n\u00e3o associados e R$ 245 para associados da ADCE Jovem. O valor inclui material do congresso, coquetel de abertura, coffee break, brunch e acesso a todos os pain\u00e9is. As vagas s\u00e3o limitadas.<\/p>\n<p><img src='https:\/\/api.dino.com.br\/v2\/news\/tr\/335260?partnerId=4593' alt=\"\" style=\"border:0px;width:1px;height:1px;\" \/><\/p>","protected":false},"excerpt":{"rendered":"<p>Evento ocorre de 20 a 22 de agosto, na sede da FIEMG, e tem Guilherme Leal, cofundador da Natura, entre os palestrantes confirmados<\/p>","protected":false},"author":3,"featured_media":32951,"comment_status":"open","ping_status":"open","sticky":false,"template":"","format":"standard","meta":{"_seopress_titles_title":"","_seopress_titles_desc":"","_seopress_robots_index":"","_seopress_robots_follow":"","_seopress_robots_imageindex":"","_seopress_robots_snippet":"","_seopress_robots_primary_cat":"0","_seopress_robots_breadcrumbs":"","_seopress_robots_freeze_modified_date":"","_seopress_robots_custom_modified_date":"","_seopress_robots_canonical":"","_seopress_social_fb_title":"","_seopress_social_fb_desc":"","_seopress_social_fb_img":"","_seopress_social_fb_img_attachment_id":0,"_seopress_social_fb_img_width":0,"_seopress_social_fb_img_height":0,"_seopress_social_twitter_title":"","_seopress_social_twitter_desc":"","_seopress_social_twitter_img":"","_seopress_social_twitter_img_attachment_id":0,"_seopress_social_twitter_img_width":0,"_seopress_social_twitter_img_height":0,"_seopress_redirections_value":"","_seopress_redirections_enabled":"","_seopress_redirections_enabled_regex":"","_seopress_redirections_logged_status":"","_seopress_redirections_param":"","_seopress_redirections_type":0,"_seopress_analysis_target_kw":"","page_builder":"","footnotes":""},"categories":[315],"tags":[341,342,455,347,324],"class_list":["post-32950","post","type-post","status-publish","format-standard","has-post-thumbnail","category-noticias-corporativas-dino","tag-economia","tag-empreendedorismo","tag-executivo","tag-industrias","tag-negocios"],"yoast_head":"<!-- This site is optimized with the Yoast SEO plugin v28.4 - https:\/\/yoast.com\/product\/yoast-seo-wordpress\/ -->\n<title>ADCE Brasil abre inscri\u00e7\u00f5es para 13\u00ba Congresso UNIAPAC - Portal Masculino de Moda, Beleza, Luxo and Business - Angel Boss<\/title>\n<meta name=\"robots\" content=\"index, follow, max-snippet:-1, max-image-preview:large, max-video-preview:-1\" \/>\n<link rel=\"canonical\" href=\"http:\/\/angelboss.com.br\/en\/2026\/08\/17\/335260-adce-brasil-abre-inscricoes-para-13o-congresso-uniapac\/\" \/>\n<meta property=\"og:locale\" content=\"en_US\" \/>\n<meta property=\"og:type\" content=\"article\" \/>\n<meta property=\"og:title\" content=\"ADCE Brasil abre inscri\u00e7\u00f5es para 13\u00ba Congresso UNIAPAC - Portal Masculino de Moda, Beleza, Luxo and Business - Angel Boss\" \/>\n<meta property=\"og:description\" content=\"Evento ocorre de 20 a 22 de agosto, na sede da FIEMG, e tem Guilherme Leal, cofundador da Natura, entre os palestrantes confirmados\" \/>\n<meta property=\"og:url\" content=\"http:\/\/angelboss.com.br\/en\/2026\/08\/17\/335260-adce-brasil-abre-inscricoes-para-13o-congresso-uniapac\/\" \/>\n<meta property=\"og:site_name\" content=\"Portal Masculino de Moda, Beleza, Luxo and Business - Angel Boss\" \/>\n<meta property=\"article:published_time\" content=\"2026-08-17T00:00:00+00:00\" \/>\n<meta property=\"og:image\" content=\"http:\/\/angelboss.com.br\/wp-content\/uploads\/2026\/08\/5e1debfb-3e0a-4295-a79d-61095cecdbc2.jpeg\" \/>\n\t<meta property=\"og:image:width\" content=\"533\" \/>\n\t<meta property=\"og:image:height\" content=\"800\" \/>\n\t<meta property=\"og:image:type\" content=\"image\/jpeg\" \/>\n<meta name=\"author\" content=\"DINO\" \/>\n<meta name=\"twitter:card\" content=\"summary_large_image\" \/>\n<meta name=\"twitter:label1\" content=\"Written by\" \/>\n\t<meta name=\"twitter:data1\" content=\"DINO\" \/>\n\t<meta name=\"twitter:label2\" content=\"Est. reading time\" \/>\n\t<meta name=\"twitter:data2\" content=\"2 minutes\" \/>\n<script type=\"application\/ld+json\" class=\"yoast-schema-graph\">{\"@context\":\"https:\\\/\\\/schema.org\",\"@graph\":[{\"@type\":\"Article\",\"@id\":\"http:\\\/\\\/angelboss.com.br\\\/en\\\/2026\\\/08\\\/17\\\/335260-adce-brasil-abre-inscricoes-para-13o-congresso-uniapac\\\/#article\",\"isPartOf\":{\"@id\":\"http:\\\/\\\/angelboss.com.br\\\/en\\\/2026\\\/08\\\/17\\\/335260-adce-brasil-abre-inscricoes-para-13o-congresso-uniapac\\\/\"},\"author\":{\"name\":\"DINO\",\"@id\":\"https:\\\/\\\/angelboss.com.br\\\/#\\\/schema\\\/person\\\/b6676b8d991f97199ef2d5b8e5c2d8a5\"},\"headline\":\"ADCE Brasil abre inscri\u00e7\u00f5es para 13\u00ba Congresso UNIAPAC\",\"datePublished\":\"2026-08-17T00:00:00+00:00\",\"mainEntityOfPage\":{\"@id\":\"http:\\\/\\\/angelboss.com.br\\\/en\\\/2026\\\/08\\\/17\\\/335260-adce-brasil-abre-inscricoes-para-13o-congresso-uniapac\\\/\"},\"wordCount\":493,\"commentCount\":0,\"publisher\":{\"@id\":\"https:\\\/\\\/angelboss.com.br\\\/#organization\"},\"image\":{\"@id\":\"http:\\\/\\\/angelboss.com.br\\\/en\\\/2026\\\/08\\\/17\\\/335260-adce-brasil-abre-inscricoes-para-13o-congresso-uniapac\\\/#primaryimage\"},\"thumbnailUrl\":\"http:\\\/\\\/angelboss.com.br\\\/wp-content\\\/uploads\\\/2026\\\/08\\\/5e1debfb-3e0a-4295-a79d-61095cecdbc2.jpeg\",\"keywords\":[\"ECONOMIA\",\"EMPREENDEDORISMO\",\"EXECUTIVO\",\"IND\u00daSTRIAS\",\"NEG\u00d3CIOS\"],\"articleSection\":[\"Not\u00edcias Corporativas\"],\"inLanguage\":\"en-US\",\"potentialAction\":[{\"@type\":\"CommentAction\",\"name\":\"Comment\",\"target\":[\"http:\\\/\\\/angelboss.com.br\\\/en\\\/2026\\\/08\\\/17\\\/335260-adce-brasil-abre-inscricoes-para-13o-congresso-uniapac\\\/#respond\"]}]},{\"@type\":\"WebPage\",\"@id\":\"http:\\\/\\\/angelboss.com.br\\\/en\\\/2026\\\/08\\\/17\\\/335260-adce-brasil-abre-inscricoes-para-13o-congresso-uniapac\\\/\",\"url\":\"http:\\\/\\\/angelboss.com.br\\\/en\\\/2026\\\/08\\\/17\\\/335260-adce-brasil-abre-inscricoes-para-13o-congresso-uniapac\\\/\",\"name\":\"ADCE Brasil abre inscri\u00e7\u00f5es para 13\u00ba Congresso UNIAPAC - Portal Masculino de Moda, Beleza, Luxo and Business - Angel Boss\",\"isPartOf\":{\"@id\":\"https:\\\/\\\/angelboss.com.br\\\/#website\"},\"primaryImageOfPage\":{\"@id\":\"http:\\\/\\\/angelboss.com.br\\\/en\\\/2026\\\/08\\\/17\\\/335260-adce-brasil-abre-inscricoes-para-13o-congresso-uniapac\\\/#primaryimage\"},\"image\":{\"@id\":\"http:\\\/\\\/angelboss.com.br\\\/en\\\/2026\\\/08\\\/17\\\/335260-adce-brasil-abre-inscricoes-para-13o-congresso-uniapac\\\/#primaryimage\"},\"thumbnailUrl\":\"http:\\\/\\\/angelboss.com.br\\\/wp-content\\\/uploads\\\/2026\\\/08\\\/5e1debfb-3e0a-4295-a79d-61095cecdbc2.jpeg\",\"datePublished\":\"2026-08-17T00:00:00+00:00\",\"breadcrumb\":{\"@id\":\"http:\\\/\\\/angelboss.com.br\\\/en\\\/2026\\\/08\\\/17\\\/335260-adce-brasil-abre-inscricoes-para-13o-congresso-uniapac\\\/#breadcrumb\"},\"inLanguage\":\"en-US\",\"potentialAction\":[{\"@type\":\"ReadAction\",\"target\":[\"http:\\\/\\\/angelboss.com.br\\\/en\\\/2026\\\/08\\\/17\\\/335260-adce-brasil-abre-inscricoes-para-13o-congresso-uniapac\\\/\"]}]},{\"@type\":\"ImageObject\",\"inLanguage\":\"en-US\",\"@id\":\"http:\\\/\\\/angelboss.com.br\\\/en\\\/2026\\\/08\\\/17\\\/335260-adce-brasil-abre-inscricoes-para-13o-congresso-uniapac\\\/#primaryimage\",\"url\":\"http:\\\/\\\/angelboss.com.br\\\/wp-content\\\/uploads\\\/2026\\\/08\\\/5e1debfb-3e0a-4295-a79d-61095cecdbc2.jpeg\",\"contentUrl\":\"http:\\\/\\\/angelboss.com.br\\\/wp-content\\\/uploads\\\/2026\\\/08\\\/5e1debfb-3e0a-4295-a79d-61095cecdbc2.jpeg\",\"width\":533,\"height\":800,\"caption\":\"ADCE Brasil abre inscri\u00e7\u00f5es para 13\u00ba Congresso UNIAPAC\"},{\"@type\":\"BreadcrumbList\",\"@id\":\"http:\\\/\\\/angelboss.com.br\\\/en\\\/2026\\\/08\\\/17\\\/335260-adce-brasil-abre-inscricoes-para-13o-congresso-uniapac\\\/#breadcrumb\",\"itemListElement\":[{\"@type\":\"ListItem\",\"position\":1,\"name\":\"In\u00edcio\",\"item\":\"https:\\\/\\\/angelboss.com.br\\\/\"},{\"@type\":\"ListItem\",\"position\":2,\"name\":\"ADCE Brasil abre inscri\u00e7\u00f5es para 13\u00ba Congresso UNIAPAC\"}]},{\"@type\":\"WebSite\",\"@id\":\"https:\\\/\\\/angelboss.com.br\\\/#website\",\"url\":\"https:\\\/\\\/angelboss.com.br\\\/\",\"name\":\"Portal Masculino de Moda, Beleza, Luxo e Business - Angel Boss\",\"description\":\"O Maior Portal sobre Moda, Luxo, Beleza e Business Masculino do Brasil\",\"publisher\":{\"@id\":\"https:\\\/\\\/angelboss.com.br\\\/#organization\"},\"alternateName\":\"Maior Portal e Blog de Beleza Masculina e Luxo\",\"potentialAction\":[{\"@type\":\"SearchAction\",\"target\":{\"@type\":\"EntryPoint\",\"urlTemplate\":\"https:\\\/\\\/angelboss.com.br\\\/?s={search_term_string}\"},\"query-input\":{\"@type\":\"PropertyValueSpecification\",\"valueRequired\":true,\"valueName\":\"search_term_string\"}}],\"inLanguage\":\"en-US\"},{\"@type\":\"Organization\",\"@id\":\"https:\\\/\\\/angelboss.com.br\\\/#organization\",\"name\":\"Portal Masculino de Moda, Beleza, Luxo and Business - Angel Boss\",\"url\":\"https:\\\/\\\/angelboss.com.br\\\/\",\"logo\":{\"@type\":\"ImageObject\",\"inLanguage\":\"en-US\",\"@id\":\"https:\\\/\\\/angelboss.com.br\\\/#\\\/schema\\\/logo\\\/image\\\/\",\"url\":\"https:\\\/\\\/angelboss.com.br\\\/wp-content\\\/uploads\\\/2025\\\/12\\\/WhatsApp-Image-2025-12-11-at-12.54.26.jpeg\",\"contentUrl\":\"https:\\\/\\\/angelboss.com.br\\\/wp-content\\\/uploads\\\/2025\\\/12\\\/WhatsApp-Image-2025-12-11-at-12.54.26.jpeg\",\"width\":1280,\"height\":1280,\"caption\":\"Portal Masculino de Moda, Beleza, Luxo and Business - Angel Boss\"},\"image\":{\"@id\":\"https:\\\/\\\/angelboss.com.br\\\/#\\\/schema\\\/logo\\\/image\\\/\"}},{\"@type\":\"Person\",\"@id\":\"https:\\\/\\\/angelboss.com.br\\\/#\\\/schema\\\/person\\\/b6676b8d991f97199ef2d5b8e5c2d8a5\",\"name\":\"DINO\",\"image\":{\"@type\":\"ImageObject\",\"inLanguage\":\"en-US\",\"@id\":\"https:\\\/\\\/secure.gravatar.com\\\/avatar\\\/f29568383aedf96da155b6f87103b0e04b1c662f982055cda25086444ab33ff8?s=96&d=mm&r=g\",\"url\":\"https:\\\/\\\/secure.gravatar.com\\\/avatar\\\/f29568383aedf96da155b6f87103b0e04b1c662f982055cda25086444ab33ff8?s=96&d=mm&r=g\",\"contentUrl\":\"https:\\\/\\\/secure.gravatar.com\\\/avatar\\\/f29568383aedf96da155b6f87103b0e04b1c662f982055cda25086444ab33ff8?s=96&d=mm&r=g\",\"caption\":\"DINO\"},\"url\":\"http:\\\/\\\/angelboss.com.br\\\/en\\\/author\\\/DINO\\\/\"}]}<\/script>\n<!-- \/ Yoast SEO plugin. -->","yoast_head_json":{"title":"ADCE Brasil abre inscri\u00e7\u00f5es para 13\u00ba Congresso UNIAPAC - Portal Masculino de Moda, Beleza, Luxo and Business - Angel Boss","robots":{"index":"index","follow":"follow","max-snippet":"max-snippet:-1","max-image-preview":"max-image-preview:large","max-video-preview":"max-video-preview:-1"},"canonical":"http:\/\/angelboss.com.br\/en\/2026\/08\/17\/335260-adce-brasil-abre-inscricoes-para-13o-congresso-uniapac\/","og_locale":"en_US","og_type":"article","og_title":"ADCE Brasil abre inscri\u00e7\u00f5es para 13\u00ba Congresso UNIAPAC - Portal Masculino de Moda, Beleza, Luxo and Business - Angel Boss","og_description":"Evento ocorre de 20 a 22 de agosto, na sede da FIEMG, e tem Guilherme Leal, cofundador da Natura, entre os palestrantes confirmados","og_url":"http:\/\/angelboss.com.br\/en\/2026\/08\/17\/335260-adce-brasil-abre-inscricoes-para-13o-congresso-uniapac\/","og_site_name":"Portal Masculino de Moda, Beleza, Luxo and Business - Angel Boss","article_published_time":"2026-08-17T00:00:00+00:00","og_image":[{"width":533,"height":800,"url":"http:\/\/angelboss.com.br\/wp-content\/uploads\/2026\/08\/5e1debfb-3e0a-4295-a79d-61095cecdbc2.jpeg","type":"image\/jpeg"}],"author":"DINO","twitter_card":"summary_large_image","twitter_misc":{"Written by":"DINO","Est. reading time":"2 minutes"},"schema":{"@context":"https:\/\/schema.org","@graph":[{"@type":"Article","@id":"http:\/\/angelboss.com.br\/en\/2026\/08\/17\/335260-adce-brasil-abre-inscricoes-para-13o-congresso-uniapac\/#article","isPartOf":{"@id":"http:\/\/angelboss.com.br\/en\/2026\/08\/17\/335260-adce-brasil-abre-inscricoes-para-13o-congresso-uniapac\/"},"author":{"name":"DINO","@id":"https:\/\/angelboss.com.br\/#\/schema\/person\/b6676b8d991f97199ef2d5b8e5c2d8a5"},"headline":"ADCE Brasil abre inscri\u00e7\u00f5es para 13\u00ba Congresso UNIAPAC","datePublished":"2026-08-17T00:00:00+00:00","mainEntityOfPage":{"@id":"http:\/\/angelboss.com.br\/en\/2026\/08\/17\/335260-adce-brasil-abre-inscricoes-para-13o-congresso-uniapac\/"},"wordCount":493,"commentCount":0,"publisher":{"@id":"https:\/\/angelboss.com.br\/#organization"},"image":{"@id":"http:\/\/angelboss.com.br\/en\/2026\/08\/17\/335260-adce-brasil-abre-inscricoes-para-13o-congresso-uniapac\/#primaryimage"},"thumbnailUrl":"http:\/\/angelboss.com.br\/wp-content\/uploads\/2026\/08\/5e1debfb-3e0a-4295-a79d-61095cecdbc2.jpeg","keywords":["ECONOMIA","EMPREENDEDORISMO","EXECUTIVO","IND\u00daSTRIAS","NEG\u00d3CIOS"],"articleSection":["Not\u00edcias Corporativas"],"inLanguage":"en-US","potentialAction":[{"@type":"CommentAction","name":"Comment","target":["http:\/\/angelboss.com.br\/en\/2026\/08\/17\/335260-adce-brasil-abre-inscricoes-para-13o-congresso-uniapac\/#respond"]}]},{"@type":"WebPage","@id":"http:\/\/angelboss.com.br\/en\/2026\/08\/17\/335260-adce-brasil-abre-inscricoes-para-13o-congresso-uniapac\/","url":"http:\/\/angelboss.com.br\/en\/2026\/08\/17\/335260-adce-brasil-abre-inscricoes-para-13o-congresso-uniapac\/","name":"ADCE Brasil abre inscri\u00e7\u00f5es para 13\u00ba Congresso UNIAPAC - Portal Masculino de Moda, Beleza, Luxo and Business - Angel Boss","isPartOf":{"@id":"https:\/\/angelboss.com.br\/#website"},"primaryImageOfPage":{"@id":"http:\/\/angelboss.com.br\/en\/2026\/08\/17\/335260-adce-brasil-abre-inscricoes-para-13o-congresso-uniapac\/#primaryimage"},"image":{"@id":"http:\/\/angelboss.com.br\/en\/2026\/08\/17\/335260-adce-brasil-abre-inscricoes-para-13o-congresso-uniapac\/#primaryimage"},"thumbnailUrl":"http:\/\/angelboss.com.br\/wp-content\/uploads\/2026\/08\/5e1debfb-3e0a-4295-a79d-61095cecdbc2.jpeg","datePublished":"2026-08-17T00:00:00+00:00","breadcrumb":{"@id":"http:\/\/angelboss.com.br\/en\/2026\/08\/17\/335260-adce-brasil-abre-inscricoes-para-13o-congresso-uniapac\/#breadcrumb"},"inLanguage":"en-US","potentialAction":[{"@type":"ReadAction","target":["http:\/\/angelboss.com.br\/en\/2026\/08\/17\/335260-adce-brasil-abre-inscricoes-para-13o-congresso-uniapac\/"]}]},{"@type":"ImageObject","inLanguage":"en-US","@id":"http:\/\/angelboss.com.br\/en\/2026\/08\/17\/335260-adce-brasil-abre-inscricoes-para-13o-congresso-uniapac\/#primaryimage","url":"http:\/\/angelboss.com.br\/wp-content\/uploads\/2026\/08\/5e1debfb-3e0a-4295-a79d-61095cecdbc2.jpeg","contentUrl":"http:\/\/angelboss.com.br\/wp-content\/uploads\/2026\/08\/5e1debfb-3e0a-4295-a79d-61095cecdbc2.jpeg","width":533,"height":800,"caption":"ADCE Brasil abre inscri\u00e7\u00f5es para 13\u00ba Congresso UNIAPAC"},{"@type":"BreadcrumbList","@id":"http:\/\/angelboss.com.br\/en\/2026\/08\/17\/335260-adce-brasil-abre-inscricoes-para-13o-congresso-uniapac\/#breadcrumb","itemListElement":[{"@type":"ListItem","position":1,"name":"In\u00edcio","item":"https:\/\/angelboss.com.br\/"},{"@type":"ListItem","position":2,"name":"ADCE Brasil abre inscri\u00e7\u00f5es para 13\u00ba Congresso UNIAPAC"}]},{"@type":"WebSite","@id":"https:\/\/angelboss.com.br\/#website","url":"https:\/\/angelboss.com.br\/","name":"Portal Masculino de Moda, Beleza, Luxo e Business - Angel Boss","description":"O Maior Portal sobre Moda, Luxo, Beleza e Business Masculino do Brasil","publisher":{"@id":"https:\/\/angelboss.com.br\/#organization"},"alternateName":"Maior Portal e Blog de Beleza Masculina e Luxo","potentialAction":[{"@type":"SearchAction","target":{"@type":"EntryPoint","urlTemplate":"https:\/\/angelboss.com.br\/?s={search_term_string}"},"query-input":{"@type":"PropertyValueSpecification","valueRequired":true,"valueName":"search_term_string"}}],"inLanguage":"en-US"},{"@type":"Organization","@id":"https:\/\/angelboss.com.br\/#organization","name":"Portal Masculino de Moda, Beleza, Luxo and Business - Angel Boss","url":"https:\/\/angelboss.com.br\/","logo":{"@type":"ImageObject","inLanguage":"en-US","@id":"https:\/\/angelboss.com.br\/#\/schema\/logo\/image\/","url":"https:\/\/angelboss.com.br\/wp-content\/uploads\/2025\/12\/WhatsApp-Image-2025-12-11-at-12.54.26.jpeg","contentUrl":"https:\/\/angelboss.com.br\/wp-content\/uploads\/2025\/12\/WhatsApp-Image-2025-12-11-at-12.54.26.jpeg","width":1280,"height":1280,"caption":"Portal Masculino de Moda, Beleza, Luxo and Business - Angel Boss"},"image":{"@id":"https:\/\/angelboss.com.br\/#\/schema\/logo\/image\/"}},{"@type":"Person","@id":"https:\/\/angelboss.com.br\/#\/schema\/person\/b6676b8d991f97199ef2d5b8e5c2d8a5","name":"DINO","image":{"@type":"ImageObject","inLanguage":"en-US","@id":"https:\/\/secure.gravatar.com\/avatar\/f29568383aedf96da155b6f87103b0e04b1c662f982055cda25086444ab33ff8?s=96&d=mm&r=g","url":"https:\/\/secure.gravatar.com\/avatar\/f29568383aedf96da155b6f87103b0e04b1c662f982055cda25086444ab33ff8?s=96&d=mm&r=g","contentUrl":"https:\/\/secure.gravatar.com\/avatar\/f29568383aedf96da155b6f87103b0e04b1c662f982055cda25086444ab33ff8?s=96&d=mm&r=g","caption":"DINO"},"url":"http:\/\/angelboss.com.br\/en\/author\/DINO\/"}]}},"amp_enabled":true,"_links":{"self":[{"href":"http:\/\/angelboss.com.br\/en\/wp-json\/wp\/v2\/posts\/32950","targetHints":{"allow":["GET"]}}],"collection":[{"href":"http:\/\/angelboss.com.br\/en\/wp-json\/wp\/v2\/posts"}],"about":[{"href":"http:\/\/angelboss.com.br\/en\/wp-json\/wp\/v2\/types\/post"}],"author":[{"embeddable":true,"href":"http:\/\/angelboss.com.br\/en\/wp-json\/wp\/v2\/users\/3"}],"replies":[{"embeddable":true,"href":"http:\/\/angelboss.com.br\/en\/wp-json\/wp\/v2\/comments?post=32950"}],"version-history":[{"count":0,"href":"http:\/\/angelboss.com.br\/en\/wp-json\/wp\/v2\/posts\/32950\/revisions"}],"wp:featuredmedia":[{"embeddable":true,"href":"http:\/\/angelboss.com.br\/en\/wp-json\/wp\/v2\/media\/32951"}],"wp:attachment":[{"href":"http:\/\/angelboss.com.br\/en\/wp-json\/wp\/v2\/media?parent=32950"}],"wp:term":[{"taxonomy":"category","embeddable":true,"href":"http:\/\/angelboss.com.br\/en\/wp-json\/wp\/v2\/categories?post=32950"},{"taxonomy":"post_tag","embeddable":true,"href":"http:\/\/angelboss.com.br\/en\/wp-json\/wp\/v2\/tags?post=32950"}],"curies":[{"name":"wp","href":"https:\/\/api.w.org\/{rel}","templated":true}]}}