{"id":21050,"date":"2026-04-30T21:19:35","date_gmt":"2026-04-30T21:19:35","guid":{"rendered":"https:\/\/angelboss.com.br\/?p=21050"},"modified":"2026-04-30T21:19:38","modified_gmt":"2026-04-30T21:19:38","slug":"mata-sao-paulo-cidade-matarazzo-feriado-2026","status":"publish","type":"post","link":"http:\/\/angelboss.com.br\/en\/2026\/04\/30\/mata-sao-paulo-cidade-matarazzo-feriado-2026\/","title":{"rendered":"Mata S\u00e3o Paulo re\u00fane arte, gastronomia e experi\u00eancias culturais como destaque do feriado"},"content":{"rendered":"<p>Portal de experi\u00eancias integrado \u00e0 Cidade Matarazzo re\u00fane exposi\u00e7\u00e3o imersiva de Es Devlin, espa\u00e7os rec\u00e9m-inaugurados da Mata Lab e op\u00e7\u00f5es gastron\u00f4micas para aproveitar o feriado em S\u00e3o Paul<\/p>\n\n\n\n<p>A Mata S\u00e3o Paulo, portal de experi\u00eancias integrado \u00e0 Cidade Matarazzo, apresenta programa\u00e7\u00e3o especial para o feriado prolongado do Dia Mundial do Trabalho (1 de maio). O espa\u00e7o re\u00fane arte contempor\u00e2nea, gastronomia e experi\u00eancias culturais em um s\u00f3 lugar, consolidando-se como um novo polo de experi\u00eancias culturais na cidade.<\/p>\n\n\n\n<p>Entre os destaques est\u00e1 a exposi\u00e7\u00e3o &#8220;Sou o Outro do Outro&#8221;, da artista brit\u00e2nica Es Devlin, em cartaz na Casa Bradesco, na Sala Aqui. A mostra apresenta seis instala\u00e7\u00f5es imersivas produzidas no Brasil, que prop\u00f5em ao p\u00fablico uma experi\u00eancia sensorial e participativa. Desde a sua abertura, a exposi\u00e7\u00e3o j\u00e1 recebeu mais de 24 mil visitantes, consolidando o espa\u00e7o como um novo polo cultural na capital.<\/p>\n\n\n\n<p>A programa\u00e7\u00e3o se estende por todo o complexo e prop\u00f5e um percurso que conecta diferentes experi\u00eancias ao longo do dia. Na gastronomia, a Mata Citt\u00e0 apresenta cozinha italiana contempor\u00e2nea em um ambiente cenogr\u00e1fico. O restaurante inaugurado inicialmente para almo\u00e7o e jantar, agora oferta a op\u00e7\u00e3o de brunch no caf\u00e9 da manh\u00e3 e da tarde com diversidade de p\u00e3es, bebidas e confeitaria. J\u00e1 o LAVVA combina a tradi\u00e7\u00e3o do Korean barbecue com a rela\u00e7\u00e3o brasileira com o churrasco, colocando o fogo e o preparo no centro da experi\u00eancia steakhouse. Ambos registram alta demanda e precisam de reserva.<\/p>\n\n\n\n<p>J\u00e1 a Mata Lab amplia o circuito como plataforma de criadores de moda, beleza e design da Mata S\u00e3o Paulo, guiada por um olhar curatorial voltado \u00e0 valoriza\u00e7\u00e3o de criadores do Sul Global, em uma sele\u00e7\u00e3o que conecta mais de 300 marcas. Com destaque para o feito \u00e0 m\u00e3o, a autoria e a diversidade criativa, o espa\u00e7o re\u00fane frentes rec\u00e9m-inauguradas dedicadas a acess\u00f3rios e beleza, ampliando a experi\u00eancia de descoberta do p\u00fablico por meio de marcas autorais e propostas que conectam estilo, bem-estar e identidade.<\/p>\n\n\n\n<p>Inserida em um dos mais relevantes projetos de requalifica\u00e7\u00e3o urbana do pa\u00eds, a Mata S\u00e3o Paulo contribui para a transforma\u00e7\u00e3o da regi\u00e3o ao integrar patrim\u00f4nio hist\u00f3rico, natureza e novas formas de ocupa\u00e7\u00e3o da cidade. A programa\u00e7\u00e3o se expande ainda para a Casa Bradesco na Sala Ali, que recebe atividades voltadas ao p\u00fablico infantil, como o &#8220;Treco no Baile&#8221;, uma experi\u00eancia l\u00fadica e interativa que convida as crian\u00e7as a explorarem movimento, m\u00fasica e criatividade.<\/p>\n\n\n\n<p>A proposta convida o p\u00fablico a vivenciar S\u00e3o Paulo de forma ampliada, com uma programa\u00e7\u00e3o que combina arte de escala internacional, gastronomia e experi\u00eancias ao longo de todo o dia. Durante o feriado, o espa\u00e7o \u00e9 uma op\u00e7\u00e3o de f\u00e1cil acesso (perto da Avenida Paulista) e muito atraente para quem deseja descobrir novos percursos culturais em S\u00e3o Paulo.<\/p>\n\n\n\n<p><strong>SERVI\u00c7O<\/strong><\/p>\n\n\n\n<ul class=\"wp-block-list\">\n<li>Exposi\u00e7\u00e3o: &#8220;Sou o Outro do Outro&#8221;<\/li>\n\n\n\n<li>Artista: Es Devlin<\/li>\n\n\n\n<li>Local: Sala Aqui \u2013 Cidade Matarazzo<\/li>\n\n\n\n<li>Endere\u00e7o: Alameda Rio Claro, 190 \u2013 Bela Vista \u2013 S\u00e3o Paulo<\/li>\n\n\n\n<li>Data: Em cartaz<\/li>\n\n\n\n<li>Hor\u00e1rio: Ter\u00e7a a domingo, das 12h \u00e0s 20h<\/li>\n\n\n\n<li>\u00c0s ter\u00e7as a entrada \u00e9 gratuita<\/li>\n\n\n\n<li>Link para compra do ingresso:\u00a0<a href=\"https:\/\/apps.apple.com\/br\/app\/mata-app\/id6446144118\" target=\"_blank\" rel=\"noreferrer noopener\">Link<\/a>\u00a0<br>\u00a0<\/li>\n\n\n\n<li>Programa\u00e7\u00e3o infantil: &#8220;Treco no Baile&#8221;<\/li>\n\n\n\n<li>Local: Sala Ali \u2013 Cidade Matarazzo<\/li>\n\n\n\n<li>Endere\u00e7o: Alameda Rio Claro, 190 \u2013 Bela Vista \u2013 S\u00e3o Paulo<\/li>\n\n\n\n<li>Data: Em cartaz<\/li>\n\n\n\n<li>Classifica\u00e7\u00e3o et\u00e1ria: de 4 a 12 anos.<\/li>\n\n\n\n<li>Informa\u00e7\u00f5es: Atividade interativa voltada ao p\u00fablico infantil, com proposta l\u00fadica e criativa<\/li>\n\n\n\n<li>Hor\u00e1rio: 12h \u00e0s 18h (entrada at\u00e9 \u00e0s 17h)<\/li>\n<\/ul>","protected":false},"excerpt":{"rendered":"<p>Portal de experi\u00eancias integrado \u00e0 Cidade Matarazzo re\u00fane exposi\u00e7\u00e3o imersiva de Es Devlin, espa\u00e7os rec\u00e9m-inaugurados da Mata Lab e op\u00e7\u00f5es gastron\u00f4micas para aproveitar o feriado em S\u00e3o Paul A Mata S\u00e3o Paulo, portal de experi\u00eancias integrado \u00e0 Cidade Matarazzo, apresenta programa\u00e7\u00e3o especial para o feriado prolongado do Dia Mundial do Trabalho (1 de maio). O<\/p>","protected":false},"author":2,"featured_media":21053,"comment_status":"open","ping_status":"open","sticky":false,"template":"","format":"standard","meta":{"footnotes":""},"categories":[168,272],"tags":[3931,3930],"class_list":{"0":"post-21050","1":"post","2":"type-post","3":"status-publish","4":"format-standard","5":"has-post-thumbnail","7":"category-eai-bora-nessa","8":"category-luxo","9":"tag-arte-e-gastronomia","10":"tag-mata-sao-paulo"},"yoast_head":"<!-- This site is optimized with the Yoast SEO plugin v27.5 - https:\/\/yoast.com\/product\/yoast-seo-wordpress\/ -->\n<title>Mata S\u00e3o Paulo Cidade Matarazzo 2026: Arte e Gastronomia<\/title>\n<meta name=\"description\" content=\"Descubra a programa\u00e7\u00e3o da Mata S\u00e3o Paulo na Cidade Matarazzo para o feriado de 2026. Arte de Es Devlin, gastronomia contempor\u00e2nea e curadoria Mata Lab.\" \/>\n<meta name=\"robots\" content=\"index, follow, max-snippet:-1, max-image-preview:large, max-video-preview:-1\" \/>\n<link rel=\"canonical\" href=\"https:\/\/angelboss.com.br\/en\/2026\/04\/30\/mata-sao-paulo-cidade-matarazzo-feriado-2026\/\" \/>\n<meta property=\"og:locale\" content=\"en_US\" \/>\n<meta property=\"og:type\" content=\"article\" \/>\n<meta property=\"og:title\" content=\"Mata S\u00e3o Paulo Cidade Matarazzo 2026: Arte e Gastronomia\" \/>\n<meta property=\"og:description\" content=\"Descubra a programa\u00e7\u00e3o da Mata S\u00e3o Paulo na Cidade Matarazzo para o feriado de 2026. Arte de Es Devlin, gastronomia contempor\u00e2nea e curadoria Mata Lab.\" \/>\n<meta property=\"og:url\" content=\"https:\/\/angelboss.com.br\/en\/2026\/04\/30\/mata-sao-paulo-cidade-matarazzo-feriado-2026\/\" \/>\n<meta property=\"og:site_name\" content=\"Portal Masculino de Moda, Beleza, Luxo and Business - Angel Boss\" \/>\n<meta property=\"article:published_time\" content=\"2026-04-30T21:19:35+00:00\" \/>\n<meta property=\"article:modified_time\" content=\"2026-04-30T21:19:38+00:00\" \/>\n<meta property=\"og:image\" content=\"http:\/\/angelboss.com.br\/wp-content\/uploads\/2026\/04\/1QMlpjYygDO5UjOyJmLt92YuM3cvJGbldmbhBEbldmbh9Gdl5mO5IDO5gjN3YzMyozZlBnauc3bslTNjhTM4YWMyYTOllDOhVTN3czM1UTO1YzNhJmYwIDMGJTJwIDMGJTJ3kjMwQjRyUCN5AjMx8VL1ETLf9VLwITLfpDN.jpg\" \/>\n\t<meta property=\"og:image:width\" content=\"800\" \/>\n\t<meta property=\"og:image:height\" content=\"450\" \/>\n\t<meta property=\"og:image:type\" content=\"image\/jpeg\" \/>\n<meta name=\"author\" content=\"Neto Angel Boss\" \/>\n<meta name=\"twitter:card\" content=\"summary_large_image\" \/>\n<meta name=\"twitter:label1\" content=\"Written by\" \/>\n\t<meta name=\"twitter:data1\" content=\"Neto Angel Boss\" \/>\n\t<meta name=\"twitter:label2\" content=\"Est. reading time\" \/>\n\t<meta name=\"twitter:data2\" content=\"4 minutes\" \/>\n<script type=\"application\/ld+json\" class=\"yoast-schema-graph\">{\"@context\":\"https:\\\/\\\/schema.org\",\"@graph\":[{\"@type\":\"Article\",\"@id\":\"https:\\\/\\\/angelboss.com.br\\\/2026\\\/04\\\/30\\\/mata-sao-paulo-cidade-matarazzo-feriado-2026\\\/#article\",\"isPartOf\":{\"@id\":\"https:\\\/\\\/angelboss.com.br\\\/2026\\\/04\\\/30\\\/mata-sao-paulo-cidade-matarazzo-feriado-2026\\\/\"},\"author\":{\"name\":\"Neto Angel Boss\",\"@id\":\"https:\\\/\\\/angelboss.com.br\\\/en\\\/#\\\/schema\\\/person\\\/af084936b46cf2e03f299183e429e350\"},\"headline\":\"Mata S\u00e3o Paulo re\u00fane arte, gastronomia e experi\u00eancias culturais como destaque do feriado\",\"datePublished\":\"2026-04-30T21:19:35+00:00\",\"dateModified\":\"2026-04-30T21:19:38+00:00\",\"mainEntityOfPage\":{\"@id\":\"https:\\\/\\\/angelboss.com.br\\\/2026\\\/04\\\/30\\\/mata-sao-paulo-cidade-matarazzo-feriado-2026\\\/\"},\"wordCount\":636,\"commentCount\":0,\"publisher\":{\"@id\":\"https:\\\/\\\/angelboss.com.br\\\/en\\\/#organization\"},\"image\":{\"@id\":\"https:\\\/\\\/angelboss.com.br\\\/2026\\\/04\\\/30\\\/mata-sao-paulo-cidade-matarazzo-feriado-2026\\\/#primaryimage\"},\"thumbnailUrl\":\"http:\\\/\\\/angelboss.com.br\\\/wp-content\\\/uploads\\\/2026\\\/04\\\/1QMlpjYygDO5UjOyJmLt92YuM3cvJGbldmbhBEbldmbh9Gdl5mO5IDO5gjN3YzMyozZlBnauc3bslTNjhTM4YWMyYTOllDOhVTN3czM1UTO1YzNhJmYwIDMGJTJwIDMGJTJ3kjMwQjRyUCN5AjMx8VL1ETLf9VLwITLfpDN.jpg\",\"keywords\":[\"Arte e Gastronomia\",\"Mata S\u00e3o Paulo\"],\"articleSection\":[\"EA\u00cd, BORA NESSA?\",\"Luxo\"],\"inLanguage\":\"en-US\",\"potentialAction\":[{\"@type\":\"CommentAction\",\"name\":\"Comment\",\"target\":[\"https:\\\/\\\/angelboss.com.br\\\/2026\\\/04\\\/30\\\/mata-sao-paulo-cidade-matarazzo-feriado-2026\\\/#respond\"]}]},{\"@type\":\"WebPage\",\"@id\":\"https:\\\/\\\/angelboss.com.br\\\/2026\\\/04\\\/30\\\/mata-sao-paulo-cidade-matarazzo-feriado-2026\\\/\",\"url\":\"https:\\\/\\\/angelboss.com.br\\\/2026\\\/04\\\/30\\\/mata-sao-paulo-cidade-matarazzo-feriado-2026\\\/\",\"name\":\"Mata S\u00e3o Paulo Cidade Matarazzo 2026: Arte e Gastronomia\",\"isPartOf\":{\"@id\":\"https:\\\/\\\/angelboss.com.br\\\/en\\\/#website\"},\"primaryImageOfPage\":{\"@id\":\"https:\\\/\\\/angelboss.com.br\\\/2026\\\/04\\\/30\\\/mata-sao-paulo-cidade-matarazzo-feriado-2026\\\/#primaryimage\"},\"image\":{\"@id\":\"https:\\\/\\\/angelboss.com.br\\\/2026\\\/04\\\/30\\\/mata-sao-paulo-cidade-matarazzo-feriado-2026\\\/#primaryimage\"},\"thumbnailUrl\":\"http:\\\/\\\/angelboss.com.br\\\/wp-content\\\/uploads\\\/2026\\\/04\\\/1QMlpjYygDO5UjOyJmLt92YuM3cvJGbldmbhBEbldmbh9Gdl5mO5IDO5gjN3YzMyozZlBnauc3bslTNjhTM4YWMyYTOllDOhVTN3czM1UTO1YzNhJmYwIDMGJTJwIDMGJTJ3kjMwQjRyUCN5AjMx8VL1ETLf9VLwITLfpDN.jpg\",\"datePublished\":\"2026-04-30T21:19:35+00:00\",\"dateModified\":\"2026-04-30T21:19:38+00:00\",\"description\":\"Descubra a programa\u00e7\u00e3o da Mata S\u00e3o Paulo na Cidade Matarazzo para o feriado de 2026. Arte de Es Devlin, gastronomia contempor\u00e2nea e curadoria Mata Lab.\",\"breadcrumb\":{\"@id\":\"https:\\\/\\\/angelboss.com.br\\\/2026\\\/04\\\/30\\\/mata-sao-paulo-cidade-matarazzo-feriado-2026\\\/#breadcrumb\"},\"inLanguage\":\"en-US\",\"potentialAction\":[{\"@type\":\"ReadAction\",\"target\":[\"https:\\\/\\\/angelboss.com.br\\\/2026\\\/04\\\/30\\\/mata-sao-paulo-cidade-matarazzo-feriado-2026\\\/\"]}]},{\"@type\":\"ImageObject\",\"inLanguage\":\"en-US\",\"@id\":\"https:\\\/\\\/angelboss.com.br\\\/2026\\\/04\\\/30\\\/mata-sao-paulo-cidade-matarazzo-feriado-2026\\\/#primaryimage\",\"url\":\"http:\\\/\\\/angelboss.com.br\\\/wp-content\\\/uploads\\\/2026\\\/04\\\/1QMlpjYygDO5UjOyJmLt92YuM3cvJGbldmbhBEbldmbh9Gdl5mO5IDO5gjN3YzMyozZlBnauc3bslTNjhTM4YWMyYTOllDOhVTN3czM1UTO1YzNhJmYwIDMGJTJwIDMGJTJ3kjMwQjRyUCN5AjMx8VL1ETLf9VLwITLfpDN.jpg\",\"contentUrl\":\"http:\\\/\\\/angelboss.com.br\\\/wp-content\\\/uploads\\\/2026\\\/04\\\/1QMlpjYygDO5UjOyJmLt92YuM3cvJGbldmbhBEbldmbh9Gdl5mO5IDO5gjN3YzMyozZlBnauc3bslTNjhTM4YWMyYTOllDOhVTN3czM1UTO1YzNhJmYwIDMGJTJwIDMGJTJ3kjMwQjRyUCN5AjMx8VL1ETLf9VLwITLfpDN.jpg\",\"width\":800,\"height\":450,\"caption\":\"Imagem\\\/Divulga\u00e7\u00e3o Mata S\u00e3o Paulo\"},{\"@type\":\"BreadcrumbList\",\"@id\":\"https:\\\/\\\/angelboss.com.br\\\/2026\\\/04\\\/30\\\/mata-sao-paulo-cidade-matarazzo-feriado-2026\\\/#breadcrumb\",\"itemListElement\":[{\"@type\":\"ListItem\",\"position\":1,\"name\":\"In\u00edcio\",\"item\":\"https:\\\/\\\/angelboss.com.br\\\/en\\\/\"},{\"@type\":\"ListItem\",\"position\":2,\"name\":\"Mata S\u00e3o Paulo re\u00fane arte, gastronomia e experi\u00eancias culturais como destaque do feriado\"}]},{\"@type\":\"WebSite\",\"@id\":\"https:\\\/\\\/angelboss.com.br\\\/en\\\/#website\",\"url\":\"https:\\\/\\\/angelboss.com.br\\\/en\\\/\",\"name\":\"Portal Masculino de Moda, Beleza, Luxo e Business - Angel Boss\",\"description\":\"O Maior Portal sobre Moda, Luxo, Beleza e Business Masculino do Brasil\",\"publisher\":{\"@id\":\"https:\\\/\\\/angelboss.com.br\\\/en\\\/#organization\"},\"alternateName\":\"Maior Portal e Blog de Beleza Masculina e Luxo\",\"potentialAction\":[{\"@type\":\"SearchAction\",\"target\":{\"@type\":\"EntryPoint\",\"urlTemplate\":\"https:\\\/\\\/angelboss.com.br\\\/en\\\/?s={search_term_string}\"},\"query-input\":{\"@type\":\"PropertyValueSpecification\",\"valueRequired\":true,\"valueName\":\"search_term_string\"}}],\"inLanguage\":\"en-US\"},{\"@type\":\"Organization\",\"@id\":\"https:\\\/\\\/angelboss.com.br\\\/en\\\/#organization\",\"name\":\"Portal Masculino de Moda, Beleza, Luxo and Business - Angel Boss\",\"url\":\"https:\\\/\\\/angelboss.com.br\\\/en\\\/\",\"logo\":{\"@type\":\"ImageObject\",\"inLanguage\":\"en-US\",\"@id\":\"https:\\\/\\\/angelboss.com.br\\\/en\\\/#\\\/schema\\\/logo\\\/image\\\/\",\"url\":\"http:\\\/\\\/angelboss.com.br\\\/wp-content\\\/uploads\\\/2025\\\/12\\\/WhatsApp-Image-2025-12-11-at-12.54.26.jpeg\",\"contentUrl\":\"http:\\\/\\\/angelboss.com.br\\\/wp-content\\\/uploads\\\/2025\\\/12\\\/WhatsApp-Image-2025-12-11-at-12.54.26.jpeg\",\"width\":1280,\"height\":1280,\"caption\":\"Portal Masculino de Moda, Beleza, Luxo and Business - Angel Boss\"},\"image\":{\"@id\":\"https:\\\/\\\/angelboss.com.br\\\/en\\\/#\\\/schema\\\/logo\\\/image\\\/\"}},{\"@type\":\"Person\",\"@id\":\"https:\\\/\\\/angelboss.com.br\\\/en\\\/#\\\/schema\\\/person\\\/af084936b46cf2e03f299183e429e350\",\"name\":\"Neto Angel Boss\",\"image\":{\"@type\":\"ImageObject\",\"inLanguage\":\"en-US\",\"@id\":\"https:\\\/\\\/secure.gravatar.com\\\/avatar\\\/dbb38b2050e5181e32afbccf458635967af0767d15abe8168b35ebbd97907289?s=96&d=mm&r=g\",\"url\":\"https:\\\/\\\/secure.gravatar.com\\\/avatar\\\/dbb38b2050e5181e32afbccf458635967af0767d15abe8168b35ebbd97907289?s=96&d=mm&r=g\",\"contentUrl\":\"https:\\\/\\\/secure.gravatar.com\\\/avatar\\\/dbb38b2050e5181e32afbccf458635967af0767d15abe8168b35ebbd97907289?s=96&d=mm&r=g\",\"caption\":\"Neto Angel Boss\"},\"sameAs\":[\"http:\\\/\\\/www.angelboss.com\"],\"url\":\"http:\\\/\\\/angelboss.com.br\\\/en\\\/author\\\/netoangelboss\\\/\"}]}<\/script>\n<!-- \/ Yoast SEO plugin. -->","yoast_head_json":{"title":"Mata S\u00e3o Paulo Cidade Matarazzo 2026: Arte e Gastronomia","description":"Descubra a programa\u00e7\u00e3o da Mata S\u00e3o Paulo na Cidade Matarazzo para o feriado de 2026. Arte de Es Devlin, gastronomia contempor\u00e2nea e curadoria Mata Lab.","robots":{"index":"index","follow":"follow","max-snippet":"max-snippet:-1","max-image-preview":"max-image-preview:large","max-video-preview":"max-video-preview:-1"},"canonical":"https:\/\/angelboss.com.br\/en\/2026\/04\/30\/mata-sao-paulo-cidade-matarazzo-feriado-2026\/","og_locale":"en_US","og_type":"article","og_title":"Mata S\u00e3o Paulo Cidade Matarazzo 2026: Arte e Gastronomia","og_description":"Descubra a programa\u00e7\u00e3o da Mata S\u00e3o Paulo na Cidade Matarazzo para o feriado de 2026. Arte de Es Devlin, gastronomia contempor\u00e2nea e curadoria Mata Lab.","og_url":"https:\/\/angelboss.com.br\/en\/2026\/04\/30\/mata-sao-paulo-cidade-matarazzo-feriado-2026\/","og_site_name":"Portal Masculino de Moda, Beleza, Luxo and Business - Angel Boss","article_published_time":"2026-04-30T21:19:35+00:00","article_modified_time":"2026-04-30T21:19:38+00:00","og_image":[{"width":800,"height":450,"url":"http:\/\/angelboss.com.br\/wp-content\/uploads\/2026\/04\/1QMlpjYygDO5UjOyJmLt92YuM3cvJGbldmbhBEbldmbh9Gdl5mO5IDO5gjN3YzMyozZlBnauc3bslTNjhTM4YWMyYTOllDOhVTN3czM1UTO1YzNhJmYwIDMGJTJwIDMGJTJ3kjMwQjRyUCN5AjMx8VL1ETLf9VLwITLfpDN.jpg","type":"image\/jpeg"}],"author":"Neto Angel Boss","twitter_card":"summary_large_image","twitter_misc":{"Written by":"Neto Angel Boss","Est. reading time":"4 minutes"},"schema":{"@context":"https:\/\/schema.org","@graph":[{"@type":"Article","@id":"https:\/\/angelboss.com.br\/2026\/04\/30\/mata-sao-paulo-cidade-matarazzo-feriado-2026\/#article","isPartOf":{"@id":"https:\/\/angelboss.com.br\/2026\/04\/30\/mata-sao-paulo-cidade-matarazzo-feriado-2026\/"},"author":{"name":"Neto Angel Boss","@id":"https:\/\/angelboss.com.br\/en\/#\/schema\/person\/af084936b46cf2e03f299183e429e350"},"headline":"Mata S\u00e3o Paulo re\u00fane arte, gastronomia e experi\u00eancias culturais como destaque do feriado","datePublished":"2026-04-30T21:19:35+00:00","dateModified":"2026-04-30T21:19:38+00:00","mainEntityOfPage":{"@id":"https:\/\/angelboss.com.br\/2026\/04\/30\/mata-sao-paulo-cidade-matarazzo-feriado-2026\/"},"wordCount":636,"commentCount":0,"publisher":{"@id":"https:\/\/angelboss.com.br\/en\/#organization"},"image":{"@id":"https:\/\/angelboss.com.br\/2026\/04\/30\/mata-sao-paulo-cidade-matarazzo-feriado-2026\/#primaryimage"},"thumbnailUrl":"http:\/\/angelboss.com.br\/wp-content\/uploads\/2026\/04\/1QMlpjYygDO5UjOyJmLt92YuM3cvJGbldmbhBEbldmbh9Gdl5mO5IDO5gjN3YzMyozZlBnauc3bslTNjhTM4YWMyYTOllDOhVTN3czM1UTO1YzNhJmYwIDMGJTJwIDMGJTJ3kjMwQjRyUCN5AjMx8VL1ETLf9VLwITLfpDN.jpg","keywords":["Arte e Gastronomia","Mata S\u00e3o Paulo"],"articleSection":["EA\u00cd, BORA NESSA?","Luxo"],"inLanguage":"en-US","potentialAction":[{"@type":"CommentAction","name":"Comment","target":["https:\/\/angelboss.com.br\/2026\/04\/30\/mata-sao-paulo-cidade-matarazzo-feriado-2026\/#respond"]}]},{"@type":"WebPage","@id":"https:\/\/angelboss.com.br\/2026\/04\/30\/mata-sao-paulo-cidade-matarazzo-feriado-2026\/","url":"https:\/\/angelboss.com.br\/2026\/04\/30\/mata-sao-paulo-cidade-matarazzo-feriado-2026\/","name":"Mata S\u00e3o Paulo Cidade Matarazzo 2026: Arte e Gastronomia","isPartOf":{"@id":"https:\/\/angelboss.com.br\/en\/#website"},"primaryImageOfPage":{"@id":"https:\/\/angelboss.com.br\/2026\/04\/30\/mata-sao-paulo-cidade-matarazzo-feriado-2026\/#primaryimage"},"image":{"@id":"https:\/\/angelboss.com.br\/2026\/04\/30\/mata-sao-paulo-cidade-matarazzo-feriado-2026\/#primaryimage"},"thumbnailUrl":"http:\/\/angelboss.com.br\/wp-content\/uploads\/2026\/04\/1QMlpjYygDO5UjOyJmLt92YuM3cvJGbldmbhBEbldmbh9Gdl5mO5IDO5gjN3YzMyozZlBnauc3bslTNjhTM4YWMyYTOllDOhVTN3czM1UTO1YzNhJmYwIDMGJTJwIDMGJTJ3kjMwQjRyUCN5AjMx8VL1ETLf9VLwITLfpDN.jpg","datePublished":"2026-04-30T21:19:35+00:00","dateModified":"2026-04-30T21:19:38+00:00","description":"Descubra a programa\u00e7\u00e3o da Mata S\u00e3o Paulo na Cidade Matarazzo para o feriado de 2026. Arte de Es Devlin, gastronomia contempor\u00e2nea e curadoria Mata Lab.","breadcrumb":{"@id":"https:\/\/angelboss.com.br\/2026\/04\/30\/mata-sao-paulo-cidade-matarazzo-feriado-2026\/#breadcrumb"},"inLanguage":"en-US","potentialAction":[{"@type":"ReadAction","target":["https:\/\/angelboss.com.br\/2026\/04\/30\/mata-sao-paulo-cidade-matarazzo-feriado-2026\/"]}]},{"@type":"ImageObject","inLanguage":"en-US","@id":"https:\/\/angelboss.com.br\/2026\/04\/30\/mata-sao-paulo-cidade-matarazzo-feriado-2026\/#primaryimage","url":"http:\/\/angelboss.com.br\/wp-content\/uploads\/2026\/04\/1QMlpjYygDO5UjOyJmLt92YuM3cvJGbldmbhBEbldmbh9Gdl5mO5IDO5gjN3YzMyozZlBnauc3bslTNjhTM4YWMyYTOllDOhVTN3czM1UTO1YzNhJmYwIDMGJTJwIDMGJTJ3kjMwQjRyUCN5AjMx8VL1ETLf9VLwITLfpDN.jpg","contentUrl":"http:\/\/angelboss.com.br\/wp-content\/uploads\/2026\/04\/1QMlpjYygDO5UjOyJmLt92YuM3cvJGbldmbhBEbldmbh9Gdl5mO5IDO5gjN3YzMyozZlBnauc3bslTNjhTM4YWMyYTOllDOhVTN3czM1UTO1YzNhJmYwIDMGJTJwIDMGJTJ3kjMwQjRyUCN5AjMx8VL1ETLf9VLwITLfpDN.jpg","width":800,"height":450,"caption":"Imagem\/Divulga\u00e7\u00e3o Mata S\u00e3o Paulo"},{"@type":"BreadcrumbList","@id":"https:\/\/angelboss.com.br\/2026\/04\/30\/mata-sao-paulo-cidade-matarazzo-feriado-2026\/#breadcrumb","itemListElement":[{"@type":"ListItem","position":1,"name":"In\u00edcio","item":"https:\/\/angelboss.com.br\/en\/"},{"@type":"ListItem","position":2,"name":"Mata S\u00e3o Paulo re\u00fane arte, gastronomia e experi\u00eancias culturais como destaque do feriado"}]},{"@type":"WebSite","@id":"https:\/\/angelboss.com.br\/en\/#website","url":"https:\/\/angelboss.com.br\/en\/","name":"Portal Masculino de Moda, Beleza, Luxo e Business - Angel Boss","description":"O Maior Portal sobre Moda, Luxo, Beleza e Business Masculino do Brasil","publisher":{"@id":"https:\/\/angelboss.com.br\/en\/#organization"},"alternateName":"Maior Portal e Blog de Beleza Masculina e Luxo","potentialAction":[{"@type":"SearchAction","target":{"@type":"EntryPoint","urlTemplate":"https:\/\/angelboss.com.br\/en\/?s={search_term_string}"},"query-input":{"@type":"PropertyValueSpecification","valueRequired":true,"valueName":"search_term_string"}}],"inLanguage":"en-US"},{"@type":"Organization","@id":"https:\/\/angelboss.com.br\/en\/#organization","name":"Portal Masculino de Moda, Beleza, Luxo and Business - Angel Boss","url":"https:\/\/angelboss.com.br\/en\/","logo":{"@type":"ImageObject","inLanguage":"en-US","@id":"https:\/\/angelboss.com.br\/en\/#\/schema\/logo\/image\/","url":"http:\/\/angelboss.com.br\/wp-content\/uploads\/2025\/12\/WhatsApp-Image-2025-12-11-at-12.54.26.jpeg","contentUrl":"http:\/\/angelboss.com.br\/wp-content\/uploads\/2025\/12\/WhatsApp-Image-2025-12-11-at-12.54.26.jpeg","width":1280,"height":1280,"caption":"Portal Masculino de Moda, Beleza, Luxo and Business - Angel Boss"},"image":{"@id":"https:\/\/angelboss.com.br\/en\/#\/schema\/logo\/image\/"}},{"@type":"Person","@id":"https:\/\/angelboss.com.br\/en\/#\/schema\/person\/af084936b46cf2e03f299183e429e350","name":"Neto Angel Boss","image":{"@type":"ImageObject","inLanguage":"en-US","@id":"https:\/\/secure.gravatar.com\/avatar\/dbb38b2050e5181e32afbccf458635967af0767d15abe8168b35ebbd97907289?s=96&d=mm&r=g","url":"https:\/\/secure.gravatar.com\/avatar\/dbb38b2050e5181e32afbccf458635967af0767d15abe8168b35ebbd97907289?s=96&d=mm&r=g","contentUrl":"https:\/\/secure.gravatar.com\/avatar\/dbb38b2050e5181e32afbccf458635967af0767d15abe8168b35ebbd97907289?s=96&d=mm&r=g","caption":"Neto Angel Boss"},"sameAs":["http:\/\/www.angelboss.com"],"url":"http:\/\/angelboss.com.br\/en\/author\/netoangelboss\/"}]}},"amp_enabled":true,"_links":{"self":[{"href":"http:\/\/angelboss.com.br\/en\/wp-json\/wp\/v2\/posts\/21050","targetHints":{"allow":["GET"]}}],"collection":[{"href":"http:\/\/angelboss.com.br\/en\/wp-json\/wp\/v2\/posts"}],"about":[{"href":"http:\/\/angelboss.com.br\/en\/wp-json\/wp\/v2\/types\/post"}],"author":[{"embeddable":true,"href":"http:\/\/angelboss.com.br\/en\/wp-json\/wp\/v2\/users\/2"}],"replies":[{"embeddable":true,"href":"http:\/\/angelboss.com.br\/en\/wp-json\/wp\/v2\/comments?post=21050"}],"version-history":[{"count":1,"href":"http:\/\/angelboss.com.br\/en\/wp-json\/wp\/v2\/posts\/21050\/revisions"}],"predecessor-version":[{"id":21054,"href":"http:\/\/angelboss.com.br\/en\/wp-json\/wp\/v2\/posts\/21050\/revisions\/21054"}],"wp:featuredmedia":[{"embeddable":true,"href":"http:\/\/angelboss.com.br\/en\/wp-json\/wp\/v2\/media\/21053"}],"wp:attachment":[{"href":"http:\/\/angelboss.com.br\/en\/wp-json\/wp\/v2\/media?parent=21050"}],"wp:term":[{"taxonomy":"category","embeddable":true,"href":"http:\/\/angelboss.com.br\/en\/wp-json\/wp\/v2\/categories?post=21050"},{"taxonomy":"post_tag","embeddable":true,"href":"http:\/\/angelboss.com.br\/en\/wp-json\/wp\/v2\/tags?post=21050"}],"curies":[{"name":"wp","href":"https:\/\/api.w.org\/{rel}","templated":true}]}}