{"id":20799,"date":"2026-04-29T18:17:18","date_gmt":"2026-04-29T18:17:18","guid":{"rendered":"https:\/\/angelboss.com.br\/?p=20799"},"modified":"2026-04-29T18:17:21","modified_gmt":"2026-04-29T18:17:21","slug":"villa-san-michele-belmond-florenca-reabertura-slow-luxury-2026","status":"publish","type":"post","link":"http:\/\/angelboss.com.br\/en\/2026\/04\/29\/villa-san-michele-belmond-florenca-reabertura-slow-luxury-2026\/","title":{"rendered":"VILLA SAN MICHELE, A BELMOND HOTEL, FLOREN\u00c7A, REABRE: O IC\u00d4NICO SANTU\u00c1RIO RENASCENTISTA RETORNA, INAUGURANDO UMA NOVA ERA DE SLOW LUXURY E ESTILO DE VIDA CONSCIENTE"},"content":{"rendered":"<p>Situado no\u00a0alto das colinas\u00a0de\u00a0Fiesole, com vista para todo\u00a0o\u00a0esplendor\u00a0de\u00a0Floren\u00e7a,\u00a0o\u00a0Villa\u00a0San\u00a0Michele,\u00a0A\u00a0Belmond\u00a0Hotel, reabriu suas portas\u00a0em 28\u00a0de\u00a0abril\u00a0de\u00a02026\u00a0ap\u00f3s\u00a0uma\u00a0intensa reforma\u00a0de\u00a018 meses.\u00a0O\u00a0que no passado j\u00e1 foi um convento\u00a0renascentista,\u00a0esta constru\u00e7\u00e3o\u00a0lend\u00e1ria, reconhecida por sua fachada inspirada\u00a0em Michelangelo, por seu paisagismo impec\u00e1vel\u00a0e\u00a0suas vistas panor\u00e2micas inigual\u00e1veis, inicia\u00a0o\u00a0novo cap\u00edtulo\u00a0de\u00a0um\u00a0destino\u00a0dedicado\u00a0ao bem-estar\u00a0e\u00a0a\u00a0reconex\u00e3o.<\/p>\n\n\n\n<p>A\u00a0nova\u00a0Villa\u00a0apresenta 39\u00a0apartamentos\u00a0e\u00a0su\u00edtes totalmente reformados, um Spa\u00a0assinado pela Guerlain, um paisagismo revitalizado,\u00a0uma\u00a0oferta gastron\u00f4mica in\u00e9dita\u00a0e\u00a0um programa\u00a0de\u00a0experi\u00eancias revitalizantes cuidadosamente selecionadas\u00a0em parceria com\u00a0a\u00a0La DoubleJ, um projeto concebido para reconectar\u00a0os h\u00f3spedes \u00e0\u00a0ess\u00eancia do\u00a0Slow\u00a0Luxury. Intimista, por\u00e9m suntuoso,\u00a0o\u00a0Villa\u00a0San\u00a0Michele\u00a0mant\u00e9m\u00a0o\u00a0charme\u00a0de\u00a0uma\u00a0resid\u00eancia privada,\u00a0ao mesmo tempo que incorpora\u00a0a\u00a0eleg\u00e2ncia,\u00a0a\u00a0harmonia\u00a0e\u00a0o\u00a0esp\u00edrito criativo\u00a0de\u00a0um dos hot\u00e9is mais lend\u00e1rios da It\u00e1lia.\u00a0Aberto da primavera\u00a0ao inverno,\u00a0o\u00a0Villa\u00a0convida\u00a0os h\u00f3spedes\u00a0a\u00a0vivenciarem\u00a0a\u00a0paisagem natural que se transforma\u00a0em cada\u00a0esta\u00e7\u00e3o.<\/p>\n\n\n\n<p><strong>SU\u00cdTES\u00a0E\u00a0APARTAMENTOS:\u00a0UMA\u00a0HOMENAGEM\u00a0AO\u00a0ARTESANATO TOSCANO<\/strong><\/p>\n\n\n\n<p>As 27\u00a0novas su\u00edtes\u00a0e\u00a0os 12\u00a0apartamentos\u00a0assinados pelo\u00a0escrit\u00f3rio Luigi Fragola\u00a0Architects s\u00e3o\u00a0inspirados no\u00a0artesanato da Toscana\u00a0e\u00a0em\u00a0uma\u00a0beleza natural restauradora. Cada\u00a0ambiente \u00e9\u00a0decorado com itens selecionados, mobili\u00e1rio sob medida\u00a0e\u00a0<em>objets d\u2019art<\/em>\u00a0\u00fanicos.\u00a0A\u00a0arte se revela\u00a0em cada\u00a0detalhe,\u00a0desde\u00a0o\u00a0mobili\u00e1rio\u00a0em scagliola\u00a0de\u00a0Bianco Bianchi\u00a0at\u00e9\u00a0as preciosas tape\u00e7arias da\u00a0artista\u00a0Elena Carozzi.\u00a0Elementos\u00a0originais foram restaurados com cuidado: lareiras\u00a0de\u00a0pedra que remetem \u00e0s celas\u00a0originais dos frades foram cuidadosamente refeitas\u00a0e\u00a0as paredes revitalizadas, celebrando\u00a0o\u00a0charme\u00a0atemporal\u00a0deste radiante\u00a0edif\u00edcio.<\/p>\n\n\n\n<p>Por todo\u00a0o\u00a0antigo convento\u00a0e\u00a0seus jardins,\u00a0apartamentos\u00a0e\u00a0su\u00edtes com vistas\u00a0deslumbrantes revelam-se como\u00a0santu\u00e1rio\u00a0e\u00a0hist\u00f3ria,\u00a0onde cada\u00a0detalhe\u00a0deixa claro\u00a0o\u00a0esp\u00edrito do lugar.\u00a0Os\u00a0apartamentos\u00a0e\u00a0as su\u00edtes no pr\u00e9dio principal foram redesenhados com\u00a0uma\u00a0eleg\u00e2ncia\u00a0atemporal\u00a0ecoando\u00a0o\u00a0car\u00e1ter hist\u00f3rico do\u00a0edif\u00edcio. Por sua vez,\u00a0os\u00a0apartamentos situados nos jardins\u00a0apresentam interiores inspirados na \u00e1rea\u00a0externa, criando um di\u00e1logo harmonioso com\u00a0a\u00a0natureza\u00a0ao redor. Dos pisos\u00a0em terracota\u00a0de\u00a0Impruneta\u00a0aos banheiros revestidos com m\u00e1rmore Cipollino\u00a0de\u00a0Carrara, passando pelos\u00a0afrescos pintados \u00e0 m\u00e3o\u00a0e\u00a0pela marcenaria sob medida, cada\u00a0detalhe\u00a0oferece\u00a0uma\u00a0jornada pela\u00a0alma\u00a0art\u00edstica da Toscana.\u00a0As Su\u00edtes Signature incluem\u00a0a\u00a0<strong>Limonaia<\/strong>, que\u00a0ocupa dois\u00a0andares\u00a0e\u00a0traz\u00a0a\u00a0atmosfera\u00a0de\u00a0uma\u00a0villa\u00a0fiesolana\u00a0acolhida pela natureza,\u00a0uma\u00a0acomoda\u00e7\u00e3o\u00a0completa com\u00a0uma\u00a0piscina privativa,\u00a0e\u00a0a\u00a0<strong>Botanica<\/strong>,\u00a0uma\u00a0celebra\u00e7\u00e3o\u00a0aos jardins hist\u00f3ricos da\u00a0Villa, com vegeta\u00e7\u00e3o\u00a0exuberante\u00a0e\u00a0cercada pela mata.\u00a0Enquanto isso,\u00a0a\u00a0su\u00edte\u00a0<strong>Grand Tour<\/strong>,\u00a0antiga sede\u00a0de\u00a0Napole\u00e3o\u00a0Bonaparte,\u00a0estende-se\u00a0ao longo do primeiro\u00a0andar da fachada,\u00a0exibindo\u00a0artefatos inspirados\u00a0em viagens\u00a0e\u00a0pe\u00e7as\u00a0de\u00a0mobili\u00e1rio que remetem\u00a0a\u00a0viagens\u00a0e\u00a0mem\u00f3rias,\u00a0al\u00e9m\u00a0de\u00a0oferecer\u00a0uma\u00a0planta\u00a0em conceito\u00a0aberto com um\u00a0espa\u00e7o\u00a0de\u00a0est\u00fadio que cria\u00a0uma\u00a0ponte harmoniosa\u00a0entre\u00a0o\u00a0passado\u00a0e\u00a0o\u00a0presente.<\/p>\n\n\n\n<p>Em\u00a0uma\u00a0suave\u00a0abordagem contempor\u00e2nea\u00a0de\u00a0sua heran\u00e7a\u00a0renascentista,\u00a0o\u00a0Villa\u00a0reconhece\u00a0o\u00a0melhor da produ\u00e7\u00e3o\u00a0art\u00edstica\u00a0europeia: h\u00e1 murais pintados \u00e0 m\u00e3o\u00a0por Francesca Guicciardini, pintora italiana\u00a0de\u00a0uma\u00a0das fam\u00edlias mais\u00a0antigas\u00a0de\u00a0Floren\u00e7a;\u00a0aquarelas da\u00a0aclamada\u00a0artista bot\u00e2nica italiana Maria Rita Stirpe; um\u00a0estudo da natureza pela pintora\u00a0e\u00a0gravurista Philippa Peckham\u00a0e\u00a0assemblagens po\u00e9ticas do\u00a0artista contempor\u00e2neo Mirco Marchelli.<\/p>\n\n\n\n<p><em>\u201cHonrando sua hist\u00f3ria como\u00a0antigo convento,\u00a0o\u00a0Villa\u00a0San\u00a0Michele\u00a0\u2013 que sempre foi um local bel\u00edssimo \u2013 \u00e9 tamb\u00e9m um\u00a0santu\u00e1rio\u00a0dedicado \u00e0 renova\u00e7\u00e3o\u00a0em todos\u00a0os sentidos. Seus\u00a0espa\u00e7os, cuidadosamente reimaginados tanto no interior quanto no\u00a0exterior, prestam homenagem \u00e0 natureza, \u00e0\u00a0arte\u00a0e\u00a0\u00e0 criatividade.\u00a0Aqui,\u00a0o\u00a0corpo\u00a0descansa,\u00a0a\u00a0mente se inspira\u00a0e\u00a0a\u00a0alma\u00a0encontra serenidade.\u201d<\/em><br>Sofia Peluso, General Manager<\/p>\n\n\n\n<p>VILLA\u00a0SAN\u00a0MICHELE\u00a0SPA BY GUERLAIN<\/p>\n\n\n\n<p>O\u00a0Villa\u00a0San\u00a0Michele,\u00a0originalmente um\u00a0santu\u00e1rio\u00a0de\u00a0bem-estar, revitalizou\u00a0esse legado por meio\u00a0de\u00a0uma\u00a0variedade\u00a0de\u00a0experi\u00eancias.\u00a0O\u00a0rec\u00e9m-inaugurado\u00a0<strong>Villa\u00a0San\u00a0Michele\u00a0Spa by Guerlain\u00a0<\/strong>foi inspirado\u00a0em s\u00e9culos\u00a0de\u00a0tradi\u00e7\u00e3o\u00a0de\u00a0retiros\u00a0espirituais para criar\u00a0uma\u00a0experi\u00eancia profundamente restauradora,\u00a0enraizada nos ritmos\u00a0de\u00a0Floren\u00e7a\u00a0e\u00a0das colinas no\u00a0entorno. Situado no primeiro\u00a0andar\u00a0de\u00a0um hist\u00f3rico convento franciscano,\u00a0este spa intimista disp\u00f5e\u00a0de\u00a0tr\u00eas salas\u00a0de\u00a0tratamento, incluindo\u00a0uma\u00a0su\u00edte para casal,\u00a0onde texturas naturais\u00a0e\u00a0tons terrosos suaves refletem\u00a0a\u00a0paisagem\u00a0exterior.\u00a0Aqui,\u00a0o\u00a0tempo\u00a0desacelera\u00a0e\u00a0cada ritual se converte\u00a0em um convite \u00e0 reconex\u00e3o: consigo mesmo, com\u00a0a\u00a0natureza\u00a0e\u00a0com\u00a0o\u00a0esp\u00edrito\u00a0atemporal do\u00a0Villa.<\/p>\n\n\n\n<p>Elaborados pela Guerlain,\u00a0os tratamentos personalizados incorporam\u00a0a\u00a0filosofia hol\u00edstica da reverenciada Maison francesa, combinando beleza, sa\u00fade\u00a0preventiva\u00a0e\u00a0longevidade. Cada tratamento \u00e9 concebido para nutrir\u00a0o\u00a0corpo, restaurar\u00a0o\u00a0equil\u00edbrio\u00a0emocional\u00a0e\u00a0promover\u00a0a\u00a0vitalidade no longo prazo.\u00a0As\u00a0experi\u00eancias\u00a0exclusivas criadas para\u00a0o\u00a0Villa\u00a0incluem\u00a0o\u00a0<strong>Floral\u00a0Delight in Tuscany<\/strong>, um relaxante ritual facial\u00a0e\u00a0corporal repleto\u00a0de\u00a0delicadas notas florais que\u00a0oferecem\u00a0uma\u00a0fuga sensorial\u00a0ao cora\u00e7\u00e3o\u00a0da regi\u00e3o,\u00a0e\u00a0o\u00a0<strong>The\u00a0Art\u00a0of Renaissance<\/strong>, um tratamento facial\u00a0e\u00a0corporal criado\u00a0exclusivamente para\u00a0o\u00a0Villa, no qual\u00a0uma\u00a0massagem modeladora profunda, realizada com ferramentas\u00a0de\u00a0pedra, relaxa\u00a0a\u00a0musculatura\u00a0e\u00a0redefine\u00a0os contornos.\u00a0O\u00a0tratamento facial\u00a0antienvelhecimento\u00a0<strong>Iris di Grazia<\/strong>\u00a0presta homenagem \u00e0 flor\u00a0emblem\u00e1tica\u00a0de\u00a0Floren\u00e7a,\u00a0deixando\u00a0a\u00a0pele iluminada\u00a0e\u00a0macia por meio\u00a0de\u00a0movimentos precisos\u00a0e\u00a0delicados.<\/p>\n\n\n\n<p>A&nbsp;experi\u00eancia do spa \u00e9&nbsp;uma&nbsp;viagem que come\u00e7a&nbsp;j\u00e1 na&nbsp;entrada do \u201cJardim Secreto\u201d&nbsp;decorado por murais pintados \u00e0 m\u00e3o&nbsp;pela&nbsp;artista&nbsp;Elena Carozzi,&nbsp;onde&nbsp;as folhagens pendentes&nbsp;de&nbsp;um t\u00edpico jardim fiesolano confundem&nbsp;os limites&nbsp;entre&nbsp;o&nbsp;interior&nbsp;e&nbsp;o&nbsp;exterior,&nbsp;uma&nbsp;introdu\u00e7\u00e3o&nbsp;imersiva que&nbsp;define&nbsp;o&nbsp;tom para&nbsp;uma&nbsp;experi\u00eancia profundamente restauradora&nbsp;e&nbsp;conectada&nbsp;a&nbsp;natureza.<\/p>\n\n\n\n<p><strong>JARDINS:\u00a0O\u00a0ETERNO FLORESCER SOBRE FLOREN\u00c7A<\/strong><\/p>\n\n\n\n<p>Estendendo-se por mais\u00a0de\u00a010.000 metros quadrados,\u00a0os\u00a0exuberantes jardins\u00a0escalonados do\u00a0Villa, restaurados por\u00a0<strong>Luca Ghezzi Garden\u00a0Design<\/strong>, s\u00e3o\u00a0reapresentados como\u00a0uma\u00a0express\u00e3o\u00a0viva da harmonia\u00a0renascentista. Recantos\u00a0escondidos, fontes restauradas\u00a0e\u00a0janelas para horizontes in\u00e9ditos convidam para\u00a0uma\u00a0descoberta serena,\u00a0enquanto \u00e1rvores c\u00edtricas, lavanda,\u00a0alecrim\u00a0e\u00a0\u00edris refletem\u00a0a\u00a0beleza\u00a0atemporal\u00a0de\u00a0um ref\u00fagio na\u00a0encosta\u00a0de\u00a0Fiesole, caracterizado pela harmonia geom\u00e9trica, por\u00a0espa\u00e7os\u00a0em diferentes n\u00edveis\u00a0e\u00a0pela ideia humanista\u00a0de\u00a0\u201cotium\u201d,\u00a0uma\u00a0forma\u00a0de\u00a0lazer\u00a0dedicada \u00e0 contempla\u00e7\u00e3o, \u00e0 conversa\u00a0e\u00a0\u00e0\u00a0aprecia\u00e7\u00e3o. \u00c1rvores c\u00edtricas, incluindo limoeiros, laranjeiras-amargas, cidreiras\u00a0e\u00a0chinottos,\u00a0est\u00e3o\u00a0dispostas\u00a0em vasos por todos\u00a0os terra\u00e7os, ladeando canteiros\u00a0de\u00a0estilo\u00a0mediterr\u00e2neo plantados com lavanda,\u00a0alecrim,\u00a0agapanto, hort\u00eansia, rom\u00e3zeira, \u00edris\u00a0e\u00a0buxos; todos\u00a0elementos t\u00edpicos\u00a0de\u00a0um ref\u00fagio\u00a0renascentista.\u00a0As novidades incluem\u00a0uma\u00a0horta\u00a0de\u00a0temperos que se\u00a0estende\u00a0at\u00e9\u00a0a\u00a0cozinha, um jardim\u00a0de\u00a0\u00edris\u00a0em homenagem\u00a0ao\u00a0emblema\u00a0de\u00a0Floren\u00e7a\u00a0e\u00a0um caminho\u00a0de\u00a0roseiras\u00a0de\u00a042 metros, projetado para caminhadas contemplativas com vista para\u00a0a\u00a0cidade.<\/p>\n\n\n\n<p>Os jardins ganham\u00a0vida\u00a0com\u00a0uma\u00a0programa\u00e7\u00e3o\u00a0semanal\u00a0de\u00a0experi\u00eancias culturais, que inclui\u00a0apresenta\u00e7\u00f5es\u00a0de\u00a0m\u00fasica cl\u00e1ssica\u00a0e\u00a0jazz pela\u00a0Escola\u00a0de\u00a0M\u00fasica\u00a0de\u00a0Fiesole,\u00a0al\u00e9m\u00a0de\u00a0uma\u00a0variedade\u00a0de\u00a0oficinas criativas, como caligrafia\u00a0e\u00a0aquarela.<\/p>\n\n\n\n<p>A\u00a0\u00e1rea florestal circundante do Parco Monumentale di Monte Ceceri foi cuidadosamente redesenhada para\u00a0estimular\u00a0uma\u00a0conex\u00e3o\u00a0mais profunda\u00a0entre natureza, movimento\u00a0e\u00a0espiritualidade.\u00a0Novas trilhas para caminhada cortam\u00a0a\u00a0floresta,\u00a0enquanto\u00a0antigos bancos\u00a0de\u00a0pedra restaurados\u00a0e\u00a0mirantes repensados\u00a0ao longo do percurso\u00a0oferecem momentos para\u00a0uma\u00a0pausa, para refletir\u00a0e\u00a0absorver\u00a0a\u00a0calmaria que\u00a0a\u00a0paisagem proporciona.<\/p>\n\n\n\n<p>Os h\u00f3spedes s\u00e3o\u00a0convidados\u00a0a\u00a0vivenciar\u00a0o\u00a0Villa\u00a0em seu pr\u00f3prio ritmo, passeando pelos jardins terap\u00eauticos, relaxando na piscina panor\u00e2mica, contemplando\u00a0as vistas\u00a0deslumbrantes para Floren\u00e7a\u00a0ou\u00a0desfrutando\u00a0de\u00a0aulas gratuitas\u00a0ao\u00a0ar livre.<\/p>\n\n\n\n<p><strong>PROGRAMA REVIGORANTE COM LA DOUBLEJ<\/strong><\/p>\n\n\n\n<p>Em parceria com\u00a0a\u00a0marca milanesa\u00a0de\u00a0estilo\u00a0de\u00a0vida,\u00a0<strong>La DoubleJ<\/strong>, fundada por\u00a0<strong>JJ Martin\u00a0<\/strong>e\u00a0reconhecida por suas\u00a0estampas maximalistas\u00a0e\u00a0seu compromisso com\u00a0a\u00a0vida\u00a0consciente,\u00a0o\u00a0Villa\u00a0San\u00a0Michele\u00a0anuncia\u00a0o\u00a0<strong>Programa Revigorante<\/strong>:\u00a0uma\u00a0colabora\u00e7\u00e3o\u00a0in\u00e9dita que une\u00a0design, programa\u00e7\u00e3o\u00a0espiritual\u00a0e\u00a0heran\u00e7a\u00a0italiana.<\/p>\n\n\n\n<p>Situados no pr\u00f3prio bosque do\u00a0Villa, tr\u00eas\u00a0espa\u00e7os imersivos, projetados pela La DoubleJ,\u00a0estabelecem\u00a0o\u00a0nosso\u00a0hotel\u00a0de\u00a0luxo como um novo\u00a0destino para\u00a0o\u00a0despertar\u00a0energ\u00e9tico\u00a0e\u00a0a\u00a0pr\u00e1tica contemplativa.\u00a0A\u00a0<strong>Energy Chapel<\/strong>, um\u00a0antigo local\u00a0de\u00a0culto, repensado como um\u00a0santu\u00e1rio \u00edntimo, conta com um gongo,\u00a0almofadas\u00a0de\u00a0medita\u00e7\u00e3o\u00a0zafu feitas sob medida\u00a0e\u00a0uma\u00a0nova\u00a0instala\u00e7\u00e3o\u00a0de\u00a0luz\u00a0e\u00a0som, concebida como um convite \u00e0 serenidade\u00a0absoluta\u00a0e\u00a0\u00e0 conex\u00e3o\u00a0interior.\u00a0O\u00a0terra\u00e7o\u00a0ajardinado\u00a0adjacente\u00a0abriga\u00a0o\u00a0<strong>Sungazing Lounge<\/strong>, projetado para rituais\u00a0de\u00a0contempla\u00e7\u00e3o\u00a0do p\u00f4r do sol sobre\u00a0as colinas florentinas. Completando\u00a0o\u00a0trio, um\u00a0<strong>deck\u00a0de\u00a0yoga<\/strong>\u00a0ao\u00a0ar livre convida\u00a0os h\u00f3spedes\u00a0a\u00a0desfrutar do\u00a0exerc\u00edcio\u00a0e\u00a0de\u00a0pr\u00e1ticas respirat\u00f3rias, seja\u00a0a\u00a0s\u00f3s\u00a0ou participando\u00a0de\u00a0uma\u00a0aula\u00a0em grupo.<\/p>\n\n\n\n<p>O&nbsp;Villa&nbsp;contar\u00e1 com um programa cont\u00ednuo,&nbsp;ao longo&nbsp;de&nbsp;todo&nbsp;o&nbsp;ano, composto por&nbsp;aulas semanais, resid\u00eancias mensais com profissionais convidados&nbsp;e&nbsp;retiros sazonais intimistas, com pr\u00e1ticas&nbsp;de&nbsp;Kundalini Yoga, cura sonora&nbsp;e&nbsp;Yoga Nidra, realizados&nbsp;em parceria com&nbsp;a&nbsp;JJ Martin.&nbsp;O&nbsp;retiro inaugural, Presen\u00e7a&nbsp;Incorporada, consiste&nbsp;em&nbsp;uma&nbsp;experi\u00eancia imersiva&nbsp;de&nbsp;quatro dias, que&nbsp;acontece&nbsp;de&nbsp;3&nbsp;a&nbsp;6&nbsp;de&nbsp;setembro,&nbsp;e&nbsp;foi concebido para restaurar&nbsp;a&nbsp;vitalidade por meio&nbsp;de&nbsp;consci\u00eancia corporal,&nbsp;exerc\u00edcios respirat\u00f3rios&nbsp;e&nbsp;medita\u00e7\u00e3o&nbsp;guiada.<\/p>\n\n\n\n<p><strong>UMA\u00a0GASTRONOMIA INSPIRADA PELAS\u00a0ESTA\u00c7\u00d5ES<\/strong><\/p>\n\n\n\n<p>Nos tr\u00eas distintos\u00a0espa\u00e7os gastron\u00f4micos do\u00a0hotel,\u00a0os menus se mostram como um mapa da regi\u00e3o, guiando\u00a0os h\u00f3spedes\u00a0em\u00a0uma\u00a0jornada sensorial pelos sabores locais, com cada\u00a0ambiente\u00a0emoldurado por vistas inigual\u00e1veis\u00a0de\u00a0Floren\u00e7a\u00a0e\u00a0permeado pelo\u00a0esp\u00edrito do Renascimento.\u00a0O\u00a0<strong>Restaurante\u00a0San\u00a0Michele<\/strong>\u00a0apresenta\u00a0uma\u00a0refinada culin\u00e1ria italiana,\u00a0enquanto\u00a0o\u00a0<strong>San\u00a0Michele\u00a0Grill<\/strong>\u00a0oferece\u00a0uma\u00a0experi\u00eancia gastron\u00f4mica\u00a0descontra\u00edda \u00e0 beira da piscina. Para completar\u00a0a\u00a0oferta do\u00a0hotel,\u00a0o\u00a0<strong>Antesi<\/strong>\u00a0surge como um novo\u00a0destino gastron\u00f4mico. No cora\u00e7\u00e3o\u00a0de\u00a0cada\u00a0espa\u00e7o\u00a0reside\u00a0uma\u00a0filosofia que celebra ingredientes sazonais\u00a0e\u00a0de\u00a0origem local, cuidadosamente preparados para honrar\u00a0a\u00a0riqueza da paisagem\u00a0ao redor.<\/p>\n\n\n\n<p>O\u00a0sofisticado\u00a0<strong>Antesi<\/strong>\u00a0\u00e9 liderado pelo\u00a0<strong>Chef\u00a0Executivo\u00a0Alessandro Cozzolino<\/strong>,\u00a0onde cada prato \u00e9 moldado pelas\u00a0esta\u00e7\u00f5es\u00a0e\u00a0pela terra.\u00a0O\u00a0nome\u00a0deriva do termo grego \u201canthesis\u201d, que significa \u201cflorescimento\u201d,\u00a0o\u00a0momento\u00a0exato\u00a0em que\u00a0uma\u00a0flor se\u00a0abre para\u00a0a\u00a0luz,\u00a0e\u00a0presta homenagem \u00e0 filosofia\u00a0de\u00a0honrar\u00a0os ingredientes\u00a0exatamente no momento\u00a0em que\u00a0a\u00a0natureza\u00a0determina. No\u00a0Antesi, cada prato \u00e9 criado no instante\u00a0em que\u00a0os produtos\u00a0de\u00a0origem local,\u00a0a\u00a0t\u00e9cnica\u00a0e\u00a0a\u00a0intui\u00e7\u00e3o\u00a0encontram seu\u00a0equil\u00edbrio perfeito.<\/p>\n\n\n\n<p><em>\u201cNosso conceito nasce do saber\u00a0ouvir\u00a0o\u00a0tempo\u00a0e\u00a0a\u00a0natureza. H\u00e1 um momento\u00a0em que cada ingrediente\u00a0atinge sua\u00a0express\u00e3o\u00a0m\u00e1xima. Nosso trabalho \u00e9 reconhecer\u00a0e\u00a0respeitar\u00a0esse momento, criando pratos que surpreendam para criar mem\u00f3rias \u00e0 mesa.\u201d<\/em><br>Alessandro Cozzolino, Chefe-executivo<\/p>\n\n\n\n<p>Tr\u00eas menus-degusta\u00e7\u00e3o\u00a0representam\u00a0uma\u00a0dimens\u00e3o\u00a0distinta do tempo:\u00a0o\u00a0Attesa (Espera) \u00e9\u00a0dedicado \u00e0s\u00a0origens\u00a0e\u00a0influ\u00eancias culturais do chef;\u00a0o\u00a0Ora (Agora) interpreta\u00a0o\u00a0presente por meio\u00a0de\u00a0um di\u00e1logo com\u00a0a\u00a0regi\u00e3o;\u00a0e\u00a0o\u00a0Traccia (Tra\u00e7o), reflete\u00a0a\u00a0busca por um\u00a0equil\u00edbrio vegetal\u00a0essencial\u00a0e\u00a0delicioso.\u00a0Entre\u00a0os pratos\u00a0autorais\u00a0destacam-se\u00a0a\u00a0panzanella\u00a0de\u00a0olho-de-boi, colatura\u00a0de\u00a0ameixa\u00a0e\u00a0folhas\u00a0de\u00a0pimenta do menu\u00a0Ora;\u00a0e\u00a0o\u00a0\u201cCostoluto\u201d, massa\u00a0artesanal, tomate, queijo pecorino\u00a0e\u00a0lim\u00e3o\u00a0do Traccia.<\/p>\n\n\n\n<p>Situado\u00a0em um\u00a0ambiente intimista\u00a0de\u00a0apenas\u00a0oito mesas,\u00a0em\u00a0uma\u00a0galeria\u00a0renascentista\u00a0do s\u00e9culo XVI,\u00a0o\u00a0Antesi\u00a0oferece\u00a0uma\u00a0experi\u00eancia que mescla natureza, mem\u00f3ria\u00a0e\u00a0lugar.\u00a0O\u00a0restaurante\u00a0est\u00e1\u00a0aberto tanto para h\u00f3spedes quanto para visitantes,\u00a0de\u00a0ter\u00e7a-feira\u00a0a\u00a0domingo, no jantar.<\/p>\n\n\n\n<p>Para\u00a0aquelas noites\u00a0de\u00a0ver\u00e3o\u00a0sem pressa,\u00a0o\u00a0rec\u00e9m-renovado Bar Doccia\u00a0Villa\u00a0San\u00a0Michele, situado\u00a0entre\u00a0o\u00a0hist\u00f3rico p\u00e1tio central\u00a0e\u00a0os jardins,\u00a0oferece um cen\u00e1rio ideal para um\u00a0aperitivo\u00a0ou digestivo.\u00a0A\u00a0carta\u00a0de\u00a0bebidas do bar\u00a0abrange\u00a0desde coquet\u00e9is\u00a0arom\u00e1ticos\u00a0at\u00e9 reinterpreta\u00e7\u00f5es do cl\u00e1ssico Negroni.<\/p>\n\n\n\n<p>O\u00a0Villa\u00a0San\u00a0Michele\u00a0ressurge como\u00a0uma\u00a0express\u00e3o\u00a0viva do legado hist\u00f3rico\u00a0e\u00a0do presente criativo\u00a0de\u00a0Floren\u00e7a.\u00a0De\u00a0suas\u00a0origens como um convento do s\u00e9culo XV\u00a0dedicado\u00a0a\u00a0S\u00e3o\u00a0Miguel\u00a0Arcanjo,\u00a0at\u00e9 sua representa\u00e7\u00e3o\u00a0como\u00a0uma\u00a0elegante\u00a0villa\u00a0privada, poucos\u00a0edif\u00edcios\u00a0em Floren\u00e7a\u00a0unem\u00a0de\u00a0forma t\u00e3o\u00a0harmoniosa\u00a0a\u00a0arte,\u00a0a\u00a0imagina\u00e7\u00e3o\u00a0e\u00a0a\u00a0contempla\u00e7\u00e3o.<\/p>","protected":false},"excerpt":{"rendered":"<p>Situado no\u00a0alto das colinas\u00a0de\u00a0Fiesole, com vista para todo\u00a0o\u00a0esplendor\u00a0de\u00a0Floren\u00e7a,\u00a0o\u00a0Villa\u00a0San\u00a0Michele,\u00a0A\u00a0Belmond\u00a0Hotel, reabriu suas portas\u00a0em 28\u00a0de\u00a0abril\u00a0de\u00a02026\u00a0ap\u00f3s\u00a0uma\u00a0intensa reforma\u00a0de\u00a018 meses.\u00a0O\u00a0que no passado j\u00e1 foi um convento\u00a0renascentista,\u00a0esta constru\u00e7\u00e3o\u00a0lend\u00e1ria, reconhecida por sua fachada inspirada\u00a0em Michelangelo, por seu paisagismo impec\u00e1vel\u00a0e\u00a0suas vistas panor\u00e2micas inigual\u00e1veis, inicia\u00a0o\u00a0novo cap\u00edtulo\u00a0de\u00a0um\u00a0destino\u00a0dedicado\u00a0ao bem-estar\u00a0e\u00a0a\u00a0reconex\u00e3o. A\u00a0nova\u00a0Villa\u00a0apresenta 39\u00a0apartamentos\u00a0e\u00a0su\u00edtes totalmente reformados, um Spa\u00a0assinado pela Guerlain, um paisagismo revitalizado,\u00a0uma\u00a0oferta gastron\u00f4mica in\u00e9dita\u00a0e\u00a0um programa\u00a0de\u00a0experi\u00eancias revitalizantes cuidadosamente selecionadas\u00a0em parceria<\/p>","protected":false},"author":2,"featured_media":20802,"comment_status":"open","ping_status":"open","sticky":false,"template":"","format":"standard","meta":{"footnotes":""},"categories":[272,273],"tags":[3873],"class_list":{"0":"post-20799","1":"post","2":"type-post","3":"status-publish","4":"format-standard","5":"has-post-thumbnail","7":"category-luxo","8":"category-viagens","9":"tag-a-belmond-hotel"},"yoast_head":"<!-- This site is optimized with the Yoast SEO plugin v27.5 - https:\/\/yoast.com\/product\/yoast-seo-wordpress\/ -->\n<title>Villa San Michele Reabre em Floren\u00e7a: Santu\u00e1rio do Slow Luxury<\/title>\n<meta name=\"description\" content=\"Villa San Michele, A Belmond Hotel, reabre em Fiesole ap\u00f3s 18 meses de reforma. Conhe\u00e7a o novo spa Guerlain, su\u00edtes artesanais e a filosofia do Slow Luxury em 2026.\" \/>\n<meta name=\"robots\" content=\"index, follow, max-snippet:-1, max-image-preview:large, max-video-preview:-1\" \/>\n<link rel=\"canonical\" href=\"https:\/\/angelboss.com.br\/en\/2026\/04\/29\/villa-san-michele-belmond-florenca-reabertura-slow-luxury-2026\/\" \/>\n<meta property=\"og:locale\" content=\"en_US\" \/>\n<meta property=\"og:type\" content=\"article\" \/>\n<meta property=\"og:title\" content=\"Villa San Michele Reabre em Floren\u00e7a: Santu\u00e1rio do Slow Luxury\" \/>\n<meta property=\"og:description\" content=\"Villa San Michele, A Belmond Hotel, reabre em Fiesole ap\u00f3s 18 meses de reforma. Conhe\u00e7a o novo spa Guerlain, su\u00edtes artesanais e a filosofia do Slow Luxury em 2026.\" \/>\n<meta property=\"og:url\" content=\"https:\/\/angelboss.com.br\/en\/2026\/04\/29\/villa-san-michele-belmond-florenca-reabertura-slow-luxury-2026\/\" \/>\n<meta property=\"og:site_name\" content=\"Portal Masculino de Moda, Beleza, Luxo and Business - Angel Boss\" \/>\n<meta property=\"article:published_time\" content=\"2026-04-29T18:17:18+00:00\" \/>\n<meta property=\"article:modified_time\" content=\"2026-04-29T18:17:21+00:00\" \/>\n<meta property=\"og:image\" content=\"http:\/\/angelboss.com.br\/wp-content\/uploads\/2026\/04\/Villa-San-Michele-A-Belmond-Hotel-Florence-Century-old-wisteria-perfumed-jasmine-rosemary-lavander-and-helichrysum-bloom-in-the-Italian-gardens-photographer-Mattia-Aquila-1024x645.jpg\" \/>\n\t<meta property=\"og:image:width\" content=\"1024\" \/>\n\t<meta property=\"og:image:height\" content=\"645\" \/>\n\t<meta property=\"og:image:type\" content=\"image\/jpeg\" \/>\n<meta name=\"author\" content=\"Neto Angel Boss\" \/>\n<meta name=\"twitter:card\" content=\"summary_large_image\" \/>\n<meta name=\"twitter:label1\" content=\"Written by\" \/>\n\t<meta name=\"twitter:data1\" content=\"Neto Angel Boss\" \/>\n\t<meta name=\"twitter:label2\" content=\"Est. reading time\" \/>\n\t<meta name=\"twitter:data2\" content=\"11 minutes\" \/>\n<script type=\"application\/ld+json\" class=\"yoast-schema-graph\">{\"@context\":\"https:\\\/\\\/schema.org\",\"@graph\":[{\"@type\":\"Article\",\"@id\":\"https:\\\/\\\/angelboss.com.br\\\/2026\\\/04\\\/29\\\/villa-san-michele-belmond-florenca-reabertura-slow-luxury-2026\\\/#article\",\"isPartOf\":{\"@id\":\"https:\\\/\\\/angelboss.com.br\\\/2026\\\/04\\\/29\\\/villa-san-michele-belmond-florenca-reabertura-slow-luxury-2026\\\/\"},\"author\":{\"name\":\"Neto Angel Boss\",\"@id\":\"https:\\\/\\\/angelboss.com.br\\\/en\\\/#\\\/schema\\\/person\\\/af084936b46cf2e03f299183e429e350\"},\"headline\":\"VILLA SAN MICHELE, A BELMOND HOTEL, FLOREN\u00c7A, REABRE: O IC\u00d4NICO SANTU\u00c1RIO RENASCENTISTA RETORNA, INAUGURANDO UMA NOVA ERA DE SLOW LUXURY E ESTILO DE VIDA CONSCIENTE\",\"datePublished\":\"2026-04-29T18:17:18+00:00\",\"dateModified\":\"2026-04-29T18:17:21+00:00\",\"mainEntityOfPage\":{\"@id\":\"https:\\\/\\\/angelboss.com.br\\\/2026\\\/04\\\/29\\\/villa-san-michele-belmond-florenca-reabertura-slow-luxury-2026\\\/\"},\"wordCount\":2238,\"commentCount\":0,\"publisher\":{\"@id\":\"https:\\\/\\\/angelboss.com.br\\\/en\\\/#organization\"},\"image\":{\"@id\":\"https:\\\/\\\/angelboss.com.br\\\/2026\\\/04\\\/29\\\/villa-san-michele-belmond-florenca-reabertura-slow-luxury-2026\\\/#primaryimage\"},\"thumbnailUrl\":\"http:\\\/\\\/angelboss.com.br\\\/wp-content\\\/uploads\\\/2026\\\/04\\\/Villa-San-Michele-A-Belmond-Hotel-Florence-Century-old-wisteria-perfumed-jasmine-rosemary-lavander-and-helichrysum-bloom-in-the-Italian-gardens-photographer-Mattia-Aquila-scaled.jpg\",\"keywords\":[\"A BELMOND HOTEL\"],\"articleSection\":[\"Luxo\",\"Viagens\"],\"inLanguage\":\"en-US\",\"potentialAction\":[{\"@type\":\"CommentAction\",\"name\":\"Comment\",\"target\":[\"https:\\\/\\\/angelboss.com.br\\\/2026\\\/04\\\/29\\\/villa-san-michele-belmond-florenca-reabertura-slow-luxury-2026\\\/#respond\"]}]},{\"@type\":\"WebPage\",\"@id\":\"https:\\\/\\\/angelboss.com.br\\\/2026\\\/04\\\/29\\\/villa-san-michele-belmond-florenca-reabertura-slow-luxury-2026\\\/\",\"url\":\"https:\\\/\\\/angelboss.com.br\\\/2026\\\/04\\\/29\\\/villa-san-michele-belmond-florenca-reabertura-slow-luxury-2026\\\/\",\"name\":\"Villa San Michele Reabre em Floren\u00e7a: Santu\u00e1rio do Slow Luxury\",\"isPartOf\":{\"@id\":\"https:\\\/\\\/angelboss.com.br\\\/en\\\/#website\"},\"primaryImageOfPage\":{\"@id\":\"https:\\\/\\\/angelboss.com.br\\\/2026\\\/04\\\/29\\\/villa-san-michele-belmond-florenca-reabertura-slow-luxury-2026\\\/#primaryimage\"},\"image\":{\"@id\":\"https:\\\/\\\/angelboss.com.br\\\/2026\\\/04\\\/29\\\/villa-san-michele-belmond-florenca-reabertura-slow-luxury-2026\\\/#primaryimage\"},\"thumbnailUrl\":\"http:\\\/\\\/angelboss.com.br\\\/wp-content\\\/uploads\\\/2026\\\/04\\\/Villa-San-Michele-A-Belmond-Hotel-Florence-Century-old-wisteria-perfumed-jasmine-rosemary-lavander-and-helichrysum-bloom-in-the-Italian-gardens-photographer-Mattia-Aquila-scaled.jpg\",\"datePublished\":\"2026-04-29T18:17:18+00:00\",\"dateModified\":\"2026-04-29T18:17:21+00:00\",\"description\":\"Villa San Michele, A Belmond Hotel, reabre em Fiesole ap\u00f3s 18 meses de reforma. Conhe\u00e7a o novo spa Guerlain, su\u00edtes artesanais e a filosofia do Slow Luxury em 2026.\",\"breadcrumb\":{\"@id\":\"https:\\\/\\\/angelboss.com.br\\\/2026\\\/04\\\/29\\\/villa-san-michele-belmond-florenca-reabertura-slow-luxury-2026\\\/#breadcrumb\"},\"inLanguage\":\"en-US\",\"potentialAction\":[{\"@type\":\"ReadAction\",\"target\":[\"https:\\\/\\\/angelboss.com.br\\\/2026\\\/04\\\/29\\\/villa-san-michele-belmond-florenca-reabertura-slow-luxury-2026\\\/\"]}]},{\"@type\":\"ImageObject\",\"inLanguage\":\"en-US\",\"@id\":\"https:\\\/\\\/angelboss.com.br\\\/2026\\\/04\\\/29\\\/villa-san-michele-belmond-florenca-reabertura-slow-luxury-2026\\\/#primaryimage\",\"url\":\"http:\\\/\\\/angelboss.com.br\\\/wp-content\\\/uploads\\\/2026\\\/04\\\/Villa-San-Michele-A-Belmond-Hotel-Florence-Century-old-wisteria-perfumed-jasmine-rosemary-lavander-and-helichrysum-bloom-in-the-Italian-gardens-photographer-Mattia-Aquila-scaled.jpg\",\"contentUrl\":\"http:\\\/\\\/angelboss.com.br\\\/wp-content\\\/uploads\\\/2026\\\/04\\\/Villa-San-Michele-A-Belmond-Hotel-Florence-Century-old-wisteria-perfumed-jasmine-rosemary-lavander-and-helichrysum-bloom-in-the-Italian-gardens-photographer-Mattia-Aquila-scaled.jpg\",\"width\":2560,\"height\":1613,\"caption\":\"I\"},{\"@type\":\"BreadcrumbList\",\"@id\":\"https:\\\/\\\/angelboss.com.br\\\/2026\\\/04\\\/29\\\/villa-san-michele-belmond-florenca-reabertura-slow-luxury-2026\\\/#breadcrumb\",\"itemListElement\":[{\"@type\":\"ListItem\",\"position\":1,\"name\":\"In\u00edcio\",\"item\":\"https:\\\/\\\/angelboss.com.br\\\/en\\\/\"},{\"@type\":\"ListItem\",\"position\":2,\"name\":\"VILLA SAN MICHELE, A BELMOND HOTEL, FLOREN\u00c7A, REABRE: O IC\u00d4NICO SANTU\u00c1RIO RENASCENTISTA RETORNA, INAUGURANDO UMA NOVA ERA DE SLOW LUXURY E ESTILO DE VIDA CONSCIENTE\"}]},{\"@type\":\"WebSite\",\"@id\":\"https:\\\/\\\/angelboss.com.br\\\/en\\\/#website\",\"url\":\"https:\\\/\\\/angelboss.com.br\\\/en\\\/\",\"name\":\"Portal Masculino de Moda, Beleza, Luxo e Business - Angel Boss\",\"description\":\"O Maior Portal sobre Moda, Luxo, Beleza e Business Masculino do Brasil\",\"publisher\":{\"@id\":\"https:\\\/\\\/angelboss.com.br\\\/en\\\/#organization\"},\"alternateName\":\"Maior Portal e Blog de Beleza Masculina e Luxo\",\"potentialAction\":[{\"@type\":\"SearchAction\",\"target\":{\"@type\":\"EntryPoint\",\"urlTemplate\":\"https:\\\/\\\/angelboss.com.br\\\/en\\\/?s={search_term_string}\"},\"query-input\":{\"@type\":\"PropertyValueSpecification\",\"valueRequired\":true,\"valueName\":\"search_term_string\"}}],\"inLanguage\":\"en-US\"},{\"@type\":\"Organization\",\"@id\":\"https:\\\/\\\/angelboss.com.br\\\/en\\\/#organization\",\"name\":\"Portal Masculino de Moda, Beleza, Luxo and Business - Angel Boss\",\"url\":\"https:\\\/\\\/angelboss.com.br\\\/en\\\/\",\"logo\":{\"@type\":\"ImageObject\",\"inLanguage\":\"en-US\",\"@id\":\"https:\\\/\\\/angelboss.com.br\\\/en\\\/#\\\/schema\\\/logo\\\/image\\\/\",\"url\":\"http:\\\/\\\/angelboss.com.br\\\/wp-content\\\/uploads\\\/2025\\\/12\\\/WhatsApp-Image-2025-12-11-at-12.54.26.jpeg\",\"contentUrl\":\"http:\\\/\\\/angelboss.com.br\\\/wp-content\\\/uploads\\\/2025\\\/12\\\/WhatsApp-Image-2025-12-11-at-12.54.26.jpeg\",\"width\":1280,\"height\":1280,\"caption\":\"Portal Masculino de Moda, Beleza, Luxo and Business - Angel Boss\"},\"image\":{\"@id\":\"https:\\\/\\\/angelboss.com.br\\\/en\\\/#\\\/schema\\\/logo\\\/image\\\/\"}},{\"@type\":\"Person\",\"@id\":\"https:\\\/\\\/angelboss.com.br\\\/en\\\/#\\\/schema\\\/person\\\/af084936b46cf2e03f299183e429e350\",\"name\":\"Neto Angel Boss\",\"image\":{\"@type\":\"ImageObject\",\"inLanguage\":\"en-US\",\"@id\":\"https:\\\/\\\/secure.gravatar.com\\\/avatar\\\/dbb38b2050e5181e32afbccf458635967af0767d15abe8168b35ebbd97907289?s=96&d=mm&r=g\",\"url\":\"https:\\\/\\\/secure.gravatar.com\\\/avatar\\\/dbb38b2050e5181e32afbccf458635967af0767d15abe8168b35ebbd97907289?s=96&d=mm&r=g\",\"contentUrl\":\"https:\\\/\\\/secure.gravatar.com\\\/avatar\\\/dbb38b2050e5181e32afbccf458635967af0767d15abe8168b35ebbd97907289?s=96&d=mm&r=g\",\"caption\":\"Neto Angel Boss\"},\"sameAs\":[\"http:\\\/\\\/www.angelboss.com\"],\"url\":\"http:\\\/\\\/angelboss.com.br\\\/en\\\/author\\\/netoangelboss\\\/\"}]}<\/script>\n<!-- \/ Yoast SEO plugin. -->","yoast_head_json":{"title":"Villa San Michele Reabre em Floren\u00e7a: Santu\u00e1rio do Slow Luxury","description":"Villa San Michele, A Belmond Hotel, reabre em Fiesole ap\u00f3s 18 meses de reforma. Conhe\u00e7a o novo spa Guerlain, su\u00edtes artesanais e a filosofia do Slow Luxury em 2026.","robots":{"index":"index","follow":"follow","max-snippet":"max-snippet:-1","max-image-preview":"max-image-preview:large","max-video-preview":"max-video-preview:-1"},"canonical":"https:\/\/angelboss.com.br\/en\/2026\/04\/29\/villa-san-michele-belmond-florenca-reabertura-slow-luxury-2026\/","og_locale":"en_US","og_type":"article","og_title":"Villa San Michele Reabre em Floren\u00e7a: Santu\u00e1rio do Slow Luxury","og_description":"Villa San Michele, A Belmond Hotel, reabre em Fiesole ap\u00f3s 18 meses de reforma. Conhe\u00e7a o novo spa Guerlain, su\u00edtes artesanais e a filosofia do Slow Luxury em 2026.","og_url":"https:\/\/angelboss.com.br\/en\/2026\/04\/29\/villa-san-michele-belmond-florenca-reabertura-slow-luxury-2026\/","og_site_name":"Portal Masculino de Moda, Beleza, Luxo and Business - Angel Boss","article_published_time":"2026-04-29T18:17:18+00:00","article_modified_time":"2026-04-29T18:17:21+00:00","og_image":[{"width":1024,"height":645,"url":"http:\/\/angelboss.com.br\/wp-content\/uploads\/2026\/04\/Villa-San-Michele-A-Belmond-Hotel-Florence-Century-old-wisteria-perfumed-jasmine-rosemary-lavander-and-helichrysum-bloom-in-the-Italian-gardens-photographer-Mattia-Aquila-1024x645.jpg","type":"image\/jpeg"}],"author":"Neto Angel Boss","twitter_card":"summary_large_image","twitter_misc":{"Written by":"Neto Angel Boss","Est. reading time":"11 minutes"},"schema":{"@context":"https:\/\/schema.org","@graph":[{"@type":"Article","@id":"https:\/\/angelboss.com.br\/2026\/04\/29\/villa-san-michele-belmond-florenca-reabertura-slow-luxury-2026\/#article","isPartOf":{"@id":"https:\/\/angelboss.com.br\/2026\/04\/29\/villa-san-michele-belmond-florenca-reabertura-slow-luxury-2026\/"},"author":{"name":"Neto Angel Boss","@id":"https:\/\/angelboss.com.br\/en\/#\/schema\/person\/af084936b46cf2e03f299183e429e350"},"headline":"VILLA SAN MICHELE, A BELMOND HOTEL, FLOREN\u00c7A, REABRE: O IC\u00d4NICO SANTU\u00c1RIO RENASCENTISTA RETORNA, INAUGURANDO UMA NOVA ERA DE SLOW LUXURY E ESTILO DE VIDA CONSCIENTE","datePublished":"2026-04-29T18:17:18+00:00","dateModified":"2026-04-29T18:17:21+00:00","mainEntityOfPage":{"@id":"https:\/\/angelboss.com.br\/2026\/04\/29\/villa-san-michele-belmond-florenca-reabertura-slow-luxury-2026\/"},"wordCount":2238,"commentCount":0,"publisher":{"@id":"https:\/\/angelboss.com.br\/en\/#organization"},"image":{"@id":"https:\/\/angelboss.com.br\/2026\/04\/29\/villa-san-michele-belmond-florenca-reabertura-slow-luxury-2026\/#primaryimage"},"thumbnailUrl":"http:\/\/angelboss.com.br\/wp-content\/uploads\/2026\/04\/Villa-San-Michele-A-Belmond-Hotel-Florence-Century-old-wisteria-perfumed-jasmine-rosemary-lavander-and-helichrysum-bloom-in-the-Italian-gardens-photographer-Mattia-Aquila-scaled.jpg","keywords":["A BELMOND HOTEL"],"articleSection":["Luxo","Viagens"],"inLanguage":"en-US","potentialAction":[{"@type":"CommentAction","name":"Comment","target":["https:\/\/angelboss.com.br\/2026\/04\/29\/villa-san-michele-belmond-florenca-reabertura-slow-luxury-2026\/#respond"]}]},{"@type":"WebPage","@id":"https:\/\/angelboss.com.br\/2026\/04\/29\/villa-san-michele-belmond-florenca-reabertura-slow-luxury-2026\/","url":"https:\/\/angelboss.com.br\/2026\/04\/29\/villa-san-michele-belmond-florenca-reabertura-slow-luxury-2026\/","name":"Villa San Michele Reabre em Floren\u00e7a: Santu\u00e1rio do Slow Luxury","isPartOf":{"@id":"https:\/\/angelboss.com.br\/en\/#website"},"primaryImageOfPage":{"@id":"https:\/\/angelboss.com.br\/2026\/04\/29\/villa-san-michele-belmond-florenca-reabertura-slow-luxury-2026\/#primaryimage"},"image":{"@id":"https:\/\/angelboss.com.br\/2026\/04\/29\/villa-san-michele-belmond-florenca-reabertura-slow-luxury-2026\/#primaryimage"},"thumbnailUrl":"http:\/\/angelboss.com.br\/wp-content\/uploads\/2026\/04\/Villa-San-Michele-A-Belmond-Hotel-Florence-Century-old-wisteria-perfumed-jasmine-rosemary-lavander-and-helichrysum-bloom-in-the-Italian-gardens-photographer-Mattia-Aquila-scaled.jpg","datePublished":"2026-04-29T18:17:18+00:00","dateModified":"2026-04-29T18:17:21+00:00","description":"Villa San Michele, A Belmond Hotel, reabre em Fiesole ap\u00f3s 18 meses de reforma. Conhe\u00e7a o novo spa Guerlain, su\u00edtes artesanais e a filosofia do Slow Luxury em 2026.","breadcrumb":{"@id":"https:\/\/angelboss.com.br\/2026\/04\/29\/villa-san-michele-belmond-florenca-reabertura-slow-luxury-2026\/#breadcrumb"},"inLanguage":"en-US","potentialAction":[{"@type":"ReadAction","target":["https:\/\/angelboss.com.br\/2026\/04\/29\/villa-san-michele-belmond-florenca-reabertura-slow-luxury-2026\/"]}]},{"@type":"ImageObject","inLanguage":"en-US","@id":"https:\/\/angelboss.com.br\/2026\/04\/29\/villa-san-michele-belmond-florenca-reabertura-slow-luxury-2026\/#primaryimage","url":"http:\/\/angelboss.com.br\/wp-content\/uploads\/2026\/04\/Villa-San-Michele-A-Belmond-Hotel-Florence-Century-old-wisteria-perfumed-jasmine-rosemary-lavander-and-helichrysum-bloom-in-the-Italian-gardens-photographer-Mattia-Aquila-scaled.jpg","contentUrl":"http:\/\/angelboss.com.br\/wp-content\/uploads\/2026\/04\/Villa-San-Michele-A-Belmond-Hotel-Florence-Century-old-wisteria-perfumed-jasmine-rosemary-lavander-and-helichrysum-bloom-in-the-Italian-gardens-photographer-Mattia-Aquila-scaled.jpg","width":2560,"height":1613,"caption":"I"},{"@type":"BreadcrumbList","@id":"https:\/\/angelboss.com.br\/2026\/04\/29\/villa-san-michele-belmond-florenca-reabertura-slow-luxury-2026\/#breadcrumb","itemListElement":[{"@type":"ListItem","position":1,"name":"In\u00edcio","item":"https:\/\/angelboss.com.br\/en\/"},{"@type":"ListItem","position":2,"name":"VILLA SAN MICHELE, A BELMOND HOTEL, FLOREN\u00c7A, REABRE: O IC\u00d4NICO SANTU\u00c1RIO RENASCENTISTA RETORNA, INAUGURANDO UMA NOVA ERA DE SLOW LUXURY E ESTILO DE VIDA CONSCIENTE"}]},{"@type":"WebSite","@id":"https:\/\/angelboss.com.br\/en\/#website","url":"https:\/\/angelboss.com.br\/en\/","name":"Portal Masculino de Moda, Beleza, Luxo e Business - Angel Boss","description":"O Maior Portal sobre Moda, Luxo, Beleza e Business Masculino do Brasil","publisher":{"@id":"https:\/\/angelboss.com.br\/en\/#organization"},"alternateName":"Maior Portal e Blog de Beleza Masculina e Luxo","potentialAction":[{"@type":"SearchAction","target":{"@type":"EntryPoint","urlTemplate":"https:\/\/angelboss.com.br\/en\/?s={search_term_string}"},"query-input":{"@type":"PropertyValueSpecification","valueRequired":true,"valueName":"search_term_string"}}],"inLanguage":"en-US"},{"@type":"Organization","@id":"https:\/\/angelboss.com.br\/en\/#organization","name":"Portal Masculino de Moda, Beleza, Luxo and Business - Angel Boss","url":"https:\/\/angelboss.com.br\/en\/","logo":{"@type":"ImageObject","inLanguage":"en-US","@id":"https:\/\/angelboss.com.br\/en\/#\/schema\/logo\/image\/","url":"http:\/\/angelboss.com.br\/wp-content\/uploads\/2025\/12\/WhatsApp-Image-2025-12-11-at-12.54.26.jpeg","contentUrl":"http:\/\/angelboss.com.br\/wp-content\/uploads\/2025\/12\/WhatsApp-Image-2025-12-11-at-12.54.26.jpeg","width":1280,"height":1280,"caption":"Portal Masculino de Moda, Beleza, Luxo and Business - Angel Boss"},"image":{"@id":"https:\/\/angelboss.com.br\/en\/#\/schema\/logo\/image\/"}},{"@type":"Person","@id":"https:\/\/angelboss.com.br\/en\/#\/schema\/person\/af084936b46cf2e03f299183e429e350","name":"Neto Angel Boss","image":{"@type":"ImageObject","inLanguage":"en-US","@id":"https:\/\/secure.gravatar.com\/avatar\/dbb38b2050e5181e32afbccf458635967af0767d15abe8168b35ebbd97907289?s=96&d=mm&r=g","url":"https:\/\/secure.gravatar.com\/avatar\/dbb38b2050e5181e32afbccf458635967af0767d15abe8168b35ebbd97907289?s=96&d=mm&r=g","contentUrl":"https:\/\/secure.gravatar.com\/avatar\/dbb38b2050e5181e32afbccf458635967af0767d15abe8168b35ebbd97907289?s=96&d=mm&r=g","caption":"Neto Angel Boss"},"sameAs":["http:\/\/www.angelboss.com"],"url":"http:\/\/angelboss.com.br\/en\/author\/netoangelboss\/"}]}},"amp_enabled":true,"_links":{"self":[{"href":"http:\/\/angelboss.com.br\/en\/wp-json\/wp\/v2\/posts\/20799","targetHints":{"allow":["GET"]}}],"collection":[{"href":"http:\/\/angelboss.com.br\/en\/wp-json\/wp\/v2\/posts"}],"about":[{"href":"http:\/\/angelboss.com.br\/en\/wp-json\/wp\/v2\/types\/post"}],"author":[{"embeddable":true,"href":"http:\/\/angelboss.com.br\/en\/wp-json\/wp\/v2\/users\/2"}],"replies":[{"embeddable":true,"href":"http:\/\/angelboss.com.br\/en\/wp-json\/wp\/v2\/comments?post=20799"}],"version-history":[{"count":1,"href":"http:\/\/angelboss.com.br\/en\/wp-json\/wp\/v2\/posts\/20799\/revisions"}],"predecessor-version":[{"id":20804,"href":"http:\/\/angelboss.com.br\/en\/wp-json\/wp\/v2\/posts\/20799\/revisions\/20804"}],"wp:featuredmedia":[{"embeddable":true,"href":"http:\/\/angelboss.com.br\/en\/wp-json\/wp\/v2\/media\/20802"}],"wp:attachment":[{"href":"http:\/\/angelboss.com.br\/en\/wp-json\/wp\/v2\/media?parent=20799"}],"wp:term":[{"taxonomy":"category","embeddable":true,"href":"http:\/\/angelboss.com.br\/en\/wp-json\/wp\/v2\/categories?post=20799"},{"taxonomy":"post_tag","embeddable":true,"href":"http:\/\/angelboss.com.br\/en\/wp-json\/wp\/v2\/tags?post=20799"}],"curies":[{"name":"wp","href":"https:\/\/api.w.org\/{rel}","templated":true}]}}