{"id":20770,"date":"2026-04-29T17:29:59","date_gmt":"2026-04-29T17:29:59","guid":{"rendered":"https:\/\/angelboss.com.br\/?p=20770"},"modified":"2026-04-29T17:30:02","modified_gmt":"2026-04-29T17:30:02","slug":"shakira-rio-2026-copacabana-vintage-culture-maz-corona","status":"publish","type":"post","link":"http:\/\/angelboss.com.br\/en\/2026\/04\/29\/shakira-rio-2026-copacabana-vintage-culture-maz-corona\/","title":{"rendered":"Todo Mundo no Rio: Corona anuncia Vintage Culture e Maz como aberturas do espet\u00e1culo de Shakira"},"content":{"rendered":"<p><em>Apresentado pela marca da Ambev, o projeto&nbsp;Todo&nbsp;Mundo&nbsp;no&nbsp;Rio&nbsp;escala o topo&nbsp;do&nbsp;cen\u00e1rio&nbsp;eletr\u00f4nico mundial para abrir a&nbsp;noite que celebra os 30 anos&nbsp;de&nbsp;carreira da maior diva latina<\/em><\/p>\n\n\n\n<p>Se&nbsp;no&nbsp;dia 02&nbsp;de&nbsp;maio as areias&nbsp;de&nbsp;Copacabana j\u00e1 prometiam ferver com a chegada&nbsp;de&nbsp;Shakira, a temperatura ficar\u00e1 ainda mais alta.&nbsp;Corona, marca premium da Ambev que apresenta o projeto \u201cTodo&nbsp;Mundo&nbsp;No&nbsp;Rio\u201d,&nbsp;anuncia&nbsp;o fen\u00f4meno mundial&nbsp;Vintage&nbsp;Culture&nbsp;e&nbsp;o aclamado DJ&nbsp;e&nbsp;produtor&nbsp;Maz&nbsp;como&nbsp;respons\u00e1veis por&nbsp;esquentar o p\u00fablico para o&nbsp;espet\u00e1culo&nbsp;de&nbsp;Shakira.&nbsp;<\/p>\n\n\n\n<p>A&nbsp;escolha&nbsp;dos artistas n\u00e3o \u00e9 por acaso&nbsp;e&nbsp;pretende promover um&nbsp;encontro&nbsp;de&nbsp;ritmos que celebram a&nbsp;energia solar&nbsp;e&nbsp;a vibra\u00e7\u00e3o \u00fanica&nbsp;do&nbsp;Rio&nbsp;de&nbsp;Janeiro.&nbsp;Enquanto&nbsp;Shakira&nbsp;traz o poder da m\u00fasica pop latina,&nbsp;Vintage&nbsp;Culture&nbsp;e&nbsp;Maz&nbsp;chegam para somar na maior pista a c\u00e9u aberto&nbsp;do&nbsp;planeta. Para a&nbsp;Corona, a curadoria&nbsp;de&nbsp;Vintage&nbsp;Culture&nbsp;e&nbsp;Maz&nbsp;\u00e9 o&nbsp;elo final da&nbsp;experi\u00eancia &#8216;this is living&#8217;, fazendo com que o p\u00fablico sinta a&nbsp;energia da pista.&nbsp;<\/p>\n\n\n\n<p>Vintage&nbsp;Culture, que conta com resid\u00eancias&nbsp;em Ibiza, na&nbsp;Espanha,&nbsp;e&nbsp;passagens pelos maiores festivais&nbsp;de&nbsp;m\u00fasica&nbsp;do&nbsp;mundo, \u00e9 um&nbsp;dos artistas mais influentes da dance music mundial. Sua sonoridade, que transita&nbsp;entre o House&nbsp;e&nbsp;o Tech-house, \u00e9 o combust\u00edvel para a celebra\u00e7\u00e3o&nbsp;de&nbsp;Corona. J\u00e1&nbsp;Maz&nbsp;\u00e9 considerado um&nbsp;dos&nbsp;nomes mais promissores da cena atual, conquistando o topo&nbsp;dos charts&nbsp;de&nbsp;House com brasilidades&nbsp;e&nbsp;o suporte&nbsp;de&nbsp;gigantes&nbsp;do&nbsp;g\u00eanero. Sua identidade sonora que transita&nbsp;entre grooves contempor\u00e2neos&nbsp;de&nbsp;House&nbsp;e&nbsp;refer\u00eancias r\u00edtmicas brasileiras faz a conex\u00e3o direta com a alma carioca&nbsp;e&nbsp;a natureza que cerca o&nbsp;evento.<\/p>\n\n\n\n<p>&#8220;Trazer&nbsp;Vintage&nbsp;Culture&nbsp;e&nbsp;Maz&nbsp;para o palco&nbsp;de&nbsp;Corona&nbsp;em Copacabana \u00e9 celebrar a pot\u00eancia da&nbsp;nossa m\u00fasica que, assim&nbsp;como&nbsp;a&nbsp;Shakira, rompeu fronteiras. O&nbsp;Vintage&nbsp;\u00e9 um \u00edcone global que&nbsp;domina as pistas&nbsp;do&nbsp;mundo,&nbsp;e&nbsp;o&nbsp;Maz&nbsp;traz&nbsp;esse frescor&nbsp;do&nbsp;House com brasilidades que \u00e9 a cara&nbsp;do&nbsp;Rio. Queremos proporcionar o brinde perfeito ao p\u00f4r&nbsp;do&nbsp;sol, preparando a&nbsp;energia&nbsp;do&nbsp;p\u00fablico antes&nbsp;do&nbsp;encontro hist\u00f3rico com a maior artista latina&nbsp;de&nbsp;todos os tempos. \u00c9&nbsp;como&nbsp;Corona&nbsp;tem refor\u00e7ando seu compromisso&nbsp;de&nbsp;criar&nbsp;experi\u00eancias inesquec\u00edveis que unem as pessoas atrav\u00e9s da m\u00fasica&nbsp;e&nbsp;da natureza,&#8221; afirma a diretora&nbsp;de&nbsp;marketing&nbsp;de&nbsp;Corona, Mariana&nbsp;Dedivitis.<\/p>","protected":false},"excerpt":{"rendered":"<p>Apresentado pela marca da Ambev, o projeto&nbsp;Todo&nbsp;Mundo&nbsp;no&nbsp;Rio&nbsp;escala o topo&nbsp;do&nbsp;cen\u00e1rio&nbsp;eletr\u00f4nico mundial para abrir a&nbsp;noite que celebra os 30 anos&nbsp;de&nbsp;carreira da maior diva latina Se&nbsp;no&nbsp;dia 02&nbsp;de&nbsp;maio as areias&nbsp;de&nbsp;Copacabana j\u00e1 prometiam ferver com a chegada&nbsp;de&nbsp;Shakira, a temperatura ficar\u00e1 ainda mais alta.&nbsp;Corona, marca premium da Ambev que apresenta o projeto \u201cTodo&nbsp;Mundo&nbsp;No&nbsp;Rio\u201d,&nbsp;anuncia&nbsp;o fen\u00f4meno mundial&nbsp;Vintage&nbsp;Culture&nbsp;e&nbsp;o aclamado DJ&nbsp;e&nbsp;produtor&nbsp;Maz&nbsp;como&nbsp;respons\u00e1veis por&nbsp;esquentar o p\u00fablico para<\/p>","protected":false},"author":2,"featured_media":20773,"comment_status":"open","ping_status":"open","sticky":false,"template":"","format":"standard","meta":{"footnotes":""},"categories":[168,166],"tags":[796,3858,3860],"class_list":{"0":"post-20770","1":"post","2":"type-post","3":"status-publish","4":"format-standard","5":"has-post-thumbnail","7":"category-eai-bora-nessa","8":"category-musica","9":"tag-copacabana","10":"tag-shakira","11":"tag-show-de-abertura"},"yoast_head":"<!-- This site is optimized with the Yoast SEO plugin v27.5 - https:\/\/yoast.com\/product\/yoast-seo-wordpress\/ -->\n<title>Shakira em Copacabana: Vintage Culture e Maz Confirmados<\/title>\n<meta name=\"description\" content=\"Corona anuncia Vintage Culture e Maz como aberturas do show de Shakira em Copacabana. Saiba tudo sobre o projeto Todo Mundo no Rio e o encontro de ritmos em 2026.\" \/>\n<meta name=\"robots\" content=\"index, follow, max-snippet:-1, max-image-preview:large, max-video-preview:-1\" \/>\n<link rel=\"canonical\" href=\"https:\/\/angelboss.com.br\/en\/2026\/04\/29\/shakira-rio-2026-copacabana-vintage-culture-maz-corona\/\" \/>\n<meta property=\"og:locale\" content=\"en_US\" \/>\n<meta property=\"og:type\" content=\"article\" \/>\n<meta property=\"og:title\" content=\"Shakira em Copacabana: Vintage Culture e Maz Confirmados\" \/>\n<meta property=\"og:description\" content=\"Corona anuncia Vintage Culture e Maz como aberturas do show de Shakira em Copacabana. Saiba tudo sobre o projeto Todo Mundo no Rio e o encontro de ritmos em 2026.\" \/>\n<meta property=\"og:url\" content=\"https:\/\/angelboss.com.br\/en\/2026\/04\/29\/shakira-rio-2026-copacabana-vintage-culture-maz-corona\/\" \/>\n<meta property=\"og:site_name\" content=\"Portal Masculino de Moda, Beleza, Luxo and Business - Angel Boss\" \/>\n<meta property=\"article:published_time\" content=\"2026-04-29T17:29:59+00:00\" \/>\n<meta property=\"article:modified_time\" content=\"2026-04-29T17:30:02+00:00\" \/>\n<meta property=\"og:image\" content=\"http:\/\/angelboss.com.br\/wp-content\/uploads\/2026\/04\/10b3e761-1c84-4932-a236-a39c12b992b6.jpeg\" \/>\n\t<meta property=\"og:image:width\" content=\"1600\" \/>\n\t<meta property=\"og:image:height\" content=\"900\" \/>\n\t<meta property=\"og:image:type\" content=\"image\/jpeg\" \/>\n<meta name=\"author\" content=\"Neto Angel Boss\" \/>\n<meta name=\"twitter:card\" content=\"summary_large_image\" \/>\n<meta name=\"twitter:label1\" content=\"Written by\" \/>\n\t<meta name=\"twitter:data1\" content=\"Neto Angel Boss\" \/>\n\t<meta name=\"twitter:label2\" content=\"Est. reading time\" \/>\n\t<meta name=\"twitter:data2\" content=\"3 minutes\" \/>\n<script type=\"application\/ld+json\" class=\"yoast-schema-graph\">{\"@context\":\"https:\\\/\\\/schema.org\",\"@graph\":[{\"@type\":\"Article\",\"@id\":\"https:\\\/\\\/angelboss.com.br\\\/2026\\\/04\\\/29\\\/shakira-rio-2026-copacabana-vintage-culture-maz-corona\\\/#article\",\"isPartOf\":{\"@id\":\"https:\\\/\\\/angelboss.com.br\\\/2026\\\/04\\\/29\\\/shakira-rio-2026-copacabana-vintage-culture-maz-corona\\\/\"},\"author\":{\"name\":\"Neto Angel Boss\",\"@id\":\"https:\\\/\\\/angelboss.com.br\\\/en\\\/#\\\/schema\\\/person\\\/af084936b46cf2e03f299183e429e350\"},\"headline\":\"Todo Mundo no Rio: Corona anuncia Vintage Culture e Maz como aberturas do espet\u00e1culo de Shakira\",\"datePublished\":\"2026-04-29T17:29:59+00:00\",\"dateModified\":\"2026-04-29T17:30:02+00:00\",\"mainEntityOfPage\":{\"@id\":\"https:\\\/\\\/angelboss.com.br\\\/2026\\\/04\\\/29\\\/shakira-rio-2026-copacabana-vintage-culture-maz-corona\\\/\"},\"wordCount\":585,\"commentCount\":0,\"publisher\":{\"@id\":\"https:\\\/\\\/angelboss.com.br\\\/en\\\/#organization\"},\"image\":{\"@id\":\"https:\\\/\\\/angelboss.com.br\\\/2026\\\/04\\\/29\\\/shakira-rio-2026-copacabana-vintage-culture-maz-corona\\\/#primaryimage\"},\"thumbnailUrl\":\"http:\\\/\\\/angelboss.com.br\\\/wp-content\\\/uploads\\\/2026\\\/04\\\/10b3e761-1c84-4932-a236-a39c12b992b6.jpeg\",\"keywords\":[\"copacabana\",\"Shakira\",\"Show de abertura\"],\"articleSection\":[\"EA\u00cd, BORA NESSA?\",\"M\u00daSICA\"],\"inLanguage\":\"en-US\",\"potentialAction\":[{\"@type\":\"CommentAction\",\"name\":\"Comment\",\"target\":[\"https:\\\/\\\/angelboss.com.br\\\/2026\\\/04\\\/29\\\/shakira-rio-2026-copacabana-vintage-culture-maz-corona\\\/#respond\"]}]},{\"@type\":\"WebPage\",\"@id\":\"https:\\\/\\\/angelboss.com.br\\\/2026\\\/04\\\/29\\\/shakira-rio-2026-copacabana-vintage-culture-maz-corona\\\/\",\"url\":\"https:\\\/\\\/angelboss.com.br\\\/2026\\\/04\\\/29\\\/shakira-rio-2026-copacabana-vintage-culture-maz-corona\\\/\",\"name\":\"Shakira em Copacabana: Vintage Culture e Maz Confirmados\",\"isPartOf\":{\"@id\":\"https:\\\/\\\/angelboss.com.br\\\/en\\\/#website\"},\"primaryImageOfPage\":{\"@id\":\"https:\\\/\\\/angelboss.com.br\\\/2026\\\/04\\\/29\\\/shakira-rio-2026-copacabana-vintage-culture-maz-corona\\\/#primaryimage\"},\"image\":{\"@id\":\"https:\\\/\\\/angelboss.com.br\\\/2026\\\/04\\\/29\\\/shakira-rio-2026-copacabana-vintage-culture-maz-corona\\\/#primaryimage\"},\"thumbnailUrl\":\"http:\\\/\\\/angelboss.com.br\\\/wp-content\\\/uploads\\\/2026\\\/04\\\/10b3e761-1c84-4932-a236-a39c12b992b6.jpeg\",\"datePublished\":\"2026-04-29T17:29:59+00:00\",\"dateModified\":\"2026-04-29T17:30:02+00:00\",\"description\":\"Corona anuncia Vintage Culture e Maz como aberturas do show de Shakira em Copacabana. Saiba tudo sobre o projeto Todo Mundo no Rio e o encontro de ritmos em 2026.\",\"breadcrumb\":{\"@id\":\"https:\\\/\\\/angelboss.com.br\\\/2026\\\/04\\\/29\\\/shakira-rio-2026-copacabana-vintage-culture-maz-corona\\\/#breadcrumb\"},\"inLanguage\":\"en-US\",\"potentialAction\":[{\"@type\":\"ReadAction\",\"target\":[\"https:\\\/\\\/angelboss.com.br\\\/2026\\\/04\\\/29\\\/shakira-rio-2026-copacabana-vintage-culture-maz-corona\\\/\"]}]},{\"@type\":\"ImageObject\",\"inLanguage\":\"en-US\",\"@id\":\"https:\\\/\\\/angelboss.com.br\\\/2026\\\/04\\\/29\\\/shakira-rio-2026-copacabana-vintage-culture-maz-corona\\\/#primaryimage\",\"url\":\"http:\\\/\\\/angelboss.com.br\\\/wp-content\\\/uploads\\\/2026\\\/04\\\/10b3e761-1c84-4932-a236-a39c12b992b6.jpeg\",\"contentUrl\":\"http:\\\/\\\/angelboss.com.br\\\/wp-content\\\/uploads\\\/2026\\\/04\\\/10b3e761-1c84-4932-a236-a39c12b992b6.jpeg\",\"width\":1600,\"height\":900,\"caption\":\"Imagem\\\/Divulga\u00e7\u00e3o\"},{\"@type\":\"BreadcrumbList\",\"@id\":\"https:\\\/\\\/angelboss.com.br\\\/2026\\\/04\\\/29\\\/shakira-rio-2026-copacabana-vintage-culture-maz-corona\\\/#breadcrumb\",\"itemListElement\":[{\"@type\":\"ListItem\",\"position\":1,\"name\":\"In\u00edcio\",\"item\":\"https:\\\/\\\/angelboss.com.br\\\/en\\\/\"},{\"@type\":\"ListItem\",\"position\":2,\"name\":\"Todo Mundo no Rio: Corona anuncia Vintage Culture e Maz como aberturas do espet\u00e1culo de Shakira\"}]},{\"@type\":\"WebSite\",\"@id\":\"https:\\\/\\\/angelboss.com.br\\\/en\\\/#website\",\"url\":\"https:\\\/\\\/angelboss.com.br\\\/en\\\/\",\"name\":\"Portal Masculino de Moda, Beleza, Luxo e Business - Angel Boss\",\"description\":\"O Maior Portal sobre Moda, Luxo, Beleza e Business Masculino do Brasil\",\"publisher\":{\"@id\":\"https:\\\/\\\/angelboss.com.br\\\/en\\\/#organization\"},\"alternateName\":\"Maior Portal e Blog de Beleza Masculina e Luxo\",\"potentialAction\":[{\"@type\":\"SearchAction\",\"target\":{\"@type\":\"EntryPoint\",\"urlTemplate\":\"https:\\\/\\\/angelboss.com.br\\\/en\\\/?s={search_term_string}\"},\"query-input\":{\"@type\":\"PropertyValueSpecification\",\"valueRequired\":true,\"valueName\":\"search_term_string\"}}],\"inLanguage\":\"en-US\"},{\"@type\":\"Organization\",\"@id\":\"https:\\\/\\\/angelboss.com.br\\\/en\\\/#organization\",\"name\":\"Portal Masculino de Moda, Beleza, Luxo and Business - Angel Boss\",\"url\":\"https:\\\/\\\/angelboss.com.br\\\/en\\\/\",\"logo\":{\"@type\":\"ImageObject\",\"inLanguage\":\"en-US\",\"@id\":\"https:\\\/\\\/angelboss.com.br\\\/en\\\/#\\\/schema\\\/logo\\\/image\\\/\",\"url\":\"http:\\\/\\\/angelboss.com.br\\\/wp-content\\\/uploads\\\/2025\\\/12\\\/WhatsApp-Image-2025-12-11-at-12.54.26.jpeg\",\"contentUrl\":\"http:\\\/\\\/angelboss.com.br\\\/wp-content\\\/uploads\\\/2025\\\/12\\\/WhatsApp-Image-2025-12-11-at-12.54.26.jpeg\",\"width\":1280,\"height\":1280,\"caption\":\"Portal Masculino de Moda, Beleza, Luxo and Business - Angel Boss\"},\"image\":{\"@id\":\"https:\\\/\\\/angelboss.com.br\\\/en\\\/#\\\/schema\\\/logo\\\/image\\\/\"}},{\"@type\":\"Person\",\"@id\":\"https:\\\/\\\/angelboss.com.br\\\/en\\\/#\\\/schema\\\/person\\\/af084936b46cf2e03f299183e429e350\",\"name\":\"Neto Angel Boss\",\"image\":{\"@type\":\"ImageObject\",\"inLanguage\":\"en-US\",\"@id\":\"https:\\\/\\\/secure.gravatar.com\\\/avatar\\\/dbb38b2050e5181e32afbccf458635967af0767d15abe8168b35ebbd97907289?s=96&d=mm&r=g\",\"url\":\"https:\\\/\\\/secure.gravatar.com\\\/avatar\\\/dbb38b2050e5181e32afbccf458635967af0767d15abe8168b35ebbd97907289?s=96&d=mm&r=g\",\"contentUrl\":\"https:\\\/\\\/secure.gravatar.com\\\/avatar\\\/dbb38b2050e5181e32afbccf458635967af0767d15abe8168b35ebbd97907289?s=96&d=mm&r=g\",\"caption\":\"Neto Angel Boss\"},\"sameAs\":[\"http:\\\/\\\/www.angelboss.com\"],\"url\":\"http:\\\/\\\/angelboss.com.br\\\/en\\\/author\\\/netoangelboss\\\/\"}]}<\/script>\n<!-- \/ Yoast SEO plugin. -->","yoast_head_json":{"title":"Shakira em Copacabana: Vintage Culture e Maz Confirmados","description":"Corona anuncia Vintage Culture e Maz como aberturas do show de Shakira em Copacabana. Saiba tudo sobre o projeto Todo Mundo no Rio e o encontro de ritmos em 2026.","robots":{"index":"index","follow":"follow","max-snippet":"max-snippet:-1","max-image-preview":"max-image-preview:large","max-video-preview":"max-video-preview:-1"},"canonical":"https:\/\/angelboss.com.br\/en\/2026\/04\/29\/shakira-rio-2026-copacabana-vintage-culture-maz-corona\/","og_locale":"en_US","og_type":"article","og_title":"Shakira em Copacabana: Vintage Culture e Maz Confirmados","og_description":"Corona anuncia Vintage Culture e Maz como aberturas do show de Shakira em Copacabana. Saiba tudo sobre o projeto Todo Mundo no Rio e o encontro de ritmos em 2026.","og_url":"https:\/\/angelboss.com.br\/en\/2026\/04\/29\/shakira-rio-2026-copacabana-vintage-culture-maz-corona\/","og_site_name":"Portal Masculino de Moda, Beleza, Luxo and Business - Angel Boss","article_published_time":"2026-04-29T17:29:59+00:00","article_modified_time":"2026-04-29T17:30:02+00:00","og_image":[{"width":1600,"height":900,"url":"http:\/\/angelboss.com.br\/wp-content\/uploads\/2026\/04\/10b3e761-1c84-4932-a236-a39c12b992b6.jpeg","type":"image\/jpeg"}],"author":"Neto Angel Boss","twitter_card":"summary_large_image","twitter_misc":{"Written by":"Neto Angel Boss","Est. reading time":"3 minutes"},"schema":{"@context":"https:\/\/schema.org","@graph":[{"@type":"Article","@id":"https:\/\/angelboss.com.br\/2026\/04\/29\/shakira-rio-2026-copacabana-vintage-culture-maz-corona\/#article","isPartOf":{"@id":"https:\/\/angelboss.com.br\/2026\/04\/29\/shakira-rio-2026-copacabana-vintage-culture-maz-corona\/"},"author":{"name":"Neto Angel Boss","@id":"https:\/\/angelboss.com.br\/en\/#\/schema\/person\/af084936b46cf2e03f299183e429e350"},"headline":"Todo Mundo no Rio: Corona anuncia Vintage Culture e Maz como aberturas do espet\u00e1culo de Shakira","datePublished":"2026-04-29T17:29:59+00:00","dateModified":"2026-04-29T17:30:02+00:00","mainEntityOfPage":{"@id":"https:\/\/angelboss.com.br\/2026\/04\/29\/shakira-rio-2026-copacabana-vintage-culture-maz-corona\/"},"wordCount":585,"commentCount":0,"publisher":{"@id":"https:\/\/angelboss.com.br\/en\/#organization"},"image":{"@id":"https:\/\/angelboss.com.br\/2026\/04\/29\/shakira-rio-2026-copacabana-vintage-culture-maz-corona\/#primaryimage"},"thumbnailUrl":"http:\/\/angelboss.com.br\/wp-content\/uploads\/2026\/04\/10b3e761-1c84-4932-a236-a39c12b992b6.jpeg","keywords":["copacabana","Shakira","Show de abertura"],"articleSection":["EA\u00cd, BORA NESSA?","M\u00daSICA"],"inLanguage":"en-US","potentialAction":[{"@type":"CommentAction","name":"Comment","target":["https:\/\/angelboss.com.br\/2026\/04\/29\/shakira-rio-2026-copacabana-vintage-culture-maz-corona\/#respond"]}]},{"@type":"WebPage","@id":"https:\/\/angelboss.com.br\/2026\/04\/29\/shakira-rio-2026-copacabana-vintage-culture-maz-corona\/","url":"https:\/\/angelboss.com.br\/2026\/04\/29\/shakira-rio-2026-copacabana-vintage-culture-maz-corona\/","name":"Shakira em Copacabana: Vintage Culture e Maz Confirmados","isPartOf":{"@id":"https:\/\/angelboss.com.br\/en\/#website"},"primaryImageOfPage":{"@id":"https:\/\/angelboss.com.br\/2026\/04\/29\/shakira-rio-2026-copacabana-vintage-culture-maz-corona\/#primaryimage"},"image":{"@id":"https:\/\/angelboss.com.br\/2026\/04\/29\/shakira-rio-2026-copacabana-vintage-culture-maz-corona\/#primaryimage"},"thumbnailUrl":"http:\/\/angelboss.com.br\/wp-content\/uploads\/2026\/04\/10b3e761-1c84-4932-a236-a39c12b992b6.jpeg","datePublished":"2026-04-29T17:29:59+00:00","dateModified":"2026-04-29T17:30:02+00:00","description":"Corona anuncia Vintage Culture e Maz como aberturas do show de Shakira em Copacabana. Saiba tudo sobre o projeto Todo Mundo no Rio e o encontro de ritmos em 2026.","breadcrumb":{"@id":"https:\/\/angelboss.com.br\/2026\/04\/29\/shakira-rio-2026-copacabana-vintage-culture-maz-corona\/#breadcrumb"},"inLanguage":"en-US","potentialAction":[{"@type":"ReadAction","target":["https:\/\/angelboss.com.br\/2026\/04\/29\/shakira-rio-2026-copacabana-vintage-culture-maz-corona\/"]}]},{"@type":"ImageObject","inLanguage":"en-US","@id":"https:\/\/angelboss.com.br\/2026\/04\/29\/shakira-rio-2026-copacabana-vintage-culture-maz-corona\/#primaryimage","url":"http:\/\/angelboss.com.br\/wp-content\/uploads\/2026\/04\/10b3e761-1c84-4932-a236-a39c12b992b6.jpeg","contentUrl":"http:\/\/angelboss.com.br\/wp-content\/uploads\/2026\/04\/10b3e761-1c84-4932-a236-a39c12b992b6.jpeg","width":1600,"height":900,"caption":"Imagem\/Divulga\u00e7\u00e3o"},{"@type":"BreadcrumbList","@id":"https:\/\/angelboss.com.br\/2026\/04\/29\/shakira-rio-2026-copacabana-vintage-culture-maz-corona\/#breadcrumb","itemListElement":[{"@type":"ListItem","position":1,"name":"In\u00edcio","item":"https:\/\/angelboss.com.br\/en\/"},{"@type":"ListItem","position":2,"name":"Todo Mundo no Rio: Corona anuncia Vintage Culture e Maz como aberturas do espet\u00e1culo de Shakira"}]},{"@type":"WebSite","@id":"https:\/\/angelboss.com.br\/en\/#website","url":"https:\/\/angelboss.com.br\/en\/","name":"Portal Masculino de Moda, Beleza, Luxo e Business - Angel Boss","description":"O Maior Portal sobre Moda, Luxo, Beleza e Business Masculino do Brasil","publisher":{"@id":"https:\/\/angelboss.com.br\/en\/#organization"},"alternateName":"Maior Portal e Blog de Beleza Masculina e Luxo","potentialAction":[{"@type":"SearchAction","target":{"@type":"EntryPoint","urlTemplate":"https:\/\/angelboss.com.br\/en\/?s={search_term_string}"},"query-input":{"@type":"PropertyValueSpecification","valueRequired":true,"valueName":"search_term_string"}}],"inLanguage":"en-US"},{"@type":"Organization","@id":"https:\/\/angelboss.com.br\/en\/#organization","name":"Portal Masculino de Moda, Beleza, Luxo and Business - Angel Boss","url":"https:\/\/angelboss.com.br\/en\/","logo":{"@type":"ImageObject","inLanguage":"en-US","@id":"https:\/\/angelboss.com.br\/en\/#\/schema\/logo\/image\/","url":"http:\/\/angelboss.com.br\/wp-content\/uploads\/2025\/12\/WhatsApp-Image-2025-12-11-at-12.54.26.jpeg","contentUrl":"http:\/\/angelboss.com.br\/wp-content\/uploads\/2025\/12\/WhatsApp-Image-2025-12-11-at-12.54.26.jpeg","width":1280,"height":1280,"caption":"Portal Masculino de Moda, Beleza, Luxo and Business - Angel Boss"},"image":{"@id":"https:\/\/angelboss.com.br\/en\/#\/schema\/logo\/image\/"}},{"@type":"Person","@id":"https:\/\/angelboss.com.br\/en\/#\/schema\/person\/af084936b46cf2e03f299183e429e350","name":"Neto Angel Boss","image":{"@type":"ImageObject","inLanguage":"en-US","@id":"https:\/\/secure.gravatar.com\/avatar\/dbb38b2050e5181e32afbccf458635967af0767d15abe8168b35ebbd97907289?s=96&d=mm&r=g","url":"https:\/\/secure.gravatar.com\/avatar\/dbb38b2050e5181e32afbccf458635967af0767d15abe8168b35ebbd97907289?s=96&d=mm&r=g","contentUrl":"https:\/\/secure.gravatar.com\/avatar\/dbb38b2050e5181e32afbccf458635967af0767d15abe8168b35ebbd97907289?s=96&d=mm&r=g","caption":"Neto Angel Boss"},"sameAs":["http:\/\/www.angelboss.com"],"url":"http:\/\/angelboss.com.br\/en\/author\/netoangelboss\/"}]}},"amp_enabled":true,"_links":{"self":[{"href":"http:\/\/angelboss.com.br\/en\/wp-json\/wp\/v2\/posts\/20770","targetHints":{"allow":["GET"]}}],"collection":[{"href":"http:\/\/angelboss.com.br\/en\/wp-json\/wp\/v2\/posts"}],"about":[{"href":"http:\/\/angelboss.com.br\/en\/wp-json\/wp\/v2\/types\/post"}],"author":[{"embeddable":true,"href":"http:\/\/angelboss.com.br\/en\/wp-json\/wp\/v2\/users\/2"}],"replies":[{"embeddable":true,"href":"http:\/\/angelboss.com.br\/en\/wp-json\/wp\/v2\/comments?post=20770"}],"version-history":[{"count":1,"href":"http:\/\/angelboss.com.br\/en\/wp-json\/wp\/v2\/posts\/20770\/revisions"}],"predecessor-version":[{"id":20774,"href":"http:\/\/angelboss.com.br\/en\/wp-json\/wp\/v2\/posts\/20770\/revisions\/20774"}],"wp:featuredmedia":[{"embeddable":true,"href":"http:\/\/angelboss.com.br\/en\/wp-json\/wp\/v2\/media\/20773"}],"wp:attachment":[{"href":"http:\/\/angelboss.com.br\/en\/wp-json\/wp\/v2\/media?parent=20770"}],"wp:term":[{"taxonomy":"category","embeddable":true,"href":"http:\/\/angelboss.com.br\/en\/wp-json\/wp\/v2\/categories?post=20770"},{"taxonomy":"post_tag","embeddable":true,"href":"http:\/\/angelboss.com.br\/en\/wp-json\/wp\/v2\/tags?post=20770"}],"curies":[{"name":"wp","href":"https:\/\/api.w.org\/{rel}","templated":true}]}}