{"id":20762,"date":"2026-04-29T17:24:35","date_gmt":"2026-04-29T17:24:35","guid":{"rendered":"https:\/\/angelboss.com.br\/?p=20762"},"modified":"2026-04-29T17:24:38","modified_gmt":"2026-04-29T17:24:38","slug":"o-homem-decomposto-sesc-pinheiros-matei-visniec-teatro-2026","status":"publish","type":"post","link":"http:\/\/angelboss.com.br\/en\/2026\/04\/29\/o-homem-decomposto-sesc-pinheiros-matei-visniec-teatro-2026\/","title":{"rendered":"Ap\u00f3s temporada no Rio e duas indica\u00e7\u00f5es ao APTR,\u00a0O Homem Decomposto\u00a0estreia no Sesc Pinheiros"},"content":{"rendered":"<p><em>Texto do franco-romeno Mat\u00e9i Visniec, autor com&nbsp;obras&nbsp;encenadas&nbsp;em mais de trinta pa\u00edses,&nbsp;espet\u00e1culo&nbsp;estreia&nbsp;em 7 de maio&nbsp;no&nbsp;Audit\u00f3rio&nbsp;do&nbsp;Sesc&nbsp;Pinheiros, com dire\u00e7\u00e3o&nbsp;de Ary Coslov&nbsp;e&nbsp;indica\u00e7\u00f5es&nbsp;ao&nbsp;Pr\u00eamio&nbsp;APTR&nbsp;para Dani Barros&nbsp;e&nbsp;Marcelo Aquino<\/em><\/p>\n\n\n\n<p>Pequenas hist\u00f3rias com um, dois&nbsp;ou mais personagens se sucedem&nbsp;em ritmo vertiginoso, apresentando pessoas que se&nbsp;estranham mutuamente, n\u00e3o&nbsp;conseguem se comunicar&nbsp;e&nbsp;vivem numa busca incessante por se protegerem umas das&nbsp;outras. A din\u00e2mica conduz&nbsp;<em>O&nbsp;Homem&nbsp;Decomposto<\/em>,&nbsp;espet\u00e1culo de&nbsp;<strong>Mat\u00e9i Visniec<\/strong>, com dire\u00e7\u00e3o&nbsp;de&nbsp;<strong>Ary Coslov<\/strong>, que&nbsp;estreia&nbsp;em 7 de maio, quinta-feira, \u00e0s 20h30,&nbsp;no&nbsp;Audit\u00f3rio&nbsp;do&nbsp;<strong>Sesc&nbsp;Pinheiros<\/strong>,&nbsp;onde segue&nbsp;em&nbsp;temporada&nbsp;at\u00e9 6 de junho, com sess\u00f5es de quinta a s\u00e1bado.<\/p>\n\n\n\n<p>Em cena,&nbsp;<strong>Andrea Dantas<\/strong>,&nbsp;<strong>Dani Barros<\/strong>,&nbsp;<strong>J\u00fanior Vieira<\/strong>,&nbsp;<strong>Marcelo Aquino<\/strong>&nbsp;e&nbsp;<strong>Mario Borges&nbsp;<\/strong>d\u00e3o&nbsp;corpo a uma sequ\u00eancia de situa\u00e7\u00f5es que&nbsp;exp\u00f5em rela\u00e7\u00f5es atravessadas por ru\u00eddos, tens\u00f5es&nbsp;e&nbsp;desencontros,&nbsp;estruturadas a partir de quadros curtos que se&nbsp;encadeiam&nbsp;ao&nbsp;longo da montagem.<\/p>\n\n\n\n<p>Numa hist\u00f3ria, vemos cidad\u00e3os que, para garantir sua tranquilidade&nbsp;e&nbsp;seguran\u00e7a, chegam a se isolar dentro de&nbsp;estranhos c\u00edrculos invis\u00edveis&nbsp;onde nenhuma&nbsp;outra pessoa pode penetrar.&nbsp;Em&nbsp;outra, a cidade \u00e9 tomada por uma invas\u00e3o&nbsp;de borboletas carn\u00edvoras que amea\u00e7am a popula\u00e7\u00e3o. H\u00e1 ainda a hist\u00f3ria da&nbsp;empresa que&nbsp;oferece servi\u00e7os de lavagem cerebral para libertar as pessoas dos seus sofrimentos.&nbsp;Ou do senhor que anda pelas ruas com seu animalzinho de&nbsp;estima\u00e7\u00e3o&nbsp;que somente se sacia comendo pessoas,&nbsp;o&nbsp;que n\u00e3o&nbsp;causa&nbsp;estranhamento, a n\u00e3o&nbsp;ser c\u00f3cegas, na mulher que&nbsp;est\u00e1 sendo devorada.<\/p>\n\n\n\n<p>Mesmo&nbsp;em plena distopia, a poesia se faz presente&nbsp;em momentos&nbsp;em que&nbsp;os personagens, diante dos&nbsp;estranhos acontecimentos, conseguem se conectar com a natureza, refletir sobre&nbsp;o&nbsp;divino&nbsp;e&nbsp;a sua&nbsp;exist\u00eancia, falar do amor. Tudo&nbsp;ao&nbsp;mesmo tempo.<\/p>\n\n\n\n<p>Assim se sucedem, diante dos&nbsp;olhos do p\u00fablico,&nbsp;os flashes dessa sociedade de um tempo indeterminado que pode ser&nbsp;o&nbsp;futuro. N\u00e3o&nbsp;sabemos.&nbsp;Entre&nbsp;o&nbsp;humor&nbsp;e&nbsp;o&nbsp;susto,&nbsp;entre a poesia&nbsp;e&nbsp;o&nbsp;cinismo, se desenham as met\u00e1foras deste mundo imaginado por Visniec, que&nbsp;em muitos aspectos se parece bastante com&nbsp;o&nbsp;atual.<\/p>\n\n\n\n<p>\u201cMat\u00e9i Visniec \u00e9 um dos dramaturgos mais importantes da atualidade.&nbsp;Escrito&nbsp;em 1993,&nbsp;<em>O&nbsp;Homem&nbsp;Decomposto<\/em>&nbsp;\u00e9 um de seus textos mais importantes, n\u00e3o&nbsp;s\u00f3 por conta de sua&nbsp;estrutura criativa como tamb\u00e9m por sua atualidade surpreendente, falando de coisas que abalam a vida do ser humano&nbsp;nos dias de hoje,&nbsp;embora tenha sido&nbsp;escrito h\u00e1 mais de 30 anos. Dirigir&nbsp;essa pe\u00e7a, com um&nbsp;elenco de primeira linha, me deixa muito feliz&nbsp;e&nbsp;faz com que&nbsp;eu me sinta um privilegiado, por poder dirigi-la nesse momento t\u00e3o&nbsp;especial da hist\u00f3ria da humanidade.\u201d, celebra&nbsp;o&nbsp;diretor, Ary Coslov.<\/p>\n\n\n\n<p><strong>Sinopse:<\/strong><\/p>\n\n\n\n<p>Em uma s\u00e9rie de hist\u00f3rias curtas, atrav\u00e9s do humor&nbsp;e&nbsp;do absurdo, homens&nbsp;e&nbsp;mulheres de uma&nbsp;estranha sociedade n\u00e3o&nbsp;conseguem se comunicar,&nbsp;e&nbsp;criam sistemas cada vez mais absurdos&nbsp;e&nbsp;complexos para se protegerem uns dos&nbsp;outros.&nbsp;<\/p>\n\n\n\n<p><\/p>","protected":false},"excerpt":{"rendered":"<p>Texto do franco-romeno Mat\u00e9i Visniec, autor com&nbsp;obras&nbsp;encenadas&nbsp;em mais de trinta pa\u00edses,&nbsp;espet\u00e1culo&nbsp;estreia&nbsp;em 7 de maio&nbsp;no&nbsp;Audit\u00f3rio&nbsp;do&nbsp;Sesc&nbsp;Pinheiros, com dire\u00e7\u00e3o&nbsp;de Ary Coslov&nbsp;e&nbsp;indica\u00e7\u00f5es&nbsp;ao&nbsp;Pr\u00eamio&nbsp;APTR&nbsp;para Dani Barros&nbsp;e&nbsp;Marcelo Aquino Pequenas hist\u00f3rias com um, dois&nbsp;ou mais personagens se sucedem&nbsp;em ritmo vertiginoso, apresentando pessoas que se&nbsp;estranham mutuamente, n\u00e3o&nbsp;conseguem se comunicar&nbsp;e&nbsp;vivem numa busca incessante por se protegerem umas das&nbsp;outras. A din\u00e2mica conduz&nbsp;O&nbsp;Homem&nbsp;Decomposto,&nbsp;espet\u00e1culo de&nbsp;Mat\u00e9i Visniec, com dire\u00e7\u00e3o&nbsp;de&nbsp;Ary<\/p>","protected":false},"author":2,"featured_media":20766,"comment_status":"open","ping_status":"open","sticky":false,"template":"","format":"standard","meta":{"footnotes":""},"categories":[2402,165],"tags":[3855,3857,3856],"class_list":{"0":"post-20762","1":"post","2":"type-post","3":"status-publish","4":"format-standard","5":"has-post-thumbnail","7":"category-cultura","8":"category-luz-camera-e-critica","9":"tag-o-homem-decomposto","10":"tag-peca-de-matei-visniec","11":"tag-sesc-pinheiros"},"yoast_head":"<!-- This site is optimized with the Yoast SEO plugin v27.5 - https:\/\/yoast.com\/product\/yoast-seo-wordpress\/ -->\n<title>O Homem Decomposto: Pe\u00e7a de Mat\u00e9i Visniec Estreia no Sesc<\/title>\n<meta name=\"description\" content=\"Com dire\u00e7\u00e3o de Ary Coslov e elenco premiado, O Homem Decomposto estreia no Sesc Pinheiros em 7 de maio. Uma reflex\u00e3o profunda sobre comunica\u00e7\u00e3o e distopia.\" \/>\n<meta name=\"robots\" content=\"index, follow, max-snippet:-1, max-image-preview:large, max-video-preview:-1\" \/>\n<link rel=\"canonical\" href=\"https:\/\/angelboss.com.br\/en\/2026\/04\/29\/o-homem-decomposto-sesc-pinheiros-matei-visniec-teatro-2026\/\" \/>\n<meta property=\"og:locale\" content=\"en_US\" \/>\n<meta property=\"og:type\" content=\"article\" \/>\n<meta property=\"og:title\" content=\"O Homem Decomposto: Pe\u00e7a de Mat\u00e9i Visniec Estreia no Sesc\" \/>\n<meta property=\"og:description\" content=\"Com dire\u00e7\u00e3o de Ary Coslov e elenco premiado, O Homem Decomposto estreia no Sesc Pinheiros em 7 de maio. Uma reflex\u00e3o profunda sobre comunica\u00e7\u00e3o e distopia.\" \/>\n<meta property=\"og:url\" content=\"https:\/\/angelboss.com.br\/en\/2026\/04\/29\/o-homem-decomposto-sesc-pinheiros-matei-visniec-teatro-2026\/\" \/>\n<meta property=\"og:site_name\" content=\"Portal Masculino de Moda, Beleza, Luxo and Business - Angel Boss\" \/>\n<meta property=\"article:published_time\" content=\"2026-04-29T17:24:35+00:00\" \/>\n<meta property=\"article:modified_time\" content=\"2026-04-29T17:24:38+00:00\" \/>\n<meta property=\"og:image\" content=\"http:\/\/angelboss.com.br\/wp-content\/uploads\/2026\/04\/R4A2651_Nil-Canine-scaled.jpg\" \/>\n\t<meta property=\"og:image:width\" content=\"2560\" \/>\n\t<meta property=\"og:image:height\" content=\"1564\" \/>\n\t<meta property=\"og:image:type\" content=\"image\/jpeg\" \/>\n<meta name=\"author\" content=\"Neto Angel Boss\" \/>\n<meta name=\"twitter:card\" content=\"summary_large_image\" \/>\n<meta name=\"twitter:label1\" content=\"Written by\" \/>\n\t<meta name=\"twitter:data1\" content=\"Neto Angel Boss\" \/>\n\t<meta name=\"twitter:label2\" content=\"Est. reading time\" \/>\n\t<meta name=\"twitter:data2\" content=\"3 minutes\" \/>\n<script type=\"application\/ld+json\" class=\"yoast-schema-graph\">{\"@context\":\"https:\\\/\\\/schema.org\",\"@graph\":[{\"@type\":\"Article\",\"@id\":\"https:\\\/\\\/angelboss.com.br\\\/2026\\\/04\\\/29\\\/o-homem-decomposto-sesc-pinheiros-matei-visniec-teatro-2026\\\/#article\",\"isPartOf\":{\"@id\":\"https:\\\/\\\/angelboss.com.br\\\/2026\\\/04\\\/29\\\/o-homem-decomposto-sesc-pinheiros-matei-visniec-teatro-2026\\\/\"},\"author\":{\"name\":\"Neto Angel Boss\",\"@id\":\"https:\\\/\\\/angelboss.com.br\\\/en\\\/#\\\/schema\\\/person\\\/af084936b46cf2e03f299183e429e350\"},\"headline\":\"Ap\u00f3s temporada no Rio e duas indica\u00e7\u00f5es ao APTR,\u00a0O Homem Decomposto\u00a0estreia no Sesc Pinheiros\",\"datePublished\":\"2026-04-29T17:24:35+00:00\",\"dateModified\":\"2026-04-29T17:24:38+00:00\",\"mainEntityOfPage\":{\"@id\":\"https:\\\/\\\/angelboss.com.br\\\/2026\\\/04\\\/29\\\/o-homem-decomposto-sesc-pinheiros-matei-visniec-teatro-2026\\\/\"},\"wordCount\":688,\"commentCount\":0,\"publisher\":{\"@id\":\"https:\\\/\\\/angelboss.com.br\\\/en\\\/#organization\"},\"image\":{\"@id\":\"https:\\\/\\\/angelboss.com.br\\\/2026\\\/04\\\/29\\\/o-homem-decomposto-sesc-pinheiros-matei-visniec-teatro-2026\\\/#primaryimage\"},\"thumbnailUrl\":\"http:\\\/\\\/angelboss.com.br\\\/wp-content\\\/uploads\\\/2026\\\/04\\\/R4A2651_Nil-Canine-scaled.jpg\",\"keywords\":[\"O Homem Decomposto\",\"Pe\u00e7a de Mat\u00e9i Visniec\",\"Sesc Pinheiros\"],\"articleSection\":[\"Cultura\",\"LUZ, C\u00c2MERA E CR\u00cdTICA\"],\"inLanguage\":\"en-US\",\"potentialAction\":[{\"@type\":\"CommentAction\",\"name\":\"Comment\",\"target\":[\"https:\\\/\\\/angelboss.com.br\\\/2026\\\/04\\\/29\\\/o-homem-decomposto-sesc-pinheiros-matei-visniec-teatro-2026\\\/#respond\"]}]},{\"@type\":\"WebPage\",\"@id\":\"https:\\\/\\\/angelboss.com.br\\\/2026\\\/04\\\/29\\\/o-homem-decomposto-sesc-pinheiros-matei-visniec-teatro-2026\\\/\",\"url\":\"https:\\\/\\\/angelboss.com.br\\\/2026\\\/04\\\/29\\\/o-homem-decomposto-sesc-pinheiros-matei-visniec-teatro-2026\\\/\",\"name\":\"O Homem Decomposto: Pe\u00e7a de Mat\u00e9i Visniec Estreia no Sesc\",\"isPartOf\":{\"@id\":\"https:\\\/\\\/angelboss.com.br\\\/en\\\/#website\"},\"primaryImageOfPage\":{\"@id\":\"https:\\\/\\\/angelboss.com.br\\\/2026\\\/04\\\/29\\\/o-homem-decomposto-sesc-pinheiros-matei-visniec-teatro-2026\\\/#primaryimage\"},\"image\":{\"@id\":\"https:\\\/\\\/angelboss.com.br\\\/2026\\\/04\\\/29\\\/o-homem-decomposto-sesc-pinheiros-matei-visniec-teatro-2026\\\/#primaryimage\"},\"thumbnailUrl\":\"http:\\\/\\\/angelboss.com.br\\\/wp-content\\\/uploads\\\/2026\\\/04\\\/R4A2651_Nil-Canine-scaled.jpg\",\"datePublished\":\"2026-04-29T17:24:35+00:00\",\"dateModified\":\"2026-04-29T17:24:38+00:00\",\"description\":\"Com dire\u00e7\u00e3o de Ary Coslov e elenco premiado, O Homem Decomposto estreia no Sesc Pinheiros em 7 de maio. Uma reflex\u00e3o profunda sobre comunica\u00e7\u00e3o e distopia.\",\"breadcrumb\":{\"@id\":\"https:\\\/\\\/angelboss.com.br\\\/2026\\\/04\\\/29\\\/o-homem-decomposto-sesc-pinheiros-matei-visniec-teatro-2026\\\/#breadcrumb\"},\"inLanguage\":\"en-US\",\"potentialAction\":[{\"@type\":\"ReadAction\",\"target\":[\"https:\\\/\\\/angelboss.com.br\\\/2026\\\/04\\\/29\\\/o-homem-decomposto-sesc-pinheiros-matei-visniec-teatro-2026\\\/\"]}]},{\"@type\":\"ImageObject\",\"inLanguage\":\"en-US\",\"@id\":\"https:\\\/\\\/angelboss.com.br\\\/2026\\\/04\\\/29\\\/o-homem-decomposto-sesc-pinheiros-matei-visniec-teatro-2026\\\/#primaryimage\",\"url\":\"http:\\\/\\\/angelboss.com.br\\\/wp-content\\\/uploads\\\/2026\\\/04\\\/R4A2651_Nil-Canine-scaled.jpg\",\"contentUrl\":\"http:\\\/\\\/angelboss.com.br\\\/wp-content\\\/uploads\\\/2026\\\/04\\\/R4A2651_Nil-Canine-scaled.jpg\",\"width\":2560,\"height\":1564,\"caption\":\"(Cr\u00e9dito Nil Canin\u00e9)\"},{\"@type\":\"BreadcrumbList\",\"@id\":\"https:\\\/\\\/angelboss.com.br\\\/2026\\\/04\\\/29\\\/o-homem-decomposto-sesc-pinheiros-matei-visniec-teatro-2026\\\/#breadcrumb\",\"itemListElement\":[{\"@type\":\"ListItem\",\"position\":1,\"name\":\"In\u00edcio\",\"item\":\"https:\\\/\\\/angelboss.com.br\\\/en\\\/\"},{\"@type\":\"ListItem\",\"position\":2,\"name\":\"Ap\u00f3s temporada no Rio e duas indica\u00e7\u00f5es ao APTR,\u00a0O Homem Decomposto\u00a0estreia no Sesc Pinheiros\"}]},{\"@type\":\"WebSite\",\"@id\":\"https:\\\/\\\/angelboss.com.br\\\/en\\\/#website\",\"url\":\"https:\\\/\\\/angelboss.com.br\\\/en\\\/\",\"name\":\"Portal Masculino de Moda, Beleza, Luxo e Business - Angel Boss\",\"description\":\"O Maior Portal sobre Moda, Luxo, Beleza e Business Masculino do Brasil\",\"publisher\":{\"@id\":\"https:\\\/\\\/angelboss.com.br\\\/en\\\/#organization\"},\"alternateName\":\"Maior Portal e Blog de Beleza Masculina e Luxo\",\"potentialAction\":[{\"@type\":\"SearchAction\",\"target\":{\"@type\":\"EntryPoint\",\"urlTemplate\":\"https:\\\/\\\/angelboss.com.br\\\/en\\\/?s={search_term_string}\"},\"query-input\":{\"@type\":\"PropertyValueSpecification\",\"valueRequired\":true,\"valueName\":\"search_term_string\"}}],\"inLanguage\":\"en-US\"},{\"@type\":\"Organization\",\"@id\":\"https:\\\/\\\/angelboss.com.br\\\/en\\\/#organization\",\"name\":\"Portal Masculino de Moda, Beleza, Luxo and Business - Angel Boss\",\"url\":\"https:\\\/\\\/angelboss.com.br\\\/en\\\/\",\"logo\":{\"@type\":\"ImageObject\",\"inLanguage\":\"en-US\",\"@id\":\"https:\\\/\\\/angelboss.com.br\\\/en\\\/#\\\/schema\\\/logo\\\/image\\\/\",\"url\":\"http:\\\/\\\/angelboss.com.br\\\/wp-content\\\/uploads\\\/2025\\\/12\\\/WhatsApp-Image-2025-12-11-at-12.54.26.jpeg\",\"contentUrl\":\"http:\\\/\\\/angelboss.com.br\\\/wp-content\\\/uploads\\\/2025\\\/12\\\/WhatsApp-Image-2025-12-11-at-12.54.26.jpeg\",\"width\":1280,\"height\":1280,\"caption\":\"Portal Masculino de Moda, Beleza, Luxo and Business - Angel Boss\"},\"image\":{\"@id\":\"https:\\\/\\\/angelboss.com.br\\\/en\\\/#\\\/schema\\\/logo\\\/image\\\/\"}},{\"@type\":\"Person\",\"@id\":\"https:\\\/\\\/angelboss.com.br\\\/en\\\/#\\\/schema\\\/person\\\/af084936b46cf2e03f299183e429e350\",\"name\":\"Neto Angel Boss\",\"image\":{\"@type\":\"ImageObject\",\"inLanguage\":\"en-US\",\"@id\":\"https:\\\/\\\/secure.gravatar.com\\\/avatar\\\/dbb38b2050e5181e32afbccf458635967af0767d15abe8168b35ebbd97907289?s=96&d=mm&r=g\",\"url\":\"https:\\\/\\\/secure.gravatar.com\\\/avatar\\\/dbb38b2050e5181e32afbccf458635967af0767d15abe8168b35ebbd97907289?s=96&d=mm&r=g\",\"contentUrl\":\"https:\\\/\\\/secure.gravatar.com\\\/avatar\\\/dbb38b2050e5181e32afbccf458635967af0767d15abe8168b35ebbd97907289?s=96&d=mm&r=g\",\"caption\":\"Neto Angel Boss\"},\"sameAs\":[\"http:\\\/\\\/www.angelboss.com\"],\"url\":\"http:\\\/\\\/angelboss.com.br\\\/en\\\/author\\\/netoangelboss\\\/\"}]}<\/script>\n<!-- \/ Yoast SEO plugin. -->","yoast_head_json":{"title":"O Homem Decomposto: Pe\u00e7a de Mat\u00e9i Visniec Estreia no Sesc","description":"Com dire\u00e7\u00e3o de Ary Coslov e elenco premiado, O Homem Decomposto estreia no Sesc Pinheiros em 7 de maio. Uma reflex\u00e3o profunda sobre comunica\u00e7\u00e3o e distopia.","robots":{"index":"index","follow":"follow","max-snippet":"max-snippet:-1","max-image-preview":"max-image-preview:large","max-video-preview":"max-video-preview:-1"},"canonical":"https:\/\/angelboss.com.br\/en\/2026\/04\/29\/o-homem-decomposto-sesc-pinheiros-matei-visniec-teatro-2026\/","og_locale":"en_US","og_type":"article","og_title":"O Homem Decomposto: Pe\u00e7a de Mat\u00e9i Visniec Estreia no Sesc","og_description":"Com dire\u00e7\u00e3o de Ary Coslov e elenco premiado, O Homem Decomposto estreia no Sesc Pinheiros em 7 de maio. Uma reflex\u00e3o profunda sobre comunica\u00e7\u00e3o e distopia.","og_url":"https:\/\/angelboss.com.br\/en\/2026\/04\/29\/o-homem-decomposto-sesc-pinheiros-matei-visniec-teatro-2026\/","og_site_name":"Portal Masculino de Moda, Beleza, Luxo and Business - Angel Boss","article_published_time":"2026-04-29T17:24:35+00:00","article_modified_time":"2026-04-29T17:24:38+00:00","og_image":[{"width":2560,"height":1564,"url":"http:\/\/angelboss.com.br\/wp-content\/uploads\/2026\/04\/R4A2651_Nil-Canine-scaled.jpg","type":"image\/jpeg"}],"author":"Neto Angel Boss","twitter_card":"summary_large_image","twitter_misc":{"Written by":"Neto Angel Boss","Est. reading time":"3 minutes"},"schema":{"@context":"https:\/\/schema.org","@graph":[{"@type":"Article","@id":"https:\/\/angelboss.com.br\/2026\/04\/29\/o-homem-decomposto-sesc-pinheiros-matei-visniec-teatro-2026\/#article","isPartOf":{"@id":"https:\/\/angelboss.com.br\/2026\/04\/29\/o-homem-decomposto-sesc-pinheiros-matei-visniec-teatro-2026\/"},"author":{"name":"Neto Angel Boss","@id":"https:\/\/angelboss.com.br\/en\/#\/schema\/person\/af084936b46cf2e03f299183e429e350"},"headline":"Ap\u00f3s temporada no Rio e duas indica\u00e7\u00f5es ao APTR,\u00a0O Homem Decomposto\u00a0estreia no Sesc Pinheiros","datePublished":"2026-04-29T17:24:35+00:00","dateModified":"2026-04-29T17:24:38+00:00","mainEntityOfPage":{"@id":"https:\/\/angelboss.com.br\/2026\/04\/29\/o-homem-decomposto-sesc-pinheiros-matei-visniec-teatro-2026\/"},"wordCount":688,"commentCount":0,"publisher":{"@id":"https:\/\/angelboss.com.br\/en\/#organization"},"image":{"@id":"https:\/\/angelboss.com.br\/2026\/04\/29\/o-homem-decomposto-sesc-pinheiros-matei-visniec-teatro-2026\/#primaryimage"},"thumbnailUrl":"http:\/\/angelboss.com.br\/wp-content\/uploads\/2026\/04\/R4A2651_Nil-Canine-scaled.jpg","keywords":["O Homem Decomposto","Pe\u00e7a de Mat\u00e9i Visniec","Sesc Pinheiros"],"articleSection":["Cultura","LUZ, C\u00c2MERA E CR\u00cdTICA"],"inLanguage":"en-US","potentialAction":[{"@type":"CommentAction","name":"Comment","target":["https:\/\/angelboss.com.br\/2026\/04\/29\/o-homem-decomposto-sesc-pinheiros-matei-visniec-teatro-2026\/#respond"]}]},{"@type":"WebPage","@id":"https:\/\/angelboss.com.br\/2026\/04\/29\/o-homem-decomposto-sesc-pinheiros-matei-visniec-teatro-2026\/","url":"https:\/\/angelboss.com.br\/2026\/04\/29\/o-homem-decomposto-sesc-pinheiros-matei-visniec-teatro-2026\/","name":"O Homem Decomposto: Pe\u00e7a de Mat\u00e9i Visniec Estreia no Sesc","isPartOf":{"@id":"https:\/\/angelboss.com.br\/en\/#website"},"primaryImageOfPage":{"@id":"https:\/\/angelboss.com.br\/2026\/04\/29\/o-homem-decomposto-sesc-pinheiros-matei-visniec-teatro-2026\/#primaryimage"},"image":{"@id":"https:\/\/angelboss.com.br\/2026\/04\/29\/o-homem-decomposto-sesc-pinheiros-matei-visniec-teatro-2026\/#primaryimage"},"thumbnailUrl":"http:\/\/angelboss.com.br\/wp-content\/uploads\/2026\/04\/R4A2651_Nil-Canine-scaled.jpg","datePublished":"2026-04-29T17:24:35+00:00","dateModified":"2026-04-29T17:24:38+00:00","description":"Com dire\u00e7\u00e3o de Ary Coslov e elenco premiado, O Homem Decomposto estreia no Sesc Pinheiros em 7 de maio. Uma reflex\u00e3o profunda sobre comunica\u00e7\u00e3o e distopia.","breadcrumb":{"@id":"https:\/\/angelboss.com.br\/2026\/04\/29\/o-homem-decomposto-sesc-pinheiros-matei-visniec-teatro-2026\/#breadcrumb"},"inLanguage":"en-US","potentialAction":[{"@type":"ReadAction","target":["https:\/\/angelboss.com.br\/2026\/04\/29\/o-homem-decomposto-sesc-pinheiros-matei-visniec-teatro-2026\/"]}]},{"@type":"ImageObject","inLanguage":"en-US","@id":"https:\/\/angelboss.com.br\/2026\/04\/29\/o-homem-decomposto-sesc-pinheiros-matei-visniec-teatro-2026\/#primaryimage","url":"http:\/\/angelboss.com.br\/wp-content\/uploads\/2026\/04\/R4A2651_Nil-Canine-scaled.jpg","contentUrl":"http:\/\/angelboss.com.br\/wp-content\/uploads\/2026\/04\/R4A2651_Nil-Canine-scaled.jpg","width":2560,"height":1564,"caption":"(Cr\u00e9dito Nil Canin\u00e9)"},{"@type":"BreadcrumbList","@id":"https:\/\/angelboss.com.br\/2026\/04\/29\/o-homem-decomposto-sesc-pinheiros-matei-visniec-teatro-2026\/#breadcrumb","itemListElement":[{"@type":"ListItem","position":1,"name":"In\u00edcio","item":"https:\/\/angelboss.com.br\/en\/"},{"@type":"ListItem","position":2,"name":"Ap\u00f3s temporada no Rio e duas indica\u00e7\u00f5es ao APTR,\u00a0O Homem Decomposto\u00a0estreia no Sesc Pinheiros"}]},{"@type":"WebSite","@id":"https:\/\/angelboss.com.br\/en\/#website","url":"https:\/\/angelboss.com.br\/en\/","name":"Portal Masculino de Moda, Beleza, Luxo e Business - Angel Boss","description":"O Maior Portal sobre Moda, Luxo, Beleza e Business Masculino do Brasil","publisher":{"@id":"https:\/\/angelboss.com.br\/en\/#organization"},"alternateName":"Maior Portal e Blog de Beleza Masculina e Luxo","potentialAction":[{"@type":"SearchAction","target":{"@type":"EntryPoint","urlTemplate":"https:\/\/angelboss.com.br\/en\/?s={search_term_string}"},"query-input":{"@type":"PropertyValueSpecification","valueRequired":true,"valueName":"search_term_string"}}],"inLanguage":"en-US"},{"@type":"Organization","@id":"https:\/\/angelboss.com.br\/en\/#organization","name":"Portal Masculino de Moda, Beleza, Luxo and Business - Angel Boss","url":"https:\/\/angelboss.com.br\/en\/","logo":{"@type":"ImageObject","inLanguage":"en-US","@id":"https:\/\/angelboss.com.br\/en\/#\/schema\/logo\/image\/","url":"http:\/\/angelboss.com.br\/wp-content\/uploads\/2025\/12\/WhatsApp-Image-2025-12-11-at-12.54.26.jpeg","contentUrl":"http:\/\/angelboss.com.br\/wp-content\/uploads\/2025\/12\/WhatsApp-Image-2025-12-11-at-12.54.26.jpeg","width":1280,"height":1280,"caption":"Portal Masculino de Moda, Beleza, Luxo and Business - Angel Boss"},"image":{"@id":"https:\/\/angelboss.com.br\/en\/#\/schema\/logo\/image\/"}},{"@type":"Person","@id":"https:\/\/angelboss.com.br\/en\/#\/schema\/person\/af084936b46cf2e03f299183e429e350","name":"Neto Angel Boss","image":{"@type":"ImageObject","inLanguage":"en-US","@id":"https:\/\/secure.gravatar.com\/avatar\/dbb38b2050e5181e32afbccf458635967af0767d15abe8168b35ebbd97907289?s=96&d=mm&r=g","url":"https:\/\/secure.gravatar.com\/avatar\/dbb38b2050e5181e32afbccf458635967af0767d15abe8168b35ebbd97907289?s=96&d=mm&r=g","contentUrl":"https:\/\/secure.gravatar.com\/avatar\/dbb38b2050e5181e32afbccf458635967af0767d15abe8168b35ebbd97907289?s=96&d=mm&r=g","caption":"Neto Angel Boss"},"sameAs":["http:\/\/www.angelboss.com"],"url":"http:\/\/angelboss.com.br\/en\/author\/netoangelboss\/"}]}},"amp_enabled":true,"_links":{"self":[{"href":"http:\/\/angelboss.com.br\/en\/wp-json\/wp\/v2\/posts\/20762","targetHints":{"allow":["GET"]}}],"collection":[{"href":"http:\/\/angelboss.com.br\/en\/wp-json\/wp\/v2\/posts"}],"about":[{"href":"http:\/\/angelboss.com.br\/en\/wp-json\/wp\/v2\/types\/post"}],"author":[{"embeddable":true,"href":"http:\/\/angelboss.com.br\/en\/wp-json\/wp\/v2\/users\/2"}],"replies":[{"embeddable":true,"href":"http:\/\/angelboss.com.br\/en\/wp-json\/wp\/v2\/comments?post=20762"}],"version-history":[{"count":1,"href":"http:\/\/angelboss.com.br\/en\/wp-json\/wp\/v2\/posts\/20762\/revisions"}],"predecessor-version":[{"id":20769,"href":"http:\/\/angelboss.com.br\/en\/wp-json\/wp\/v2\/posts\/20762\/revisions\/20769"}],"wp:featuredmedia":[{"embeddable":true,"href":"http:\/\/angelboss.com.br\/en\/wp-json\/wp\/v2\/media\/20766"}],"wp:attachment":[{"href":"http:\/\/angelboss.com.br\/en\/wp-json\/wp\/v2\/media?parent=20762"}],"wp:term":[{"taxonomy":"category","embeddable":true,"href":"http:\/\/angelboss.com.br\/en\/wp-json\/wp\/v2\/categories?post=20762"},{"taxonomy":"post_tag","embeddable":true,"href":"http:\/\/angelboss.com.br\/en\/wp-json\/wp\/v2\/tags?post=20762"}],"curies":[{"name":"wp","href":"https:\/\/api.w.org\/{rel}","templated":true}]}}