{"id":20757,"date":"2026-04-29T00:00:00","date_gmt":"2026-04-29T00:00:00","guid":{"rendered":"https:\/\/angelboss.com.br\/2026\/04\/29\/326236-governo-altera-data-para-adesao-ao-simples-nacional\/"},"modified":"2026-04-29T00:00:00","modified_gmt":"2026-04-29T00:00:00","slug":"326236-governo-altera-data-para-adesao-ao-simples-nacional","status":"publish","type":"post","link":"http:\/\/angelboss.com.br\/en\/2026\/04\/29\/326236-governo-altera-data-para-adesao-ao-simples-nacional\/","title":{"rendered":"Governo altera data para ades\u00e3o ao Simples Nacional"},"content":{"rendered":"<p>Pela <a rel=\"follow\" href=\"https:\/\/www.in.gov.br\/web\/dou\/-\/resolucao-cgsn-n-186-de-9-de-abril-de-2026\">Resolu\u00e7\u00e3o CGSN n\u00ba 186\/2026<\/a>, o Comit\u00ea Gestor do Simples Nacional estabeleceu que as empresas dever\u00e3o, durante o m\u00eas de setembro deste ano, fazer duas escolhas: a primeira \u00e9 quanto \u00e0 op\u00e7\u00e3o pela ades\u00e3o \u00e0 sistem\u00e1tica de tributa\u00e7\u00e3o do Simples Nacional para o ano-calend\u00e1rio de 2027 e a segunda \u00e9 a escolha pela forma de recolhimento do Imposto sobre Bens e Servi\u00e7os (IBS) e da Contribui\u00e7\u00e3o sobre Bens e Servi\u00e7os (CBS) para o per\u00edodo de janeiro a junho de 2027.<\/p>\n<p>A Receita Federal <a rel=\"follow\" href=\"https:\/\/www.gov.br\/receitafederal\/pt-br\/assuntos\/noticias\/2026\/abril\/cgsn-define-prazos-de-opcao-pelo-simples-nacional-e-pelo-regime-regular-do-ibs-e-da-cbs-para-2027\">informa<\/a> que, &quot;antecipa\u00e7\u00e3o do per\u00edodo de op\u00e7\u00e3o decorre da necessidade de compatibilizar o regime simplificado com a nova sistem\u00e1tica do IBS e da CBS&quot; e que, &quot;a op\u00e7\u00e3o pelo regime regular do IBS e da CBS tamb\u00e9m poder\u00e1 ser cancelada de forma irretrat\u00e1vel at\u00e9 o \u00faltimo dia de novembro de 2026&quot;.<\/p>\n<p>A resolu\u00e7\u00e3o traz ainda regras espec\u00edficas, como a possibilidade de cancelamento da op\u00e7\u00e3o pelo Simples Nacional at\u00e9 o \u00faltimo dia de novembro de 2026, a possibilidade de o contribuinte regularizar pend\u00eancias impeditivas da op\u00e7\u00e3o pelo Simples Nacional, a faculdade de cancelamento pelo contribuinte da op\u00e7\u00e3o pelo regime regular do IBS e da CBS at\u00e9 o \u00faltimo dia de novembro de 2026 e estabelece tratamento diferenciado para empresas em in\u00edcio de atividades cuja inscri\u00e7\u00e3o no CNPJ ocorra entre 1\u00ba de outubro e 31 de dezembro de 2026.<\/p>\n<p>Segundo o tributarista <a rel=\"follow\" href=\"https:\/\/www.linkedin.com\/in\/ricardo-pontes-vivacqua-226a3316\/?skipRedirect=true\">Ricardo Vivacqua<\/a>, s\u00f3cio da <a rel=\"follow\" href=\"https:\/\/www.vivacquaadvogados.com\/\">Vivacqua Advogados<\/a>, &quot;tradicionalmente a op\u00e7\u00e3o pelo Simples Nacional ocorria durante o m\u00eas de janeiro de cada ano, de forma que o adiantamento do exerc\u00edcio da op\u00e7\u00e3o para setembro do ano anterior requer uma an\u00e1lise antecipada do contribuinte, e pior, de uma situa\u00e7\u00e3o ainda mais complexa, pois precisar\u00e1 definir tamb\u00e9m sobre a sistem\u00e1tica de recolhimento do IBS e da CBS, que requer uma an\u00e1lise mais criteriosa por um contribuinte ainda inexperiente&quot;.<\/p>\n<p>Continua o advogado: &quot;O contribuinte est\u00e1 diante de uma situa\u00e7\u00e3o mais sofisticada, que requer uma avalia\u00e7\u00e3o mais aprofundada, isso porque, a partir de agora, existem dois modelos de tributa\u00e7\u00e3o pelo Simples Nacional: um no qual o IBS e a CBS permanecem dentro do regime simplificado e outro em que o IBS e a CBS s\u00e3o apurados em separado, pelo seu regime regular, que vem sendo denominado regime h\u00edbrido&quot;.<\/p>\n<p>E conclui Ricardo: &quot;Esta mudan\u00e7a trouxe uma vari\u00e1vel que requer do contribuinte uma an\u00e1lise semestral mais criteriosa de ambos os cen\u00e1rios para a tomada de decis\u00e3o estrat\u00e9gica adequada. Isso porque, como o IBS e a CBS s\u00e3o tributos n\u00e3o cumulativos de base ampla, de forma geral, o contribuinte que requer maior volume de insumos para a consecu\u00e7\u00e3o de seu objeto-fim e tem como clientes contribuintes destes tributos, interessados em cr\u00e9ditos de IBS e CBS, \u00e9 mais adequado optar pelo regime h\u00edbrido, e os contribuintes que usam poucos insumos ou t\u00eam como clientes consumidores finais, n\u00e3o contribuintes do IBS e CBS, que buscam pre\u00e7os mais baratos, \u00e9 melhor optar pelo regime do Simples Nacional&quot;.<\/p>\n<p><img src='https:\/\/api.dino.com.br\/v2\/news\/tr\/326236?partnerId=4593' alt=\"\" style=\"border:0px;width:1px;height:1px;\" \/><\/p>","protected":false},"excerpt":{"rendered":"<p>O Comit\u00ea Gestor do Simples Nacional antecipou para setembro de 2026 a op\u00e7\u00e3o pelo Simples Nacional e a escolha para a sistem\u00e1tica de apura\u00e7\u00e3o e recolhimento do Imposto sobre Bens e Servi\u00e7os (IBS) e da Contribui\u00e7\u00e3o Social sobre Bens e Servi\u00e7os (CBS).<\/p>","protected":false},"author":3,"featured_media":20758,"comment_status":"open","ping_status":"open","sticky":false,"template":"","format":"standard","meta":{"footnotes":""},"categories":[315],"tags":[341,342,347,324,351],"class_list":{"0":"post-20757","1":"post","2":"type-post","3":"status-publish","4":"format-standard","5":"has-post-thumbnail","7":"category-noticias-corporativas-dino","8":"tag-economia","9":"tag-empreendedorismo","10":"tag-industrias","11":"tag-negocios","12":"tag-sociedade"},"yoast_head":"<!-- This site is optimized with the Yoast SEO plugin v27.5 - https:\/\/yoast.com\/product\/yoast-seo-wordpress\/ -->\n<title>Governo altera data para ades\u00e3o ao Simples Nacional - Portal Masculino de Moda, Beleza, Luxo and Business - Angel Boss<\/title>\n<meta name=\"robots\" content=\"index, follow, max-snippet:-1, max-image-preview:large, max-video-preview:-1\" \/>\n<link rel=\"canonical\" href=\"https:\/\/angelboss.com.br\/en\/2026\/04\/29\/326236-governo-altera-data-para-adesao-ao-simples-nacional\/\" \/>\n<meta property=\"og:locale\" content=\"en_US\" \/>\n<meta property=\"og:type\" content=\"article\" \/>\n<meta property=\"og:title\" content=\"Governo altera data para ades\u00e3o ao Simples Nacional - Portal Masculino de Moda, Beleza, Luxo and Business - Angel Boss\" \/>\n<meta property=\"og:description\" content=\"O Comit\u00ea Gestor do Simples Nacional antecipou para setembro de 2026 a op\u00e7\u00e3o pelo Simples Nacional e a escolha para a sistem\u00e1tica de apura\u00e7\u00e3o e recolhimento do Imposto sobre Bens e Servi\u00e7os (IBS) e da Contribui\u00e7\u00e3o Social sobre Bens e Servi\u00e7os (CBS).\" \/>\n<meta property=\"og:url\" content=\"https:\/\/angelboss.com.br\/en\/2026\/04\/29\/326236-governo-altera-data-para-adesao-ao-simples-nacional\/\" \/>\n<meta property=\"og:site_name\" content=\"Portal Masculino de Moda, Beleza, Luxo and Business - Angel Boss\" \/>\n<meta property=\"article:published_time\" content=\"2026-04-29T00:00:00+00:00\" \/>\n<meta property=\"og:image\" content=\"https:\/\/api.dino.com.br\/v2\/news\/tr\/326236?partnerId=4593\" \/>\n<meta name=\"author\" content=\"DINO\" \/>\n<meta name=\"twitter:card\" content=\"summary_large_image\" \/>\n<meta name=\"twitter:label1\" content=\"Written by\" \/>\n\t<meta name=\"twitter:data1\" content=\"DINO\" \/>\n\t<meta name=\"twitter:label2\" content=\"Est. reading time\" \/>\n\t<meta name=\"twitter:data2\" content=\"3 minutes\" \/>\n<script type=\"application\/ld+json\" class=\"yoast-schema-graph\">{\"@context\":\"https:\\\/\\\/schema.org\",\"@graph\":[{\"@type\":\"Article\",\"@id\":\"https:\\\/\\\/angelboss.com.br\\\/2026\\\/04\\\/29\\\/326236-governo-altera-data-para-adesao-ao-simples-nacional\\\/#article\",\"isPartOf\":{\"@id\":\"https:\\\/\\\/angelboss.com.br\\\/2026\\\/04\\\/29\\\/326236-governo-altera-data-para-adesao-ao-simples-nacional\\\/\"},\"author\":{\"name\":\"DINO\",\"@id\":\"https:\\\/\\\/angelboss.com.br\\\/en\\\/#\\\/schema\\\/person\\\/b6676b8d991f97199ef2d5b8e5c2d8a5\"},\"headline\":\"Governo altera data para ades\u00e3o ao Simples Nacional\",\"datePublished\":\"2026-04-29T00:00:00+00:00\",\"mainEntityOfPage\":{\"@id\":\"https:\\\/\\\/angelboss.com.br\\\/2026\\\/04\\\/29\\\/326236-governo-altera-data-para-adesao-ao-simples-nacional\\\/\"},\"wordCount\":538,\"commentCount\":0,\"publisher\":{\"@id\":\"https:\\\/\\\/angelboss.com.br\\\/en\\\/#organization\"},\"image\":{\"@id\":\"https:\\\/\\\/angelboss.com.br\\\/2026\\\/04\\\/29\\\/326236-governo-altera-data-para-adesao-ao-simples-nacional\\\/#primaryimage\"},\"thumbnailUrl\":\"http:\\\/\\\/angelboss.com.br\\\/wp-content\\\/uploads\\\/2026\\\/04\\\/9ef0ebae-d35e-43b0-a61c-b91ecfbcf67e.jpg\",\"keywords\":[\"ECONOMIA\",\"EMPREENDEDORISMO\",\"IND\u00daSTRIAS\",\"NEG\u00d3CIOS\",\"SOCIEDADE\"],\"articleSection\":[\"Not\u00edcias Corporativas\"],\"inLanguage\":\"en-US\",\"potentialAction\":[{\"@type\":\"CommentAction\",\"name\":\"Comment\",\"target\":[\"https:\\\/\\\/angelboss.com.br\\\/2026\\\/04\\\/29\\\/326236-governo-altera-data-para-adesao-ao-simples-nacional\\\/#respond\"]}]},{\"@type\":\"WebPage\",\"@id\":\"https:\\\/\\\/angelboss.com.br\\\/2026\\\/04\\\/29\\\/326236-governo-altera-data-para-adesao-ao-simples-nacional\\\/\",\"url\":\"https:\\\/\\\/angelboss.com.br\\\/2026\\\/04\\\/29\\\/326236-governo-altera-data-para-adesao-ao-simples-nacional\\\/\",\"name\":\"Governo altera data para ades\u00e3o ao Simples Nacional - Portal Masculino de Moda, Beleza, Luxo and Business - Angel Boss\",\"isPartOf\":{\"@id\":\"https:\\\/\\\/angelboss.com.br\\\/en\\\/#website\"},\"primaryImageOfPage\":{\"@id\":\"https:\\\/\\\/angelboss.com.br\\\/2026\\\/04\\\/29\\\/326236-governo-altera-data-para-adesao-ao-simples-nacional\\\/#primaryimage\"},\"image\":{\"@id\":\"https:\\\/\\\/angelboss.com.br\\\/2026\\\/04\\\/29\\\/326236-governo-altera-data-para-adesao-ao-simples-nacional\\\/#primaryimage\"},\"thumbnailUrl\":\"http:\\\/\\\/angelboss.com.br\\\/wp-content\\\/uploads\\\/2026\\\/04\\\/9ef0ebae-d35e-43b0-a61c-b91ecfbcf67e.jpg\",\"datePublished\":\"2026-04-29T00:00:00+00:00\",\"breadcrumb\":{\"@id\":\"https:\\\/\\\/angelboss.com.br\\\/2026\\\/04\\\/29\\\/326236-governo-altera-data-para-adesao-ao-simples-nacional\\\/#breadcrumb\"},\"inLanguage\":\"en-US\",\"potentialAction\":[{\"@type\":\"ReadAction\",\"target\":[\"https:\\\/\\\/angelboss.com.br\\\/2026\\\/04\\\/29\\\/326236-governo-altera-data-para-adesao-ao-simples-nacional\\\/\"]}]},{\"@type\":\"ImageObject\",\"inLanguage\":\"en-US\",\"@id\":\"https:\\\/\\\/angelboss.com.br\\\/2026\\\/04\\\/29\\\/326236-governo-altera-data-para-adesao-ao-simples-nacional\\\/#primaryimage\",\"url\":\"http:\\\/\\\/angelboss.com.br\\\/wp-content\\\/uploads\\\/2026\\\/04\\\/9ef0ebae-d35e-43b0-a61c-b91ecfbcf67e.jpg\",\"contentUrl\":\"http:\\\/\\\/angelboss.com.br\\\/wp-content\\\/uploads\\\/2026\\\/04\\\/9ef0ebae-d35e-43b0-a61c-b91ecfbcf67e.jpg\",\"width\":1199,\"height\":800,\"caption\":\"Governo altera data para ades\u00e3o ao Simples Nacional\"},{\"@type\":\"BreadcrumbList\",\"@id\":\"https:\\\/\\\/angelboss.com.br\\\/2026\\\/04\\\/29\\\/326236-governo-altera-data-para-adesao-ao-simples-nacional\\\/#breadcrumb\",\"itemListElement\":[{\"@type\":\"ListItem\",\"position\":1,\"name\":\"In\u00edcio\",\"item\":\"https:\\\/\\\/angelboss.com.br\\\/en\\\/\"},{\"@type\":\"ListItem\",\"position\":2,\"name\":\"Governo altera data para ades\u00e3o ao Simples Nacional\"}]},{\"@type\":\"WebSite\",\"@id\":\"https:\\\/\\\/angelboss.com.br\\\/en\\\/#website\",\"url\":\"https:\\\/\\\/angelboss.com.br\\\/en\\\/\",\"name\":\"Portal Masculino de Moda, Beleza, Luxo e Business - Angel Boss\",\"description\":\"O Maior Portal sobre Moda, Luxo, Beleza e Business Masculino do Brasil\",\"publisher\":{\"@id\":\"https:\\\/\\\/angelboss.com.br\\\/en\\\/#organization\"},\"alternateName\":\"Maior Portal e Blog de Beleza Masculina e Luxo\",\"potentialAction\":[{\"@type\":\"SearchAction\",\"target\":{\"@type\":\"EntryPoint\",\"urlTemplate\":\"https:\\\/\\\/angelboss.com.br\\\/en\\\/?s={search_term_string}\"},\"query-input\":{\"@type\":\"PropertyValueSpecification\",\"valueRequired\":true,\"valueName\":\"search_term_string\"}}],\"inLanguage\":\"en-US\"},{\"@type\":\"Organization\",\"@id\":\"https:\\\/\\\/angelboss.com.br\\\/en\\\/#organization\",\"name\":\"Portal Masculino de Moda, Beleza, Luxo and Business - Angel Boss\",\"url\":\"https:\\\/\\\/angelboss.com.br\\\/en\\\/\",\"logo\":{\"@type\":\"ImageObject\",\"inLanguage\":\"en-US\",\"@id\":\"https:\\\/\\\/angelboss.com.br\\\/en\\\/#\\\/schema\\\/logo\\\/image\\\/\",\"url\":\"http:\\\/\\\/angelboss.com.br\\\/wp-content\\\/uploads\\\/2025\\\/12\\\/WhatsApp-Image-2025-12-11-at-12.54.26.jpeg\",\"contentUrl\":\"http:\\\/\\\/angelboss.com.br\\\/wp-content\\\/uploads\\\/2025\\\/12\\\/WhatsApp-Image-2025-12-11-at-12.54.26.jpeg\",\"width\":1280,\"height\":1280,\"caption\":\"Portal Masculino de Moda, Beleza, Luxo and Business - Angel Boss\"},\"image\":{\"@id\":\"https:\\\/\\\/angelboss.com.br\\\/en\\\/#\\\/schema\\\/logo\\\/image\\\/\"}},{\"@type\":\"Person\",\"@id\":\"https:\\\/\\\/angelboss.com.br\\\/en\\\/#\\\/schema\\\/person\\\/b6676b8d991f97199ef2d5b8e5c2d8a5\",\"name\":\"DINO\",\"image\":{\"@type\":\"ImageObject\",\"inLanguage\":\"en-US\",\"@id\":\"https:\\\/\\\/secure.gravatar.com\\\/avatar\\\/f29568383aedf96da155b6f87103b0e04b1c662f982055cda25086444ab33ff8?s=96&d=mm&r=g\",\"url\":\"https:\\\/\\\/secure.gravatar.com\\\/avatar\\\/f29568383aedf96da155b6f87103b0e04b1c662f982055cda25086444ab33ff8?s=96&d=mm&r=g\",\"contentUrl\":\"https:\\\/\\\/secure.gravatar.com\\\/avatar\\\/f29568383aedf96da155b6f87103b0e04b1c662f982055cda25086444ab33ff8?s=96&d=mm&r=g\",\"caption\":\"DINO\"},\"url\":\"http:\\\/\\\/angelboss.com.br\\\/en\\\/author\\\/DINO\\\/\"}]}<\/script>\n<!-- \/ Yoast SEO plugin. -->","yoast_head_json":{"title":"Governo altera data para ades\u00e3o ao Simples Nacional - Portal Masculino de Moda, Beleza, Luxo and Business - Angel Boss","robots":{"index":"index","follow":"follow","max-snippet":"max-snippet:-1","max-image-preview":"max-image-preview:large","max-video-preview":"max-video-preview:-1"},"canonical":"https:\/\/angelboss.com.br\/en\/2026\/04\/29\/326236-governo-altera-data-para-adesao-ao-simples-nacional\/","og_locale":"en_US","og_type":"article","og_title":"Governo altera data para ades\u00e3o ao Simples Nacional - Portal Masculino de Moda, Beleza, Luxo and Business - Angel Boss","og_description":"O Comit\u00ea Gestor do Simples Nacional antecipou para setembro de 2026 a op\u00e7\u00e3o pelo Simples Nacional e a escolha para a sistem\u00e1tica de apura\u00e7\u00e3o e recolhimento do Imposto sobre Bens e Servi\u00e7os (IBS) e da Contribui\u00e7\u00e3o Social sobre Bens e Servi\u00e7os (CBS).","og_url":"https:\/\/angelboss.com.br\/en\/2026\/04\/29\/326236-governo-altera-data-para-adesao-ao-simples-nacional\/","og_site_name":"Portal Masculino de Moda, Beleza, Luxo and Business - Angel Boss","article_published_time":"2026-04-29T00:00:00+00:00","og_image":[{"url":"https:\/\/api.dino.com.br\/v2\/news\/tr\/326236?partnerId=4593","type":"","width":"","height":""}],"author":"DINO","twitter_card":"summary_large_image","twitter_misc":{"Written by":"DINO","Est. reading time":"3 minutes"},"schema":{"@context":"https:\/\/schema.org","@graph":[{"@type":"Article","@id":"https:\/\/angelboss.com.br\/2026\/04\/29\/326236-governo-altera-data-para-adesao-ao-simples-nacional\/#article","isPartOf":{"@id":"https:\/\/angelboss.com.br\/2026\/04\/29\/326236-governo-altera-data-para-adesao-ao-simples-nacional\/"},"author":{"name":"DINO","@id":"https:\/\/angelboss.com.br\/en\/#\/schema\/person\/b6676b8d991f97199ef2d5b8e5c2d8a5"},"headline":"Governo altera data para ades\u00e3o ao Simples Nacional","datePublished":"2026-04-29T00:00:00+00:00","mainEntityOfPage":{"@id":"https:\/\/angelboss.com.br\/2026\/04\/29\/326236-governo-altera-data-para-adesao-ao-simples-nacional\/"},"wordCount":538,"commentCount":0,"publisher":{"@id":"https:\/\/angelboss.com.br\/en\/#organization"},"image":{"@id":"https:\/\/angelboss.com.br\/2026\/04\/29\/326236-governo-altera-data-para-adesao-ao-simples-nacional\/#primaryimage"},"thumbnailUrl":"http:\/\/angelboss.com.br\/wp-content\/uploads\/2026\/04\/9ef0ebae-d35e-43b0-a61c-b91ecfbcf67e.jpg","keywords":["ECONOMIA","EMPREENDEDORISMO","IND\u00daSTRIAS","NEG\u00d3CIOS","SOCIEDADE"],"articleSection":["Not\u00edcias Corporativas"],"inLanguage":"en-US","potentialAction":[{"@type":"CommentAction","name":"Comment","target":["https:\/\/angelboss.com.br\/2026\/04\/29\/326236-governo-altera-data-para-adesao-ao-simples-nacional\/#respond"]}]},{"@type":"WebPage","@id":"https:\/\/angelboss.com.br\/2026\/04\/29\/326236-governo-altera-data-para-adesao-ao-simples-nacional\/","url":"https:\/\/angelboss.com.br\/2026\/04\/29\/326236-governo-altera-data-para-adesao-ao-simples-nacional\/","name":"Governo altera data para ades\u00e3o ao Simples Nacional - Portal Masculino de Moda, Beleza, Luxo and Business - Angel Boss","isPartOf":{"@id":"https:\/\/angelboss.com.br\/en\/#website"},"primaryImageOfPage":{"@id":"https:\/\/angelboss.com.br\/2026\/04\/29\/326236-governo-altera-data-para-adesao-ao-simples-nacional\/#primaryimage"},"image":{"@id":"https:\/\/angelboss.com.br\/2026\/04\/29\/326236-governo-altera-data-para-adesao-ao-simples-nacional\/#primaryimage"},"thumbnailUrl":"http:\/\/angelboss.com.br\/wp-content\/uploads\/2026\/04\/9ef0ebae-d35e-43b0-a61c-b91ecfbcf67e.jpg","datePublished":"2026-04-29T00:00:00+00:00","breadcrumb":{"@id":"https:\/\/angelboss.com.br\/2026\/04\/29\/326236-governo-altera-data-para-adesao-ao-simples-nacional\/#breadcrumb"},"inLanguage":"en-US","potentialAction":[{"@type":"ReadAction","target":["https:\/\/angelboss.com.br\/2026\/04\/29\/326236-governo-altera-data-para-adesao-ao-simples-nacional\/"]}]},{"@type":"ImageObject","inLanguage":"en-US","@id":"https:\/\/angelboss.com.br\/2026\/04\/29\/326236-governo-altera-data-para-adesao-ao-simples-nacional\/#primaryimage","url":"http:\/\/angelboss.com.br\/wp-content\/uploads\/2026\/04\/9ef0ebae-d35e-43b0-a61c-b91ecfbcf67e.jpg","contentUrl":"http:\/\/angelboss.com.br\/wp-content\/uploads\/2026\/04\/9ef0ebae-d35e-43b0-a61c-b91ecfbcf67e.jpg","width":1199,"height":800,"caption":"Governo altera data para ades\u00e3o ao Simples Nacional"},{"@type":"BreadcrumbList","@id":"https:\/\/angelboss.com.br\/2026\/04\/29\/326236-governo-altera-data-para-adesao-ao-simples-nacional\/#breadcrumb","itemListElement":[{"@type":"ListItem","position":1,"name":"In\u00edcio","item":"https:\/\/angelboss.com.br\/en\/"},{"@type":"ListItem","position":2,"name":"Governo altera data para ades\u00e3o ao Simples Nacional"}]},{"@type":"WebSite","@id":"https:\/\/angelboss.com.br\/en\/#website","url":"https:\/\/angelboss.com.br\/en\/","name":"Portal Masculino de Moda, Beleza, Luxo e Business - Angel Boss","description":"O Maior Portal sobre Moda, Luxo, Beleza e Business Masculino do Brasil","publisher":{"@id":"https:\/\/angelboss.com.br\/en\/#organization"},"alternateName":"Maior Portal e Blog de Beleza Masculina e Luxo","potentialAction":[{"@type":"SearchAction","target":{"@type":"EntryPoint","urlTemplate":"https:\/\/angelboss.com.br\/en\/?s={search_term_string}"},"query-input":{"@type":"PropertyValueSpecification","valueRequired":true,"valueName":"search_term_string"}}],"inLanguage":"en-US"},{"@type":"Organization","@id":"https:\/\/angelboss.com.br\/en\/#organization","name":"Portal Masculino de Moda, Beleza, Luxo and Business - Angel Boss","url":"https:\/\/angelboss.com.br\/en\/","logo":{"@type":"ImageObject","inLanguage":"en-US","@id":"https:\/\/angelboss.com.br\/en\/#\/schema\/logo\/image\/","url":"http:\/\/angelboss.com.br\/wp-content\/uploads\/2025\/12\/WhatsApp-Image-2025-12-11-at-12.54.26.jpeg","contentUrl":"http:\/\/angelboss.com.br\/wp-content\/uploads\/2025\/12\/WhatsApp-Image-2025-12-11-at-12.54.26.jpeg","width":1280,"height":1280,"caption":"Portal Masculino de Moda, Beleza, Luxo and Business - Angel Boss"},"image":{"@id":"https:\/\/angelboss.com.br\/en\/#\/schema\/logo\/image\/"}},{"@type":"Person","@id":"https:\/\/angelboss.com.br\/en\/#\/schema\/person\/b6676b8d991f97199ef2d5b8e5c2d8a5","name":"DINO","image":{"@type":"ImageObject","inLanguage":"en-US","@id":"https:\/\/secure.gravatar.com\/avatar\/f29568383aedf96da155b6f87103b0e04b1c662f982055cda25086444ab33ff8?s=96&d=mm&r=g","url":"https:\/\/secure.gravatar.com\/avatar\/f29568383aedf96da155b6f87103b0e04b1c662f982055cda25086444ab33ff8?s=96&d=mm&r=g","contentUrl":"https:\/\/secure.gravatar.com\/avatar\/f29568383aedf96da155b6f87103b0e04b1c662f982055cda25086444ab33ff8?s=96&d=mm&r=g","caption":"DINO"},"url":"http:\/\/angelboss.com.br\/en\/author\/DINO\/"}]}},"amp_enabled":true,"_links":{"self":[{"href":"http:\/\/angelboss.com.br\/en\/wp-json\/wp\/v2\/posts\/20757","targetHints":{"allow":["GET"]}}],"collection":[{"href":"http:\/\/angelboss.com.br\/en\/wp-json\/wp\/v2\/posts"}],"about":[{"href":"http:\/\/angelboss.com.br\/en\/wp-json\/wp\/v2\/types\/post"}],"author":[{"embeddable":true,"href":"http:\/\/angelboss.com.br\/en\/wp-json\/wp\/v2\/users\/3"}],"replies":[{"embeddable":true,"href":"http:\/\/angelboss.com.br\/en\/wp-json\/wp\/v2\/comments?post=20757"}],"version-history":[{"count":0,"href":"http:\/\/angelboss.com.br\/en\/wp-json\/wp\/v2\/posts\/20757\/revisions"}],"wp:featuredmedia":[{"embeddable":true,"href":"http:\/\/angelboss.com.br\/en\/wp-json\/wp\/v2\/media\/20758"}],"wp:attachment":[{"href":"http:\/\/angelboss.com.br\/en\/wp-json\/wp\/v2\/media?parent=20757"}],"wp:term":[{"taxonomy":"category","embeddable":true,"href":"http:\/\/angelboss.com.br\/en\/wp-json\/wp\/v2\/categories?post=20757"},{"taxonomy":"post_tag","embeddable":true,"href":"http:\/\/angelboss.com.br\/en\/wp-json\/wp\/v2\/tags?post=20757"}],"curies":[{"name":"wp","href":"https:\/\/api.w.org\/{rel}","templated":true}]}}