{"id":20665,"date":"2026-04-28T19:23:34","date_gmt":"2026-04-28T19:23:34","guid":{"rendered":"https:\/\/angelboss.com.br\/?p=20665"},"modified":"2026-04-28T19:23:37","modified_gmt":"2026-04-28T19:23:37","slug":"37-bienal-de-sao-paulo-curadores-chefes-amanda-carneiro-raphael-fonseca","status":"publish","type":"post","link":"http:\/\/angelboss.com.br\/en\/2026\/04\/28\/37-bienal-de-sao-paulo-curadores-chefes-amanda-carneiro-raphael-fonseca\/","title":{"rendered":"Funda\u00e7\u00e3o Bienal de S\u00e3o Paulo anuncia Amanda Carneiro e Raphael Fonseca como curadores-chefes da 37\u00aa Bienal de S\u00e3o Paulo"},"content":{"rendered":"<p><em>Com trajet\u00f3rias constru\u00eddas entre o Brasil e os principais eventos e institui\u00e7\u00f5es de arte do mundo, a dupla assume a curadoria da edi\u00e7\u00e3o prevista para 2027 no Pavilh\u00e3o Ciccillo Matarazzo<\/em><\/p>\n\n\n\n<p>A Funda\u00e7\u00e3o Bienal de S\u00e3o Paulo anuncia Amanda Carneiro e Raphael Fonseca como curadores-chefes da 37\u00aa Bienal de S\u00e3o Paulo. Com edi\u00e7\u00e3o prevista para 2027, no Pavilh\u00e3o Ciccillo Matarazzo, no Parque Ibirapuera, a Bienal de S\u00e3o Paulo configura-se como o maior evento de artes visuais da Am\u00e9rica Latina e um dos tr\u00eas mais importantes do mundo, ao lado da Bienal de Veneza e da documenta de Kassel.<\/p>\n\n\n\n<p>Ao longo das \u00faltimas edi\u00e7\u00f5es, a Funda\u00e7\u00e3o Bienal de S\u00e3o Paulo tem apostado em e experimentado diferentes modelos curatoriais, que v\u00e3o de curadores-chefes internacionais a estruturas coletivas sem hierarquia definida, configurando uma altern\u00e2ncia deliberada entre perspectivas externas e vozes enraizadas no Brasil. Nesse contexto, a nomea\u00e7\u00e3o de Amanda Carneiro e Raphael Fonseca assinala um reencontro da institui\u00e7\u00e3o com uma tradi\u00e7\u00e3o curatorial marcadamente brasileira, ao mesmo tempo em que projeta essa tradi\u00e7\u00e3o em di\u00e1logo com debates contempor\u00e2neos e circuitos internacionais.<\/p>\n\n\n\n<p>&#8220;Tenho sido profundamente marcada pelas pr\u00e1ticas art\u00edsticas, debates e encontros que a Bienal de S\u00e3o Paulo torna poss\u00edveis. Estou honrada com esta nomea\u00e7\u00e3o como curadora-chefe e tocada pela possibilidade de desenvolver esta edi\u00e7\u00e3o em S\u00e3o Paulo, cidade que tamb\u00e9m \u00e9 a minha. Tenho tamb\u00e9m grande satisfa\u00e7\u00e3o em realizar este trabalho em parceria com Raphael Fonseca, amigo e colaborador de longa data, e com uma equipe curatorial cujos interesses de pesquisa est\u00e3o \u00e0 altura da escala e da complexidade de uma das mais importantes plataformas para a arte contempor\u00e2nea. Assumir este projeto \u00e9, ao mesmo tempo, uma alegria, um desafio e uma responsabilidade. Estou animada para trabalhar com artistas no desenvolvimento dos projetos, quest\u00f5es e formas de engajamento que dar\u00e3o forma a esta edi\u00e7\u00e3o, e para colaborar de perto com a equipe da Bienal ao longo de todo o processo. Por esta oportunidade \u00fanica, sou grata \u00e0 presidente da Funda\u00e7\u00e3o Bienal de S\u00e3o Paulo, Andrea Pinheiro, bem como ao Conselho da institui\u00e7\u00e3o&#8221;, afirma Amanda Carneiro.<\/p>\n\n\n\n<p>&#8220;A primeira vez que viajei do Rio de Janeiro a S\u00e3o Paulo foi em 2006, justamente para ver pela primeira vez uma bienal de artes visuais, a 27\u00aa Bienal de S\u00e3o Paulo&#8221;, relembra Raphael Fonseca. &#8220;Poder estar no cargo de curador-chefe vinte anos ap\u00f3s esse primeiro encontro com o formato bienal \u00e9 algo que ultrapassa qualquer uma das minhas expectativas e me deixa, francamente, sem palavras. Al\u00e9m disso, poder trabalhar em um projeto desta escala com Amanda Carneiro \u2013 algu\u00e9m com quem j\u00e1 colaborei diversas vezes e que, mais do que uma cocuradora, \u00e9 parte da minha fam\u00edlia de afetos \u2013 me deixa ainda mais estimulado. Mal posso esperar para come\u00e7armos a solidificar nossas ideias junto \u00e0 nossa equipe curatorial, aos artistas e \u00e0s diversas equipes de profissionais que integram a Funda\u00e7\u00e3o Bienal de S\u00e3o Paulo. Sou muito grato pela confian\u00e7a e pela oportunidade concedidas pela presid\u00eancia da institui\u00e7\u00e3o e por seu Conselho&#8221;, celebra.<\/p>\n\n\n\n<p>&#8220;A Bienal de S\u00e3o Paulo tem mais de setenta anos de hist\u00f3ria e, ao longo desse tempo, passou por transforma\u00e7\u00f5es profundas na forma como pensa a curadoria, o p\u00fablico e o seu papel no mundo&#8221;, analisa Andrea Pinheiro, presidente da Funda\u00e7\u00e3o Bienal de S\u00e3o Paulo. &#8220;A escolha de Amanda Carneiro e Raphael Fonseca para a 37\u00aa edi\u00e7\u00e3o \u00e9 parte dessa hist\u00f3ria em movimento. Pela segunda vez, dois curadores brasileiros assumem, juntos e em paridade, a lideran\u00e7a art\u00edstica de uma edi\u00e7\u00e3o. \u00c9 uma decis\u00e3o que nasce de um processo de sele\u00e7\u00e3o criterioso, coletivo e de uma convic\u00e7\u00e3o clara: de que existe, no Brasil, uma gera\u00e7\u00e3o curatorial com o talento, a experi\u00eancia e a vis\u00e3o necess\u00e1rios para manter a Bienal de S\u00e3o Paulo no centro do debate art\u00edstico do nosso tempo&#8221;, afirma.<\/p>","protected":false},"excerpt":{"rendered":"<p>Com trajet\u00f3rias constru\u00eddas entre o Brasil e os principais eventos e institui\u00e7\u00f5es de arte do mundo, a dupla assume a curadoria da edi\u00e7\u00e3o prevista para 2027 no Pavilh\u00e3o Ciccillo Matarazzo A Funda\u00e7\u00e3o Bienal de S\u00e3o Paulo anuncia Amanda Carneiro e Raphael Fonseca como curadores-chefes da 37\u00aa Bienal de S\u00e3o Paulo. Com edi\u00e7\u00e3o prevista para 2027,<\/p>","protected":false},"author":2,"featured_media":20669,"comment_status":"open","ping_status":"open","sticky":false,"template":"","format":"standard","meta":{"footnotes":""},"categories":[3162,2402,168],"tags":[3839,3840],"class_list":{"0":"post-20665","1":"post","2":"type-post","3":"status-publish","4":"format-standard","5":"has-post-thumbnail","7":"category-arte","8":"category-cultura","9":"category-eai-bora-nessa","10":"tag-37a-bienal-de-sao-paulo","11":"tag-amanda-carneiro-e-raphael-fonseca"},"yoast_head":"<!-- This site is optimized with the Yoast SEO plugin v27.5 - https:\/\/yoast.com\/product\/yoast-seo-wordpress\/ -->\n<title>37\u00aa Bienal de S\u00e3o Paulo: Amanda Carneiro e Raphael Fonseca<\/title>\n<meta name=\"description\" content=\"Funda\u00e7\u00e3o Bienal de S\u00e3o Paulo anuncia Amanda Carneiro e Raphael Fonseca como curadores-chefes da 37\u00aa edi\u00e7\u00e3o (2027). Conhe\u00e7a a trajet\u00f3ria da dupla e o processo seletivo.\" \/>\n<meta name=\"robots\" content=\"index, follow, max-snippet:-1, max-image-preview:large, max-video-preview:-1\" \/>\n<link rel=\"canonical\" href=\"https:\/\/angelboss.com.br\/en\/2026\/04\/28\/37-bienal-de-sao-paulo-curadores-chefes-amanda-carneiro-raphael-fonseca\/\" \/>\n<meta property=\"og:locale\" content=\"en_US\" \/>\n<meta property=\"og:type\" content=\"article\" \/>\n<meta property=\"og:title\" content=\"37\u00aa Bienal de S\u00e3o Paulo: Amanda Carneiro e Raphael Fonseca\" \/>\n<meta property=\"og:description\" content=\"Funda\u00e7\u00e3o Bienal de S\u00e3o Paulo anuncia Amanda Carneiro e Raphael Fonseca como curadores-chefes da 37\u00aa edi\u00e7\u00e3o (2027). Conhe\u00e7a a trajet\u00f3ria da dupla e o processo seletivo.\" \/>\n<meta property=\"og:url\" content=\"https:\/\/angelboss.com.br\/en\/2026\/04\/28\/37-bienal-de-sao-paulo-curadores-chefes-amanda-carneiro-raphael-fonseca\/\" \/>\n<meta property=\"og:site_name\" content=\"Portal Masculino de Moda, Beleza, Luxo and Business - Angel Boss\" \/>\n<meta property=\"article:published_time\" content=\"2026-04-28T19:23:34+00:00\" \/>\n<meta property=\"article:modified_time\" content=\"2026-04-28T19:23:37+00:00\" \/>\n<meta property=\"og:image\" content=\"http:\/\/angelboss.com.br\/wp-content\/uploads\/2026\/04\/Amanda-Carneiro-e-and-Raphael-Fonseca-curadores-chefes-da-chief-curators-of-the-37a-Bienal-de-Sao-Paulo-\u00a9-Fe-Avila-_-Fundacao-Bienal-de-Sao-Paulo-scaled.jpg\" \/>\n\t<meta property=\"og:image:width\" content=\"2560\" \/>\n\t<meta property=\"og:image:height\" content=\"1698\" \/>\n\t<meta property=\"og:image:type\" content=\"image\/jpeg\" \/>\n<meta name=\"author\" content=\"Neto Angel Boss\" \/>\n<meta name=\"twitter:card\" content=\"summary_large_image\" \/>\n<meta name=\"twitter:label1\" content=\"Written by\" \/>\n\t<meta name=\"twitter:data1\" content=\"Neto Angel Boss\" \/>\n\t<meta name=\"twitter:label2\" content=\"Est. reading time\" \/>\n\t<meta name=\"twitter:data2\" content=\"4 minutes\" \/>\n<script type=\"application\/ld+json\" class=\"yoast-schema-graph\">{\"@context\":\"https:\\\/\\\/schema.org\",\"@graph\":[{\"@type\":\"Article\",\"@id\":\"https:\\\/\\\/angelboss.com.br\\\/2026\\\/04\\\/28\\\/37-bienal-de-sao-paulo-curadores-chefes-amanda-carneiro-raphael-fonseca\\\/#article\",\"isPartOf\":{\"@id\":\"https:\\\/\\\/angelboss.com.br\\\/2026\\\/04\\\/28\\\/37-bienal-de-sao-paulo-curadores-chefes-amanda-carneiro-raphael-fonseca\\\/\"},\"author\":{\"name\":\"Neto Angel Boss\",\"@id\":\"https:\\\/\\\/angelboss.com.br\\\/en\\\/#\\\/schema\\\/person\\\/af084936b46cf2e03f299183e429e350\"},\"headline\":\"Funda\u00e7\u00e3o Bienal de S\u00e3o Paulo anuncia Amanda Carneiro e Raphael Fonseca como curadores-chefes da 37\u00aa Bienal de S\u00e3o Paulo\",\"datePublished\":\"2026-04-28T19:23:34+00:00\",\"dateModified\":\"2026-04-28T19:23:37+00:00\",\"mainEntityOfPage\":{\"@id\":\"https:\\\/\\\/angelboss.com.br\\\/2026\\\/04\\\/28\\\/37-bienal-de-sao-paulo-curadores-chefes-amanda-carneiro-raphael-fonseca\\\/\"},\"wordCount\":702,\"commentCount\":0,\"publisher\":{\"@id\":\"https:\\\/\\\/angelboss.com.br\\\/en\\\/#organization\"},\"image\":{\"@id\":\"https:\\\/\\\/angelboss.com.br\\\/2026\\\/04\\\/28\\\/37-bienal-de-sao-paulo-curadores-chefes-amanda-carneiro-raphael-fonseca\\\/#primaryimage\"},\"thumbnailUrl\":\"http:\\\/\\\/angelboss.com.br\\\/wp-content\\\/uploads\\\/2026\\\/04\\\/Amanda-Carneiro-e-and-Raphael-Fonseca-curadores-chefes-da-chief-curators-of-the-37a-Bienal-de-Sao-Paulo-\u00a9-Fe-Avila-_-Fundacao-Bienal-de-Sao-Paulo-scaled.jpg\",\"keywords\":[\"37\u00aa Bienal de S\u00e3o Paulo\",\"Amanda Carneiro e Raphael Fonseca\"],\"articleSection\":[\"ARTE\",\"Cultura\",\"EA\u00cd, BORA NESSA?\"],\"inLanguage\":\"en-US\",\"potentialAction\":[{\"@type\":\"CommentAction\",\"name\":\"Comment\",\"target\":[\"https:\\\/\\\/angelboss.com.br\\\/2026\\\/04\\\/28\\\/37-bienal-de-sao-paulo-curadores-chefes-amanda-carneiro-raphael-fonseca\\\/#respond\"]}]},{\"@type\":\"WebPage\",\"@id\":\"https:\\\/\\\/angelboss.com.br\\\/2026\\\/04\\\/28\\\/37-bienal-de-sao-paulo-curadores-chefes-amanda-carneiro-raphael-fonseca\\\/\",\"url\":\"https:\\\/\\\/angelboss.com.br\\\/2026\\\/04\\\/28\\\/37-bienal-de-sao-paulo-curadores-chefes-amanda-carneiro-raphael-fonseca\\\/\",\"name\":\"37\u00aa Bienal de S\u00e3o Paulo: Amanda Carneiro e Raphael Fonseca\",\"isPartOf\":{\"@id\":\"https:\\\/\\\/angelboss.com.br\\\/en\\\/#website\"},\"primaryImageOfPage\":{\"@id\":\"https:\\\/\\\/angelboss.com.br\\\/2026\\\/04\\\/28\\\/37-bienal-de-sao-paulo-curadores-chefes-amanda-carneiro-raphael-fonseca\\\/#primaryimage\"},\"image\":{\"@id\":\"https:\\\/\\\/angelboss.com.br\\\/2026\\\/04\\\/28\\\/37-bienal-de-sao-paulo-curadores-chefes-amanda-carneiro-raphael-fonseca\\\/#primaryimage\"},\"thumbnailUrl\":\"http:\\\/\\\/angelboss.com.br\\\/wp-content\\\/uploads\\\/2026\\\/04\\\/Amanda-Carneiro-e-and-Raphael-Fonseca-curadores-chefes-da-chief-curators-of-the-37a-Bienal-de-Sao-Paulo-\u00a9-Fe-Avila-_-Fundacao-Bienal-de-Sao-Paulo-scaled.jpg\",\"datePublished\":\"2026-04-28T19:23:34+00:00\",\"dateModified\":\"2026-04-28T19:23:37+00:00\",\"description\":\"Funda\u00e7\u00e3o Bienal de S\u00e3o Paulo anuncia Amanda Carneiro e Raphael Fonseca como curadores-chefes da 37\u00aa edi\u00e7\u00e3o (2027). Conhe\u00e7a a trajet\u00f3ria da dupla e o processo seletivo.\",\"breadcrumb\":{\"@id\":\"https:\\\/\\\/angelboss.com.br\\\/2026\\\/04\\\/28\\\/37-bienal-de-sao-paulo-curadores-chefes-amanda-carneiro-raphael-fonseca\\\/#breadcrumb\"},\"inLanguage\":\"en-US\",\"potentialAction\":[{\"@type\":\"ReadAction\",\"target\":[\"https:\\\/\\\/angelboss.com.br\\\/2026\\\/04\\\/28\\\/37-bienal-de-sao-paulo-curadores-chefes-amanda-carneiro-raphael-fonseca\\\/\"]}]},{\"@type\":\"ImageObject\",\"inLanguage\":\"en-US\",\"@id\":\"https:\\\/\\\/angelboss.com.br\\\/2026\\\/04\\\/28\\\/37-bienal-de-sao-paulo-curadores-chefes-amanda-carneiro-raphael-fonseca\\\/#primaryimage\",\"url\":\"http:\\\/\\\/angelboss.com.br\\\/wp-content\\\/uploads\\\/2026\\\/04\\\/Amanda-Carneiro-e-and-Raphael-Fonseca-curadores-chefes-da-chief-curators-of-the-37a-Bienal-de-Sao-Paulo-\u00a9-Fe-Avila-_-Fundacao-Bienal-de-Sao-Paulo-scaled.jpg\",\"contentUrl\":\"http:\\\/\\\/angelboss.com.br\\\/wp-content\\\/uploads\\\/2026\\\/04\\\/Amanda-Carneiro-e-and-Raphael-Fonseca-curadores-chefes-da-chief-curators-of-the-37a-Bienal-de-Sao-Paulo-\u00a9-Fe-Avila-_-Fundacao-Bienal-de-Sao-Paulo-scaled.jpg\",\"width\":2560,\"height\":1698,\"caption\":\"Imagem\\\/Divulga\u00e7\u00e3o\"},{\"@type\":\"BreadcrumbList\",\"@id\":\"https:\\\/\\\/angelboss.com.br\\\/2026\\\/04\\\/28\\\/37-bienal-de-sao-paulo-curadores-chefes-amanda-carneiro-raphael-fonseca\\\/#breadcrumb\",\"itemListElement\":[{\"@type\":\"ListItem\",\"position\":1,\"name\":\"In\u00edcio\",\"item\":\"https:\\\/\\\/angelboss.com.br\\\/en\\\/\"},{\"@type\":\"ListItem\",\"position\":2,\"name\":\"Funda\u00e7\u00e3o Bienal de S\u00e3o Paulo anuncia Amanda Carneiro e Raphael Fonseca como curadores-chefes da 37\u00aa Bienal de S\u00e3o Paulo\"}]},{\"@type\":\"WebSite\",\"@id\":\"https:\\\/\\\/angelboss.com.br\\\/en\\\/#website\",\"url\":\"https:\\\/\\\/angelboss.com.br\\\/en\\\/\",\"name\":\"Portal Masculino de Moda, Beleza, Luxo e Business - Angel Boss\",\"description\":\"O Maior Portal sobre Moda, Luxo, Beleza e Business Masculino do Brasil\",\"publisher\":{\"@id\":\"https:\\\/\\\/angelboss.com.br\\\/en\\\/#organization\"},\"alternateName\":\"Maior Portal e Blog de Beleza Masculina e Luxo\",\"potentialAction\":[{\"@type\":\"SearchAction\",\"target\":{\"@type\":\"EntryPoint\",\"urlTemplate\":\"https:\\\/\\\/angelboss.com.br\\\/en\\\/?s={search_term_string}\"},\"query-input\":{\"@type\":\"PropertyValueSpecification\",\"valueRequired\":true,\"valueName\":\"search_term_string\"}}],\"inLanguage\":\"en-US\"},{\"@type\":\"Organization\",\"@id\":\"https:\\\/\\\/angelboss.com.br\\\/en\\\/#organization\",\"name\":\"Portal Masculino de Moda, Beleza, Luxo and Business - Angel Boss\",\"url\":\"https:\\\/\\\/angelboss.com.br\\\/en\\\/\",\"logo\":{\"@type\":\"ImageObject\",\"inLanguage\":\"en-US\",\"@id\":\"https:\\\/\\\/angelboss.com.br\\\/en\\\/#\\\/schema\\\/logo\\\/image\\\/\",\"url\":\"http:\\\/\\\/angelboss.com.br\\\/wp-content\\\/uploads\\\/2025\\\/12\\\/WhatsApp-Image-2025-12-11-at-12.54.26.jpeg\",\"contentUrl\":\"http:\\\/\\\/angelboss.com.br\\\/wp-content\\\/uploads\\\/2025\\\/12\\\/WhatsApp-Image-2025-12-11-at-12.54.26.jpeg\",\"width\":1280,\"height\":1280,\"caption\":\"Portal Masculino de Moda, Beleza, Luxo and Business - Angel Boss\"},\"image\":{\"@id\":\"https:\\\/\\\/angelboss.com.br\\\/en\\\/#\\\/schema\\\/logo\\\/image\\\/\"}},{\"@type\":\"Person\",\"@id\":\"https:\\\/\\\/angelboss.com.br\\\/en\\\/#\\\/schema\\\/person\\\/af084936b46cf2e03f299183e429e350\",\"name\":\"Neto Angel Boss\",\"image\":{\"@type\":\"ImageObject\",\"inLanguage\":\"en-US\",\"@id\":\"https:\\\/\\\/secure.gravatar.com\\\/avatar\\\/dbb38b2050e5181e32afbccf458635967af0767d15abe8168b35ebbd97907289?s=96&d=mm&r=g\",\"url\":\"https:\\\/\\\/secure.gravatar.com\\\/avatar\\\/dbb38b2050e5181e32afbccf458635967af0767d15abe8168b35ebbd97907289?s=96&d=mm&r=g\",\"contentUrl\":\"https:\\\/\\\/secure.gravatar.com\\\/avatar\\\/dbb38b2050e5181e32afbccf458635967af0767d15abe8168b35ebbd97907289?s=96&d=mm&r=g\",\"caption\":\"Neto Angel Boss\"},\"sameAs\":[\"http:\\\/\\\/www.angelboss.com\"],\"url\":\"http:\\\/\\\/angelboss.com.br\\\/en\\\/author\\\/netoangelboss\\\/\"}]}<\/script>\n<!-- \/ Yoast SEO plugin. -->","yoast_head_json":{"title":"37\u00aa Bienal de S\u00e3o Paulo: Amanda Carneiro e Raphael Fonseca","description":"Funda\u00e7\u00e3o Bienal de S\u00e3o Paulo anuncia Amanda Carneiro e Raphael Fonseca como curadores-chefes da 37\u00aa edi\u00e7\u00e3o (2027). Conhe\u00e7a a trajet\u00f3ria da dupla e o processo seletivo.","robots":{"index":"index","follow":"follow","max-snippet":"max-snippet:-1","max-image-preview":"max-image-preview:large","max-video-preview":"max-video-preview:-1"},"canonical":"https:\/\/angelboss.com.br\/en\/2026\/04\/28\/37-bienal-de-sao-paulo-curadores-chefes-amanda-carneiro-raphael-fonseca\/","og_locale":"en_US","og_type":"article","og_title":"37\u00aa Bienal de S\u00e3o Paulo: Amanda Carneiro e Raphael Fonseca","og_description":"Funda\u00e7\u00e3o Bienal de S\u00e3o Paulo anuncia Amanda Carneiro e Raphael Fonseca como curadores-chefes da 37\u00aa edi\u00e7\u00e3o (2027). Conhe\u00e7a a trajet\u00f3ria da dupla e o processo seletivo.","og_url":"https:\/\/angelboss.com.br\/en\/2026\/04\/28\/37-bienal-de-sao-paulo-curadores-chefes-amanda-carneiro-raphael-fonseca\/","og_site_name":"Portal Masculino de Moda, Beleza, Luxo and Business - Angel Boss","article_published_time":"2026-04-28T19:23:34+00:00","article_modified_time":"2026-04-28T19:23:37+00:00","og_image":[{"width":2560,"height":1698,"url":"http:\/\/angelboss.com.br\/wp-content\/uploads\/2026\/04\/Amanda-Carneiro-e-and-Raphael-Fonseca-curadores-chefes-da-chief-curators-of-the-37a-Bienal-de-Sao-Paulo-\u00a9-Fe-Avila-_-Fundacao-Bienal-de-Sao-Paulo-scaled.jpg","type":"image\/jpeg"}],"author":"Neto Angel Boss","twitter_card":"summary_large_image","twitter_misc":{"Written by":"Neto Angel Boss","Est. reading time":"4 minutes"},"schema":{"@context":"https:\/\/schema.org","@graph":[{"@type":"Article","@id":"https:\/\/angelboss.com.br\/2026\/04\/28\/37-bienal-de-sao-paulo-curadores-chefes-amanda-carneiro-raphael-fonseca\/#article","isPartOf":{"@id":"https:\/\/angelboss.com.br\/2026\/04\/28\/37-bienal-de-sao-paulo-curadores-chefes-amanda-carneiro-raphael-fonseca\/"},"author":{"name":"Neto Angel Boss","@id":"https:\/\/angelboss.com.br\/en\/#\/schema\/person\/af084936b46cf2e03f299183e429e350"},"headline":"Funda\u00e7\u00e3o Bienal de S\u00e3o Paulo anuncia Amanda Carneiro e Raphael Fonseca como curadores-chefes da 37\u00aa Bienal de S\u00e3o Paulo","datePublished":"2026-04-28T19:23:34+00:00","dateModified":"2026-04-28T19:23:37+00:00","mainEntityOfPage":{"@id":"https:\/\/angelboss.com.br\/2026\/04\/28\/37-bienal-de-sao-paulo-curadores-chefes-amanda-carneiro-raphael-fonseca\/"},"wordCount":702,"commentCount":0,"publisher":{"@id":"https:\/\/angelboss.com.br\/en\/#organization"},"image":{"@id":"https:\/\/angelboss.com.br\/2026\/04\/28\/37-bienal-de-sao-paulo-curadores-chefes-amanda-carneiro-raphael-fonseca\/#primaryimage"},"thumbnailUrl":"http:\/\/angelboss.com.br\/wp-content\/uploads\/2026\/04\/Amanda-Carneiro-e-and-Raphael-Fonseca-curadores-chefes-da-chief-curators-of-the-37a-Bienal-de-Sao-Paulo-\u00a9-Fe-Avila-_-Fundacao-Bienal-de-Sao-Paulo-scaled.jpg","keywords":["37\u00aa Bienal de S\u00e3o Paulo","Amanda Carneiro e Raphael Fonseca"],"articleSection":["ARTE","Cultura","EA\u00cd, BORA NESSA?"],"inLanguage":"en-US","potentialAction":[{"@type":"CommentAction","name":"Comment","target":["https:\/\/angelboss.com.br\/2026\/04\/28\/37-bienal-de-sao-paulo-curadores-chefes-amanda-carneiro-raphael-fonseca\/#respond"]}]},{"@type":"WebPage","@id":"https:\/\/angelboss.com.br\/2026\/04\/28\/37-bienal-de-sao-paulo-curadores-chefes-amanda-carneiro-raphael-fonseca\/","url":"https:\/\/angelboss.com.br\/2026\/04\/28\/37-bienal-de-sao-paulo-curadores-chefes-amanda-carneiro-raphael-fonseca\/","name":"37\u00aa Bienal de S\u00e3o Paulo: Amanda Carneiro e Raphael Fonseca","isPartOf":{"@id":"https:\/\/angelboss.com.br\/en\/#website"},"primaryImageOfPage":{"@id":"https:\/\/angelboss.com.br\/2026\/04\/28\/37-bienal-de-sao-paulo-curadores-chefes-amanda-carneiro-raphael-fonseca\/#primaryimage"},"image":{"@id":"https:\/\/angelboss.com.br\/2026\/04\/28\/37-bienal-de-sao-paulo-curadores-chefes-amanda-carneiro-raphael-fonseca\/#primaryimage"},"thumbnailUrl":"http:\/\/angelboss.com.br\/wp-content\/uploads\/2026\/04\/Amanda-Carneiro-e-and-Raphael-Fonseca-curadores-chefes-da-chief-curators-of-the-37a-Bienal-de-Sao-Paulo-\u00a9-Fe-Avila-_-Fundacao-Bienal-de-Sao-Paulo-scaled.jpg","datePublished":"2026-04-28T19:23:34+00:00","dateModified":"2026-04-28T19:23:37+00:00","description":"Funda\u00e7\u00e3o Bienal de S\u00e3o Paulo anuncia Amanda Carneiro e Raphael Fonseca como curadores-chefes da 37\u00aa edi\u00e7\u00e3o (2027). Conhe\u00e7a a trajet\u00f3ria da dupla e o processo seletivo.","breadcrumb":{"@id":"https:\/\/angelboss.com.br\/2026\/04\/28\/37-bienal-de-sao-paulo-curadores-chefes-amanda-carneiro-raphael-fonseca\/#breadcrumb"},"inLanguage":"en-US","potentialAction":[{"@type":"ReadAction","target":["https:\/\/angelboss.com.br\/2026\/04\/28\/37-bienal-de-sao-paulo-curadores-chefes-amanda-carneiro-raphael-fonseca\/"]}]},{"@type":"ImageObject","inLanguage":"en-US","@id":"https:\/\/angelboss.com.br\/2026\/04\/28\/37-bienal-de-sao-paulo-curadores-chefes-amanda-carneiro-raphael-fonseca\/#primaryimage","url":"http:\/\/angelboss.com.br\/wp-content\/uploads\/2026\/04\/Amanda-Carneiro-e-and-Raphael-Fonseca-curadores-chefes-da-chief-curators-of-the-37a-Bienal-de-Sao-Paulo-\u00a9-Fe-Avila-_-Fundacao-Bienal-de-Sao-Paulo-scaled.jpg","contentUrl":"http:\/\/angelboss.com.br\/wp-content\/uploads\/2026\/04\/Amanda-Carneiro-e-and-Raphael-Fonseca-curadores-chefes-da-chief-curators-of-the-37a-Bienal-de-Sao-Paulo-\u00a9-Fe-Avila-_-Fundacao-Bienal-de-Sao-Paulo-scaled.jpg","width":2560,"height":1698,"caption":"Imagem\/Divulga\u00e7\u00e3o"},{"@type":"BreadcrumbList","@id":"https:\/\/angelboss.com.br\/2026\/04\/28\/37-bienal-de-sao-paulo-curadores-chefes-amanda-carneiro-raphael-fonseca\/#breadcrumb","itemListElement":[{"@type":"ListItem","position":1,"name":"In\u00edcio","item":"https:\/\/angelboss.com.br\/en\/"},{"@type":"ListItem","position":2,"name":"Funda\u00e7\u00e3o Bienal de S\u00e3o Paulo anuncia Amanda Carneiro e Raphael Fonseca como curadores-chefes da 37\u00aa Bienal de S\u00e3o Paulo"}]},{"@type":"WebSite","@id":"https:\/\/angelboss.com.br\/en\/#website","url":"https:\/\/angelboss.com.br\/en\/","name":"Portal Masculino de Moda, Beleza, Luxo e Business - Angel Boss","description":"O Maior Portal sobre Moda, Luxo, Beleza e Business Masculino do Brasil","publisher":{"@id":"https:\/\/angelboss.com.br\/en\/#organization"},"alternateName":"Maior Portal e Blog de Beleza Masculina e Luxo","potentialAction":[{"@type":"SearchAction","target":{"@type":"EntryPoint","urlTemplate":"https:\/\/angelboss.com.br\/en\/?s={search_term_string}"},"query-input":{"@type":"PropertyValueSpecification","valueRequired":true,"valueName":"search_term_string"}}],"inLanguage":"en-US"},{"@type":"Organization","@id":"https:\/\/angelboss.com.br\/en\/#organization","name":"Portal Masculino de Moda, Beleza, Luxo and Business - Angel Boss","url":"https:\/\/angelboss.com.br\/en\/","logo":{"@type":"ImageObject","inLanguage":"en-US","@id":"https:\/\/angelboss.com.br\/en\/#\/schema\/logo\/image\/","url":"http:\/\/angelboss.com.br\/wp-content\/uploads\/2025\/12\/WhatsApp-Image-2025-12-11-at-12.54.26.jpeg","contentUrl":"http:\/\/angelboss.com.br\/wp-content\/uploads\/2025\/12\/WhatsApp-Image-2025-12-11-at-12.54.26.jpeg","width":1280,"height":1280,"caption":"Portal Masculino de Moda, Beleza, Luxo and Business - Angel Boss"},"image":{"@id":"https:\/\/angelboss.com.br\/en\/#\/schema\/logo\/image\/"}},{"@type":"Person","@id":"https:\/\/angelboss.com.br\/en\/#\/schema\/person\/af084936b46cf2e03f299183e429e350","name":"Neto Angel Boss","image":{"@type":"ImageObject","inLanguage":"en-US","@id":"https:\/\/secure.gravatar.com\/avatar\/dbb38b2050e5181e32afbccf458635967af0767d15abe8168b35ebbd97907289?s=96&d=mm&r=g","url":"https:\/\/secure.gravatar.com\/avatar\/dbb38b2050e5181e32afbccf458635967af0767d15abe8168b35ebbd97907289?s=96&d=mm&r=g","contentUrl":"https:\/\/secure.gravatar.com\/avatar\/dbb38b2050e5181e32afbccf458635967af0767d15abe8168b35ebbd97907289?s=96&d=mm&r=g","caption":"Neto Angel Boss"},"sameAs":["http:\/\/www.angelboss.com"],"url":"http:\/\/angelboss.com.br\/en\/author\/netoangelboss\/"}]}},"amp_enabled":true,"_links":{"self":[{"href":"http:\/\/angelboss.com.br\/en\/wp-json\/wp\/v2\/posts\/20665","targetHints":{"allow":["GET"]}}],"collection":[{"href":"http:\/\/angelboss.com.br\/en\/wp-json\/wp\/v2\/posts"}],"about":[{"href":"http:\/\/angelboss.com.br\/en\/wp-json\/wp\/v2\/types\/post"}],"author":[{"embeddable":true,"href":"http:\/\/angelboss.com.br\/en\/wp-json\/wp\/v2\/users\/2"}],"replies":[{"embeddable":true,"href":"http:\/\/angelboss.com.br\/en\/wp-json\/wp\/v2\/comments?post=20665"}],"version-history":[{"count":1,"href":"http:\/\/angelboss.com.br\/en\/wp-json\/wp\/v2\/posts\/20665\/revisions"}],"predecessor-version":[{"id":20670,"href":"http:\/\/angelboss.com.br\/en\/wp-json\/wp\/v2\/posts\/20665\/revisions\/20670"}],"wp:featuredmedia":[{"embeddable":true,"href":"http:\/\/angelboss.com.br\/en\/wp-json\/wp\/v2\/media\/20669"}],"wp:attachment":[{"href":"http:\/\/angelboss.com.br\/en\/wp-json\/wp\/v2\/media?parent=20665"}],"wp:term":[{"taxonomy":"category","embeddable":true,"href":"http:\/\/angelboss.com.br\/en\/wp-json\/wp\/v2\/categories?post=20665"},{"taxonomy":"post_tag","embeddable":true,"href":"http:\/\/angelboss.com.br\/en\/wp-json\/wp\/v2\/tags?post=20665"}],"curies":[{"name":"wp","href":"https:\/\/api.w.org\/{rel}","templated":true}]}}