{"id":20412,"date":"2026-04-27T16:32:21","date_gmt":"2026-04-27T16:32:21","guid":{"rendered":"https:\/\/angelboss.com.br\/?p=20412"},"modified":"2026-04-27T16:32:28","modified_gmt":"2026-04-27T16:32:28","slug":"sabor-e-arte-programacao-abril-2026-queijo-artesanal-vinhos-uruguai","status":"publish","type":"post","link":"http:\/\/angelboss.com.br\/en\/2026\/04\/27\/sabor-e-arte-programacao-abril-2026-queijo-artesanal-vinhos-uruguai\/","title":{"rendered":"Sabor &amp; Arte estreia nova temporada de Que Seja Eterno Enquanto Cure e apresenta epis\u00f3dio especial do Adega Sabor &amp; Arte no Uruguai"},"content":{"rendered":"<p>A programa\u00e7\u00e3o&nbsp;do&nbsp;<strong>Sabor&nbsp;&amp;&nbsp;Arte<\/strong>&nbsp;tem duas&nbsp;estreias nesta ter\u00e7a-feira (28&nbsp;de&nbsp;abril). \u00c0s 18h15,&nbsp;entra&nbsp;no&nbsp;ar a quarta&nbsp;temporada&nbsp;de&nbsp;<strong>Que&nbsp;Seja&nbsp;Eterno&nbsp;Enquanto&nbsp;Cure<\/strong>, atra\u00e7\u00e3o&nbsp;apresentada por Dudu Prado. Mais tarde, \u00e0s 23h, o canal&nbsp;exibe um&nbsp;epis\u00f3dio&nbsp;especial&nbsp;do&nbsp;<strong>Adega&nbsp;Sabor&nbsp;&amp;&nbsp;Arte<\/strong>,&nbsp;dedicado ao cen\u00e1rio vitivin\u00edcola&nbsp;do&nbsp;Uruguai.<\/p>\n\n\n\n<p>Com seis&nbsp;epis\u00f3dios in\u00e9ditos, o programa&nbsp;Que&nbsp;Seja&nbsp;Eterno&nbsp;Enquanto&nbsp;Cure&nbsp;aprofunda sua proposta&nbsp;de&nbsp;explorar o&nbsp;queijo&nbsp;artesanal brasileiro a partir&nbsp;de&nbsp;uma&nbsp;abordagem sens\u00edvel&nbsp;e&nbsp;conectada \u00e0s pessoas&nbsp;e&nbsp;aos territ\u00f3rios.<\/p>\n\n\n\n<p>&nbsp;A&nbsp;nova&nbsp;temporada&nbsp;percorre diferentes regi\u00f5es&nbsp;do&nbsp;pa\u00eds, revelando hist\u00f3rias&nbsp;que&nbsp;evidenciam o&nbsp;queijo como&nbsp;express\u00e3o&nbsp;de&nbsp;cultura, mem\u00f3ria&nbsp;e&nbsp;resist\u00eancia.&nbsp;Entre os&nbsp;destaques&nbsp;est\u00e3o a Bela Fazenda,&nbsp;em Bofete (SP); a&nbsp;Queijaria Velho Pitta,&nbsp;em Itamonte (MG); Leiteria Bocaina,&nbsp;em Areias (SP);&nbsp;e&nbsp;produ\u00e7\u00f5es&nbsp;em Minas Gerais&nbsp;e&nbsp;no&nbsp;Esp\u00edrito Santo.<\/p>\n\n\n\n<p>Na s\u00e9rie, Dudu Prado convida o p\u00fablico a refletir sobre o tempo como&nbsp;elemento&nbsp;essencial na constru\u00e7\u00e3o&nbsp;de&nbsp;identidade&nbsp;e&nbsp;sabor.<\/p>\n\n\n\n<p><strong>Que&nbsp;Seja&nbsp;Eterno&nbsp;Enquanto&nbsp;Cure&nbsp;\u2013 4\u00aa&nbsp;temporada<\/strong><\/p>\n\n\n\n<p>Estreia: 28&nbsp;de&nbsp;abril (ter\u00e7a-feira)<\/p>\n\n\n\n<p>Hor\u00e1rio: 18h15<\/p>\n\n\n\n<figure class=\"wp-block-image is-resized\"><img decoding=\"async\" src=\"https:\/\/s3.us-east-1.wasabisys.com\/wasabi.cse360.com.br\/email-editor-files\/e76a405b-665c-4277-6e2a-08d82a5048c3\/a7b73ab1-8714-4cb6-a137-76d52d3722d3.jpg\" alt=\"\" style=\"aspect-ratio:1.7752299939901068;width:780px;height:auto\"\/><figcaption class=\"wp-element-caption\"><em>Cecilia Aldaz\u00a0e\u00a0Christian Burgos\u00a0no\u00a0Uruguai (Divulga\u00e7\u00e3o)<\/em><\/figcaption><\/figure>\n\n\n\n<p>J\u00e1 a&nbsp;nova&nbsp;edi\u00e7\u00e3o&nbsp;do&nbsp;<strong>Adega&nbsp;Sabor&nbsp;&amp;&nbsp;Arte<\/strong>&nbsp;traz um&nbsp;document\u00e1rio&nbsp;de&nbsp;aproximadamente 52 minutos sobre o&nbsp;Uruguai. Produzido&nbsp;em parceria com a Revista&nbsp;Adega,&nbsp;e&nbsp;exibido mensalmente, o programa prop\u00f5e, a cada&nbsp;edi\u00e7\u00e3o,&nbsp;encontros guiados pelo&nbsp;<strong>publisher Christian Burgos&nbsp;<\/strong>e&nbsp;pela sommeli\u00e8re&nbsp;<strong>Cecilia Aldaz<\/strong>.<\/p>\n\n\n\n<p>Neste&nbsp;epis\u00f3dio&nbsp;especial, a dupla percorre quatro&nbsp;departamentos&nbsp;do&nbsp;pa\u00eds: Col\u00f4nia, Montevid\u00e9u, Canelones&nbsp;e&nbsp;Maldonado. S\u00e3o visitadas seis vin\u00edcolas, nas quais Burgos&nbsp;e&nbsp;Cecilia&nbsp;entrevistam produtores&nbsp;e&nbsp;en\u00f3logos, avaliam r\u00f3tulos com&nbsp;notas da Revista&nbsp;Adega&nbsp;e&nbsp;apresentam sugest\u00f5es&nbsp;de&nbsp;gastronomia&nbsp;e&nbsp;turismo.<\/p>\n\n\n\n<p>O roteiro inclui visitas a Los Cerros&nbsp;de&nbsp;San Juan, fundada&nbsp;em 1854&nbsp;e&nbsp;considerada a mais antiga&nbsp;do&nbsp;Uruguai, al\u00e9m&nbsp;de&nbsp;Pizzorno, Bracco Bosca, Las&nbsp;Espinas, Bodega Oce\u00e2nica Jos\u00e9 Ign\u00e1cio&nbsp;e&nbsp;Bodega Garz\u00f3n. As uvas Tannat, s\u00edmbolo&nbsp;do&nbsp;pa\u00eds,&nbsp;e&nbsp;Albari\u00f1o,&nbsp;em ascens\u00e3o na regi\u00e3o, s\u00e3o&nbsp;destaques da produ\u00e7\u00e3o.&nbsp;<\/p>\n\n\n\n<p>O&nbsp;epis\u00f3dio tamb\u00e9m&nbsp;apresenta&nbsp;passagens por restaurantes&nbsp;de&nbsp;vin\u00edcolas&nbsp;e&nbsp;espa\u00e7os como o Bar Vity,&nbsp;em Montevid\u00e9u. Pontos tur\u00edsticos como Punta Ballena, o Farol&nbsp;de&nbsp;Jos\u00e9 Ignacio&nbsp;e&nbsp;o MACA (Museu&nbsp;de&nbsp;Arte&nbsp;Contempor\u00e2nea Atchugarry) s\u00e3o visitados, assim como os hot\u00e9is Las Liebres&nbsp;e&nbsp;Enjoy.<\/p>\n\n\n\n<p><strong>Adega&nbsp;Sabor&nbsp;&amp;&nbsp;Arte&nbsp;\u2013&nbsp;Uruguai<\/strong><\/p>\n\n\n\n<p>Data: 28&nbsp;de&nbsp;abril (ter\u00e7a-feira)<\/p>\n\n\n\n<p>Hor\u00e1rio: 23h<\/p>","protected":false},"excerpt":{"rendered":"<p>A programa\u00e7\u00e3o&nbsp;do&nbsp;Sabor&nbsp;&amp;&nbsp;Arte&nbsp;tem duas&nbsp;estreias nesta ter\u00e7a-feira (28&nbsp;de&nbsp;abril). \u00c0s 18h15,&nbsp;entra&nbsp;no&nbsp;ar a quarta&nbsp;temporada&nbsp;de&nbsp;Que&nbsp;Seja&nbsp;Eterno&nbsp;Enquanto&nbsp;Cure, atra\u00e7\u00e3o&nbsp;apresentada por Dudu Prado. Mais tarde, \u00e0s 23h, o canal&nbsp;exibe um&nbsp;epis\u00f3dio&nbsp;especial&nbsp;do&nbsp;Adega&nbsp;Sabor&nbsp;&amp;&nbsp;Arte,&nbsp;dedicado ao cen\u00e1rio vitivin\u00edcola&nbsp;do&nbsp;Uruguai. Com seis&nbsp;epis\u00f3dios in\u00e9ditos, o programa&nbsp;Que&nbsp;Seja&nbsp;Eterno&nbsp;Enquanto&nbsp;Cure&nbsp;aprofunda sua proposta&nbsp;de&nbsp;explorar o&nbsp;queijo&nbsp;artesanal brasileiro a partir&nbsp;de&nbsp;uma&nbsp;abordagem sens\u00edvel&nbsp;e&nbsp;conectada \u00e0s pessoas&nbsp;e&nbsp;aos territ\u00f3rios. &nbsp;A&nbsp;nova&nbsp;temporada&nbsp;percorre diferentes regi\u00f5es&nbsp;do&nbsp;pa\u00eds, revelando hist\u00f3rias&nbsp;que&nbsp;evidenciam o&nbsp;queijo como&nbsp;express\u00e3o&nbsp;de&nbsp;cultura, mem\u00f3ria&nbsp;e&nbsp;resist\u00eancia.&nbsp;Entre os&nbsp;destaques&nbsp;est\u00e3o a Bela Fazenda,&nbsp;em Bofete (SP); a&nbsp;Queijaria Velho<\/p>","protected":false},"author":2,"featured_media":20413,"comment_status":"open","ping_status":"open","sticky":false,"template":"","format":"standard","meta":{"footnotes":""},"categories":[3162,168,273],"tags":[3762,3764,3761],"class_list":{"0":"post-20412","1":"post","2":"type-post","3":"status-publish","4":"format-standard","5":"has-post-thumbnail","7":"category-arte","8":"category-eai-bora-nessa","9":"category-viagens","10":"tag-que-seja-eterno-enquanto-cure","11":"tag-especial-adega-no-uruguai","12":"tag-sabor-arte"},"yoast_head":"<!-- This site is optimized with the Yoast SEO plugin v27.4 - https:\/\/yoast.com\/product\/yoast-seo-wordpress\/ -->\n<title>Sabor &amp; Arte: Estreia 4\u00aa Temp de Que Seja Eterno<\/title>\n<meta name=\"description\" content=\"Sabor &amp; Arte estreia nova temporada de &#039;Que Seja Eterno Enquanto Cure&#039; e especial Adega no Uruguai em 28 de abril de 2026. Confira detalhes.\" \/>\n<meta name=\"robots\" content=\"index, follow, max-snippet:-1, max-image-preview:large, max-video-preview:-1\" \/>\n<link rel=\"canonical\" href=\"https:\/\/angelboss.com.br\/en\/2026\/04\/27\/sabor-e-arte-programacao-abril-2026-queijo-artesanal-vinhos-uruguai\/\" \/>\n<meta property=\"og:locale\" content=\"en_US\" \/>\n<meta property=\"og:type\" content=\"article\" \/>\n<meta property=\"og:title\" content=\"Sabor &amp; Arte: Estreia 4\u00aa Temp de Que Seja Eterno\" \/>\n<meta property=\"og:description\" content=\"Sabor &amp; Arte estreia nova temporada de &#039;Que Seja Eterno Enquanto Cure&#039; e especial Adega no Uruguai em 28 de abril de 2026. Confira detalhes.\" \/>\n<meta property=\"og:url\" content=\"https:\/\/angelboss.com.br\/en\/2026\/04\/27\/sabor-e-arte-programacao-abril-2026-queijo-artesanal-vinhos-uruguai\/\" \/>\n<meta property=\"og:site_name\" content=\"Portal Masculino de Moda, Beleza, Luxo and Business - Angel Boss\" \/>\n<meta property=\"article:published_time\" content=\"2026-04-27T16:32:21+00:00\" \/>\n<meta property=\"article:modified_time\" content=\"2026-04-27T16:32:28+00:00\" \/>\n<meta property=\"og:image\" content=\"http:\/\/angelboss.com.br\/wp-content\/uploads\/2026\/04\/1e373886-8189-4997-8699-e0a6cc987980.jpg\" \/>\n\t<meta property=\"og:image:width\" content=\"600\" \/>\n\t<meta property=\"og:image:height\" content=\"338\" \/>\n\t<meta property=\"og:image:type\" content=\"image\/jpeg\" \/>\n<meta name=\"author\" content=\"Neto Angel Boss\" \/>\n<meta name=\"twitter:card\" content=\"summary_large_image\" \/>\n<meta name=\"twitter:label1\" content=\"Written by\" \/>\n\t<meta name=\"twitter:data1\" content=\"Neto Angel Boss\" \/>\n\t<meta name=\"twitter:label2\" content=\"Est. reading time\" \/>\n\t<meta name=\"twitter:data2\" content=\"3 minutes\" \/>\n<script type=\"application\/ld+json\" class=\"yoast-schema-graph\">{\"@context\":\"https:\\\/\\\/schema.org\",\"@graph\":[{\"@type\":\"Article\",\"@id\":\"https:\\\/\\\/angelboss.com.br\\\/2026\\\/04\\\/27\\\/sabor-e-arte-programacao-abril-2026-queijo-artesanal-vinhos-uruguai\\\/#article\",\"isPartOf\":{\"@id\":\"https:\\\/\\\/angelboss.com.br\\\/2026\\\/04\\\/27\\\/sabor-e-arte-programacao-abril-2026-queijo-artesanal-vinhos-uruguai\\\/\"},\"author\":{\"name\":\"Neto Angel Boss\",\"@id\":\"http:\\\/\\\/angelboss.com.br\\\/#\\\/schema\\\/person\\\/af084936b46cf2e03f299183e429e350\"},\"headline\":\"Sabor &amp; Arte estreia nova temporada de Que Seja Eterno Enquanto Cure e apresenta epis\u00f3dio especial do Adega Sabor &amp; Arte no Uruguai\",\"datePublished\":\"2026-04-27T16:32:21+00:00\",\"dateModified\":\"2026-04-27T16:32:28+00:00\",\"mainEntityOfPage\":{\"@id\":\"https:\\\/\\\/angelboss.com.br\\\/2026\\\/04\\\/27\\\/sabor-e-arte-programacao-abril-2026-queijo-artesanal-vinhos-uruguai\\\/\"},\"wordCount\":630,\"commentCount\":0,\"publisher\":{\"@id\":\"http:\\\/\\\/angelboss.com.br\\\/#organization\"},\"image\":{\"@id\":\"https:\\\/\\\/angelboss.com.br\\\/2026\\\/04\\\/27\\\/sabor-e-arte-programacao-abril-2026-queijo-artesanal-vinhos-uruguai\\\/#primaryimage\"},\"thumbnailUrl\":\"http:\\\/\\\/angelboss.com.br\\\/wp-content\\\/uploads\\\/2026\\\/04\\\/1e373886-8189-4997-8699-e0a6cc987980.jpg\",\"keywords\":[\"'Que Seja Eterno Enquanto Cure\",\"especial Adega no Uruguai\",\"Sabor &amp; Arte\"],\"articleSection\":[\"ARTE\",\"EA\u00cd, BORA NESSA?\",\"Viagens\"],\"inLanguage\":\"en-US\",\"potentialAction\":[{\"@type\":\"CommentAction\",\"name\":\"Comment\",\"target\":[\"https:\\\/\\\/angelboss.com.br\\\/2026\\\/04\\\/27\\\/sabor-e-arte-programacao-abril-2026-queijo-artesanal-vinhos-uruguai\\\/#respond\"]}]},{\"@type\":\"WebPage\",\"@id\":\"https:\\\/\\\/angelboss.com.br\\\/2026\\\/04\\\/27\\\/sabor-e-arte-programacao-abril-2026-queijo-artesanal-vinhos-uruguai\\\/\",\"url\":\"https:\\\/\\\/angelboss.com.br\\\/2026\\\/04\\\/27\\\/sabor-e-arte-programacao-abril-2026-queijo-artesanal-vinhos-uruguai\\\/\",\"name\":\"Sabor & Arte: Estreia 4\u00aa Temp de Que Seja Eterno\",\"isPartOf\":{\"@id\":\"http:\\\/\\\/angelboss.com.br\\\/#website\"},\"primaryImageOfPage\":{\"@id\":\"https:\\\/\\\/angelboss.com.br\\\/2026\\\/04\\\/27\\\/sabor-e-arte-programacao-abril-2026-queijo-artesanal-vinhos-uruguai\\\/#primaryimage\"},\"image\":{\"@id\":\"https:\\\/\\\/angelboss.com.br\\\/2026\\\/04\\\/27\\\/sabor-e-arte-programacao-abril-2026-queijo-artesanal-vinhos-uruguai\\\/#primaryimage\"},\"thumbnailUrl\":\"http:\\\/\\\/angelboss.com.br\\\/wp-content\\\/uploads\\\/2026\\\/04\\\/1e373886-8189-4997-8699-e0a6cc987980.jpg\",\"datePublished\":\"2026-04-27T16:32:21+00:00\",\"dateModified\":\"2026-04-27T16:32:28+00:00\",\"description\":\"Sabor & Arte estreia nova temporada de 'Que Seja Eterno Enquanto Cure' e especial Adega no Uruguai em 28 de abril de 2026. Confira detalhes.\",\"breadcrumb\":{\"@id\":\"https:\\\/\\\/angelboss.com.br\\\/2026\\\/04\\\/27\\\/sabor-e-arte-programacao-abril-2026-queijo-artesanal-vinhos-uruguai\\\/#breadcrumb\"},\"inLanguage\":\"en-US\",\"potentialAction\":[{\"@type\":\"ReadAction\",\"target\":[\"https:\\\/\\\/angelboss.com.br\\\/2026\\\/04\\\/27\\\/sabor-e-arte-programacao-abril-2026-queijo-artesanal-vinhos-uruguai\\\/\"]}]},{\"@type\":\"ImageObject\",\"inLanguage\":\"en-US\",\"@id\":\"https:\\\/\\\/angelboss.com.br\\\/2026\\\/04\\\/27\\\/sabor-e-arte-programacao-abril-2026-queijo-artesanal-vinhos-uruguai\\\/#primaryimage\",\"url\":\"http:\\\/\\\/angelboss.com.br\\\/wp-content\\\/uploads\\\/2026\\\/04\\\/1e373886-8189-4997-8699-e0a6cc987980.jpg\",\"contentUrl\":\"http:\\\/\\\/angelboss.com.br\\\/wp-content\\\/uploads\\\/2026\\\/04\\\/1e373886-8189-4997-8699-e0a6cc987980.jpg\",\"width\":600,\"height\":338,\"caption\":\"Dudu Prado apresenta Que Seja Eterno Enquanto Cure (Divulga\u00e7\u00e3o)\"},{\"@type\":\"BreadcrumbList\",\"@id\":\"https:\\\/\\\/angelboss.com.br\\\/2026\\\/04\\\/27\\\/sabor-e-arte-programacao-abril-2026-queijo-artesanal-vinhos-uruguai\\\/#breadcrumb\",\"itemListElement\":[{\"@type\":\"ListItem\",\"position\":1,\"name\":\"In\u00edcio\",\"item\":\"http:\\\/\\\/angelboss.com.br\\\/\"},{\"@type\":\"ListItem\",\"position\":2,\"name\":\"Sabor &amp; Arte estreia nova temporada de Que Seja Eterno Enquanto Cure e apresenta epis\u00f3dio especial do Adega Sabor &amp; Arte no Uruguai\"}]},{\"@type\":\"WebSite\",\"@id\":\"http:\\\/\\\/angelboss.com.br\\\/#website\",\"url\":\"http:\\\/\\\/angelboss.com.br\\\/\",\"name\":\"Portal Masculino de Moda, Beleza, Luxo e Business - Angel Boss\",\"description\":\"O Maior Portal sobre Moda, Luxo, Beleza e Business Masculino do Brasil\",\"publisher\":{\"@id\":\"http:\\\/\\\/angelboss.com.br\\\/#organization\"},\"alternateName\":\"Maior Portal e Blog de Beleza Masculina e Luxo\",\"potentialAction\":[{\"@type\":\"SearchAction\",\"target\":{\"@type\":\"EntryPoint\",\"urlTemplate\":\"http:\\\/\\\/angelboss.com.br\\\/?s={search_term_string}\"},\"query-input\":{\"@type\":\"PropertyValueSpecification\",\"valueRequired\":true,\"valueName\":\"search_term_string\"}}],\"inLanguage\":\"en-US\"},{\"@type\":\"Organization\",\"@id\":\"http:\\\/\\\/angelboss.com.br\\\/#organization\",\"name\":\"Portal Masculino de Moda, Beleza, Luxo and Business - Angel Boss\",\"url\":\"http:\\\/\\\/angelboss.com.br\\\/\",\"logo\":{\"@type\":\"ImageObject\",\"inLanguage\":\"en-US\",\"@id\":\"http:\\\/\\\/angelboss.com.br\\\/#\\\/schema\\\/logo\\\/image\\\/\",\"url\":\"http:\\\/\\\/angelboss.com.br\\\/wp-content\\\/uploads\\\/2025\\\/12\\\/WhatsApp-Image-2025-12-11-at-12.54.26.jpeg\",\"contentUrl\":\"http:\\\/\\\/angelboss.com.br\\\/wp-content\\\/uploads\\\/2025\\\/12\\\/WhatsApp-Image-2025-12-11-at-12.54.26.jpeg\",\"width\":1280,\"height\":1280,\"caption\":\"Portal Masculino de Moda, Beleza, Luxo and Business - Angel Boss\"},\"image\":{\"@id\":\"http:\\\/\\\/angelboss.com.br\\\/#\\\/schema\\\/logo\\\/image\\\/\"}},{\"@type\":\"Person\",\"@id\":\"http:\\\/\\\/angelboss.com.br\\\/#\\\/schema\\\/person\\\/af084936b46cf2e03f299183e429e350\",\"name\":\"Neto Angel Boss\",\"image\":{\"@type\":\"ImageObject\",\"inLanguage\":\"en-US\",\"@id\":\"https:\\\/\\\/secure.gravatar.com\\\/avatar\\\/dbb38b2050e5181e32afbccf458635967af0767d15abe8168b35ebbd97907289?s=96&d=mm&r=g\",\"url\":\"https:\\\/\\\/secure.gravatar.com\\\/avatar\\\/dbb38b2050e5181e32afbccf458635967af0767d15abe8168b35ebbd97907289?s=96&d=mm&r=g\",\"contentUrl\":\"https:\\\/\\\/secure.gravatar.com\\\/avatar\\\/dbb38b2050e5181e32afbccf458635967af0767d15abe8168b35ebbd97907289?s=96&d=mm&r=g\",\"caption\":\"Neto Angel Boss\"},\"sameAs\":[\"http:\\\/\\\/www.angelboss.com\"],\"url\":\"http:\\\/\\\/angelboss.com.br\\\/en\\\/author\\\/netoangelboss\\\/\"}]}<\/script>\n<!-- \/ Yoast SEO plugin. -->","yoast_head_json":{"title":"Sabor & Arte: Estreia 4\u00aa Temp de Que Seja Eterno","description":"Sabor & Arte estreia nova temporada de 'Que Seja Eterno Enquanto Cure' e especial Adega no Uruguai em 28 de abril de 2026. Confira detalhes.","robots":{"index":"index","follow":"follow","max-snippet":"max-snippet:-1","max-image-preview":"max-image-preview:large","max-video-preview":"max-video-preview:-1"},"canonical":"https:\/\/angelboss.com.br\/en\/2026\/04\/27\/sabor-e-arte-programacao-abril-2026-queijo-artesanal-vinhos-uruguai\/","og_locale":"en_US","og_type":"article","og_title":"Sabor & Arte: Estreia 4\u00aa Temp de Que Seja Eterno","og_description":"Sabor & Arte estreia nova temporada de 'Que Seja Eterno Enquanto Cure' e especial Adega no Uruguai em 28 de abril de 2026. Confira detalhes.","og_url":"https:\/\/angelboss.com.br\/en\/2026\/04\/27\/sabor-e-arte-programacao-abril-2026-queijo-artesanal-vinhos-uruguai\/","og_site_name":"Portal Masculino de Moda, Beleza, Luxo and Business - Angel Boss","article_published_time":"2026-04-27T16:32:21+00:00","article_modified_time":"2026-04-27T16:32:28+00:00","og_image":[{"width":600,"height":338,"url":"http:\/\/angelboss.com.br\/wp-content\/uploads\/2026\/04\/1e373886-8189-4997-8699-e0a6cc987980.jpg","type":"image\/jpeg"}],"author":"Neto Angel Boss","twitter_card":"summary_large_image","twitter_misc":{"Written by":"Neto Angel Boss","Est. reading time":"3 minutes"},"schema":{"@context":"https:\/\/schema.org","@graph":[{"@type":"Article","@id":"https:\/\/angelboss.com.br\/2026\/04\/27\/sabor-e-arte-programacao-abril-2026-queijo-artesanal-vinhos-uruguai\/#article","isPartOf":{"@id":"https:\/\/angelboss.com.br\/2026\/04\/27\/sabor-e-arte-programacao-abril-2026-queijo-artesanal-vinhos-uruguai\/"},"author":{"name":"Neto Angel Boss","@id":"http:\/\/angelboss.com.br\/#\/schema\/person\/af084936b46cf2e03f299183e429e350"},"headline":"Sabor &amp; Arte estreia nova temporada de Que Seja Eterno Enquanto Cure e apresenta epis\u00f3dio especial do Adega Sabor &amp; Arte no Uruguai","datePublished":"2026-04-27T16:32:21+00:00","dateModified":"2026-04-27T16:32:28+00:00","mainEntityOfPage":{"@id":"https:\/\/angelboss.com.br\/2026\/04\/27\/sabor-e-arte-programacao-abril-2026-queijo-artesanal-vinhos-uruguai\/"},"wordCount":630,"commentCount":0,"publisher":{"@id":"http:\/\/angelboss.com.br\/#organization"},"image":{"@id":"https:\/\/angelboss.com.br\/2026\/04\/27\/sabor-e-arte-programacao-abril-2026-queijo-artesanal-vinhos-uruguai\/#primaryimage"},"thumbnailUrl":"http:\/\/angelboss.com.br\/wp-content\/uploads\/2026\/04\/1e373886-8189-4997-8699-e0a6cc987980.jpg","keywords":["'Que Seja Eterno Enquanto Cure","especial Adega no Uruguai","Sabor &amp; Arte"],"articleSection":["ARTE","EA\u00cd, BORA NESSA?","Viagens"],"inLanguage":"en-US","potentialAction":[{"@type":"CommentAction","name":"Comment","target":["https:\/\/angelboss.com.br\/2026\/04\/27\/sabor-e-arte-programacao-abril-2026-queijo-artesanal-vinhos-uruguai\/#respond"]}]},{"@type":"WebPage","@id":"https:\/\/angelboss.com.br\/2026\/04\/27\/sabor-e-arte-programacao-abril-2026-queijo-artesanal-vinhos-uruguai\/","url":"https:\/\/angelboss.com.br\/2026\/04\/27\/sabor-e-arte-programacao-abril-2026-queijo-artesanal-vinhos-uruguai\/","name":"Sabor & Arte: Estreia 4\u00aa Temp de Que Seja Eterno","isPartOf":{"@id":"http:\/\/angelboss.com.br\/#website"},"primaryImageOfPage":{"@id":"https:\/\/angelboss.com.br\/2026\/04\/27\/sabor-e-arte-programacao-abril-2026-queijo-artesanal-vinhos-uruguai\/#primaryimage"},"image":{"@id":"https:\/\/angelboss.com.br\/2026\/04\/27\/sabor-e-arte-programacao-abril-2026-queijo-artesanal-vinhos-uruguai\/#primaryimage"},"thumbnailUrl":"http:\/\/angelboss.com.br\/wp-content\/uploads\/2026\/04\/1e373886-8189-4997-8699-e0a6cc987980.jpg","datePublished":"2026-04-27T16:32:21+00:00","dateModified":"2026-04-27T16:32:28+00:00","description":"Sabor & Arte estreia nova temporada de 'Que Seja Eterno Enquanto Cure' e especial Adega no Uruguai em 28 de abril de 2026. Confira detalhes.","breadcrumb":{"@id":"https:\/\/angelboss.com.br\/2026\/04\/27\/sabor-e-arte-programacao-abril-2026-queijo-artesanal-vinhos-uruguai\/#breadcrumb"},"inLanguage":"en-US","potentialAction":[{"@type":"ReadAction","target":["https:\/\/angelboss.com.br\/2026\/04\/27\/sabor-e-arte-programacao-abril-2026-queijo-artesanal-vinhos-uruguai\/"]}]},{"@type":"ImageObject","inLanguage":"en-US","@id":"https:\/\/angelboss.com.br\/2026\/04\/27\/sabor-e-arte-programacao-abril-2026-queijo-artesanal-vinhos-uruguai\/#primaryimage","url":"http:\/\/angelboss.com.br\/wp-content\/uploads\/2026\/04\/1e373886-8189-4997-8699-e0a6cc987980.jpg","contentUrl":"http:\/\/angelboss.com.br\/wp-content\/uploads\/2026\/04\/1e373886-8189-4997-8699-e0a6cc987980.jpg","width":600,"height":338,"caption":"Dudu Prado apresenta Que Seja Eterno Enquanto Cure (Divulga\u00e7\u00e3o)"},{"@type":"BreadcrumbList","@id":"https:\/\/angelboss.com.br\/2026\/04\/27\/sabor-e-arte-programacao-abril-2026-queijo-artesanal-vinhos-uruguai\/#breadcrumb","itemListElement":[{"@type":"ListItem","position":1,"name":"In\u00edcio","item":"http:\/\/angelboss.com.br\/"},{"@type":"ListItem","position":2,"name":"Sabor &amp; Arte estreia nova temporada de Que Seja Eterno Enquanto Cure e apresenta epis\u00f3dio especial do Adega Sabor &amp; Arte no Uruguai"}]},{"@type":"WebSite","@id":"http:\/\/angelboss.com.br\/#website","url":"http:\/\/angelboss.com.br\/","name":"Portal Masculino de Moda, Beleza, Luxo e Business - Angel Boss","description":"O Maior Portal sobre Moda, Luxo, Beleza e Business Masculino do Brasil","publisher":{"@id":"http:\/\/angelboss.com.br\/#organization"},"alternateName":"Maior Portal e Blog de Beleza Masculina e Luxo","potentialAction":[{"@type":"SearchAction","target":{"@type":"EntryPoint","urlTemplate":"http:\/\/angelboss.com.br\/?s={search_term_string}"},"query-input":{"@type":"PropertyValueSpecification","valueRequired":true,"valueName":"search_term_string"}}],"inLanguage":"en-US"},{"@type":"Organization","@id":"http:\/\/angelboss.com.br\/#organization","name":"Portal Masculino de Moda, Beleza, Luxo and Business - Angel Boss","url":"http:\/\/angelboss.com.br\/","logo":{"@type":"ImageObject","inLanguage":"en-US","@id":"http:\/\/angelboss.com.br\/#\/schema\/logo\/image\/","url":"http:\/\/angelboss.com.br\/wp-content\/uploads\/2025\/12\/WhatsApp-Image-2025-12-11-at-12.54.26.jpeg","contentUrl":"http:\/\/angelboss.com.br\/wp-content\/uploads\/2025\/12\/WhatsApp-Image-2025-12-11-at-12.54.26.jpeg","width":1280,"height":1280,"caption":"Portal Masculino de Moda, Beleza, Luxo and Business - Angel Boss"},"image":{"@id":"http:\/\/angelboss.com.br\/#\/schema\/logo\/image\/"}},{"@type":"Person","@id":"http:\/\/angelboss.com.br\/#\/schema\/person\/af084936b46cf2e03f299183e429e350","name":"Neto Angel Boss","image":{"@type":"ImageObject","inLanguage":"en-US","@id":"https:\/\/secure.gravatar.com\/avatar\/dbb38b2050e5181e32afbccf458635967af0767d15abe8168b35ebbd97907289?s=96&d=mm&r=g","url":"https:\/\/secure.gravatar.com\/avatar\/dbb38b2050e5181e32afbccf458635967af0767d15abe8168b35ebbd97907289?s=96&d=mm&r=g","contentUrl":"https:\/\/secure.gravatar.com\/avatar\/dbb38b2050e5181e32afbccf458635967af0767d15abe8168b35ebbd97907289?s=96&d=mm&r=g","caption":"Neto Angel Boss"},"sameAs":["http:\/\/www.angelboss.com"],"url":"http:\/\/angelboss.com.br\/en\/author\/netoangelboss\/"}]}},"amp_enabled":true,"_links":{"self":[{"href":"http:\/\/angelboss.com.br\/en\/wp-json\/wp\/v2\/posts\/20412","targetHints":{"allow":["GET"]}}],"collection":[{"href":"http:\/\/angelboss.com.br\/en\/wp-json\/wp\/v2\/posts"}],"about":[{"href":"http:\/\/angelboss.com.br\/en\/wp-json\/wp\/v2\/types\/post"}],"author":[{"embeddable":true,"href":"http:\/\/angelboss.com.br\/en\/wp-json\/wp\/v2\/users\/2"}],"replies":[{"embeddable":true,"href":"http:\/\/angelboss.com.br\/en\/wp-json\/wp\/v2\/comments?post=20412"}],"version-history":[{"count":1,"href":"http:\/\/angelboss.com.br\/en\/wp-json\/wp\/v2\/posts\/20412\/revisions"}],"predecessor-version":[{"id":20414,"href":"http:\/\/angelboss.com.br\/en\/wp-json\/wp\/v2\/posts\/20412\/revisions\/20414"}],"wp:featuredmedia":[{"embeddable":true,"href":"http:\/\/angelboss.com.br\/en\/wp-json\/wp\/v2\/media\/20413"}],"wp:attachment":[{"href":"http:\/\/angelboss.com.br\/en\/wp-json\/wp\/v2\/media?parent=20412"}],"wp:term":[{"taxonomy":"category","embeddable":true,"href":"http:\/\/angelboss.com.br\/en\/wp-json\/wp\/v2\/categories?post=20412"},{"taxonomy":"post_tag","embeddable":true,"href":"http:\/\/angelboss.com.br\/en\/wp-json\/wp\/v2\/tags?post=20412"}],"curies":[{"name":"wp","href":"https:\/\/api.w.org\/{rel}","templated":true}]}}