{"id":20410,"date":"2026-04-27T00:00:00","date_gmt":"2026-04-27T00:00:00","guid":{"rendered":"https:\/\/angelboss.com.br\/2026\/04\/27\/330593-fe-e-ciencia-oracao-pode-contribuir-com-o-bem-estar\/"},"modified":"2026-04-27T00:00:00","modified_gmt":"2026-04-27T00:00:00","slug":"330593-fe-e-ciencia-oracao-pode-contribuir-com-o-bem-estar","status":"publish","type":"post","link":"http:\/\/angelboss.com.br\/en\/2026\/04\/27\/330593-fe-e-ciencia-oracao-pode-contribuir-com-o-bem-estar\/","title":{"rendered":"F\u00e9 e ci\u00eancia: ora\u00e7\u00e3o pode contribuir com o bem-estar"},"content":{"rendered":"<p>Estudos conduzidos por universidades como Harvard v\u00eam refor\u00e7ando o papel da espiritualidade na longevidade humana. De acordo com os dados publicados pelo <a rel=\"follow\" href=\"https:\/\/www.correio24horas.com.br\/em-alta\/orar-pode-aumentar-a-expectativa-de-vida-em-ate-dez-anos-apontam-estudos-1025\">Portal Correio 24 Horas<\/a>, pessoas que mant\u00eam uma vida espiritual ativa podem viver at\u00e9 dez anos a mais, entre elas, a ora\u00e7\u00e3o. O h\u00e1bito estimula neurotransmissores associados ao bem-estar e reduz o cortisol, promovendo resili\u00eancia e foco mental.<\/p>\n<p>A investiga\u00e7\u00e3o sobre como a f\u00e9 molda a arquitetura cerebral tamb\u00e9m avan\u00e7ou em publica\u00e7\u00f5es cient\u00edficas como a revista Nature. De acordo com publica\u00e7\u00e3o da <a rel=\"follow\" href=\"https:\/\/veja.abril.com.br\/religiao\/novas-pesquisas-reforcam-o-impacto-positivo-da-pratica-da-espiritualidade-para-o-cerebro\/\">Veja<\/a>, neuropsic\u00f3logos como Jordan Grafman defendem que a espiritualidade n\u00e3o \u00e9 apenas um produto cultural, mas uma caracter\u00edstica enraizada na mente humana, que desencadeia a libera\u00e7\u00e3o de endorfinas e dopaminas, subst\u00e2ncias ligadas ao bem-estar.<\/p>\n<p>No Brasil, institui\u00e7\u00f5es como a USP e a Sociedade Brasileira de Cardiologia (SBC) <a rel=\"follow\" href=\"https:\/\/www.bbc.com\/portuguese\/geral-56655826\">pesquisam<\/a> como essa conex\u00e3o auxilia na cura de doen\u00e7as f\u00edsicas e ps\u00edquicas. Nos estudos, os dados obtidos indicam que a espiritualidade reduz \u00edndices de depress\u00e3o e contribui no combate de pensamentos negativos e destrutivos, al\u00e9m de atuar em quest\u00f5es como rancor e ressentimento.<\/p>\n<p>Al\u00e9m do ambiente acad\u00eamico, atualmente a busca por conte\u00fados ligados \u00e0 f\u00e9 e \u00e0 espiritualidade vem aumentando no Brasil, com t\u00edtulos entre os <a rel=\"follow\" href=\"https:\/\/www.amazon.com.br\/b?ie=UTF8&amp;node=203733243011\">mais vendidos de 2025<\/a>, sem deixar de citar a pr\u00f3pria B\u00edblia, que \u00e9 o livro mais vendido de todos os tempos.<\/p>\n<p>Para comentar o assunto, <a rel=\"follow\" href=\"https:\/\/www.instagram.com\/fabionunes.perfiloficial\/\">o profeta Fabio Nunes<\/a> apresenta sua vis\u00e3o a respeito da intersec\u00e7\u00e3o entre as recentes evid\u00eancias cient\u00edficas e a sua experi\u00eancia di\u00e1ria com publica\u00e7\u00f5es a respeito do poder da ora\u00e7\u00e3o e de como este h\u00e1bito pode auxiliar as pessoas em sua viv\u00eancia espiritual.<\/p>\n<p><strong>Na sua vis\u00e3o, qual \u00e9 o impacto da ora\u00e7\u00e3o na vida cotidiana das pessoas, especialmente em momentos de dificuldade?<\/strong><\/p>\n<p>Fabio Nunes: &quot;A ora\u00e7\u00e3o \u00e9 um ref\u00fagio&quot;. Quando a mente est\u00e1 cansada e o cora\u00e7\u00e3o apertado, ela se torna um ponto de paz. No meu trabalho, vejo que a ora\u00e7\u00e3o n\u00e3o muda apenas situa\u00e7\u00f5es externas; ela transforma o interior. \u00c9 uma for\u00e7a para continuar e uma dire\u00e7\u00e3o para quem se sente perdido.<\/p>\n<p><strong>\u00c9 poss\u00edvel estabelecer uma rela\u00e7\u00e3o entre f\u00e9, ora\u00e7\u00e3o e bem-estar mental?<\/strong><\/p>\n<p>Fabio Nunes: Sim, essa rela\u00e7\u00e3o \u00e9 clara. A ora\u00e7\u00e3o acalma a mente e traz um senso de esperan\u00e7a necess\u00e1rio em dias de sobrecarga e ansiedade. Quando o poder da ora\u00e7\u00e3o na vida di\u00e1ria \u00e9 praticado, a f\u00e9 deixa de ser algo distante e passa a ser uma fonte real de equil\u00edbrio emocional e fortalecimento interior.<\/p>\n<p><strong>O que o motivou a incentivar o h\u00e1bito da ora\u00e7\u00e3o di\u00e1ria entre seus seguidores?<\/strong><\/p>\n<p>Fabio Nunes: Percebi uma car\u00eancia profunda de paz e prop\u00f3sito. Comecei com mensagens simples e logo recebi testemunhos de pessoas que voltaram a ter esperan\u00e7a para enfrentar seus desafios. Hoje, com milh\u00f5es de pessoas acompanhando esse trabalho, fica claro que a ora\u00e7\u00e3o di\u00e1ria \u00e9 um caminho de transforma\u00e7\u00e3o real para muitos.<\/p>\n<p><strong>Algumas pesquisas apontam benef\u00edcios da espiritualidade para a sa\u00fade. Como voc\u00ea interpreta esses dados na pr\u00e1tica?<\/strong><\/p>\n<p>Fabio Nunes: Na pr\u00e1tica, isso \u00e9 muito evidente. Antes mesmo dos estudos, j\u00e1 se percebia que quem cultiva a espiritualidade lida melhor com as crises. O poder da ora\u00e7\u00e3o na vida di\u00e1ria traz clareza; ela n\u00e3o elimina os problemas do mundo, mas muda a forma como a pessoa reage a eles \u2014 e essa mudan\u00e7a de rea\u00e7\u00e3o faz toda a diferen\u00e7a na sa\u00fade mental.<\/p>\n<p><strong>Como as redes sociais e o YouTube contribuem para aproximar as pessoas da f\u00e9?<\/strong><\/p>\n<p>Fabio Nunes: As redes sociais s\u00e3o pontes. Muitas pessoas acabam sendo alcan\u00e7adas por uma mensagem no momento exato de uma dor. Eu vejo isso acontecer todos os dias: pessoas que chegam por um v\u00eddeo e come\u00e7am a construir um h\u00e1bito de f\u00e9 e o poder da ora\u00e7\u00e3o na vida di\u00e1ria. A internet, com prop\u00f3sito, conecta a pessoa ao que ela nem sabia que precisava.<\/p>\n<p><strong>Qual mensagem principal voc\u00ea gostaria que as pessoas levassem sobre a ora\u00e7\u00e3o di\u00e1ria?<\/strong><\/p>\n<p>Fabio Nunes: Que a ora\u00e7\u00e3o n\u00e3o deve ser apenas para momentos de desespero, mas parte da vida. N\u00e3o \u00e9 sobre religi\u00e3o espec\u00edfica, \u00e9 sobre conex\u00e3o e for\u00e7a. Quando a pessoa cria o h\u00e1bito de orar todos os dias, a forma de pensar e de viver muda.<\/p>\n<p>Se eu puder deixar um conselho, \u00e9: comece. Mesmo sem saber como, comece. Muitas vezes, o que voc\u00ea mais precisa \u00e9 de um novo come\u00e7o por dentro, reafirmando sua religi\u00e3o, f\u00e9 e o poder da ora\u00e7\u00e3o na vida di\u00e1ria.<\/p>\n<p><strong>Sobre Fabio Nunes<\/strong><\/p>\n<p>O profeta Fabio Nunes, evangelizador crist\u00e3o, j\u00e1 alcan\u00e7ou mais de 6 milh\u00f5es de pessoas por meio das redes sociais, incentivando o poder da ora\u00e7\u00e3o e de como esse h\u00e1bito aproxima as pessoas de Deus.<\/p>\n<p><a rel=\"follow\" href=\"https:\/\/www.youtube.com\/@FabioNunesOficial\">Em seu canal do YouTube<\/a>, \u00e9 poss\u00edvel encontrar ora\u00e7\u00f5es di\u00e1rias que podem contribuir para trazer conforto, paz e inspira\u00e7\u00e3o. H\u00e1 ora\u00e7\u00f5es pela fam\u00edlia, sa\u00fade, ansiedade e diversos outros temas.<\/p>\n<p>Para saber mais sobre o trabalho do profeta Fabio Nunes, basta acessar suas redes sociais:<\/p>\n<p>Instagram: <a rel=\"follow\" href=\"https:\/\/www.instagram.com\/fabionunes.perfiloficial\/\">https:\/\/www.instagram.com\/fabionunes.perfiloficial\/<\/a> YouTube: <a rel=\"follow\" href=\"https:\/\/www.youtube.com\/@FabioNunesOficial\">https:\/\/www.youtube.com\/@FabioNunesOficial<\/a><\/p>\n<p><img src='https:\/\/api.dino.com.br\/v2\/news\/tr\/330593?partnerId=4593' alt=\"\" style=\"border:0px;width:1px;height:1px;\" \/><\/p>","protected":false},"excerpt":{"rendered":"<p>Ao longo dos anos, estudos v\u00eam mostrando o poder da ora\u00e7\u00e3o na sa\u00fade e bem-estar das pessoas que cultivam este h\u00e1bito. Em entrevista, o profeta Fabio Nunes comenta seu ponto de vista a respeito desses resultados e de seu trabalho, levando a ora\u00e7\u00e3o \u00e0 rotina de milhares de pessoas.<\/p>","protected":false},"author":3,"featured_media":20411,"comment_status":"open","ping_status":"open","sticky":false,"template":"","format":"standard","meta":{"footnotes":""},"categories":[315],"tags":[359,337,357,351],"class_list":{"0":"post-20410","1":"post","2":"type-post","3":"status-publish","4":"format-standard","5":"has-post-thumbnail","7":"category-noticias-corporativas-dino","8":"tag-ciencia","9":"tag-entretenimento","10":"tag-estilo-de-vida","11":"tag-sociedade"},"yoast_head":"<!-- This site is optimized with the Yoast SEO plugin v27.4 - https:\/\/yoast.com\/product\/yoast-seo-wordpress\/ -->\n<title>F\u00e9 e ci\u00eancia: ora\u00e7\u00e3o pode contribuir com o bem-estar - Portal Masculino de Moda, Beleza, Luxo and Business - Angel Boss<\/title>\n<meta name=\"robots\" content=\"index, follow, max-snippet:-1, max-image-preview:large, max-video-preview:-1\" \/>\n<link rel=\"canonical\" href=\"https:\/\/angelboss.com.br\/en\/2026\/04\/27\/330593-fe-e-ciencia-oracao-pode-contribuir-com-o-bem-estar\/\" \/>\n<meta property=\"og:locale\" content=\"en_US\" \/>\n<meta property=\"og:type\" content=\"article\" \/>\n<meta property=\"og:title\" content=\"F\u00e9 e ci\u00eancia: ora\u00e7\u00e3o pode contribuir com o bem-estar - Portal Masculino de Moda, Beleza, Luxo and Business - Angel Boss\" \/>\n<meta property=\"og:description\" content=\"Ao longo dos anos, estudos v\u00eam mostrando o poder da ora\u00e7\u00e3o na sa\u00fade e bem-estar das pessoas que cultivam este h\u00e1bito. Em entrevista, o profeta Fabio Nunes comenta seu ponto de vista a respeito desses resultados e de seu trabalho, levando a ora\u00e7\u00e3o \u00e0 rotina de milhares de pessoas.\" \/>\n<meta property=\"og:url\" content=\"https:\/\/angelboss.com.br\/en\/2026\/04\/27\/330593-fe-e-ciencia-oracao-pode-contribuir-com-o-bem-estar\/\" \/>\n<meta property=\"og:site_name\" content=\"Portal Masculino de Moda, Beleza, Luxo and Business - Angel Boss\" \/>\n<meta property=\"article:published_time\" content=\"2026-04-27T00:00:00+00:00\" \/>\n<meta property=\"og:image\" content=\"https:\/\/api.dino.com.br\/v2\/news\/tr\/330593?partnerId=4593\" \/>\n<meta name=\"author\" content=\"DINO\" \/>\n<meta name=\"twitter:card\" content=\"summary_large_image\" \/>\n<meta name=\"twitter:label1\" content=\"Written by\" \/>\n\t<meta name=\"twitter:data1\" content=\"DINO\" \/>\n\t<meta name=\"twitter:label2\" content=\"Est. reading time\" \/>\n\t<meta name=\"twitter:data2\" content=\"5 minutes\" \/>\n<script type=\"application\/ld+json\" class=\"yoast-schema-graph\">{\"@context\":\"https:\\\/\\\/schema.org\",\"@graph\":[{\"@type\":\"Article\",\"@id\":\"https:\\\/\\\/angelboss.com.br\\\/2026\\\/04\\\/27\\\/330593-fe-e-ciencia-oracao-pode-contribuir-com-o-bem-estar\\\/#article\",\"isPartOf\":{\"@id\":\"https:\\\/\\\/angelboss.com.br\\\/2026\\\/04\\\/27\\\/330593-fe-e-ciencia-oracao-pode-contribuir-com-o-bem-estar\\\/\"},\"author\":{\"name\":\"DINO\",\"@id\":\"http:\\\/\\\/angelboss.com.br\\\/#\\\/schema\\\/person\\\/b6676b8d991f97199ef2d5b8e5c2d8a5\"},\"headline\":\"F\u00e9 e ci\u00eancia: ora\u00e7\u00e3o pode contribuir com o bem-estar\",\"datePublished\":\"2026-04-27T00:00:00+00:00\",\"mainEntityOfPage\":{\"@id\":\"https:\\\/\\\/angelboss.com.br\\\/2026\\\/04\\\/27\\\/330593-fe-e-ciencia-oracao-pode-contribuir-com-o-bem-estar\\\/\"},\"wordCount\":924,\"commentCount\":0,\"publisher\":{\"@id\":\"http:\\\/\\\/angelboss.com.br\\\/#organization\"},\"image\":{\"@id\":\"https:\\\/\\\/angelboss.com.br\\\/2026\\\/04\\\/27\\\/330593-fe-e-ciencia-oracao-pode-contribuir-com-o-bem-estar\\\/#primaryimage\"},\"thumbnailUrl\":\"http:\\\/\\\/angelboss.com.br\\\/wp-content\\\/uploads\\\/2026\\\/04\\\/3b186fe1-192b-431f-bff8-5a7e45d0af3d.jpg\",\"keywords\":[\"CI\u00caNCIA\",\"ENTRETENIMENTO\",\"ESTILO DE VIDA\",\"SOCIEDADE\"],\"articleSection\":[\"Not\u00edcias Corporativas\"],\"inLanguage\":\"en-US\",\"potentialAction\":[{\"@type\":\"CommentAction\",\"name\":\"Comment\",\"target\":[\"https:\\\/\\\/angelboss.com.br\\\/2026\\\/04\\\/27\\\/330593-fe-e-ciencia-oracao-pode-contribuir-com-o-bem-estar\\\/#respond\"]}]},{\"@type\":\"WebPage\",\"@id\":\"https:\\\/\\\/angelboss.com.br\\\/2026\\\/04\\\/27\\\/330593-fe-e-ciencia-oracao-pode-contribuir-com-o-bem-estar\\\/\",\"url\":\"https:\\\/\\\/angelboss.com.br\\\/2026\\\/04\\\/27\\\/330593-fe-e-ciencia-oracao-pode-contribuir-com-o-bem-estar\\\/\",\"name\":\"F\u00e9 e ci\u00eancia: ora\u00e7\u00e3o pode contribuir com o bem-estar - Portal Masculino de Moda, Beleza, Luxo and Business - Angel Boss\",\"isPartOf\":{\"@id\":\"http:\\\/\\\/angelboss.com.br\\\/#website\"},\"primaryImageOfPage\":{\"@id\":\"https:\\\/\\\/angelboss.com.br\\\/2026\\\/04\\\/27\\\/330593-fe-e-ciencia-oracao-pode-contribuir-com-o-bem-estar\\\/#primaryimage\"},\"image\":{\"@id\":\"https:\\\/\\\/angelboss.com.br\\\/2026\\\/04\\\/27\\\/330593-fe-e-ciencia-oracao-pode-contribuir-com-o-bem-estar\\\/#primaryimage\"},\"thumbnailUrl\":\"http:\\\/\\\/angelboss.com.br\\\/wp-content\\\/uploads\\\/2026\\\/04\\\/3b186fe1-192b-431f-bff8-5a7e45d0af3d.jpg\",\"datePublished\":\"2026-04-27T00:00:00+00:00\",\"breadcrumb\":{\"@id\":\"https:\\\/\\\/angelboss.com.br\\\/2026\\\/04\\\/27\\\/330593-fe-e-ciencia-oracao-pode-contribuir-com-o-bem-estar\\\/#breadcrumb\"},\"inLanguage\":\"en-US\",\"potentialAction\":[{\"@type\":\"ReadAction\",\"target\":[\"https:\\\/\\\/angelboss.com.br\\\/2026\\\/04\\\/27\\\/330593-fe-e-ciencia-oracao-pode-contribuir-com-o-bem-estar\\\/\"]}]},{\"@type\":\"ImageObject\",\"inLanguage\":\"en-US\",\"@id\":\"https:\\\/\\\/angelboss.com.br\\\/2026\\\/04\\\/27\\\/330593-fe-e-ciencia-oracao-pode-contribuir-com-o-bem-estar\\\/#primaryimage\",\"url\":\"http:\\\/\\\/angelboss.com.br\\\/wp-content\\\/uploads\\\/2026\\\/04\\\/3b186fe1-192b-431f-bff8-5a7e45d0af3d.jpg\",\"contentUrl\":\"http:\\\/\\\/angelboss.com.br\\\/wp-content\\\/uploads\\\/2026\\\/04\\\/3b186fe1-192b-431f-bff8-5a7e45d0af3d.jpg\",\"width\":1200,\"height\":742,\"caption\":\"F\u00e9 e ci\u00eancia: ora\u00e7\u00e3o pode contribuir com o bem-estar\"},{\"@type\":\"BreadcrumbList\",\"@id\":\"https:\\\/\\\/angelboss.com.br\\\/2026\\\/04\\\/27\\\/330593-fe-e-ciencia-oracao-pode-contribuir-com-o-bem-estar\\\/#breadcrumb\",\"itemListElement\":[{\"@type\":\"ListItem\",\"position\":1,\"name\":\"In\u00edcio\",\"item\":\"http:\\\/\\\/angelboss.com.br\\\/\"},{\"@type\":\"ListItem\",\"position\":2,\"name\":\"F\u00e9 e ci\u00eancia: ora\u00e7\u00e3o pode contribuir com o bem-estar\"}]},{\"@type\":\"WebSite\",\"@id\":\"http:\\\/\\\/angelboss.com.br\\\/#website\",\"url\":\"http:\\\/\\\/angelboss.com.br\\\/\",\"name\":\"Portal Masculino de Moda, Beleza, Luxo e Business - Angel Boss\",\"description\":\"O Maior Portal sobre Moda, Luxo, Beleza e Business Masculino do Brasil\",\"publisher\":{\"@id\":\"http:\\\/\\\/angelboss.com.br\\\/#organization\"},\"alternateName\":\"Maior Portal e Blog de Beleza Masculina e Luxo\",\"potentialAction\":[{\"@type\":\"SearchAction\",\"target\":{\"@type\":\"EntryPoint\",\"urlTemplate\":\"http:\\\/\\\/angelboss.com.br\\\/?s={search_term_string}\"},\"query-input\":{\"@type\":\"PropertyValueSpecification\",\"valueRequired\":true,\"valueName\":\"search_term_string\"}}],\"inLanguage\":\"en-US\"},{\"@type\":\"Organization\",\"@id\":\"http:\\\/\\\/angelboss.com.br\\\/#organization\",\"name\":\"Portal Masculino de Moda, Beleza, Luxo and Business - Angel Boss\",\"url\":\"http:\\\/\\\/angelboss.com.br\\\/\",\"logo\":{\"@type\":\"ImageObject\",\"inLanguage\":\"en-US\",\"@id\":\"http:\\\/\\\/angelboss.com.br\\\/#\\\/schema\\\/logo\\\/image\\\/\",\"url\":\"http:\\\/\\\/angelboss.com.br\\\/wp-content\\\/uploads\\\/2025\\\/12\\\/WhatsApp-Image-2025-12-11-at-12.54.26.jpeg\",\"contentUrl\":\"http:\\\/\\\/angelboss.com.br\\\/wp-content\\\/uploads\\\/2025\\\/12\\\/WhatsApp-Image-2025-12-11-at-12.54.26.jpeg\",\"width\":1280,\"height\":1280,\"caption\":\"Portal Masculino de Moda, Beleza, Luxo and Business - Angel Boss\"},\"image\":{\"@id\":\"http:\\\/\\\/angelboss.com.br\\\/#\\\/schema\\\/logo\\\/image\\\/\"}},{\"@type\":\"Person\",\"@id\":\"http:\\\/\\\/angelboss.com.br\\\/#\\\/schema\\\/person\\\/b6676b8d991f97199ef2d5b8e5c2d8a5\",\"name\":\"DINO\",\"image\":{\"@type\":\"ImageObject\",\"inLanguage\":\"en-US\",\"@id\":\"https:\\\/\\\/secure.gravatar.com\\\/avatar\\\/f29568383aedf96da155b6f87103b0e04b1c662f982055cda25086444ab33ff8?s=96&d=mm&r=g\",\"url\":\"https:\\\/\\\/secure.gravatar.com\\\/avatar\\\/f29568383aedf96da155b6f87103b0e04b1c662f982055cda25086444ab33ff8?s=96&d=mm&r=g\",\"contentUrl\":\"https:\\\/\\\/secure.gravatar.com\\\/avatar\\\/f29568383aedf96da155b6f87103b0e04b1c662f982055cda25086444ab33ff8?s=96&d=mm&r=g\",\"caption\":\"DINO\"},\"url\":\"http:\\\/\\\/angelboss.com.br\\\/en\\\/author\\\/DINO\\\/\"}]}<\/script>\n<!-- \/ Yoast SEO plugin. -->","yoast_head_json":{"title":"F\u00e9 e ci\u00eancia: ora\u00e7\u00e3o pode contribuir com o bem-estar - Portal Masculino de Moda, Beleza, Luxo and Business - Angel Boss","robots":{"index":"index","follow":"follow","max-snippet":"max-snippet:-1","max-image-preview":"max-image-preview:large","max-video-preview":"max-video-preview:-1"},"canonical":"https:\/\/angelboss.com.br\/en\/2026\/04\/27\/330593-fe-e-ciencia-oracao-pode-contribuir-com-o-bem-estar\/","og_locale":"en_US","og_type":"article","og_title":"F\u00e9 e ci\u00eancia: ora\u00e7\u00e3o pode contribuir com o bem-estar - Portal Masculino de Moda, Beleza, Luxo and Business - Angel Boss","og_description":"Ao longo dos anos, estudos v\u00eam mostrando o poder da ora\u00e7\u00e3o na sa\u00fade e bem-estar das pessoas que cultivam este h\u00e1bito. Em entrevista, o profeta Fabio Nunes comenta seu ponto de vista a respeito desses resultados e de seu trabalho, levando a ora\u00e7\u00e3o \u00e0 rotina de milhares de pessoas.","og_url":"https:\/\/angelboss.com.br\/en\/2026\/04\/27\/330593-fe-e-ciencia-oracao-pode-contribuir-com-o-bem-estar\/","og_site_name":"Portal Masculino de Moda, Beleza, Luxo and Business - Angel Boss","article_published_time":"2026-04-27T00:00:00+00:00","og_image":[{"url":"https:\/\/api.dino.com.br\/v2\/news\/tr\/330593?partnerId=4593","type":"","width":"","height":""}],"author":"DINO","twitter_card":"summary_large_image","twitter_misc":{"Written by":"DINO","Est. reading time":"5 minutes"},"schema":{"@context":"https:\/\/schema.org","@graph":[{"@type":"Article","@id":"https:\/\/angelboss.com.br\/2026\/04\/27\/330593-fe-e-ciencia-oracao-pode-contribuir-com-o-bem-estar\/#article","isPartOf":{"@id":"https:\/\/angelboss.com.br\/2026\/04\/27\/330593-fe-e-ciencia-oracao-pode-contribuir-com-o-bem-estar\/"},"author":{"name":"DINO","@id":"http:\/\/angelboss.com.br\/#\/schema\/person\/b6676b8d991f97199ef2d5b8e5c2d8a5"},"headline":"F\u00e9 e ci\u00eancia: ora\u00e7\u00e3o pode contribuir com o bem-estar","datePublished":"2026-04-27T00:00:00+00:00","mainEntityOfPage":{"@id":"https:\/\/angelboss.com.br\/2026\/04\/27\/330593-fe-e-ciencia-oracao-pode-contribuir-com-o-bem-estar\/"},"wordCount":924,"commentCount":0,"publisher":{"@id":"http:\/\/angelboss.com.br\/#organization"},"image":{"@id":"https:\/\/angelboss.com.br\/2026\/04\/27\/330593-fe-e-ciencia-oracao-pode-contribuir-com-o-bem-estar\/#primaryimage"},"thumbnailUrl":"http:\/\/angelboss.com.br\/wp-content\/uploads\/2026\/04\/3b186fe1-192b-431f-bff8-5a7e45d0af3d.jpg","keywords":["CI\u00caNCIA","ENTRETENIMENTO","ESTILO DE VIDA","SOCIEDADE"],"articleSection":["Not\u00edcias Corporativas"],"inLanguage":"en-US","potentialAction":[{"@type":"CommentAction","name":"Comment","target":["https:\/\/angelboss.com.br\/2026\/04\/27\/330593-fe-e-ciencia-oracao-pode-contribuir-com-o-bem-estar\/#respond"]}]},{"@type":"WebPage","@id":"https:\/\/angelboss.com.br\/2026\/04\/27\/330593-fe-e-ciencia-oracao-pode-contribuir-com-o-bem-estar\/","url":"https:\/\/angelboss.com.br\/2026\/04\/27\/330593-fe-e-ciencia-oracao-pode-contribuir-com-o-bem-estar\/","name":"F\u00e9 e ci\u00eancia: ora\u00e7\u00e3o pode contribuir com o bem-estar - Portal Masculino de Moda, Beleza, Luxo and Business - Angel Boss","isPartOf":{"@id":"http:\/\/angelboss.com.br\/#website"},"primaryImageOfPage":{"@id":"https:\/\/angelboss.com.br\/2026\/04\/27\/330593-fe-e-ciencia-oracao-pode-contribuir-com-o-bem-estar\/#primaryimage"},"image":{"@id":"https:\/\/angelboss.com.br\/2026\/04\/27\/330593-fe-e-ciencia-oracao-pode-contribuir-com-o-bem-estar\/#primaryimage"},"thumbnailUrl":"http:\/\/angelboss.com.br\/wp-content\/uploads\/2026\/04\/3b186fe1-192b-431f-bff8-5a7e45d0af3d.jpg","datePublished":"2026-04-27T00:00:00+00:00","breadcrumb":{"@id":"https:\/\/angelboss.com.br\/2026\/04\/27\/330593-fe-e-ciencia-oracao-pode-contribuir-com-o-bem-estar\/#breadcrumb"},"inLanguage":"en-US","potentialAction":[{"@type":"ReadAction","target":["https:\/\/angelboss.com.br\/2026\/04\/27\/330593-fe-e-ciencia-oracao-pode-contribuir-com-o-bem-estar\/"]}]},{"@type":"ImageObject","inLanguage":"en-US","@id":"https:\/\/angelboss.com.br\/2026\/04\/27\/330593-fe-e-ciencia-oracao-pode-contribuir-com-o-bem-estar\/#primaryimage","url":"http:\/\/angelboss.com.br\/wp-content\/uploads\/2026\/04\/3b186fe1-192b-431f-bff8-5a7e45d0af3d.jpg","contentUrl":"http:\/\/angelboss.com.br\/wp-content\/uploads\/2026\/04\/3b186fe1-192b-431f-bff8-5a7e45d0af3d.jpg","width":1200,"height":742,"caption":"F\u00e9 e ci\u00eancia: ora\u00e7\u00e3o pode contribuir com o bem-estar"},{"@type":"BreadcrumbList","@id":"https:\/\/angelboss.com.br\/2026\/04\/27\/330593-fe-e-ciencia-oracao-pode-contribuir-com-o-bem-estar\/#breadcrumb","itemListElement":[{"@type":"ListItem","position":1,"name":"In\u00edcio","item":"http:\/\/angelboss.com.br\/"},{"@type":"ListItem","position":2,"name":"F\u00e9 e ci\u00eancia: ora\u00e7\u00e3o pode contribuir com o bem-estar"}]},{"@type":"WebSite","@id":"http:\/\/angelboss.com.br\/#website","url":"http:\/\/angelboss.com.br\/","name":"Portal Masculino de Moda, Beleza, Luxo e Business - Angel Boss","description":"O Maior Portal sobre Moda, Luxo, Beleza e Business Masculino do Brasil","publisher":{"@id":"http:\/\/angelboss.com.br\/#organization"},"alternateName":"Maior Portal e Blog de Beleza Masculina e Luxo","potentialAction":[{"@type":"SearchAction","target":{"@type":"EntryPoint","urlTemplate":"http:\/\/angelboss.com.br\/?s={search_term_string}"},"query-input":{"@type":"PropertyValueSpecification","valueRequired":true,"valueName":"search_term_string"}}],"inLanguage":"en-US"},{"@type":"Organization","@id":"http:\/\/angelboss.com.br\/#organization","name":"Portal Masculino de Moda, Beleza, Luxo and Business - Angel Boss","url":"http:\/\/angelboss.com.br\/","logo":{"@type":"ImageObject","inLanguage":"en-US","@id":"http:\/\/angelboss.com.br\/#\/schema\/logo\/image\/","url":"http:\/\/angelboss.com.br\/wp-content\/uploads\/2025\/12\/WhatsApp-Image-2025-12-11-at-12.54.26.jpeg","contentUrl":"http:\/\/angelboss.com.br\/wp-content\/uploads\/2025\/12\/WhatsApp-Image-2025-12-11-at-12.54.26.jpeg","width":1280,"height":1280,"caption":"Portal Masculino de Moda, Beleza, Luxo and Business - Angel Boss"},"image":{"@id":"http:\/\/angelboss.com.br\/#\/schema\/logo\/image\/"}},{"@type":"Person","@id":"http:\/\/angelboss.com.br\/#\/schema\/person\/b6676b8d991f97199ef2d5b8e5c2d8a5","name":"DINO","image":{"@type":"ImageObject","inLanguage":"en-US","@id":"https:\/\/secure.gravatar.com\/avatar\/f29568383aedf96da155b6f87103b0e04b1c662f982055cda25086444ab33ff8?s=96&d=mm&r=g","url":"https:\/\/secure.gravatar.com\/avatar\/f29568383aedf96da155b6f87103b0e04b1c662f982055cda25086444ab33ff8?s=96&d=mm&r=g","contentUrl":"https:\/\/secure.gravatar.com\/avatar\/f29568383aedf96da155b6f87103b0e04b1c662f982055cda25086444ab33ff8?s=96&d=mm&r=g","caption":"DINO"},"url":"http:\/\/angelboss.com.br\/en\/author\/DINO\/"}]}},"amp_enabled":true,"_links":{"self":[{"href":"http:\/\/angelboss.com.br\/en\/wp-json\/wp\/v2\/posts\/20410","targetHints":{"allow":["GET"]}}],"collection":[{"href":"http:\/\/angelboss.com.br\/en\/wp-json\/wp\/v2\/posts"}],"about":[{"href":"http:\/\/angelboss.com.br\/en\/wp-json\/wp\/v2\/types\/post"}],"author":[{"embeddable":true,"href":"http:\/\/angelboss.com.br\/en\/wp-json\/wp\/v2\/users\/3"}],"replies":[{"embeddable":true,"href":"http:\/\/angelboss.com.br\/en\/wp-json\/wp\/v2\/comments?post=20410"}],"version-history":[{"count":0,"href":"http:\/\/angelboss.com.br\/en\/wp-json\/wp\/v2\/posts\/20410\/revisions"}],"wp:featuredmedia":[{"embeddable":true,"href":"http:\/\/angelboss.com.br\/en\/wp-json\/wp\/v2\/media\/20411"}],"wp:attachment":[{"href":"http:\/\/angelboss.com.br\/en\/wp-json\/wp\/v2\/media?parent=20410"}],"wp:term":[{"taxonomy":"category","embeddable":true,"href":"http:\/\/angelboss.com.br\/en\/wp-json\/wp\/v2\/categories?post=20410"},{"taxonomy":"post_tag","embeddable":true,"href":"http:\/\/angelboss.com.br\/en\/wp-json\/wp\/v2\/tags?post=20410"}],"curies":[{"name":"wp","href":"https:\/\/api.w.org\/{rel}","templated":true}]}}