{"id":20266,"date":"2026-04-24T00:00:00","date_gmt":"2026-04-24T00:00:00","guid":{"rendered":"https:\/\/angelboss.com.br\/2026\/04\/24\/329111-fim-do-verao-impulsiona-busca-por-cuidados-com-a-pele\/"},"modified":"2026-04-24T00:00:00","modified_gmt":"2026-04-24T00:00:00","slug":"329111-fim-do-verao-impulsiona-busca-por-cuidados-com-a-pele","status":"publish","type":"post","link":"http:\/\/angelboss.com.br\/en\/2026\/04\/24\/329111-fim-do-verao-impulsiona-busca-por-cuidados-com-a-pele\/","title":{"rendered":"Fim do ver\u00e3o impulsiona busca por cuidados com a pele"},"content":{"rendered":"<p>O fim do ver&atilde;o e a chegada de temperaturas mais amenas no outono marcam uma transi&ccedil;&atilde;o n&atilde;o apenas no guarda-roupa, mas principalmente na rotina de cuidados com a pele. Ap&oacute;s meses de exposi&ccedil;&atilde;o solar intensa, cloro e sal, a pele acumula danos que se manifestam em forma de flacidez, manchas e uma desidrata&ccedil;&atilde;o geral que rouba sua luminosidade. Segundo a dermatologista Ritha Capelato (CRM-PR 28191\/RQE18890), este &eacute; o momento ideal para iniciar protocolos de recupera&ccedil;&atilde;o.<\/p>\n<p>&quot;Esse tamb&eacute;m &eacute; o momento de aproveitar para tratar aquelas altera&ccedil;&otilde;es que surgiram ou se intensificaram durante o ver&atilde;o. E, com o surgimento de novas tecnologias, os resultados est&atilde;o cada vez mais eficazes e naturais e o tempo de recupera&ccedil;&atilde;o, cada vez mais curto. Nosso foco principal &eacute; estimular a pele a se regenerar de dentro para fora, reconstruindo sua estrutura de col&aacute;geno e elastina, al&eacute;m de recuperar a hidrata&ccedil;&atilde;o e a qualidade que foram perdidas,&quot; explica a Dra. Ritha.<\/p>\n<p>Para uma recupera&ccedil;&atilde;o completa, a especialista recomenda um protocolo que une o poder de tratamentos em consult&oacute;rio &agrave; consist&ecirc;ncia da rotina de skincare em casa.<\/p>\n<p><strong>O primeiro passo: regenera&ccedil;&atilde;o da pele&nbsp; <\/strong><\/p>\n<p>O ponto de partida para recuperar a pele danificada &eacute; estimular seus pr&oacute;prios mecanismos de regenera&ccedil;&atilde;o. Para isso, a Dra. Ritha Capelato explica que os bioestimuladores de col&aacute;geno s&atilde;o pe&ccedil;as-chave no tratamento. &quot;Eles agem estimulando as c&eacute;lulas a reconstru&iacute;rem a estrutura de suporte da pele de dentro para fora. O objetivo n&atilde;o &eacute; apenas tratar a flacidez, mas sim regenerar a base da pele, devolvendo a ela sua espessura, firmeza e elasticidade,&quot; detalha a dermatologista.<\/p>\n<p>&Eacute; o caso de <a rel=\"follow\" href=\"https:\/\/www.galdermaaesthetics.com.br\/bioestimulador-recuperacao-firmeza-cutanea\">Sculptra<\/a>, o\u202f&uacute;nico\u202fbioestimulador com a&ccedil;&atilde;o regenerativa completa. Al&eacute;m de aumentar a espessura d&eacute;rmica,\u202fo produto age regenerando a matriz extracelular estrutura vital que sustenta as c&eacute;lulas e regula suas fun&ccedil;&otilde;es. Ele ainda estimula a produ&ccedil;&atilde;o de col&aacute;geno e elastina da pr&oacute;pria pele, deixando-a mais firme, com resultados que podem durar mais de dois anos.\u202f<\/p>\n<p>O influenciador <a rel=\"follow\" href=\"https:\/\/www.instagram.com\/theodoro\/\">Theodoro<\/a> &eacute; adepto do tratamento e conta sua experi&ecirc;ncia. &quot;Cuidar da pele, para mim, &eacute; um investimento na autoconfian&ccedil;a, ent&atilde;o eu busquei por um resultado que fosse duradouro e, acima de tudo, bem natural. O que me conquistou no Sculptra foi a sua proposta de regenera&ccedil;&atilde;o completa da pele,&quot; celebra.<\/p>\n<p><strong>O segundo passo: devolvendo o vi&ccedil;o e a hidrata&ccedil;&atilde;o da pele <\/strong><\/p>\n<p>A pr&oacute;xima etapa &eacute; focar na hidrata&ccedil;&atilde;o da superf&iacute;cie, muito afetada pelo sol. A Dra.\u202fRitha Capelato explica que os procedimentos com &aacute;cido hialur&ocirc;nico injet&aacute;vel, por exemplo, s&atilde;o ideais para essa finalidade.<\/p>\n<p>&quot;O uso de &aacute;cido hialur&ocirc;nico injet&aacute;vel, como os skinboosters, &eacute; super v&aacute;lido para melhorar a qualidade geral da pele. Esse procedimento atua diretamente na derme, onde a perda de &aacute;gua &eacute; mais dif&iacute;cil de corrigir apenas com produtos t&oacute;picos, aumentando a capacidade da pele de reter &aacute;gua por mais tempo. O resultado &eacute; uma pele mais hidratada, luminosa e com aspecto saud&aacute;vel,&quot; conclui a m&eacute;dica.<\/p>\n<p><a rel=\"follow\" href=\"https:\/\/www.galdermaaesthetics.com.br\/tipos-de-restylane\">Restylane<\/a> &eacute; uma das linhas de &aacute;cido hialur&ocirc;nico injet&aacute;vel dispon&iacute;veis no mercado, reconhecida por redefinir contornos e melhorar a qualidade da pele, com naturalidade e personaliza&ccedil;&atilde;o. O portf&oacute;lio conta com <a rel=\"follow\" href=\"https:\/\/www.galdermaaesthetics.com.br\/skinboosters-onde-aplicar\">Restylane Skinboosters<\/a> que, al&eacute;m de proporcionar melhora na hidrata&ccedil;&atilde;o, tamb&eacute;m age melhorando outros aspectos da pele, como: brilho, tom, textura, maciez, linhas finas e rugas, cicatrizes de acne e poros.<\/p>\n<p><strong>O terceiro passo: cuidado di&aacute;rio em casa <\/strong><\/p>\n<p>Conforme explica a Dra. Ritha, paralelo ao investimento em alta tecnologia no consult&oacute;rio, &eacute; importante manter uma rotina de cuidados di&aacute;rios. &quot;Nenhum tratamento atinge seu potencial m&aacute;ximo sem um bom skincare. Al&eacute;m da rotina b&aacute;sica, produtos com tecnologias regenerativas t&ecirc;m ganhado destaque para potencializar os resultados, preparando a pele para os procedimentos e ajudando na manuten&ccedil;&atilde;o da sa&uacute;de da barreira cut&acirc;nea,&quot; diz a Dra. Ritha.<\/p>\n<p>A marca de skincare regenerativo <a rel=\"follow\" href=\"https:\/\/alastin.com.br\/restorative-skin-complex\">Alastin<\/a>, por exemplo, conta com alguns produtos que apresentam em sua formula&ccedil;&atilde;o a exclusiva Tecnologia TriHex, uma combina&ccedil;&atilde;o de pept&iacute;deos que ajuda a remover fragmentos de col&aacute;geno e elastina danificados, estimulando a regenera&ccedil;&atilde;o da pele. Estudos j&aacute; mostram como a associa&ccedil;&atilde;o de Sculptra e <a rel=\"follow\" href=\"https:\/\/alastin.com.br\/restorative-skin-complex\">Alastin Restorative Skin Complex<\/a>, por exemplo, favorece resultados est&eacute;ticos superiores, com melhora em radi&acirc;ncia, textura e do dano causado &agrave; pele pela exposi&ccedil;&atilde;o cumulativa ao sol, al&eacute;m de conferir maior densidade e firmeza.<\/p>\n<p>A influenciadora <a rel=\"follow\" href=\"https:\/\/www.instagram.com\/natmosca\/\">Nat&aacute;lia Mosca<\/a> destaca a efic&aacute;cia da marca. &quot;Com o tempo, entendi que o cuidado com a pele precisa ser cont&iacute;nuo. Na minha rotina de skincare, inclu&iacute; o Alastin Restorative Skin Complex,&quot; conta.<\/p>\n<p>Vale lembrar que Sculptra e Restylane devem ser aplicados por profissionais habilitados &agrave; pr&aacute;tica de injet&aacute;veis. E antes de usar qualquer produto, &eacute; indicado consultar um dermatologista para garantir a melhor escolha e seguran&ccedil;a para a sua pele.<\/p>\n<p><img src='https:\/\/api.dino.com.br\/v2\/news\/tr\/329111?partnerId=4593' alt=\"\" style=\"border:0px;width:1px;height:1px;\" \/><\/p>","protected":false},"excerpt":{"rendered":"<p>Considerada a esta\u00e7\u00e3o ideal para protocolos de recupera\u00e7\u00e3o, o outono \u00e9 o momento estrat\u00e9gico para reverter flacidez e desidrata\u00e7\u00e3o da pele<\/p>","protected":false},"author":3,"featured_media":20267,"comment_status":"open","ping_status":"open","sticky":false,"template":"","format":"standard","meta":{"footnotes":""},"categories":[315],"tags":[352],"class_list":{"0":"post-20266","1":"post","2":"type-post","3":"status-publish","4":"format-standard","5":"has-post-thumbnail","7":"category-noticias-corporativas-dino","8":"tag-saude-e-bem-estar"},"yoast_head":"<!-- This site is optimized with the Yoast SEO plugin v27.4 - https:\/\/yoast.com\/product\/yoast-seo-wordpress\/ -->\n<title>Fim do ver\u00e3o impulsiona busca por cuidados com a pele - Portal Masculino de Moda, Beleza, Luxo and Business - Angel Boss<\/title>\n<meta name=\"robots\" content=\"index, follow, max-snippet:-1, max-image-preview:large, max-video-preview:-1\" \/>\n<link rel=\"canonical\" href=\"https:\/\/angelboss.com.br\/en\/2026\/04\/24\/329111-fim-do-verao-impulsiona-busca-por-cuidados-com-a-pele\/\" \/>\n<meta property=\"og:locale\" content=\"en_US\" \/>\n<meta property=\"og:type\" content=\"article\" \/>\n<meta property=\"og:title\" content=\"Fim do ver\u00e3o impulsiona busca por cuidados com a pele - Portal Masculino de Moda, Beleza, Luxo and Business - Angel Boss\" \/>\n<meta property=\"og:description\" content=\"Considerada a esta\u00e7\u00e3o ideal para protocolos de recupera\u00e7\u00e3o, o outono \u00e9 o momento estrat\u00e9gico para reverter flacidez e desidrata\u00e7\u00e3o da pele\" \/>\n<meta property=\"og:url\" content=\"https:\/\/angelboss.com.br\/en\/2026\/04\/24\/329111-fim-do-verao-impulsiona-busca-por-cuidados-com-a-pele\/\" \/>\n<meta property=\"og:site_name\" content=\"Portal Masculino de Moda, Beleza, Luxo and Business - Angel Boss\" \/>\n<meta property=\"article:published_time\" content=\"2026-04-24T00:00:00+00:00\" \/>\n<meta property=\"og:image\" content=\"https:\/\/angelboss.com.br\/wp-content\/uploads\/2026\/04\/c3314445-b9ea-48c5-b17e-f17334ca5074.jpeg\" \/>\n\t<meta property=\"og:image:width\" content=\"1199\" \/>\n\t<meta property=\"og:image:height\" content=\"800\" \/>\n\t<meta property=\"og:image:type\" content=\"image\/jpeg\" \/>\n<meta name=\"author\" content=\"DINO\" \/>\n<meta name=\"twitter:card\" content=\"summary_large_image\" \/>\n<meta name=\"twitter:label1\" content=\"Written by\" \/>\n\t<meta name=\"twitter:data1\" content=\"DINO\" \/>\n\t<meta name=\"twitter:label2\" content=\"Est. reading time\" \/>\n\t<meta name=\"twitter:data2\" content=\"5 minutes\" \/>\n<script type=\"application\/ld+json\" class=\"yoast-schema-graph\">{\"@context\":\"https:\\\/\\\/schema.org\",\"@graph\":[{\"@type\":\"Article\",\"@id\":\"https:\\\/\\\/angelboss.com.br\\\/2026\\\/04\\\/24\\\/329111-fim-do-verao-impulsiona-busca-por-cuidados-com-a-pele\\\/#article\",\"isPartOf\":{\"@id\":\"https:\\\/\\\/angelboss.com.br\\\/2026\\\/04\\\/24\\\/329111-fim-do-verao-impulsiona-busca-por-cuidados-com-a-pele\\\/\"},\"author\":{\"name\":\"DINO\",\"@id\":\"http:\\\/\\\/angelboss.com.br\\\/en\\\/#\\\/schema\\\/person\\\/b6676b8d991f97199ef2d5b8e5c2d8a5\"},\"headline\":\"Fim do ver\u00e3o impulsiona busca por cuidados com a pele\",\"datePublished\":\"2026-04-24T00:00:00+00:00\",\"mainEntityOfPage\":{\"@id\":\"https:\\\/\\\/angelboss.com.br\\\/2026\\\/04\\\/24\\\/329111-fim-do-verao-impulsiona-busca-por-cuidados-com-a-pele\\\/\"},\"wordCount\":998,\"commentCount\":0,\"publisher\":{\"@id\":\"http:\\\/\\\/angelboss.com.br\\\/en\\\/#organization\"},\"image\":{\"@id\":\"https:\\\/\\\/angelboss.com.br\\\/2026\\\/04\\\/24\\\/329111-fim-do-verao-impulsiona-busca-por-cuidados-com-a-pele\\\/#primaryimage\"},\"thumbnailUrl\":\"http:\\\/\\\/angelboss.com.br\\\/wp-content\\\/uploads\\\/2026\\\/04\\\/c3314445-b9ea-48c5-b17e-f17334ca5074.jpeg\",\"keywords\":[\"SA\u00daDE E BEM-ESTAR\"],\"articleSection\":[\"Not\u00edcias Corporativas\"],\"inLanguage\":\"en-US\",\"potentialAction\":[{\"@type\":\"CommentAction\",\"name\":\"Comment\",\"target\":[\"https:\\\/\\\/angelboss.com.br\\\/2026\\\/04\\\/24\\\/329111-fim-do-verao-impulsiona-busca-por-cuidados-com-a-pele\\\/#respond\"]}]},{\"@type\":\"WebPage\",\"@id\":\"https:\\\/\\\/angelboss.com.br\\\/2026\\\/04\\\/24\\\/329111-fim-do-verao-impulsiona-busca-por-cuidados-com-a-pele\\\/\",\"url\":\"https:\\\/\\\/angelboss.com.br\\\/2026\\\/04\\\/24\\\/329111-fim-do-verao-impulsiona-busca-por-cuidados-com-a-pele\\\/\",\"name\":\"Fim do ver\u00e3o impulsiona busca por cuidados com a pele - Portal Masculino de Moda, Beleza, Luxo and Business - Angel Boss\",\"isPartOf\":{\"@id\":\"http:\\\/\\\/angelboss.com.br\\\/en\\\/#website\"},\"primaryImageOfPage\":{\"@id\":\"https:\\\/\\\/angelboss.com.br\\\/2026\\\/04\\\/24\\\/329111-fim-do-verao-impulsiona-busca-por-cuidados-com-a-pele\\\/#primaryimage\"},\"image\":{\"@id\":\"https:\\\/\\\/angelboss.com.br\\\/2026\\\/04\\\/24\\\/329111-fim-do-verao-impulsiona-busca-por-cuidados-com-a-pele\\\/#primaryimage\"},\"thumbnailUrl\":\"http:\\\/\\\/angelboss.com.br\\\/wp-content\\\/uploads\\\/2026\\\/04\\\/c3314445-b9ea-48c5-b17e-f17334ca5074.jpeg\",\"datePublished\":\"2026-04-24T00:00:00+00:00\",\"breadcrumb\":{\"@id\":\"https:\\\/\\\/angelboss.com.br\\\/2026\\\/04\\\/24\\\/329111-fim-do-verao-impulsiona-busca-por-cuidados-com-a-pele\\\/#breadcrumb\"},\"inLanguage\":\"en-US\",\"potentialAction\":[{\"@type\":\"ReadAction\",\"target\":[\"https:\\\/\\\/angelboss.com.br\\\/2026\\\/04\\\/24\\\/329111-fim-do-verao-impulsiona-busca-por-cuidados-com-a-pele\\\/\"]}]},{\"@type\":\"ImageObject\",\"inLanguage\":\"en-US\",\"@id\":\"https:\\\/\\\/angelboss.com.br\\\/2026\\\/04\\\/24\\\/329111-fim-do-verao-impulsiona-busca-por-cuidados-com-a-pele\\\/#primaryimage\",\"url\":\"http:\\\/\\\/angelboss.com.br\\\/wp-content\\\/uploads\\\/2026\\\/04\\\/c3314445-b9ea-48c5-b17e-f17334ca5074.jpeg\",\"contentUrl\":\"http:\\\/\\\/angelboss.com.br\\\/wp-content\\\/uploads\\\/2026\\\/04\\\/c3314445-b9ea-48c5-b17e-f17334ca5074.jpeg\",\"width\":1199,\"height\":800,\"caption\":\"Fim do ver\u00e3o impulsiona busca por cuidados com a pele\"},{\"@type\":\"BreadcrumbList\",\"@id\":\"https:\\\/\\\/angelboss.com.br\\\/2026\\\/04\\\/24\\\/329111-fim-do-verao-impulsiona-busca-por-cuidados-com-a-pele\\\/#breadcrumb\",\"itemListElement\":[{\"@type\":\"ListItem\",\"position\":1,\"name\":\"In\u00edcio\",\"item\":\"http:\\\/\\\/angelboss.com.br\\\/en\\\/\"},{\"@type\":\"ListItem\",\"position\":2,\"name\":\"Fim do ver\u00e3o impulsiona busca por cuidados com a pele\"}]},{\"@type\":\"WebSite\",\"@id\":\"http:\\\/\\\/angelboss.com.br\\\/en\\\/#website\",\"url\":\"http:\\\/\\\/angelboss.com.br\\\/en\\\/\",\"name\":\"Portal Masculino de Moda, Beleza, Luxo e Business - Angel Boss\",\"description\":\"O Maior Portal sobre Moda, Luxo, Beleza e Business Masculino do Brasil\",\"publisher\":{\"@id\":\"http:\\\/\\\/angelboss.com.br\\\/en\\\/#organization\"},\"alternateName\":\"Maior Portal e Blog de Beleza Masculina e Luxo\",\"potentialAction\":[{\"@type\":\"SearchAction\",\"target\":{\"@type\":\"EntryPoint\",\"urlTemplate\":\"http:\\\/\\\/angelboss.com.br\\\/en\\\/?s={search_term_string}\"},\"query-input\":{\"@type\":\"PropertyValueSpecification\",\"valueRequired\":true,\"valueName\":\"search_term_string\"}}],\"inLanguage\":\"en-US\"},{\"@type\":\"Organization\",\"@id\":\"http:\\\/\\\/angelboss.com.br\\\/en\\\/#organization\",\"name\":\"Portal Masculino de Moda, Beleza, Luxo and Business - Angel Boss\",\"url\":\"http:\\\/\\\/angelboss.com.br\\\/en\\\/\",\"logo\":{\"@type\":\"ImageObject\",\"inLanguage\":\"en-US\",\"@id\":\"http:\\\/\\\/angelboss.com.br\\\/en\\\/#\\\/schema\\\/logo\\\/image\\\/\",\"url\":\"http:\\\/\\\/angelboss.com.br\\\/wp-content\\\/uploads\\\/2025\\\/12\\\/WhatsApp-Image-2025-12-11-at-12.54.26.jpeg\",\"contentUrl\":\"http:\\\/\\\/angelboss.com.br\\\/wp-content\\\/uploads\\\/2025\\\/12\\\/WhatsApp-Image-2025-12-11-at-12.54.26.jpeg\",\"width\":1280,\"height\":1280,\"caption\":\"Portal Masculino de Moda, Beleza, Luxo and Business - Angel Boss\"},\"image\":{\"@id\":\"http:\\\/\\\/angelboss.com.br\\\/en\\\/#\\\/schema\\\/logo\\\/image\\\/\"}},{\"@type\":\"Person\",\"@id\":\"http:\\\/\\\/angelboss.com.br\\\/en\\\/#\\\/schema\\\/person\\\/b6676b8d991f97199ef2d5b8e5c2d8a5\",\"name\":\"DINO\",\"image\":{\"@type\":\"ImageObject\",\"inLanguage\":\"en-US\",\"@id\":\"https:\\\/\\\/secure.gravatar.com\\\/avatar\\\/f29568383aedf96da155b6f87103b0e04b1c662f982055cda25086444ab33ff8?s=96&d=mm&r=g\",\"url\":\"https:\\\/\\\/secure.gravatar.com\\\/avatar\\\/f29568383aedf96da155b6f87103b0e04b1c662f982055cda25086444ab33ff8?s=96&d=mm&r=g\",\"contentUrl\":\"https:\\\/\\\/secure.gravatar.com\\\/avatar\\\/f29568383aedf96da155b6f87103b0e04b1c662f982055cda25086444ab33ff8?s=96&d=mm&r=g\",\"caption\":\"DINO\"},\"url\":\"http:\\\/\\\/angelboss.com.br\\\/en\\\/author\\\/DINO\\\/\"}]}<\/script>\n<!-- \/ Yoast SEO plugin. -->","yoast_head_json":{"title":"Fim do ver\u00e3o impulsiona busca por cuidados com a pele - Portal Masculino de Moda, Beleza, Luxo and Business - Angel Boss","robots":{"index":"index","follow":"follow","max-snippet":"max-snippet:-1","max-image-preview":"max-image-preview:large","max-video-preview":"max-video-preview:-1"},"canonical":"https:\/\/angelboss.com.br\/en\/2026\/04\/24\/329111-fim-do-verao-impulsiona-busca-por-cuidados-com-a-pele\/","og_locale":"en_US","og_type":"article","og_title":"Fim do ver\u00e3o impulsiona busca por cuidados com a pele - Portal Masculino de Moda, Beleza, Luxo and Business - Angel Boss","og_description":"Considerada a esta\u00e7\u00e3o ideal para protocolos de recupera\u00e7\u00e3o, o outono \u00e9 o momento estrat\u00e9gico para reverter flacidez e desidrata\u00e7\u00e3o da pele","og_url":"https:\/\/angelboss.com.br\/en\/2026\/04\/24\/329111-fim-do-verao-impulsiona-busca-por-cuidados-com-a-pele\/","og_site_name":"Portal Masculino de Moda, Beleza, Luxo and Business - Angel Boss","article_published_time":"2026-04-24T00:00:00+00:00","og_image":[{"width":1199,"height":800,"url":"https:\/\/angelboss.com.br\/wp-content\/uploads\/2026\/04\/c3314445-b9ea-48c5-b17e-f17334ca5074.jpeg","type":"image\/jpeg"}],"author":"DINO","twitter_card":"summary_large_image","twitter_misc":{"Written by":"DINO","Est. reading time":"5 minutes"},"schema":{"@context":"https:\/\/schema.org","@graph":[{"@type":"Article","@id":"https:\/\/angelboss.com.br\/2026\/04\/24\/329111-fim-do-verao-impulsiona-busca-por-cuidados-com-a-pele\/#article","isPartOf":{"@id":"https:\/\/angelboss.com.br\/2026\/04\/24\/329111-fim-do-verao-impulsiona-busca-por-cuidados-com-a-pele\/"},"author":{"name":"DINO","@id":"http:\/\/angelboss.com.br\/en\/#\/schema\/person\/b6676b8d991f97199ef2d5b8e5c2d8a5"},"headline":"Fim do ver\u00e3o impulsiona busca por cuidados com a pele","datePublished":"2026-04-24T00:00:00+00:00","mainEntityOfPage":{"@id":"https:\/\/angelboss.com.br\/2026\/04\/24\/329111-fim-do-verao-impulsiona-busca-por-cuidados-com-a-pele\/"},"wordCount":998,"commentCount":0,"publisher":{"@id":"http:\/\/angelboss.com.br\/en\/#organization"},"image":{"@id":"https:\/\/angelboss.com.br\/2026\/04\/24\/329111-fim-do-verao-impulsiona-busca-por-cuidados-com-a-pele\/#primaryimage"},"thumbnailUrl":"http:\/\/angelboss.com.br\/wp-content\/uploads\/2026\/04\/c3314445-b9ea-48c5-b17e-f17334ca5074.jpeg","keywords":["SA\u00daDE E BEM-ESTAR"],"articleSection":["Not\u00edcias Corporativas"],"inLanguage":"en-US","potentialAction":[{"@type":"CommentAction","name":"Comment","target":["https:\/\/angelboss.com.br\/2026\/04\/24\/329111-fim-do-verao-impulsiona-busca-por-cuidados-com-a-pele\/#respond"]}]},{"@type":"WebPage","@id":"https:\/\/angelboss.com.br\/2026\/04\/24\/329111-fim-do-verao-impulsiona-busca-por-cuidados-com-a-pele\/","url":"https:\/\/angelboss.com.br\/2026\/04\/24\/329111-fim-do-verao-impulsiona-busca-por-cuidados-com-a-pele\/","name":"Fim do ver\u00e3o impulsiona busca por cuidados com a pele - Portal Masculino de Moda, Beleza, Luxo and Business - Angel Boss","isPartOf":{"@id":"http:\/\/angelboss.com.br\/en\/#website"},"primaryImageOfPage":{"@id":"https:\/\/angelboss.com.br\/2026\/04\/24\/329111-fim-do-verao-impulsiona-busca-por-cuidados-com-a-pele\/#primaryimage"},"image":{"@id":"https:\/\/angelboss.com.br\/2026\/04\/24\/329111-fim-do-verao-impulsiona-busca-por-cuidados-com-a-pele\/#primaryimage"},"thumbnailUrl":"http:\/\/angelboss.com.br\/wp-content\/uploads\/2026\/04\/c3314445-b9ea-48c5-b17e-f17334ca5074.jpeg","datePublished":"2026-04-24T00:00:00+00:00","breadcrumb":{"@id":"https:\/\/angelboss.com.br\/2026\/04\/24\/329111-fim-do-verao-impulsiona-busca-por-cuidados-com-a-pele\/#breadcrumb"},"inLanguage":"en-US","potentialAction":[{"@type":"ReadAction","target":["https:\/\/angelboss.com.br\/2026\/04\/24\/329111-fim-do-verao-impulsiona-busca-por-cuidados-com-a-pele\/"]}]},{"@type":"ImageObject","inLanguage":"en-US","@id":"https:\/\/angelboss.com.br\/2026\/04\/24\/329111-fim-do-verao-impulsiona-busca-por-cuidados-com-a-pele\/#primaryimage","url":"http:\/\/angelboss.com.br\/wp-content\/uploads\/2026\/04\/c3314445-b9ea-48c5-b17e-f17334ca5074.jpeg","contentUrl":"http:\/\/angelboss.com.br\/wp-content\/uploads\/2026\/04\/c3314445-b9ea-48c5-b17e-f17334ca5074.jpeg","width":1199,"height":800,"caption":"Fim do ver\u00e3o impulsiona busca por cuidados com a pele"},{"@type":"BreadcrumbList","@id":"https:\/\/angelboss.com.br\/2026\/04\/24\/329111-fim-do-verao-impulsiona-busca-por-cuidados-com-a-pele\/#breadcrumb","itemListElement":[{"@type":"ListItem","position":1,"name":"In\u00edcio","item":"http:\/\/angelboss.com.br\/en\/"},{"@type":"ListItem","position":2,"name":"Fim do ver\u00e3o impulsiona busca por cuidados com a pele"}]},{"@type":"WebSite","@id":"http:\/\/angelboss.com.br\/en\/#website","url":"http:\/\/angelboss.com.br\/en\/","name":"Portal Masculino de Moda, Beleza, Luxo e Business - Angel Boss","description":"O Maior Portal sobre Moda, Luxo, Beleza e Business Masculino do Brasil","publisher":{"@id":"http:\/\/angelboss.com.br\/en\/#organization"},"alternateName":"Maior Portal e Blog de Beleza Masculina e Luxo","potentialAction":[{"@type":"SearchAction","target":{"@type":"EntryPoint","urlTemplate":"http:\/\/angelboss.com.br\/en\/?s={search_term_string}"},"query-input":{"@type":"PropertyValueSpecification","valueRequired":true,"valueName":"search_term_string"}}],"inLanguage":"en-US"},{"@type":"Organization","@id":"http:\/\/angelboss.com.br\/en\/#organization","name":"Portal Masculino de Moda, Beleza, Luxo and Business - Angel Boss","url":"http:\/\/angelboss.com.br\/en\/","logo":{"@type":"ImageObject","inLanguage":"en-US","@id":"http:\/\/angelboss.com.br\/en\/#\/schema\/logo\/image\/","url":"http:\/\/angelboss.com.br\/wp-content\/uploads\/2025\/12\/WhatsApp-Image-2025-12-11-at-12.54.26.jpeg","contentUrl":"http:\/\/angelboss.com.br\/wp-content\/uploads\/2025\/12\/WhatsApp-Image-2025-12-11-at-12.54.26.jpeg","width":1280,"height":1280,"caption":"Portal Masculino de Moda, Beleza, Luxo and Business - Angel Boss"},"image":{"@id":"http:\/\/angelboss.com.br\/en\/#\/schema\/logo\/image\/"}},{"@type":"Person","@id":"http:\/\/angelboss.com.br\/en\/#\/schema\/person\/b6676b8d991f97199ef2d5b8e5c2d8a5","name":"DINO","image":{"@type":"ImageObject","inLanguage":"en-US","@id":"https:\/\/secure.gravatar.com\/avatar\/f29568383aedf96da155b6f87103b0e04b1c662f982055cda25086444ab33ff8?s=96&d=mm&r=g","url":"https:\/\/secure.gravatar.com\/avatar\/f29568383aedf96da155b6f87103b0e04b1c662f982055cda25086444ab33ff8?s=96&d=mm&r=g","contentUrl":"https:\/\/secure.gravatar.com\/avatar\/f29568383aedf96da155b6f87103b0e04b1c662f982055cda25086444ab33ff8?s=96&d=mm&r=g","caption":"DINO"},"url":"http:\/\/angelboss.com.br\/en\/author\/DINO\/"}]}},"amp_enabled":true,"_links":{"self":[{"href":"http:\/\/angelboss.com.br\/en\/wp-json\/wp\/v2\/posts\/20266","targetHints":{"allow":["GET"]}}],"collection":[{"href":"http:\/\/angelboss.com.br\/en\/wp-json\/wp\/v2\/posts"}],"about":[{"href":"http:\/\/angelboss.com.br\/en\/wp-json\/wp\/v2\/types\/post"}],"author":[{"embeddable":true,"href":"http:\/\/angelboss.com.br\/en\/wp-json\/wp\/v2\/users\/3"}],"replies":[{"embeddable":true,"href":"http:\/\/angelboss.com.br\/en\/wp-json\/wp\/v2\/comments?post=20266"}],"version-history":[{"count":0,"href":"http:\/\/angelboss.com.br\/en\/wp-json\/wp\/v2\/posts\/20266\/revisions"}],"wp:featuredmedia":[{"embeddable":true,"href":"http:\/\/angelboss.com.br\/en\/wp-json\/wp\/v2\/media\/20267"}],"wp:attachment":[{"href":"http:\/\/angelboss.com.br\/en\/wp-json\/wp\/v2\/media?parent=20266"}],"wp:term":[{"taxonomy":"category","embeddable":true,"href":"http:\/\/angelboss.com.br\/en\/wp-json\/wp\/v2\/categories?post=20266"},{"taxonomy":"post_tag","embeddable":true,"href":"http:\/\/angelboss.com.br\/en\/wp-json\/wp\/v2\/tags?post=20266"}],"curies":[{"name":"wp","href":"https:\/\/api.w.org\/{rel}","templated":true}]}}