{"id":20159,"date":"2026-04-23T00:00:00","date_gmt":"2026-04-23T00:00:00","guid":{"rendered":"https:\/\/angelboss.com.br\/2026\/04\/23\/316463-dia-da-terra-marca-o-nascimento-do-ambientalismo-moderno\/"},"modified":"2026-04-23T00:00:00","modified_gmt":"2026-04-23T00:00:00","slug":"316463-dia-da-terra-marca-o-nascimento-do-ambientalismo-moderno","status":"publish","type":"post","link":"http:\/\/angelboss.com.br\/en\/2026\/04\/23\/316463-dia-da-terra-marca-o-nascimento-do-ambientalismo-moderno\/","title":{"rendered":"Dia da Terra marca o nascimento do ambientalismo moderno"},"content":{"rendered":"<p>O Dia da Terra \u00e9 comemorado em 22 de abril e foi reconhecido pela Organiza\u00e7\u00e3o das Na\u00e7\u00f5es Unidas (ONU) em 2009. <a rel=\"follow\" href=\"https:\/\/www.sobrestauracao.org\/single-post?id=110\">A data foi criada em 1970 pelo senador<\/a> norte-americano Gaylord Nelson, visando promover a conscientiza\u00e7\u00e3o sobre as quest\u00f5es de polui\u00e7\u00e3o, conserva\u00e7\u00e3o da biodiversidade e desenvolvimento sustent\u00e1vel.<\/p>\n<p>Em 2026, o tema central global foca na acelera\u00e7\u00e3o de solu\u00e7\u00f5es para a crise clim\u00e1tica e na prote\u00e7\u00e3o da biodiversidade.<\/p>\n<p>&quot;A justi\u00e7a clim\u00e1tica defende que aqueles que mais exploraram os recursos naturais do planeta assumam a responsabilidade de realizar maiores investimentos e apoiar, com projetos concretos, os mais necessitados, porque possuem infraestrutura e desenvolvimento em est\u00e1gio mais evolu\u00eddo&quot;, pontua Vininha F. Carvalho, economista, ambientalista e editora da Revista Ecotour News &amp; Neg\u00f3cios.<\/p>\n<p>As emiss\u00f5es de gases de efeito estufa (GEE) figuram entre os principais vetores do agravamento das mudan\u00e7as clim\u00e1ticas em escala global. De acordo com dados do <a rel=\"follow\" href=\"https:\/\/siderurgiabrasil.com.br\/2025\/04\/30\/descarbonizacao-da-industria\/\">Climate Watch<\/a>, em 2022 o Brasil ocupou a sexta posi\u00e7\u00e3o no ranking dos maiores emissores de gases de efeito estufa do mundo. O setor industrial foi respons\u00e1vel pela emiss\u00e3o de 154 milh\u00f5es de toneladas de CO\u2082 em 2023, segundo dados do Observat\u00f3rio do Clima e do Sistema de Estimativas de Emiss\u00f5es e Remo\u00e7\u00f5es de Gases de Efeito Estufa (SEEG).<\/p>\n<p>Aprovada em 11 de dezembro de 2024, a <a rel=\"follow\" href=\"https:\/\/www2.camara.leg.br\/legin\/fed\/lei\/2024\/lei-15042-11-dezembro-2024-796690-publicacaooriginal-173745-pl.html\">Lei n\u00ba 15.042<\/a> criou o Sistema Brasileiro de Com\u00e9rcio de Emiss\u00f5es de Gases de Efeito Estufa (SBCE) com a finalidade de controlar, monitorar e reduzir emiss\u00f5es de carbono no Brasil. A transi\u00e7\u00e3o para energias limpas \u00e9 uma a\u00e7\u00e3o ambientalmente respons\u00e1vel, representando um diferencial competitivo para a ind\u00fastria brasileira.<\/p>\n<p>Uma em cada dez esp\u00e9cies conhecidas no mundo est\u00e1 na Floresta Amaz\u00f4nica, <a rel=\"follow\" href=\"https:\/\/www.revistaecotour.news\/2021\/05\/maior-biodiversidade-do-planeta-esta-no.html\">segundo a organiza\u00e7\u00e3o WWF (World Wildlife Fund)<\/a>. O bioma que tem o maior n\u00famero de esp\u00e9cies de plantas e animais vivos no mundo compreende 40% de toda a Am\u00e9rica do Sul, e 60% desse territ\u00f3rio fica localizado no Brasil.<\/p>\n<p>&quot;A import\u00e2ncia fundamental de toda essa biodiversidade da floresta torna a Amaz\u00f4nia um tema de interesse global&quot;, finaliza Vininha F. Carvalho.<\/p>\n<p><img src='https:\/\/api.dino.com.br\/v2\/news\/tr\/316463?partnerId=4593' alt=\"\" style=\"border:0px;width:1px;height:1px;\" \/><\/p>","protected":false},"excerpt":{"rendered":"<p>O objetivo \u00e9 mobilizar a sociedade para se conscientizar sobre os desafios que envolvem a preserva\u00e7\u00e3o do meio ambiente.<\/p>","protected":false},"author":3,"featured_media":20160,"comment_status":"open","ping_status":"open","sticky":false,"template":"","format":"standard","meta":{"footnotes":""},"categories":[315],"tags":[341,358,339,351,370],"class_list":{"0":"post-20159","1":"post","2":"type-post","3":"status-publish","4":"format-standard","5":"has-post-thumbnail","7":"category-noticias-corporativas-dino","8":"tag-economia","9":"tag-educacao","10":"tag-meio-ambiente","11":"tag-sociedade","12":"tag-sustentabilidade"},"yoast_head":"<!-- This site is optimized with the Yoast SEO plugin v27.4 - https:\/\/yoast.com\/product\/yoast-seo-wordpress\/ -->\n<title>Dia da Terra marca o nascimento do ambientalismo moderno - Portal Masculino de Moda, Beleza, Luxo and Business - Angel Boss<\/title>\n<meta name=\"robots\" content=\"index, follow, max-snippet:-1, max-image-preview:large, max-video-preview:-1\" \/>\n<link rel=\"canonical\" href=\"http:\/\/angelboss.com.br\/en\/2026\/04\/23\/316463-dia-da-terra-marca-o-nascimento-do-ambientalismo-moderno\/\" \/>\n<meta property=\"og:locale\" content=\"en_US\" \/>\n<meta property=\"og:type\" content=\"article\" \/>\n<meta property=\"og:title\" content=\"Dia da Terra marca o nascimento do ambientalismo moderno - Portal Masculino de Moda, Beleza, Luxo and Business - Angel Boss\" \/>\n<meta property=\"og:description\" content=\"O objetivo \u00e9 mobilizar a sociedade para se conscientizar sobre os desafios que envolvem a preserva\u00e7\u00e3o do meio ambiente.\" \/>\n<meta property=\"og:url\" content=\"http:\/\/angelboss.com.br\/en\/2026\/04\/23\/316463-dia-da-terra-marca-o-nascimento-do-ambientalismo-moderno\/\" \/>\n<meta property=\"og:site_name\" content=\"Portal Masculino de Moda, Beleza, Luxo and Business - Angel Boss\" \/>\n<meta property=\"article:published_time\" content=\"2026-04-23T00:00:00+00:00\" \/>\n<meta property=\"og:image\" content=\"http:\/\/angelboss.com.br\/wp-content\/uploads\/2026\/04\/f020bafc-a460-4ade-afde-f9c4387327ef.jpg\" \/>\n\t<meta property=\"og:image:width\" content=\"1200\" \/>\n\t<meta property=\"og:image:height\" content=\"800\" \/>\n\t<meta property=\"og:image:type\" content=\"image\/jpeg\" \/>\n<meta name=\"author\" content=\"DINO\" \/>\n<meta name=\"twitter:card\" content=\"summary_large_image\" \/>\n<meta name=\"twitter:label1\" content=\"Written by\" \/>\n\t<meta name=\"twitter:data1\" content=\"DINO\" \/>\n\t<meta name=\"twitter:label2\" content=\"Est. reading time\" \/>\n\t<meta name=\"twitter:data2\" content=\"2 minutes\" \/>\n<script type=\"application\/ld+json\" class=\"yoast-schema-graph\">{\"@context\":\"https:\\\/\\\/schema.org\",\"@graph\":[{\"@type\":\"Article\",\"@id\":\"http:\\\/\\\/angelboss.com.br\\\/2026\\\/04\\\/23\\\/316463-dia-da-terra-marca-o-nascimento-do-ambientalismo-moderno\\\/#article\",\"isPartOf\":{\"@id\":\"http:\\\/\\\/angelboss.com.br\\\/2026\\\/04\\\/23\\\/316463-dia-da-terra-marca-o-nascimento-do-ambientalismo-moderno\\\/\"},\"author\":{\"name\":\"DINO\",\"@id\":\"http:\\\/\\\/angelboss.com.br\\\/#\\\/schema\\\/person\\\/b6676b8d991f97199ef2d5b8e5c2d8a5\"},\"headline\":\"Dia da Terra marca o nascimento do ambientalismo moderno\",\"datePublished\":\"2026-04-23T00:00:00+00:00\",\"mainEntityOfPage\":{\"@id\":\"http:\\\/\\\/angelboss.com.br\\\/2026\\\/04\\\/23\\\/316463-dia-da-terra-marca-o-nascimento-do-ambientalismo-moderno\\\/\"},\"wordCount\":373,\"commentCount\":0,\"publisher\":{\"@id\":\"http:\\\/\\\/angelboss.com.br\\\/#organization\"},\"image\":{\"@id\":\"http:\\\/\\\/angelboss.com.br\\\/2026\\\/04\\\/23\\\/316463-dia-da-terra-marca-o-nascimento-do-ambientalismo-moderno\\\/#primaryimage\"},\"thumbnailUrl\":\"http:\\\/\\\/angelboss.com.br\\\/wp-content\\\/uploads\\\/2026\\\/04\\\/f020bafc-a460-4ade-afde-f9c4387327ef.jpg\",\"keywords\":[\"ECONOMIA\",\"EDUCA\u00c7\u00c3O\",\"MEIO AMBIENTE\",\"SOCIEDADE\",\"SUSTENTABILIDADE\"],\"articleSection\":[\"Not\u00edcias Corporativas\"],\"inLanguage\":\"en-US\",\"potentialAction\":[{\"@type\":\"CommentAction\",\"name\":\"Comment\",\"target\":[\"http:\\\/\\\/angelboss.com.br\\\/2026\\\/04\\\/23\\\/316463-dia-da-terra-marca-o-nascimento-do-ambientalismo-moderno\\\/#respond\"]}]},{\"@type\":\"WebPage\",\"@id\":\"http:\\\/\\\/angelboss.com.br\\\/2026\\\/04\\\/23\\\/316463-dia-da-terra-marca-o-nascimento-do-ambientalismo-moderno\\\/\",\"url\":\"http:\\\/\\\/angelboss.com.br\\\/2026\\\/04\\\/23\\\/316463-dia-da-terra-marca-o-nascimento-do-ambientalismo-moderno\\\/\",\"name\":\"Dia da Terra marca o nascimento do ambientalismo moderno - Portal Masculino de Moda, Beleza, Luxo and Business - Angel Boss\",\"isPartOf\":{\"@id\":\"http:\\\/\\\/angelboss.com.br\\\/#website\"},\"primaryImageOfPage\":{\"@id\":\"http:\\\/\\\/angelboss.com.br\\\/2026\\\/04\\\/23\\\/316463-dia-da-terra-marca-o-nascimento-do-ambientalismo-moderno\\\/#primaryimage\"},\"image\":{\"@id\":\"http:\\\/\\\/angelboss.com.br\\\/2026\\\/04\\\/23\\\/316463-dia-da-terra-marca-o-nascimento-do-ambientalismo-moderno\\\/#primaryimage\"},\"thumbnailUrl\":\"http:\\\/\\\/angelboss.com.br\\\/wp-content\\\/uploads\\\/2026\\\/04\\\/f020bafc-a460-4ade-afde-f9c4387327ef.jpg\",\"datePublished\":\"2026-04-23T00:00:00+00:00\",\"breadcrumb\":{\"@id\":\"http:\\\/\\\/angelboss.com.br\\\/2026\\\/04\\\/23\\\/316463-dia-da-terra-marca-o-nascimento-do-ambientalismo-moderno\\\/#breadcrumb\"},\"inLanguage\":\"en-US\",\"potentialAction\":[{\"@type\":\"ReadAction\",\"target\":[\"http:\\\/\\\/angelboss.com.br\\\/2026\\\/04\\\/23\\\/316463-dia-da-terra-marca-o-nascimento-do-ambientalismo-moderno\\\/\"]}]},{\"@type\":\"ImageObject\",\"inLanguage\":\"en-US\",\"@id\":\"http:\\\/\\\/angelboss.com.br\\\/2026\\\/04\\\/23\\\/316463-dia-da-terra-marca-o-nascimento-do-ambientalismo-moderno\\\/#primaryimage\",\"url\":\"http:\\\/\\\/angelboss.com.br\\\/wp-content\\\/uploads\\\/2026\\\/04\\\/f020bafc-a460-4ade-afde-f9c4387327ef.jpg\",\"contentUrl\":\"http:\\\/\\\/angelboss.com.br\\\/wp-content\\\/uploads\\\/2026\\\/04\\\/f020bafc-a460-4ade-afde-f9c4387327ef.jpg\",\"width\":1200,\"height\":800,\"caption\":\"Dia da Terra marca o nascimento do ambientalismo moderno\"},{\"@type\":\"BreadcrumbList\",\"@id\":\"http:\\\/\\\/angelboss.com.br\\\/2026\\\/04\\\/23\\\/316463-dia-da-terra-marca-o-nascimento-do-ambientalismo-moderno\\\/#breadcrumb\",\"itemListElement\":[{\"@type\":\"ListItem\",\"position\":1,\"name\":\"In\u00edcio\",\"item\":\"http:\\\/\\\/angelboss.com.br\\\/\"},{\"@type\":\"ListItem\",\"position\":2,\"name\":\"Dia da Terra marca o nascimento do ambientalismo moderno\"}]},{\"@type\":\"WebSite\",\"@id\":\"http:\\\/\\\/angelboss.com.br\\\/#website\",\"url\":\"http:\\\/\\\/angelboss.com.br\\\/\",\"name\":\"Portal Masculino de Moda, Beleza, Luxo e Business - Angel Boss\",\"description\":\"O Maior Portal sobre Moda, Luxo, Beleza e Business Masculino do Brasil\",\"publisher\":{\"@id\":\"http:\\\/\\\/angelboss.com.br\\\/#organization\"},\"alternateName\":\"Maior Portal e Blog de Beleza Masculina e Luxo\",\"potentialAction\":[{\"@type\":\"SearchAction\",\"target\":{\"@type\":\"EntryPoint\",\"urlTemplate\":\"http:\\\/\\\/angelboss.com.br\\\/?s={search_term_string}\"},\"query-input\":{\"@type\":\"PropertyValueSpecification\",\"valueRequired\":true,\"valueName\":\"search_term_string\"}}],\"inLanguage\":\"en-US\"},{\"@type\":\"Organization\",\"@id\":\"http:\\\/\\\/angelboss.com.br\\\/#organization\",\"name\":\"Portal Masculino de Moda, Beleza, Luxo and Business - Angel Boss\",\"url\":\"http:\\\/\\\/angelboss.com.br\\\/\",\"logo\":{\"@type\":\"ImageObject\",\"inLanguage\":\"en-US\",\"@id\":\"http:\\\/\\\/angelboss.com.br\\\/#\\\/schema\\\/logo\\\/image\\\/\",\"url\":\"http:\\\/\\\/angelboss.com.br\\\/wp-content\\\/uploads\\\/2025\\\/12\\\/WhatsApp-Image-2025-12-11-at-12.54.26.jpeg\",\"contentUrl\":\"http:\\\/\\\/angelboss.com.br\\\/wp-content\\\/uploads\\\/2025\\\/12\\\/WhatsApp-Image-2025-12-11-at-12.54.26.jpeg\",\"width\":1280,\"height\":1280,\"caption\":\"Portal Masculino de Moda, Beleza, Luxo and Business - Angel Boss\"},\"image\":{\"@id\":\"http:\\\/\\\/angelboss.com.br\\\/#\\\/schema\\\/logo\\\/image\\\/\"}},{\"@type\":\"Person\",\"@id\":\"http:\\\/\\\/angelboss.com.br\\\/#\\\/schema\\\/person\\\/b6676b8d991f97199ef2d5b8e5c2d8a5\",\"name\":\"DINO\",\"image\":{\"@type\":\"ImageObject\",\"inLanguage\":\"en-US\",\"@id\":\"https:\\\/\\\/secure.gravatar.com\\\/avatar\\\/f29568383aedf96da155b6f87103b0e04b1c662f982055cda25086444ab33ff8?s=96&d=mm&r=g\",\"url\":\"https:\\\/\\\/secure.gravatar.com\\\/avatar\\\/f29568383aedf96da155b6f87103b0e04b1c662f982055cda25086444ab33ff8?s=96&d=mm&r=g\",\"contentUrl\":\"https:\\\/\\\/secure.gravatar.com\\\/avatar\\\/f29568383aedf96da155b6f87103b0e04b1c662f982055cda25086444ab33ff8?s=96&d=mm&r=g\",\"caption\":\"DINO\"},\"url\":\"http:\\\/\\\/angelboss.com.br\\\/en\\\/author\\\/DINO\\\/\"}]}<\/script>\n<!-- \/ Yoast SEO plugin. -->","yoast_head_json":{"title":"Dia da Terra marca o nascimento do ambientalismo moderno - Portal Masculino de Moda, Beleza, Luxo and Business - Angel Boss","robots":{"index":"index","follow":"follow","max-snippet":"max-snippet:-1","max-image-preview":"max-image-preview:large","max-video-preview":"max-video-preview:-1"},"canonical":"http:\/\/angelboss.com.br\/en\/2026\/04\/23\/316463-dia-da-terra-marca-o-nascimento-do-ambientalismo-moderno\/","og_locale":"en_US","og_type":"article","og_title":"Dia da Terra marca o nascimento do ambientalismo moderno - Portal Masculino de Moda, Beleza, Luxo and Business - Angel Boss","og_description":"O objetivo \u00e9 mobilizar a sociedade para se conscientizar sobre os desafios que envolvem a preserva\u00e7\u00e3o do meio ambiente.","og_url":"http:\/\/angelboss.com.br\/en\/2026\/04\/23\/316463-dia-da-terra-marca-o-nascimento-do-ambientalismo-moderno\/","og_site_name":"Portal Masculino de Moda, Beleza, Luxo and Business - Angel Boss","article_published_time":"2026-04-23T00:00:00+00:00","og_image":[{"width":1200,"height":800,"url":"http:\/\/angelboss.com.br\/wp-content\/uploads\/2026\/04\/f020bafc-a460-4ade-afde-f9c4387327ef.jpg","type":"image\/jpeg"}],"author":"DINO","twitter_card":"summary_large_image","twitter_misc":{"Written by":"DINO","Est. reading time":"2 minutes"},"schema":{"@context":"https:\/\/schema.org","@graph":[{"@type":"Article","@id":"http:\/\/angelboss.com.br\/2026\/04\/23\/316463-dia-da-terra-marca-o-nascimento-do-ambientalismo-moderno\/#article","isPartOf":{"@id":"http:\/\/angelboss.com.br\/2026\/04\/23\/316463-dia-da-terra-marca-o-nascimento-do-ambientalismo-moderno\/"},"author":{"name":"DINO","@id":"http:\/\/angelboss.com.br\/#\/schema\/person\/b6676b8d991f97199ef2d5b8e5c2d8a5"},"headline":"Dia da Terra marca o nascimento do ambientalismo moderno","datePublished":"2026-04-23T00:00:00+00:00","mainEntityOfPage":{"@id":"http:\/\/angelboss.com.br\/2026\/04\/23\/316463-dia-da-terra-marca-o-nascimento-do-ambientalismo-moderno\/"},"wordCount":373,"commentCount":0,"publisher":{"@id":"http:\/\/angelboss.com.br\/#organization"},"image":{"@id":"http:\/\/angelboss.com.br\/2026\/04\/23\/316463-dia-da-terra-marca-o-nascimento-do-ambientalismo-moderno\/#primaryimage"},"thumbnailUrl":"http:\/\/angelboss.com.br\/wp-content\/uploads\/2026\/04\/f020bafc-a460-4ade-afde-f9c4387327ef.jpg","keywords":["ECONOMIA","EDUCA\u00c7\u00c3O","MEIO AMBIENTE","SOCIEDADE","SUSTENTABILIDADE"],"articleSection":["Not\u00edcias Corporativas"],"inLanguage":"en-US","potentialAction":[{"@type":"CommentAction","name":"Comment","target":["http:\/\/angelboss.com.br\/2026\/04\/23\/316463-dia-da-terra-marca-o-nascimento-do-ambientalismo-moderno\/#respond"]}]},{"@type":"WebPage","@id":"http:\/\/angelboss.com.br\/2026\/04\/23\/316463-dia-da-terra-marca-o-nascimento-do-ambientalismo-moderno\/","url":"http:\/\/angelboss.com.br\/2026\/04\/23\/316463-dia-da-terra-marca-o-nascimento-do-ambientalismo-moderno\/","name":"Dia da Terra marca o nascimento do ambientalismo moderno - Portal Masculino de Moda, Beleza, Luxo and Business - Angel Boss","isPartOf":{"@id":"http:\/\/angelboss.com.br\/#website"},"primaryImageOfPage":{"@id":"http:\/\/angelboss.com.br\/2026\/04\/23\/316463-dia-da-terra-marca-o-nascimento-do-ambientalismo-moderno\/#primaryimage"},"image":{"@id":"http:\/\/angelboss.com.br\/2026\/04\/23\/316463-dia-da-terra-marca-o-nascimento-do-ambientalismo-moderno\/#primaryimage"},"thumbnailUrl":"http:\/\/angelboss.com.br\/wp-content\/uploads\/2026\/04\/f020bafc-a460-4ade-afde-f9c4387327ef.jpg","datePublished":"2026-04-23T00:00:00+00:00","breadcrumb":{"@id":"http:\/\/angelboss.com.br\/2026\/04\/23\/316463-dia-da-terra-marca-o-nascimento-do-ambientalismo-moderno\/#breadcrumb"},"inLanguage":"en-US","potentialAction":[{"@type":"ReadAction","target":["http:\/\/angelboss.com.br\/2026\/04\/23\/316463-dia-da-terra-marca-o-nascimento-do-ambientalismo-moderno\/"]}]},{"@type":"ImageObject","inLanguage":"en-US","@id":"http:\/\/angelboss.com.br\/2026\/04\/23\/316463-dia-da-terra-marca-o-nascimento-do-ambientalismo-moderno\/#primaryimage","url":"http:\/\/angelboss.com.br\/wp-content\/uploads\/2026\/04\/f020bafc-a460-4ade-afde-f9c4387327ef.jpg","contentUrl":"http:\/\/angelboss.com.br\/wp-content\/uploads\/2026\/04\/f020bafc-a460-4ade-afde-f9c4387327ef.jpg","width":1200,"height":800,"caption":"Dia da Terra marca o nascimento do ambientalismo moderno"},{"@type":"BreadcrumbList","@id":"http:\/\/angelboss.com.br\/2026\/04\/23\/316463-dia-da-terra-marca-o-nascimento-do-ambientalismo-moderno\/#breadcrumb","itemListElement":[{"@type":"ListItem","position":1,"name":"In\u00edcio","item":"http:\/\/angelboss.com.br\/"},{"@type":"ListItem","position":2,"name":"Dia da Terra marca o nascimento do ambientalismo moderno"}]},{"@type":"WebSite","@id":"http:\/\/angelboss.com.br\/#website","url":"http:\/\/angelboss.com.br\/","name":"Portal Masculino de Moda, Beleza, Luxo e Business - Angel Boss","description":"O Maior Portal sobre Moda, Luxo, Beleza e Business Masculino do Brasil","publisher":{"@id":"http:\/\/angelboss.com.br\/#organization"},"alternateName":"Maior Portal e Blog de Beleza Masculina e Luxo","potentialAction":[{"@type":"SearchAction","target":{"@type":"EntryPoint","urlTemplate":"http:\/\/angelboss.com.br\/?s={search_term_string}"},"query-input":{"@type":"PropertyValueSpecification","valueRequired":true,"valueName":"search_term_string"}}],"inLanguage":"en-US"},{"@type":"Organization","@id":"http:\/\/angelboss.com.br\/#organization","name":"Portal Masculino de Moda, Beleza, Luxo and Business - Angel Boss","url":"http:\/\/angelboss.com.br\/","logo":{"@type":"ImageObject","inLanguage":"en-US","@id":"http:\/\/angelboss.com.br\/#\/schema\/logo\/image\/","url":"http:\/\/angelboss.com.br\/wp-content\/uploads\/2025\/12\/WhatsApp-Image-2025-12-11-at-12.54.26.jpeg","contentUrl":"http:\/\/angelboss.com.br\/wp-content\/uploads\/2025\/12\/WhatsApp-Image-2025-12-11-at-12.54.26.jpeg","width":1280,"height":1280,"caption":"Portal Masculino de Moda, Beleza, Luxo and Business - Angel Boss"},"image":{"@id":"http:\/\/angelboss.com.br\/#\/schema\/logo\/image\/"}},{"@type":"Person","@id":"http:\/\/angelboss.com.br\/#\/schema\/person\/b6676b8d991f97199ef2d5b8e5c2d8a5","name":"DINO","image":{"@type":"ImageObject","inLanguage":"en-US","@id":"https:\/\/secure.gravatar.com\/avatar\/f29568383aedf96da155b6f87103b0e04b1c662f982055cda25086444ab33ff8?s=96&d=mm&r=g","url":"https:\/\/secure.gravatar.com\/avatar\/f29568383aedf96da155b6f87103b0e04b1c662f982055cda25086444ab33ff8?s=96&d=mm&r=g","contentUrl":"https:\/\/secure.gravatar.com\/avatar\/f29568383aedf96da155b6f87103b0e04b1c662f982055cda25086444ab33ff8?s=96&d=mm&r=g","caption":"DINO"},"url":"http:\/\/angelboss.com.br\/en\/author\/DINO\/"}]}},"amp_enabled":true,"_links":{"self":[{"href":"http:\/\/angelboss.com.br\/en\/wp-json\/wp\/v2\/posts\/20159","targetHints":{"allow":["GET"]}}],"collection":[{"href":"http:\/\/angelboss.com.br\/en\/wp-json\/wp\/v2\/posts"}],"about":[{"href":"http:\/\/angelboss.com.br\/en\/wp-json\/wp\/v2\/types\/post"}],"author":[{"embeddable":true,"href":"http:\/\/angelboss.com.br\/en\/wp-json\/wp\/v2\/users\/3"}],"replies":[{"embeddable":true,"href":"http:\/\/angelboss.com.br\/en\/wp-json\/wp\/v2\/comments?post=20159"}],"version-history":[{"count":0,"href":"http:\/\/angelboss.com.br\/en\/wp-json\/wp\/v2\/posts\/20159\/revisions"}],"wp:featuredmedia":[{"embeddable":true,"href":"http:\/\/angelboss.com.br\/en\/wp-json\/wp\/v2\/media\/20160"}],"wp:attachment":[{"href":"http:\/\/angelboss.com.br\/en\/wp-json\/wp\/v2\/media?parent=20159"}],"wp:term":[{"taxonomy":"category","embeddable":true,"href":"http:\/\/angelboss.com.br\/en\/wp-json\/wp\/v2\/categories?post=20159"},{"taxonomy":"post_tag","embeddable":true,"href":"http:\/\/angelboss.com.br\/en\/wp-json\/wp\/v2\/tags?post=20159"}],"curies":[{"name":"wp","href":"https:\/\/api.w.org\/{rel}","templated":true}]}}