{"id":19915,"date":"2026-04-22T00:00:00","date_gmt":"2026-04-22T00:00:00","guid":{"rendered":"https:\/\/angelboss.com.br\/2026\/04\/22\/315993-risco-climatico-acelera-agenda-empresarial\/"},"modified":"2026-04-22T00:00:00","modified_gmt":"2026-04-22T00:00:00","slug":"315993-risco-climatico-acelera-agenda-empresarial","status":"publish","type":"post","link":"http:\/\/angelboss.com.br\/en\/2026\/04\/22\/315993-risco-climatico-acelera-agenda-empresarial\/","title":{"rendered":"Risco clim\u00e1tico acelera agenda empresarial"},"content":{"rendered":"<p>A trajet\u00f3ria atual de emiss\u00f5es de gases de efeito estufa (GEE) coloca o planeta no caminho de ultrapassar, j\u00e1 na pr\u00f3xima d\u00e9cada, o limite de 1,5\u00baC de aquecimento estabelecido no Acordo de Paris. O alerta consta na p\u00e1gina 9 do <a rel=\"follow\" href=\"https:\/\/wedocs.unep.org\/items\/7f7ba2ae-c408-461e-91e7-b72146917ec6\">&quot;Annual Report 2025&quot;<\/a> \u2013 Relat\u00f3rio Anual 2025, em portugu\u00eas \u2013 da Organiza\u00e7\u00e3o das Na\u00e7\u00f5es Unidas (ONU), que aponta a insufici\u00eancia das a\u00e7\u00f5es j\u00e1 adotadas para conter o avan\u00e7o da crise clim\u00e1tica.<\/p>\n<p>Nesse contexto de press\u00e3o crescente, as certifica\u00e7\u00f5es ESG &nbsp;\u2014 sigla para Ambiental, Social e Governan\u00e7a, em portugu\u00eas &nbsp;\u2014 ganham tra\u00e7\u00e3o na Am\u00e9rica Latina, conforme destaca a p\u00e1gina 32 da <a rel=\"follow\" href=\"https:\/\/qualitymagazine.org\/edicion-295\/\">&quot;Quality Magazine&quot;<\/a>, do Latin American Quality Institute (LAQI). A publica\u00e7\u00e3o ressalta que, longe de um movimento circunstancial, a ades\u00e3o reflete realidades de empresas e setores produtivos. A escolha entre investir em pr\u00e1ticas ESG ou preservar o caixa, por exemplo, parte muitas vezes da falta de informa\u00e7\u00f5es.<\/p>\n<p>Nesse cen\u00e1rio, a LAQI tem estruturado um modelo pr\u00f3prio para apoiar empresas na incorpora\u00e7\u00e3o pr\u00e1tica desses crit\u00e9rios. Um exemplo \u00e9 a LAQI Q-ESG Certification, uma valida\u00e7\u00e3o institucional privada, multissetorial e transversal, orientada \u00e0 an\u00e1lise da maturidade organizacional nas dimens\u00f5es de &nbsp;Qualidade (Q), &nbsp;Ambiental (E), &nbsp;Social (S) &nbsp;e &nbsp;Governan\u00e7a (G), com base em evid\u00eancias m\u00ednimas verific\u00e1veis e crit\u00e9rios objetivos de pontua\u00e7\u00e3o.<\/p>\n<p>De acordo com o fundador e principal executivo da LAQI, Daniel Maximilian Da Costa, na pr\u00e1tica, isso significa traduzir compromissos amplos em rotinas operacionais, metas mensur\u00e1veis e mecanismos de monitoramento, reduzindo a dist\u00e2ncia entre discurso e execu\u00e7\u00e3o.<\/p>\n<p>&quot;O que est\u00e1 em jogo n\u00e3o \u00e9 apenas reputa\u00e7\u00e3o ou conformidade, mas a pr\u00f3pria capacidade de continuidade dos neg\u00f3cios em um ambiente cada vez mais pressionado por riscos clim\u00e1ticos, sociais e econ\u00f4micos. Iniciativas como as conduzidas pela LAQI mostram que estruturar essa agenda deixou de ser uma escolha e passou a ser uma condi\u00e7\u00e3o para operar&quot;, conclui.<\/p>\n<p><img src='https:\/\/api.dino.com.br\/v2\/news\/tr\/315993?partnerId=4593' alt=\"\" style=\"border:0px;width:1px;height:1px;\" \/><\/p>","protected":false},"excerpt":{"rendered":"<p>Com avan\u00e7o do aquecimento global, ESG ganha for\u00e7a na Am\u00e9rica Latina e leva empresas a estruturar pr\u00e1ticas para mitigar riscos<\/p>","protected":false},"author":3,"featured_media":19916,"comment_status":"open","ping_status":"open","sticky":false,"template":"","format":"standard","meta":{"footnotes":""},"categories":[315],"tags":[342,347,339,324,370],"class_list":{"0":"post-19915","1":"post","2":"type-post","3":"status-publish","4":"format-standard","5":"has-post-thumbnail","7":"category-noticias-corporativas-dino","8":"tag-empreendedorismo","9":"tag-industrias","10":"tag-meio-ambiente","11":"tag-negocios","12":"tag-sustentabilidade"},"yoast_head":"<!-- This site is optimized with the Yoast SEO plugin v27.4 - https:\/\/yoast.com\/product\/yoast-seo-wordpress\/ -->\n<title>Risco clim\u00e1tico acelera agenda empresarial - Portal Masculino de Moda, Beleza, Luxo and Business - Angel Boss<\/title>\n<meta name=\"robots\" content=\"index, follow, max-snippet:-1, max-image-preview:large, max-video-preview:-1\" \/>\n<link rel=\"canonical\" href=\"http:\/\/angelboss.com.br\/en\/2026\/04\/22\/315993-risco-climatico-acelera-agenda-empresarial\/\" \/>\n<meta property=\"og:locale\" content=\"en_US\" \/>\n<meta property=\"og:type\" content=\"article\" \/>\n<meta property=\"og:title\" content=\"Risco clim\u00e1tico acelera agenda empresarial - Portal Masculino de Moda, Beleza, Luxo and Business - Angel Boss\" \/>\n<meta property=\"og:description\" content=\"Com avan\u00e7o do aquecimento global, ESG ganha for\u00e7a na Am\u00e9rica Latina e leva empresas a estruturar pr\u00e1ticas para mitigar riscos\" \/>\n<meta property=\"og:url\" content=\"http:\/\/angelboss.com.br\/en\/2026\/04\/22\/315993-risco-climatico-acelera-agenda-empresarial\/\" \/>\n<meta property=\"og:site_name\" content=\"Portal Masculino de Moda, Beleza, Luxo and Business - Angel Boss\" \/>\n<meta property=\"article:published_time\" content=\"2026-04-22T00:00:00+00:00\" \/>\n<meta property=\"og:image\" content=\"http:\/\/angelboss.com.br\/wp-content\/uploads\/2026\/04\/7cbf07d0-49e7-468b-ba6a-9f62fe985c3f.jpg\" \/>\n\t<meta property=\"og:image:width\" content=\"1200\" \/>\n\t<meta property=\"og:image:height\" content=\"800\" \/>\n\t<meta property=\"og:image:type\" content=\"image\/jpeg\" \/>\n<meta name=\"author\" content=\"DINO\" \/>\n<meta name=\"twitter:card\" content=\"summary_large_image\" \/>\n<meta name=\"twitter:label1\" content=\"Written by\" \/>\n\t<meta name=\"twitter:data1\" content=\"DINO\" \/>\n\t<meta name=\"twitter:label2\" content=\"Est. reading time\" \/>\n\t<meta name=\"twitter:data2\" content=\"2 minutes\" \/>\n<script type=\"application\/ld+json\" class=\"yoast-schema-graph\">{\"@context\":\"https:\\\/\\\/schema.org\",\"@graph\":[{\"@type\":\"Article\",\"@id\":\"http:\\\/\\\/angelboss.com.br\\\/2026\\\/04\\\/22\\\/315993-risco-climatico-acelera-agenda-empresarial\\\/#article\",\"isPartOf\":{\"@id\":\"http:\\\/\\\/angelboss.com.br\\\/2026\\\/04\\\/22\\\/315993-risco-climatico-acelera-agenda-empresarial\\\/\"},\"author\":{\"name\":\"DINO\",\"@id\":\"http:\\\/\\\/angelboss.com.br\\\/#\\\/schema\\\/person\\\/b6676b8d991f97199ef2d5b8e5c2d8a5\"},\"headline\":\"Risco clim\u00e1tico acelera agenda empresarial\",\"datePublished\":\"2026-04-22T00:00:00+00:00\",\"mainEntityOfPage\":{\"@id\":\"http:\\\/\\\/angelboss.com.br\\\/2026\\\/04\\\/22\\\/315993-risco-climatico-acelera-agenda-empresarial\\\/\"},\"wordCount\":357,\"commentCount\":0,\"publisher\":{\"@id\":\"http:\\\/\\\/angelboss.com.br\\\/#organization\"},\"image\":{\"@id\":\"http:\\\/\\\/angelboss.com.br\\\/2026\\\/04\\\/22\\\/315993-risco-climatico-acelera-agenda-empresarial\\\/#primaryimage\"},\"thumbnailUrl\":\"http:\\\/\\\/angelboss.com.br\\\/wp-content\\\/uploads\\\/2026\\\/04\\\/7cbf07d0-49e7-468b-ba6a-9f62fe985c3f.jpg\",\"keywords\":[\"EMPREENDEDORISMO\",\"IND\u00daSTRIAS\",\"MEIO AMBIENTE\",\"NEG\u00d3CIOS\",\"SUSTENTABILIDADE\"],\"articleSection\":[\"Not\u00edcias Corporativas\"],\"inLanguage\":\"en-US\",\"potentialAction\":[{\"@type\":\"CommentAction\",\"name\":\"Comment\",\"target\":[\"http:\\\/\\\/angelboss.com.br\\\/2026\\\/04\\\/22\\\/315993-risco-climatico-acelera-agenda-empresarial\\\/#respond\"]}]},{\"@type\":\"WebPage\",\"@id\":\"http:\\\/\\\/angelboss.com.br\\\/2026\\\/04\\\/22\\\/315993-risco-climatico-acelera-agenda-empresarial\\\/\",\"url\":\"http:\\\/\\\/angelboss.com.br\\\/2026\\\/04\\\/22\\\/315993-risco-climatico-acelera-agenda-empresarial\\\/\",\"name\":\"Risco clim\u00e1tico acelera agenda empresarial - Portal Masculino de Moda, Beleza, Luxo and Business - Angel Boss\",\"isPartOf\":{\"@id\":\"http:\\\/\\\/angelboss.com.br\\\/#website\"},\"primaryImageOfPage\":{\"@id\":\"http:\\\/\\\/angelboss.com.br\\\/2026\\\/04\\\/22\\\/315993-risco-climatico-acelera-agenda-empresarial\\\/#primaryimage\"},\"image\":{\"@id\":\"http:\\\/\\\/angelboss.com.br\\\/2026\\\/04\\\/22\\\/315993-risco-climatico-acelera-agenda-empresarial\\\/#primaryimage\"},\"thumbnailUrl\":\"http:\\\/\\\/angelboss.com.br\\\/wp-content\\\/uploads\\\/2026\\\/04\\\/7cbf07d0-49e7-468b-ba6a-9f62fe985c3f.jpg\",\"datePublished\":\"2026-04-22T00:00:00+00:00\",\"breadcrumb\":{\"@id\":\"http:\\\/\\\/angelboss.com.br\\\/2026\\\/04\\\/22\\\/315993-risco-climatico-acelera-agenda-empresarial\\\/#breadcrumb\"},\"inLanguage\":\"en-US\",\"potentialAction\":[{\"@type\":\"ReadAction\",\"target\":[\"http:\\\/\\\/angelboss.com.br\\\/2026\\\/04\\\/22\\\/315993-risco-climatico-acelera-agenda-empresarial\\\/\"]}]},{\"@type\":\"ImageObject\",\"inLanguage\":\"en-US\",\"@id\":\"http:\\\/\\\/angelboss.com.br\\\/2026\\\/04\\\/22\\\/315993-risco-climatico-acelera-agenda-empresarial\\\/#primaryimage\",\"url\":\"http:\\\/\\\/angelboss.com.br\\\/wp-content\\\/uploads\\\/2026\\\/04\\\/7cbf07d0-49e7-468b-ba6a-9f62fe985c3f.jpg\",\"contentUrl\":\"http:\\\/\\\/angelboss.com.br\\\/wp-content\\\/uploads\\\/2026\\\/04\\\/7cbf07d0-49e7-468b-ba6a-9f62fe985c3f.jpg\",\"width\":1200,\"height\":800,\"caption\":\"Risco clim\u00e1tico acelera agenda empresarial\"},{\"@type\":\"BreadcrumbList\",\"@id\":\"http:\\\/\\\/angelboss.com.br\\\/2026\\\/04\\\/22\\\/315993-risco-climatico-acelera-agenda-empresarial\\\/#breadcrumb\",\"itemListElement\":[{\"@type\":\"ListItem\",\"position\":1,\"name\":\"In\u00edcio\",\"item\":\"http:\\\/\\\/angelboss.com.br\\\/\"},{\"@type\":\"ListItem\",\"position\":2,\"name\":\"Risco clim\u00e1tico acelera agenda empresarial\"}]},{\"@type\":\"WebSite\",\"@id\":\"http:\\\/\\\/angelboss.com.br\\\/#website\",\"url\":\"http:\\\/\\\/angelboss.com.br\\\/\",\"name\":\"Portal Masculino de Moda, Beleza, Luxo e Business - Angel Boss\",\"description\":\"O Maior Portal sobre Moda, Luxo, Beleza e Business Masculino do Brasil\",\"publisher\":{\"@id\":\"http:\\\/\\\/angelboss.com.br\\\/#organization\"},\"alternateName\":\"Maior Portal e Blog de Beleza Masculina e Luxo\",\"potentialAction\":[{\"@type\":\"SearchAction\",\"target\":{\"@type\":\"EntryPoint\",\"urlTemplate\":\"http:\\\/\\\/angelboss.com.br\\\/?s={search_term_string}\"},\"query-input\":{\"@type\":\"PropertyValueSpecification\",\"valueRequired\":true,\"valueName\":\"search_term_string\"}}],\"inLanguage\":\"en-US\"},{\"@type\":\"Organization\",\"@id\":\"http:\\\/\\\/angelboss.com.br\\\/#organization\",\"name\":\"Portal Masculino de Moda, Beleza, Luxo and Business - Angel Boss\",\"url\":\"http:\\\/\\\/angelboss.com.br\\\/\",\"logo\":{\"@type\":\"ImageObject\",\"inLanguage\":\"en-US\",\"@id\":\"http:\\\/\\\/angelboss.com.br\\\/#\\\/schema\\\/logo\\\/image\\\/\",\"url\":\"http:\\\/\\\/angelboss.com.br\\\/wp-content\\\/uploads\\\/2025\\\/12\\\/WhatsApp-Image-2025-12-11-at-12.54.26.jpeg\",\"contentUrl\":\"http:\\\/\\\/angelboss.com.br\\\/wp-content\\\/uploads\\\/2025\\\/12\\\/WhatsApp-Image-2025-12-11-at-12.54.26.jpeg\",\"width\":1280,\"height\":1280,\"caption\":\"Portal Masculino de Moda, Beleza, Luxo and Business - Angel Boss\"},\"image\":{\"@id\":\"http:\\\/\\\/angelboss.com.br\\\/#\\\/schema\\\/logo\\\/image\\\/\"}},{\"@type\":\"Person\",\"@id\":\"http:\\\/\\\/angelboss.com.br\\\/#\\\/schema\\\/person\\\/b6676b8d991f97199ef2d5b8e5c2d8a5\",\"name\":\"DINO\",\"image\":{\"@type\":\"ImageObject\",\"inLanguage\":\"en-US\",\"@id\":\"https:\\\/\\\/secure.gravatar.com\\\/avatar\\\/f29568383aedf96da155b6f87103b0e04b1c662f982055cda25086444ab33ff8?s=96&d=mm&r=g\",\"url\":\"https:\\\/\\\/secure.gravatar.com\\\/avatar\\\/f29568383aedf96da155b6f87103b0e04b1c662f982055cda25086444ab33ff8?s=96&d=mm&r=g\",\"contentUrl\":\"https:\\\/\\\/secure.gravatar.com\\\/avatar\\\/f29568383aedf96da155b6f87103b0e04b1c662f982055cda25086444ab33ff8?s=96&d=mm&r=g\",\"caption\":\"DINO\"},\"url\":\"http:\\\/\\\/angelboss.com.br\\\/en\\\/author\\\/DINO\\\/\"}]}<\/script>\n<!-- \/ Yoast SEO plugin. -->","yoast_head_json":{"title":"Risco clim\u00e1tico acelera agenda empresarial - Portal Masculino de Moda, Beleza, Luxo and Business - Angel Boss","robots":{"index":"index","follow":"follow","max-snippet":"max-snippet:-1","max-image-preview":"max-image-preview:large","max-video-preview":"max-video-preview:-1"},"canonical":"http:\/\/angelboss.com.br\/en\/2026\/04\/22\/315993-risco-climatico-acelera-agenda-empresarial\/","og_locale":"en_US","og_type":"article","og_title":"Risco clim\u00e1tico acelera agenda empresarial - Portal Masculino de Moda, Beleza, Luxo and Business - Angel Boss","og_description":"Com avan\u00e7o do aquecimento global, ESG ganha for\u00e7a na Am\u00e9rica Latina e leva empresas a estruturar pr\u00e1ticas para mitigar riscos","og_url":"http:\/\/angelboss.com.br\/en\/2026\/04\/22\/315993-risco-climatico-acelera-agenda-empresarial\/","og_site_name":"Portal Masculino de Moda, Beleza, Luxo and Business - Angel Boss","article_published_time":"2026-04-22T00:00:00+00:00","og_image":[{"width":1200,"height":800,"url":"http:\/\/angelboss.com.br\/wp-content\/uploads\/2026\/04\/7cbf07d0-49e7-468b-ba6a-9f62fe985c3f.jpg","type":"image\/jpeg"}],"author":"DINO","twitter_card":"summary_large_image","twitter_misc":{"Written by":"DINO","Est. reading time":"2 minutes"},"schema":{"@context":"https:\/\/schema.org","@graph":[{"@type":"Article","@id":"http:\/\/angelboss.com.br\/2026\/04\/22\/315993-risco-climatico-acelera-agenda-empresarial\/#article","isPartOf":{"@id":"http:\/\/angelboss.com.br\/2026\/04\/22\/315993-risco-climatico-acelera-agenda-empresarial\/"},"author":{"name":"DINO","@id":"http:\/\/angelboss.com.br\/#\/schema\/person\/b6676b8d991f97199ef2d5b8e5c2d8a5"},"headline":"Risco clim\u00e1tico acelera agenda empresarial","datePublished":"2026-04-22T00:00:00+00:00","mainEntityOfPage":{"@id":"http:\/\/angelboss.com.br\/2026\/04\/22\/315993-risco-climatico-acelera-agenda-empresarial\/"},"wordCount":357,"commentCount":0,"publisher":{"@id":"http:\/\/angelboss.com.br\/#organization"},"image":{"@id":"http:\/\/angelboss.com.br\/2026\/04\/22\/315993-risco-climatico-acelera-agenda-empresarial\/#primaryimage"},"thumbnailUrl":"http:\/\/angelboss.com.br\/wp-content\/uploads\/2026\/04\/7cbf07d0-49e7-468b-ba6a-9f62fe985c3f.jpg","keywords":["EMPREENDEDORISMO","IND\u00daSTRIAS","MEIO AMBIENTE","NEG\u00d3CIOS","SUSTENTABILIDADE"],"articleSection":["Not\u00edcias Corporativas"],"inLanguage":"en-US","potentialAction":[{"@type":"CommentAction","name":"Comment","target":["http:\/\/angelboss.com.br\/2026\/04\/22\/315993-risco-climatico-acelera-agenda-empresarial\/#respond"]}]},{"@type":"WebPage","@id":"http:\/\/angelboss.com.br\/2026\/04\/22\/315993-risco-climatico-acelera-agenda-empresarial\/","url":"http:\/\/angelboss.com.br\/2026\/04\/22\/315993-risco-climatico-acelera-agenda-empresarial\/","name":"Risco clim\u00e1tico acelera agenda empresarial - Portal Masculino de Moda, Beleza, Luxo and Business - Angel Boss","isPartOf":{"@id":"http:\/\/angelboss.com.br\/#website"},"primaryImageOfPage":{"@id":"http:\/\/angelboss.com.br\/2026\/04\/22\/315993-risco-climatico-acelera-agenda-empresarial\/#primaryimage"},"image":{"@id":"http:\/\/angelboss.com.br\/2026\/04\/22\/315993-risco-climatico-acelera-agenda-empresarial\/#primaryimage"},"thumbnailUrl":"http:\/\/angelboss.com.br\/wp-content\/uploads\/2026\/04\/7cbf07d0-49e7-468b-ba6a-9f62fe985c3f.jpg","datePublished":"2026-04-22T00:00:00+00:00","breadcrumb":{"@id":"http:\/\/angelboss.com.br\/2026\/04\/22\/315993-risco-climatico-acelera-agenda-empresarial\/#breadcrumb"},"inLanguage":"en-US","potentialAction":[{"@type":"ReadAction","target":["http:\/\/angelboss.com.br\/2026\/04\/22\/315993-risco-climatico-acelera-agenda-empresarial\/"]}]},{"@type":"ImageObject","inLanguage":"en-US","@id":"http:\/\/angelboss.com.br\/2026\/04\/22\/315993-risco-climatico-acelera-agenda-empresarial\/#primaryimage","url":"http:\/\/angelboss.com.br\/wp-content\/uploads\/2026\/04\/7cbf07d0-49e7-468b-ba6a-9f62fe985c3f.jpg","contentUrl":"http:\/\/angelboss.com.br\/wp-content\/uploads\/2026\/04\/7cbf07d0-49e7-468b-ba6a-9f62fe985c3f.jpg","width":1200,"height":800,"caption":"Risco clim\u00e1tico acelera agenda empresarial"},{"@type":"BreadcrumbList","@id":"http:\/\/angelboss.com.br\/2026\/04\/22\/315993-risco-climatico-acelera-agenda-empresarial\/#breadcrumb","itemListElement":[{"@type":"ListItem","position":1,"name":"In\u00edcio","item":"http:\/\/angelboss.com.br\/"},{"@type":"ListItem","position":2,"name":"Risco clim\u00e1tico acelera agenda empresarial"}]},{"@type":"WebSite","@id":"http:\/\/angelboss.com.br\/#website","url":"http:\/\/angelboss.com.br\/","name":"Portal Masculino de Moda, Beleza, Luxo e Business - Angel Boss","description":"O Maior Portal sobre Moda, Luxo, Beleza e Business Masculino do Brasil","publisher":{"@id":"http:\/\/angelboss.com.br\/#organization"},"alternateName":"Maior Portal e Blog de Beleza Masculina e Luxo","potentialAction":[{"@type":"SearchAction","target":{"@type":"EntryPoint","urlTemplate":"http:\/\/angelboss.com.br\/?s={search_term_string}"},"query-input":{"@type":"PropertyValueSpecification","valueRequired":true,"valueName":"search_term_string"}}],"inLanguage":"en-US"},{"@type":"Organization","@id":"http:\/\/angelboss.com.br\/#organization","name":"Portal Masculino de Moda, Beleza, Luxo and Business - Angel Boss","url":"http:\/\/angelboss.com.br\/","logo":{"@type":"ImageObject","inLanguage":"en-US","@id":"http:\/\/angelboss.com.br\/#\/schema\/logo\/image\/","url":"http:\/\/angelboss.com.br\/wp-content\/uploads\/2025\/12\/WhatsApp-Image-2025-12-11-at-12.54.26.jpeg","contentUrl":"http:\/\/angelboss.com.br\/wp-content\/uploads\/2025\/12\/WhatsApp-Image-2025-12-11-at-12.54.26.jpeg","width":1280,"height":1280,"caption":"Portal Masculino de Moda, Beleza, Luxo and Business - Angel Boss"},"image":{"@id":"http:\/\/angelboss.com.br\/#\/schema\/logo\/image\/"}},{"@type":"Person","@id":"http:\/\/angelboss.com.br\/#\/schema\/person\/b6676b8d991f97199ef2d5b8e5c2d8a5","name":"DINO","image":{"@type":"ImageObject","inLanguage":"en-US","@id":"https:\/\/secure.gravatar.com\/avatar\/f29568383aedf96da155b6f87103b0e04b1c662f982055cda25086444ab33ff8?s=96&d=mm&r=g","url":"https:\/\/secure.gravatar.com\/avatar\/f29568383aedf96da155b6f87103b0e04b1c662f982055cda25086444ab33ff8?s=96&d=mm&r=g","contentUrl":"https:\/\/secure.gravatar.com\/avatar\/f29568383aedf96da155b6f87103b0e04b1c662f982055cda25086444ab33ff8?s=96&d=mm&r=g","caption":"DINO"},"url":"http:\/\/angelboss.com.br\/en\/author\/DINO\/"}]}},"amp_enabled":true,"_links":{"self":[{"href":"http:\/\/angelboss.com.br\/en\/wp-json\/wp\/v2\/posts\/19915","targetHints":{"allow":["GET"]}}],"collection":[{"href":"http:\/\/angelboss.com.br\/en\/wp-json\/wp\/v2\/posts"}],"about":[{"href":"http:\/\/angelboss.com.br\/en\/wp-json\/wp\/v2\/types\/post"}],"author":[{"embeddable":true,"href":"http:\/\/angelboss.com.br\/en\/wp-json\/wp\/v2\/users\/3"}],"replies":[{"embeddable":true,"href":"http:\/\/angelboss.com.br\/en\/wp-json\/wp\/v2\/comments?post=19915"}],"version-history":[{"count":0,"href":"http:\/\/angelboss.com.br\/en\/wp-json\/wp\/v2\/posts\/19915\/revisions"}],"wp:featuredmedia":[{"embeddable":true,"href":"http:\/\/angelboss.com.br\/en\/wp-json\/wp\/v2\/media\/19916"}],"wp:attachment":[{"href":"http:\/\/angelboss.com.br\/en\/wp-json\/wp\/v2\/media?parent=19915"}],"wp:term":[{"taxonomy":"category","embeddable":true,"href":"http:\/\/angelboss.com.br\/en\/wp-json\/wp\/v2\/categories?post=19915"},{"taxonomy":"post_tag","embeddable":true,"href":"http:\/\/angelboss.com.br\/en\/wp-json\/wp\/v2\/tags?post=19915"}],"curies":[{"name":"wp","href":"https:\/\/api.w.org\/{rel}","templated":true}]}}