{"id":19173,"date":"2026-04-15T00:00:00","date_gmt":"2026-04-15T00:00:00","guid":{"rendered":"https:\/\/angelboss.com.br\/2026\/04\/15\/323054-expansao-do-porto-de-paranagua-aquece-setor-logistico\/"},"modified":"2026-04-15T00:00:00","modified_gmt":"2026-04-15T00:00:00","slug":"323054-expansao-do-porto-de-paranagua-aquece-setor-logistico","status":"publish","type":"post","link":"http:\/\/angelboss.com.br\/en\/2026\/04\/15\/323054-expansao-do-porto-de-paranagua-aquece-setor-logistico\/","title":{"rendered":"Expans\u00e3o do Porto de Paranagu\u00e1 aquece setor log\u00edstico"},"content":{"rendered":"<p>O Porto de Paranagu\u00e1, no Paran\u00e1, vive um momento de transforma\u00e7\u00e3o com a expans\u00e3o de sua infraestrutura e o aumento da capacidade de movimenta\u00e7\u00e3o de cargas. Em 2025, o&nbsp;<a rel=\"follow\" target=\"_blank\" href=\"https:\/\/www.gov.br\/portos-e-aeroportos\/pt-br\/assuntos\/noticias\/2025\/11\/mpor-firma-acordo-de-r-1-5-bilhao-com-grupo-chines-para-expansao-do-porto-de-paranagua\">Minist\u00e9rio de Portos e Aeroportos<\/a> firmou um acordo de investimento de mais de R$ 1,5 bilh\u00e3o com o grupo chin\u00eas CMPort para ampliar o Terminal de Cont\u00eaineres de Paranagu\u00e1 (TCP). O projeto, que prev\u00ea a moderniza\u00e7\u00e3o das opera\u00e7\u00f5es e o aumento da capacidade de armazenagem, deve consolidar o terminal como um dos mais estrat\u00e9gicos do pa\u00eds.<\/p>\n<p>Reconhecido como o&nbsp;<a rel=\"follow\" target=\"_blank\" href=\"https:\/\/www.portosdoparana.pr.gov.br\/Noticia\/Investimento-bilionario-ampliara-capacidade-do-Terminal-de-Conteineres-de-Paranagua\">maior corredor de exporta\u00e7\u00e3o de carne de frango do mundo<\/a>, respons\u00e1vel por 49% de toda a produ\u00e7\u00e3o brasileira embarcada, o Porto tamb\u00e9m passar\u00e1 por obras de aprofundamento do Canal da Galheta. O cons\u00f3rcio, formado pela brasileira FTS Participa\u00e7\u00f5es Societ\u00e1rias S.A. e pelas empresas belgas Deme Concessions NV e Deme Dredging NV, prev\u00ea&nbsp;<a rel=\"follow\" target=\"_blank\" href=\"https:\/\/www.parana.pr.gov.br\/aen\/Noticia\/Concessao-do-Canal-da-Galheta-vai-tornar-Porto-de-Paranagua-o-mais-acessivel-do-Pais\">investimentos de R$ 1,23 bilh\u00e3o nos pr\u00f3ximos cinco anos<\/a>.<\/p>\n<p>Atualmente, as&nbsp;<a rel=\"follow\" target=\"_blank\" href=\"https:\/\/www.embrapa.br\/macrologistica\/exportacao\/porto_paranagua\">principais cargas movimentadas no terminal<\/a> s\u00e3o soja em gr\u00e3os, farelo de soja, milho, sal, a\u00e7\u00facar, fertilizantes, congelados, derivados de petr\u00f3leo, etanol e ve\u00edculos. A principal mudan\u00e7a ser\u00e1 o aumento do calado para 15,5 metros, permitindo a atraca\u00e7\u00e3o de embarca\u00e7\u00f5es de maior porte e ampliando a competitividade internacional do terminal. De acordo com Guilherme Tomaz, s\u00f3cio-fundador e diretor-executivo da <a rel=\"follow\" target=\"_blank\" href=\"https:\/\/gmtendas.com.br\/\">GM Tendas Galp\u00f5es<\/a>, a expans\u00e3o do terminal &quot;deve impulsionar a procura por solu\u00e7\u00f5es de armazenagens mais eficientes, permitindo uma s\u00e9rie de oportunidades de neg\u00f3cios para o setor, em especial para o setor de <a rel=\"follow\" target=\"_blank\" href=\"https:\/\/gmtendas.com.br\/locacao-de-galpoes-lonados\/galpoes-de-lona-para-armazens-e-industrias\/\">aluguel de galp\u00f5es lonados<\/a>&quot;.<\/p>\n<p>Neste cen\u00e1rio, os <a rel=\"follow\" target=\"_blank\" href=\"https:\/\/gmtendas.com.br\/nossos-produtos\/\">galp\u00f5es de lona<\/a> surgem como alternativa para ampliar \u00e1reas cobertas de forma r\u00e1pida, flex\u00edvel e com menor custo em compara\u00e7\u00e3o \u00e0s estruturas tradicionais de alvenaria ou met\u00e1licas. O especialista afirma que, diferente dos galp\u00f5es dispon\u00edveis no setor imobili\u00e1rio, os contratos de <a rel=\"follow\" target=\"_blank\" href=\"https:\/\/gmtendas.com.br\/locacao-de-galpoes-lonados\/\">loca\u00e7\u00e3o dos galp\u00f5es de lona<\/a> podem ser feitos por qualquer per\u00edodo de tempo e de forma personalizada para atender ao tipo de demanda de cada cliente.<\/p>\n<p>&quot;Al\u00e9m da montagem extremamente r\u00e1pida, sendo poss\u00edvel cobrir 2.000 metros quadrados em at\u00e9 cinco dias ou 5.000 metros quadrados em at\u00e9 dez dias, os <a rel=\"follow\" target=\"_blank\" href=\"https:\/\/gmtendas.com.br\/nossos-produtos\/venda-e-locacao-de-galpao-lonado-gm-log-30\/\">galp\u00f5es de lona<\/a> s\u00e3o produzidos sob medida e de forma modular, o que permite amplia\u00e7\u00f5es ou redu\u00e7\u00f5es conforme a necessidade, localiza\u00e7\u00e3o e or\u00e7amento dispon\u00edvel&quot;, acrescenta.<\/p>\n<p><strong>Tend\u00eancias e perspectivas<\/strong><\/p>\n<p>O <a rel=\"follow\" target=\"_blank\" href=\"https:\/\/gmtendas.com.br\/nossos-segmentos\/industria\/\">mercado de galp\u00f5es de lona<\/a> tem acompanhado o desempenho log\u00edstico e industrial do pa\u00eds, com perspectivas de crescimento nos pr\u00f3ximos anos. Um&nbsp;<a rel=\"follow\" target=\"_blank\" href=\"https:\/\/www.jll.com\/en-us\/insights\/market-dynamics\/mercado-galpoes-melhor-desempenho-historico-ano-4t2024\">levantamento da JLL<\/a> aponta que o setor log\u00edstico registrou recorde de quase 3 milh\u00f5es de metros quadrados de novo estoque em 2025, mantendo um n\u00edvel elevado de atividade e o menor \u00edndice de vac\u00e2ncia da s\u00e9rie hist\u00f3rica, com taxa nacional em 7,7%.<\/p>\n<p>&quot;O mercado est\u00e1 din\u00e2mico e com base de clientes bastante diversificada, atendendo desde a <a rel=\"follow\" target=\"_blank\" href=\"https:\/\/gmtendas.com.br\/nossos-segmentos\/construcao-e-engenharia\/\">constru\u00e7\u00e3o civil<\/a> at\u00e9 o <a rel=\"follow\" target=\"_blank\" href=\"https:\/\/gmtendas.com.br\/nossos-segmentos\/agronegocio\/\">agroneg\u00f3cio<\/a>, passando por ind\u00fastrias qu\u00edmicas, t\u00eaxteis, de <a rel=\"follow\" target=\"_blank\" href=\"https:\/\/gmtendas.com.br\/nossos-segmentos\/papel-e-celulose\/\">papel e celulose<\/a>, <a rel=\"follow\" target=\"_blank\" href=\"https:\/\/gmtendas.com.br\/nossos-segmentos\/veiculos-e-pecas\/\">ve\u00edculos e autope\u00e7as<\/a>. No caso espec\u00edfico de Paranagu\u00e1, as <a rel=\"follow\" target=\"_blank\" href=\"https:\/\/gmtendas.com.br\/locacao-de-galpoes-lonados\/galpoes-de-lona-para-armazens-e-industrias\/aluguel-de-galpoes-de-lona\/\">loca\u00e7\u00f5es de galp\u00f5es lonados<\/a> contratadas por per\u00edodos e medidas flex\u00edveis devem ganhar for\u00e7a e ampliar uma tend\u00eancia j\u00e1 em curso na regi\u00e3o&quot;, avalia Tomaz.<\/p>\n<p>Para atender ao crescimento da demanda, a <a rel=\"follow\" target=\"_blank\" href=\"https:\/\/gmtendas.com.br\/sobre-nos\/\">GM Tendas Galp\u00f5es<\/a> vem investindo de forma significativa no desenvolvimento de produtos, nos processos internos de produ\u00e7\u00e3o, na qualifica\u00e7\u00e3o constante dos colaboradores, na seguran\u00e7a das opera\u00e7\u00f5es e na quantidade de&nbsp;<a rel=\"follow\" target=\"_blank\" href=\"https:\/\/gmtendas.com.br\/nossos-produtos\/venda-e-locacao-de-galpao-lonado-gm-log-20\/\">galp\u00f5es lonados<\/a> dispon\u00edvel em estoque.<\/p>\n<p>&quot;Estamos bem capitalizados, com predomin\u00e2ncia de capital pr\u00f3prio, produzindo cada vez mais r\u00e1pido e com mais qualidade. Isso nos permitir\u00e1 atender n\u00e3o apenas \u00e0s demandas de Paranagu\u00e1, mas muitas outras que surgir\u00e3o nos pr\u00f3ximos anos&quot;, revela o executivo.<\/p>\n<p>Com os investimentos previstos e a moderniza\u00e7\u00e3o da infraestrutura, o Porto de Paranagu\u00e1 deve se consolidar como um dos principais hubs log\u00edsticos do Brasil. &quot;Por isso, j\u00e1 investimos na abertura de uma filial em Curitiba (PR) para atender com ainda mais agilidade as necessidades dos terminais de Paranagu\u00e1 e regi\u00e3o, al\u00e9m das demandas log\u00edsticas e industriais de todo o Estado do Paran\u00e1&quot;, conclui.<\/p>\n<p>Para saber mais, basta acessar:&nbsp;<a rel=\"follow\" target=\"_blank\" href=\"https:\/\/gmtendas.com.br\/\">https:\/\/gmtendas.com.br\/<\/a><\/p>\n<p><img src='https:\/\/api.dino.com.br\/v2\/news\/tr\/323054?partnerId=4593' alt=\"\" style=\"border:0px;width:1px;height:1px;\" \/><\/p>","protected":false},"excerpt":{"rendered":"<p>Investimentos bilion\u00e1rios nos pr\u00f3ximos anos devem ampliar a capacidade log\u00edstica do terminal, fortalecendo a busca por solu\u00e7\u00f5es de armazenagem mais \u00e1geis.<\/p>","protected":false},"author":3,"featured_media":19174,"comment_status":"open","ping_status":"open","sticky":false,"template":"","format":"standard","meta":{"_seopress_titles_title":"","_seopress_titles_desc":"","_seopress_robots_index":"","_seopress_robots_follow":"","_seopress_robots_imageindex":"","_seopress_robots_snippet":"","_seopress_robots_primary_cat":"0","_seopress_robots_breadcrumbs":"","_seopress_robots_freeze_modified_date":"","_seopress_robots_custom_modified_date":"","_seopress_robots_canonical":"","_seopress_social_fb_title":"","_seopress_social_fb_desc":"","_seopress_social_fb_img":"","_seopress_social_fb_img_attachment_id":0,"_seopress_social_fb_img_width":0,"_seopress_social_fb_img_height":0,"_seopress_social_twitter_title":"","_seopress_social_twitter_desc":"","_seopress_social_twitter_img":"","_seopress_social_twitter_img_attachment_id":0,"_seopress_social_twitter_img_width":0,"_seopress_social_twitter_img_height":0,"_seopress_redirections_value":"","_seopress_redirections_enabled":"","_seopress_redirections_enabled_regex":"","_seopress_redirections_logged_status":"","_seopress_redirections_param":"","_seopress_redirections_type":0,"_seopress_analysis_target_kw":"","page_builder":"","footnotes":""},"categories":[315],"tags":[341,410,347,454,324],"class_list":["post-19173","post","type-post","status-publish","format-standard","has-post-thumbnail","category-noticias-corporativas-dino","tag-economia","tag-industria-de-duraveis","tag-industrias","tag-industrias-de-bens-intermediarios","tag-negocios"],"yoast_head":"<!-- This site is optimized with the Yoast SEO plugin v28.4 - https:\/\/yoast.com\/product\/yoast-seo-wordpress\/ -->\n<title>Expans\u00e3o do Porto de Paranagu\u00e1 aquece setor log\u00edstico - Portal Masculino de Moda, Beleza, Luxo and Business - Angel Boss<\/title>\n<meta name=\"robots\" content=\"index, follow, max-snippet:-1, max-image-preview:large, max-video-preview:-1\" \/>\n<link rel=\"canonical\" href=\"http:\/\/angelboss.com.br\/en\/2026\/04\/15\/323054-expansao-do-porto-de-paranagua-aquece-setor-logistico\/\" \/>\n<meta property=\"og:locale\" content=\"en_US\" \/>\n<meta property=\"og:type\" content=\"article\" \/>\n<meta property=\"og:title\" content=\"Expans\u00e3o do Porto de Paranagu\u00e1 aquece setor log\u00edstico - Portal Masculino de Moda, Beleza, Luxo and Business - Angel Boss\" \/>\n<meta property=\"og:description\" content=\"Investimentos bilion\u00e1rios nos pr\u00f3ximos anos devem ampliar a capacidade log\u00edstica do terminal, fortalecendo a busca por solu\u00e7\u00f5es de armazenagem mais \u00e1geis.\" \/>\n<meta property=\"og:url\" content=\"http:\/\/angelboss.com.br\/en\/2026\/04\/15\/323054-expansao-do-porto-de-paranagua-aquece-setor-logistico\/\" \/>\n<meta property=\"og:site_name\" content=\"Portal Masculino de Moda, Beleza, Luxo and Business - Angel Boss\" \/>\n<meta property=\"article:published_time\" content=\"2026-04-15T00:00:00+00:00\" \/>\n<meta property=\"og:image\" content=\"http:\/\/angelboss.com.br\/wp-content\/uploads\/2026\/04\/b1889a7f-fe12-4434-ba88-430715a2df69.png\" \/>\n\t<meta property=\"og:image:width\" content=\"1200\" \/>\n\t<meta property=\"og:image:height\" content=\"730\" \/>\n\t<meta property=\"og:image:type\" content=\"image\/png\" \/>\n<meta name=\"author\" content=\"DINO\" \/>\n<meta name=\"twitter:card\" content=\"summary_large_image\" \/>\n<meta name=\"twitter:label1\" content=\"Written by\" \/>\n\t<meta name=\"twitter:data1\" content=\"DINO\" \/>\n\t<meta name=\"twitter:label2\" content=\"Est. reading time\" \/>\n\t<meta name=\"twitter:data2\" content=\"4 minutes\" \/>\n<script type=\"application\/ld+json\" class=\"yoast-schema-graph\">{\"@context\":\"https:\\\/\\\/schema.org\",\"@graph\":[{\"@type\":\"Article\",\"@id\":\"http:\\\/\\\/angelboss.com.br\\\/en\\\/2026\\\/04\\\/15\\\/323054-expansao-do-porto-de-paranagua-aquece-setor-logistico\\\/#article\",\"isPartOf\":{\"@id\":\"http:\\\/\\\/angelboss.com.br\\\/en\\\/2026\\\/04\\\/15\\\/323054-expansao-do-porto-de-paranagua-aquece-setor-logistico\\\/\"},\"author\":{\"name\":\"DINO\",\"@id\":\"http:\\\/\\\/angelboss.com.br\\\/#\\\/schema\\\/person\\\/b6676b8d991f97199ef2d5b8e5c2d8a5\"},\"headline\":\"Expans\u00e3o do Porto de Paranagu\u00e1 aquece setor log\u00edstico\",\"datePublished\":\"2026-04-15T00:00:00+00:00\",\"mainEntityOfPage\":{\"@id\":\"http:\\\/\\\/angelboss.com.br\\\/en\\\/2026\\\/04\\\/15\\\/323054-expansao-do-porto-de-paranagua-aquece-setor-logistico\\\/\"},\"wordCount\":766,\"commentCount\":0,\"publisher\":{\"@id\":\"http:\\\/\\\/angelboss.com.br\\\/#organization\"},\"image\":{\"@id\":\"http:\\\/\\\/angelboss.com.br\\\/en\\\/2026\\\/04\\\/15\\\/323054-expansao-do-porto-de-paranagua-aquece-setor-logistico\\\/#primaryimage\"},\"thumbnailUrl\":\"http:\\\/\\\/angelboss.com.br\\\/wp-content\\\/uploads\\\/2026\\\/04\\\/b1889a7f-fe12-4434-ba88-430715a2df69.png\",\"keywords\":[\"ECONOMIA\",\"IND\u00daSTRIA DE DUR\u00c1VEIS\",\"IND\u00daSTRIAS\",\"IND\u00daSTRIAS DE BENS INTERMEDI\u00c1RIOS\",\"NEG\u00d3CIOS\"],\"articleSection\":[\"Not\u00edcias Corporativas\"],\"inLanguage\":\"en-US\",\"potentialAction\":[{\"@type\":\"CommentAction\",\"name\":\"Comment\",\"target\":[\"http:\\\/\\\/angelboss.com.br\\\/en\\\/2026\\\/04\\\/15\\\/323054-expansao-do-porto-de-paranagua-aquece-setor-logistico\\\/#respond\"]}]},{\"@type\":\"WebPage\",\"@id\":\"http:\\\/\\\/angelboss.com.br\\\/en\\\/2026\\\/04\\\/15\\\/323054-expansao-do-porto-de-paranagua-aquece-setor-logistico\\\/\",\"url\":\"http:\\\/\\\/angelboss.com.br\\\/en\\\/2026\\\/04\\\/15\\\/323054-expansao-do-porto-de-paranagua-aquece-setor-logistico\\\/\",\"name\":\"Expans\u00e3o do Porto de Paranagu\u00e1 aquece setor log\u00edstico - Portal Masculino de Moda, Beleza, Luxo and Business - Angel Boss\",\"isPartOf\":{\"@id\":\"http:\\\/\\\/angelboss.com.br\\\/#website\"},\"primaryImageOfPage\":{\"@id\":\"http:\\\/\\\/angelboss.com.br\\\/en\\\/2026\\\/04\\\/15\\\/323054-expansao-do-porto-de-paranagua-aquece-setor-logistico\\\/#primaryimage\"},\"image\":{\"@id\":\"http:\\\/\\\/angelboss.com.br\\\/en\\\/2026\\\/04\\\/15\\\/323054-expansao-do-porto-de-paranagua-aquece-setor-logistico\\\/#primaryimage\"},\"thumbnailUrl\":\"http:\\\/\\\/angelboss.com.br\\\/wp-content\\\/uploads\\\/2026\\\/04\\\/b1889a7f-fe12-4434-ba88-430715a2df69.png\",\"datePublished\":\"2026-04-15T00:00:00+00:00\",\"breadcrumb\":{\"@id\":\"http:\\\/\\\/angelboss.com.br\\\/en\\\/2026\\\/04\\\/15\\\/323054-expansao-do-porto-de-paranagua-aquece-setor-logistico\\\/#breadcrumb\"},\"inLanguage\":\"en-US\",\"potentialAction\":[{\"@type\":\"ReadAction\",\"target\":[\"http:\\\/\\\/angelboss.com.br\\\/en\\\/2026\\\/04\\\/15\\\/323054-expansao-do-porto-de-paranagua-aquece-setor-logistico\\\/\"]}]},{\"@type\":\"ImageObject\",\"inLanguage\":\"en-US\",\"@id\":\"http:\\\/\\\/angelboss.com.br\\\/en\\\/2026\\\/04\\\/15\\\/323054-expansao-do-porto-de-paranagua-aquece-setor-logistico\\\/#primaryimage\",\"url\":\"http:\\\/\\\/angelboss.com.br\\\/wp-content\\\/uploads\\\/2026\\\/04\\\/b1889a7f-fe12-4434-ba88-430715a2df69.png\",\"contentUrl\":\"http:\\\/\\\/angelboss.com.br\\\/wp-content\\\/uploads\\\/2026\\\/04\\\/b1889a7f-fe12-4434-ba88-430715a2df69.png\",\"width\":1200,\"height\":730,\"caption\":\"Expans\u00e3o do Porto de Paranagu\u00e1 aquece setor log\u00edstico\"},{\"@type\":\"BreadcrumbList\",\"@id\":\"http:\\\/\\\/angelboss.com.br\\\/en\\\/2026\\\/04\\\/15\\\/323054-expansao-do-porto-de-paranagua-aquece-setor-logistico\\\/#breadcrumb\",\"itemListElement\":[{\"@type\":\"ListItem\",\"position\":1,\"name\":\"In\u00edcio\",\"item\":\"https:\\\/\\\/angelboss.com.br\\\/\"},{\"@type\":\"ListItem\",\"position\":2,\"name\":\"Expans\u00e3o do Porto de Paranagu\u00e1 aquece setor log\u00edstico\"}]},{\"@type\":\"WebSite\",\"@id\":\"http:\\\/\\\/angelboss.com.br\\\/#website\",\"url\":\"http:\\\/\\\/angelboss.com.br\\\/\",\"name\":\"Portal Masculino de Moda, Beleza, Luxo e Business - Angel Boss\",\"description\":\"O Maior Portal sobre Moda, Luxo, Beleza e Business Masculino do Brasil\",\"publisher\":{\"@id\":\"http:\\\/\\\/angelboss.com.br\\\/#organization\"},\"alternateName\":\"Maior Portal e Blog de Beleza Masculina e Luxo\",\"potentialAction\":[{\"@type\":\"SearchAction\",\"target\":{\"@type\":\"EntryPoint\",\"urlTemplate\":\"http:\\\/\\\/angelboss.com.br\\\/?s={search_term_string}\"},\"query-input\":{\"@type\":\"PropertyValueSpecification\",\"valueRequired\":true,\"valueName\":\"search_term_string\"}}],\"inLanguage\":\"en-US\"},{\"@type\":\"Organization\",\"@id\":\"http:\\\/\\\/angelboss.com.br\\\/#organization\",\"name\":\"Portal Masculino de Moda, Beleza, Luxo and Business - Angel Boss\",\"url\":\"http:\\\/\\\/angelboss.com.br\\\/\",\"logo\":{\"@type\":\"ImageObject\",\"inLanguage\":\"en-US\",\"@id\":\"http:\\\/\\\/angelboss.com.br\\\/#\\\/schema\\\/logo\\\/image\\\/\",\"url\":\"https:\\\/\\\/angelboss.com.br\\\/wp-content\\\/uploads\\\/2025\\\/12\\\/WhatsApp-Image-2025-12-11-at-12.54.26.jpeg\",\"contentUrl\":\"https:\\\/\\\/angelboss.com.br\\\/wp-content\\\/uploads\\\/2025\\\/12\\\/WhatsApp-Image-2025-12-11-at-12.54.26.jpeg\",\"width\":1280,\"height\":1280,\"caption\":\"Portal Masculino de Moda, Beleza, Luxo and Business - Angel Boss\"},\"image\":{\"@id\":\"http:\\\/\\\/angelboss.com.br\\\/#\\\/schema\\\/logo\\\/image\\\/\"}},{\"@type\":\"Person\",\"@id\":\"http:\\\/\\\/angelboss.com.br\\\/#\\\/schema\\\/person\\\/b6676b8d991f97199ef2d5b8e5c2d8a5\",\"name\":\"DINO\",\"image\":{\"@type\":\"ImageObject\",\"inLanguage\":\"en-US\",\"@id\":\"https:\\\/\\\/secure.gravatar.com\\\/avatar\\\/f29568383aedf96da155b6f87103b0e04b1c662f982055cda25086444ab33ff8?s=96&d=mm&r=g\",\"url\":\"https:\\\/\\\/secure.gravatar.com\\\/avatar\\\/f29568383aedf96da155b6f87103b0e04b1c662f982055cda25086444ab33ff8?s=96&d=mm&r=g\",\"contentUrl\":\"https:\\\/\\\/secure.gravatar.com\\\/avatar\\\/f29568383aedf96da155b6f87103b0e04b1c662f982055cda25086444ab33ff8?s=96&d=mm&r=g\",\"caption\":\"DINO\"},\"url\":\"http:\\\/\\\/angelboss.com.br\\\/en\\\/author\\\/DINO\\\/\"}]}<\/script>\n<!-- \/ Yoast SEO plugin. -->","yoast_head_json":{"title":"Expans\u00e3o do Porto de Paranagu\u00e1 aquece setor log\u00edstico - Portal Masculino de Moda, Beleza, Luxo and Business - Angel Boss","robots":{"index":"index","follow":"follow","max-snippet":"max-snippet:-1","max-image-preview":"max-image-preview:large","max-video-preview":"max-video-preview:-1"},"canonical":"http:\/\/angelboss.com.br\/en\/2026\/04\/15\/323054-expansao-do-porto-de-paranagua-aquece-setor-logistico\/","og_locale":"en_US","og_type":"article","og_title":"Expans\u00e3o do Porto de Paranagu\u00e1 aquece setor log\u00edstico - Portal Masculino de Moda, Beleza, Luxo and Business - Angel Boss","og_description":"Investimentos bilion\u00e1rios nos pr\u00f3ximos anos devem ampliar a capacidade log\u00edstica do terminal, fortalecendo a busca por solu\u00e7\u00f5es de armazenagem mais \u00e1geis.","og_url":"http:\/\/angelboss.com.br\/en\/2026\/04\/15\/323054-expansao-do-porto-de-paranagua-aquece-setor-logistico\/","og_site_name":"Portal Masculino de Moda, Beleza, Luxo and Business - Angel Boss","article_published_time":"2026-04-15T00:00:00+00:00","og_image":[{"width":1200,"height":730,"url":"http:\/\/angelboss.com.br\/wp-content\/uploads\/2026\/04\/b1889a7f-fe12-4434-ba88-430715a2df69.png","type":"image\/png"}],"author":"DINO","twitter_card":"summary_large_image","twitter_misc":{"Written by":"DINO","Est. reading time":"4 minutes"},"schema":{"@context":"https:\/\/schema.org","@graph":[{"@type":"Article","@id":"http:\/\/angelboss.com.br\/en\/2026\/04\/15\/323054-expansao-do-porto-de-paranagua-aquece-setor-logistico\/#article","isPartOf":{"@id":"http:\/\/angelboss.com.br\/en\/2026\/04\/15\/323054-expansao-do-porto-de-paranagua-aquece-setor-logistico\/"},"author":{"name":"DINO","@id":"http:\/\/angelboss.com.br\/#\/schema\/person\/b6676b8d991f97199ef2d5b8e5c2d8a5"},"headline":"Expans\u00e3o do Porto de Paranagu\u00e1 aquece setor log\u00edstico","datePublished":"2026-04-15T00:00:00+00:00","mainEntityOfPage":{"@id":"http:\/\/angelboss.com.br\/en\/2026\/04\/15\/323054-expansao-do-porto-de-paranagua-aquece-setor-logistico\/"},"wordCount":766,"commentCount":0,"publisher":{"@id":"http:\/\/angelboss.com.br\/#organization"},"image":{"@id":"http:\/\/angelboss.com.br\/en\/2026\/04\/15\/323054-expansao-do-porto-de-paranagua-aquece-setor-logistico\/#primaryimage"},"thumbnailUrl":"http:\/\/angelboss.com.br\/wp-content\/uploads\/2026\/04\/b1889a7f-fe12-4434-ba88-430715a2df69.png","keywords":["ECONOMIA","IND\u00daSTRIA DE DUR\u00c1VEIS","IND\u00daSTRIAS","IND\u00daSTRIAS DE BENS INTERMEDI\u00c1RIOS","NEG\u00d3CIOS"],"articleSection":["Not\u00edcias Corporativas"],"inLanguage":"en-US","potentialAction":[{"@type":"CommentAction","name":"Comment","target":["http:\/\/angelboss.com.br\/en\/2026\/04\/15\/323054-expansao-do-porto-de-paranagua-aquece-setor-logistico\/#respond"]}]},{"@type":"WebPage","@id":"http:\/\/angelboss.com.br\/en\/2026\/04\/15\/323054-expansao-do-porto-de-paranagua-aquece-setor-logistico\/","url":"http:\/\/angelboss.com.br\/en\/2026\/04\/15\/323054-expansao-do-porto-de-paranagua-aquece-setor-logistico\/","name":"Expans\u00e3o do Porto de Paranagu\u00e1 aquece setor log\u00edstico - Portal Masculino de Moda, Beleza, Luxo and Business - Angel Boss","isPartOf":{"@id":"http:\/\/angelboss.com.br\/#website"},"primaryImageOfPage":{"@id":"http:\/\/angelboss.com.br\/en\/2026\/04\/15\/323054-expansao-do-porto-de-paranagua-aquece-setor-logistico\/#primaryimage"},"image":{"@id":"http:\/\/angelboss.com.br\/en\/2026\/04\/15\/323054-expansao-do-porto-de-paranagua-aquece-setor-logistico\/#primaryimage"},"thumbnailUrl":"http:\/\/angelboss.com.br\/wp-content\/uploads\/2026\/04\/b1889a7f-fe12-4434-ba88-430715a2df69.png","datePublished":"2026-04-15T00:00:00+00:00","breadcrumb":{"@id":"http:\/\/angelboss.com.br\/en\/2026\/04\/15\/323054-expansao-do-porto-de-paranagua-aquece-setor-logistico\/#breadcrumb"},"inLanguage":"en-US","potentialAction":[{"@type":"ReadAction","target":["http:\/\/angelboss.com.br\/en\/2026\/04\/15\/323054-expansao-do-porto-de-paranagua-aquece-setor-logistico\/"]}]},{"@type":"ImageObject","inLanguage":"en-US","@id":"http:\/\/angelboss.com.br\/en\/2026\/04\/15\/323054-expansao-do-porto-de-paranagua-aquece-setor-logistico\/#primaryimage","url":"http:\/\/angelboss.com.br\/wp-content\/uploads\/2026\/04\/b1889a7f-fe12-4434-ba88-430715a2df69.png","contentUrl":"http:\/\/angelboss.com.br\/wp-content\/uploads\/2026\/04\/b1889a7f-fe12-4434-ba88-430715a2df69.png","width":1200,"height":730,"caption":"Expans\u00e3o do Porto de Paranagu\u00e1 aquece setor log\u00edstico"},{"@type":"BreadcrumbList","@id":"http:\/\/angelboss.com.br\/en\/2026\/04\/15\/323054-expansao-do-porto-de-paranagua-aquece-setor-logistico\/#breadcrumb","itemListElement":[{"@type":"ListItem","position":1,"name":"In\u00edcio","item":"https:\/\/angelboss.com.br\/"},{"@type":"ListItem","position":2,"name":"Expans\u00e3o do Porto de Paranagu\u00e1 aquece setor log\u00edstico"}]},{"@type":"WebSite","@id":"http:\/\/angelboss.com.br\/#website","url":"http:\/\/angelboss.com.br\/","name":"Portal Masculino de Moda, Beleza, Luxo e Business - Angel Boss","description":"O Maior Portal sobre Moda, Luxo, Beleza e Business Masculino do Brasil","publisher":{"@id":"http:\/\/angelboss.com.br\/#organization"},"alternateName":"Maior Portal e Blog de Beleza Masculina e Luxo","potentialAction":[{"@type":"SearchAction","target":{"@type":"EntryPoint","urlTemplate":"http:\/\/angelboss.com.br\/?s={search_term_string}"},"query-input":{"@type":"PropertyValueSpecification","valueRequired":true,"valueName":"search_term_string"}}],"inLanguage":"en-US"},{"@type":"Organization","@id":"http:\/\/angelboss.com.br\/#organization","name":"Portal Masculino de Moda, Beleza, Luxo and Business - Angel Boss","url":"http:\/\/angelboss.com.br\/","logo":{"@type":"ImageObject","inLanguage":"en-US","@id":"http:\/\/angelboss.com.br\/#\/schema\/logo\/image\/","url":"https:\/\/angelboss.com.br\/wp-content\/uploads\/2025\/12\/WhatsApp-Image-2025-12-11-at-12.54.26.jpeg","contentUrl":"https:\/\/angelboss.com.br\/wp-content\/uploads\/2025\/12\/WhatsApp-Image-2025-12-11-at-12.54.26.jpeg","width":1280,"height":1280,"caption":"Portal Masculino de Moda, Beleza, Luxo and Business - Angel Boss"},"image":{"@id":"http:\/\/angelboss.com.br\/#\/schema\/logo\/image\/"}},{"@type":"Person","@id":"http:\/\/angelboss.com.br\/#\/schema\/person\/b6676b8d991f97199ef2d5b8e5c2d8a5","name":"DINO","image":{"@type":"ImageObject","inLanguage":"en-US","@id":"https:\/\/secure.gravatar.com\/avatar\/f29568383aedf96da155b6f87103b0e04b1c662f982055cda25086444ab33ff8?s=96&d=mm&r=g","url":"https:\/\/secure.gravatar.com\/avatar\/f29568383aedf96da155b6f87103b0e04b1c662f982055cda25086444ab33ff8?s=96&d=mm&r=g","contentUrl":"https:\/\/secure.gravatar.com\/avatar\/f29568383aedf96da155b6f87103b0e04b1c662f982055cda25086444ab33ff8?s=96&d=mm&r=g","caption":"DINO"},"url":"http:\/\/angelboss.com.br\/en\/author\/DINO\/"}]}},"amp_enabled":true,"_links":{"self":[{"href":"http:\/\/angelboss.com.br\/en\/wp-json\/wp\/v2\/posts\/19173","targetHints":{"allow":["GET"]}}],"collection":[{"href":"http:\/\/angelboss.com.br\/en\/wp-json\/wp\/v2\/posts"}],"about":[{"href":"http:\/\/angelboss.com.br\/en\/wp-json\/wp\/v2\/types\/post"}],"author":[{"embeddable":true,"href":"http:\/\/angelboss.com.br\/en\/wp-json\/wp\/v2\/users\/3"}],"replies":[{"embeddable":true,"href":"http:\/\/angelboss.com.br\/en\/wp-json\/wp\/v2\/comments?post=19173"}],"version-history":[{"count":0,"href":"http:\/\/angelboss.com.br\/en\/wp-json\/wp\/v2\/posts\/19173\/revisions"}],"wp:featuredmedia":[{"embeddable":true,"href":"http:\/\/angelboss.com.br\/en\/wp-json\/wp\/v2\/media\/19174"}],"wp:attachment":[{"href":"http:\/\/angelboss.com.br\/en\/wp-json\/wp\/v2\/media?parent=19173"}],"wp:term":[{"taxonomy":"category","embeddable":true,"href":"http:\/\/angelboss.com.br\/en\/wp-json\/wp\/v2\/categories?post=19173"},{"taxonomy":"post_tag","embeddable":true,"href":"http:\/\/angelboss.com.br\/en\/wp-json\/wp\/v2\/tags?post=19173"}],"curies":[{"name":"wp","href":"https:\/\/api.w.org\/{rel}","templated":true}]}}