{"id":17556,"date":"2026-03-31T18:37:15","date_gmt":"2026-03-31T18:37:15","guid":{"rendered":"https:\/\/angelboss.com.br\/?p=17556"},"modified":"2026-03-31T18:37:16","modified_gmt":"2026-03-31T18:37:16","slug":"asa-fair-2026-casa-fradique-pinheiros-moda-arte-decoracao-social","status":"publish","type":"post","link":"http:\/\/angelboss.com.br\/en\/2026\/03\/31\/asa-fair-2026-casa-fradique-pinheiros-moda-arte-decoracao-social\/","title":{"rendered":"ASA FAIR\u00ae: evento de moda, arte e decora\u00e7\u00e3o gera renda para organiza\u00e7\u00e3o social em S\u00e3o Paulo"},"content":{"rendered":"<p><em>Com\u00a0entrada gratuita, o\u00a0evento\u00a0re\u00fane 20\u00a0expositores no bairro\u00a0de\u00a0Pinheiros,\u00a0entre os dias 07\u00a0e\u00a008\u00a0de\u00a0abril. Parte da verba \u00e9\u00a0destinada \u00e0\u00a0ASA\u00a0&#8211; Associa\u00e7\u00e3o Santo Agostinho, institui\u00e7\u00e3o que oferece\u00a0educa\u00e7\u00e3o\u00a0e\u00a0acolhimento\u00a0para\u00a0crian\u00e7as, adolescentes\u00a0e\u00a0idosos<\/em><\/p>\n\n\n\n<p>A cidade&nbsp;de&nbsp;S\u00e3o&nbsp;Paulo&nbsp;recebe mais uma&nbsp;edi\u00e7\u00e3o do&nbsp;ASA&nbsp;Fair, que re\u00fane&nbsp;economia circular&nbsp;e&nbsp;impacto&nbsp;social&nbsp;na Casa Fradique,&nbsp;em&nbsp;Pinheiros. O&nbsp;evento&nbsp;incentiva o&nbsp;empreendedorismo ao reunir,&nbsp;em&nbsp;um s\u00f3&nbsp;espa\u00e7o, 20 marcas autorais&nbsp;de&nbsp;moda,&nbsp;arte&nbsp;e&nbsp;decora\u00e7\u00e3o,&nbsp;entre outros segmentos.&nbsp;<\/p>\n\n\n\n<p>Al\u00e9m&nbsp;de&nbsp;apoiar&nbsp;esses pequenos&nbsp;e&nbsp;m\u00e9dios&nbsp;expositores, o&nbsp;evento&nbsp;tamb\u00e9m apoia a&nbsp;manuten\u00e7\u00e3o&nbsp;de&nbsp;projetos&nbsp;de&nbsp;educa\u00e7\u00e3o&nbsp;e&nbsp;acolhimento \u00e0 crian\u00e7as, adolescentes&nbsp;e&nbsp;idosos&nbsp;em&nbsp;situa\u00e7\u00e3o&nbsp;de&nbsp;vulnerabilidade. Parte da&nbsp;renda&nbsp;do&nbsp;evento&nbsp;\u00e9 direcionada a&nbsp;ASA, organiza\u00e7\u00e3o&nbsp;social&nbsp;com mais&nbsp;de&nbsp;80 anos. Atualmente, a&nbsp;ASA&nbsp;atende mais&nbsp;de&nbsp;2.000 pessoas na cidade&nbsp;de&nbsp;S\u00e3o&nbsp;Paulo.<\/p>\n\n\n\n<p>\u201cO&nbsp;ASA&nbsp;FAIR\u00ae \u00e9 um&nbsp;encontro que re\u00fane marcas, pessoas&nbsp;e&nbsp;solidariedade&nbsp;em&nbsp;um s\u00f3 lugar, mostrando que \u00e9 poss\u00edvel consumir com prop\u00f3sito&nbsp;e&nbsp;gerar impacto. Aqui, a&nbsp;experi\u00eancia da compra se torna uma oportunidade&nbsp;de&nbsp;apoiar a\u00e7\u00f5es sociais que transformam o dia a dia&nbsp;de&nbsp;crian\u00e7as, adolescentes&nbsp;e&nbsp;idosos que s\u00e3o atendidos pela&nbsp;ASA&nbsp;em&nbsp;diversas unidades&nbsp;espalhadas pela cidade&#8221;,&nbsp;destaca Nelly Conde, volunt\u00e1ria da&nbsp;ASA&nbsp;e&nbsp;respons\u00e1vel pela curadoria&nbsp;do&nbsp;evento.<\/p>\n\n\n\n<p><strong>Acolhimento&nbsp;e&nbsp;cuidado<\/strong><\/p>\n\n\n\n<p>Dentre as a\u00e7\u00f5es sociais promovidas pela&nbsp;ASA,&nbsp;destacam-se os Centros&nbsp;de&nbsp;Educa\u00e7\u00e3o Infantil (CEIs&nbsp;ASA), localizados nos bairros&nbsp;de&nbsp;Lauzane Paulista, Bela Vista, Caxingui, Morumbi&nbsp;e&nbsp;Jardim&nbsp;Ester, cujo projeto pedag\u00f3gico propicia&nbsp;espa\u00e7o, tempo&nbsp;e&nbsp;materiais que permitam \u00e0s crian\u00e7as brincar, dormir, se movimentar,&nbsp;expressar pensamentos&nbsp;e&nbsp;sentimentos&nbsp;e&nbsp;adquirir autonomia. Nos Centros&nbsp;para&nbsp;Crian\u00e7as&nbsp;e&nbsp;Adolescentes (CCAs&nbsp;ASA), localizados&nbsp;em&nbsp;Bosque da Sa\u00fade, Caxingui,&nbsp;Parais\u00f3polis&nbsp;e&nbsp;Jardim&nbsp;Ester, durante o contraturno&nbsp;escolar, os&nbsp;educandos participam&nbsp;de&nbsp;atividades socioeducativas&nbsp;e&nbsp;oficinas&nbsp;de&nbsp;cultura digital,&nbsp;esportes, teatro, m\u00fasica, alimenta\u00e7\u00e3o saud\u00e1vel,&nbsp;entre outras.<\/p>\n\n\n\n<p>Para&nbsp;os idosos, a&nbsp;ASA&nbsp;oferece o Centro Dia&nbsp;para&nbsp;Idosos (CDI&nbsp;ASA) Lar Santo Alberto,&nbsp;em&nbsp;Lauzane Paulista. Trata-se&nbsp;de&nbsp;um&nbsp;espa\u00e7o&nbsp;de&nbsp;conviv\u00eancia&nbsp;para&nbsp;idosos, que oferece oportunidades&nbsp;para&nbsp;um&nbsp;envelhecimento ativo&nbsp;e&nbsp;saud\u00e1vel. L\u00e1&nbsp;eles participam&nbsp;de&nbsp;oficinas diversas,&nbsp;exerc\u00edcios f\u00edsicos&nbsp;e&nbsp;fisioterap\u00eauticos, al\u00e9m&nbsp;de&nbsp;atividades que potencializam as rela\u00e7\u00f5es sociais, a participa\u00e7\u00e3o familiar, a autonomia&nbsp;e&nbsp;o fortalecimento das capacidades cognitivas.<\/p>\n\n\n\n<p><strong>O&nbsp;ASA&nbsp;FAIR\u00ae tem hist\u00f3ria<\/strong><\/p>\n\n\n\n<p>O primeiro bazar solid\u00e1rio foi realizado&nbsp;em&nbsp;1948. Volunt\u00e1rias da&nbsp;ASA&nbsp;se reuniam&nbsp;para&nbsp;confeccionar produtos&nbsp;de&nbsp;costura&nbsp;e&nbsp;artesanato.&nbsp;Em&nbsp;1996, atualizou seu nome&nbsp;de&nbsp;bazar&nbsp;para&nbsp;ASA&nbsp;FAIR\u00ae &#8211; se transformando num&nbsp;evento&nbsp;de&nbsp;moda,&nbsp;arte, gastronomia&nbsp;e&nbsp;empreendedorismo, aliando o trabalho manual&nbsp;de&nbsp;volunt\u00e1rias que se&nbsp;encontram semanalmente na unidade central a uma curadoria&nbsp;exclusiva&nbsp;de&nbsp;expositores&nbsp;e&nbsp;a preocupa\u00e7\u00e3o constante por justi\u00e7a&nbsp;social.<\/p>\n\n\n\n<p><strong><em>Servi\u00e7o:&nbsp;<\/em><\/strong>&nbsp;<strong>ASA&nbsp;FAIR\u00ae<\/strong><\/p>\n\n\n\n<p><strong><em>Quando:<\/em><\/strong><em>&nbsp;Dias 07&nbsp;e&nbsp;08&nbsp;de&nbsp;abril, das 11h \u00e0s 20h<\/em><\/p>\n\n\n\n<p><strong><em>Onde:<\/em><\/strong><em>&nbsp;Casa Fradique (Rua Fradique Coutinho, 297).<\/em><\/p>\n\n\n\n<p><strong><em>Formas&nbsp;de&nbsp;pagamento:<\/em><\/strong><em>&nbsp;\u00e0 vista&nbsp;em&nbsp;dinheiro ou pix, cart\u00f5es&nbsp;de&nbsp;d\u00e9bito&nbsp;e&nbsp;cr\u00e9dito.<\/em><\/p>\n\n\n\n<p><strong><em>Quanto:<\/em><\/strong><em>&nbsp;Entrada gratuita<\/em><\/p>","protected":false},"excerpt":{"rendered":"<p>Com\u00a0entrada gratuita, o\u00a0evento\u00a0re\u00fane 20\u00a0expositores no bairro\u00a0de\u00a0Pinheiros,\u00a0entre os dias 07\u00a0e\u00a008\u00a0de\u00a0abril. Parte da verba \u00e9\u00a0destinada \u00e0\u00a0ASA\u00a0&#8211; Associa\u00e7\u00e3o Santo Agostinho, institui\u00e7\u00e3o que oferece\u00a0educa\u00e7\u00e3o\u00a0e\u00a0acolhimento\u00a0para\u00a0crian\u00e7as, adolescentes\u00a0e\u00a0idosos A cidade&nbsp;de&nbsp;S\u00e3o&nbsp;Paulo&nbsp;recebe mais uma&nbsp;edi\u00e7\u00e3o do&nbsp;ASA&nbsp;Fair, que re\u00fane&nbsp;economia circular&nbsp;e&nbsp;impacto&nbsp;social&nbsp;na Casa Fradique,&nbsp;em&nbsp;Pinheiros. O&nbsp;evento&nbsp;incentiva o&nbsp;empreendedorismo ao reunir,&nbsp;em&nbsp;um s\u00f3&nbsp;espa\u00e7o, 20 marcas autorais&nbsp;de&nbsp;moda,&nbsp;arte&nbsp;e&nbsp;decora\u00e7\u00e3o,&nbsp;entre outros segmentos.&nbsp; Al\u00e9m&nbsp;de&nbsp;apoiar&nbsp;esses pequenos&nbsp;e&nbsp;m\u00e9dios&nbsp;expositores, o&nbsp;evento&nbsp;tamb\u00e9m apoia a&nbsp;manuten\u00e7\u00e3o&nbsp;de&nbsp;projetos&nbsp;de&nbsp;educa\u00e7\u00e3o&nbsp;e&nbsp;acolhimento \u00e0 crian\u00e7as, adolescentes&nbsp;e&nbsp;idosos&nbsp;em&nbsp;situa\u00e7\u00e3o&nbsp;de&nbsp;vulnerabilidade. Parte da&nbsp;renda&nbsp;do&nbsp;evento&nbsp;\u00e9 direcionada a&nbsp;ASA, organiza\u00e7\u00e3o&nbsp;social&nbsp;com mais&nbsp;de&nbsp;80<\/p>","protected":false},"author":2,"featured_media":17558,"comment_status":"open","ping_status":"open","sticky":false,"template":"","format":"standard","meta":{"footnotes":""},"categories":[2402,609],"tags":[2861,2860,2862],"class_list":{"0":"post-17556","1":"post","2":"type-post","3":"status-publish","4":"format-standard","5":"has-post-thumbnail","7":"category-cultura","8":"category-moda","9":"tag-arte-e-impacto","10":"tag-asa-fair-2026","11":"tag-casa-fradique"},"yoast_head":"<!-- This site is optimized with the Yoast SEO plugin v27.5 - https:\/\/yoast.com\/product\/yoast-seo-wordpress\/ -->\n<title>ASA FAIR 2026: Moda, Arte e Impacto Social em Pinheiros<\/title>\n<meta name=\"description\" content=\"O ASA FAIR 2026 acontece em 7 e 8 de abril na Casa Fradique. Descubra 20 marcas autorais de moda e decora\u00e7\u00e3o que destinam parte da renda para projetos sociais da ASA.\" \/>\n<meta name=\"robots\" content=\"index, follow, max-snippet:-1, max-image-preview:large, max-video-preview:-1\" \/>\n<link rel=\"canonical\" href=\"http:\/\/angelboss.com.br\/en\/2026\/03\/31\/asa-fair-2026-casa-fradique-pinheiros-moda-arte-decoracao-social\/\" \/>\n<meta property=\"og:locale\" content=\"en_US\" \/>\n<meta property=\"og:type\" content=\"article\" \/>\n<meta property=\"og:title\" content=\"ASA FAIR 2026: Moda, Arte e Impacto Social em Pinheiros\" \/>\n<meta property=\"og:description\" content=\"O ASA FAIR 2026 acontece em 7 e 8 de abril na Casa Fradique. Descubra 20 marcas autorais de moda e decora\u00e7\u00e3o que destinam parte da renda para projetos sociais da ASA.\" \/>\n<meta property=\"og:url\" content=\"http:\/\/angelboss.com.br\/en\/2026\/03\/31\/asa-fair-2026-casa-fradique-pinheiros-moda-arte-decoracao-social\/\" \/>\n<meta property=\"og:site_name\" content=\"Portal Masculino de Moda, Beleza, Luxo and Business - Angel Boss\" \/>\n<meta property=\"article:published_time\" content=\"2026-03-31T18:37:15+00:00\" \/>\n<meta property=\"article:modified_time\" content=\"2026-03-31T18:37:16+00:00\" \/>\n<meta property=\"og:image\" content=\"http:\/\/angelboss.com.br\/wp-content\/uploads\/2026\/03\/0c644706-ec76-4c88-bd8d-6fb27559ab74.jpeg\" \/>\n\t<meta property=\"og:image:width\" content=\"1600\" \/>\n\t<meta property=\"og:image:height\" content=\"1066\" \/>\n\t<meta property=\"og:image:type\" content=\"image\/jpeg\" \/>\n<meta name=\"author\" content=\"Neto Angel Boss\" \/>\n<meta name=\"twitter:card\" content=\"summary_large_image\" \/>\n<meta name=\"twitter:label1\" content=\"Written by\" \/>\n\t<meta name=\"twitter:data1\" content=\"Neto Angel Boss\" \/>\n\t<meta name=\"twitter:label2\" content=\"Est. reading time\" \/>\n\t<meta name=\"twitter:data2\" content=\"3 minutes\" \/>\n<script type=\"application\/ld+json\" class=\"yoast-schema-graph\">{\"@context\":\"https:\\\/\\\/schema.org\",\"@graph\":[{\"@type\":\"Article\",\"@id\":\"http:\\\/\\\/angelboss.com.br\\\/en\\\/2026\\\/03\\\/31\\\/asa-fair-2026-casa-fradique-pinheiros-moda-arte-decoracao-social\\\/#article\",\"isPartOf\":{\"@id\":\"http:\\\/\\\/angelboss.com.br\\\/en\\\/2026\\\/03\\\/31\\\/asa-fair-2026-casa-fradique-pinheiros-moda-arte-decoracao-social\\\/\"},\"author\":{\"name\":\"Neto Angel Boss\",\"@id\":\"https:\\\/\\\/angelboss.com.br\\\/en\\\/#\\\/schema\\\/person\\\/af084936b46cf2e03f299183e429e350\"},\"headline\":\"ASA FAIR\u00ae: evento de moda, arte e decora\u00e7\u00e3o gera renda para organiza\u00e7\u00e3o social em S\u00e3o Paulo\",\"datePublished\":\"2026-03-31T18:37:15+00:00\",\"dateModified\":\"2026-03-31T18:37:16+00:00\",\"mainEntityOfPage\":{\"@id\":\"http:\\\/\\\/angelboss.com.br\\\/en\\\/2026\\\/03\\\/31\\\/asa-fair-2026-casa-fradique-pinheiros-moda-arte-decoracao-social\\\/\"},\"wordCount\":761,\"commentCount\":0,\"publisher\":{\"@id\":\"https:\\\/\\\/angelboss.com.br\\\/en\\\/#organization\"},\"image\":{\"@id\":\"http:\\\/\\\/angelboss.com.br\\\/en\\\/2026\\\/03\\\/31\\\/asa-fair-2026-casa-fradique-pinheiros-moda-arte-decoracao-social\\\/#primaryimage\"},\"thumbnailUrl\":\"http:\\\/\\\/angelboss.com.br\\\/wp-content\\\/uploads\\\/2026\\\/03\\\/0c644706-ec76-4c88-bd8d-6fb27559ab74.jpeg\",\"keywords\":[\"Arte e Impacto\",\"ASA FAIR 2026\",\"Casa Fradique\"],\"articleSection\":[\"Cultura\",\"MODA\"],\"inLanguage\":\"en-US\",\"potentialAction\":[{\"@type\":\"CommentAction\",\"name\":\"Comment\",\"target\":[\"http:\\\/\\\/angelboss.com.br\\\/en\\\/2026\\\/03\\\/31\\\/asa-fair-2026-casa-fradique-pinheiros-moda-arte-decoracao-social\\\/#respond\"]}]},{\"@type\":\"WebPage\",\"@id\":\"http:\\\/\\\/angelboss.com.br\\\/en\\\/2026\\\/03\\\/31\\\/asa-fair-2026-casa-fradique-pinheiros-moda-arte-decoracao-social\\\/\",\"url\":\"http:\\\/\\\/angelboss.com.br\\\/en\\\/2026\\\/03\\\/31\\\/asa-fair-2026-casa-fradique-pinheiros-moda-arte-decoracao-social\\\/\",\"name\":\"ASA FAIR 2026: Moda, Arte e Impacto Social em Pinheiros\",\"isPartOf\":{\"@id\":\"https:\\\/\\\/angelboss.com.br\\\/en\\\/#website\"},\"primaryImageOfPage\":{\"@id\":\"http:\\\/\\\/angelboss.com.br\\\/en\\\/2026\\\/03\\\/31\\\/asa-fair-2026-casa-fradique-pinheiros-moda-arte-decoracao-social\\\/#primaryimage\"},\"image\":{\"@id\":\"http:\\\/\\\/angelboss.com.br\\\/en\\\/2026\\\/03\\\/31\\\/asa-fair-2026-casa-fradique-pinheiros-moda-arte-decoracao-social\\\/#primaryimage\"},\"thumbnailUrl\":\"http:\\\/\\\/angelboss.com.br\\\/wp-content\\\/uploads\\\/2026\\\/03\\\/0c644706-ec76-4c88-bd8d-6fb27559ab74.jpeg\",\"datePublished\":\"2026-03-31T18:37:15+00:00\",\"dateModified\":\"2026-03-31T18:37:16+00:00\",\"description\":\"O ASA FAIR 2026 acontece em 7 e 8 de abril na Casa Fradique. Descubra 20 marcas autorais de moda e decora\u00e7\u00e3o que destinam parte da renda para projetos sociais da ASA.\",\"breadcrumb\":{\"@id\":\"http:\\\/\\\/angelboss.com.br\\\/en\\\/2026\\\/03\\\/31\\\/asa-fair-2026-casa-fradique-pinheiros-moda-arte-decoracao-social\\\/#breadcrumb\"},\"inLanguage\":\"en-US\",\"potentialAction\":[{\"@type\":\"ReadAction\",\"target\":[\"http:\\\/\\\/angelboss.com.br\\\/en\\\/2026\\\/03\\\/31\\\/asa-fair-2026-casa-fradique-pinheiros-moda-arte-decoracao-social\\\/\"]}]},{\"@type\":\"ImageObject\",\"inLanguage\":\"en-US\",\"@id\":\"http:\\\/\\\/angelboss.com.br\\\/en\\\/2026\\\/03\\\/31\\\/asa-fair-2026-casa-fradique-pinheiros-moda-arte-decoracao-social\\\/#primaryimage\",\"url\":\"http:\\\/\\\/angelboss.com.br\\\/wp-content\\\/uploads\\\/2026\\\/03\\\/0c644706-ec76-4c88-bd8d-6fb27559ab74.jpeg\",\"contentUrl\":\"http:\\\/\\\/angelboss.com.br\\\/wp-content\\\/uploads\\\/2026\\\/03\\\/0c644706-ec76-4c88-bd8d-6fb27559ab74.jpeg\",\"width\":1600,\"height\":1066,\"caption\":\"Imagem: Fot\u00f3grafo AJ Filmes\"},{\"@type\":\"BreadcrumbList\",\"@id\":\"http:\\\/\\\/angelboss.com.br\\\/en\\\/2026\\\/03\\\/31\\\/asa-fair-2026-casa-fradique-pinheiros-moda-arte-decoracao-social\\\/#breadcrumb\",\"itemListElement\":[{\"@type\":\"ListItem\",\"position\":1,\"name\":\"In\u00edcio\",\"item\":\"https:\\\/\\\/angelboss.com.br\\\/en\\\/\"},{\"@type\":\"ListItem\",\"position\":2,\"name\":\"ASA FAIR\u00ae: evento de moda, arte e decora\u00e7\u00e3o gera renda para organiza\u00e7\u00e3o social em S\u00e3o Paulo\"}]},{\"@type\":\"WebSite\",\"@id\":\"https:\\\/\\\/angelboss.com.br\\\/en\\\/#website\",\"url\":\"https:\\\/\\\/angelboss.com.br\\\/en\\\/\",\"name\":\"Portal Masculino de Moda, Beleza, Luxo e Business - Angel Boss\",\"description\":\"O Maior Portal sobre Moda, Luxo, Beleza e Business Masculino do Brasil\",\"publisher\":{\"@id\":\"https:\\\/\\\/angelboss.com.br\\\/en\\\/#organization\"},\"alternateName\":\"Maior Portal e Blog de Beleza Masculina e Luxo\",\"potentialAction\":[{\"@type\":\"SearchAction\",\"target\":{\"@type\":\"EntryPoint\",\"urlTemplate\":\"https:\\\/\\\/angelboss.com.br\\\/en\\\/?s={search_term_string}\"},\"query-input\":{\"@type\":\"PropertyValueSpecification\",\"valueRequired\":true,\"valueName\":\"search_term_string\"}}],\"inLanguage\":\"en-US\"},{\"@type\":\"Organization\",\"@id\":\"https:\\\/\\\/angelboss.com.br\\\/en\\\/#organization\",\"name\":\"Portal Masculino de Moda, Beleza, Luxo and Business - Angel Boss\",\"url\":\"https:\\\/\\\/angelboss.com.br\\\/en\\\/\",\"logo\":{\"@type\":\"ImageObject\",\"inLanguage\":\"en-US\",\"@id\":\"https:\\\/\\\/angelboss.com.br\\\/en\\\/#\\\/schema\\\/logo\\\/image\\\/\",\"url\":\"http:\\\/\\\/angelboss.com.br\\\/wp-content\\\/uploads\\\/2025\\\/12\\\/WhatsApp-Image-2025-12-11-at-12.54.26.jpeg\",\"contentUrl\":\"http:\\\/\\\/angelboss.com.br\\\/wp-content\\\/uploads\\\/2025\\\/12\\\/WhatsApp-Image-2025-12-11-at-12.54.26.jpeg\",\"width\":1280,\"height\":1280,\"caption\":\"Portal Masculino de Moda, Beleza, Luxo and Business - Angel Boss\"},\"image\":{\"@id\":\"https:\\\/\\\/angelboss.com.br\\\/en\\\/#\\\/schema\\\/logo\\\/image\\\/\"}},{\"@type\":\"Person\",\"@id\":\"https:\\\/\\\/angelboss.com.br\\\/en\\\/#\\\/schema\\\/person\\\/af084936b46cf2e03f299183e429e350\",\"name\":\"Neto Angel Boss\",\"image\":{\"@type\":\"ImageObject\",\"inLanguage\":\"en-US\",\"@id\":\"https:\\\/\\\/secure.gravatar.com\\\/avatar\\\/dbb38b2050e5181e32afbccf458635967af0767d15abe8168b35ebbd97907289?s=96&d=mm&r=g\",\"url\":\"https:\\\/\\\/secure.gravatar.com\\\/avatar\\\/dbb38b2050e5181e32afbccf458635967af0767d15abe8168b35ebbd97907289?s=96&d=mm&r=g\",\"contentUrl\":\"https:\\\/\\\/secure.gravatar.com\\\/avatar\\\/dbb38b2050e5181e32afbccf458635967af0767d15abe8168b35ebbd97907289?s=96&d=mm&r=g\",\"caption\":\"Neto Angel Boss\"},\"sameAs\":[\"http:\\\/\\\/www.angelboss.com\"],\"url\":\"http:\\\/\\\/angelboss.com.br\\\/en\\\/author\\\/netoangelboss\\\/\"}]}<\/script>\n<!-- \/ Yoast SEO plugin. -->","yoast_head_json":{"title":"ASA FAIR 2026: Moda, Arte e Impacto Social em Pinheiros","description":"O ASA FAIR 2026 acontece em 7 e 8 de abril na Casa Fradique. Descubra 20 marcas autorais de moda e decora\u00e7\u00e3o que destinam parte da renda para projetos sociais da ASA.","robots":{"index":"index","follow":"follow","max-snippet":"max-snippet:-1","max-image-preview":"max-image-preview:large","max-video-preview":"max-video-preview:-1"},"canonical":"http:\/\/angelboss.com.br\/en\/2026\/03\/31\/asa-fair-2026-casa-fradique-pinheiros-moda-arte-decoracao-social\/","og_locale":"en_US","og_type":"article","og_title":"ASA FAIR 2026: Moda, Arte e Impacto Social em Pinheiros","og_description":"O ASA FAIR 2026 acontece em 7 e 8 de abril na Casa Fradique. Descubra 20 marcas autorais de moda e decora\u00e7\u00e3o que destinam parte da renda para projetos sociais da ASA.","og_url":"http:\/\/angelboss.com.br\/en\/2026\/03\/31\/asa-fair-2026-casa-fradique-pinheiros-moda-arte-decoracao-social\/","og_site_name":"Portal Masculino de Moda, Beleza, Luxo and Business - Angel Boss","article_published_time":"2026-03-31T18:37:15+00:00","article_modified_time":"2026-03-31T18:37:16+00:00","og_image":[{"width":1600,"height":1066,"url":"http:\/\/angelboss.com.br\/wp-content\/uploads\/2026\/03\/0c644706-ec76-4c88-bd8d-6fb27559ab74.jpeg","type":"image\/jpeg"}],"author":"Neto Angel Boss","twitter_card":"summary_large_image","twitter_misc":{"Written by":"Neto Angel Boss","Est. reading time":"3 minutes"},"schema":{"@context":"https:\/\/schema.org","@graph":[{"@type":"Article","@id":"http:\/\/angelboss.com.br\/en\/2026\/03\/31\/asa-fair-2026-casa-fradique-pinheiros-moda-arte-decoracao-social\/#article","isPartOf":{"@id":"http:\/\/angelboss.com.br\/en\/2026\/03\/31\/asa-fair-2026-casa-fradique-pinheiros-moda-arte-decoracao-social\/"},"author":{"name":"Neto Angel Boss","@id":"https:\/\/angelboss.com.br\/en\/#\/schema\/person\/af084936b46cf2e03f299183e429e350"},"headline":"ASA FAIR\u00ae: evento de moda, arte e decora\u00e7\u00e3o gera renda para organiza\u00e7\u00e3o social em S\u00e3o Paulo","datePublished":"2026-03-31T18:37:15+00:00","dateModified":"2026-03-31T18:37:16+00:00","mainEntityOfPage":{"@id":"http:\/\/angelboss.com.br\/en\/2026\/03\/31\/asa-fair-2026-casa-fradique-pinheiros-moda-arte-decoracao-social\/"},"wordCount":761,"commentCount":0,"publisher":{"@id":"https:\/\/angelboss.com.br\/en\/#organization"},"image":{"@id":"http:\/\/angelboss.com.br\/en\/2026\/03\/31\/asa-fair-2026-casa-fradique-pinheiros-moda-arte-decoracao-social\/#primaryimage"},"thumbnailUrl":"http:\/\/angelboss.com.br\/wp-content\/uploads\/2026\/03\/0c644706-ec76-4c88-bd8d-6fb27559ab74.jpeg","keywords":["Arte e Impacto","ASA FAIR 2026","Casa Fradique"],"articleSection":["Cultura","MODA"],"inLanguage":"en-US","potentialAction":[{"@type":"CommentAction","name":"Comment","target":["http:\/\/angelboss.com.br\/en\/2026\/03\/31\/asa-fair-2026-casa-fradique-pinheiros-moda-arte-decoracao-social\/#respond"]}]},{"@type":"WebPage","@id":"http:\/\/angelboss.com.br\/en\/2026\/03\/31\/asa-fair-2026-casa-fradique-pinheiros-moda-arte-decoracao-social\/","url":"http:\/\/angelboss.com.br\/en\/2026\/03\/31\/asa-fair-2026-casa-fradique-pinheiros-moda-arte-decoracao-social\/","name":"ASA FAIR 2026: Moda, Arte e Impacto Social em Pinheiros","isPartOf":{"@id":"https:\/\/angelboss.com.br\/en\/#website"},"primaryImageOfPage":{"@id":"http:\/\/angelboss.com.br\/en\/2026\/03\/31\/asa-fair-2026-casa-fradique-pinheiros-moda-arte-decoracao-social\/#primaryimage"},"image":{"@id":"http:\/\/angelboss.com.br\/en\/2026\/03\/31\/asa-fair-2026-casa-fradique-pinheiros-moda-arte-decoracao-social\/#primaryimage"},"thumbnailUrl":"http:\/\/angelboss.com.br\/wp-content\/uploads\/2026\/03\/0c644706-ec76-4c88-bd8d-6fb27559ab74.jpeg","datePublished":"2026-03-31T18:37:15+00:00","dateModified":"2026-03-31T18:37:16+00:00","description":"O ASA FAIR 2026 acontece em 7 e 8 de abril na Casa Fradique. Descubra 20 marcas autorais de moda e decora\u00e7\u00e3o que destinam parte da renda para projetos sociais da ASA.","breadcrumb":{"@id":"http:\/\/angelboss.com.br\/en\/2026\/03\/31\/asa-fair-2026-casa-fradique-pinheiros-moda-arte-decoracao-social\/#breadcrumb"},"inLanguage":"en-US","potentialAction":[{"@type":"ReadAction","target":["http:\/\/angelboss.com.br\/en\/2026\/03\/31\/asa-fair-2026-casa-fradique-pinheiros-moda-arte-decoracao-social\/"]}]},{"@type":"ImageObject","inLanguage":"en-US","@id":"http:\/\/angelboss.com.br\/en\/2026\/03\/31\/asa-fair-2026-casa-fradique-pinheiros-moda-arte-decoracao-social\/#primaryimage","url":"http:\/\/angelboss.com.br\/wp-content\/uploads\/2026\/03\/0c644706-ec76-4c88-bd8d-6fb27559ab74.jpeg","contentUrl":"http:\/\/angelboss.com.br\/wp-content\/uploads\/2026\/03\/0c644706-ec76-4c88-bd8d-6fb27559ab74.jpeg","width":1600,"height":1066,"caption":"Imagem: Fot\u00f3grafo AJ Filmes"},{"@type":"BreadcrumbList","@id":"http:\/\/angelboss.com.br\/en\/2026\/03\/31\/asa-fair-2026-casa-fradique-pinheiros-moda-arte-decoracao-social\/#breadcrumb","itemListElement":[{"@type":"ListItem","position":1,"name":"In\u00edcio","item":"https:\/\/angelboss.com.br\/en\/"},{"@type":"ListItem","position":2,"name":"ASA FAIR\u00ae: evento de moda, arte e decora\u00e7\u00e3o gera renda para organiza\u00e7\u00e3o social em S\u00e3o Paulo"}]},{"@type":"WebSite","@id":"https:\/\/angelboss.com.br\/en\/#website","url":"https:\/\/angelboss.com.br\/en\/","name":"Portal Masculino de Moda, Beleza, Luxo e Business - Angel Boss","description":"O Maior Portal sobre Moda, Luxo, Beleza e Business Masculino do Brasil","publisher":{"@id":"https:\/\/angelboss.com.br\/en\/#organization"},"alternateName":"Maior Portal e Blog de Beleza Masculina e Luxo","potentialAction":[{"@type":"SearchAction","target":{"@type":"EntryPoint","urlTemplate":"https:\/\/angelboss.com.br\/en\/?s={search_term_string}"},"query-input":{"@type":"PropertyValueSpecification","valueRequired":true,"valueName":"search_term_string"}}],"inLanguage":"en-US"},{"@type":"Organization","@id":"https:\/\/angelboss.com.br\/en\/#organization","name":"Portal Masculino de Moda, Beleza, Luxo and Business - Angel Boss","url":"https:\/\/angelboss.com.br\/en\/","logo":{"@type":"ImageObject","inLanguage":"en-US","@id":"https:\/\/angelboss.com.br\/en\/#\/schema\/logo\/image\/","url":"http:\/\/angelboss.com.br\/wp-content\/uploads\/2025\/12\/WhatsApp-Image-2025-12-11-at-12.54.26.jpeg","contentUrl":"http:\/\/angelboss.com.br\/wp-content\/uploads\/2025\/12\/WhatsApp-Image-2025-12-11-at-12.54.26.jpeg","width":1280,"height":1280,"caption":"Portal Masculino de Moda, Beleza, Luxo and Business - Angel Boss"},"image":{"@id":"https:\/\/angelboss.com.br\/en\/#\/schema\/logo\/image\/"}},{"@type":"Person","@id":"https:\/\/angelboss.com.br\/en\/#\/schema\/person\/af084936b46cf2e03f299183e429e350","name":"Neto Angel Boss","image":{"@type":"ImageObject","inLanguage":"en-US","@id":"https:\/\/secure.gravatar.com\/avatar\/dbb38b2050e5181e32afbccf458635967af0767d15abe8168b35ebbd97907289?s=96&d=mm&r=g","url":"https:\/\/secure.gravatar.com\/avatar\/dbb38b2050e5181e32afbccf458635967af0767d15abe8168b35ebbd97907289?s=96&d=mm&r=g","contentUrl":"https:\/\/secure.gravatar.com\/avatar\/dbb38b2050e5181e32afbccf458635967af0767d15abe8168b35ebbd97907289?s=96&d=mm&r=g","caption":"Neto Angel Boss"},"sameAs":["http:\/\/www.angelboss.com"],"url":"http:\/\/angelboss.com.br\/en\/author\/netoangelboss\/"}]}},"amp_enabled":true,"_links":{"self":[{"href":"http:\/\/angelboss.com.br\/en\/wp-json\/wp\/v2\/posts\/17556","targetHints":{"allow":["GET"]}}],"collection":[{"href":"http:\/\/angelboss.com.br\/en\/wp-json\/wp\/v2\/posts"}],"about":[{"href":"http:\/\/angelboss.com.br\/en\/wp-json\/wp\/v2\/types\/post"}],"author":[{"embeddable":true,"href":"http:\/\/angelboss.com.br\/en\/wp-json\/wp\/v2\/users\/2"}],"replies":[{"embeddable":true,"href":"http:\/\/angelboss.com.br\/en\/wp-json\/wp\/v2\/comments?post=17556"}],"version-history":[{"count":1,"href":"http:\/\/angelboss.com.br\/en\/wp-json\/wp\/v2\/posts\/17556\/revisions"}],"predecessor-version":[{"id":17560,"href":"http:\/\/angelboss.com.br\/en\/wp-json\/wp\/v2\/posts\/17556\/revisions\/17560"}],"wp:featuredmedia":[{"embeddable":true,"href":"http:\/\/angelboss.com.br\/en\/wp-json\/wp\/v2\/media\/17558"}],"wp:attachment":[{"href":"http:\/\/angelboss.com.br\/en\/wp-json\/wp\/v2\/media?parent=17556"}],"wp:term":[{"taxonomy":"category","embeddable":true,"href":"http:\/\/angelboss.com.br\/en\/wp-json\/wp\/v2\/categories?post=17556"},{"taxonomy":"post_tag","embeddable":true,"href":"http:\/\/angelboss.com.br\/en\/wp-json\/wp\/v2\/tags?post=17556"}],"curies":[{"name":"wp","href":"https:\/\/api.w.org\/{rel}","templated":true}]}}