{"id":17175,"date":"2026-03-27T19:05:57","date_gmt":"2026-03-27T19:05:57","guid":{"rendered":"https:\/\/angelboss.com.br\/?p=17175"},"modified":"2026-03-27T19:05:59","modified_gmt":"2026-03-27T19:05:59","slug":"fjallraven-classic-2026-inscricoes-trekking-global-outdoor","status":"publish","type":"post","link":"http:\/\/angelboss.com.br\/en\/2026\/03\/27\/fjallraven-classic-2026-inscricoes-trekking-global-outdoor\/","title":{"rendered":"Fj\u00e4llr\u00e4ven abre inscri\u00e7\u00f5es para o Fj\u00e4llr\u00e4ven Classic 2026"},"content":{"rendered":"<p>Evento global de trekking acontece em sete pa\u00edses e re\u00fane participantes de diferentes n\u00edveis de experi\u00eancia<\/p>\n\n\n\n<p>A Fj\u00e4llr\u00e4ven, marca sueca especialista em roupas, acess\u00f3rios e equipamentos outdoor, abre hoje, 5 de mar\u00e7o, as inscri\u00e7\u00f5es para o\u00a0<strong>Fj\u00e4llr\u00e4ven Classic 2026<\/strong>, iniciativa que convida participantes de todo o mundo a vivenciar a experi\u00eancia do trekking de at\u00e9 seis dias em contato direto com a natureza. O evento \u00e9 voltado tanto para iniciantes quanto para caminhantes experientes, com o objetivo de proporcionar uma jornada aut\u00f4noma, segura e baseada nos princ\u00edpios do trekking respons\u00e1vel.<\/p>\n\n\n\n<p>Realizado entre julho e dezembro, o Fj\u00e4llr\u00e4ven Classic contar\u00e1 com sete rotas distribu\u00eddas por quatro continentes: Dinamarca, Estados Unidos, Su\u00e9cia, Alemanha, Coreia do Sul, Reino Unido e Chile. Cada percurso apresenta caracter\u00edsticas pr\u00f3prias de dist\u00e2ncia, altitude e paisagem, que oferecem experi\u00eancias diversas que refletem os ambientes naturais de cada regi\u00e3o.<\/p>\n\n\n\n<p>Mais do que uma caminhada, o Fj\u00e4llr\u00e4ven Classic promove uma viv\u00eancia completa ao ar livre. Os participantes percorrem as trilhas com os seus pr\u00f3prios equipamentos, acampam e cada um segue no pr\u00f3prio ritmo, com o suporte de pontos de controle ao longo do trajeto. A proposta refor\u00e7a valores como autossufici\u00eancia, conex\u00e3o com a natureza e constru\u00e7\u00e3o de comunidade entre pessoas unidas pelo interesse comum no trekking.<\/p>\n\n\n\n<p>Os ingressos estar\u00e3o dispon\u00edveis a partir de 5 de mar\u00e7o, por ordem de chegada, e costumam esgotar rapidamente. Informa\u00e7\u00f5es detalhadas sobre cada rota, datas e inscri\u00e7\u00f5es podem ser consultadas em&nbsp;<a href=\"https:\/\/experience.fjallraven.com\/classic\" target=\"_blank\" rel=\"noreferrer noopener\"><u>experience.fjallraven.com\/classic<\/u><\/a>.<\/p>\n\n\n\n<p><\/p>","protected":false},"excerpt":{"rendered":"<p>Evento global de trekking acontece em sete pa\u00edses e re\u00fane participantes de diferentes n\u00edveis de experi\u00eancia A Fj\u00e4llr\u00e4ven, marca sueca especialista em roupas, acess\u00f3rios e equipamentos outdoor, abre hoje, 5 de mar\u00e7o, as inscri\u00e7\u00f5es para o\u00a0Fj\u00e4llr\u00e4ven Classic 2026, iniciativa que convida participantes de todo o mundo a vivenciar a experi\u00eancia do trekking de at\u00e9 seis<\/p>","protected":false},"author":2,"featured_media":17177,"comment_status":"open","ping_status":"open","sticky":false,"template":"","format":"standard","meta":{"footnotes":""},"categories":[168,154,315],"tags":[2727,2279,2728],"class_list":{"0":"post-17175","1":"post","2":"type-post","3":"status-publish","4":"format-standard","5":"has-post-thumbnail","7":"category-eai-bora-nessa","8":"category-esportes","9":"category-noticias-corporativas-dino","10":"tag-fjallraven-classic","11":"tag-inscricoes-abertas","12":"tag-trekking-global"},"yoast_head":"<!-- This site is optimized with the Yoast SEO plugin v27.5 - https:\/\/yoast.com\/product\/yoast-seo-wordpress\/ -->\n<title>Fj\u00e4llr\u00e4ven Classic 2026: Inscri\u00e7\u00f5es Abertas para o Trekking Global<\/title>\n<meta name=\"description\" content=\"Inscri\u00e7\u00f5es abertas para o Fj\u00e4llr\u00e4ven Classic 2026. Participe do maior evento de trekking do mundo em 7 pa\u00edses, incluindo Su\u00e9cia e Chile. Saiba como garantir sua vaga.\" \/>\n<meta name=\"robots\" content=\"index, follow, max-snippet:-1, max-image-preview:large, max-video-preview:-1\" \/>\n<link rel=\"canonical\" href=\"http:\/\/angelboss.com.br\/en\/2026\/03\/27\/fjallraven-classic-2026-inscricoes-trekking-global-outdoor\/\" \/>\n<meta property=\"og:locale\" content=\"en_US\" \/>\n<meta property=\"og:type\" content=\"article\" \/>\n<meta property=\"og:title\" content=\"Fj\u00e4llr\u00e4ven Classic 2026: Inscri\u00e7\u00f5es Abertas para o Trekking Global\" \/>\n<meta property=\"og:description\" content=\"Inscri\u00e7\u00f5es abertas para o Fj\u00e4llr\u00e4ven Classic 2026. Participe do maior evento de trekking do mundo em 7 pa\u00edses, incluindo Su\u00e9cia e Chile. Saiba como garantir sua vaga.\" \/>\n<meta property=\"og:url\" content=\"http:\/\/angelboss.com.br\/en\/2026\/03\/27\/fjallraven-classic-2026-inscricoes-trekking-global-outdoor\/\" \/>\n<meta property=\"og:site_name\" content=\"Portal Masculino de Moda, Beleza, Luxo and Business - Angel Boss\" \/>\n<meta property=\"article:published_time\" content=\"2026-03-27T19:05:57+00:00\" \/>\n<meta property=\"article:modified_time\" content=\"2026-03-27T19:05:59+00:00\" \/>\n<meta property=\"og:image\" content=\"http:\/\/angelboss.com.br\/wp-content\/uploads\/2026\/03\/1MGZ6QWZ3czNjpjci5SbvNmLzN3bixWZn5WYAxWZn5WYvRXZupDNxgTOzIjMwIzM6cmbw5yYhNjMkFjZygzNhNGN2UGN5MWYwQ2NjVDZ1UTYzITYlZkMlITYlZkMlYjM1gjNGJTJ5YzMzcTN2cTNz8VL1ETLf9VLwITLfpTN.png\" \/>\n\t<meta property=\"og:image:width\" content=\"1200\" \/>\n\t<meta property=\"og:image:height\" content=\"526\" \/>\n\t<meta property=\"og:image:type\" content=\"image\/png\" \/>\n<meta name=\"author\" content=\"Neto Angel Boss\" \/>\n<meta name=\"twitter:card\" content=\"summary_large_image\" \/>\n<meta name=\"twitter:label1\" content=\"Written by\" \/>\n\t<meta name=\"twitter:data1\" content=\"Neto Angel Boss\" \/>\n\t<meta name=\"twitter:label2\" content=\"Est. reading time\" \/>\n\t<meta name=\"twitter:data2\" content=\"2 minutes\" \/>\n<script type=\"application\/ld+json\" class=\"yoast-schema-graph\">{\"@context\":\"https:\\\/\\\/schema.org\",\"@graph\":[{\"@type\":\"Article\",\"@id\":\"http:\\\/\\\/angelboss.com.br\\\/2026\\\/03\\\/27\\\/fjallraven-classic-2026-inscricoes-trekking-global-outdoor\\\/#article\",\"isPartOf\":{\"@id\":\"http:\\\/\\\/angelboss.com.br\\\/2026\\\/03\\\/27\\\/fjallraven-classic-2026-inscricoes-trekking-global-outdoor\\\/\"},\"author\":{\"name\":\"Neto Angel Boss\",\"@id\":\"https:\\\/\\\/angelboss.com.br\\\/en\\\/#\\\/schema\\\/person\\\/af084936b46cf2e03f299183e429e350\"},\"headline\":\"Fj\u00e4llr\u00e4ven abre inscri\u00e7\u00f5es para o Fj\u00e4llr\u00e4ven Classic 2026\",\"datePublished\":\"2026-03-27T19:05:57+00:00\",\"dateModified\":\"2026-03-27T19:05:59+00:00\",\"mainEntityOfPage\":{\"@id\":\"http:\\\/\\\/angelboss.com.br\\\/2026\\\/03\\\/27\\\/fjallraven-classic-2026-inscricoes-trekking-global-outdoor\\\/\"},\"wordCount\":287,\"commentCount\":0,\"publisher\":{\"@id\":\"https:\\\/\\\/angelboss.com.br\\\/en\\\/#organization\"},\"image\":{\"@id\":\"http:\\\/\\\/angelboss.com.br\\\/2026\\\/03\\\/27\\\/fjallraven-classic-2026-inscricoes-trekking-global-outdoor\\\/#primaryimage\"},\"thumbnailUrl\":\"http:\\\/\\\/angelboss.com.br\\\/wp-content\\\/uploads\\\/2026\\\/03\\\/1MGZ6QWZ3czNjpjci5SbvNmLzN3bixWZn5WYAxWZn5WYvRXZupDNxgTOzIjMwIzM6cmbw5yYhNjMkFjZygzNhNGN2UGN5MWYwQ2NjVDZ1UTYzITYlZkMlITYlZkMlYjM1gjNGJTJ5YzMzcTN2cTNz8VL1ETLf9VLwITLfpTN.png\",\"keywords\":[\"Fj\u00e4llr\u00e4ven Classic\",\"Inscri\u00e7\u00f5es Abertas\",\"Trekking Global\"],\"articleSection\":[\"EA\u00cd, BORA NESSA?\",\"ESPORTES\",\"Not\u00edcias Corporativas\"],\"inLanguage\":\"en-US\",\"potentialAction\":[{\"@type\":\"CommentAction\",\"name\":\"Comment\",\"target\":[\"http:\\\/\\\/angelboss.com.br\\\/2026\\\/03\\\/27\\\/fjallraven-classic-2026-inscricoes-trekking-global-outdoor\\\/#respond\"]}]},{\"@type\":\"WebPage\",\"@id\":\"http:\\\/\\\/angelboss.com.br\\\/2026\\\/03\\\/27\\\/fjallraven-classic-2026-inscricoes-trekking-global-outdoor\\\/\",\"url\":\"http:\\\/\\\/angelboss.com.br\\\/2026\\\/03\\\/27\\\/fjallraven-classic-2026-inscricoes-trekking-global-outdoor\\\/\",\"name\":\"Fj\u00e4llr\u00e4ven Classic 2026: Inscri\u00e7\u00f5es Abertas para o Trekking Global\",\"isPartOf\":{\"@id\":\"https:\\\/\\\/angelboss.com.br\\\/en\\\/#website\"},\"primaryImageOfPage\":{\"@id\":\"http:\\\/\\\/angelboss.com.br\\\/2026\\\/03\\\/27\\\/fjallraven-classic-2026-inscricoes-trekking-global-outdoor\\\/#primaryimage\"},\"image\":{\"@id\":\"http:\\\/\\\/angelboss.com.br\\\/2026\\\/03\\\/27\\\/fjallraven-classic-2026-inscricoes-trekking-global-outdoor\\\/#primaryimage\"},\"thumbnailUrl\":\"http:\\\/\\\/angelboss.com.br\\\/wp-content\\\/uploads\\\/2026\\\/03\\\/1MGZ6QWZ3czNjpjci5SbvNmLzN3bixWZn5WYAxWZn5WYvRXZupDNxgTOzIjMwIzM6cmbw5yYhNjMkFjZygzNhNGN2UGN5MWYwQ2NjVDZ1UTYzITYlZkMlITYlZkMlYjM1gjNGJTJ5YzMzcTN2cTNz8VL1ETLf9VLwITLfpTN.png\",\"datePublished\":\"2026-03-27T19:05:57+00:00\",\"dateModified\":\"2026-03-27T19:05:59+00:00\",\"description\":\"Inscri\u00e7\u00f5es abertas para o Fj\u00e4llr\u00e4ven Classic 2026. Participe do maior evento de trekking do mundo em 7 pa\u00edses, incluindo Su\u00e9cia e Chile. Saiba como garantir sua vaga.\",\"breadcrumb\":{\"@id\":\"http:\\\/\\\/angelboss.com.br\\\/2026\\\/03\\\/27\\\/fjallraven-classic-2026-inscricoes-trekking-global-outdoor\\\/#breadcrumb\"},\"inLanguage\":\"en-US\",\"potentialAction\":[{\"@type\":\"ReadAction\",\"target\":[\"http:\\\/\\\/angelboss.com.br\\\/2026\\\/03\\\/27\\\/fjallraven-classic-2026-inscricoes-trekking-global-outdoor\\\/\"]}]},{\"@type\":\"ImageObject\",\"inLanguage\":\"en-US\",\"@id\":\"http:\\\/\\\/angelboss.com.br\\\/2026\\\/03\\\/27\\\/fjallraven-classic-2026-inscricoes-trekking-global-outdoor\\\/#primaryimage\",\"url\":\"http:\\\/\\\/angelboss.com.br\\\/wp-content\\\/uploads\\\/2026\\\/03\\\/1MGZ6QWZ3czNjpjci5SbvNmLzN3bixWZn5WYAxWZn5WYvRXZupDNxgTOzIjMwIzM6cmbw5yYhNjMkFjZygzNhNGN2UGN5MWYwQ2NjVDZ1UTYzITYlZkMlITYlZkMlYjM1gjNGJTJ5YzMzcTN2cTNz8VL1ETLf9VLwITLfpTN.png\",\"contentUrl\":\"http:\\\/\\\/angelboss.com.br\\\/wp-content\\\/uploads\\\/2026\\\/03\\\/1MGZ6QWZ3czNjpjci5SbvNmLzN3bixWZn5WYAxWZn5WYvRXZupDNxgTOzIjMwIzM6cmbw5yYhNjMkFjZygzNhNGN2UGN5MWYwQ2NjVDZ1UTYzITYlZkMlITYlZkMlYjM1gjNGJTJ5YzMzcTN2cTNz8VL1ETLf9VLwITLfpTN.png\",\"width\":1200,\"height\":526,\"caption\":\"Imagem\\\/Divulga\u00e7\u00e3o\"},{\"@type\":\"BreadcrumbList\",\"@id\":\"http:\\\/\\\/angelboss.com.br\\\/2026\\\/03\\\/27\\\/fjallraven-classic-2026-inscricoes-trekking-global-outdoor\\\/#breadcrumb\",\"itemListElement\":[{\"@type\":\"ListItem\",\"position\":1,\"name\":\"In\u00edcio\",\"item\":\"https:\\\/\\\/angelboss.com.br\\\/en\\\/\"},{\"@type\":\"ListItem\",\"position\":2,\"name\":\"Fj\u00e4llr\u00e4ven abre inscri\u00e7\u00f5es para o Fj\u00e4llr\u00e4ven Classic 2026\"}]},{\"@type\":\"WebSite\",\"@id\":\"https:\\\/\\\/angelboss.com.br\\\/en\\\/#website\",\"url\":\"https:\\\/\\\/angelboss.com.br\\\/en\\\/\",\"name\":\"Portal Masculino de Moda, Beleza, Luxo e Business - Angel Boss\",\"description\":\"O Maior Portal sobre Moda, Luxo, Beleza e Business Masculino do Brasil\",\"publisher\":{\"@id\":\"https:\\\/\\\/angelboss.com.br\\\/en\\\/#organization\"},\"alternateName\":\"Maior Portal e Blog de Beleza Masculina e Luxo\",\"potentialAction\":[{\"@type\":\"SearchAction\",\"target\":{\"@type\":\"EntryPoint\",\"urlTemplate\":\"https:\\\/\\\/angelboss.com.br\\\/en\\\/?s={search_term_string}\"},\"query-input\":{\"@type\":\"PropertyValueSpecification\",\"valueRequired\":true,\"valueName\":\"search_term_string\"}}],\"inLanguage\":\"en-US\"},{\"@type\":\"Organization\",\"@id\":\"https:\\\/\\\/angelboss.com.br\\\/en\\\/#organization\",\"name\":\"Portal Masculino de Moda, Beleza, Luxo and Business - Angel Boss\",\"url\":\"https:\\\/\\\/angelboss.com.br\\\/en\\\/\",\"logo\":{\"@type\":\"ImageObject\",\"inLanguage\":\"en-US\",\"@id\":\"https:\\\/\\\/angelboss.com.br\\\/en\\\/#\\\/schema\\\/logo\\\/image\\\/\",\"url\":\"http:\\\/\\\/angelboss.com.br\\\/wp-content\\\/uploads\\\/2025\\\/12\\\/WhatsApp-Image-2025-12-11-at-12.54.26.jpeg\",\"contentUrl\":\"http:\\\/\\\/angelboss.com.br\\\/wp-content\\\/uploads\\\/2025\\\/12\\\/WhatsApp-Image-2025-12-11-at-12.54.26.jpeg\",\"width\":1280,\"height\":1280,\"caption\":\"Portal Masculino de Moda, Beleza, Luxo and Business - Angel Boss\"},\"image\":{\"@id\":\"https:\\\/\\\/angelboss.com.br\\\/en\\\/#\\\/schema\\\/logo\\\/image\\\/\"}},{\"@type\":\"Person\",\"@id\":\"https:\\\/\\\/angelboss.com.br\\\/en\\\/#\\\/schema\\\/person\\\/af084936b46cf2e03f299183e429e350\",\"name\":\"Neto Angel Boss\",\"image\":{\"@type\":\"ImageObject\",\"inLanguage\":\"en-US\",\"@id\":\"https:\\\/\\\/secure.gravatar.com\\\/avatar\\\/dbb38b2050e5181e32afbccf458635967af0767d15abe8168b35ebbd97907289?s=96&d=mm&r=g\",\"url\":\"https:\\\/\\\/secure.gravatar.com\\\/avatar\\\/dbb38b2050e5181e32afbccf458635967af0767d15abe8168b35ebbd97907289?s=96&d=mm&r=g\",\"contentUrl\":\"https:\\\/\\\/secure.gravatar.com\\\/avatar\\\/dbb38b2050e5181e32afbccf458635967af0767d15abe8168b35ebbd97907289?s=96&d=mm&r=g\",\"caption\":\"Neto Angel Boss\"},\"sameAs\":[\"http:\\\/\\\/www.angelboss.com\"],\"url\":\"http:\\\/\\\/angelboss.com.br\\\/en\\\/author\\\/netoangelboss\\\/\"}]}<\/script>\n<!-- \/ Yoast SEO plugin. -->","yoast_head_json":{"title":"Fj\u00e4llr\u00e4ven Classic 2026: Inscri\u00e7\u00f5es Abertas para o Trekking Global","description":"Inscri\u00e7\u00f5es abertas para o Fj\u00e4llr\u00e4ven Classic 2026. Participe do maior evento de trekking do mundo em 7 pa\u00edses, incluindo Su\u00e9cia e Chile. Saiba como garantir sua vaga.","robots":{"index":"index","follow":"follow","max-snippet":"max-snippet:-1","max-image-preview":"max-image-preview:large","max-video-preview":"max-video-preview:-1"},"canonical":"http:\/\/angelboss.com.br\/en\/2026\/03\/27\/fjallraven-classic-2026-inscricoes-trekking-global-outdoor\/","og_locale":"en_US","og_type":"article","og_title":"Fj\u00e4llr\u00e4ven Classic 2026: Inscri\u00e7\u00f5es Abertas para o Trekking Global","og_description":"Inscri\u00e7\u00f5es abertas para o Fj\u00e4llr\u00e4ven Classic 2026. Participe do maior evento de trekking do mundo em 7 pa\u00edses, incluindo Su\u00e9cia e Chile. Saiba como garantir sua vaga.","og_url":"http:\/\/angelboss.com.br\/en\/2026\/03\/27\/fjallraven-classic-2026-inscricoes-trekking-global-outdoor\/","og_site_name":"Portal Masculino de Moda, Beleza, Luxo and Business - Angel Boss","article_published_time":"2026-03-27T19:05:57+00:00","article_modified_time":"2026-03-27T19:05:59+00:00","og_image":[{"width":1200,"height":526,"url":"http:\/\/angelboss.com.br\/wp-content\/uploads\/2026\/03\/1MGZ6QWZ3czNjpjci5SbvNmLzN3bixWZn5WYAxWZn5WYvRXZupDNxgTOzIjMwIzM6cmbw5yYhNjMkFjZygzNhNGN2UGN5MWYwQ2NjVDZ1UTYzITYlZkMlITYlZkMlYjM1gjNGJTJ5YzMzcTN2cTNz8VL1ETLf9VLwITLfpTN.png","type":"image\/png"}],"author":"Neto Angel Boss","twitter_card":"summary_large_image","twitter_misc":{"Written by":"Neto Angel Boss","Est. reading time":"2 minutes"},"schema":{"@context":"https:\/\/schema.org","@graph":[{"@type":"Article","@id":"http:\/\/angelboss.com.br\/2026\/03\/27\/fjallraven-classic-2026-inscricoes-trekking-global-outdoor\/#article","isPartOf":{"@id":"http:\/\/angelboss.com.br\/2026\/03\/27\/fjallraven-classic-2026-inscricoes-trekking-global-outdoor\/"},"author":{"name":"Neto Angel Boss","@id":"https:\/\/angelboss.com.br\/en\/#\/schema\/person\/af084936b46cf2e03f299183e429e350"},"headline":"Fj\u00e4llr\u00e4ven abre inscri\u00e7\u00f5es para o Fj\u00e4llr\u00e4ven Classic 2026","datePublished":"2026-03-27T19:05:57+00:00","dateModified":"2026-03-27T19:05:59+00:00","mainEntityOfPage":{"@id":"http:\/\/angelboss.com.br\/2026\/03\/27\/fjallraven-classic-2026-inscricoes-trekking-global-outdoor\/"},"wordCount":287,"commentCount":0,"publisher":{"@id":"https:\/\/angelboss.com.br\/en\/#organization"},"image":{"@id":"http:\/\/angelboss.com.br\/2026\/03\/27\/fjallraven-classic-2026-inscricoes-trekking-global-outdoor\/#primaryimage"},"thumbnailUrl":"http:\/\/angelboss.com.br\/wp-content\/uploads\/2026\/03\/1MGZ6QWZ3czNjpjci5SbvNmLzN3bixWZn5WYAxWZn5WYvRXZupDNxgTOzIjMwIzM6cmbw5yYhNjMkFjZygzNhNGN2UGN5MWYwQ2NjVDZ1UTYzITYlZkMlITYlZkMlYjM1gjNGJTJ5YzMzcTN2cTNz8VL1ETLf9VLwITLfpTN.png","keywords":["Fj\u00e4llr\u00e4ven Classic","Inscri\u00e7\u00f5es Abertas","Trekking Global"],"articleSection":["EA\u00cd, BORA NESSA?","ESPORTES","Not\u00edcias Corporativas"],"inLanguage":"en-US","potentialAction":[{"@type":"CommentAction","name":"Comment","target":["http:\/\/angelboss.com.br\/2026\/03\/27\/fjallraven-classic-2026-inscricoes-trekking-global-outdoor\/#respond"]}]},{"@type":"WebPage","@id":"http:\/\/angelboss.com.br\/2026\/03\/27\/fjallraven-classic-2026-inscricoes-trekking-global-outdoor\/","url":"http:\/\/angelboss.com.br\/2026\/03\/27\/fjallraven-classic-2026-inscricoes-trekking-global-outdoor\/","name":"Fj\u00e4llr\u00e4ven Classic 2026: Inscri\u00e7\u00f5es Abertas para o Trekking Global","isPartOf":{"@id":"https:\/\/angelboss.com.br\/en\/#website"},"primaryImageOfPage":{"@id":"http:\/\/angelboss.com.br\/2026\/03\/27\/fjallraven-classic-2026-inscricoes-trekking-global-outdoor\/#primaryimage"},"image":{"@id":"http:\/\/angelboss.com.br\/2026\/03\/27\/fjallraven-classic-2026-inscricoes-trekking-global-outdoor\/#primaryimage"},"thumbnailUrl":"http:\/\/angelboss.com.br\/wp-content\/uploads\/2026\/03\/1MGZ6QWZ3czNjpjci5SbvNmLzN3bixWZn5WYAxWZn5WYvRXZupDNxgTOzIjMwIzM6cmbw5yYhNjMkFjZygzNhNGN2UGN5MWYwQ2NjVDZ1UTYzITYlZkMlITYlZkMlYjM1gjNGJTJ5YzMzcTN2cTNz8VL1ETLf9VLwITLfpTN.png","datePublished":"2026-03-27T19:05:57+00:00","dateModified":"2026-03-27T19:05:59+00:00","description":"Inscri\u00e7\u00f5es abertas para o Fj\u00e4llr\u00e4ven Classic 2026. Participe do maior evento de trekking do mundo em 7 pa\u00edses, incluindo Su\u00e9cia e Chile. Saiba como garantir sua vaga.","breadcrumb":{"@id":"http:\/\/angelboss.com.br\/2026\/03\/27\/fjallraven-classic-2026-inscricoes-trekking-global-outdoor\/#breadcrumb"},"inLanguage":"en-US","potentialAction":[{"@type":"ReadAction","target":["http:\/\/angelboss.com.br\/2026\/03\/27\/fjallraven-classic-2026-inscricoes-trekking-global-outdoor\/"]}]},{"@type":"ImageObject","inLanguage":"en-US","@id":"http:\/\/angelboss.com.br\/2026\/03\/27\/fjallraven-classic-2026-inscricoes-trekking-global-outdoor\/#primaryimage","url":"http:\/\/angelboss.com.br\/wp-content\/uploads\/2026\/03\/1MGZ6QWZ3czNjpjci5SbvNmLzN3bixWZn5WYAxWZn5WYvRXZupDNxgTOzIjMwIzM6cmbw5yYhNjMkFjZygzNhNGN2UGN5MWYwQ2NjVDZ1UTYzITYlZkMlITYlZkMlYjM1gjNGJTJ5YzMzcTN2cTNz8VL1ETLf9VLwITLfpTN.png","contentUrl":"http:\/\/angelboss.com.br\/wp-content\/uploads\/2026\/03\/1MGZ6QWZ3czNjpjci5SbvNmLzN3bixWZn5WYAxWZn5WYvRXZupDNxgTOzIjMwIzM6cmbw5yYhNjMkFjZygzNhNGN2UGN5MWYwQ2NjVDZ1UTYzITYlZkMlITYlZkMlYjM1gjNGJTJ5YzMzcTN2cTNz8VL1ETLf9VLwITLfpTN.png","width":1200,"height":526,"caption":"Imagem\/Divulga\u00e7\u00e3o"},{"@type":"BreadcrumbList","@id":"http:\/\/angelboss.com.br\/2026\/03\/27\/fjallraven-classic-2026-inscricoes-trekking-global-outdoor\/#breadcrumb","itemListElement":[{"@type":"ListItem","position":1,"name":"In\u00edcio","item":"https:\/\/angelboss.com.br\/en\/"},{"@type":"ListItem","position":2,"name":"Fj\u00e4llr\u00e4ven abre inscri\u00e7\u00f5es para o Fj\u00e4llr\u00e4ven Classic 2026"}]},{"@type":"WebSite","@id":"https:\/\/angelboss.com.br\/en\/#website","url":"https:\/\/angelboss.com.br\/en\/","name":"Portal Masculino de Moda, Beleza, Luxo e Business - Angel Boss","description":"O Maior Portal sobre Moda, Luxo, Beleza e Business Masculino do Brasil","publisher":{"@id":"https:\/\/angelboss.com.br\/en\/#organization"},"alternateName":"Maior Portal e Blog de Beleza Masculina e Luxo","potentialAction":[{"@type":"SearchAction","target":{"@type":"EntryPoint","urlTemplate":"https:\/\/angelboss.com.br\/en\/?s={search_term_string}"},"query-input":{"@type":"PropertyValueSpecification","valueRequired":true,"valueName":"search_term_string"}}],"inLanguage":"en-US"},{"@type":"Organization","@id":"https:\/\/angelboss.com.br\/en\/#organization","name":"Portal Masculino de Moda, Beleza, Luxo and Business - Angel Boss","url":"https:\/\/angelboss.com.br\/en\/","logo":{"@type":"ImageObject","inLanguage":"en-US","@id":"https:\/\/angelboss.com.br\/en\/#\/schema\/logo\/image\/","url":"http:\/\/angelboss.com.br\/wp-content\/uploads\/2025\/12\/WhatsApp-Image-2025-12-11-at-12.54.26.jpeg","contentUrl":"http:\/\/angelboss.com.br\/wp-content\/uploads\/2025\/12\/WhatsApp-Image-2025-12-11-at-12.54.26.jpeg","width":1280,"height":1280,"caption":"Portal Masculino de Moda, Beleza, Luxo and Business - Angel Boss"},"image":{"@id":"https:\/\/angelboss.com.br\/en\/#\/schema\/logo\/image\/"}},{"@type":"Person","@id":"https:\/\/angelboss.com.br\/en\/#\/schema\/person\/af084936b46cf2e03f299183e429e350","name":"Neto Angel Boss","image":{"@type":"ImageObject","inLanguage":"en-US","@id":"https:\/\/secure.gravatar.com\/avatar\/dbb38b2050e5181e32afbccf458635967af0767d15abe8168b35ebbd97907289?s=96&d=mm&r=g","url":"https:\/\/secure.gravatar.com\/avatar\/dbb38b2050e5181e32afbccf458635967af0767d15abe8168b35ebbd97907289?s=96&d=mm&r=g","contentUrl":"https:\/\/secure.gravatar.com\/avatar\/dbb38b2050e5181e32afbccf458635967af0767d15abe8168b35ebbd97907289?s=96&d=mm&r=g","caption":"Neto Angel Boss"},"sameAs":["http:\/\/www.angelboss.com"],"url":"http:\/\/angelboss.com.br\/en\/author\/netoangelboss\/"}]}},"amp_enabled":true,"_links":{"self":[{"href":"http:\/\/angelboss.com.br\/en\/wp-json\/wp\/v2\/posts\/17175","targetHints":{"allow":["GET"]}}],"collection":[{"href":"http:\/\/angelboss.com.br\/en\/wp-json\/wp\/v2\/posts"}],"about":[{"href":"http:\/\/angelboss.com.br\/en\/wp-json\/wp\/v2\/types\/post"}],"author":[{"embeddable":true,"href":"http:\/\/angelboss.com.br\/en\/wp-json\/wp\/v2\/users\/2"}],"replies":[{"embeddable":true,"href":"http:\/\/angelboss.com.br\/en\/wp-json\/wp\/v2\/comments?post=17175"}],"version-history":[{"count":1,"href":"http:\/\/angelboss.com.br\/en\/wp-json\/wp\/v2\/posts\/17175\/revisions"}],"predecessor-version":[{"id":17179,"href":"http:\/\/angelboss.com.br\/en\/wp-json\/wp\/v2\/posts\/17175\/revisions\/17179"}],"wp:featuredmedia":[{"embeddable":true,"href":"http:\/\/angelboss.com.br\/en\/wp-json\/wp\/v2\/media\/17177"}],"wp:attachment":[{"href":"http:\/\/angelboss.com.br\/en\/wp-json\/wp\/v2\/media?parent=17175"}],"wp:term":[{"taxonomy":"category","embeddable":true,"href":"http:\/\/angelboss.com.br\/en\/wp-json\/wp\/v2\/categories?post=17175"},{"taxonomy":"post_tag","embeddable":true,"href":"http:\/\/angelboss.com.br\/en\/wp-json\/wp\/v2\/tags?post=17175"}],"curies":[{"name":"wp","href":"https:\/\/api.w.org\/{rel}","templated":true}]}}