{"id":17123,"date":"2026-03-27T18:33:51","date_gmt":"2026-03-27T18:33:51","guid":{"rendered":"https:\/\/angelboss.com.br\/?p=17123"},"modified":"2026-03-27T18:33:52","modified_gmt":"2026-03-27T18:33:52","slug":"letape-cunha-mitsubishi-motors-2026-ciclismo-tour-de-france","status":"publish","type":"post","link":"http:\/\/angelboss.com.br\/en\/2026\/03\/27\/letape-cunha-mitsubishi-motors-2026-ciclismo-tour-de-france\/","title":{"rendered":"Primeira etapa do L&#8217;\u00c9tape Brasil come\u00e7a neste fim de semana em Cunha (SP) com o patroc\u00ednio da Mitsubishi Motors\u00a0\u00a0"},"content":{"rendered":"<p class=\"wp-block-paragraph\"><em>Marca dos tr\u00eas diamantes refor\u00e7a seu estilo e vida ao ar livre em mais um ano de parceria com uma das mais famosas provas de ciclismo amador do Brasil<\/em>\u00a0<\/p>\n\n\n\n<p class=\"wp-block-paragraph\"> A cidade de Cunha, a pouco mais de 200 quil\u00f4metros de dist\u00e2ncia da capital paulista, ser\u00e1 a sede da primeira etapa do L&#8217;\u00c9tape Brasil. O L&#8217;\u00c9tape Cunha by Tour de France inaugura o calend\u00e1rio de 2026 da maior prova de ciclismo da Am\u00e9rica Latina. E a Mitsubishi Motors \u00e9, por mais um ano, patrocinadora oficial da competi\u00e7\u00e3o.<\/p>\n\n\n\n<p class=\"wp-block-paragraph\">Nesta primeira etapa, que acontece entre os dias 27 e 29\/03, a Mitsubishi Motors estar\u00e1 presente com exposi\u00e7\u00e3o e test drive da picape Triton e da SUV Outlander PHEV, em parceria com a concession\u00e1ria Virage. A picape Triton tamb\u00e9m ser\u00e1 o carro madrinha do pelot\u00e3o de atletas.<\/p>\n\n\n\n<p class=\"wp-block-paragraph\">Para Marcia Neri, diretora de marketing da Mitsubishi Motors no Brasil,&nbsp;<em>&#8220;o L&#8217;\u00c9tape \u00e9 uma das competi\u00e7\u00f5es que melhor representam, no pa\u00eds, um estilo de vida pautado pelo esporte, pela supera\u00e7\u00e3o e pela conex\u00e3o com o ambiente ao ar livre. Trata-se de um desafio intenso, que exige preparo f\u00edsico, disciplina e resili\u00eancia. Esse esp\u00edrito est\u00e1 diretamente conectado ao DNA da Mitsubishi Motors, uma marca que inspira movimento, aventura e a busca constante por novos limites. \u00c9 por isso que temos grande satisfa\u00e7\u00e3o em renovar, por mais um ano, nosso apoio a uma das principais plataformas do ciclismo amador no Brasil&#8221;.<\/em>&nbsp;<\/p>\n\n\n\n<p class=\"wp-block-paragraph\">O L&#8217;\u00c9tape Cunha by Tour de France \u00e9 uma das provas de ciclismo amador da s\u00e9rie L&#8217;\u00c9tape no Brasil, cujo objetivo \u00e9 aproximar os participantes da experi\u00eancia da maior competi\u00e7\u00e3o de ciclismo do mundo, o Tour de France.<\/p>\n\n\n\n<p class=\"wp-block-paragraph\"><\/p>","protected":false},"excerpt":{"rendered":"<p>Marca dos tr\u00eas diamantes refor\u00e7a seu estilo e vida ao ar livre em mais um ano de parceria com uma das mais famosas provas de ciclismo amador do Brasil\u00a0 A cidade de Cunha, a pouco mais de 200 quil\u00f4metros de dist\u00e2ncia da capital paulista, ser\u00e1 a sede da primeira etapa do L&#8217;\u00c9tape Brasil. O L&#8217;\u00c9tape<\/p>","protected":false},"author":2,"featured_media":17125,"comment_status":"open","ping_status":"open","sticky":false,"template":"","format":"standard","meta":{"_seopress_titles_title":"L&#039;\u00c9tape Cunha 2026: Mitsubishi Motors Patrocina Elite do Ciclismo","_seopress_titles_desc":"Abertura do L&#039;\u00c9tape Brasil 2026 em Cunha tem patroc\u00ednio da Mitsubishi Motors. Test drive da Triton e Outlander PHEV e o esp\u00edrito do Tour de France. Saiba mais.","_seopress_robots_index":"","_seopress_robots_follow":"","_seopress_robots_imageindex":"","_seopress_robots_snippet":"","_seopress_robots_primary_cat":"1747","_seopress_robots_breadcrumbs":"","_seopress_robots_freeze_modified_date":"","_seopress_robots_custom_modified_date":"","_seopress_robots_canonical":"","_seopress_social_fb_title":"","_seopress_social_fb_desc":"","_seopress_social_fb_img":"","_seopress_social_fb_img_attachment_id":0,"_seopress_social_fb_img_width":0,"_seopress_social_fb_img_height":0,"_seopress_social_twitter_title":"","_seopress_social_twitter_desc":"","_seopress_social_twitter_img":"","_seopress_social_twitter_img_attachment_id":0,"_seopress_social_twitter_img_width":0,"_seopress_social_twitter_img_height":0,"_seopress_redirections_value":"","_seopress_redirections_enabled":"","_seopress_redirections_enabled_regex":"","_seopress_redirections_logged_status":"","_seopress_redirections_param":"","_seopress_redirections_type":0,"_seopress_analysis_target_kw":"Mitsubishi Motors 2026","page_builder":"","footnotes":""},"categories":[1747,168],"tags":[2704,2702,2703],"class_list":["post-17123","post","type-post","status-publish","format-standard","has-post-thumbnail","category-automobilismo","category-eai-bora-nessa","tag-elite-do-ciclismo","tag-letape-cunha","tag-mitsubishi-motors"],"yoast_head":"<!-- This site is optimized with the Yoast SEO plugin v28.4 - https:\/\/yoast.com\/product\/yoast-seo-wordpress\/ -->\n<title>L&#039;\u00c9tape Cunha 2026: Mitsubishi Motors Patrocina Elite do Ciclismo<\/title>\n<meta name=\"description\" content=\"Abertura do L&#039;\u00c9tape Brasil 2026 em Cunha tem patroc\u00ednio da Mitsubishi Motors. Test drive da Triton e Outlander PHEV e o esp\u00edrito do Tour de France. Saiba mais.\" \/>\n<meta name=\"robots\" content=\"index, follow, max-snippet:-1, max-image-preview:large, max-video-preview:-1\" \/>\n<link rel=\"canonical\" href=\"http:\/\/angelboss.com.br\/en\/2026\/03\/27\/letape-cunha-mitsubishi-motors-2026-ciclismo-tour-de-france\/\" \/>\n<meta property=\"og:locale\" content=\"en_US\" \/>\n<meta property=\"og:type\" content=\"article\" \/>\n<meta property=\"og:title\" content=\"L&#039;\u00c9tape Cunha 2026: Mitsubishi Motors Patrocina Elite do Ciclismo\" \/>\n<meta property=\"og:description\" content=\"Abertura do L&#039;\u00c9tape Brasil 2026 em Cunha tem patroc\u00ednio da Mitsubishi Motors. Test drive da Triton e Outlander PHEV e o esp\u00edrito do Tour de France. Saiba mais.\" \/>\n<meta property=\"og:url\" content=\"http:\/\/angelboss.com.br\/en\/2026\/03\/27\/letape-cunha-mitsubishi-motors-2026-ciclismo-tour-de-france\/\" \/>\n<meta property=\"og:site_name\" content=\"Portal Masculino de Moda, Beleza, Luxo and Business - Angel Boss\" \/>\n<meta property=\"article:published_time\" content=\"2026-03-27T18:33:51+00:00\" \/>\n<meta property=\"article:modified_time\" content=\"2026-03-27T18:33:52+00:00\" \/>\n<meta property=\"og:image\" content=\"http:\/\/angelboss.com.br\/wp-content\/uploads\/2026\/03\/1MGZ6IjNkZWMmpjci5SbvNmLzN3bixWZn5WYAxWZn5WYvRXZupDN3MDMyQzM1gjOnVGcq5ydvx2NmdTY1EzYyQmY5IGN1ITMlRzNlhjZjVTZxQTZ2IWY5YkMlIWY5YkMlMzN3ADNGJTJ1AzN2YjNzQjNz8VL1ETLf9VLwITLfpzM.jpg\" \/>\n\t<meta property=\"og:image:width\" content=\"800\" \/>\n\t<meta property=\"og:image:height\" content=\"533\" \/>\n\t<meta property=\"og:image:type\" content=\"image\/jpeg\" \/>\n<meta name=\"author\" content=\"Neto Angel Boss\" \/>\n<meta name=\"twitter:card\" content=\"summary_large_image\" \/>\n<meta name=\"twitter:label1\" content=\"Written by\" \/>\n\t<meta name=\"twitter:data1\" content=\"Neto Angel Boss\" \/>\n\t<meta name=\"twitter:label2\" content=\"Est. reading time\" \/>\n\t<meta name=\"twitter:data2\" content=\"2 minutes\" \/>\n<script type=\"application\/ld+json\" class=\"yoast-schema-graph\">{\"@context\":\"https:\\\/\\\/schema.org\",\"@graph\":[{\"@type\":\"Article\",\"@id\":\"http:\\\/\\\/angelboss.com.br\\\/en\\\/2026\\\/03\\\/27\\\/letape-cunha-mitsubishi-motors-2026-ciclismo-tour-de-france\\\/#article\",\"isPartOf\":{\"@id\":\"http:\\\/\\\/angelboss.com.br\\\/en\\\/2026\\\/03\\\/27\\\/letape-cunha-mitsubishi-motors-2026-ciclismo-tour-de-france\\\/\"},\"author\":{\"name\":\"Neto Angel Boss\",\"@id\":\"http:\\\/\\\/angelboss.com.br\\\/#\\\/schema\\\/person\\\/af084936b46cf2e03f299183e429e350\"},\"headline\":\"Primeira etapa do L&#8217;\u00c9tape Brasil come\u00e7a neste fim de semana em Cunha (SP) com o patroc\u00ednio da Mitsubishi Motors\u00a0\u00a0\",\"datePublished\":\"2026-03-27T18:33:51+00:00\",\"dateModified\":\"2026-03-27T18:33:52+00:00\",\"mainEntityOfPage\":{\"@id\":\"http:\\\/\\\/angelboss.com.br\\\/en\\\/2026\\\/03\\\/27\\\/letape-cunha-mitsubishi-motors-2026-ciclismo-tour-de-france\\\/\"},\"wordCount\":313,\"commentCount\":0,\"publisher\":{\"@id\":\"http:\\\/\\\/angelboss.com.br\\\/#organization\"},\"image\":{\"@id\":\"http:\\\/\\\/angelboss.com.br\\\/en\\\/2026\\\/03\\\/27\\\/letape-cunha-mitsubishi-motors-2026-ciclismo-tour-de-france\\\/#primaryimage\"},\"thumbnailUrl\":\"http:\\\/\\\/angelboss.com.br\\\/wp-content\\\/uploads\\\/2026\\\/03\\\/1MGZ6IjNkZWMmpjci5SbvNmLzN3bixWZn5WYAxWZn5WYvRXZupDN3MDMyQzM1gjOnVGcq5ydvx2NmdTY1EzYyQmY5IGN1ITMlRzNlhjZjVTZxQTZ2IWY5YkMlIWY5YkMlMzN3ADNGJTJ1AzN2YjNzQjNz8VL1ETLf9VLwITLfpzM.jpg\",\"keywords\":[\"Elite do Ciclismo\",\"L'\u00c9tape Cunha\",\"Mitsubishi Motors\"],\"articleSection\":[\"Automobilismo\",\"EA\u00cd, BORA NESSA?\"],\"inLanguage\":\"en-US\",\"potentialAction\":[{\"@type\":\"CommentAction\",\"name\":\"Comment\",\"target\":[\"http:\\\/\\\/angelboss.com.br\\\/en\\\/2026\\\/03\\\/27\\\/letape-cunha-mitsubishi-motors-2026-ciclismo-tour-de-france\\\/#respond\"]}]},{\"@type\":\"WebPage\",\"@id\":\"http:\\\/\\\/angelboss.com.br\\\/en\\\/2026\\\/03\\\/27\\\/letape-cunha-mitsubishi-motors-2026-ciclismo-tour-de-france\\\/\",\"url\":\"http:\\\/\\\/angelboss.com.br\\\/en\\\/2026\\\/03\\\/27\\\/letape-cunha-mitsubishi-motors-2026-ciclismo-tour-de-france\\\/\",\"name\":\"L'\u00c9tape Cunha 2026: Mitsubishi Motors Patrocina Elite do Ciclismo\",\"isPartOf\":{\"@id\":\"http:\\\/\\\/angelboss.com.br\\\/#website\"},\"primaryImageOfPage\":{\"@id\":\"http:\\\/\\\/angelboss.com.br\\\/en\\\/2026\\\/03\\\/27\\\/letape-cunha-mitsubishi-motors-2026-ciclismo-tour-de-france\\\/#primaryimage\"},\"image\":{\"@id\":\"http:\\\/\\\/angelboss.com.br\\\/en\\\/2026\\\/03\\\/27\\\/letape-cunha-mitsubishi-motors-2026-ciclismo-tour-de-france\\\/#primaryimage\"},\"thumbnailUrl\":\"http:\\\/\\\/angelboss.com.br\\\/wp-content\\\/uploads\\\/2026\\\/03\\\/1MGZ6IjNkZWMmpjci5SbvNmLzN3bixWZn5WYAxWZn5WYvRXZupDN3MDMyQzM1gjOnVGcq5ydvx2NmdTY1EzYyQmY5IGN1ITMlRzNlhjZjVTZxQTZ2IWY5YkMlIWY5YkMlMzN3ADNGJTJ1AzN2YjNzQjNz8VL1ETLf9VLwITLfpzM.jpg\",\"datePublished\":\"2026-03-27T18:33:51+00:00\",\"dateModified\":\"2026-03-27T18:33:52+00:00\",\"description\":\"Abertura do L'\u00c9tape Brasil 2026 em Cunha tem patroc\u00ednio da Mitsubishi Motors. Test drive da Triton e Outlander PHEV e o esp\u00edrito do Tour de France. Saiba mais.\",\"breadcrumb\":{\"@id\":\"http:\\\/\\\/angelboss.com.br\\\/en\\\/2026\\\/03\\\/27\\\/letape-cunha-mitsubishi-motors-2026-ciclismo-tour-de-france\\\/#breadcrumb\"},\"inLanguage\":\"en-US\",\"potentialAction\":[{\"@type\":\"ReadAction\",\"target\":[\"http:\\\/\\\/angelboss.com.br\\\/en\\\/2026\\\/03\\\/27\\\/letape-cunha-mitsubishi-motors-2026-ciclismo-tour-de-france\\\/\"]}]},{\"@type\":\"ImageObject\",\"inLanguage\":\"en-US\",\"@id\":\"http:\\\/\\\/angelboss.com.br\\\/en\\\/2026\\\/03\\\/27\\\/letape-cunha-mitsubishi-motors-2026-ciclismo-tour-de-france\\\/#primaryimage\",\"url\":\"http:\\\/\\\/angelboss.com.br\\\/wp-content\\\/uploads\\\/2026\\\/03\\\/1MGZ6IjNkZWMmpjci5SbvNmLzN3bixWZn5WYAxWZn5WYvRXZupDN3MDMyQzM1gjOnVGcq5ydvx2NmdTY1EzYyQmY5IGN1ITMlRzNlhjZjVTZxQTZ2IWY5YkMlIWY5YkMlMzN3ADNGJTJ1AzN2YjNzQjNz8VL1ETLf9VLwITLfpzM.jpg\",\"contentUrl\":\"http:\\\/\\\/angelboss.com.br\\\/wp-content\\\/uploads\\\/2026\\\/03\\\/1MGZ6IjNkZWMmpjci5SbvNmLzN3bixWZn5WYAxWZn5WYvRXZupDN3MDMyQzM1gjOnVGcq5ydvx2NmdTY1EzYyQmY5IGN1ITMlRzNlhjZjVTZxQTZ2IWY5YkMlIWY5YkMlMzN3ADNGJTJ1AzN2YjNzQjNz8VL1ETLf9VLwITLfpzM.jpg\",\"width\":800,\"height\":533,\"caption\":\"L\u2019\u00c9tape Cunha by Tour de France: a picape Triton ser\u00e1 o carro madrinha do pelot\u00e3o de atletas\"},{\"@type\":\"BreadcrumbList\",\"@id\":\"http:\\\/\\\/angelboss.com.br\\\/en\\\/2026\\\/03\\\/27\\\/letape-cunha-mitsubishi-motors-2026-ciclismo-tour-de-france\\\/#breadcrumb\",\"itemListElement\":[{\"@type\":\"ListItem\",\"position\":1,\"name\":\"In\u00edcio\",\"item\":\"https:\\\/\\\/angelboss.com.br\\\/\"},{\"@type\":\"ListItem\",\"position\":2,\"name\":\"Primeira etapa do L&#8217;\u00c9tape Brasil come\u00e7a neste fim de semana em Cunha (SP) com o patroc\u00ednio da Mitsubishi Motors\u00a0\u00a0\"}]},{\"@type\":\"WebSite\",\"@id\":\"http:\\\/\\\/angelboss.com.br\\\/#website\",\"url\":\"http:\\\/\\\/angelboss.com.br\\\/\",\"name\":\"Portal Masculino de Moda, Beleza, Luxo e Business - Angel Boss\",\"description\":\"O Maior Portal sobre Moda, Luxo, Beleza e Business Masculino do Brasil\",\"publisher\":{\"@id\":\"http:\\\/\\\/angelboss.com.br\\\/#organization\"},\"alternateName\":\"Maior Portal e Blog de Beleza Masculina e Luxo\",\"potentialAction\":[{\"@type\":\"SearchAction\",\"target\":{\"@type\":\"EntryPoint\",\"urlTemplate\":\"http:\\\/\\\/angelboss.com.br\\\/?s={search_term_string}\"},\"query-input\":{\"@type\":\"PropertyValueSpecification\",\"valueRequired\":true,\"valueName\":\"search_term_string\"}}],\"inLanguage\":\"en-US\"},{\"@type\":\"Organization\",\"@id\":\"http:\\\/\\\/angelboss.com.br\\\/#organization\",\"name\":\"Portal Masculino de Moda, Beleza, Luxo and Business - Angel Boss\",\"url\":\"http:\\\/\\\/angelboss.com.br\\\/\",\"logo\":{\"@type\":\"ImageObject\",\"inLanguage\":\"en-US\",\"@id\":\"http:\\\/\\\/angelboss.com.br\\\/#\\\/schema\\\/logo\\\/image\\\/\",\"url\":\"https:\\\/\\\/angelboss.com.br\\\/wp-content\\\/uploads\\\/2025\\\/12\\\/WhatsApp-Image-2025-12-11-at-12.54.26.jpeg\",\"contentUrl\":\"https:\\\/\\\/angelboss.com.br\\\/wp-content\\\/uploads\\\/2025\\\/12\\\/WhatsApp-Image-2025-12-11-at-12.54.26.jpeg\",\"width\":1280,\"height\":1280,\"caption\":\"Portal Masculino de Moda, Beleza, Luxo and Business - Angel Boss\"},\"image\":{\"@id\":\"http:\\\/\\\/angelboss.com.br\\\/#\\\/schema\\\/logo\\\/image\\\/\"}},{\"@type\":\"Person\",\"@id\":\"http:\\\/\\\/angelboss.com.br\\\/#\\\/schema\\\/person\\\/af084936b46cf2e03f299183e429e350\",\"name\":\"Neto Angel Boss\",\"image\":{\"@type\":\"ImageObject\",\"inLanguage\":\"en-US\",\"@id\":\"https:\\\/\\\/secure.gravatar.com\\\/avatar\\\/dbb38b2050e5181e32afbccf458635967af0767d15abe8168b35ebbd97907289?s=96&d=mm&r=g\",\"url\":\"https:\\\/\\\/secure.gravatar.com\\\/avatar\\\/dbb38b2050e5181e32afbccf458635967af0767d15abe8168b35ebbd97907289?s=96&d=mm&r=g\",\"contentUrl\":\"https:\\\/\\\/secure.gravatar.com\\\/avatar\\\/dbb38b2050e5181e32afbccf458635967af0767d15abe8168b35ebbd97907289?s=96&d=mm&r=g\",\"caption\":\"Neto Angel Boss\"},\"sameAs\":[\"http:\\\/\\\/www.angelboss.com\"],\"url\":\"http:\\\/\\\/angelboss.com.br\\\/en\\\/author\\\/netoangelboss\\\/\"}]}<\/script>\n<!-- \/ Yoast SEO plugin. -->","yoast_head_json":{"title":"L'\u00c9tape Cunha 2026: Mitsubishi Motors Patrocina Elite do Ciclismo","description":"Abertura do L'\u00c9tape Brasil 2026 em Cunha tem patroc\u00ednio da Mitsubishi Motors. Test drive da Triton e Outlander PHEV e o esp\u00edrito do Tour de France. Saiba mais.","robots":{"index":"index","follow":"follow","max-snippet":"max-snippet:-1","max-image-preview":"max-image-preview:large","max-video-preview":"max-video-preview:-1"},"canonical":"http:\/\/angelboss.com.br\/en\/2026\/03\/27\/letape-cunha-mitsubishi-motors-2026-ciclismo-tour-de-france\/","og_locale":"en_US","og_type":"article","og_title":"L'\u00c9tape Cunha 2026: Mitsubishi Motors Patrocina Elite do Ciclismo","og_description":"Abertura do L'\u00c9tape Brasil 2026 em Cunha tem patroc\u00ednio da Mitsubishi Motors. Test drive da Triton e Outlander PHEV e o esp\u00edrito do Tour de France. Saiba mais.","og_url":"http:\/\/angelboss.com.br\/en\/2026\/03\/27\/letape-cunha-mitsubishi-motors-2026-ciclismo-tour-de-france\/","og_site_name":"Portal Masculino de Moda, Beleza, Luxo and Business - Angel Boss","article_published_time":"2026-03-27T18:33:51+00:00","article_modified_time":"2026-03-27T18:33:52+00:00","og_image":[{"width":800,"height":533,"url":"http:\/\/angelboss.com.br\/wp-content\/uploads\/2026\/03\/1MGZ6IjNkZWMmpjci5SbvNmLzN3bixWZn5WYAxWZn5WYvRXZupDN3MDMyQzM1gjOnVGcq5ydvx2NmdTY1EzYyQmY5IGN1ITMlRzNlhjZjVTZxQTZ2IWY5YkMlIWY5YkMlMzN3ADNGJTJ1AzN2YjNzQjNz8VL1ETLf9VLwITLfpzM.jpg","type":"image\/jpeg"}],"author":"Neto Angel Boss","twitter_card":"summary_large_image","twitter_misc":{"Written by":"Neto Angel Boss","Est. reading time":"2 minutes"},"schema":{"@context":"https:\/\/schema.org","@graph":[{"@type":"Article","@id":"http:\/\/angelboss.com.br\/en\/2026\/03\/27\/letape-cunha-mitsubishi-motors-2026-ciclismo-tour-de-france\/#article","isPartOf":{"@id":"http:\/\/angelboss.com.br\/en\/2026\/03\/27\/letape-cunha-mitsubishi-motors-2026-ciclismo-tour-de-france\/"},"author":{"name":"Neto Angel Boss","@id":"http:\/\/angelboss.com.br\/#\/schema\/person\/af084936b46cf2e03f299183e429e350"},"headline":"Primeira etapa do L&#8217;\u00c9tape Brasil come\u00e7a neste fim de semana em Cunha (SP) com o patroc\u00ednio da Mitsubishi Motors\u00a0\u00a0","datePublished":"2026-03-27T18:33:51+00:00","dateModified":"2026-03-27T18:33:52+00:00","mainEntityOfPage":{"@id":"http:\/\/angelboss.com.br\/en\/2026\/03\/27\/letape-cunha-mitsubishi-motors-2026-ciclismo-tour-de-france\/"},"wordCount":313,"commentCount":0,"publisher":{"@id":"http:\/\/angelboss.com.br\/#organization"},"image":{"@id":"http:\/\/angelboss.com.br\/en\/2026\/03\/27\/letape-cunha-mitsubishi-motors-2026-ciclismo-tour-de-france\/#primaryimage"},"thumbnailUrl":"http:\/\/angelboss.com.br\/wp-content\/uploads\/2026\/03\/1MGZ6IjNkZWMmpjci5SbvNmLzN3bixWZn5WYAxWZn5WYvRXZupDN3MDMyQzM1gjOnVGcq5ydvx2NmdTY1EzYyQmY5IGN1ITMlRzNlhjZjVTZxQTZ2IWY5YkMlIWY5YkMlMzN3ADNGJTJ1AzN2YjNzQjNz8VL1ETLf9VLwITLfpzM.jpg","keywords":["Elite do Ciclismo","L'\u00c9tape Cunha","Mitsubishi Motors"],"articleSection":["Automobilismo","EA\u00cd, BORA NESSA?"],"inLanguage":"en-US","potentialAction":[{"@type":"CommentAction","name":"Comment","target":["http:\/\/angelboss.com.br\/en\/2026\/03\/27\/letape-cunha-mitsubishi-motors-2026-ciclismo-tour-de-france\/#respond"]}]},{"@type":"WebPage","@id":"http:\/\/angelboss.com.br\/en\/2026\/03\/27\/letape-cunha-mitsubishi-motors-2026-ciclismo-tour-de-france\/","url":"http:\/\/angelboss.com.br\/en\/2026\/03\/27\/letape-cunha-mitsubishi-motors-2026-ciclismo-tour-de-france\/","name":"L'\u00c9tape Cunha 2026: Mitsubishi Motors Patrocina Elite do Ciclismo","isPartOf":{"@id":"http:\/\/angelboss.com.br\/#website"},"primaryImageOfPage":{"@id":"http:\/\/angelboss.com.br\/en\/2026\/03\/27\/letape-cunha-mitsubishi-motors-2026-ciclismo-tour-de-france\/#primaryimage"},"image":{"@id":"http:\/\/angelboss.com.br\/en\/2026\/03\/27\/letape-cunha-mitsubishi-motors-2026-ciclismo-tour-de-france\/#primaryimage"},"thumbnailUrl":"http:\/\/angelboss.com.br\/wp-content\/uploads\/2026\/03\/1MGZ6IjNkZWMmpjci5SbvNmLzN3bixWZn5WYAxWZn5WYvRXZupDN3MDMyQzM1gjOnVGcq5ydvx2NmdTY1EzYyQmY5IGN1ITMlRzNlhjZjVTZxQTZ2IWY5YkMlIWY5YkMlMzN3ADNGJTJ1AzN2YjNzQjNz8VL1ETLf9VLwITLfpzM.jpg","datePublished":"2026-03-27T18:33:51+00:00","dateModified":"2026-03-27T18:33:52+00:00","description":"Abertura do L'\u00c9tape Brasil 2026 em Cunha tem patroc\u00ednio da Mitsubishi Motors. Test drive da Triton e Outlander PHEV e o esp\u00edrito do Tour de France. Saiba mais.","breadcrumb":{"@id":"http:\/\/angelboss.com.br\/en\/2026\/03\/27\/letape-cunha-mitsubishi-motors-2026-ciclismo-tour-de-france\/#breadcrumb"},"inLanguage":"en-US","potentialAction":[{"@type":"ReadAction","target":["http:\/\/angelboss.com.br\/en\/2026\/03\/27\/letape-cunha-mitsubishi-motors-2026-ciclismo-tour-de-france\/"]}]},{"@type":"ImageObject","inLanguage":"en-US","@id":"http:\/\/angelboss.com.br\/en\/2026\/03\/27\/letape-cunha-mitsubishi-motors-2026-ciclismo-tour-de-france\/#primaryimage","url":"http:\/\/angelboss.com.br\/wp-content\/uploads\/2026\/03\/1MGZ6IjNkZWMmpjci5SbvNmLzN3bixWZn5WYAxWZn5WYvRXZupDN3MDMyQzM1gjOnVGcq5ydvx2NmdTY1EzYyQmY5IGN1ITMlRzNlhjZjVTZxQTZ2IWY5YkMlIWY5YkMlMzN3ADNGJTJ1AzN2YjNzQjNz8VL1ETLf9VLwITLfpzM.jpg","contentUrl":"http:\/\/angelboss.com.br\/wp-content\/uploads\/2026\/03\/1MGZ6IjNkZWMmpjci5SbvNmLzN3bixWZn5WYAxWZn5WYvRXZupDN3MDMyQzM1gjOnVGcq5ydvx2NmdTY1EzYyQmY5IGN1ITMlRzNlhjZjVTZxQTZ2IWY5YkMlIWY5YkMlMzN3ADNGJTJ1AzN2YjNzQjNz8VL1ETLf9VLwITLfpzM.jpg","width":800,"height":533,"caption":"L\u2019\u00c9tape Cunha by Tour de France: a picape Triton ser\u00e1 o carro madrinha do pelot\u00e3o de atletas"},{"@type":"BreadcrumbList","@id":"http:\/\/angelboss.com.br\/en\/2026\/03\/27\/letape-cunha-mitsubishi-motors-2026-ciclismo-tour-de-france\/#breadcrumb","itemListElement":[{"@type":"ListItem","position":1,"name":"In\u00edcio","item":"https:\/\/angelboss.com.br\/"},{"@type":"ListItem","position":2,"name":"Primeira etapa do L&#8217;\u00c9tape Brasil come\u00e7a neste fim de semana em Cunha (SP) com o patroc\u00ednio da Mitsubishi Motors\u00a0\u00a0"}]},{"@type":"WebSite","@id":"http:\/\/angelboss.com.br\/#website","url":"http:\/\/angelboss.com.br\/","name":"Portal Masculino de Moda, Beleza, Luxo e Business - Angel Boss","description":"O Maior Portal sobre Moda, Luxo, Beleza e Business Masculino do Brasil","publisher":{"@id":"http:\/\/angelboss.com.br\/#organization"},"alternateName":"Maior Portal e Blog de Beleza Masculina e Luxo","potentialAction":[{"@type":"SearchAction","target":{"@type":"EntryPoint","urlTemplate":"http:\/\/angelboss.com.br\/?s={search_term_string}"},"query-input":{"@type":"PropertyValueSpecification","valueRequired":true,"valueName":"search_term_string"}}],"inLanguage":"en-US"},{"@type":"Organization","@id":"http:\/\/angelboss.com.br\/#organization","name":"Portal Masculino de Moda, Beleza, Luxo and Business - Angel Boss","url":"http:\/\/angelboss.com.br\/","logo":{"@type":"ImageObject","inLanguage":"en-US","@id":"http:\/\/angelboss.com.br\/#\/schema\/logo\/image\/","url":"https:\/\/angelboss.com.br\/wp-content\/uploads\/2025\/12\/WhatsApp-Image-2025-12-11-at-12.54.26.jpeg","contentUrl":"https:\/\/angelboss.com.br\/wp-content\/uploads\/2025\/12\/WhatsApp-Image-2025-12-11-at-12.54.26.jpeg","width":1280,"height":1280,"caption":"Portal Masculino de Moda, Beleza, Luxo and Business - Angel Boss"},"image":{"@id":"http:\/\/angelboss.com.br\/#\/schema\/logo\/image\/"}},{"@type":"Person","@id":"http:\/\/angelboss.com.br\/#\/schema\/person\/af084936b46cf2e03f299183e429e350","name":"Neto Angel Boss","image":{"@type":"ImageObject","inLanguage":"en-US","@id":"https:\/\/secure.gravatar.com\/avatar\/dbb38b2050e5181e32afbccf458635967af0767d15abe8168b35ebbd97907289?s=96&d=mm&r=g","url":"https:\/\/secure.gravatar.com\/avatar\/dbb38b2050e5181e32afbccf458635967af0767d15abe8168b35ebbd97907289?s=96&d=mm&r=g","contentUrl":"https:\/\/secure.gravatar.com\/avatar\/dbb38b2050e5181e32afbccf458635967af0767d15abe8168b35ebbd97907289?s=96&d=mm&r=g","caption":"Neto Angel Boss"},"sameAs":["http:\/\/www.angelboss.com"],"url":"http:\/\/angelboss.com.br\/en\/author\/netoangelboss\/"}]}},"amp_enabled":true,"_links":{"self":[{"href":"http:\/\/angelboss.com.br\/en\/wp-json\/wp\/v2\/posts\/17123","targetHints":{"allow":["GET"]}}],"collection":[{"href":"http:\/\/angelboss.com.br\/en\/wp-json\/wp\/v2\/posts"}],"about":[{"href":"http:\/\/angelboss.com.br\/en\/wp-json\/wp\/v2\/types\/post"}],"author":[{"embeddable":true,"href":"http:\/\/angelboss.com.br\/en\/wp-json\/wp\/v2\/users\/2"}],"replies":[{"embeddable":true,"href":"http:\/\/angelboss.com.br\/en\/wp-json\/wp\/v2\/comments?post=17123"}],"version-history":[{"count":1,"href":"http:\/\/angelboss.com.br\/en\/wp-json\/wp\/v2\/posts\/17123\/revisions"}],"predecessor-version":[{"id":17129,"href":"http:\/\/angelboss.com.br\/en\/wp-json\/wp\/v2\/posts\/17123\/revisions\/17129"}],"wp:featuredmedia":[{"embeddable":true,"href":"http:\/\/angelboss.com.br\/en\/wp-json\/wp\/v2\/media\/17125"}],"wp:attachment":[{"href":"http:\/\/angelboss.com.br\/en\/wp-json\/wp\/v2\/media?parent=17123"}],"wp:term":[{"taxonomy":"category","embeddable":true,"href":"http:\/\/angelboss.com.br\/en\/wp-json\/wp\/v2\/categories?post=17123"},{"taxonomy":"post_tag","embeddable":true,"href":"http:\/\/angelboss.com.br\/en\/wp-json\/wp\/v2\/tags?post=17123"}],"curies":[{"name":"wp","href":"https:\/\/api.w.org\/{rel}","templated":true}]}}