{"id":16943,"date":"2026-03-26T19:53:54","date_gmt":"2026-03-26T19:53:54","guid":{"rendered":"https:\/\/angelboss.com.br\/?p=16943"},"modified":"2026-03-26T19:53:58","modified_gmt":"2026-03-26T19:53:58","slug":"arpa-2026-setor-principal-galerias-confirmadas-sao-pulo","status":"publish","type":"post","link":"http:\/\/angelboss.com.br\/en\/2026\/03\/26\/arpa-2026-setor-principal-galerias-confirmadas-sao-pulo\/","title":{"rendered":"ArPa 2026 confirma galerias e artistas do Setor Principal\u00a0\u00a0"},"content":{"rendered":"<p><em>Quinta edi\u00e7\u00e3o da feira acontece de 27 a 31 de maio, em S\u00e3o Paulo, na Mercado Livre Arena Pacaembu, articulando projetos in\u00e9ditos e diversidade de vozes em um encontro dedicado \u00e0 arte latino-americana<\/em><\/p>\n\n\n\n<p>Um dos principais encontros da arte contempor\u00e2nea latino-americana, a\u00a0ArPa\u00a0Feira de Arte anuncia a realiza\u00e7\u00e3o de sua quinta edi\u00e7\u00e3o \u2013 entre 27 e 31 de maio de 2026, na Mercado Livre Arena Pacaembu, em S\u00e3o Paulo \u2013 e apresenta as galerias e artistas confirmados do\u00a0<strong>Setor Principal<\/strong>\u00a0(<em>confira a lista abaixo<\/em>).<\/p>\n\n\n\n<p>Com um n\u00famero representativo de expositores do evento, o setor destaca o protagonismo nacional com projetos coletivos e individuais que evidenciam a diversidade da produ\u00e7\u00e3o art\u00edstica contempor\u00e2nea. Todas as galerias participantes s\u00e3o convidadas pelo comit\u00ea curatorial da organiza\u00e7\u00e3o &#8211; para garantir excel\u00eancia curatorial, o n\u00famero de artistas por estande \u00e9 limitado e apresentado em formato de mini-exposi\u00e7\u00f5es.<\/p>\n\n\n\n<p>\u201cA abordagem curatorial cria um ambiente mais atento ao di\u00e1logo entre obras, pesquisas e p\u00fablicos\u201d, descreve Camilla Barella, fundadora e diretora da&nbsp;ArPa. &#8220;\u00c9 uma proposta que privilegia a experi\u00eancia dos visitantes e promove uma din\u00e2mica qualificada de frui\u00e7\u00e3o da arte&#8221;, completa.<\/p>\n\n\n\n<p>Para o&nbsp;<strong>Setor Principal<\/strong>, os projetos propostos pelas galerias foram avaliados pelo novo comit\u00ea de conte\u00fado e sele\u00e7\u00e3o, que tamb\u00e9m colabora com estrat\u00e9gias para o desenvolvimento da feira. O grupo \u00e9 formado por<strong>&nbsp;Fabiola Ceni<\/strong>&nbsp;(Galeria Nara Roesler),&nbsp;<strong>Ana Paula&nbsp;Pacianotto<\/strong>&nbsp;(Fortes D\u2019Aloia&nbsp;&amp; Gabriel),&nbsp;<strong>Rodrigo Mitre<\/strong>&nbsp;(Mitre Galeria) e&nbsp;<strong>Max Morales Perlingeiro<\/strong>&nbsp;(Pinakotheke) \u2014 profissionais com extensa atua\u00e7\u00e3o nacional e internacional no mercado de arte contempor\u00e2nea, que atuam junto com a diretoria da feira.<\/p>\n\n\n\n<p><strong>Galerias e artistas confirmados no Setor Principal&nbsp;<\/strong>&nbsp;<\/p>\n\n\n\n<p><em>(Sujeito a novas inser\u00e7\u00f5es\/altera\u00e7\u00f5es at\u00e9 a realiza\u00e7\u00e3o da&nbsp;ArPa)<\/em>&nbsp;<\/p>\n\n\n\n<ul class=\"wp-block-list\">\n<li>Almeida &amp; Dale: Alex Cerveny e Joseca Yanomami<\/li>\n\n\n\n<li>Athena + Verve: Antonio Dias, Felippe Moraes e Gustavo Prado<\/li>\n\n\n\n<li>Carmen Araujo Arte: Augusto Villalba e Juan Iribarren<\/li>\n\n\n\n<li>Casa Tri\u00e2ngulo: Asc\u00e2nio MMM, assume vivid astro focus (AVAF), Eduardo Berliner, Lucas Sim\u00f5es, Lyz Parayzo, Sandra Cinto e V\u00e2nia Mignone<\/li>\n\n\n\n<li>Cerrado Galeria: Alice Lara, Nilson Pimenta e Rafael de Almeida<\/li>\n\n\n\n<li>Coral Gallery: Chiara Baccanelli e Lucas Pertile<\/li>\n\n\n\n<li>COTT\/Nora Fisch: Andr\u00e9s Paredes (COTT) e Miguel Harte (Nora Fisch)<\/li>\n\n\n\n<li>DAN Galeria: Dionisio Del Santo<\/li>\n\n\n\n<li>Danielian: Frans Krajcberg e Ottavia Delfanti<\/li>\n\n\n\n<li>Fortes D&#8217;Aloia &amp; Gabriel: Rodrigo Matheus<\/li>\n\n\n\n<li>Galeria 18: Karen de Picciotto<\/li>\n\n\n\n<li>Galeria Karla Osorio: Luiz Gallina Neto, Matheus Marques Abu e Renan Aguena<\/li>\n\n\n\n<li>Galeria Leonardo Leal: Arrudas e J\u00falia Arag\u00e3o<\/li>\n\n\n\n<li>Galeria Luis Maluf: Jo\u00e3o do Nascimento e Raphael Obo\u00e9<\/li>\n\n\n\n<li>Galeria Lume: Julio Bittencourt e Rodrigo Sassi<\/li>\n\n\n\n<li>Galeria Marco Zero: Artur Bombonato, Gustavo Di\u00f3genes e Nicholas Steinmetz<\/li>\n\n\n\n<li>Galeria Movimento: Viviane Teixeira<\/li>\n\n\n\n<li>Galeria Raquel Arnaud: Felipe Pantone e Wolfram Ullrich<\/li>\n\n\n\n<li>Isla Flotante &amp; Calvaresi: Ana Prata, Dignora Pastorello e Mariela Scafati<\/li>\n\n\n\n<li>Lima Galeria: B\u00e1rbara Savannah e Pablo Mufarrej<\/li>\n\n\n\n<li>Luciana Brito Galeria: Campana e Gabriella Machado<\/li>\n\n\n\n<li>Luisa Strina: Ana Prata, Bruno Baptistelli e Pablo Accinelli<\/li>\n\n\n\n<li>Matias Brotas: Adriana Vignoli, Arthur Arnold, Jos\u00e9 Bechara e Raphael Bianco<\/li>\n\n\n\n<li>Mendes Wood DM: Kentaro Kawabata, Varda Caivano<\/li>\n\n\n\n<li>Mitre Galeria: Benedikt Wiertz, Luana Vitra e Marcos Siqueira<\/li>\n\n\n\n<li>Nara Roesler: Andr\u00e9 Griffo<\/li>\n\n\n\n<li>OMA Galeria: Eduardo Freitas e Luiz Pasqualini<\/li>\n\n\n\n<li>Pinakotheke Cultural: Farnese de Andrade<\/li>\n\n\n\n<li>Quadra: Aror\u00e1 e Manuela Costa Lima<\/li>\n\n\n\n<li>Sardenberg: Luciana Maas, Maria Alice Salgado e Yan Copelli<\/li>\n\n\n\n<li>SteinART Contempor\u00e2nea: Yutaka Toyota e Rivas &amp; Wloch.<\/li>\n\n\n\n<li>Yehudi-Hollander-Pappi: Gustavo Silvamaral e Natalia Ivanov<\/li>\n\n\n\n<li>Zipper Galeria: Willian Santos e Ian Salamente<\/li>\n<\/ul>\n\n\n\n<p><strong>Setor UNI re\u00fane exposi\u00e7\u00f5es individuais sob o olhar de Ana Sokoloff<\/strong><\/p>\n\n\n\n<p>A segunda \u00e1rea de destaque desta edi\u00e7\u00e3o \u00e9 o&nbsp;<strong>Setor UNI<\/strong>, que re\u00fane exposi\u00e7\u00f5es individuais de artistas contempor\u00e2neos com di\u00e1logo entre si. A curadoria \u00e9 assinada pela consultora e curadora&nbsp;<strong>Ana&nbsp;Sokoloff<\/strong>, refer\u00eancia internacional em arte latino-americana.<\/p>\n\n\n\n<p>Na edi\u00e7\u00e3o de 2025, o UNI se destacou ao abordar temas como pertencimento, identidade, mem\u00f3ria, g\u00eanero e ancestralidade, por meio de nomes como Ventura Profana, Laercio Redondo, Ad Minoliti e Camila Rodr\u00edguez Triana.&nbsp;\u201cPara 2026, o UNI amplia sua atua\u00e7\u00e3o no circuito da arte latino-americana e incentiva um colecionismo aberto a m\u00faltiplas perspectivas\u201d, assinala Barella.<\/p>","protected":false},"excerpt":{"rendered":"<p>Quinta edi\u00e7\u00e3o da feira acontece de 27 a 31 de maio, em S\u00e3o Paulo, na Mercado Livre Arena Pacaembu, articulando projetos in\u00e9ditos e diversidade de vozes em um encontro dedicado \u00e0 arte latino-americana Um dos principais encontros da arte contempor\u00e2nea latino-americana, a\u00a0ArPa\u00a0Feira de Arte anuncia a realiza\u00e7\u00e3o de sua quinta edi\u00e7\u00e3o \u2013 entre 27 e<\/p>","protected":false},"author":2,"featured_media":16944,"comment_status":"open","ping_status":"open","sticky":false,"template":"","format":"standard","meta":{"footnotes":""},"categories":[2402,168,164],"tags":[2642,2644,2643],"class_list":{"0":"post-16943","1":"post","2":"type-post","3":"status-publish","4":"format-standard","5":"has-post-thumbnail","7":"category-cultura","8":"category-eai-bora-nessa","9":"category-na-tela","10":"tag-arpa-2026","11":"tag-arte-contemporanea-latino-americana","12":"tag-artistas-do-setor-principal"},"yoast_head":"<!-- This site is optimized with the Yoast SEO plugin v27.5 - https:\/\/yoast.com\/product\/yoast-seo-wordpress\/ -->\n<title>ArPa 2026: Confira as Galerias e Artistas do Setor Principal<\/title>\n<meta name=\"description\" content=\"ArPa 2026 anuncia galerias do Setor Principal. De 27 a 31 de maio na Arena Pacaembu, veja os destaques da arte contempor\u00e2nea latino-americana em S\u00e3o Paulo.\" \/>\n<meta name=\"robots\" content=\"index, follow, max-snippet:-1, max-image-preview:large, max-video-preview:-1\" \/>\n<link rel=\"canonical\" href=\"http:\/\/angelboss.com.br\/en\/2026\/03\/26\/arpa-2026-setor-principal-galerias-confirmadas-sao-pulo\/\" \/>\n<meta property=\"og:locale\" content=\"en_US\" \/>\n<meta property=\"og:type\" content=\"article\" \/>\n<meta property=\"og:title\" content=\"ArPa 2026: Confira as Galerias e Artistas do Setor Principal\" \/>\n<meta property=\"og:description\" content=\"ArPa 2026 anuncia galerias do Setor Principal. De 27 a 31 de maio na Arena Pacaembu, veja os destaques da arte contempor\u00e2nea latino-americana em S\u00e3o Paulo.\" \/>\n<meta property=\"og:url\" content=\"http:\/\/angelboss.com.br\/en\/2026\/03\/26\/arpa-2026-setor-principal-galerias-confirmadas-sao-pulo\/\" \/>\n<meta property=\"og:site_name\" content=\"Portal Masculino de Moda, Beleza, Luxo and Business - Angel Boss\" \/>\n<meta property=\"article:published_time\" content=\"2026-03-26T19:53:54+00:00\" \/>\n<meta property=\"article:modified_time\" content=\"2026-03-26T19:53:58+00:00\" \/>\n<meta property=\"og:image\" content=\"http:\/\/angelboss.com.br\/wp-content\/uploads\/2026\/03\/f1b771ef-8a89-4367-a2e0-33d5a75b2d13.png\" \/>\n\t<meta property=\"og:image:width\" content=\"745\" \/>\n\t<meta property=\"og:image:height\" content=\"451\" \/>\n\t<meta property=\"og:image:type\" content=\"image\/png\" \/>\n<meta name=\"author\" content=\"Neto Angel Boss\" \/>\n<meta name=\"twitter:card\" content=\"summary_large_image\" \/>\n<meta name=\"twitter:label1\" content=\"Written by\" \/>\n\t<meta name=\"twitter:data1\" content=\"Neto Angel Boss\" \/>\n\t<meta name=\"twitter:label2\" content=\"Est. reading time\" \/>\n\t<meta name=\"twitter:data2\" content=\"4 minutes\" \/>\n<script type=\"application\/ld+json\" class=\"yoast-schema-graph\">{\"@context\":\"https:\\\/\\\/schema.org\",\"@graph\":[{\"@type\":\"Article\",\"@id\":\"http:\\\/\\\/angelboss.com.br\\\/2026\\\/03\\\/26\\\/arpa-2026-setor-principal-galerias-confirmadas-sao-pulo\\\/#article\",\"isPartOf\":{\"@id\":\"http:\\\/\\\/angelboss.com.br\\\/2026\\\/03\\\/26\\\/arpa-2026-setor-principal-galerias-confirmadas-sao-pulo\\\/\"},\"author\":{\"name\":\"Neto Angel Boss\",\"@id\":\"http:\\\/\\\/angelboss.com.br\\\/#\\\/schema\\\/person\\\/af084936b46cf2e03f299183e429e350\"},\"headline\":\"ArPa 2026 confirma galerias e artistas do Setor Principal\u00a0\u00a0\",\"datePublished\":\"2026-03-26T19:53:54+00:00\",\"dateModified\":\"2026-03-26T19:53:58+00:00\",\"mainEntityOfPage\":{\"@id\":\"http:\\\/\\\/angelboss.com.br\\\/2026\\\/03\\\/26\\\/arpa-2026-setor-principal-galerias-confirmadas-sao-pulo\\\/\"},\"wordCount\":712,\"commentCount\":0,\"publisher\":{\"@id\":\"http:\\\/\\\/angelboss.com.br\\\/#organization\"},\"image\":{\"@id\":\"http:\\\/\\\/angelboss.com.br\\\/2026\\\/03\\\/26\\\/arpa-2026-setor-principal-galerias-confirmadas-sao-pulo\\\/#primaryimage\"},\"thumbnailUrl\":\"http:\\\/\\\/angelboss.com.br\\\/wp-content\\\/uploads\\\/2026\\\/03\\\/f1b771ef-8a89-4367-a2e0-33d5a75b2d13.png\",\"keywords\":[\"ArPa 2026\",\"arte contempor\u00e2nea latino-americana\",\"Artistas do Setor Principal\"],\"articleSection\":[\"Cultura\",\"EA\u00cd, BORA NESSA?\",\"NA TELA\"],\"inLanguage\":\"en-US\",\"potentialAction\":[{\"@type\":\"CommentAction\",\"name\":\"Comment\",\"target\":[\"http:\\\/\\\/angelboss.com.br\\\/2026\\\/03\\\/26\\\/arpa-2026-setor-principal-galerias-confirmadas-sao-pulo\\\/#respond\"]}]},{\"@type\":\"WebPage\",\"@id\":\"http:\\\/\\\/angelboss.com.br\\\/2026\\\/03\\\/26\\\/arpa-2026-setor-principal-galerias-confirmadas-sao-pulo\\\/\",\"url\":\"http:\\\/\\\/angelboss.com.br\\\/2026\\\/03\\\/26\\\/arpa-2026-setor-principal-galerias-confirmadas-sao-pulo\\\/\",\"name\":\"ArPa 2026: Confira as Galerias e Artistas do Setor Principal\",\"isPartOf\":{\"@id\":\"http:\\\/\\\/angelboss.com.br\\\/#website\"},\"primaryImageOfPage\":{\"@id\":\"http:\\\/\\\/angelboss.com.br\\\/2026\\\/03\\\/26\\\/arpa-2026-setor-principal-galerias-confirmadas-sao-pulo\\\/#primaryimage\"},\"image\":{\"@id\":\"http:\\\/\\\/angelboss.com.br\\\/2026\\\/03\\\/26\\\/arpa-2026-setor-principal-galerias-confirmadas-sao-pulo\\\/#primaryimage\"},\"thumbnailUrl\":\"http:\\\/\\\/angelboss.com.br\\\/wp-content\\\/uploads\\\/2026\\\/03\\\/f1b771ef-8a89-4367-a2e0-33d5a75b2d13.png\",\"datePublished\":\"2026-03-26T19:53:54+00:00\",\"dateModified\":\"2026-03-26T19:53:58+00:00\",\"description\":\"ArPa 2026 anuncia galerias do Setor Principal. De 27 a 31 de maio na Arena Pacaembu, veja os destaques da arte contempor\u00e2nea latino-americana em S\u00e3o Paulo.\",\"breadcrumb\":{\"@id\":\"http:\\\/\\\/angelboss.com.br\\\/2026\\\/03\\\/26\\\/arpa-2026-setor-principal-galerias-confirmadas-sao-pulo\\\/#breadcrumb\"},\"inLanguage\":\"en-US\",\"potentialAction\":[{\"@type\":\"ReadAction\",\"target\":[\"http:\\\/\\\/angelboss.com.br\\\/2026\\\/03\\\/26\\\/arpa-2026-setor-principal-galerias-confirmadas-sao-pulo\\\/\"]}]},{\"@type\":\"ImageObject\",\"inLanguage\":\"en-US\",\"@id\":\"http:\\\/\\\/angelboss.com.br\\\/2026\\\/03\\\/26\\\/arpa-2026-setor-principal-galerias-confirmadas-sao-pulo\\\/#primaryimage\",\"url\":\"http:\\\/\\\/angelboss.com.br\\\/wp-content\\\/uploads\\\/2026\\\/03\\\/f1b771ef-8a89-4367-a2e0-33d5a75b2d13.png\",\"contentUrl\":\"http:\\\/\\\/angelboss.com.br\\\/wp-content\\\/uploads\\\/2026\\\/03\\\/f1b771ef-8a89-4367-a2e0-33d5a75b2d13.png\",\"width\":745,\"height\":451,\"caption\":\"Imagem da vista geral do Setor Principal da edi\u00e7\u00e3o de 2025 da ArPa Feira de Arte. Foto: Taurina Filmes\"},{\"@type\":\"BreadcrumbList\",\"@id\":\"http:\\\/\\\/angelboss.com.br\\\/2026\\\/03\\\/26\\\/arpa-2026-setor-principal-galerias-confirmadas-sao-pulo\\\/#breadcrumb\",\"itemListElement\":[{\"@type\":\"ListItem\",\"position\":1,\"name\":\"In\u00edcio\",\"item\":\"http:\\\/\\\/angelboss.com.br\\\/\"},{\"@type\":\"ListItem\",\"position\":2,\"name\":\"ArPa 2026 confirma galerias e artistas do Setor Principal\u00a0\u00a0\"}]},{\"@type\":\"WebSite\",\"@id\":\"http:\\\/\\\/angelboss.com.br\\\/#website\",\"url\":\"http:\\\/\\\/angelboss.com.br\\\/\",\"name\":\"Portal Masculino de Moda, Beleza, Luxo e Business - Angel Boss\",\"description\":\"O Maior Portal sobre Moda, Luxo, Beleza e Business Masculino do Brasil\",\"publisher\":{\"@id\":\"http:\\\/\\\/angelboss.com.br\\\/#organization\"},\"alternateName\":\"Maior Portal e Blog de Beleza Masculina e Luxo\",\"potentialAction\":[{\"@type\":\"SearchAction\",\"target\":{\"@type\":\"EntryPoint\",\"urlTemplate\":\"http:\\\/\\\/angelboss.com.br\\\/?s={search_term_string}\"},\"query-input\":{\"@type\":\"PropertyValueSpecification\",\"valueRequired\":true,\"valueName\":\"search_term_string\"}}],\"inLanguage\":\"en-US\"},{\"@type\":\"Organization\",\"@id\":\"http:\\\/\\\/angelboss.com.br\\\/#organization\",\"name\":\"Portal Masculino de Moda, Beleza, Luxo and Business - Angel Boss\",\"url\":\"http:\\\/\\\/angelboss.com.br\\\/\",\"logo\":{\"@type\":\"ImageObject\",\"inLanguage\":\"en-US\",\"@id\":\"http:\\\/\\\/angelboss.com.br\\\/#\\\/schema\\\/logo\\\/image\\\/\",\"url\":\"http:\\\/\\\/angelboss.com.br\\\/wp-content\\\/uploads\\\/2025\\\/12\\\/WhatsApp-Image-2025-12-11-at-12.54.26.jpeg\",\"contentUrl\":\"http:\\\/\\\/angelboss.com.br\\\/wp-content\\\/uploads\\\/2025\\\/12\\\/WhatsApp-Image-2025-12-11-at-12.54.26.jpeg\",\"width\":1280,\"height\":1280,\"caption\":\"Portal Masculino de Moda, Beleza, Luxo and Business - Angel Boss\"},\"image\":{\"@id\":\"http:\\\/\\\/angelboss.com.br\\\/#\\\/schema\\\/logo\\\/image\\\/\"}},{\"@type\":\"Person\",\"@id\":\"http:\\\/\\\/angelboss.com.br\\\/#\\\/schema\\\/person\\\/af084936b46cf2e03f299183e429e350\",\"name\":\"Neto Angel Boss\",\"image\":{\"@type\":\"ImageObject\",\"inLanguage\":\"en-US\",\"@id\":\"https:\\\/\\\/secure.gravatar.com\\\/avatar\\\/dbb38b2050e5181e32afbccf458635967af0767d15abe8168b35ebbd97907289?s=96&d=mm&r=g\",\"url\":\"https:\\\/\\\/secure.gravatar.com\\\/avatar\\\/dbb38b2050e5181e32afbccf458635967af0767d15abe8168b35ebbd97907289?s=96&d=mm&r=g\",\"contentUrl\":\"https:\\\/\\\/secure.gravatar.com\\\/avatar\\\/dbb38b2050e5181e32afbccf458635967af0767d15abe8168b35ebbd97907289?s=96&d=mm&r=g\",\"caption\":\"Neto Angel Boss\"},\"sameAs\":[\"http:\\\/\\\/www.angelboss.com\"],\"url\":\"http:\\\/\\\/angelboss.com.br\\\/en\\\/author\\\/netoangelboss\\\/\"}]}<\/script>\n<!-- \/ Yoast SEO plugin. -->","yoast_head_json":{"title":"ArPa 2026: Confira as Galerias e Artistas do Setor Principal","description":"ArPa 2026 anuncia galerias do Setor Principal. De 27 a 31 de maio na Arena Pacaembu, veja os destaques da arte contempor\u00e2nea latino-americana em S\u00e3o Paulo.","robots":{"index":"index","follow":"follow","max-snippet":"max-snippet:-1","max-image-preview":"max-image-preview:large","max-video-preview":"max-video-preview:-1"},"canonical":"http:\/\/angelboss.com.br\/en\/2026\/03\/26\/arpa-2026-setor-principal-galerias-confirmadas-sao-pulo\/","og_locale":"en_US","og_type":"article","og_title":"ArPa 2026: Confira as Galerias e Artistas do Setor Principal","og_description":"ArPa 2026 anuncia galerias do Setor Principal. De 27 a 31 de maio na Arena Pacaembu, veja os destaques da arte contempor\u00e2nea latino-americana em S\u00e3o Paulo.","og_url":"http:\/\/angelboss.com.br\/en\/2026\/03\/26\/arpa-2026-setor-principal-galerias-confirmadas-sao-pulo\/","og_site_name":"Portal Masculino de Moda, Beleza, Luxo and Business - Angel Boss","article_published_time":"2026-03-26T19:53:54+00:00","article_modified_time":"2026-03-26T19:53:58+00:00","og_image":[{"width":745,"height":451,"url":"http:\/\/angelboss.com.br\/wp-content\/uploads\/2026\/03\/f1b771ef-8a89-4367-a2e0-33d5a75b2d13.png","type":"image\/png"}],"author":"Neto Angel Boss","twitter_card":"summary_large_image","twitter_misc":{"Written by":"Neto Angel Boss","Est. reading time":"4 minutes"},"schema":{"@context":"https:\/\/schema.org","@graph":[{"@type":"Article","@id":"http:\/\/angelboss.com.br\/2026\/03\/26\/arpa-2026-setor-principal-galerias-confirmadas-sao-pulo\/#article","isPartOf":{"@id":"http:\/\/angelboss.com.br\/2026\/03\/26\/arpa-2026-setor-principal-galerias-confirmadas-sao-pulo\/"},"author":{"name":"Neto Angel Boss","@id":"http:\/\/angelboss.com.br\/#\/schema\/person\/af084936b46cf2e03f299183e429e350"},"headline":"ArPa 2026 confirma galerias e artistas do Setor Principal\u00a0\u00a0","datePublished":"2026-03-26T19:53:54+00:00","dateModified":"2026-03-26T19:53:58+00:00","mainEntityOfPage":{"@id":"http:\/\/angelboss.com.br\/2026\/03\/26\/arpa-2026-setor-principal-galerias-confirmadas-sao-pulo\/"},"wordCount":712,"commentCount":0,"publisher":{"@id":"http:\/\/angelboss.com.br\/#organization"},"image":{"@id":"http:\/\/angelboss.com.br\/2026\/03\/26\/arpa-2026-setor-principal-galerias-confirmadas-sao-pulo\/#primaryimage"},"thumbnailUrl":"http:\/\/angelboss.com.br\/wp-content\/uploads\/2026\/03\/f1b771ef-8a89-4367-a2e0-33d5a75b2d13.png","keywords":["ArPa 2026","arte contempor\u00e2nea latino-americana","Artistas do Setor Principal"],"articleSection":["Cultura","EA\u00cd, BORA NESSA?","NA TELA"],"inLanguage":"en-US","potentialAction":[{"@type":"CommentAction","name":"Comment","target":["http:\/\/angelboss.com.br\/2026\/03\/26\/arpa-2026-setor-principal-galerias-confirmadas-sao-pulo\/#respond"]}]},{"@type":"WebPage","@id":"http:\/\/angelboss.com.br\/2026\/03\/26\/arpa-2026-setor-principal-galerias-confirmadas-sao-pulo\/","url":"http:\/\/angelboss.com.br\/2026\/03\/26\/arpa-2026-setor-principal-galerias-confirmadas-sao-pulo\/","name":"ArPa 2026: Confira as Galerias e Artistas do Setor Principal","isPartOf":{"@id":"http:\/\/angelboss.com.br\/#website"},"primaryImageOfPage":{"@id":"http:\/\/angelboss.com.br\/2026\/03\/26\/arpa-2026-setor-principal-galerias-confirmadas-sao-pulo\/#primaryimage"},"image":{"@id":"http:\/\/angelboss.com.br\/2026\/03\/26\/arpa-2026-setor-principal-galerias-confirmadas-sao-pulo\/#primaryimage"},"thumbnailUrl":"http:\/\/angelboss.com.br\/wp-content\/uploads\/2026\/03\/f1b771ef-8a89-4367-a2e0-33d5a75b2d13.png","datePublished":"2026-03-26T19:53:54+00:00","dateModified":"2026-03-26T19:53:58+00:00","description":"ArPa 2026 anuncia galerias do Setor Principal. De 27 a 31 de maio na Arena Pacaembu, veja os destaques da arte contempor\u00e2nea latino-americana em S\u00e3o Paulo.","breadcrumb":{"@id":"http:\/\/angelboss.com.br\/2026\/03\/26\/arpa-2026-setor-principal-galerias-confirmadas-sao-pulo\/#breadcrumb"},"inLanguage":"en-US","potentialAction":[{"@type":"ReadAction","target":["http:\/\/angelboss.com.br\/2026\/03\/26\/arpa-2026-setor-principal-galerias-confirmadas-sao-pulo\/"]}]},{"@type":"ImageObject","inLanguage":"en-US","@id":"http:\/\/angelboss.com.br\/2026\/03\/26\/arpa-2026-setor-principal-galerias-confirmadas-sao-pulo\/#primaryimage","url":"http:\/\/angelboss.com.br\/wp-content\/uploads\/2026\/03\/f1b771ef-8a89-4367-a2e0-33d5a75b2d13.png","contentUrl":"http:\/\/angelboss.com.br\/wp-content\/uploads\/2026\/03\/f1b771ef-8a89-4367-a2e0-33d5a75b2d13.png","width":745,"height":451,"caption":"Imagem da vista geral do Setor Principal da edi\u00e7\u00e3o de 2025 da ArPa Feira de Arte. Foto: Taurina Filmes"},{"@type":"BreadcrumbList","@id":"http:\/\/angelboss.com.br\/2026\/03\/26\/arpa-2026-setor-principal-galerias-confirmadas-sao-pulo\/#breadcrumb","itemListElement":[{"@type":"ListItem","position":1,"name":"In\u00edcio","item":"http:\/\/angelboss.com.br\/"},{"@type":"ListItem","position":2,"name":"ArPa 2026 confirma galerias e artistas do Setor Principal\u00a0\u00a0"}]},{"@type":"WebSite","@id":"http:\/\/angelboss.com.br\/#website","url":"http:\/\/angelboss.com.br\/","name":"Portal Masculino de Moda, Beleza, Luxo e Business - Angel Boss","description":"O Maior Portal sobre Moda, Luxo, Beleza e Business Masculino do Brasil","publisher":{"@id":"http:\/\/angelboss.com.br\/#organization"},"alternateName":"Maior Portal e Blog de Beleza Masculina e Luxo","potentialAction":[{"@type":"SearchAction","target":{"@type":"EntryPoint","urlTemplate":"http:\/\/angelboss.com.br\/?s={search_term_string}"},"query-input":{"@type":"PropertyValueSpecification","valueRequired":true,"valueName":"search_term_string"}}],"inLanguage":"en-US"},{"@type":"Organization","@id":"http:\/\/angelboss.com.br\/#organization","name":"Portal Masculino de Moda, Beleza, Luxo and Business - Angel Boss","url":"http:\/\/angelboss.com.br\/","logo":{"@type":"ImageObject","inLanguage":"en-US","@id":"http:\/\/angelboss.com.br\/#\/schema\/logo\/image\/","url":"http:\/\/angelboss.com.br\/wp-content\/uploads\/2025\/12\/WhatsApp-Image-2025-12-11-at-12.54.26.jpeg","contentUrl":"http:\/\/angelboss.com.br\/wp-content\/uploads\/2025\/12\/WhatsApp-Image-2025-12-11-at-12.54.26.jpeg","width":1280,"height":1280,"caption":"Portal Masculino de Moda, Beleza, Luxo and Business - Angel Boss"},"image":{"@id":"http:\/\/angelboss.com.br\/#\/schema\/logo\/image\/"}},{"@type":"Person","@id":"http:\/\/angelboss.com.br\/#\/schema\/person\/af084936b46cf2e03f299183e429e350","name":"Neto Angel Boss","image":{"@type":"ImageObject","inLanguage":"en-US","@id":"https:\/\/secure.gravatar.com\/avatar\/dbb38b2050e5181e32afbccf458635967af0767d15abe8168b35ebbd97907289?s=96&d=mm&r=g","url":"https:\/\/secure.gravatar.com\/avatar\/dbb38b2050e5181e32afbccf458635967af0767d15abe8168b35ebbd97907289?s=96&d=mm&r=g","contentUrl":"https:\/\/secure.gravatar.com\/avatar\/dbb38b2050e5181e32afbccf458635967af0767d15abe8168b35ebbd97907289?s=96&d=mm&r=g","caption":"Neto Angel Boss"},"sameAs":["http:\/\/www.angelboss.com"],"url":"http:\/\/angelboss.com.br\/en\/author\/netoangelboss\/"}]}},"amp_enabled":true,"_links":{"self":[{"href":"http:\/\/angelboss.com.br\/en\/wp-json\/wp\/v2\/posts\/16943","targetHints":{"allow":["GET"]}}],"collection":[{"href":"http:\/\/angelboss.com.br\/en\/wp-json\/wp\/v2\/posts"}],"about":[{"href":"http:\/\/angelboss.com.br\/en\/wp-json\/wp\/v2\/types\/post"}],"author":[{"embeddable":true,"href":"http:\/\/angelboss.com.br\/en\/wp-json\/wp\/v2\/users\/2"}],"replies":[{"embeddable":true,"href":"http:\/\/angelboss.com.br\/en\/wp-json\/wp\/v2\/comments?post=16943"}],"version-history":[{"count":1,"href":"http:\/\/angelboss.com.br\/en\/wp-json\/wp\/v2\/posts\/16943\/revisions"}],"predecessor-version":[{"id":16946,"href":"http:\/\/angelboss.com.br\/en\/wp-json\/wp\/v2\/posts\/16943\/revisions\/16946"}],"wp:featuredmedia":[{"embeddable":true,"href":"http:\/\/angelboss.com.br\/en\/wp-json\/wp\/v2\/media\/16944"}],"wp:attachment":[{"href":"http:\/\/angelboss.com.br\/en\/wp-json\/wp\/v2\/media?parent=16943"}],"wp:term":[{"taxonomy":"category","embeddable":true,"href":"http:\/\/angelboss.com.br\/en\/wp-json\/wp\/v2\/categories?post=16943"},{"taxonomy":"post_tag","embeddable":true,"href":"http:\/\/angelboss.com.br\/en\/wp-json\/wp\/v2\/tags?post=16943"}],"curies":[{"name":"wp","href":"https:\/\/api.w.org\/{rel}","templated":true}]}}