{"id":16399,"date":"2026-03-23T00:00:00","date_gmt":"2026-03-23T00:00:00","guid":{"rendered":"https:\/\/angelboss.com.br\/2026\/03\/23\/328955-declaracao-da-the-estee-lauder-companies-sobre-uma-possivel-transacao-com-a-puig\/"},"modified":"2026-03-23T00:00:00","modified_gmt":"2026-03-23T00:00:00","slug":"328955-declaracao-da-the-estee-lauder-companies-sobre-uma-possivel-transacao-com-a-puig","status":"publish","type":"post","link":"http:\/\/angelboss.com.br\/en\/2026\/03\/23\/328955-declaracao-da-the-estee-lauder-companies-sobre-uma-possivel-transacao-com-a-puig\/","title":{"rendered":"Declara\u00e7\u00e3o da The Est\u00e9e Lauder Companies sobre uma poss\u00edvel transa\u00e7\u00e3o com a Puig"},"content":{"rendered":"<p xmlns=\"http:\/\/www.w3.org\/1999\/xhtml\">\nA The Est\u00e9e Lauder Companies Inc. (NYSE: EL) confirma que est\u00e1 em negocia\u00e7\u00f5es sobre uma poss\u00edvel fus\u00e3o com a Puig, na qual as duas empresas poderiam unir seus neg\u00f3cios. Nenhuma decis\u00e3o final foi tomada e nenhum acordo foi alcan\u00e7ado. A menos que um acordo seja assinado entre as empresas, n\u00e3o h\u00e1 garantias quanto ao neg\u00f3cio ou aos seus termos.<\/p>\n<p xmlns=\"http:\/\/www.w3.org\/1999\/xhtml\"><b><span class=\"bwuline\">Declara\u00e7\u00e3o Prospectiva<\/span><\/b><\/p>\n<p xmlns=\"http:\/\/www.w3.org\/1999\/xhtml\">\nEste comunicado&agrave;imprensa cont\u00e9m declara\u00e7\u00f5es prospectivas, nos termos da Lei de Reforma de Lit\u00edgios sobre T\u00edtulos Privados de 1995. Estas declara\u00e7\u00f5es incluem, entre outras, as relativas a uma poss\u00edvel transa\u00e7\u00e3o, ao prazo previsto para a sua conclus\u00e3o e aos respetivos termos.<\/p>\n<p xmlns=\"http:\/\/www.w3.org\/1999\/xhtml\">\nAs declara\u00e7\u00f5es prospectivas baseiam-se em expetativas e pressupostos atuais, encontrando-se sujeitas a riscos e incertezas que podem fazer com que os resultados reais difiram materialmente. Entre outros, esses riscos e incertezas incluem a possibilidade de n\u00e3o ser alcan\u00e7ado qualquer acordo, de n\u00e3o serem obtidas as aprova\u00e7\u00f5es regulat\u00f3rias necess\u00e1rias ou de n\u00e3o serem satisfeitas outras condi\u00e7\u00f5es para uma transa\u00e7\u00e3o potencial.<\/p>\n<p xmlns=\"http:\/\/www.w3.org\/1999\/xhtml\">\nN\u00e3o h\u00e1 garantia de que qualquer transa\u00e7\u00e3o ser\u00e1 concretizada ou, caso seja, quanto ao seu momento ou aos seus termos. A The Est\u00e9e Lauder Companies n\u00e3o assume qualquer obriga\u00e7\u00e3o de atualizar quaisquer declara\u00e7\u00f5es prospectivas, exceto quando exigido por lei.<\/p>\n<p xmlns=\"http:\/\/www.w3.org\/1999\/xhtml\"><b><span class=\"bwuline\">Sobre a The Est\u00e9e Lauder Companies Inc.<\/span><\/b><\/p>\n<p xmlns=\"http:\/\/www.w3.org\/1999\/xhtml\">\nA <a href=\"https:\/\/cts.businesswire.com\/ct\/CT?id=smartlink&amp;url=https%3A%2F%2Fwww.elcompanies.com%2Fen&amp;esheet=54461190&amp;newsitemid=20260323426340&amp;lan=pt-BR&amp;anchor=The+Est%26eacute%3Be+Lauder+Companies+Inc.&amp;index=1&amp;md5=31e65faffe92e1dbb16a25250fd11701\" rel=\"follow\" shape=\"rect\" target=\"_blank\">The Est\u00e9e Lauder Companies Inc.<\/a> \u00e9 uma das principais fabricantes, comerciantes e vendedoras mundiais de produtos de elevada qualidade para o cuidado da pele, maquilhagem, perfumaria e produtos para o cabelo, sendo tamb\u00e9m uma guardi\u00e3 global de marcas de luxo e prest\u00edgio. Seus produtos s\u00e3o comercializados em cerca de 150 pa\u00edses e territ\u00f3rios sob marcas como Est\u00e9e Lauder, Aramis, Clinique, Lab Series, Origins, M\u00b7A\u00b7C, La Mer, Bobbi Brown Cosmetics, Aveda, Jo Malone London, Bumble and bumble, Darphin Paris, TOM FORD, Smashbox, AERIN Beauty, Le Labo, Editions de Parfums Fr\u00e9d\u00e9ric Malle, GLAMGLOW, KILIAN PARIS, Too Faced, Dr. Jart+, a fam\u00edlia de marcas DECIEM, incluindo The Ordinary e NIOD, e BALMAIN Beauty.<\/p>\n<p xmlns=\"http:\/\/www.w3.org\/1999\/xhtml\">\nELC-C<\/p>\n<p xmlns=\"http:\/\/www.w3.org\/1999\/xhtml\">\nO texto no idioma original deste an\u00fancio \u00e9 a vers\u00e3o oficial autorizada. As tradu\u00e7\u00f5es s\u00e3o fornecidas apenas como uma facilidade e devem se referir ao texto no idioma original, que \u00e9 a \u00fanica vers\u00e3o do texto que tem efeito legal.<\/p>\n<p xmlns=\"http:\/\/www.w3.org\/1999\/xhtml\"><img decoding=\"async\" alt=\"\" src=\"https:\/\/cts.businesswire.com\/ct\/CT?id=bwnews&amp;sty=20260323426340r1&amp;sid=brdno&amp;distro=ftp\"><span class=\"bwct31415\"><\/span><\/p>\n<p id=\"mmgallerylink\" xmlns=\"http:\/\/www.w3.org\/1999\/xhtml\"><span id=\"mmgallerylink-phrase\">Ver a vers\u00e3o original em businesswire.com: <\/span><span id=\"mmgallerylink-link\"><a href=\"https:\/\/www.businesswire.com\/news\/home\/20260323426340\/pt\/\" rel=\"follow\" target=\"_blank\">https:\/\/www.businesswire.com\/news\/home\/20260323426340\/pt\/<\/a><\/span><\/p>\n<p><b>Contato:<\/b><\/p>\n<p><b>Rela\u00e7\u00f5es com Investidores:<br \/>\n<\/b><\/p>\n<p><b>Rainey Mancini<br \/>\n<\/b><\/p>\n<p><a href=\"mailto:rmancini@estee.com\" rel=\"follow\" shape=\"rect\">rmancini@estee.com<\/a><\/p>\n<p><b>Rela\u00e7\u00f5es com a M\u00eddia:<br \/>\n<\/b><\/p>\n<p><b>Brendan Riley<br \/>\n<\/b><\/p>\n<p><a href=\"mailto:briley@estee.com\" rel=\"follow\" shape=\"rect\">briley@estee.com<\/a><\/p>\n<p><strong>Fonte: <\/strong><a href='http:\/\/www.businesswire.com\/portal\/site\/home\/' target='_blank'>BUSINESS WIRE<\/a><img src='https:\/\/api.dino.com.br\/v2\/news\/tr\/328955?partnerId=4593' alt=\"\" style=\"border:0px;width:1px;height:1px;\" \/><\/p>","protected":false},"excerpt":{"rendered":"<p>A The Est\u00e9e Lauder Companies Inc. (NYSE: EL) confirma que est\u00e1 em negocia\u00e7\u00f5es sobre uma poss\u00edvel fus\u00e3o com a Puig, na qual as duas empresas poderiam unir seus neg\u00f3cios. Nenhuma decis\u00e3o final foi tomada e nenhum acordo foi alcan\u00e7ado. A menos que um acordo seja assinado entre as empresas, n\u00e3o h\u00e1 garantias quanto ao neg\u00f3cio<\/p>","protected":false},"author":3,"featured_media":0,"comment_status":"open","ping_status":"open","sticky":false,"template":"","format":"standard","meta":{"footnotes":""},"categories":[315],"tags":[336,357,324],"class_list":{"0":"post-16399","1":"post","2":"type-post","3":"status-publish","4":"format-standard","6":"category-noticias-corporativas-dino","7":"tag-atacado-e-varejo","8":"tag-estilo-de-vida","9":"tag-negocios"},"yoast_head":"<!-- This site is optimized with the Yoast SEO plugin v27.5 - https:\/\/yoast.com\/product\/yoast-seo-wordpress\/ -->\n<title>Declara\u00e7\u00e3o da The Est\u00e9e Lauder Companies sobre uma poss\u00edvel transa\u00e7\u00e3o com a Puig - Portal Masculino de Moda, Beleza, Luxo and Business - Angel Boss<\/title>\n<meta name=\"robots\" content=\"index, follow, max-snippet:-1, max-image-preview:large, max-video-preview:-1\" \/>\n<link rel=\"canonical\" href=\"http:\/\/angelboss.com.br\/en\/2026\/03\/23\/328955-declaracao-da-the-estee-lauder-companies-sobre-uma-possivel-transacao-com-a-puig\/\" \/>\n<meta property=\"og:locale\" content=\"en_US\" \/>\n<meta property=\"og:type\" content=\"article\" \/>\n<meta property=\"og:title\" content=\"Declara\u00e7\u00e3o da The Est\u00e9e Lauder Companies sobre uma poss\u00edvel transa\u00e7\u00e3o com a Puig - Portal Masculino de Moda, Beleza, Luxo and Business - Angel Boss\" \/>\n<meta property=\"og:description\" content=\"A The Est\u00e9e Lauder Companies Inc. (NYSE: EL) confirma que est\u00e1 em negocia\u00e7\u00f5es sobre uma poss\u00edvel fus\u00e3o com a Puig, na qual as duas empresas poderiam unir seus neg\u00f3cios. Nenhuma decis\u00e3o final foi tomada e nenhum acordo foi alcan\u00e7ado. A menos que um acordo seja assinado entre as empresas, n\u00e3o h\u00e1 garantias quanto ao neg\u00f3cio\" \/>\n<meta property=\"og:url\" content=\"http:\/\/angelboss.com.br\/en\/2026\/03\/23\/328955-declaracao-da-the-estee-lauder-companies-sobre-uma-possivel-transacao-com-a-puig\/\" \/>\n<meta property=\"og:site_name\" content=\"Portal Masculino de Moda, Beleza, Luxo and Business - Angel Boss\" \/>\n<meta property=\"article:published_time\" content=\"2026-03-23T00:00:00+00:00\" \/>\n<meta property=\"og:image\" content=\"https:\/\/cts.businesswire.com\/ct\/CT?id=bwnews&amp;sty=20260323426340r1&amp;sid=brdno&amp;distro=ftp\" \/>\n<meta name=\"author\" content=\"DINO\" \/>\n<meta name=\"twitter:card\" content=\"summary_large_image\" \/>\n<meta name=\"twitter:label1\" content=\"Written by\" \/>\n\t<meta name=\"twitter:data1\" content=\"DINO\" \/>\n\t<meta name=\"twitter:label2\" content=\"Est. reading time\" \/>\n\t<meta name=\"twitter:data2\" content=\"2 minutes\" \/>\n<script type=\"application\/ld+json\" class=\"yoast-schema-graph\">{\"@context\":\"https:\\\/\\\/schema.org\",\"@graph\":[{\"@type\":\"Article\",\"@id\":\"http:\\\/\\\/angelboss.com.br\\\/en\\\/2026\\\/03\\\/23\\\/328955-declaracao-da-the-estee-lauder-companies-sobre-uma-possivel-transacao-com-a-puig\\\/#article\",\"isPartOf\":{\"@id\":\"http:\\\/\\\/angelboss.com.br\\\/en\\\/2026\\\/03\\\/23\\\/328955-declaracao-da-the-estee-lauder-companies-sobre-uma-possivel-transacao-com-a-puig\\\/\"},\"author\":{\"name\":\"DINO\",\"@id\":\"https:\\\/\\\/angelboss.com.br\\\/en\\\/#\\\/schema\\\/person\\\/b6676b8d991f97199ef2d5b8e5c2d8a5\"},\"headline\":\"Declara\u00e7\u00e3o da The Est\u00e9e Lauder Companies sobre uma poss\u00edvel transa\u00e7\u00e3o com a Puig\",\"datePublished\":\"2026-03-23T00:00:00+00:00\",\"mainEntityOfPage\":{\"@id\":\"http:\\\/\\\/angelboss.com.br\\\/en\\\/2026\\\/03\\\/23\\\/328955-declaracao-da-the-estee-lauder-companies-sobre-uma-possivel-transacao-com-a-puig\\\/\"},\"wordCount\":463,\"commentCount\":0,\"publisher\":{\"@id\":\"https:\\\/\\\/angelboss.com.br\\\/en\\\/#organization\"},\"image\":{\"@id\":\"http:\\\/\\\/angelboss.com.br\\\/en\\\/2026\\\/03\\\/23\\\/328955-declaracao-da-the-estee-lauder-companies-sobre-uma-possivel-transacao-com-a-puig\\\/#primaryimage\"},\"thumbnailUrl\":\"https:\\\/\\\/cts.businesswire.com\\\/ct\\\/CT?id=bwnews&amp;sty=20260323426340r1&amp;sid=brdno&amp;distro=ftp\",\"keywords\":[\"ATACADO E VAREJO\",\"ESTILO DE VIDA\",\"NEG\u00d3CIOS\"],\"articleSection\":[\"Not\u00edcias Corporativas\"],\"inLanguage\":\"en-US\",\"potentialAction\":[{\"@type\":\"CommentAction\",\"name\":\"Comment\",\"target\":[\"http:\\\/\\\/angelboss.com.br\\\/en\\\/2026\\\/03\\\/23\\\/328955-declaracao-da-the-estee-lauder-companies-sobre-uma-possivel-transacao-com-a-puig\\\/#respond\"]}]},{\"@type\":\"WebPage\",\"@id\":\"http:\\\/\\\/angelboss.com.br\\\/en\\\/2026\\\/03\\\/23\\\/328955-declaracao-da-the-estee-lauder-companies-sobre-uma-possivel-transacao-com-a-puig\\\/\",\"url\":\"http:\\\/\\\/angelboss.com.br\\\/en\\\/2026\\\/03\\\/23\\\/328955-declaracao-da-the-estee-lauder-companies-sobre-uma-possivel-transacao-com-a-puig\\\/\",\"name\":\"Declara\u00e7\u00e3o da The Est\u00e9e Lauder Companies sobre uma poss\u00edvel transa\u00e7\u00e3o com a Puig - Portal Masculino de Moda, Beleza, Luxo and Business - Angel Boss\",\"isPartOf\":{\"@id\":\"https:\\\/\\\/angelboss.com.br\\\/en\\\/#website\"},\"primaryImageOfPage\":{\"@id\":\"http:\\\/\\\/angelboss.com.br\\\/en\\\/2026\\\/03\\\/23\\\/328955-declaracao-da-the-estee-lauder-companies-sobre-uma-possivel-transacao-com-a-puig\\\/#primaryimage\"},\"image\":{\"@id\":\"http:\\\/\\\/angelboss.com.br\\\/en\\\/2026\\\/03\\\/23\\\/328955-declaracao-da-the-estee-lauder-companies-sobre-uma-possivel-transacao-com-a-puig\\\/#primaryimage\"},\"thumbnailUrl\":\"https:\\\/\\\/cts.businesswire.com\\\/ct\\\/CT?id=bwnews&amp;sty=20260323426340r1&amp;sid=brdno&amp;distro=ftp\",\"datePublished\":\"2026-03-23T00:00:00+00:00\",\"breadcrumb\":{\"@id\":\"http:\\\/\\\/angelboss.com.br\\\/en\\\/2026\\\/03\\\/23\\\/328955-declaracao-da-the-estee-lauder-companies-sobre-uma-possivel-transacao-com-a-puig\\\/#breadcrumb\"},\"inLanguage\":\"en-US\",\"potentialAction\":[{\"@type\":\"ReadAction\",\"target\":[\"http:\\\/\\\/angelboss.com.br\\\/en\\\/2026\\\/03\\\/23\\\/328955-declaracao-da-the-estee-lauder-companies-sobre-uma-possivel-transacao-com-a-puig\\\/\"]}]},{\"@type\":\"ImageObject\",\"inLanguage\":\"en-US\",\"@id\":\"http:\\\/\\\/angelboss.com.br\\\/en\\\/2026\\\/03\\\/23\\\/328955-declaracao-da-the-estee-lauder-companies-sobre-uma-possivel-transacao-com-a-puig\\\/#primaryimage\",\"url\":\"https:\\\/\\\/cts.businesswire.com\\\/ct\\\/CT?id=bwnews&amp;sty=20260323426340r1&amp;sid=brdno&amp;distro=ftp\",\"contentUrl\":\"https:\\\/\\\/cts.businesswire.com\\\/ct\\\/CT?id=bwnews&amp;sty=20260323426340r1&amp;sid=brdno&amp;distro=ftp\"},{\"@type\":\"BreadcrumbList\",\"@id\":\"http:\\\/\\\/angelboss.com.br\\\/en\\\/2026\\\/03\\\/23\\\/328955-declaracao-da-the-estee-lauder-companies-sobre-uma-possivel-transacao-com-a-puig\\\/#breadcrumb\",\"itemListElement\":[{\"@type\":\"ListItem\",\"position\":1,\"name\":\"In\u00edcio\",\"item\":\"https:\\\/\\\/angelboss.com.br\\\/en\\\/\"},{\"@type\":\"ListItem\",\"position\":2,\"name\":\"Declara\u00e7\u00e3o da The Est\u00e9e Lauder Companies sobre uma poss\u00edvel transa\u00e7\u00e3o com a Puig\"}]},{\"@type\":\"WebSite\",\"@id\":\"https:\\\/\\\/angelboss.com.br\\\/en\\\/#website\",\"url\":\"https:\\\/\\\/angelboss.com.br\\\/en\\\/\",\"name\":\"Portal Masculino de Moda, Beleza, Luxo e Business - Angel Boss\",\"description\":\"O Maior Portal sobre Moda, Luxo, Beleza e Business Masculino do Brasil\",\"publisher\":{\"@id\":\"https:\\\/\\\/angelboss.com.br\\\/en\\\/#organization\"},\"alternateName\":\"Maior Portal e Blog de Beleza Masculina e Luxo\",\"potentialAction\":[{\"@type\":\"SearchAction\",\"target\":{\"@type\":\"EntryPoint\",\"urlTemplate\":\"https:\\\/\\\/angelboss.com.br\\\/en\\\/?s={search_term_string}\"},\"query-input\":{\"@type\":\"PropertyValueSpecification\",\"valueRequired\":true,\"valueName\":\"search_term_string\"}}],\"inLanguage\":\"en-US\"},{\"@type\":\"Organization\",\"@id\":\"https:\\\/\\\/angelboss.com.br\\\/en\\\/#organization\",\"name\":\"Portal Masculino de Moda, Beleza, Luxo and Business - Angel Boss\",\"url\":\"https:\\\/\\\/angelboss.com.br\\\/en\\\/\",\"logo\":{\"@type\":\"ImageObject\",\"inLanguage\":\"en-US\",\"@id\":\"https:\\\/\\\/angelboss.com.br\\\/en\\\/#\\\/schema\\\/logo\\\/image\\\/\",\"url\":\"http:\\\/\\\/angelboss.com.br\\\/wp-content\\\/uploads\\\/2025\\\/12\\\/WhatsApp-Image-2025-12-11-at-12.54.26.jpeg\",\"contentUrl\":\"http:\\\/\\\/angelboss.com.br\\\/wp-content\\\/uploads\\\/2025\\\/12\\\/WhatsApp-Image-2025-12-11-at-12.54.26.jpeg\",\"width\":1280,\"height\":1280,\"caption\":\"Portal Masculino de Moda, Beleza, Luxo and Business - Angel Boss\"},\"image\":{\"@id\":\"https:\\\/\\\/angelboss.com.br\\\/en\\\/#\\\/schema\\\/logo\\\/image\\\/\"}},{\"@type\":\"Person\",\"@id\":\"https:\\\/\\\/angelboss.com.br\\\/en\\\/#\\\/schema\\\/person\\\/b6676b8d991f97199ef2d5b8e5c2d8a5\",\"name\":\"DINO\",\"image\":{\"@type\":\"ImageObject\",\"inLanguage\":\"en-US\",\"@id\":\"https:\\\/\\\/secure.gravatar.com\\\/avatar\\\/f29568383aedf96da155b6f87103b0e04b1c662f982055cda25086444ab33ff8?s=96&d=mm&r=g\",\"url\":\"https:\\\/\\\/secure.gravatar.com\\\/avatar\\\/f29568383aedf96da155b6f87103b0e04b1c662f982055cda25086444ab33ff8?s=96&d=mm&r=g\",\"contentUrl\":\"https:\\\/\\\/secure.gravatar.com\\\/avatar\\\/f29568383aedf96da155b6f87103b0e04b1c662f982055cda25086444ab33ff8?s=96&d=mm&r=g\",\"caption\":\"DINO\"},\"url\":\"http:\\\/\\\/angelboss.com.br\\\/en\\\/author\\\/DINO\\\/\"}]}<\/script>\n<!-- \/ Yoast SEO plugin. -->","yoast_head_json":{"title":"Declara\u00e7\u00e3o da The Est\u00e9e Lauder Companies sobre uma poss\u00edvel transa\u00e7\u00e3o com a Puig - Portal Masculino de Moda, Beleza, Luxo and Business - Angel Boss","robots":{"index":"index","follow":"follow","max-snippet":"max-snippet:-1","max-image-preview":"max-image-preview:large","max-video-preview":"max-video-preview:-1"},"canonical":"http:\/\/angelboss.com.br\/en\/2026\/03\/23\/328955-declaracao-da-the-estee-lauder-companies-sobre-uma-possivel-transacao-com-a-puig\/","og_locale":"en_US","og_type":"article","og_title":"Declara\u00e7\u00e3o da The Est\u00e9e Lauder Companies sobre uma poss\u00edvel transa\u00e7\u00e3o com a Puig - Portal Masculino de Moda, Beleza, Luxo and Business - Angel Boss","og_description":"A The Est\u00e9e Lauder Companies Inc. (NYSE: EL) confirma que est\u00e1 em negocia\u00e7\u00f5es sobre uma poss\u00edvel fus\u00e3o com a Puig, na qual as duas empresas poderiam unir seus neg\u00f3cios. Nenhuma decis\u00e3o final foi tomada e nenhum acordo foi alcan\u00e7ado. A menos que um acordo seja assinado entre as empresas, n\u00e3o h\u00e1 garantias quanto ao neg\u00f3cio","og_url":"http:\/\/angelboss.com.br\/en\/2026\/03\/23\/328955-declaracao-da-the-estee-lauder-companies-sobre-uma-possivel-transacao-com-a-puig\/","og_site_name":"Portal Masculino de Moda, Beleza, Luxo and Business - Angel Boss","article_published_time":"2026-03-23T00:00:00+00:00","og_image":[{"url":"https:\/\/cts.businesswire.com\/ct\/CT?id=bwnews&amp;sty=20260323426340r1&amp;sid=brdno&amp;distro=ftp","type":"","width":"","height":""}],"author":"DINO","twitter_card":"summary_large_image","twitter_misc":{"Written by":"DINO","Est. reading time":"2 minutes"},"schema":{"@context":"https:\/\/schema.org","@graph":[{"@type":"Article","@id":"http:\/\/angelboss.com.br\/en\/2026\/03\/23\/328955-declaracao-da-the-estee-lauder-companies-sobre-uma-possivel-transacao-com-a-puig\/#article","isPartOf":{"@id":"http:\/\/angelboss.com.br\/en\/2026\/03\/23\/328955-declaracao-da-the-estee-lauder-companies-sobre-uma-possivel-transacao-com-a-puig\/"},"author":{"name":"DINO","@id":"https:\/\/angelboss.com.br\/en\/#\/schema\/person\/b6676b8d991f97199ef2d5b8e5c2d8a5"},"headline":"Declara\u00e7\u00e3o da The Est\u00e9e Lauder Companies sobre uma poss\u00edvel transa\u00e7\u00e3o com a Puig","datePublished":"2026-03-23T00:00:00+00:00","mainEntityOfPage":{"@id":"http:\/\/angelboss.com.br\/en\/2026\/03\/23\/328955-declaracao-da-the-estee-lauder-companies-sobre-uma-possivel-transacao-com-a-puig\/"},"wordCount":463,"commentCount":0,"publisher":{"@id":"https:\/\/angelboss.com.br\/en\/#organization"},"image":{"@id":"http:\/\/angelboss.com.br\/en\/2026\/03\/23\/328955-declaracao-da-the-estee-lauder-companies-sobre-uma-possivel-transacao-com-a-puig\/#primaryimage"},"thumbnailUrl":"https:\/\/cts.businesswire.com\/ct\/CT?id=bwnews&amp;sty=20260323426340r1&amp;sid=brdno&amp;distro=ftp","keywords":["ATACADO E VAREJO","ESTILO DE VIDA","NEG\u00d3CIOS"],"articleSection":["Not\u00edcias Corporativas"],"inLanguage":"en-US","potentialAction":[{"@type":"CommentAction","name":"Comment","target":["http:\/\/angelboss.com.br\/en\/2026\/03\/23\/328955-declaracao-da-the-estee-lauder-companies-sobre-uma-possivel-transacao-com-a-puig\/#respond"]}]},{"@type":"WebPage","@id":"http:\/\/angelboss.com.br\/en\/2026\/03\/23\/328955-declaracao-da-the-estee-lauder-companies-sobre-uma-possivel-transacao-com-a-puig\/","url":"http:\/\/angelboss.com.br\/en\/2026\/03\/23\/328955-declaracao-da-the-estee-lauder-companies-sobre-uma-possivel-transacao-com-a-puig\/","name":"Declara\u00e7\u00e3o da The Est\u00e9e Lauder Companies sobre uma poss\u00edvel transa\u00e7\u00e3o com a Puig - Portal Masculino de Moda, Beleza, Luxo and Business - Angel Boss","isPartOf":{"@id":"https:\/\/angelboss.com.br\/en\/#website"},"primaryImageOfPage":{"@id":"http:\/\/angelboss.com.br\/en\/2026\/03\/23\/328955-declaracao-da-the-estee-lauder-companies-sobre-uma-possivel-transacao-com-a-puig\/#primaryimage"},"image":{"@id":"http:\/\/angelboss.com.br\/en\/2026\/03\/23\/328955-declaracao-da-the-estee-lauder-companies-sobre-uma-possivel-transacao-com-a-puig\/#primaryimage"},"thumbnailUrl":"https:\/\/cts.businesswire.com\/ct\/CT?id=bwnews&amp;sty=20260323426340r1&amp;sid=brdno&amp;distro=ftp","datePublished":"2026-03-23T00:00:00+00:00","breadcrumb":{"@id":"http:\/\/angelboss.com.br\/en\/2026\/03\/23\/328955-declaracao-da-the-estee-lauder-companies-sobre-uma-possivel-transacao-com-a-puig\/#breadcrumb"},"inLanguage":"en-US","potentialAction":[{"@type":"ReadAction","target":["http:\/\/angelboss.com.br\/en\/2026\/03\/23\/328955-declaracao-da-the-estee-lauder-companies-sobre-uma-possivel-transacao-com-a-puig\/"]}]},{"@type":"ImageObject","inLanguage":"en-US","@id":"http:\/\/angelboss.com.br\/en\/2026\/03\/23\/328955-declaracao-da-the-estee-lauder-companies-sobre-uma-possivel-transacao-com-a-puig\/#primaryimage","url":"https:\/\/cts.businesswire.com\/ct\/CT?id=bwnews&amp;sty=20260323426340r1&amp;sid=brdno&amp;distro=ftp","contentUrl":"https:\/\/cts.businesswire.com\/ct\/CT?id=bwnews&amp;sty=20260323426340r1&amp;sid=brdno&amp;distro=ftp"},{"@type":"BreadcrumbList","@id":"http:\/\/angelboss.com.br\/en\/2026\/03\/23\/328955-declaracao-da-the-estee-lauder-companies-sobre-uma-possivel-transacao-com-a-puig\/#breadcrumb","itemListElement":[{"@type":"ListItem","position":1,"name":"In\u00edcio","item":"https:\/\/angelboss.com.br\/en\/"},{"@type":"ListItem","position":2,"name":"Declara\u00e7\u00e3o da The Est\u00e9e Lauder Companies sobre uma poss\u00edvel transa\u00e7\u00e3o com a Puig"}]},{"@type":"WebSite","@id":"https:\/\/angelboss.com.br\/en\/#website","url":"https:\/\/angelboss.com.br\/en\/","name":"Portal Masculino de Moda, Beleza, Luxo e Business - Angel Boss","description":"O Maior Portal sobre Moda, Luxo, Beleza e Business Masculino do Brasil","publisher":{"@id":"https:\/\/angelboss.com.br\/en\/#organization"},"alternateName":"Maior Portal e Blog de Beleza Masculina e Luxo","potentialAction":[{"@type":"SearchAction","target":{"@type":"EntryPoint","urlTemplate":"https:\/\/angelboss.com.br\/en\/?s={search_term_string}"},"query-input":{"@type":"PropertyValueSpecification","valueRequired":true,"valueName":"search_term_string"}}],"inLanguage":"en-US"},{"@type":"Organization","@id":"https:\/\/angelboss.com.br\/en\/#organization","name":"Portal Masculino de Moda, Beleza, Luxo and Business - Angel Boss","url":"https:\/\/angelboss.com.br\/en\/","logo":{"@type":"ImageObject","inLanguage":"en-US","@id":"https:\/\/angelboss.com.br\/en\/#\/schema\/logo\/image\/","url":"http:\/\/angelboss.com.br\/wp-content\/uploads\/2025\/12\/WhatsApp-Image-2025-12-11-at-12.54.26.jpeg","contentUrl":"http:\/\/angelboss.com.br\/wp-content\/uploads\/2025\/12\/WhatsApp-Image-2025-12-11-at-12.54.26.jpeg","width":1280,"height":1280,"caption":"Portal Masculino de Moda, Beleza, Luxo and Business - Angel Boss"},"image":{"@id":"https:\/\/angelboss.com.br\/en\/#\/schema\/logo\/image\/"}},{"@type":"Person","@id":"https:\/\/angelboss.com.br\/en\/#\/schema\/person\/b6676b8d991f97199ef2d5b8e5c2d8a5","name":"DINO","image":{"@type":"ImageObject","inLanguage":"en-US","@id":"https:\/\/secure.gravatar.com\/avatar\/f29568383aedf96da155b6f87103b0e04b1c662f982055cda25086444ab33ff8?s=96&d=mm&r=g","url":"https:\/\/secure.gravatar.com\/avatar\/f29568383aedf96da155b6f87103b0e04b1c662f982055cda25086444ab33ff8?s=96&d=mm&r=g","contentUrl":"https:\/\/secure.gravatar.com\/avatar\/f29568383aedf96da155b6f87103b0e04b1c662f982055cda25086444ab33ff8?s=96&d=mm&r=g","caption":"DINO"},"url":"http:\/\/angelboss.com.br\/en\/author\/DINO\/"}]}},"amp_enabled":true,"_links":{"self":[{"href":"http:\/\/angelboss.com.br\/en\/wp-json\/wp\/v2\/posts\/16399","targetHints":{"allow":["GET"]}}],"collection":[{"href":"http:\/\/angelboss.com.br\/en\/wp-json\/wp\/v2\/posts"}],"about":[{"href":"http:\/\/angelboss.com.br\/en\/wp-json\/wp\/v2\/types\/post"}],"author":[{"embeddable":true,"href":"http:\/\/angelboss.com.br\/en\/wp-json\/wp\/v2\/users\/3"}],"replies":[{"embeddable":true,"href":"http:\/\/angelboss.com.br\/en\/wp-json\/wp\/v2\/comments?post=16399"}],"version-history":[{"count":0,"href":"http:\/\/angelboss.com.br\/en\/wp-json\/wp\/v2\/posts\/16399\/revisions"}],"wp:attachment":[{"href":"http:\/\/angelboss.com.br\/en\/wp-json\/wp\/v2\/media?parent=16399"}],"wp:term":[{"taxonomy":"category","embeddable":true,"href":"http:\/\/angelboss.com.br\/en\/wp-json\/wp\/v2\/categories?post=16399"},{"taxonomy":"post_tag","embeddable":true,"href":"http:\/\/angelboss.com.br\/en\/wp-json\/wp\/v2\/tags?post=16399"}],"curies":[{"name":"wp","href":"https:\/\/api.w.org\/{rel}","templated":true}]}}