{"id":15927,"date":"2026-03-19T19:44:57","date_gmt":"2026-03-19T19:44:57","guid":{"rendered":"https:\/\/angelboss.com.br\/?p=15927"},"modified":"2026-03-19T19:44:59","modified_gmt":"2026-03-19T19:44:59","slug":"novo-bmw-i3-neue-klasse-2026-especificacoes-lancamento","status":"publish","type":"post","link":"http:\/\/angelboss.com.br\/en\/2026\/03\/19\/novo-bmw-i3-neue-klasse-2026-especificacoes-lancamento\/","title":{"rendered":"Novo\u00a0BMW\u00a0i3.\u00a0Segundo\u00a0modelo\u00a0da\u00a0Neue\u00a0Klasse"},"content":{"rendered":"<ul class=\"wp-block-list\">\n<li>O S\u00e9rie 3 representa a ess\u00eancia\u00a0da\u00a0marca\u00a0BMW. H\u00e1 cinco d\u00e9cadas, esse \u00edcone representa o Puro Prazer de Dirigir esportivo, design inconfundivelmente atraente e progresso cont\u00ednuo. Um legado com o qual cada gera\u00e7\u00e3o\u00a0da\u00a0S\u00e9rie 3\u00a0da\u00a0BMW\u00a0est\u00e1 comprometida. O\u00a0novo\u00a0BMW\u00a0i3, totalmente el\u00e9trico, amplia o car\u00e1ter j\u00e1 consagrado\u00a0da\u00a0S\u00e9rie 3\u00a0da\u00a0BMW\u00a0com atributos adicionais e exclusivos<\/li>\n<\/ul>\n\n\n\n<p>\u00a0Segundo\u00a0modelo\u00a0da\u00a0Neue\u00a0Klasse, o\u00a0BMW\u00a0i3\u00a0representa um salto tecnol\u00f3gico qu\u00e2ntico rumo a uma nova era. O primeiro\u00a0BMW\u00a0S\u00e9rie 3 totalmente el\u00e9trico estreia como\u00a0BMW\u00a0i3\u00a050 xDrive, com um motor el\u00e9trico em cada eixo. A pot\u00eancia combinada do sistema \u00e9 de 345 kW\/469 hp*, e o torque m\u00e1ximo \u00e9 de 645 Nm*. A tecnologia\u00a0BMW\u00a0eDrive de sexta gera\u00e7\u00e3o, altamente eficiente, em conjunto com o\u00a0novo\u00a0BMW\u00a0Panoramic iDrive e o Heart of Joy, proporciona uma experi\u00eancia de condu\u00e7\u00e3o em um n\u00edvel nunca antes vivenciado. Com o\u00a0BMW\u00a0Symbiotic Drive, a experi\u00eancia de condu\u00e7\u00e3o assistida tamb\u00e9m entra em uma nova era. O\u00a0BMW\u00a0i3\u00a0tamb\u00e9m representa uma interpreta\u00e7\u00e3o moderna dos elementos de design caracter\u00edsticos de um sed\u00e3\u00a0BMW.<\/p>\n\n\n\n<p>Como representante\u00a0da\u00a0nova linguagem de design, o\u00a0novo\u00a0BMW\u00a0i3\u00a0\u00e9 imediatamente reconhec\u00edvel como um\u00a0BMW\u00a0S\u00e9rie 3 \u2014 confiante, din\u00e2mico e inteligente. As propor\u00e7\u00f5es caracter\u00edsticas\u00a0da\u00a0silhueta esportiva\u00a0da\u00a0BMW\u00a0se refletem no\u00a0novo\u00a0design de 2,5 volumes. Entre os destaques est\u00e3o a longa dist\u00e2ncia entre eixos, a \u00e1rea envidra\u00e7ada com inclina\u00e7\u00e3o para a traseira e os balan\u00e7os curtos. A grade\u00a0BMW\u00a0e os far\u00f3is duplos se unem em uma assinatura luminosa inovadora, criando um conjunto marcante e expressivo na dianteira. A traseira, com lanternas horizontais de destaque, refor\u00e7a ainda mais a precis\u00e3o e o avan\u00e7o tecnol\u00f3gico. As caixas de roda pronunciadamente alargadas enfatizam a postura esportiva e larga do\u00a0novo\u00a0BMW\u00a0i3. O interior oferece um elevado n\u00edvel de espa\u00e7o e aproveita plenamente todas as possibilidades do conceito do ve\u00edculo, concebido de forma consistente para a eletromobilidade. Ao mesmo tempo, o interior expressa esportividade orientada ao motorista. O\u00a0novo\u00a0BMW\u00a0Panoramic iDrive n\u00e3o apenas define o interior moderno e acolhedor, como tamb\u00e9m inaugura um\u00a0novo\u00a0patamar\u00a0da\u00a0tradicional orienta\u00e7\u00e3o ao motorista caracter\u00edstica\u00a0da\u00a0BMW.<\/p>\n\n\n\n<p>Esportividade e prazer ao dirigir sempre fizeram parte do DNA do\u00a0BMW\u00a0S\u00e9rie 3. O\u00a0novo\u00a0BMW\u00a0i3\u00a0estabelece\u00a0novos padr\u00f5es. Aproveitando ao m\u00e1ximo as capacidades incompar\u00e1veis\u00a0da\u00a0eletromobilidade, ele oferece um comportamento din\u00e2mico impressionantemente preciso, fluido e seguro. O computador de alto desempenho Heart of Joy molda a experi\u00eancia de condu\u00e7\u00e3o do\u00a0BMW\u00a0i3. Suas respostas s\u00e3o dez vezes mais r\u00e1pidas do que as dos sistemas anteriores. Juntamente com outros tr\u00eas supercomputadores de alto desempenho, o Heart of Joy forma a pe\u00e7a central\u00a0da\u00a0nova arquitetura de software e eletr\u00f4nica.<\/p>\n\n\n\n<p>O\u00a0novo\u00a0BMW\u00a0i3\u00a0se destaca por sua excelente aptid\u00e3o para longas viagens. Sua autonomia chega a at\u00e9 900 quil\u00f4metros (de acordo com o ciclo de teste WLTP). As capacidades de carregamento em corrente cont\u00ednua de at\u00e9 400 kW tamb\u00e9m reduzem drasticamente os tempos de recarga. O carregador r\u00e1pido DC pode repor energia para at\u00e9 400 km em 10 minutos. A tecnologia\u00a0BMW\u00a0eDrive de sexta gera\u00e7\u00e3o cria os pr\u00e9-requisitos para esse r\u00e1pido avan\u00e7o. Ela inclui motores el\u00e9tricos altamente eficientes, tecnologia de 800 volts e novas baterias de alta voltagem com c\u00e9lulas cil\u00edndricas in\u00e9ditas. O design cell-to-pack utilizado permite elevadas densidades de energia no n\u00edvel do pack e uma bateria de alta voltagem mais plana. O\u00a0BMW\u00a0i3\u00a0tamb\u00e9m conta com as fun\u00e7\u00f5es de carregamento bidirecional Vehicle-to-Load (requer opcional AC Charging Professional), Vehicle-to-Home e Vehicle-to-Grid.<\/p>\n\n\n\n<p>O&nbsp;BMW&nbsp;i3&nbsp;\u00e9 produzido na planta do&nbsp;BMW&nbsp;Group em Munique, a unidade matriz do&nbsp;BMW&nbsp;Group. H\u00e1 mais de cem anos, a planta de Milbertshofen, no norte de Munique, produz ve\u00edculos premium. Nos \u00faltimos quatro anos, a planta passou por uma moderniza\u00e7\u00e3o significativa: al\u00e9m de uma nova \u00e1rea de carroceria, foi constru\u00edda&nbsp;uma \u00e1rea de montagem de ve\u00edculos de \u00faltima gera\u00e7\u00e3o, integrada a um espa\u00e7o log\u00edstico. Os&nbsp;novos edif\u00edcios est\u00e3o em fase final de amplia\u00e7\u00e3o. A produ\u00e7\u00e3o do&nbsp;novo&nbsp;BMW&nbsp;i3&nbsp;come\u00e7ar\u00e1 nesses galp\u00f5es a partir de agosto de 2026. Um ano depois, o portf\u00f3lio de produ\u00e7\u00e3o ser\u00e1 convertido para ve\u00edculos exclusivamente totalmente el\u00e9tricos&nbsp;da&nbsp;Neue&nbsp;Klasse. A transforma\u00e7\u00e3o&nbsp;da&nbsp;planta inclui um grande n\u00famero de medidas de moderniza\u00e7\u00e3o.<\/p>\n\n\n\n<p><\/p>","protected":false},"excerpt":{"rendered":"<p>\u00a0Segundo\u00a0modelo\u00a0da\u00a0Neue\u00a0Klasse, o\u00a0BMW\u00a0i3\u00a0representa um salto tecnol\u00f3gico qu\u00e2ntico rumo a uma nova era. O primeiro\u00a0BMW\u00a0S\u00e9rie 3 totalmente el\u00e9trico estreia como\u00a0BMW\u00a0i3\u00a050 xDrive, com um motor el\u00e9trico em cada eixo. A pot\u00eancia combinada do sistema \u00e9 de 345 kW\/469 hp*, e o torque m\u00e1ximo \u00e9 de 645 Nm*. A tecnologia\u00a0BMW\u00a0eDrive de sexta gera\u00e7\u00e3o, altamente eficiente, em conjunto com o\u00a0novo\u00a0BMW\u00a0Panoramic<\/p>","protected":false},"author":2,"featured_media":15929,"comment_status":"open","ping_status":"open","sticky":false,"template":"","format":"standard","meta":{"footnotes":""},"categories":[1747,272],"tags":[567,2301,2302],"class_list":{"0":"post-15927","1":"post","2":"type-post","3":"status-publish","4":"format-standard","5":"has-post-thumbnail","7":"category-automobilismo","8":"category-luxo","9":"tag-bmw","10":"tag-novo-bmw-i3-neue-klasse","11":"tag-revolucao-eletrica-da-bmw"},"yoast_head":"<!-- This site is optimized with the Yoast SEO plugin v27.4 - https:\/\/yoast.com\/product\/yoast-seo-wordpress\/ -->\n<title>Novo BMW i3 Neue Klasse 2026: A Revolu\u00e7\u00e3o El\u00e9trica da BMW<\/title>\n<meta name=\"description\" content=\"Descubra o Novo BMW i3 Neue Klasse 2026. Com 469 hp, autonomia de 900 km e recarga ultra-r\u00e1pida, o primeiro S\u00e9rie 3 el\u00e9trico redefine o luxo sustent\u00e1vel.\" \/>\n<meta name=\"robots\" content=\"index, follow, max-snippet:-1, max-image-preview:large, max-video-preview:-1\" \/>\n<link rel=\"canonical\" href=\"https:\/\/angelboss.com.br\/en\/2026\/03\/19\/novo-bmw-i3-neue-klasse-2026-especificacoes-lancamento\/\" \/>\n<meta property=\"og:locale\" content=\"en_US\" \/>\n<meta property=\"og:type\" content=\"article\" \/>\n<meta property=\"og:title\" content=\"Novo BMW i3 Neue Klasse 2026: A Revolu\u00e7\u00e3o El\u00e9trica da BMW\" \/>\n<meta property=\"og:description\" content=\"Descubra o Novo BMW i3 Neue Klasse 2026. Com 469 hp, autonomia de 900 km e recarga ultra-r\u00e1pida, o primeiro S\u00e9rie 3 el\u00e9trico redefine o luxo sustent\u00e1vel.\" \/>\n<meta property=\"og:url\" content=\"https:\/\/angelboss.com.br\/en\/2026\/03\/19\/novo-bmw-i3-neue-klasse-2026-especificacoes-lancamento\/\" \/>\n<meta property=\"og:site_name\" content=\"Portal Masculino de Moda, Beleza, Luxo and Business - Angel Boss\" \/>\n<meta property=\"article:published_time\" content=\"2026-03-19T19:44:57+00:00\" \/>\n<meta property=\"article:modified_time\" content=\"2026-03-19T19:44:59+00:00\" \/>\n<meta property=\"og:image\" content=\"https:\/\/angelboss.com.br\/wp-content\/uploads\/2026\/03\/1iRmOmVTYzQTM6InYu02bj5ycz9mYsV2ZuFGQsV2ZuF2b0Vmb6kjM1ADO4EjNzIjOn5GcuETYmJDZ5UmNwYjZlNGNkdTNhlTYhZDZ2kzM5kDZjFTMGJTJjFTMGJTJyQTN4IjRyUCN1ADNx8VL1ETLf9VLwITLfpjN.png\" \/>\n\t<meta property=\"og:image:width\" content=\"1015\" \/>\n\t<meta property=\"og:image:height\" content=\"571\" \/>\n\t<meta property=\"og:image:type\" content=\"image\/png\" \/>\n<meta name=\"author\" content=\"Neto Angel Boss\" \/>\n<meta name=\"twitter:card\" content=\"summary_large_image\" \/>\n<meta name=\"twitter:label1\" content=\"Written by\" \/>\n\t<meta name=\"twitter:data1\" content=\"Neto Angel Boss\" \/>\n\t<meta name=\"twitter:label2\" content=\"Est. reading time\" \/>\n\t<meta name=\"twitter:data2\" content=\"5 minutes\" \/>\n<script type=\"application\/ld+json\" class=\"yoast-schema-graph\">{\"@context\":\"https:\\\/\\\/schema.org\",\"@graph\":[{\"@type\":\"Article\",\"@id\":\"https:\\\/\\\/angelboss.com.br\\\/2026\\\/03\\\/19\\\/novo-bmw-i3-neue-klasse-2026-especificacoes-lancamento\\\/#article\",\"isPartOf\":{\"@id\":\"https:\\\/\\\/angelboss.com.br\\\/2026\\\/03\\\/19\\\/novo-bmw-i3-neue-klasse-2026-especificacoes-lancamento\\\/\"},\"author\":{\"name\":\"Neto Angel Boss\",\"@id\":\"http:\\\/\\\/angelboss.com.br\\\/en\\\/#\\\/schema\\\/person\\\/af084936b46cf2e03f299183e429e350\"},\"headline\":\"Novo\u00a0BMW\u00a0i3.\u00a0Segundo\u00a0modelo\u00a0da\u00a0Neue\u00a0Klasse\",\"datePublished\":\"2026-03-19T19:44:57+00:00\",\"dateModified\":\"2026-03-19T19:44:59+00:00\",\"mainEntityOfPage\":{\"@id\":\"https:\\\/\\\/angelboss.com.br\\\/2026\\\/03\\\/19\\\/novo-bmw-i3-neue-klasse-2026-especificacoes-lancamento\\\/\"},\"wordCount\":810,\"commentCount\":0,\"publisher\":{\"@id\":\"http:\\\/\\\/angelboss.com.br\\\/en\\\/#organization\"},\"image\":{\"@id\":\"https:\\\/\\\/angelboss.com.br\\\/2026\\\/03\\\/19\\\/novo-bmw-i3-neue-klasse-2026-especificacoes-lancamento\\\/#primaryimage\"},\"thumbnailUrl\":\"http:\\\/\\\/angelboss.com.br\\\/wp-content\\\/uploads\\\/2026\\\/03\\\/1iRmOmVTYzQTM6InYu02bj5ycz9mYsV2ZuFGQsV2ZuF2b0Vmb6kjM1ADO4EjNzIjOn5GcuETYmJDZ5UmNwYjZlNGNkdTNhlTYhZDZ2kzM5kDZjFTMGJTJjFTMGJTJyQTN4IjRyUCN1ADNx8VL1ETLf9VLwITLfpjN.png\",\"keywords\":[\"bmw\",\"Novo BMW i3 Neue Klasse\",\"Revolu\u00e7\u00e3o El\u00e9trica da BMW\"],\"articleSection\":[\"Automobilismo\",\"Luxo\"],\"inLanguage\":\"en-US\",\"potentialAction\":[{\"@type\":\"CommentAction\",\"name\":\"Comment\",\"target\":[\"https:\\\/\\\/angelboss.com.br\\\/2026\\\/03\\\/19\\\/novo-bmw-i3-neue-klasse-2026-especificacoes-lancamento\\\/#respond\"]}]},{\"@type\":\"WebPage\",\"@id\":\"https:\\\/\\\/angelboss.com.br\\\/2026\\\/03\\\/19\\\/novo-bmw-i3-neue-klasse-2026-especificacoes-lancamento\\\/\",\"url\":\"https:\\\/\\\/angelboss.com.br\\\/2026\\\/03\\\/19\\\/novo-bmw-i3-neue-klasse-2026-especificacoes-lancamento\\\/\",\"name\":\"Novo BMW i3 Neue Klasse 2026: A Revolu\u00e7\u00e3o El\u00e9trica da BMW\",\"isPartOf\":{\"@id\":\"http:\\\/\\\/angelboss.com.br\\\/en\\\/#website\"},\"primaryImageOfPage\":{\"@id\":\"https:\\\/\\\/angelboss.com.br\\\/2026\\\/03\\\/19\\\/novo-bmw-i3-neue-klasse-2026-especificacoes-lancamento\\\/#primaryimage\"},\"image\":{\"@id\":\"https:\\\/\\\/angelboss.com.br\\\/2026\\\/03\\\/19\\\/novo-bmw-i3-neue-klasse-2026-especificacoes-lancamento\\\/#primaryimage\"},\"thumbnailUrl\":\"http:\\\/\\\/angelboss.com.br\\\/wp-content\\\/uploads\\\/2026\\\/03\\\/1iRmOmVTYzQTM6InYu02bj5ycz9mYsV2ZuFGQsV2ZuF2b0Vmb6kjM1ADO4EjNzIjOn5GcuETYmJDZ5UmNwYjZlNGNkdTNhlTYhZDZ2kzM5kDZjFTMGJTJjFTMGJTJyQTN4IjRyUCN1ADNx8VL1ETLf9VLwITLfpjN.png\",\"datePublished\":\"2026-03-19T19:44:57+00:00\",\"dateModified\":\"2026-03-19T19:44:59+00:00\",\"description\":\"Descubra o Novo BMW i3 Neue Klasse 2026. Com 469 hp, autonomia de 900 km e recarga ultra-r\u00e1pida, o primeiro S\u00e9rie 3 el\u00e9trico redefine o luxo sustent\u00e1vel.\",\"breadcrumb\":{\"@id\":\"https:\\\/\\\/angelboss.com.br\\\/2026\\\/03\\\/19\\\/novo-bmw-i3-neue-klasse-2026-especificacoes-lancamento\\\/#breadcrumb\"},\"inLanguage\":\"en-US\",\"potentialAction\":[{\"@type\":\"ReadAction\",\"target\":[\"https:\\\/\\\/angelboss.com.br\\\/2026\\\/03\\\/19\\\/novo-bmw-i3-neue-klasse-2026-especificacoes-lancamento\\\/\"]}]},{\"@type\":\"ImageObject\",\"inLanguage\":\"en-US\",\"@id\":\"https:\\\/\\\/angelboss.com.br\\\/2026\\\/03\\\/19\\\/novo-bmw-i3-neue-klasse-2026-especificacoes-lancamento\\\/#primaryimage\",\"url\":\"http:\\\/\\\/angelboss.com.br\\\/wp-content\\\/uploads\\\/2026\\\/03\\\/1iRmOmVTYzQTM6InYu02bj5ycz9mYsV2ZuFGQsV2ZuF2b0Vmb6kjM1ADO4EjNzIjOn5GcuETYmJDZ5UmNwYjZlNGNkdTNhlTYhZDZ2kzM5kDZjFTMGJTJjFTMGJTJyQTN4IjRyUCN1ADNx8VL1ETLf9VLwITLfpjN.png\",\"contentUrl\":\"http:\\\/\\\/angelboss.com.br\\\/wp-content\\\/uploads\\\/2026\\\/03\\\/1iRmOmVTYzQTM6InYu02bj5ycz9mYsV2ZuFGQsV2ZuF2b0Vmb6kjM1ADO4EjNzIjOn5GcuETYmJDZ5UmNwYjZlNGNkdTNhlTYhZDZ2kzM5kDZjFTMGJTJjFTMGJTJyQTN4IjRyUCN1ADNx8VL1ETLf9VLwITLfpjN.png\",\"width\":1015,\"height\":571,\"caption\":\"Imagem\\\/Divulga\u00e7\u00e3o\"},{\"@type\":\"BreadcrumbList\",\"@id\":\"https:\\\/\\\/angelboss.com.br\\\/2026\\\/03\\\/19\\\/novo-bmw-i3-neue-klasse-2026-especificacoes-lancamento\\\/#breadcrumb\",\"itemListElement\":[{\"@type\":\"ListItem\",\"position\":1,\"name\":\"In\u00edcio\",\"item\":\"http:\\\/\\\/angelboss.com.br\\\/en\\\/\"},{\"@type\":\"ListItem\",\"position\":2,\"name\":\"Novo\u00a0BMW\u00a0i3.\u00a0Segundo\u00a0modelo\u00a0da\u00a0Neue\u00a0Klasse\"}]},{\"@type\":\"WebSite\",\"@id\":\"http:\\\/\\\/angelboss.com.br\\\/en\\\/#website\",\"url\":\"http:\\\/\\\/angelboss.com.br\\\/en\\\/\",\"name\":\"Portal Masculino de Moda, Beleza, Luxo e Business - Angel Boss\",\"description\":\"O Maior Portal sobre Moda, Luxo, Beleza e Business Masculino do Brasil\",\"publisher\":{\"@id\":\"http:\\\/\\\/angelboss.com.br\\\/en\\\/#organization\"},\"alternateName\":\"Maior Portal e Blog de Beleza Masculina e Luxo\",\"potentialAction\":[{\"@type\":\"SearchAction\",\"target\":{\"@type\":\"EntryPoint\",\"urlTemplate\":\"http:\\\/\\\/angelboss.com.br\\\/en\\\/?s={search_term_string}\"},\"query-input\":{\"@type\":\"PropertyValueSpecification\",\"valueRequired\":true,\"valueName\":\"search_term_string\"}}],\"inLanguage\":\"en-US\"},{\"@type\":\"Organization\",\"@id\":\"http:\\\/\\\/angelboss.com.br\\\/en\\\/#organization\",\"name\":\"Portal Masculino de Moda, Beleza, Luxo and Business - Angel Boss\",\"url\":\"http:\\\/\\\/angelboss.com.br\\\/en\\\/\",\"logo\":{\"@type\":\"ImageObject\",\"inLanguage\":\"en-US\",\"@id\":\"http:\\\/\\\/angelboss.com.br\\\/en\\\/#\\\/schema\\\/logo\\\/image\\\/\",\"url\":\"http:\\\/\\\/angelboss.com.br\\\/wp-content\\\/uploads\\\/2025\\\/12\\\/WhatsApp-Image-2025-12-11-at-12.54.26.jpeg\",\"contentUrl\":\"http:\\\/\\\/angelboss.com.br\\\/wp-content\\\/uploads\\\/2025\\\/12\\\/WhatsApp-Image-2025-12-11-at-12.54.26.jpeg\",\"width\":1280,\"height\":1280,\"caption\":\"Portal Masculino de Moda, Beleza, Luxo and Business - Angel Boss\"},\"image\":{\"@id\":\"http:\\\/\\\/angelboss.com.br\\\/en\\\/#\\\/schema\\\/logo\\\/image\\\/\"}},{\"@type\":\"Person\",\"@id\":\"http:\\\/\\\/angelboss.com.br\\\/en\\\/#\\\/schema\\\/person\\\/af084936b46cf2e03f299183e429e350\",\"name\":\"Neto Angel Boss\",\"image\":{\"@type\":\"ImageObject\",\"inLanguage\":\"en-US\",\"@id\":\"https:\\\/\\\/secure.gravatar.com\\\/avatar\\\/dbb38b2050e5181e32afbccf458635967af0767d15abe8168b35ebbd97907289?s=96&d=mm&r=g\",\"url\":\"https:\\\/\\\/secure.gravatar.com\\\/avatar\\\/dbb38b2050e5181e32afbccf458635967af0767d15abe8168b35ebbd97907289?s=96&d=mm&r=g\",\"contentUrl\":\"https:\\\/\\\/secure.gravatar.com\\\/avatar\\\/dbb38b2050e5181e32afbccf458635967af0767d15abe8168b35ebbd97907289?s=96&d=mm&r=g\",\"caption\":\"Neto Angel Boss\"},\"sameAs\":[\"http:\\\/\\\/www.angelboss.com\"],\"url\":\"http:\\\/\\\/angelboss.com.br\\\/en\\\/author\\\/netoangelboss\\\/\"}]}<\/script>\n<!-- \/ Yoast SEO plugin. -->","yoast_head_json":{"title":"Novo BMW i3 Neue Klasse 2026: A Revolu\u00e7\u00e3o El\u00e9trica da BMW","description":"Descubra o Novo BMW i3 Neue Klasse 2026. Com 469 hp, autonomia de 900 km e recarga ultra-r\u00e1pida, o primeiro S\u00e9rie 3 el\u00e9trico redefine o luxo sustent\u00e1vel.","robots":{"index":"index","follow":"follow","max-snippet":"max-snippet:-1","max-image-preview":"max-image-preview:large","max-video-preview":"max-video-preview:-1"},"canonical":"https:\/\/angelboss.com.br\/en\/2026\/03\/19\/novo-bmw-i3-neue-klasse-2026-especificacoes-lancamento\/","og_locale":"en_US","og_type":"article","og_title":"Novo BMW i3 Neue Klasse 2026: A Revolu\u00e7\u00e3o El\u00e9trica da BMW","og_description":"Descubra o Novo BMW i3 Neue Klasse 2026. Com 469 hp, autonomia de 900 km e recarga ultra-r\u00e1pida, o primeiro S\u00e9rie 3 el\u00e9trico redefine o luxo sustent\u00e1vel.","og_url":"https:\/\/angelboss.com.br\/en\/2026\/03\/19\/novo-bmw-i3-neue-klasse-2026-especificacoes-lancamento\/","og_site_name":"Portal Masculino de Moda, Beleza, Luxo and Business - Angel Boss","article_published_time":"2026-03-19T19:44:57+00:00","article_modified_time":"2026-03-19T19:44:59+00:00","og_image":[{"width":1015,"height":571,"url":"https:\/\/angelboss.com.br\/wp-content\/uploads\/2026\/03\/1iRmOmVTYzQTM6InYu02bj5ycz9mYsV2ZuFGQsV2ZuF2b0Vmb6kjM1ADO4EjNzIjOn5GcuETYmJDZ5UmNwYjZlNGNkdTNhlTYhZDZ2kzM5kDZjFTMGJTJjFTMGJTJyQTN4IjRyUCN1ADNx8VL1ETLf9VLwITLfpjN.png","type":"image\/png"}],"author":"Neto Angel Boss","twitter_card":"summary_large_image","twitter_misc":{"Written by":"Neto Angel Boss","Est. reading time":"5 minutes"},"schema":{"@context":"https:\/\/schema.org","@graph":[{"@type":"Article","@id":"https:\/\/angelboss.com.br\/2026\/03\/19\/novo-bmw-i3-neue-klasse-2026-especificacoes-lancamento\/#article","isPartOf":{"@id":"https:\/\/angelboss.com.br\/2026\/03\/19\/novo-bmw-i3-neue-klasse-2026-especificacoes-lancamento\/"},"author":{"name":"Neto Angel Boss","@id":"http:\/\/angelboss.com.br\/en\/#\/schema\/person\/af084936b46cf2e03f299183e429e350"},"headline":"Novo\u00a0BMW\u00a0i3.\u00a0Segundo\u00a0modelo\u00a0da\u00a0Neue\u00a0Klasse","datePublished":"2026-03-19T19:44:57+00:00","dateModified":"2026-03-19T19:44:59+00:00","mainEntityOfPage":{"@id":"https:\/\/angelboss.com.br\/2026\/03\/19\/novo-bmw-i3-neue-klasse-2026-especificacoes-lancamento\/"},"wordCount":810,"commentCount":0,"publisher":{"@id":"http:\/\/angelboss.com.br\/en\/#organization"},"image":{"@id":"https:\/\/angelboss.com.br\/2026\/03\/19\/novo-bmw-i3-neue-klasse-2026-especificacoes-lancamento\/#primaryimage"},"thumbnailUrl":"http:\/\/angelboss.com.br\/wp-content\/uploads\/2026\/03\/1iRmOmVTYzQTM6InYu02bj5ycz9mYsV2ZuFGQsV2ZuF2b0Vmb6kjM1ADO4EjNzIjOn5GcuETYmJDZ5UmNwYjZlNGNkdTNhlTYhZDZ2kzM5kDZjFTMGJTJjFTMGJTJyQTN4IjRyUCN1ADNx8VL1ETLf9VLwITLfpjN.png","keywords":["bmw","Novo BMW i3 Neue Klasse","Revolu\u00e7\u00e3o El\u00e9trica da BMW"],"articleSection":["Automobilismo","Luxo"],"inLanguage":"en-US","potentialAction":[{"@type":"CommentAction","name":"Comment","target":["https:\/\/angelboss.com.br\/2026\/03\/19\/novo-bmw-i3-neue-klasse-2026-especificacoes-lancamento\/#respond"]}]},{"@type":"WebPage","@id":"https:\/\/angelboss.com.br\/2026\/03\/19\/novo-bmw-i3-neue-klasse-2026-especificacoes-lancamento\/","url":"https:\/\/angelboss.com.br\/2026\/03\/19\/novo-bmw-i3-neue-klasse-2026-especificacoes-lancamento\/","name":"Novo BMW i3 Neue Klasse 2026: A Revolu\u00e7\u00e3o El\u00e9trica da BMW","isPartOf":{"@id":"http:\/\/angelboss.com.br\/en\/#website"},"primaryImageOfPage":{"@id":"https:\/\/angelboss.com.br\/2026\/03\/19\/novo-bmw-i3-neue-klasse-2026-especificacoes-lancamento\/#primaryimage"},"image":{"@id":"https:\/\/angelboss.com.br\/2026\/03\/19\/novo-bmw-i3-neue-klasse-2026-especificacoes-lancamento\/#primaryimage"},"thumbnailUrl":"http:\/\/angelboss.com.br\/wp-content\/uploads\/2026\/03\/1iRmOmVTYzQTM6InYu02bj5ycz9mYsV2ZuFGQsV2ZuF2b0Vmb6kjM1ADO4EjNzIjOn5GcuETYmJDZ5UmNwYjZlNGNkdTNhlTYhZDZ2kzM5kDZjFTMGJTJjFTMGJTJyQTN4IjRyUCN1ADNx8VL1ETLf9VLwITLfpjN.png","datePublished":"2026-03-19T19:44:57+00:00","dateModified":"2026-03-19T19:44:59+00:00","description":"Descubra o Novo BMW i3 Neue Klasse 2026. Com 469 hp, autonomia de 900 km e recarga ultra-r\u00e1pida, o primeiro S\u00e9rie 3 el\u00e9trico redefine o luxo sustent\u00e1vel.","breadcrumb":{"@id":"https:\/\/angelboss.com.br\/2026\/03\/19\/novo-bmw-i3-neue-klasse-2026-especificacoes-lancamento\/#breadcrumb"},"inLanguage":"en-US","potentialAction":[{"@type":"ReadAction","target":["https:\/\/angelboss.com.br\/2026\/03\/19\/novo-bmw-i3-neue-klasse-2026-especificacoes-lancamento\/"]}]},{"@type":"ImageObject","inLanguage":"en-US","@id":"https:\/\/angelboss.com.br\/2026\/03\/19\/novo-bmw-i3-neue-klasse-2026-especificacoes-lancamento\/#primaryimage","url":"http:\/\/angelboss.com.br\/wp-content\/uploads\/2026\/03\/1iRmOmVTYzQTM6InYu02bj5ycz9mYsV2ZuFGQsV2ZuF2b0Vmb6kjM1ADO4EjNzIjOn5GcuETYmJDZ5UmNwYjZlNGNkdTNhlTYhZDZ2kzM5kDZjFTMGJTJjFTMGJTJyQTN4IjRyUCN1ADNx8VL1ETLf9VLwITLfpjN.png","contentUrl":"http:\/\/angelboss.com.br\/wp-content\/uploads\/2026\/03\/1iRmOmVTYzQTM6InYu02bj5ycz9mYsV2ZuFGQsV2ZuF2b0Vmb6kjM1ADO4EjNzIjOn5GcuETYmJDZ5UmNwYjZlNGNkdTNhlTYhZDZ2kzM5kDZjFTMGJTJjFTMGJTJyQTN4IjRyUCN1ADNx8VL1ETLf9VLwITLfpjN.png","width":1015,"height":571,"caption":"Imagem\/Divulga\u00e7\u00e3o"},{"@type":"BreadcrumbList","@id":"https:\/\/angelboss.com.br\/2026\/03\/19\/novo-bmw-i3-neue-klasse-2026-especificacoes-lancamento\/#breadcrumb","itemListElement":[{"@type":"ListItem","position":1,"name":"In\u00edcio","item":"http:\/\/angelboss.com.br\/en\/"},{"@type":"ListItem","position":2,"name":"Novo\u00a0BMW\u00a0i3.\u00a0Segundo\u00a0modelo\u00a0da\u00a0Neue\u00a0Klasse"}]},{"@type":"WebSite","@id":"http:\/\/angelboss.com.br\/en\/#website","url":"http:\/\/angelboss.com.br\/en\/","name":"Portal Masculino de Moda, Beleza, Luxo e Business - Angel Boss","description":"O Maior Portal sobre Moda, Luxo, Beleza e Business Masculino do Brasil","publisher":{"@id":"http:\/\/angelboss.com.br\/en\/#organization"},"alternateName":"Maior Portal e Blog de Beleza Masculina e Luxo","potentialAction":[{"@type":"SearchAction","target":{"@type":"EntryPoint","urlTemplate":"http:\/\/angelboss.com.br\/en\/?s={search_term_string}"},"query-input":{"@type":"PropertyValueSpecification","valueRequired":true,"valueName":"search_term_string"}}],"inLanguage":"en-US"},{"@type":"Organization","@id":"http:\/\/angelboss.com.br\/en\/#organization","name":"Portal Masculino de Moda, Beleza, Luxo and Business - Angel Boss","url":"http:\/\/angelboss.com.br\/en\/","logo":{"@type":"ImageObject","inLanguage":"en-US","@id":"http:\/\/angelboss.com.br\/en\/#\/schema\/logo\/image\/","url":"http:\/\/angelboss.com.br\/wp-content\/uploads\/2025\/12\/WhatsApp-Image-2025-12-11-at-12.54.26.jpeg","contentUrl":"http:\/\/angelboss.com.br\/wp-content\/uploads\/2025\/12\/WhatsApp-Image-2025-12-11-at-12.54.26.jpeg","width":1280,"height":1280,"caption":"Portal Masculino de Moda, Beleza, Luxo and Business - Angel Boss"},"image":{"@id":"http:\/\/angelboss.com.br\/en\/#\/schema\/logo\/image\/"}},{"@type":"Person","@id":"http:\/\/angelboss.com.br\/en\/#\/schema\/person\/af084936b46cf2e03f299183e429e350","name":"Neto Angel Boss","image":{"@type":"ImageObject","inLanguage":"en-US","@id":"https:\/\/secure.gravatar.com\/avatar\/dbb38b2050e5181e32afbccf458635967af0767d15abe8168b35ebbd97907289?s=96&d=mm&r=g","url":"https:\/\/secure.gravatar.com\/avatar\/dbb38b2050e5181e32afbccf458635967af0767d15abe8168b35ebbd97907289?s=96&d=mm&r=g","contentUrl":"https:\/\/secure.gravatar.com\/avatar\/dbb38b2050e5181e32afbccf458635967af0767d15abe8168b35ebbd97907289?s=96&d=mm&r=g","caption":"Neto Angel Boss"},"sameAs":["http:\/\/www.angelboss.com"],"url":"http:\/\/angelboss.com.br\/en\/author\/netoangelboss\/"}]}},"amp_enabled":true,"_links":{"self":[{"href":"http:\/\/angelboss.com.br\/en\/wp-json\/wp\/v2\/posts\/15927","targetHints":{"allow":["GET"]}}],"collection":[{"href":"http:\/\/angelboss.com.br\/en\/wp-json\/wp\/v2\/posts"}],"about":[{"href":"http:\/\/angelboss.com.br\/en\/wp-json\/wp\/v2\/types\/post"}],"author":[{"embeddable":true,"href":"http:\/\/angelboss.com.br\/en\/wp-json\/wp\/v2\/users\/2"}],"replies":[{"embeddable":true,"href":"http:\/\/angelboss.com.br\/en\/wp-json\/wp\/v2\/comments?post=15927"}],"version-history":[{"count":1,"href":"http:\/\/angelboss.com.br\/en\/wp-json\/wp\/v2\/posts\/15927\/revisions"}],"predecessor-version":[{"id":15931,"href":"http:\/\/angelboss.com.br\/en\/wp-json\/wp\/v2\/posts\/15927\/revisions\/15931"}],"wp:featuredmedia":[{"embeddable":true,"href":"http:\/\/angelboss.com.br\/en\/wp-json\/wp\/v2\/media\/15929"}],"wp:attachment":[{"href":"http:\/\/angelboss.com.br\/en\/wp-json\/wp\/v2\/media?parent=15927"}],"wp:term":[{"taxonomy":"category","embeddable":true,"href":"http:\/\/angelboss.com.br\/en\/wp-json\/wp\/v2\/categories?post=15927"},{"taxonomy":"post_tag","embeddable":true,"href":"http:\/\/angelboss.com.br\/en\/wp-json\/wp\/v2\/tags?post=15927"}],"curies":[{"name":"wp","href":"https:\/\/api.w.org\/{rel}","templated":true}]}}