{"id":15710,"date":"2026-03-18T20:00:57","date_gmt":"2026-03-18T20:00:57","guid":{"rendered":"https:\/\/angelboss.com.br\/?p=15710"},"modified":"2026-03-18T20:00:58","modified_gmt":"2026-03-18T20:00:58","slug":"in-flames-em-curitiba-2026-opera-de-arame-ingressos-metal","status":"publish","type":"post","link":"http:\/\/angelboss.com.br\/en\/2026\/03\/18\/in-flames-em-curitiba-2026-opera-de-arame-ingressos-metal\/","title":{"rendered":"Refer\u00eancia do metal europeu, In Flames confirma show em Curitiba"},"content":{"rendered":"<p><em>A banda sueca carrega um vasto repert\u00f3rio que atravessa mais de tr\u00eas d\u00e9cadas de carreira. Apresenta\u00e7\u00e3o acontece na \u00d3pera de Arame, no dia 26 de abril<\/em><\/p>\n\n\n\n<figure class=\"wp-block-image\"><img decoding=\"async\" src=\"https:\/\/s2601.imxsnd93.com\/9iRmOkRGM4QzN6InYu02bj5ycz9mYsV2ZuFGQsV2ZuF2b0Vmb6YTO4kDOzkzN4MjOnVGcq5ydvxGZ4kTNmJzYlFDN3QjM4IjZzQmN5MWOmFWM3kTMzEjZ2YkMlEjZ2YkMlETOyAzMGJTJ4QDMzEjNwIDMz8VL1ETLf9VLwITLfpTN\" alt=\"\"\/><\/figure>\n\n\n\n<p>Um\u00a0dos nomes mais\u00a0influentes\u00a0do\u00a0metal\u00a0europeu, o\u00a0In\u00a0Flames\u00a0acaba de\u00a0confirmar seu retorno ao Brasil\u00a0em\u00a02026. Como n\u00e3o poderia ser diferente, a turn\u00ea da banda sueca no pa\u00eds ter\u00e1, al\u00e9m da cidade de S\u00e3o Paulo,\u00a0Curitiba\u00a0na agenda: dia 26 de abril, com \u00fanica apresenta\u00e7\u00e3o na \u00d3pera de Arame, com assinatura Bangers Open Air, Planeta Brasil Entretenimento e Honorsounds. A banda, formada\u00a0em\u00a01990, na cidade de Gotemburgo, \u00e9 reconhecida por sua contribui\u00e7\u00e3o ao death\u00a0metal\u00a0mel\u00f3dico e por uma trajet\u00f3ria que atravessa gera\u00e7\u00f5es sem perder relev\u00e2ncia.<\/p>\n\n\n\n<p>Idealizado pelo guitarrista Jesper Str\u00f6mblad, o&nbsp;In&nbsp;Flames&nbsp;come\u00e7ou como uma proposta ousada no underground, mesclando a agressividade&nbsp;do&nbsp;death&nbsp;metal&nbsp;com harmonias mel\u00f3dicas&nbsp;inspiradas no&nbsp;metal&nbsp;tradicional. Essa fus\u00e3o logo se tornaria a base&nbsp;do&nbsp;chamado Gothenburg Sound, estilo que definiria toda uma gera\u00e7\u00e3o&nbsp;do&nbsp;metal&nbsp;mel\u00f3dico escandinavo. Com 13 \u00e1lbuns de est\u00fadio e uma carreira constru\u00edda entre tradi\u00e7\u00e3o e reinven\u00e7\u00e3o, o grupo mant\u00e9m como marca a combina\u00e7\u00e3o de riffs precisos, melodias marcantes e composi\u00e7\u00f5es que equilibram agressividade e densidade&nbsp;emocional.<\/p>\n\n\n\n<p>Desde os primeiros trabalhos, como \u201cLunar Strain\u201d (1994) e \u201cThe Jester Race\u201d (1996), at\u00e9 t\u00edtulos que ampliaram seu alcance global, como &#8220;Soundtrack to Your Escape&#8221; (2004) e &#8220;Come Clarity&#8221; (2006), a banda construiu um repert\u00f3rio que dialoga tanto com os f\u00e3s da fase cl\u00e1ssica quanto com o p\u00fablico que a acompanhou nas transforma\u00e7\u00f5es sonoras&nbsp;dos anos 2000&nbsp;em&nbsp;diante. O resultado \u00e9 um repert\u00f3rio que sustenta apresenta\u00e7\u00f5es&nbsp;intensas, com setlists que costumam atravessar diferentes momentos da discografia.<\/p>\n\n\n\n<p>Em&nbsp;Curitiba, o&nbsp;In&nbsp;Flames&nbsp;vai apresentar a turn\u00ea mundial&nbsp;do&nbsp;aclamado \u00e1lbum &#8220;Foregone&#8221;, de 2023, que celebra as mais de tr\u00eas d\u00e9cadas de carreira da banda. A forma\u00e7\u00e3o atual re\u00fane Anders Frid\u00e9n (vocal), Niclas Engelin (guitarra), Bj\u00f6rn Gelotte (guitarra) e Joe Rickard (bateria), m\u00fasicos respons\u00e1veis por sustentar a identidade sonora que projetou o&nbsp;In&nbsp;Flames.<\/p>\n\n\n\n<p>O&nbsp;show&nbsp;da banda&nbsp;In&nbsp;Flames&nbsp;em&nbsp;Curitiba&nbsp;acontece no dia 26 de abril, na \u00d3pera de Arame, com abertura&nbsp;dos port\u00f5es a partir das 19h. Os&nbsp;ingressos est\u00e3o \u00e0 venda pela plataforma Disk&nbsp;Ingressos (<a href=\"https:\/\/www.diskingressos.com.br\/\">www.diskingressos.com.br<\/a>). Mais&nbsp;informa\u00e7\u00f5es nos perfis oficiais no&nbsp;Instagram: @planetabrasilentretenimento, @honorsounds, @bangersopenair e @inflames.<\/p>\n\n\n\n<figure class=\"wp-block-image\"><img decoding=\"async\" src=\"https:\/\/s2601.imxsnd93.com\/4=IGZ6QmZ4YjY5ojci5SbvNmLzN3bixWZn5WYAxWZn5WYvRXZupjN5gTO4MTO3gzM6cmbw5iNjdzNjJGOklTM1QzY2YTOjZ2M3MjZkNmZ1cjY3QTZkZkMlQTZkZkMlETOyAzMGJTJ4QDMzEjNwIDMz8VL1ETLf9VLwITLfpDM\" alt=\"\"\/><\/figure>","protected":false},"excerpt":{"rendered":"<p>A banda sueca carrega um vasto repert\u00f3rio que atravessa mais de tr\u00eas d\u00e9cadas de carreira. Apresenta\u00e7\u00e3o acontece na \u00d3pera de Arame, no dia 26 de abril Um\u00a0dos nomes mais\u00a0influentes\u00a0do\u00a0metal\u00a0europeu, o\u00a0In\u00a0Flames\u00a0acaba de\u00a0confirmar seu retorno ao Brasil\u00a0em\u00a02026. Como n\u00e3o poderia ser diferente, a turn\u00ea da banda sueca no pa\u00eds ter\u00e1, al\u00e9m da cidade de S\u00e3o Paulo,\u00a0Curitiba\u00a0na agenda:<\/p>","protected":false},"author":2,"featured_media":15712,"comment_status":"open","ping_status":"open","sticky":false,"template":"","format":"standard","meta":{"footnotes":""},"categories":[168],"tags":[2220,2221,2222],"class_list":{"0":"post-15710","1":"post","2":"type-post","3":"status-publish","4":"format-standard","5":"has-post-thumbnail","7":"category-eai-bora-nessa","8":"tag-in-flames","9":"tag-metal-europeu","10":"tag-show-em-curitiba"},"yoast_head":"<!-- This site is optimized with the Yoast SEO plugin v27.5 - https:\/\/yoast.com\/product\/yoast-seo-wordpress\/ -->\n<title>In Flames em Curitiba 2026: Show na \u00d3pera de Arame em Abril<\/title>\n<meta name=\"description\" content=\"O In Flames em Curitiba 2026 \u00e9 oficial! A lenda do metal sueco se apresenta na \u00d3pera de Arame no dia 26 de abril. Confira detalhes da turn\u00ea Foregone e ingressos!\" \/>\n<meta name=\"robots\" content=\"index, follow, max-snippet:-1, max-image-preview:large, max-video-preview:-1\" \/>\n<link rel=\"canonical\" href=\"http:\/\/angelboss.com.br\/en\/2026\/03\/18\/in-flames-em-curitiba-2026-opera-de-arame-ingressos-metal\/\" \/>\n<meta property=\"og:locale\" content=\"en_US\" \/>\n<meta property=\"og:type\" content=\"article\" \/>\n<meta property=\"og:title\" content=\"In Flames em Curitiba 2026: Show na \u00d3pera de Arame em Abril\" \/>\n<meta property=\"og:description\" content=\"O In Flames em Curitiba 2026 \u00e9 oficial! A lenda do metal sueco se apresenta na \u00d3pera de Arame no dia 26 de abril. Confira detalhes da turn\u00ea Foregone e ingressos!\" \/>\n<meta property=\"og:url\" content=\"http:\/\/angelboss.com.br\/en\/2026\/03\/18\/in-flames-em-curitiba-2026-opera-de-arame-ingressos-metal\/\" \/>\n<meta property=\"og:site_name\" content=\"Portal Masculino de Moda, Beleza, Luxo and Business - Angel Boss\" \/>\n<meta property=\"article:published_time\" content=\"2026-03-18T20:00:57+00:00\" \/>\n<meta property=\"article:modified_time\" content=\"2026-03-18T20:00:58+00:00\" \/>\n<meta property=\"og:image\" content=\"http:\/\/angelboss.com.br\/wp-content\/uploads\/2026\/03\/1IGZ6MzN4UWY3ojci5SbvNmLzN3bixWZn5WYAxWZn5WYvRXZupjN5gTO4MTO3gzM6cmbw5SOwczYmZjYyUGMiFGN4YTOxETZkJDM5QDOzUGZmFGOyYkMlEGOyYkMlETOyAzMGJTJ4QDMzEjNwIDMz8VL1ETLf9VLwITLfpTN.png\" \/>\n\t<meta property=\"og:image:width\" content=\"798\" \/>\n\t<meta property=\"og:image:height\" content=\"696\" \/>\n\t<meta property=\"og:image:type\" content=\"image\/png\" \/>\n<meta name=\"author\" content=\"Neto Angel Boss\" \/>\n<meta name=\"twitter:card\" content=\"summary_large_image\" \/>\n<meta name=\"twitter:label1\" content=\"Written by\" \/>\n\t<meta name=\"twitter:data1\" content=\"Neto Angel Boss\" \/>\n\t<meta name=\"twitter:label2\" content=\"Est. reading time\" \/>\n\t<meta name=\"twitter:data2\" content=\"3 minutes\" \/>\n<script type=\"application\/ld+json\" class=\"yoast-schema-graph\">{\"@context\":\"https:\\\/\\\/schema.org\",\"@graph\":[{\"@type\":\"Article\",\"@id\":\"http:\\\/\\\/angelboss.com.br\\\/2026\\\/03\\\/18\\\/in-flames-em-curitiba-2026-opera-de-arame-ingressos-metal\\\/#article\",\"isPartOf\":{\"@id\":\"http:\\\/\\\/angelboss.com.br\\\/2026\\\/03\\\/18\\\/in-flames-em-curitiba-2026-opera-de-arame-ingressos-metal\\\/\"},\"author\":{\"name\":\"Neto Angel Boss\",\"@id\":\"http:\\\/\\\/angelboss.com.br\\\/#\\\/schema\\\/person\\\/af084936b46cf2e03f299183e429e350\"},\"headline\":\"Refer\u00eancia do metal europeu, In Flames confirma show em Curitiba\",\"datePublished\":\"2026-03-18T20:00:57+00:00\",\"dateModified\":\"2026-03-18T20:00:58+00:00\",\"mainEntityOfPage\":{\"@id\":\"http:\\\/\\\/angelboss.com.br\\\/2026\\\/03\\\/18\\\/in-flames-em-curitiba-2026-opera-de-arame-ingressos-metal\\\/\"},\"wordCount\":465,\"commentCount\":0,\"publisher\":{\"@id\":\"http:\\\/\\\/angelboss.com.br\\\/#organization\"},\"image\":{\"@id\":\"http:\\\/\\\/angelboss.com.br\\\/2026\\\/03\\\/18\\\/in-flames-em-curitiba-2026-opera-de-arame-ingressos-metal\\\/#primaryimage\"},\"thumbnailUrl\":\"http:\\\/\\\/angelboss.com.br\\\/wp-content\\\/uploads\\\/2026\\\/03\\\/1IGZ6MzN4UWY3ojci5SbvNmLzN3bixWZn5WYAxWZn5WYvRXZupjN5gTO4MTO3gzM6cmbw5SOwczYmZjYyUGMiFGN4YTOxETZkJDM5QDOzUGZmFGOyYkMlEGOyYkMlETOyAzMGJTJ4QDMzEjNwIDMz8VL1ETLf9VLwITLfpTN.png\",\"keywords\":[\"In Flames\",\"metal europeu\",\"show em Curitiba\"],\"articleSection\":[\"EA\u00cd, BORA NESSA?\"],\"inLanguage\":\"en-US\",\"potentialAction\":[{\"@type\":\"CommentAction\",\"name\":\"Comment\",\"target\":[\"http:\\\/\\\/angelboss.com.br\\\/2026\\\/03\\\/18\\\/in-flames-em-curitiba-2026-opera-de-arame-ingressos-metal\\\/#respond\"]}]},{\"@type\":\"WebPage\",\"@id\":\"http:\\\/\\\/angelboss.com.br\\\/2026\\\/03\\\/18\\\/in-flames-em-curitiba-2026-opera-de-arame-ingressos-metal\\\/\",\"url\":\"http:\\\/\\\/angelboss.com.br\\\/2026\\\/03\\\/18\\\/in-flames-em-curitiba-2026-opera-de-arame-ingressos-metal\\\/\",\"name\":\"In Flames em Curitiba 2026: Show na \u00d3pera de Arame em Abril\",\"isPartOf\":{\"@id\":\"http:\\\/\\\/angelboss.com.br\\\/#website\"},\"primaryImageOfPage\":{\"@id\":\"http:\\\/\\\/angelboss.com.br\\\/2026\\\/03\\\/18\\\/in-flames-em-curitiba-2026-opera-de-arame-ingressos-metal\\\/#primaryimage\"},\"image\":{\"@id\":\"http:\\\/\\\/angelboss.com.br\\\/2026\\\/03\\\/18\\\/in-flames-em-curitiba-2026-opera-de-arame-ingressos-metal\\\/#primaryimage\"},\"thumbnailUrl\":\"http:\\\/\\\/angelboss.com.br\\\/wp-content\\\/uploads\\\/2026\\\/03\\\/1IGZ6MzN4UWY3ojci5SbvNmLzN3bixWZn5WYAxWZn5WYvRXZupjN5gTO4MTO3gzM6cmbw5SOwczYmZjYyUGMiFGN4YTOxETZkJDM5QDOzUGZmFGOyYkMlEGOyYkMlETOyAzMGJTJ4QDMzEjNwIDMz8VL1ETLf9VLwITLfpTN.png\",\"datePublished\":\"2026-03-18T20:00:57+00:00\",\"dateModified\":\"2026-03-18T20:00:58+00:00\",\"description\":\"O In Flames em Curitiba 2026 \u00e9 oficial! A lenda do metal sueco se apresenta na \u00d3pera de Arame no dia 26 de abril. Confira detalhes da turn\u00ea Foregone e ingressos!\",\"breadcrumb\":{\"@id\":\"http:\\\/\\\/angelboss.com.br\\\/2026\\\/03\\\/18\\\/in-flames-em-curitiba-2026-opera-de-arame-ingressos-metal\\\/#breadcrumb\"},\"inLanguage\":\"en-US\",\"potentialAction\":[{\"@type\":\"ReadAction\",\"target\":[\"http:\\\/\\\/angelboss.com.br\\\/2026\\\/03\\\/18\\\/in-flames-em-curitiba-2026-opera-de-arame-ingressos-metal\\\/\"]}]},{\"@type\":\"ImageObject\",\"inLanguage\":\"en-US\",\"@id\":\"http:\\\/\\\/angelboss.com.br\\\/2026\\\/03\\\/18\\\/in-flames-em-curitiba-2026-opera-de-arame-ingressos-metal\\\/#primaryimage\",\"url\":\"http:\\\/\\\/angelboss.com.br\\\/wp-content\\\/uploads\\\/2026\\\/03\\\/1IGZ6MzN4UWY3ojci5SbvNmLzN3bixWZn5WYAxWZn5WYvRXZupjN5gTO4MTO3gzM6cmbw5SOwczYmZjYyUGMiFGN4YTOxETZkJDM5QDOzUGZmFGOyYkMlEGOyYkMlETOyAzMGJTJ4QDMzEjNwIDMz8VL1ETLf9VLwITLfpTN.png\",\"contentUrl\":\"http:\\\/\\\/angelboss.com.br\\\/wp-content\\\/uploads\\\/2026\\\/03\\\/1IGZ6MzN4UWY3ojci5SbvNmLzN3bixWZn5WYAxWZn5WYvRXZupjN5gTO4MTO3gzM6cmbw5SOwczYmZjYyUGMiFGN4YTOxETZkJDM5QDOzUGZmFGOyYkMlEGOyYkMlETOyAzMGJTJ4QDMzEjNwIDMz8VL1ETLf9VLwITLfpTN.png\",\"width\":798,\"height\":696,\"caption\":\"Imagem\\\/Divulga\u00e7\u00e3o\"},{\"@type\":\"BreadcrumbList\",\"@id\":\"http:\\\/\\\/angelboss.com.br\\\/2026\\\/03\\\/18\\\/in-flames-em-curitiba-2026-opera-de-arame-ingressos-metal\\\/#breadcrumb\",\"itemListElement\":[{\"@type\":\"ListItem\",\"position\":1,\"name\":\"In\u00edcio\",\"item\":\"http:\\\/\\\/angelboss.com.br\\\/\"},{\"@type\":\"ListItem\",\"position\":2,\"name\":\"Refer\u00eancia do metal europeu, In Flames confirma show em Curitiba\"}]},{\"@type\":\"WebSite\",\"@id\":\"http:\\\/\\\/angelboss.com.br\\\/#website\",\"url\":\"http:\\\/\\\/angelboss.com.br\\\/\",\"name\":\"Portal Masculino de Moda, Beleza, Luxo e Business - Angel Boss\",\"description\":\"O Maior Portal sobre Moda, Luxo, Beleza e Business Masculino do Brasil\",\"publisher\":{\"@id\":\"http:\\\/\\\/angelboss.com.br\\\/#organization\"},\"alternateName\":\"Maior Portal e Blog de Beleza Masculina e Luxo\",\"potentialAction\":[{\"@type\":\"SearchAction\",\"target\":{\"@type\":\"EntryPoint\",\"urlTemplate\":\"http:\\\/\\\/angelboss.com.br\\\/?s={search_term_string}\"},\"query-input\":{\"@type\":\"PropertyValueSpecification\",\"valueRequired\":true,\"valueName\":\"search_term_string\"}}],\"inLanguage\":\"en-US\"},{\"@type\":\"Organization\",\"@id\":\"http:\\\/\\\/angelboss.com.br\\\/#organization\",\"name\":\"Portal Masculino de Moda, Beleza, Luxo and Business - Angel Boss\",\"url\":\"http:\\\/\\\/angelboss.com.br\\\/\",\"logo\":{\"@type\":\"ImageObject\",\"inLanguage\":\"en-US\",\"@id\":\"http:\\\/\\\/angelboss.com.br\\\/#\\\/schema\\\/logo\\\/image\\\/\",\"url\":\"http:\\\/\\\/angelboss.com.br\\\/wp-content\\\/uploads\\\/2025\\\/12\\\/WhatsApp-Image-2025-12-11-at-12.54.26.jpeg\",\"contentUrl\":\"http:\\\/\\\/angelboss.com.br\\\/wp-content\\\/uploads\\\/2025\\\/12\\\/WhatsApp-Image-2025-12-11-at-12.54.26.jpeg\",\"width\":1280,\"height\":1280,\"caption\":\"Portal Masculino de Moda, Beleza, Luxo and Business - Angel Boss\"},\"image\":{\"@id\":\"http:\\\/\\\/angelboss.com.br\\\/#\\\/schema\\\/logo\\\/image\\\/\"}},{\"@type\":\"Person\",\"@id\":\"http:\\\/\\\/angelboss.com.br\\\/#\\\/schema\\\/person\\\/af084936b46cf2e03f299183e429e350\",\"name\":\"Neto Angel Boss\",\"image\":{\"@type\":\"ImageObject\",\"inLanguage\":\"en-US\",\"@id\":\"https:\\\/\\\/secure.gravatar.com\\\/avatar\\\/dbb38b2050e5181e32afbccf458635967af0767d15abe8168b35ebbd97907289?s=96&d=mm&r=g\",\"url\":\"https:\\\/\\\/secure.gravatar.com\\\/avatar\\\/dbb38b2050e5181e32afbccf458635967af0767d15abe8168b35ebbd97907289?s=96&d=mm&r=g\",\"contentUrl\":\"https:\\\/\\\/secure.gravatar.com\\\/avatar\\\/dbb38b2050e5181e32afbccf458635967af0767d15abe8168b35ebbd97907289?s=96&d=mm&r=g\",\"caption\":\"Neto Angel Boss\"},\"sameAs\":[\"http:\\\/\\\/www.angelboss.com\"],\"url\":\"http:\\\/\\\/angelboss.com.br\\\/en\\\/author\\\/netoangelboss\\\/\"}]}<\/script>\n<!-- \/ Yoast SEO plugin. -->","yoast_head_json":{"title":"In Flames em Curitiba 2026: Show na \u00d3pera de Arame em Abril","description":"O In Flames em Curitiba 2026 \u00e9 oficial! A lenda do metal sueco se apresenta na \u00d3pera de Arame no dia 26 de abril. Confira detalhes da turn\u00ea Foregone e ingressos!","robots":{"index":"index","follow":"follow","max-snippet":"max-snippet:-1","max-image-preview":"max-image-preview:large","max-video-preview":"max-video-preview:-1"},"canonical":"http:\/\/angelboss.com.br\/en\/2026\/03\/18\/in-flames-em-curitiba-2026-opera-de-arame-ingressos-metal\/","og_locale":"en_US","og_type":"article","og_title":"In Flames em Curitiba 2026: Show na \u00d3pera de Arame em Abril","og_description":"O In Flames em Curitiba 2026 \u00e9 oficial! A lenda do metal sueco se apresenta na \u00d3pera de Arame no dia 26 de abril. Confira detalhes da turn\u00ea Foregone e ingressos!","og_url":"http:\/\/angelboss.com.br\/en\/2026\/03\/18\/in-flames-em-curitiba-2026-opera-de-arame-ingressos-metal\/","og_site_name":"Portal Masculino de Moda, Beleza, Luxo and Business - Angel Boss","article_published_time":"2026-03-18T20:00:57+00:00","article_modified_time":"2026-03-18T20:00:58+00:00","og_image":[{"width":798,"height":696,"url":"http:\/\/angelboss.com.br\/wp-content\/uploads\/2026\/03\/1IGZ6MzN4UWY3ojci5SbvNmLzN3bixWZn5WYAxWZn5WYvRXZupjN5gTO4MTO3gzM6cmbw5SOwczYmZjYyUGMiFGN4YTOxETZkJDM5QDOzUGZmFGOyYkMlEGOyYkMlETOyAzMGJTJ4QDMzEjNwIDMz8VL1ETLf9VLwITLfpTN.png","type":"image\/png"}],"author":"Neto Angel Boss","twitter_card":"summary_large_image","twitter_misc":{"Written by":"Neto Angel Boss","Est. reading time":"3 minutes"},"schema":{"@context":"https:\/\/schema.org","@graph":[{"@type":"Article","@id":"http:\/\/angelboss.com.br\/2026\/03\/18\/in-flames-em-curitiba-2026-opera-de-arame-ingressos-metal\/#article","isPartOf":{"@id":"http:\/\/angelboss.com.br\/2026\/03\/18\/in-flames-em-curitiba-2026-opera-de-arame-ingressos-metal\/"},"author":{"name":"Neto Angel Boss","@id":"http:\/\/angelboss.com.br\/#\/schema\/person\/af084936b46cf2e03f299183e429e350"},"headline":"Refer\u00eancia do metal europeu, In Flames confirma show em Curitiba","datePublished":"2026-03-18T20:00:57+00:00","dateModified":"2026-03-18T20:00:58+00:00","mainEntityOfPage":{"@id":"http:\/\/angelboss.com.br\/2026\/03\/18\/in-flames-em-curitiba-2026-opera-de-arame-ingressos-metal\/"},"wordCount":465,"commentCount":0,"publisher":{"@id":"http:\/\/angelboss.com.br\/#organization"},"image":{"@id":"http:\/\/angelboss.com.br\/2026\/03\/18\/in-flames-em-curitiba-2026-opera-de-arame-ingressos-metal\/#primaryimage"},"thumbnailUrl":"http:\/\/angelboss.com.br\/wp-content\/uploads\/2026\/03\/1IGZ6MzN4UWY3ojci5SbvNmLzN3bixWZn5WYAxWZn5WYvRXZupjN5gTO4MTO3gzM6cmbw5SOwczYmZjYyUGMiFGN4YTOxETZkJDM5QDOzUGZmFGOyYkMlEGOyYkMlETOyAzMGJTJ4QDMzEjNwIDMz8VL1ETLf9VLwITLfpTN.png","keywords":["In Flames","metal europeu","show em Curitiba"],"articleSection":["EA\u00cd, BORA NESSA?"],"inLanguage":"en-US","potentialAction":[{"@type":"CommentAction","name":"Comment","target":["http:\/\/angelboss.com.br\/2026\/03\/18\/in-flames-em-curitiba-2026-opera-de-arame-ingressos-metal\/#respond"]}]},{"@type":"WebPage","@id":"http:\/\/angelboss.com.br\/2026\/03\/18\/in-flames-em-curitiba-2026-opera-de-arame-ingressos-metal\/","url":"http:\/\/angelboss.com.br\/2026\/03\/18\/in-flames-em-curitiba-2026-opera-de-arame-ingressos-metal\/","name":"In Flames em Curitiba 2026: Show na \u00d3pera de Arame em Abril","isPartOf":{"@id":"http:\/\/angelboss.com.br\/#website"},"primaryImageOfPage":{"@id":"http:\/\/angelboss.com.br\/2026\/03\/18\/in-flames-em-curitiba-2026-opera-de-arame-ingressos-metal\/#primaryimage"},"image":{"@id":"http:\/\/angelboss.com.br\/2026\/03\/18\/in-flames-em-curitiba-2026-opera-de-arame-ingressos-metal\/#primaryimage"},"thumbnailUrl":"http:\/\/angelboss.com.br\/wp-content\/uploads\/2026\/03\/1IGZ6MzN4UWY3ojci5SbvNmLzN3bixWZn5WYAxWZn5WYvRXZupjN5gTO4MTO3gzM6cmbw5SOwczYmZjYyUGMiFGN4YTOxETZkJDM5QDOzUGZmFGOyYkMlEGOyYkMlETOyAzMGJTJ4QDMzEjNwIDMz8VL1ETLf9VLwITLfpTN.png","datePublished":"2026-03-18T20:00:57+00:00","dateModified":"2026-03-18T20:00:58+00:00","description":"O In Flames em Curitiba 2026 \u00e9 oficial! A lenda do metal sueco se apresenta na \u00d3pera de Arame no dia 26 de abril. Confira detalhes da turn\u00ea Foregone e ingressos!","breadcrumb":{"@id":"http:\/\/angelboss.com.br\/2026\/03\/18\/in-flames-em-curitiba-2026-opera-de-arame-ingressos-metal\/#breadcrumb"},"inLanguage":"en-US","potentialAction":[{"@type":"ReadAction","target":["http:\/\/angelboss.com.br\/2026\/03\/18\/in-flames-em-curitiba-2026-opera-de-arame-ingressos-metal\/"]}]},{"@type":"ImageObject","inLanguage":"en-US","@id":"http:\/\/angelboss.com.br\/2026\/03\/18\/in-flames-em-curitiba-2026-opera-de-arame-ingressos-metal\/#primaryimage","url":"http:\/\/angelboss.com.br\/wp-content\/uploads\/2026\/03\/1IGZ6MzN4UWY3ojci5SbvNmLzN3bixWZn5WYAxWZn5WYvRXZupjN5gTO4MTO3gzM6cmbw5SOwczYmZjYyUGMiFGN4YTOxETZkJDM5QDOzUGZmFGOyYkMlEGOyYkMlETOyAzMGJTJ4QDMzEjNwIDMz8VL1ETLf9VLwITLfpTN.png","contentUrl":"http:\/\/angelboss.com.br\/wp-content\/uploads\/2026\/03\/1IGZ6MzN4UWY3ojci5SbvNmLzN3bixWZn5WYAxWZn5WYvRXZupjN5gTO4MTO3gzM6cmbw5SOwczYmZjYyUGMiFGN4YTOxETZkJDM5QDOzUGZmFGOyYkMlEGOyYkMlETOyAzMGJTJ4QDMzEjNwIDMz8VL1ETLf9VLwITLfpTN.png","width":798,"height":696,"caption":"Imagem\/Divulga\u00e7\u00e3o"},{"@type":"BreadcrumbList","@id":"http:\/\/angelboss.com.br\/2026\/03\/18\/in-flames-em-curitiba-2026-opera-de-arame-ingressos-metal\/#breadcrumb","itemListElement":[{"@type":"ListItem","position":1,"name":"In\u00edcio","item":"http:\/\/angelboss.com.br\/"},{"@type":"ListItem","position":2,"name":"Refer\u00eancia do metal europeu, In Flames confirma show em Curitiba"}]},{"@type":"WebSite","@id":"http:\/\/angelboss.com.br\/#website","url":"http:\/\/angelboss.com.br\/","name":"Portal Masculino de Moda, Beleza, Luxo e Business - Angel Boss","description":"O Maior Portal sobre Moda, Luxo, Beleza e Business Masculino do Brasil","publisher":{"@id":"http:\/\/angelboss.com.br\/#organization"},"alternateName":"Maior Portal e Blog de Beleza Masculina e Luxo","potentialAction":[{"@type":"SearchAction","target":{"@type":"EntryPoint","urlTemplate":"http:\/\/angelboss.com.br\/?s={search_term_string}"},"query-input":{"@type":"PropertyValueSpecification","valueRequired":true,"valueName":"search_term_string"}}],"inLanguage":"en-US"},{"@type":"Organization","@id":"http:\/\/angelboss.com.br\/#organization","name":"Portal Masculino de Moda, Beleza, Luxo and Business - Angel Boss","url":"http:\/\/angelboss.com.br\/","logo":{"@type":"ImageObject","inLanguage":"en-US","@id":"http:\/\/angelboss.com.br\/#\/schema\/logo\/image\/","url":"http:\/\/angelboss.com.br\/wp-content\/uploads\/2025\/12\/WhatsApp-Image-2025-12-11-at-12.54.26.jpeg","contentUrl":"http:\/\/angelboss.com.br\/wp-content\/uploads\/2025\/12\/WhatsApp-Image-2025-12-11-at-12.54.26.jpeg","width":1280,"height":1280,"caption":"Portal Masculino de Moda, Beleza, Luxo and Business - Angel Boss"},"image":{"@id":"http:\/\/angelboss.com.br\/#\/schema\/logo\/image\/"}},{"@type":"Person","@id":"http:\/\/angelboss.com.br\/#\/schema\/person\/af084936b46cf2e03f299183e429e350","name":"Neto Angel Boss","image":{"@type":"ImageObject","inLanguage":"en-US","@id":"https:\/\/secure.gravatar.com\/avatar\/dbb38b2050e5181e32afbccf458635967af0767d15abe8168b35ebbd97907289?s=96&d=mm&r=g","url":"https:\/\/secure.gravatar.com\/avatar\/dbb38b2050e5181e32afbccf458635967af0767d15abe8168b35ebbd97907289?s=96&d=mm&r=g","contentUrl":"https:\/\/secure.gravatar.com\/avatar\/dbb38b2050e5181e32afbccf458635967af0767d15abe8168b35ebbd97907289?s=96&d=mm&r=g","caption":"Neto Angel Boss"},"sameAs":["http:\/\/www.angelboss.com"],"url":"http:\/\/angelboss.com.br\/en\/author\/netoangelboss\/"}]}},"amp_enabled":true,"_links":{"self":[{"href":"http:\/\/angelboss.com.br\/en\/wp-json\/wp\/v2\/posts\/15710","targetHints":{"allow":["GET"]}}],"collection":[{"href":"http:\/\/angelboss.com.br\/en\/wp-json\/wp\/v2\/posts"}],"about":[{"href":"http:\/\/angelboss.com.br\/en\/wp-json\/wp\/v2\/types\/post"}],"author":[{"embeddable":true,"href":"http:\/\/angelboss.com.br\/en\/wp-json\/wp\/v2\/users\/2"}],"replies":[{"embeddable":true,"href":"http:\/\/angelboss.com.br\/en\/wp-json\/wp\/v2\/comments?post=15710"}],"version-history":[{"count":1,"href":"http:\/\/angelboss.com.br\/en\/wp-json\/wp\/v2\/posts\/15710\/revisions"}],"predecessor-version":[{"id":15713,"href":"http:\/\/angelboss.com.br\/en\/wp-json\/wp\/v2\/posts\/15710\/revisions\/15713"}],"wp:featuredmedia":[{"embeddable":true,"href":"http:\/\/angelboss.com.br\/en\/wp-json\/wp\/v2\/media\/15712"}],"wp:attachment":[{"href":"http:\/\/angelboss.com.br\/en\/wp-json\/wp\/v2\/media?parent=15710"}],"wp:term":[{"taxonomy":"category","embeddable":true,"href":"http:\/\/angelboss.com.br\/en\/wp-json\/wp\/v2\/categories?post=15710"},{"taxonomy":"post_tag","embeddable":true,"href":"http:\/\/angelboss.com.br\/en\/wp-json\/wp\/v2\/tags?post=15710"}],"curies":[{"name":"wp","href":"https:\/\/api.w.org\/{rel}","templated":true}]}}