{"id":15016,"date":"2026-03-13T20:15:55","date_gmt":"2026-03-13T20:15:55","guid":{"rendered":"https:\/\/angelboss.com.br\/?p=15016"},"modified":"2026-03-13T20:15:58","modified_gmt":"2026-03-13T20:15:58","slug":"wdf-2026-anuncia-programacao-completa-com-nomes-de-peso-da-cena-eletronica-mundial","status":"publish","type":"post","link":"http:\/\/angelboss.com.br\/en\/2026\/03\/13\/wdf-2026-anuncia-programacao-completa-com-nomes-de-peso-da-cena-eletronica-mundial\/","title":{"rendered":"WDF 2026 anuncia programa\u00e7\u00e3o completa com nomes de peso da cena eletr\u00f4nica mundial\u00a0"},"content":{"rendered":"<p><em>Com&nbsp;21 atra\u00e7\u00f5es nacionais e internacionais, o consagrado Warung&nbsp;Day Festival acontece no dia 2&nbsp;de&nbsp;maio, na Pedreira Paulo Leminski e na \u00d3pera&nbsp;de&nbsp;Arame, em Curitiba<\/em><\/p>\n\n\n\n<p>O Warung\u00a0Day Festival est\u00e1\u00a0de\u00a0volta e,\u00a0como sempre,\u00a0com\u00a0uma programa\u00e7\u00e3o imperd\u00edvel. A organiza\u00e7\u00e3o do festival\u00a0de\u00a0m\u00fasica eletr\u00f4nica mais conceituado do brasil acaba\u00a0de\u00a0anunciar a programa\u00e7\u00e3o\u00a0completa\u00a0de\u00a0sua edi\u00e7\u00e3o\u00a02026, al\u00e9m dos tr\u00eas palcos do festival, reafirmando seu lugar\u00a0como um dos eventos musicais mais respeitados do mundo.<\/p>\n\n\n\n<p>No pr\u00f3ximo dia 2&nbsp;de&nbsp;maio, a Pedreira Paulo Leminski e a \u00d3pera&nbsp;de&nbsp;Arame, s\u00edmbolos culturais&nbsp;da&nbsp;cidade&nbsp;de&nbsp;Curitiba (PR), ser\u00e3o transformadas em palcos&nbsp;de&nbsp;uma jornada sonora que conecta m\u00fasica, natureza e experi\u00eancia sensorial. Ser\u00e3o 21 atra\u00e7\u00f5es ao longo&nbsp;de&nbsp;12 horas&nbsp;de&nbsp;festival, distribu\u00eddas em diversos palcos, em um dos cen\u00e1rios mais famosos&nbsp;da&nbsp;m\u00fasica&nbsp;mundial.<\/p>\n\n\n\n<p>Entre os grandes&nbsp;destaques do&nbsp;WDF&nbsp;2026&nbsp;est\u00e3o Charlotte&nbsp;de&nbsp;Witte,&nbsp;Deep Dish, Enrico Sangiuliano, Guy Gerber, Guy J, Monolink, Chambord e&nbsp;Desiree, artistas que representam diferentes vertentes&nbsp;da&nbsp;m\u00fasica eletr\u00f4nica contempor\u00e2nea e ajudam a construir um line-up diverso, consistente e alinhado \u00e0 identidade do festival.<\/p>\n\n\n\n<p>Para&nbsp;completar o line-up, artistas que t\u00eam ganhado espa\u00e7o e muito&nbsp;destaque na&nbsp;cena&nbsp;mundial&nbsp;nos \u00faltimos anos, tocando em grandes clubs e marcando presen\u00e7a nos principais festivais do planeta: Antonio Oliva, Badaro, Enrico &amp; Carmo, Fran Bortolossi, Malive, Bhaskar, Eli Iwasa, Ruback, Beltran, Blancah, Fran Bortolossi, Neoclassic, Rod Brito e Zac.<\/p>\n\n\n\n<p><strong>Confira a programa\u00e7\u00e3o&nbsp;completa:<\/strong><\/p>\n\n\n\n<p><strong><u>Warung Stage<\/u><\/strong><\/p>\n\n\n\n<p>13h \u2013 Blancah b2b Neoclassic<\/p>\n\n\n\n<p>14h30 &#8211; Ruback<\/p>\n\n\n\n<p>16h \u2013 Enrico &amp; Carmo &amp; Badaro<\/p>\n\n\n\n<p>18h &#8211;&nbsp;Desiree<\/p>\n\n\n\n<p>20h &#8211; Monolink<\/p>\n\n\n\n<p>22h \u2013 Guy Gerber<\/p>\n\n\n\n<p><strong><u>Pedreira Stage<\/u><\/strong><\/p>\n\n\n\n<p>13h \u2013 Fran Bortolossi<\/p>\n\n\n\n<p>15h &#8211; Malive<\/p>\n\n\n\n<p>17h \u2013 Beltran<\/p>\n\n\n\n<p>19h \u2013 Eli Iwasa<\/p>\n\n\n\n<p>21h \u2013 Enrico Sangiuliano<\/p>\n\n\n\n<p>23h \u2013 Charlotte&nbsp;de&nbsp;Witte<\/p>\n\n\n\n<p><strong><u>Opera Stage<\/u><\/strong><\/p>\n\n\n\n<p>13h \u2013 Rod Brito<\/p>\n\n\n\n<p>14h30 \u2013 Antonio Oliva<\/p>\n\n\n\n<p>16h \u2013 Chambord<\/p>\n\n\n\n<p>18h \u2013 Zac b2b Bhaskar<\/p>\n\n\n\n<p>20h \u2013 Guy J<\/p>\n\n\n\n<p>22h30 \u2013&nbsp;Deep Dish<\/p>\n\n\n\n<p>A edi\u00e7\u00e3o&nbsp;2026&nbsp;mant\u00e9m o conceito que consagrou o evento: \u201cA natureza \u00e9 o Templo. A m\u00fasica \u00e9 o caminho\u201d. A proposta \u00e9 ir al\u00e9m do espet\u00e1culo musical, criando uma experi\u00eancia imersiva que integra paisagem, cenografia, som e p\u00fablico em uma narrativa \u00fanica, do in\u00edcio ao fim do dia.<\/p>\n\n\n\n<p>Reconhecido internacionalmente e chamado&nbsp;de&nbsp;\u201co melhor dia do ano\u201d por seu p\u00fablico fiel, o Warung&nbsp;Day Festival segue ampliando seu alcance global sem perder a ess\u00eancia que o tornou refer\u00eancia: curadoria musical apurada, conex\u00e3o genu\u00edna&nbsp;com&nbsp;a natureza e entrega sensorial que transcende o formato tradicional&nbsp;de&nbsp;festival.<\/p>\n\n\n\n<p>A 11\u00aa edi\u00e7\u00e3o do Warung&nbsp;Day Festival ser\u00e1 realizada no dia 02&nbsp;de&nbsp;maio,&nbsp;com&nbsp;programa\u00e7\u00e3o a partir&nbsp;das 12h, na Pedreira Paulo Leminski, em Curitiba (PR). Os ingressos est\u00e3o dispon\u00edveis no site&nbsp;<a href=\"https:\/\/www.warungdayfestival.com\/\">www.warungdayfestival.com<\/a>&nbsp;e nas bilheteiras Blueticket e Ingresse. Mais informa\u00e7\u00f5es nos perfis oficiais do evento nas redes sociais: @warung_dayfestival (Instagram) e @warungfestival (Facebook).<\/p>","protected":false},"excerpt":{"rendered":"<p>Com&nbsp;21 atra\u00e7\u00f5es nacionais e internacionais, o consagrado Warung&nbsp;Day Festival acontece no dia 2&nbsp;de&nbsp;maio, na Pedreira Paulo Leminski e na \u00d3pera&nbsp;de&nbsp;Arame, em Curitiba O Warung\u00a0Day Festival est\u00e1\u00a0de\u00a0volta e,\u00a0como sempre,\u00a0com\u00a0uma programa\u00e7\u00e3o imperd\u00edvel. A organiza\u00e7\u00e3o do festival\u00a0de\u00a0m\u00fasica eletr\u00f4nica mais conceituado do brasil acaba\u00a0de\u00a0anunciar a programa\u00e7\u00e3o\u00a0completa\u00a0de\u00a0sua edi\u00e7\u00e3o\u00a02026, al\u00e9m dos tr\u00eas palcos do festival, reafirmando seu lugar\u00a0como um dos eventos<\/p>","protected":false},"author":2,"featured_media":15019,"comment_status":"open","ping_status":"open","sticky":false,"template":"","format":"standard","meta":{"footnotes":""},"categories":[168],"tags":[897,2013,2012],"class_list":{"0":"post-15016","1":"post","2":"type-post","3":"status-publish","4":"format-standard","5":"has-post-thumbnail","7":"category-eai-bora-nessa","8":"tag-curitiba","9":"tag-festival","10":"tag-warung-day"},"yoast_head":"<!-- This site is optimized with the Yoast SEO plugin v27.5 - https:\/\/yoast.com\/product\/yoast-seo-wordpress\/ -->\n<title>Warung Day Festival 2026: Programa\u00e7\u00e3o e Palcos em Curitiba<\/title>\n<meta name=\"description\" content=\"Confira a programa\u00e7\u00e3o do Warung Day Festival 2026. Com 21 atra\u00e7\u00f5es na Pedreira Paulo Leminski, o melhor dia do ano traz Charlotte de Witte e muito mais.\" \/>\n<meta name=\"robots\" content=\"index, follow, max-snippet:-1, max-image-preview:large, max-video-preview:-1\" \/>\n<link rel=\"canonical\" href=\"http:\/\/angelboss.com.br\/en\/2026\/03\/13\/wdf-2026-anuncia-programacao-completa-com-nomes-de-peso-da-cena-eletronica-mundial\/\" \/>\n<meta property=\"og:locale\" content=\"en_US\" \/>\n<meta property=\"og:type\" content=\"article\" \/>\n<meta property=\"og:title\" content=\"Warung Day Festival 2026: Programa\u00e7\u00e3o e Palcos em Curitiba\" \/>\n<meta property=\"og:description\" content=\"Confira a programa\u00e7\u00e3o do Warung Day Festival 2026. Com 21 atra\u00e7\u00f5es na Pedreira Paulo Leminski, o melhor dia do ano traz Charlotte de Witte e muito mais.\" \/>\n<meta property=\"og:url\" content=\"http:\/\/angelboss.com.br\/en\/2026\/03\/13\/wdf-2026-anuncia-programacao-completa-com-nomes-de-peso-da-cena-eletronica-mundial\/\" \/>\n<meta property=\"og:site_name\" content=\"Portal Masculino de Moda, Beleza, Luxo and Business - Angel Boss\" \/>\n<meta property=\"article:published_time\" content=\"2026-03-13T20:15:55+00:00\" \/>\n<meta property=\"article:modified_time\" content=\"2026-03-13T20:15:58+00:00\" \/>\n<meta property=\"og:image\" content=\"http:\/\/angelboss.com.br\/wp-content\/uploads\/2026\/03\/5hRmO5kjYhFGN6InYu02bj5ycz9mYsV2ZuFGQsV2ZuF2b0Vmb6UTO3AjMxkzNwEjOnVGcq5ydvxGZxQmM2kzM0QDZjBzN0IzM5QzMyEDO5QDMkV2M2gjY3YkMlgjY3YkMlETOyAzMGJTJ4QDMzEjNwIDMz8VL1ETLf9VLwITLfpDM.jpg\" \/>\n\t<meta property=\"og:image:width\" content=\"800\" \/>\n\t<meta property=\"og:image:height\" content=\"1050\" \/>\n\t<meta property=\"og:image:type\" content=\"image\/jpeg\" \/>\n<meta name=\"author\" content=\"Neto Angel Boss\" \/>\n<meta name=\"twitter:card\" content=\"summary_large_image\" \/>\n<meta name=\"twitter:label1\" content=\"Written by\" \/>\n\t<meta name=\"twitter:data1\" content=\"Neto Angel Boss\" \/>\n\t<meta name=\"twitter:label2\" content=\"Est. reading time\" \/>\n\t<meta name=\"twitter:data2\" content=\"3 minutes\" \/>\n<script type=\"application\/ld+json\" class=\"yoast-schema-graph\">{\"@context\":\"https:\\\/\\\/schema.org\",\"@graph\":[{\"@type\":\"Article\",\"@id\":\"http:\\\/\\\/angelboss.com.br\\\/en\\\/2026\\\/03\\\/13\\\/wdf-2026-anuncia-programacao-completa-com-nomes-de-peso-da-cena-eletronica-mundial\\\/#article\",\"isPartOf\":{\"@id\":\"http:\\\/\\\/angelboss.com.br\\\/en\\\/2026\\\/03\\\/13\\\/wdf-2026-anuncia-programacao-completa-com-nomes-de-peso-da-cena-eletronica-mundial\\\/\"},\"author\":{\"name\":\"Neto Angel Boss\",\"@id\":\"http:\\\/\\\/angelboss.com.br\\\/#\\\/schema\\\/person\\\/af084936b46cf2e03f299183e429e350\"},\"headline\":\"WDF 2026 anuncia programa\u00e7\u00e3o completa com nomes de peso da cena eletr\u00f4nica mundial\u00a0\",\"datePublished\":\"2026-03-13T20:15:55+00:00\",\"dateModified\":\"2026-03-13T20:15:58+00:00\",\"mainEntityOfPage\":{\"@id\":\"http:\\\/\\\/angelboss.com.br\\\/en\\\/2026\\\/03\\\/13\\\/wdf-2026-anuncia-programacao-completa-com-nomes-de-peso-da-cena-eletronica-mundial\\\/\"},\"wordCount\":571,\"commentCount\":0,\"publisher\":{\"@id\":\"http:\\\/\\\/angelboss.com.br\\\/#organization\"},\"image\":{\"@id\":\"http:\\\/\\\/angelboss.com.br\\\/en\\\/2026\\\/03\\\/13\\\/wdf-2026-anuncia-programacao-completa-com-nomes-de-peso-da-cena-eletronica-mundial\\\/#primaryimage\"},\"thumbnailUrl\":\"http:\\\/\\\/angelboss.com.br\\\/wp-content\\\/uploads\\\/2026\\\/03\\\/5hRmO5kjYhFGN6InYu02bj5ycz9mYsV2ZuFGQsV2ZuF2b0Vmb6UTO3AjMxkzNwEjOnVGcq5ydvxGZxQmM2kzM0QDZjBzN0IzM5QzMyEDO5QDMkV2M2gjY3YkMlgjY3YkMlETOyAzMGJTJ4QDMzEjNwIDMz8VL1ETLf9VLwITLfpDM.jpg\",\"keywords\":[\"Curitiba\",\"Festival\",\"Warung Day\"],\"articleSection\":[\"EA\u00cd, BORA NESSA?\"],\"inLanguage\":\"en-US\",\"potentialAction\":[{\"@type\":\"CommentAction\",\"name\":\"Comment\",\"target\":[\"http:\\\/\\\/angelboss.com.br\\\/en\\\/2026\\\/03\\\/13\\\/wdf-2026-anuncia-programacao-completa-com-nomes-de-peso-da-cena-eletronica-mundial\\\/#respond\"]}]},{\"@type\":\"WebPage\",\"@id\":\"http:\\\/\\\/angelboss.com.br\\\/en\\\/2026\\\/03\\\/13\\\/wdf-2026-anuncia-programacao-completa-com-nomes-de-peso-da-cena-eletronica-mundial\\\/\",\"url\":\"http:\\\/\\\/angelboss.com.br\\\/en\\\/2026\\\/03\\\/13\\\/wdf-2026-anuncia-programacao-completa-com-nomes-de-peso-da-cena-eletronica-mundial\\\/\",\"name\":\"Warung Day Festival 2026: Programa\u00e7\u00e3o e Palcos em Curitiba\",\"isPartOf\":{\"@id\":\"http:\\\/\\\/angelboss.com.br\\\/#website\"},\"primaryImageOfPage\":{\"@id\":\"http:\\\/\\\/angelboss.com.br\\\/en\\\/2026\\\/03\\\/13\\\/wdf-2026-anuncia-programacao-completa-com-nomes-de-peso-da-cena-eletronica-mundial\\\/#primaryimage\"},\"image\":{\"@id\":\"http:\\\/\\\/angelboss.com.br\\\/en\\\/2026\\\/03\\\/13\\\/wdf-2026-anuncia-programacao-completa-com-nomes-de-peso-da-cena-eletronica-mundial\\\/#primaryimage\"},\"thumbnailUrl\":\"http:\\\/\\\/angelboss.com.br\\\/wp-content\\\/uploads\\\/2026\\\/03\\\/5hRmO5kjYhFGN6InYu02bj5ycz9mYsV2ZuFGQsV2ZuF2b0Vmb6UTO3AjMxkzNwEjOnVGcq5ydvxGZxQmM2kzM0QDZjBzN0IzM5QzMyEDO5QDMkV2M2gjY3YkMlgjY3YkMlETOyAzMGJTJ4QDMzEjNwIDMz8VL1ETLf9VLwITLfpDM.jpg\",\"datePublished\":\"2026-03-13T20:15:55+00:00\",\"dateModified\":\"2026-03-13T20:15:58+00:00\",\"description\":\"Confira a programa\u00e7\u00e3o do Warung Day Festival 2026. Com 21 atra\u00e7\u00f5es na Pedreira Paulo Leminski, o melhor dia do ano traz Charlotte de Witte e muito mais.\",\"breadcrumb\":{\"@id\":\"http:\\\/\\\/angelboss.com.br\\\/en\\\/2026\\\/03\\\/13\\\/wdf-2026-anuncia-programacao-completa-com-nomes-de-peso-da-cena-eletronica-mundial\\\/#breadcrumb\"},\"inLanguage\":\"en-US\",\"potentialAction\":[{\"@type\":\"ReadAction\",\"target\":[\"http:\\\/\\\/angelboss.com.br\\\/en\\\/2026\\\/03\\\/13\\\/wdf-2026-anuncia-programacao-completa-com-nomes-de-peso-da-cena-eletronica-mundial\\\/\"]}]},{\"@type\":\"ImageObject\",\"inLanguage\":\"en-US\",\"@id\":\"http:\\\/\\\/angelboss.com.br\\\/en\\\/2026\\\/03\\\/13\\\/wdf-2026-anuncia-programacao-completa-com-nomes-de-peso-da-cena-eletronica-mundial\\\/#primaryimage\",\"url\":\"http:\\\/\\\/angelboss.com.br\\\/wp-content\\\/uploads\\\/2026\\\/03\\\/5hRmO5kjYhFGN6InYu02bj5ycz9mYsV2ZuFGQsV2ZuF2b0Vmb6UTO3AjMxkzNwEjOnVGcq5ydvxGZxQmM2kzM0QDZjBzN0IzM5QzMyEDO5QDMkV2M2gjY3YkMlgjY3YkMlETOyAzMGJTJ4QDMzEjNwIDMz8VL1ETLf9VLwITLfpDM.jpg\",\"contentUrl\":\"http:\\\/\\\/angelboss.com.br\\\/wp-content\\\/uploads\\\/2026\\\/03\\\/5hRmO5kjYhFGN6InYu02bj5ycz9mYsV2ZuFGQsV2ZuF2b0Vmb6UTO3AjMxkzNwEjOnVGcq5ydvxGZxQmM2kzM0QDZjBzN0IzM5QzMyEDO5QDMkV2M2gjY3YkMlgjY3YkMlETOyAzMGJTJ4QDMzEjNwIDMz8VL1ETLf9VLwITLfpDM.jpg\",\"width\":800,\"height\":1050,\"caption\":\"Imagem\\\/Divulga\u00e7\u00e3o\"},{\"@type\":\"BreadcrumbList\",\"@id\":\"http:\\\/\\\/angelboss.com.br\\\/en\\\/2026\\\/03\\\/13\\\/wdf-2026-anuncia-programacao-completa-com-nomes-de-peso-da-cena-eletronica-mundial\\\/#breadcrumb\",\"itemListElement\":[{\"@type\":\"ListItem\",\"position\":1,\"name\":\"In\u00edcio\",\"item\":\"http:\\\/\\\/angelboss.com.br\\\/\"},{\"@type\":\"ListItem\",\"position\":2,\"name\":\"WDF 2026 anuncia programa\u00e7\u00e3o completa com nomes de peso da cena eletr\u00f4nica mundial\u00a0\"}]},{\"@type\":\"WebSite\",\"@id\":\"http:\\\/\\\/angelboss.com.br\\\/#website\",\"url\":\"http:\\\/\\\/angelboss.com.br\\\/\",\"name\":\"Portal Masculino de Moda, Beleza, Luxo e Business - Angel Boss\",\"description\":\"O Maior Portal sobre Moda, Luxo, Beleza e Business Masculino do Brasil\",\"publisher\":{\"@id\":\"http:\\\/\\\/angelboss.com.br\\\/#organization\"},\"alternateName\":\"Maior Portal e Blog de Beleza Masculina e Luxo\",\"potentialAction\":[{\"@type\":\"SearchAction\",\"target\":{\"@type\":\"EntryPoint\",\"urlTemplate\":\"http:\\\/\\\/angelboss.com.br\\\/?s={search_term_string}\"},\"query-input\":{\"@type\":\"PropertyValueSpecification\",\"valueRequired\":true,\"valueName\":\"search_term_string\"}}],\"inLanguage\":\"en-US\"},{\"@type\":\"Organization\",\"@id\":\"http:\\\/\\\/angelboss.com.br\\\/#organization\",\"name\":\"Portal Masculino de Moda, Beleza, Luxo and Business - Angel Boss\",\"url\":\"http:\\\/\\\/angelboss.com.br\\\/\",\"logo\":{\"@type\":\"ImageObject\",\"inLanguage\":\"en-US\",\"@id\":\"http:\\\/\\\/angelboss.com.br\\\/#\\\/schema\\\/logo\\\/image\\\/\",\"url\":\"http:\\\/\\\/angelboss.com.br\\\/wp-content\\\/uploads\\\/2025\\\/12\\\/WhatsApp-Image-2025-12-11-at-12.54.26.jpeg\",\"contentUrl\":\"http:\\\/\\\/angelboss.com.br\\\/wp-content\\\/uploads\\\/2025\\\/12\\\/WhatsApp-Image-2025-12-11-at-12.54.26.jpeg\",\"width\":1280,\"height\":1280,\"caption\":\"Portal Masculino de Moda, Beleza, Luxo and Business - Angel Boss\"},\"image\":{\"@id\":\"http:\\\/\\\/angelboss.com.br\\\/#\\\/schema\\\/logo\\\/image\\\/\"}},{\"@type\":\"Person\",\"@id\":\"http:\\\/\\\/angelboss.com.br\\\/#\\\/schema\\\/person\\\/af084936b46cf2e03f299183e429e350\",\"name\":\"Neto Angel Boss\",\"image\":{\"@type\":\"ImageObject\",\"inLanguage\":\"en-US\",\"@id\":\"https:\\\/\\\/secure.gravatar.com\\\/avatar\\\/dbb38b2050e5181e32afbccf458635967af0767d15abe8168b35ebbd97907289?s=96&d=mm&r=g\",\"url\":\"https:\\\/\\\/secure.gravatar.com\\\/avatar\\\/dbb38b2050e5181e32afbccf458635967af0767d15abe8168b35ebbd97907289?s=96&d=mm&r=g\",\"contentUrl\":\"https:\\\/\\\/secure.gravatar.com\\\/avatar\\\/dbb38b2050e5181e32afbccf458635967af0767d15abe8168b35ebbd97907289?s=96&d=mm&r=g\",\"caption\":\"Neto Angel Boss\"},\"sameAs\":[\"http:\\\/\\\/www.angelboss.com\"],\"url\":\"http:\\\/\\\/angelboss.com.br\\\/en\\\/author\\\/netoangelboss\\\/\"}]}<\/script>\n<!-- \/ Yoast SEO plugin. -->","yoast_head_json":{"title":"Warung Day Festival 2026: Programa\u00e7\u00e3o e Palcos em Curitiba","description":"Confira a programa\u00e7\u00e3o do Warung Day Festival 2026. Com 21 atra\u00e7\u00f5es na Pedreira Paulo Leminski, o melhor dia do ano traz Charlotte de Witte e muito mais.","robots":{"index":"index","follow":"follow","max-snippet":"max-snippet:-1","max-image-preview":"max-image-preview:large","max-video-preview":"max-video-preview:-1"},"canonical":"http:\/\/angelboss.com.br\/en\/2026\/03\/13\/wdf-2026-anuncia-programacao-completa-com-nomes-de-peso-da-cena-eletronica-mundial\/","og_locale":"en_US","og_type":"article","og_title":"Warung Day Festival 2026: Programa\u00e7\u00e3o e Palcos em Curitiba","og_description":"Confira a programa\u00e7\u00e3o do Warung Day Festival 2026. Com 21 atra\u00e7\u00f5es na Pedreira Paulo Leminski, o melhor dia do ano traz Charlotte de Witte e muito mais.","og_url":"http:\/\/angelboss.com.br\/en\/2026\/03\/13\/wdf-2026-anuncia-programacao-completa-com-nomes-de-peso-da-cena-eletronica-mundial\/","og_site_name":"Portal Masculino de Moda, Beleza, Luxo and Business - Angel Boss","article_published_time":"2026-03-13T20:15:55+00:00","article_modified_time":"2026-03-13T20:15:58+00:00","og_image":[{"width":800,"height":1050,"url":"http:\/\/angelboss.com.br\/wp-content\/uploads\/2026\/03\/5hRmO5kjYhFGN6InYu02bj5ycz9mYsV2ZuFGQsV2ZuF2b0Vmb6UTO3AjMxkzNwEjOnVGcq5ydvxGZxQmM2kzM0QDZjBzN0IzM5QzMyEDO5QDMkV2M2gjY3YkMlgjY3YkMlETOyAzMGJTJ4QDMzEjNwIDMz8VL1ETLf9VLwITLfpDM.jpg","type":"image\/jpeg"}],"author":"Neto Angel Boss","twitter_card":"summary_large_image","twitter_misc":{"Written by":"Neto Angel Boss","Est. reading time":"3 minutes"},"schema":{"@context":"https:\/\/schema.org","@graph":[{"@type":"Article","@id":"http:\/\/angelboss.com.br\/en\/2026\/03\/13\/wdf-2026-anuncia-programacao-completa-com-nomes-de-peso-da-cena-eletronica-mundial\/#article","isPartOf":{"@id":"http:\/\/angelboss.com.br\/en\/2026\/03\/13\/wdf-2026-anuncia-programacao-completa-com-nomes-de-peso-da-cena-eletronica-mundial\/"},"author":{"name":"Neto Angel Boss","@id":"http:\/\/angelboss.com.br\/#\/schema\/person\/af084936b46cf2e03f299183e429e350"},"headline":"WDF 2026 anuncia programa\u00e7\u00e3o completa com nomes de peso da cena eletr\u00f4nica mundial\u00a0","datePublished":"2026-03-13T20:15:55+00:00","dateModified":"2026-03-13T20:15:58+00:00","mainEntityOfPage":{"@id":"http:\/\/angelboss.com.br\/en\/2026\/03\/13\/wdf-2026-anuncia-programacao-completa-com-nomes-de-peso-da-cena-eletronica-mundial\/"},"wordCount":571,"commentCount":0,"publisher":{"@id":"http:\/\/angelboss.com.br\/#organization"},"image":{"@id":"http:\/\/angelboss.com.br\/en\/2026\/03\/13\/wdf-2026-anuncia-programacao-completa-com-nomes-de-peso-da-cena-eletronica-mundial\/#primaryimage"},"thumbnailUrl":"http:\/\/angelboss.com.br\/wp-content\/uploads\/2026\/03\/5hRmO5kjYhFGN6InYu02bj5ycz9mYsV2ZuFGQsV2ZuF2b0Vmb6UTO3AjMxkzNwEjOnVGcq5ydvxGZxQmM2kzM0QDZjBzN0IzM5QzMyEDO5QDMkV2M2gjY3YkMlgjY3YkMlETOyAzMGJTJ4QDMzEjNwIDMz8VL1ETLf9VLwITLfpDM.jpg","keywords":["Curitiba","Festival","Warung Day"],"articleSection":["EA\u00cd, BORA NESSA?"],"inLanguage":"en-US","potentialAction":[{"@type":"CommentAction","name":"Comment","target":["http:\/\/angelboss.com.br\/en\/2026\/03\/13\/wdf-2026-anuncia-programacao-completa-com-nomes-de-peso-da-cena-eletronica-mundial\/#respond"]}]},{"@type":"WebPage","@id":"http:\/\/angelboss.com.br\/en\/2026\/03\/13\/wdf-2026-anuncia-programacao-completa-com-nomes-de-peso-da-cena-eletronica-mundial\/","url":"http:\/\/angelboss.com.br\/en\/2026\/03\/13\/wdf-2026-anuncia-programacao-completa-com-nomes-de-peso-da-cena-eletronica-mundial\/","name":"Warung Day Festival 2026: Programa\u00e7\u00e3o e Palcos em Curitiba","isPartOf":{"@id":"http:\/\/angelboss.com.br\/#website"},"primaryImageOfPage":{"@id":"http:\/\/angelboss.com.br\/en\/2026\/03\/13\/wdf-2026-anuncia-programacao-completa-com-nomes-de-peso-da-cena-eletronica-mundial\/#primaryimage"},"image":{"@id":"http:\/\/angelboss.com.br\/en\/2026\/03\/13\/wdf-2026-anuncia-programacao-completa-com-nomes-de-peso-da-cena-eletronica-mundial\/#primaryimage"},"thumbnailUrl":"http:\/\/angelboss.com.br\/wp-content\/uploads\/2026\/03\/5hRmO5kjYhFGN6InYu02bj5ycz9mYsV2ZuFGQsV2ZuF2b0Vmb6UTO3AjMxkzNwEjOnVGcq5ydvxGZxQmM2kzM0QDZjBzN0IzM5QzMyEDO5QDMkV2M2gjY3YkMlgjY3YkMlETOyAzMGJTJ4QDMzEjNwIDMz8VL1ETLf9VLwITLfpDM.jpg","datePublished":"2026-03-13T20:15:55+00:00","dateModified":"2026-03-13T20:15:58+00:00","description":"Confira a programa\u00e7\u00e3o do Warung Day Festival 2026. Com 21 atra\u00e7\u00f5es na Pedreira Paulo Leminski, o melhor dia do ano traz Charlotte de Witte e muito mais.","breadcrumb":{"@id":"http:\/\/angelboss.com.br\/en\/2026\/03\/13\/wdf-2026-anuncia-programacao-completa-com-nomes-de-peso-da-cena-eletronica-mundial\/#breadcrumb"},"inLanguage":"en-US","potentialAction":[{"@type":"ReadAction","target":["http:\/\/angelboss.com.br\/en\/2026\/03\/13\/wdf-2026-anuncia-programacao-completa-com-nomes-de-peso-da-cena-eletronica-mundial\/"]}]},{"@type":"ImageObject","inLanguage":"en-US","@id":"http:\/\/angelboss.com.br\/en\/2026\/03\/13\/wdf-2026-anuncia-programacao-completa-com-nomes-de-peso-da-cena-eletronica-mundial\/#primaryimage","url":"http:\/\/angelboss.com.br\/wp-content\/uploads\/2026\/03\/5hRmO5kjYhFGN6InYu02bj5ycz9mYsV2ZuFGQsV2ZuF2b0Vmb6UTO3AjMxkzNwEjOnVGcq5ydvxGZxQmM2kzM0QDZjBzN0IzM5QzMyEDO5QDMkV2M2gjY3YkMlgjY3YkMlETOyAzMGJTJ4QDMzEjNwIDMz8VL1ETLf9VLwITLfpDM.jpg","contentUrl":"http:\/\/angelboss.com.br\/wp-content\/uploads\/2026\/03\/5hRmO5kjYhFGN6InYu02bj5ycz9mYsV2ZuFGQsV2ZuF2b0Vmb6UTO3AjMxkzNwEjOnVGcq5ydvxGZxQmM2kzM0QDZjBzN0IzM5QzMyEDO5QDMkV2M2gjY3YkMlgjY3YkMlETOyAzMGJTJ4QDMzEjNwIDMz8VL1ETLf9VLwITLfpDM.jpg","width":800,"height":1050,"caption":"Imagem\/Divulga\u00e7\u00e3o"},{"@type":"BreadcrumbList","@id":"http:\/\/angelboss.com.br\/en\/2026\/03\/13\/wdf-2026-anuncia-programacao-completa-com-nomes-de-peso-da-cena-eletronica-mundial\/#breadcrumb","itemListElement":[{"@type":"ListItem","position":1,"name":"In\u00edcio","item":"http:\/\/angelboss.com.br\/"},{"@type":"ListItem","position":2,"name":"WDF 2026 anuncia programa\u00e7\u00e3o completa com nomes de peso da cena eletr\u00f4nica mundial\u00a0"}]},{"@type":"WebSite","@id":"http:\/\/angelboss.com.br\/#website","url":"http:\/\/angelboss.com.br\/","name":"Portal Masculino de Moda, Beleza, Luxo e Business - Angel Boss","description":"O Maior Portal sobre Moda, Luxo, Beleza e Business Masculino do Brasil","publisher":{"@id":"http:\/\/angelboss.com.br\/#organization"},"alternateName":"Maior Portal e Blog de Beleza Masculina e Luxo","potentialAction":[{"@type":"SearchAction","target":{"@type":"EntryPoint","urlTemplate":"http:\/\/angelboss.com.br\/?s={search_term_string}"},"query-input":{"@type":"PropertyValueSpecification","valueRequired":true,"valueName":"search_term_string"}}],"inLanguage":"en-US"},{"@type":"Organization","@id":"http:\/\/angelboss.com.br\/#organization","name":"Portal Masculino de Moda, Beleza, Luxo and Business - Angel Boss","url":"http:\/\/angelboss.com.br\/","logo":{"@type":"ImageObject","inLanguage":"en-US","@id":"http:\/\/angelboss.com.br\/#\/schema\/logo\/image\/","url":"http:\/\/angelboss.com.br\/wp-content\/uploads\/2025\/12\/WhatsApp-Image-2025-12-11-at-12.54.26.jpeg","contentUrl":"http:\/\/angelboss.com.br\/wp-content\/uploads\/2025\/12\/WhatsApp-Image-2025-12-11-at-12.54.26.jpeg","width":1280,"height":1280,"caption":"Portal Masculino de Moda, Beleza, Luxo and Business - Angel Boss"},"image":{"@id":"http:\/\/angelboss.com.br\/#\/schema\/logo\/image\/"}},{"@type":"Person","@id":"http:\/\/angelboss.com.br\/#\/schema\/person\/af084936b46cf2e03f299183e429e350","name":"Neto Angel Boss","image":{"@type":"ImageObject","inLanguage":"en-US","@id":"https:\/\/secure.gravatar.com\/avatar\/dbb38b2050e5181e32afbccf458635967af0767d15abe8168b35ebbd97907289?s=96&d=mm&r=g","url":"https:\/\/secure.gravatar.com\/avatar\/dbb38b2050e5181e32afbccf458635967af0767d15abe8168b35ebbd97907289?s=96&d=mm&r=g","contentUrl":"https:\/\/secure.gravatar.com\/avatar\/dbb38b2050e5181e32afbccf458635967af0767d15abe8168b35ebbd97907289?s=96&d=mm&r=g","caption":"Neto Angel Boss"},"sameAs":["http:\/\/www.angelboss.com"],"url":"http:\/\/angelboss.com.br\/en\/author\/netoangelboss\/"}]}},"amp_enabled":true,"_links":{"self":[{"href":"http:\/\/angelboss.com.br\/en\/wp-json\/wp\/v2\/posts\/15016","targetHints":{"allow":["GET"]}}],"collection":[{"href":"http:\/\/angelboss.com.br\/en\/wp-json\/wp\/v2\/posts"}],"about":[{"href":"http:\/\/angelboss.com.br\/en\/wp-json\/wp\/v2\/types\/post"}],"author":[{"embeddable":true,"href":"http:\/\/angelboss.com.br\/en\/wp-json\/wp\/v2\/users\/2"}],"replies":[{"embeddable":true,"href":"http:\/\/angelboss.com.br\/en\/wp-json\/wp\/v2\/comments?post=15016"}],"version-history":[{"count":1,"href":"http:\/\/angelboss.com.br\/en\/wp-json\/wp\/v2\/posts\/15016\/revisions"}],"predecessor-version":[{"id":15020,"href":"http:\/\/angelboss.com.br\/en\/wp-json\/wp\/v2\/posts\/15016\/revisions\/15020"}],"wp:featuredmedia":[{"embeddable":true,"href":"http:\/\/angelboss.com.br\/en\/wp-json\/wp\/v2\/media\/15019"}],"wp:attachment":[{"href":"http:\/\/angelboss.com.br\/en\/wp-json\/wp\/v2\/media?parent=15016"}],"wp:term":[{"taxonomy":"category","embeddable":true,"href":"http:\/\/angelboss.com.br\/en\/wp-json\/wp\/v2\/categories?post=15016"},{"taxonomy":"post_tag","embeddable":true,"href":"http:\/\/angelboss.com.br\/en\/wp-json\/wp\/v2\/tags?post=15016"}],"curies":[{"name":"wp","href":"https:\/\/api.w.org\/{rel}","templated":true}]}}