{"id":14452,"date":"2026-03-11T18:35:06","date_gmt":"2026-03-11T18:35:06","guid":{"rendered":"https:\/\/angelboss.com.br\/?p=14452"},"modified":"2026-03-11T18:35:09","modified_gmt":"2026-03-11T18:35:09","slug":"cadillac-no-brasil-gm-lancamento-suvs-eletricos-2026","status":"publish","type":"post","link":"http:\/\/angelboss.com.br\/en\/2026\/03\/11\/cadillac-no-brasil-gm-lancamento-suvs-eletricos-2026\/","title":{"rendered":"Cadillac estreia no Brasil e amplia atua\u00e7\u00e3o da General Motors no pa\u00eds"},"content":{"rendered":"<p><em>GM\u00a0entra oficialmente\u00a0no\u00a0segmento de luxo\u00a0e\u00a0consolida o\u00a0Brasil\u00a0como\u00a0eixo regional<\/em><\/p>\n\n\n\n<p>A&nbsp;General&nbsp;Motors&nbsp;anuncia a chegada&nbsp;da&nbsp;Cadillac&nbsp;ao&nbsp;Brasil&nbsp;e&nbsp;passa a atuar&nbsp;no&nbsp;segmento de luxo&nbsp;no&nbsp;pa\u00eds. A iniciativa&nbsp;amplia&nbsp;a presen\u00e7a&nbsp;da&nbsp;companhia&nbsp;no&nbsp;mercado local&nbsp;e&nbsp;inaugura um&nbsp;novo ciclo de&nbsp;expans\u00e3o&nbsp;estrutural na regi\u00e3o, com a diversifica\u00e7\u00e3o de seus neg\u00f3cios para segmentos de maior valor agregado.<\/p>\n\n\n\n<p>O&nbsp;Brasil&nbsp;ser\u00e1 o primeiro mercado&nbsp;da&nbsp;Am\u00e9rica do Sul a receber a marca. A chegada&nbsp;da&nbsp;Cadillac&nbsp;refor\u00e7a o papel&nbsp;estrat\u00e9gico do pa\u00eds na vis\u00e3o regional&nbsp;da&nbsp;companhia&nbsp;e&nbsp;amplia&nbsp;sua atua\u00e7\u00e3o&nbsp;em categorias de maior prest\u00edgio&nbsp;e&nbsp;relev\u00e2ncia internacional.<\/p>\n\n\n\n<figure class=\"wp-block-image\"><img decoding=\"async\" src=\"https:\/\/s2601.imxsnd08.com\/2==QYkpDZjZWMhJmOyJmLt92YuM3cvJGbldmbhBEbldmbh9Gdl5mO2kTOyETN2IDM0ozZlBnauc3bsRDZygDN3MTMxMWN5cTYiNWZzcjZ5MjMmBjMmhzYiBTOGJTJiBTOGJTJxMDO0EjRyUCOwIDNx8VL1ETLf9VLwITLfpDO\" alt=\"\"\/><\/figure>\n\n\n\n<p>O an\u00fancio ocorre \u00e0s v\u00e9speras&nbsp;da&nbsp;estreia&nbsp;da&nbsp;Cadillac&nbsp;na F\u00f3rmula 1, principal categoria do automobilismo mundial,&nbsp;em movimento alinhado \u00e0&nbsp;estrat\u00e9gia global&nbsp;da&nbsp;marca, que re\u00fane&nbsp;expans\u00e3o internacional&nbsp;estruturada&nbsp;em mercados priorit\u00e1rios,&nbsp;eletrifica\u00e7\u00e3o&nbsp;e&nbsp;fortalecimento de seu posicionamento&nbsp;em tecnologia, design&nbsp;e&nbsp;performance.<\/p>\n\n\n\n<p>A decis\u00e3o sucede um ciclo consistente de fortalecimento operacional&nbsp;da&nbsp;GM na regi\u00e3o, marcado pela consolida\u00e7\u00e3o&nbsp;da&nbsp;base industrial, ganhos de&nbsp;efici\u00eancia&nbsp;e&nbsp;aumento de competitividade.&nbsp;Esse avan\u00e7o sustenta a&nbsp;amplia\u00e7\u00e3o&nbsp;da&nbsp;atua\u00e7\u00e3o&nbsp;da&nbsp;companhia&nbsp;no&nbsp;Brasil&nbsp;e&nbsp;a sua agenda de crescimento sustent\u00e1vel.<\/p>\n\n\n\n<p>\u201cA introdu\u00e7\u00e3o&nbsp;da&nbsp;Cadillac&nbsp;no&nbsp;Brasil&nbsp;\u00e9 uma decis\u00e3o&nbsp;estrat\u00e9gica constru\u00edda&nbsp;com base na relev\u00e2ncia do mercado nacional&nbsp;e&nbsp;em sua import\u00e2ncia dentro&nbsp;da&nbsp;nossa vis\u00e3o regional de longo prazo. O pa\u00eds re\u00fane maturidade&nbsp;no&nbsp;segmento&nbsp;e&nbsp;ambiente adequado para a&nbsp;expans\u00e3o de uma marca global de luxo\u201d, afirma Thomas Owsianski, presidente&nbsp;da&nbsp;GM Am\u00e9rica do Sul.<\/p>\n\n\n\n<p>O portf\u00f3lio inicial inclui tr\u00eas SUVs&nbsp;el\u00e9tricos,&nbsp;Cadillac&nbsp;OPTIQ,&nbsp;Cadillac&nbsp;LYRIQ&nbsp;e&nbsp;Cadillac&nbsp;VISTIQ, com in\u00edcio&nbsp;das vendas previsto ainda&nbsp;este ano. A opera\u00e7\u00e3o contar\u00e1 com centros de&nbsp;experi\u00eancia&nbsp;em Bras\u00edlia, Curitiba&nbsp;e&nbsp;S\u00e3o Paulo, dentro do plano gradual de implanta\u00e7\u00e3o&nbsp;da&nbsp;marca&nbsp;no&nbsp;pa\u00eds.<\/p>\n\n\n\n<p>\u201cA&nbsp;Cadillac&nbsp;consolidou, ao longo de mais de um s\u00e9culo, uma trajet\u00f3ria de refer\u00eancia&nbsp;no&nbsp;luxo automotivo. Sua chegada ao&nbsp;Brasil&nbsp;refor\u00e7a&nbsp;nossa&nbsp;estrat\u00e9gia de&nbsp;ampliar o portf\u00f3lio com produtos de alta tecnologia&nbsp;e&nbsp;performance, que oferecem uma&nbsp;experi\u00eancia genuinamente&nbsp;exclusiva, alinhada \u00e0s transforma\u00e7\u00f5es do mercado\u201d, acrescenta Rodrigo Fioco, diretor-executivo&nbsp;da&nbsp;Cadillac&nbsp;na Am\u00e9rica do Sul.<\/p>\n\n\n\n<p>Com a introdu\u00e7\u00e3o&nbsp;da&nbsp;marca&nbsp;no&nbsp;Brasil, a GM&nbsp;amplia&nbsp;sua presen\u00e7a&nbsp;e&nbsp;inaugura uma&nbsp;nova&nbsp;etapa de sua trajet\u00f3ria&nbsp;no&nbsp;pa\u00eds, diversificando seu&nbsp;escopo de neg\u00f3cio.<\/p>\n\n\n\n<figure class=\"wp-block-image\"><img decoding=\"async\" src=\"https:\/\/s2601.imxsnd08.com\/3==QYkpzY2gDNiJmOyJmLt92YuM3cvJGbldmbhBEbldmbh9Gdl5mO2kTOyETN2IDM0ozZlBnauc3bsNWYkNWZhFGNyIjN5YWOyUmMzYGNiRjN5kzNmNWOlJWYGJTJlJWYGJTJxMDO0EjRyUCOwIDNx8VL1ETLf9VLwITLfpDN\" alt=\"\"\/><\/figure>","protected":false},"excerpt":{"rendered":"<p>GM\u00a0entra oficialmente\u00a0no\u00a0segmento de luxo\u00a0e\u00a0consolida o\u00a0Brasil\u00a0como\u00a0eixo regional A&nbsp;General&nbsp;Motors&nbsp;anuncia a chegada&nbsp;da&nbsp;Cadillac&nbsp;ao&nbsp;Brasil&nbsp;e&nbsp;passa a atuar&nbsp;no&nbsp;segmento de luxo&nbsp;no&nbsp;pa\u00eds. A iniciativa&nbsp;amplia&nbsp;a presen\u00e7a&nbsp;da&nbsp;companhia&nbsp;no&nbsp;mercado local&nbsp;e&nbsp;inaugura um&nbsp;novo ciclo de&nbsp;expans\u00e3o&nbsp;estrutural na regi\u00e3o, com a diversifica\u00e7\u00e3o de seus neg\u00f3cios para segmentos de maior valor agregado. O&nbsp;Brasil&nbsp;ser\u00e1 o primeiro mercado&nbsp;da&nbsp;Am\u00e9rica do Sul a receber a marca. A chegada&nbsp;da&nbsp;Cadillac&nbsp;refor\u00e7a o papel&nbsp;estrat\u00e9gico do pa\u00eds na vis\u00e3o regional&nbsp;da&nbsp;companhia&nbsp;e&nbsp;amplia&nbsp;sua atua\u00e7\u00e3o&nbsp;em categorias<\/p>","protected":false},"author":2,"featured_media":14455,"comment_status":"open","ping_status":"open","sticky":false,"template":"","format":"standard","meta":{"footnotes":""},"categories":[315],"tags":[1835,1837,1836],"class_list":{"0":"post-14452","1":"post","2":"type-post","3":"status-publish","4":"format-standard","5":"has-post-thumbnail","7":"category-noticias-corporativas-dino","8":"tag-cadillac-no-brasil","9":"tag-estreia-gm","10":"tag-suvs-eletricos"},"yoast_head":"<!-- This site is optimized with the Yoast SEO plugin v27.5 - https:\/\/yoast.com\/product\/yoast-seo-wordpress\/ -->\n<title>Cadillac no Brasil: GM Estreia Marca de Luxo e SUVs El\u00e9tricos<\/title>\n<meta name=\"description\" content=\"A chegada da Cadillac no Brasil marca a entrada oficial da GM no segmento de luxo. Conhe\u00e7a os SUVs el\u00e9tricos OPTIQ, LYRIQ e VISTIQ que chegam ao mercado nacional.\" \/>\n<meta name=\"robots\" content=\"index, follow, max-snippet:-1, max-image-preview:large, max-video-preview:-1\" \/>\n<link rel=\"canonical\" href=\"http:\/\/angelboss.com.br\/en\/2026\/03\/11\/cadillac-no-brasil-gm-lancamento-suvs-eletricos-2026\/\" \/>\n<meta property=\"og:locale\" content=\"en_US\" \/>\n<meta property=\"og:type\" content=\"article\" \/>\n<meta property=\"og:title\" content=\"Cadillac no Brasil: GM Estreia Marca de Luxo e SUVs El\u00e9tricos\" \/>\n<meta property=\"og:description\" content=\"A chegada da Cadillac no Brasil marca a entrada oficial da GM no segmento de luxo. Conhe\u00e7a os SUVs el\u00e9tricos OPTIQ, LYRIQ e VISTIQ que chegam ao mercado nacional.\" \/>\n<meta property=\"og:url\" content=\"http:\/\/angelboss.com.br\/en\/2026\/03\/11\/cadillac-no-brasil-gm-lancamento-suvs-eletricos-2026\/\" \/>\n<meta property=\"og:site_name\" content=\"Portal Masculino de Moda, Beleza, Luxo and Business - Angel Boss\" \/>\n<meta property=\"article:published_time\" content=\"2026-03-11T18:35:06+00:00\" \/>\n<meta property=\"article:modified_time\" content=\"2026-03-11T18:35:09+00:00\" \/>\n<meta property=\"og:image\" content=\"http:\/\/angelboss.com.br\/wp-content\/uploads\/2026\/03\/8QYkpTZ2EmYwUmOyJmLt92YuM3cvJGbldmbhBEbldmbh9Gdl5mO2kTOyETN2IDM0ozZlBnauc3bsJ2MihjZ5AzN1QmMkdjZzYTZ3kDMjhDN3I2YhVjY2ADMGJTJ2ADMGJTJxMDO0EjRyUCOwIDNx8VL1ETLf9VLwITLfpDN.jpg\" \/>\n\t<meta property=\"og:image:width\" content=\"800\" \/>\n\t<meta property=\"og:image:height\" content=\"533\" \/>\n\t<meta property=\"og:image:type\" content=\"image\/jpeg\" \/>\n<meta name=\"author\" content=\"Neto Angel Boss\" \/>\n<meta name=\"twitter:card\" content=\"summary_large_image\" \/>\n<meta name=\"twitter:label1\" content=\"Written by\" \/>\n\t<meta name=\"twitter:data1\" content=\"Neto Angel Boss\" \/>\n\t<meta name=\"twitter:label2\" content=\"Est. reading time\" \/>\n\t<meta name=\"twitter:data2\" content=\"3 minutes\" \/>\n<script type=\"application\/ld+json\" class=\"yoast-schema-graph\">{\"@context\":\"https:\\\/\\\/schema.org\",\"@graph\":[{\"@type\":\"Article\",\"@id\":\"http:\\\/\\\/angelboss.com.br\\\/en\\\/2026\\\/03\\\/11\\\/cadillac-no-brasil-gm-lancamento-suvs-eletricos-2026\\\/#article\",\"isPartOf\":{\"@id\":\"http:\\\/\\\/angelboss.com.br\\\/en\\\/2026\\\/03\\\/11\\\/cadillac-no-brasil-gm-lancamento-suvs-eletricos-2026\\\/\"},\"author\":{\"name\":\"Neto Angel Boss\",\"@id\":\"http:\\\/\\\/angelboss.com.br\\\/#\\\/schema\\\/person\\\/af084936b46cf2e03f299183e429e350\"},\"headline\":\"Cadillac estreia no Brasil e amplia atua\u00e7\u00e3o da General Motors no pa\u00eds\",\"datePublished\":\"2026-03-11T18:35:06+00:00\",\"dateModified\":\"2026-03-11T18:35:09+00:00\",\"mainEntityOfPage\":{\"@id\":\"http:\\\/\\\/angelboss.com.br\\\/en\\\/2026\\\/03\\\/11\\\/cadillac-no-brasil-gm-lancamento-suvs-eletricos-2026\\\/\"},\"wordCount\":596,\"commentCount\":0,\"publisher\":{\"@id\":\"http:\\\/\\\/angelboss.com.br\\\/#organization\"},\"image\":{\"@id\":\"http:\\\/\\\/angelboss.com.br\\\/en\\\/2026\\\/03\\\/11\\\/cadillac-no-brasil-gm-lancamento-suvs-eletricos-2026\\\/#primaryimage\"},\"thumbnailUrl\":\"http:\\\/\\\/angelboss.com.br\\\/wp-content\\\/uploads\\\/2026\\\/03\\\/8QYkpTZ2EmYwUmOyJmLt92YuM3cvJGbldmbhBEbldmbh9Gdl5mO2kTOyETN2IDM0ozZlBnauc3bsJ2MihjZ5AzN1QmMkdjZzYTZ3kDMjhDN3I2YhVjY2ADMGJTJ2ADMGJTJxMDO0EjRyUCOwIDNx8VL1ETLf9VLwITLfpDN.jpg\",\"keywords\":[\"Cadillac no Brasil\",\"Estreia GM\",\"SUVs El\u00e9tricos\"],\"articleSection\":[\"Not\u00edcias Corporativas\"],\"inLanguage\":\"en-US\",\"potentialAction\":[{\"@type\":\"CommentAction\",\"name\":\"Comment\",\"target\":[\"http:\\\/\\\/angelboss.com.br\\\/en\\\/2026\\\/03\\\/11\\\/cadillac-no-brasil-gm-lancamento-suvs-eletricos-2026\\\/#respond\"]}]},{\"@type\":\"WebPage\",\"@id\":\"http:\\\/\\\/angelboss.com.br\\\/en\\\/2026\\\/03\\\/11\\\/cadillac-no-brasil-gm-lancamento-suvs-eletricos-2026\\\/\",\"url\":\"http:\\\/\\\/angelboss.com.br\\\/en\\\/2026\\\/03\\\/11\\\/cadillac-no-brasil-gm-lancamento-suvs-eletricos-2026\\\/\",\"name\":\"Cadillac no Brasil: GM Estreia Marca de Luxo e SUVs El\u00e9tricos\",\"isPartOf\":{\"@id\":\"http:\\\/\\\/angelboss.com.br\\\/#website\"},\"primaryImageOfPage\":{\"@id\":\"http:\\\/\\\/angelboss.com.br\\\/en\\\/2026\\\/03\\\/11\\\/cadillac-no-brasil-gm-lancamento-suvs-eletricos-2026\\\/#primaryimage\"},\"image\":{\"@id\":\"http:\\\/\\\/angelboss.com.br\\\/en\\\/2026\\\/03\\\/11\\\/cadillac-no-brasil-gm-lancamento-suvs-eletricos-2026\\\/#primaryimage\"},\"thumbnailUrl\":\"http:\\\/\\\/angelboss.com.br\\\/wp-content\\\/uploads\\\/2026\\\/03\\\/8QYkpTZ2EmYwUmOyJmLt92YuM3cvJGbldmbhBEbldmbh9Gdl5mO2kTOyETN2IDM0ozZlBnauc3bsJ2MihjZ5AzN1QmMkdjZzYTZ3kDMjhDN3I2YhVjY2ADMGJTJ2ADMGJTJxMDO0EjRyUCOwIDNx8VL1ETLf9VLwITLfpDN.jpg\",\"datePublished\":\"2026-03-11T18:35:06+00:00\",\"dateModified\":\"2026-03-11T18:35:09+00:00\",\"description\":\"A chegada da Cadillac no Brasil marca a entrada oficial da GM no segmento de luxo. Conhe\u00e7a os SUVs el\u00e9tricos OPTIQ, LYRIQ e VISTIQ que chegam ao mercado nacional.\",\"breadcrumb\":{\"@id\":\"http:\\\/\\\/angelboss.com.br\\\/en\\\/2026\\\/03\\\/11\\\/cadillac-no-brasil-gm-lancamento-suvs-eletricos-2026\\\/#breadcrumb\"},\"inLanguage\":\"en-US\",\"potentialAction\":[{\"@type\":\"ReadAction\",\"target\":[\"http:\\\/\\\/angelboss.com.br\\\/en\\\/2026\\\/03\\\/11\\\/cadillac-no-brasil-gm-lancamento-suvs-eletricos-2026\\\/\"]}]},{\"@type\":\"ImageObject\",\"inLanguage\":\"en-US\",\"@id\":\"http:\\\/\\\/angelboss.com.br\\\/en\\\/2026\\\/03\\\/11\\\/cadillac-no-brasil-gm-lancamento-suvs-eletricos-2026\\\/#primaryimage\",\"url\":\"http:\\\/\\\/angelboss.com.br\\\/wp-content\\\/uploads\\\/2026\\\/03\\\/8QYkpTZ2EmYwUmOyJmLt92YuM3cvJGbldmbhBEbldmbh9Gdl5mO2kTOyETN2IDM0ozZlBnauc3bsJ2MihjZ5AzN1QmMkdjZzYTZ3kDMjhDN3I2YhVjY2ADMGJTJ2ADMGJTJxMDO0EjRyUCOwIDNx8VL1ETLf9VLwITLfpDN.jpg\",\"contentUrl\":\"http:\\\/\\\/angelboss.com.br\\\/wp-content\\\/uploads\\\/2026\\\/03\\\/8QYkpTZ2EmYwUmOyJmLt92YuM3cvJGbldmbhBEbldmbh9Gdl5mO2kTOyETN2IDM0ozZlBnauc3bsJ2MihjZ5AzN1QmMkdjZzYTZ3kDMjhDN3I2YhVjY2ADMGJTJ2ADMGJTJxMDO0EjRyUCOwIDNx8VL1ETLf9VLwITLfpDN.jpg\",\"width\":800,\"height\":533,\"caption\":\"Imagem\\\/Divulga\u00e7\u00e3o\"},{\"@type\":\"BreadcrumbList\",\"@id\":\"http:\\\/\\\/angelboss.com.br\\\/en\\\/2026\\\/03\\\/11\\\/cadillac-no-brasil-gm-lancamento-suvs-eletricos-2026\\\/#breadcrumb\",\"itemListElement\":[{\"@type\":\"ListItem\",\"position\":1,\"name\":\"In\u00edcio\",\"item\":\"http:\\\/\\\/angelboss.com.br\\\/\"},{\"@type\":\"ListItem\",\"position\":2,\"name\":\"Cadillac estreia no Brasil e amplia atua\u00e7\u00e3o da General Motors no pa\u00eds\"}]},{\"@type\":\"WebSite\",\"@id\":\"http:\\\/\\\/angelboss.com.br\\\/#website\",\"url\":\"http:\\\/\\\/angelboss.com.br\\\/\",\"name\":\"Portal Masculino de Moda, Beleza, Luxo e Business - Angel Boss\",\"description\":\"O Maior Portal sobre Moda, Luxo, Beleza e Business Masculino do Brasil\",\"publisher\":{\"@id\":\"http:\\\/\\\/angelboss.com.br\\\/#organization\"},\"alternateName\":\"Maior Portal e Blog de Beleza Masculina e Luxo\",\"potentialAction\":[{\"@type\":\"SearchAction\",\"target\":{\"@type\":\"EntryPoint\",\"urlTemplate\":\"http:\\\/\\\/angelboss.com.br\\\/?s={search_term_string}\"},\"query-input\":{\"@type\":\"PropertyValueSpecification\",\"valueRequired\":true,\"valueName\":\"search_term_string\"}}],\"inLanguage\":\"en-US\"},{\"@type\":\"Organization\",\"@id\":\"http:\\\/\\\/angelboss.com.br\\\/#organization\",\"name\":\"Portal Masculino de Moda, Beleza, Luxo and Business - Angel Boss\",\"url\":\"http:\\\/\\\/angelboss.com.br\\\/\",\"logo\":{\"@type\":\"ImageObject\",\"inLanguage\":\"en-US\",\"@id\":\"http:\\\/\\\/angelboss.com.br\\\/#\\\/schema\\\/logo\\\/image\\\/\",\"url\":\"http:\\\/\\\/angelboss.com.br\\\/wp-content\\\/uploads\\\/2025\\\/12\\\/WhatsApp-Image-2025-12-11-at-12.54.26.jpeg\",\"contentUrl\":\"http:\\\/\\\/angelboss.com.br\\\/wp-content\\\/uploads\\\/2025\\\/12\\\/WhatsApp-Image-2025-12-11-at-12.54.26.jpeg\",\"width\":1280,\"height\":1280,\"caption\":\"Portal Masculino de Moda, Beleza, Luxo and Business - Angel Boss\"},\"image\":{\"@id\":\"http:\\\/\\\/angelboss.com.br\\\/#\\\/schema\\\/logo\\\/image\\\/\"}},{\"@type\":\"Person\",\"@id\":\"http:\\\/\\\/angelboss.com.br\\\/#\\\/schema\\\/person\\\/af084936b46cf2e03f299183e429e350\",\"name\":\"Neto Angel Boss\",\"image\":{\"@type\":\"ImageObject\",\"inLanguage\":\"en-US\",\"@id\":\"https:\\\/\\\/secure.gravatar.com\\\/avatar\\\/dbb38b2050e5181e32afbccf458635967af0767d15abe8168b35ebbd97907289?s=96&d=mm&r=g\",\"url\":\"https:\\\/\\\/secure.gravatar.com\\\/avatar\\\/dbb38b2050e5181e32afbccf458635967af0767d15abe8168b35ebbd97907289?s=96&d=mm&r=g\",\"contentUrl\":\"https:\\\/\\\/secure.gravatar.com\\\/avatar\\\/dbb38b2050e5181e32afbccf458635967af0767d15abe8168b35ebbd97907289?s=96&d=mm&r=g\",\"caption\":\"Neto Angel Boss\"},\"sameAs\":[\"http:\\\/\\\/www.angelboss.com\"],\"url\":\"http:\\\/\\\/angelboss.com.br\\\/en\\\/author\\\/netoangelboss\\\/\"}]}<\/script>\n<!-- \/ Yoast SEO plugin. -->","yoast_head_json":{"title":"Cadillac no Brasil: GM Estreia Marca de Luxo e SUVs El\u00e9tricos","description":"A chegada da Cadillac no Brasil marca a entrada oficial da GM no segmento de luxo. Conhe\u00e7a os SUVs el\u00e9tricos OPTIQ, LYRIQ e VISTIQ que chegam ao mercado nacional.","robots":{"index":"index","follow":"follow","max-snippet":"max-snippet:-1","max-image-preview":"max-image-preview:large","max-video-preview":"max-video-preview:-1"},"canonical":"http:\/\/angelboss.com.br\/en\/2026\/03\/11\/cadillac-no-brasil-gm-lancamento-suvs-eletricos-2026\/","og_locale":"en_US","og_type":"article","og_title":"Cadillac no Brasil: GM Estreia Marca de Luxo e SUVs El\u00e9tricos","og_description":"A chegada da Cadillac no Brasil marca a entrada oficial da GM no segmento de luxo. Conhe\u00e7a os SUVs el\u00e9tricos OPTIQ, LYRIQ e VISTIQ que chegam ao mercado nacional.","og_url":"http:\/\/angelboss.com.br\/en\/2026\/03\/11\/cadillac-no-brasil-gm-lancamento-suvs-eletricos-2026\/","og_site_name":"Portal Masculino de Moda, Beleza, Luxo and Business - Angel Boss","article_published_time":"2026-03-11T18:35:06+00:00","article_modified_time":"2026-03-11T18:35:09+00:00","og_image":[{"width":800,"height":533,"url":"http:\/\/angelboss.com.br\/wp-content\/uploads\/2026\/03\/8QYkpTZ2EmYwUmOyJmLt92YuM3cvJGbldmbhBEbldmbh9Gdl5mO2kTOyETN2IDM0ozZlBnauc3bsJ2MihjZ5AzN1QmMkdjZzYTZ3kDMjhDN3I2YhVjY2ADMGJTJ2ADMGJTJxMDO0EjRyUCOwIDNx8VL1ETLf9VLwITLfpDN.jpg","type":"image\/jpeg"}],"author":"Neto Angel Boss","twitter_card":"summary_large_image","twitter_misc":{"Written by":"Neto Angel Boss","Est. reading time":"3 minutes"},"schema":{"@context":"https:\/\/schema.org","@graph":[{"@type":"Article","@id":"http:\/\/angelboss.com.br\/en\/2026\/03\/11\/cadillac-no-brasil-gm-lancamento-suvs-eletricos-2026\/#article","isPartOf":{"@id":"http:\/\/angelboss.com.br\/en\/2026\/03\/11\/cadillac-no-brasil-gm-lancamento-suvs-eletricos-2026\/"},"author":{"name":"Neto Angel Boss","@id":"http:\/\/angelboss.com.br\/#\/schema\/person\/af084936b46cf2e03f299183e429e350"},"headline":"Cadillac estreia no Brasil e amplia atua\u00e7\u00e3o da General Motors no pa\u00eds","datePublished":"2026-03-11T18:35:06+00:00","dateModified":"2026-03-11T18:35:09+00:00","mainEntityOfPage":{"@id":"http:\/\/angelboss.com.br\/en\/2026\/03\/11\/cadillac-no-brasil-gm-lancamento-suvs-eletricos-2026\/"},"wordCount":596,"commentCount":0,"publisher":{"@id":"http:\/\/angelboss.com.br\/#organization"},"image":{"@id":"http:\/\/angelboss.com.br\/en\/2026\/03\/11\/cadillac-no-brasil-gm-lancamento-suvs-eletricos-2026\/#primaryimage"},"thumbnailUrl":"http:\/\/angelboss.com.br\/wp-content\/uploads\/2026\/03\/8QYkpTZ2EmYwUmOyJmLt92YuM3cvJGbldmbhBEbldmbh9Gdl5mO2kTOyETN2IDM0ozZlBnauc3bsJ2MihjZ5AzN1QmMkdjZzYTZ3kDMjhDN3I2YhVjY2ADMGJTJ2ADMGJTJxMDO0EjRyUCOwIDNx8VL1ETLf9VLwITLfpDN.jpg","keywords":["Cadillac no Brasil","Estreia GM","SUVs El\u00e9tricos"],"articleSection":["Not\u00edcias Corporativas"],"inLanguage":"en-US","potentialAction":[{"@type":"CommentAction","name":"Comment","target":["http:\/\/angelboss.com.br\/en\/2026\/03\/11\/cadillac-no-brasil-gm-lancamento-suvs-eletricos-2026\/#respond"]}]},{"@type":"WebPage","@id":"http:\/\/angelboss.com.br\/en\/2026\/03\/11\/cadillac-no-brasil-gm-lancamento-suvs-eletricos-2026\/","url":"http:\/\/angelboss.com.br\/en\/2026\/03\/11\/cadillac-no-brasil-gm-lancamento-suvs-eletricos-2026\/","name":"Cadillac no Brasil: GM Estreia Marca de Luxo e SUVs El\u00e9tricos","isPartOf":{"@id":"http:\/\/angelboss.com.br\/#website"},"primaryImageOfPage":{"@id":"http:\/\/angelboss.com.br\/en\/2026\/03\/11\/cadillac-no-brasil-gm-lancamento-suvs-eletricos-2026\/#primaryimage"},"image":{"@id":"http:\/\/angelboss.com.br\/en\/2026\/03\/11\/cadillac-no-brasil-gm-lancamento-suvs-eletricos-2026\/#primaryimage"},"thumbnailUrl":"http:\/\/angelboss.com.br\/wp-content\/uploads\/2026\/03\/8QYkpTZ2EmYwUmOyJmLt92YuM3cvJGbldmbhBEbldmbh9Gdl5mO2kTOyETN2IDM0ozZlBnauc3bsJ2MihjZ5AzN1QmMkdjZzYTZ3kDMjhDN3I2YhVjY2ADMGJTJ2ADMGJTJxMDO0EjRyUCOwIDNx8VL1ETLf9VLwITLfpDN.jpg","datePublished":"2026-03-11T18:35:06+00:00","dateModified":"2026-03-11T18:35:09+00:00","description":"A chegada da Cadillac no Brasil marca a entrada oficial da GM no segmento de luxo. Conhe\u00e7a os SUVs el\u00e9tricos OPTIQ, LYRIQ e VISTIQ que chegam ao mercado nacional.","breadcrumb":{"@id":"http:\/\/angelboss.com.br\/en\/2026\/03\/11\/cadillac-no-brasil-gm-lancamento-suvs-eletricos-2026\/#breadcrumb"},"inLanguage":"en-US","potentialAction":[{"@type":"ReadAction","target":["http:\/\/angelboss.com.br\/en\/2026\/03\/11\/cadillac-no-brasil-gm-lancamento-suvs-eletricos-2026\/"]}]},{"@type":"ImageObject","inLanguage":"en-US","@id":"http:\/\/angelboss.com.br\/en\/2026\/03\/11\/cadillac-no-brasil-gm-lancamento-suvs-eletricos-2026\/#primaryimage","url":"http:\/\/angelboss.com.br\/wp-content\/uploads\/2026\/03\/8QYkpTZ2EmYwUmOyJmLt92YuM3cvJGbldmbhBEbldmbh9Gdl5mO2kTOyETN2IDM0ozZlBnauc3bsJ2MihjZ5AzN1QmMkdjZzYTZ3kDMjhDN3I2YhVjY2ADMGJTJ2ADMGJTJxMDO0EjRyUCOwIDNx8VL1ETLf9VLwITLfpDN.jpg","contentUrl":"http:\/\/angelboss.com.br\/wp-content\/uploads\/2026\/03\/8QYkpTZ2EmYwUmOyJmLt92YuM3cvJGbldmbhBEbldmbh9Gdl5mO2kTOyETN2IDM0ozZlBnauc3bsJ2MihjZ5AzN1QmMkdjZzYTZ3kDMjhDN3I2YhVjY2ADMGJTJ2ADMGJTJxMDO0EjRyUCOwIDNx8VL1ETLf9VLwITLfpDN.jpg","width":800,"height":533,"caption":"Imagem\/Divulga\u00e7\u00e3o"},{"@type":"BreadcrumbList","@id":"http:\/\/angelboss.com.br\/en\/2026\/03\/11\/cadillac-no-brasil-gm-lancamento-suvs-eletricos-2026\/#breadcrumb","itemListElement":[{"@type":"ListItem","position":1,"name":"In\u00edcio","item":"http:\/\/angelboss.com.br\/"},{"@type":"ListItem","position":2,"name":"Cadillac estreia no Brasil e amplia atua\u00e7\u00e3o da General Motors no pa\u00eds"}]},{"@type":"WebSite","@id":"http:\/\/angelboss.com.br\/#website","url":"http:\/\/angelboss.com.br\/","name":"Portal Masculino de Moda, Beleza, Luxo e Business - Angel Boss","description":"O Maior Portal sobre Moda, Luxo, Beleza e Business Masculino do Brasil","publisher":{"@id":"http:\/\/angelboss.com.br\/#organization"},"alternateName":"Maior Portal e Blog de Beleza Masculina e Luxo","potentialAction":[{"@type":"SearchAction","target":{"@type":"EntryPoint","urlTemplate":"http:\/\/angelboss.com.br\/?s={search_term_string}"},"query-input":{"@type":"PropertyValueSpecification","valueRequired":true,"valueName":"search_term_string"}}],"inLanguage":"en-US"},{"@type":"Organization","@id":"http:\/\/angelboss.com.br\/#organization","name":"Portal Masculino de Moda, Beleza, Luxo and Business - Angel Boss","url":"http:\/\/angelboss.com.br\/","logo":{"@type":"ImageObject","inLanguage":"en-US","@id":"http:\/\/angelboss.com.br\/#\/schema\/logo\/image\/","url":"http:\/\/angelboss.com.br\/wp-content\/uploads\/2025\/12\/WhatsApp-Image-2025-12-11-at-12.54.26.jpeg","contentUrl":"http:\/\/angelboss.com.br\/wp-content\/uploads\/2025\/12\/WhatsApp-Image-2025-12-11-at-12.54.26.jpeg","width":1280,"height":1280,"caption":"Portal Masculino de Moda, Beleza, Luxo and Business - Angel Boss"},"image":{"@id":"http:\/\/angelboss.com.br\/#\/schema\/logo\/image\/"}},{"@type":"Person","@id":"http:\/\/angelboss.com.br\/#\/schema\/person\/af084936b46cf2e03f299183e429e350","name":"Neto Angel Boss","image":{"@type":"ImageObject","inLanguage":"en-US","@id":"https:\/\/secure.gravatar.com\/avatar\/dbb38b2050e5181e32afbccf458635967af0767d15abe8168b35ebbd97907289?s=96&d=mm&r=g","url":"https:\/\/secure.gravatar.com\/avatar\/dbb38b2050e5181e32afbccf458635967af0767d15abe8168b35ebbd97907289?s=96&d=mm&r=g","contentUrl":"https:\/\/secure.gravatar.com\/avatar\/dbb38b2050e5181e32afbccf458635967af0767d15abe8168b35ebbd97907289?s=96&d=mm&r=g","caption":"Neto Angel Boss"},"sameAs":["http:\/\/www.angelboss.com"],"url":"http:\/\/angelboss.com.br\/en\/author\/netoangelboss\/"}]}},"amp_enabled":true,"_links":{"self":[{"href":"http:\/\/angelboss.com.br\/en\/wp-json\/wp\/v2\/posts\/14452","targetHints":{"allow":["GET"]}}],"collection":[{"href":"http:\/\/angelboss.com.br\/en\/wp-json\/wp\/v2\/posts"}],"about":[{"href":"http:\/\/angelboss.com.br\/en\/wp-json\/wp\/v2\/types\/post"}],"author":[{"embeddable":true,"href":"http:\/\/angelboss.com.br\/en\/wp-json\/wp\/v2\/users\/2"}],"replies":[{"embeddable":true,"href":"http:\/\/angelboss.com.br\/en\/wp-json\/wp\/v2\/comments?post=14452"}],"version-history":[{"count":1,"href":"http:\/\/angelboss.com.br\/en\/wp-json\/wp\/v2\/posts\/14452\/revisions"}],"predecessor-version":[{"id":14456,"href":"http:\/\/angelboss.com.br\/en\/wp-json\/wp\/v2\/posts\/14452\/revisions\/14456"}],"wp:featuredmedia":[{"embeddable":true,"href":"http:\/\/angelboss.com.br\/en\/wp-json\/wp\/v2\/media\/14455"}],"wp:attachment":[{"href":"http:\/\/angelboss.com.br\/en\/wp-json\/wp\/v2\/media?parent=14452"}],"wp:term":[{"taxonomy":"category","embeddable":true,"href":"http:\/\/angelboss.com.br\/en\/wp-json\/wp\/v2\/categories?post=14452"},{"taxonomy":"post_tag","embeddable":true,"href":"http:\/\/angelboss.com.br\/en\/wp-json\/wp\/v2\/tags?post=14452"}],"curies":[{"name":"wp","href":"https:\/\/api.w.org\/{rel}","templated":true}]}}