{"id":14367,"date":"2026-03-10T20:50:34","date_gmt":"2026-03-10T20:50:34","guid":{"rendered":"https:\/\/angelboss.com.br\/?p=14367"},"modified":"2026-03-10T20:50:37","modified_gmt":"2026-03-10T20:50:37","slug":"rascunho-automatico","status":"publish","type":"post","link":"http:\/\/angelboss.com.br\/en\/2026\/03\/10\/rascunho-automatico\/","title":{"rendered":"&#8220;Entre Irm\u00e3os&#8221; estreia no Teatro Viradalata e marca 30 anos de traj\u00e9toria de Fernando Pav\u00e3o, \u00d3tavio Martins e Marcos Damigo"},"content":{"rendered":"<p><em>Sob a dire\u00e7\u00e3o\u00a0de\u00a0Marcos\u00a0Damigo,a pe\u00e7a\u00a0estreia\u00a0apresenta uma mistura dramae com\u00e9dia, abordando o reencontro\u00a0de\u00a0dois irm\u00e3os ap\u00f3s 25\u00a0anos\u00a0de\u00a0rompimento,\u00a0no\u00a0vel\u00f3rio\u00a0de\u00a0seu pai<\/em><\/p>\n\n\n\n<p>O que acontece quando o sil\u00eancio&nbsp;de&nbsp;25&nbsp;anos&nbsp;\u00e9 interrompido pelo inevit\u00e1vel reencontro&nbsp;em um vel\u00f3rio?Este \u00e9 o ponto&nbsp;de&nbsp;partida&nbsp;de&nbsp;<em><strong>ENTRE IRM\u00c3OS<\/strong><\/em>,&nbsp;espet\u00e1culo que&nbsp;marca&nbsp;n\u00e3o apenas o reencontro&nbsp;de&nbsp;dois personagens&nbsp;marcados pelo tempo, mas a celebra\u00e7\u00e3o das tr\u00eas d\u00e9cadas&nbsp;de&nbsp;trajet\u00f3ria art\u00edstica&nbsp;de&nbsp;seus protagonistas,&nbsp;Fernando&nbsp;Pav\u00e3o&nbsp;e&nbsp;Ot\u00e1vio&nbsp;Martins,&nbsp;e&nbsp;do diretor&nbsp;Marcos&nbsp;Damigo.<br><br>Com texto assinado por Ot\u00e1vio&nbsp;Martins, a pe\u00e7a \u00e9 uma com\u00e9dia dram\u00e1tica que investiga as complexas camadas das rela\u00e7\u00f5es fraternas.&nbsp;No&nbsp;palco, o confronto&nbsp;entre o irm\u00e3o mais velho, que sacrificou ambi\u00e7\u00f5es para cuidar da fam\u00edlia,&nbsp;e&nbsp;o mais&nbsp;novo, um fotojornalista premiado que&nbsp;desbravou o mundo, revela uma montanha-russa&nbsp;de&nbsp;m\u00e1goas, acusa\u00e7\u00f5es&nbsp;e&nbsp;uma revela\u00e7\u00e3o do passado que altera todas as perspectivas.<br><br><strong>UMA CELEBRA\u00c7\u00c3O&nbsp;NO&nbsp;PALCO<\/strong><\/p>\n\n\n\n<p>A produ\u00e7\u00e3o \u00e9 um projeto&nbsp;de&nbsp;afetos. Amigos&nbsp;de&nbsp;longa data, Pav\u00e3o,&nbsp;Martins&nbsp;e&nbsp;Damigo&nbsp;trazem para a cena a maturidade&nbsp;de&nbsp;quem j\u00e1 dividiu sucessos como \u201cVamos?\u201d, \u201cTr\u00eas Dias&nbsp;de&nbsp;Chuva\u201de&nbsp;\u201cTroilo&nbsp;e&nbsp;Cressida\u201d.<\/p>\n\n\n\n<p>Para o diretor&nbsp;Marcos&nbsp;Damigo, a for\u00e7a&nbsp;est\u00e1&nbsp;no&nbsp;que n\u00e3o \u00e9 dito: &#8220;Os di\u00e1logos s\u00e3o um jogo&nbsp;de&nbsp;t\u00eanis que o&nbsp;espectador acompanhacomo voyeur&#8221;. A&nbsp;encena\u00e7\u00e3o opta pelo minimalismo, sem objetos c\u00eanicos,&nbsp;deixando que a pot\u00eancia das palavrase a interpreta\u00e7\u00e3o dos atores construam todo o ambiente.<\/p>\n\n\n\n<h2 class=\"wp-block-heading\"><strong>O&nbsp;ELENCO&nbsp;E&nbsp;DIRE\u00c7\u00c3O<\/strong><br><br><strong>Fernando&nbsp;Pav\u00e3o<\/strong><\/h2>\n\n\n\n<p>Premiado com o Pr\u00eamio Bibi Ferreira\u00a0de\u00a0Melhor Ator por \u201cMary Stuart\u201d, Pav\u00e3o \u00e9 um rosto familiar do grande p\u00fablico. Com passagens\u00a0marcantes pela TV Globo (Fam\u00edlia \u00e9 Tudo, Malha\u00e7\u00e3o)\u00a0e\u00a0Record (G\u00eanesis, Poder Paralelo), consolidou uma carreira s\u00f3lida\u00a0no\u00a0teatro\u00a0em pe\u00e7as como\u00a0<em>O Inimigo do Povo<\/em>,\u00a0de\u00a0Henrik Ibsen,<em>Tr\u00eas Dias\u00a0de\u00a0Chuva\u00a0<\/em>e\u00a0<em>Troilo\u00a0e\u00a0Cressida<\/em>, ambos com dire\u00e7\u00e3o\u00a0de\u00a0J\u00f4 Soares,<em>Terremotos<\/em>, com dire\u00e7\u00e3o\u00a0de\u00a0Marco Pamio,\u00a0<em>Caros Ouvintes<\/em>, com texto\u00a0e\u00a0dire\u00e7\u00e3o\u00a0de\u00a0Ot\u00e1vio\u00a0Martins,\u00a0e\u00a0<em>Mary Stuart<\/em>, com dire\u00e7\u00e3o\u00a0de\u00a0Nelson Baskerville.<\/p>\n\n\n\n<h2 class=\"wp-block-heading\"><strong>Fernando&nbsp;Pav\u00e3o<\/strong><\/h2>\n\n\n\n<p>Premiado com o Pr\u00eamio Bibi Ferreira&nbsp;de&nbsp;Melhor Ator por \u201cMary Stuart\u201d, Pav\u00e3o \u00e9 um rosto familiar do grande p\u00fablico. Com passagens&nbsp;marcantes pela TV Globo (Fam\u00edlia \u00e9 Tudo, Malha\u00e7\u00e3o)&nbsp;e&nbsp;Record (G\u00eanesis, Poder Paralelo), consolidou uma carreira s\u00f3lida&nbsp;no&nbsp;teatro&nbsp;em pe\u00e7as como&nbsp;<em>O Inimigo do Povo<\/em>,&nbsp;de&nbsp;Henrik Ibsen,<em>Tr\u00eas Dias&nbsp;de&nbsp;Chuva&nbsp;<\/em>e&nbsp;<em>Troilo&nbsp;e&nbsp;Cressida<\/em>, ambos com dire\u00e7\u00e3o&nbsp;de&nbsp;J\u00f4 Soares,<em>Terremotos<\/em>, com dire\u00e7\u00e3o&nbsp;de&nbsp;Marco Pamio,&nbsp;<em>Caros Ouvintes<\/em>, com texto&nbsp;e&nbsp;dire\u00e7\u00e3o&nbsp;de&nbsp;Ot\u00e1vio&nbsp;Martins,&nbsp;e&nbsp;<em>Mary Stuart<\/em>, com dire\u00e7\u00e3o&nbsp;de&nbsp;Nelson Baskerville.<\/p>\n\n\n\n<h2 class=\"wp-block-heading\"><strong>Ot\u00e1vio\u00a0Martins<\/strong><\/h2>\n\n\n\n<p>Ator, diretor\u00a0e\u00a0dramaturgo com 48\u00a0espet\u00e1culos\u00a0no\u00a0curr\u00edculo. Na TV,\u00a0destacou-se como o vil\u00e3o Roger nas\u00a0novelas \u201cAs Aventuras\u00a0de\u00a0Poliana\u201d\u00a0e\u00a0\u201cPoliana Mo\u00e7a\u201d (SBT).\u00a0No\u00a0teatro, venceu o Pr\u00eamio Qualidade Brasil\u00a0de\u00a0Melhor Dire\u00e7\u00e3o por \u201cCaros Ouvintes\u201d\u00a0e\u00a0o Pr\u00eamio Contigo!\u00a0de\u00a0Melhor Ator por \u201cSideman\u201d.. Foi colaborador\u00a0de\u00a0Walcyr Carrascona\u00a0novela\u00a0Eta Mundo Bom. Atuou\u00a0no\u00a0filme Os Homens S\u00e3o\u00a0de\u00a0Marte, na s\u00e9rie Toda Forma\u00a0de\u00a0Amor\u00a0e\u00a0no\u00a0longa Nada A Perder. Foi o grande vil\u00e3o Roger das\u00a0novelas As Aventuras\u00a0de\u00a0Poliana\u00a0e\u00a0Poliana Mo\u00e7a,\u00a0no\u00a0SBT.<\/p>\n\n\n\n<h2 class=\"wp-block-heading\"><strong>Marcos\u00a0Damigo<\/strong><\/h2>\n\n\n\n<p>Com\u00a030\u00a0anos\u00a0de\u00a0uma trajet\u00f3ria s\u00f3lida\u00a0entre o palco\u00a0e\u00a0a tela,\u00a0Marcos\u00a0Damigo\u00a0traz para a dire\u00e7\u00e3o\u00a0de\u00a0Entre Irm\u00e3os\u00a0o rigor t\u00e9cnico\u00a0de\u00a0sua forma\u00e7\u00e3o na\u00a0EAD\/ECA-USP. Reconhecido por pap\u00e9is\u00a0marcantes na TV (Insensato Cora\u00e7\u00e3o)\u00a0e\u00a0no\u00a0teatro\u00a0(Mistero Buffo),\u00a0Damigo\u00a0utiliza sua sensibilidade pessoal como irm\u00e3o g\u00eameo para dissecar o &#8220;n\u00e3o-dito&#8221; nas rela\u00e7\u00f5es fraternas. Sua dire\u00e7\u00e3o aposta\u00a0no\u00a0minimalismo\u00a0e\u00a0na pot\u00eancia do &#8220;teatro\u00a0da palavra&#8221;, transformando o di\u00e1logo\u00a0em uma \u00e1gil partida\u00a0de\u00a0t\u00eanis\u00a0emocional.<\/p>\n\n\n\n<h2 class=\"wp-block-heading\"><strong>SINOPSE<\/strong><\/h2>\n\n\n\n<p>Dois irm\u00e3os se reencontram&nbsp;no&nbsp;vel\u00f3rio do pai ap\u00f3s 25&nbsp;anos&nbsp;de&nbsp;afastamento.&nbsp;Enquanto o mais velho acusa o mais&nbsp;novo&nbsp;de&nbsp;fugir das responsabilidades, o mais&nbsp;novo o acusa&nbsp;de&nbsp;cumplicidade com os&nbsp;erros paternos. Uma&nbsp;descoberta inesperada obriga ambos a revisitar a pr\u00f3pria hist\u00f3ria&nbsp;e&nbsp;as&nbsp;escolhas que os tornaram&nbsp;estranhos um ao outro.<\/p>\n\n\n\n<p><strong>SERVI\u00c7O<\/strong><\/p>\n\n\n\n<p><em><strong>EntreIrm\u00e3os<\/strong><\/em><\/p>\n\n\n\n<p>Elenco:&nbsp;Fernando&nbsp;Pav\u00e3o&nbsp;e&nbsp;Ot\u00e1vio&nbsp;Martins<\/p>\n\n\n\n<p>Dire\u00e7\u00e3o:&nbsp;Marcos&nbsp;Damigo<\/p>\n\n\n\n<p>Texto: Ot\u00e1vio&nbsp;Martins<\/p>\n\n\n\n<p><strong>LOCAL:&nbsp;TEATRO&nbsp;VIRADALATA<\/strong><\/p>\n\n\n\n<p>Endere\u00e7o: Rua Apinaj\u00e9s, 1387 &#8211; Sumar\u00e9, S\u00e3o Paulo &#8211; SP, 01258-001<\/p>\n\n\n\n<p>S\u00e1bados&nbsp;e&nbsp;Domingos &#8211;&nbsp;Exceto 28&nbsp;e&nbsp;29&nbsp;de&nbsp;mar\u00e7o<\/p>\n\n\n\n<p>Hor\u00e1rios: S\u00e1bado &#8211; 20h30&nbsp;e&nbsp;Domingo 19h30 Dura\u00e7\u00e3o: 75 Minutos<\/p>\n\n\n\n<p>Classifica\u00e7\u00e3o&nbsp;et\u00e1ria: 16&nbsp;anos&nbsp;G\u00eanero: Com\u00e9dia Dram\u00e1tica<\/p>\n\n\n\n<p>Ingressos: R$ 120 inteira| R$ 60 meia&nbsp;entrada|<\/p>\n\n\n\n<p>Link:&nbsp;<a href=\"https:\/\/bileto.sympla.com.br\/event\/116375\/d\/366039\/s\/2460212\">Link<\/a><\/p>\n\n\n\n<p>Informa\u00e7\u00f5es: 11 97808.9430<\/p>\n\n\n\n<p>Capacidade: 240 lugares&nbsp;<em>Ambiente acess\u00edvel para PCD Ambiente climatizado<\/em><\/p>","protected":false},"excerpt":{"rendered":"<p>Sob a dire\u00e7\u00e3o\u00a0de\u00a0Marcos\u00a0Damigo,a pe\u00e7a\u00a0estreia\u00a0apresenta uma mistura dramae com\u00e9dia, abordando o reencontro\u00a0de\u00a0dois irm\u00e3os ap\u00f3s 25\u00a0anos\u00a0de\u00a0rompimento,\u00a0no\u00a0vel\u00f3rio\u00a0de\u00a0seu pai O que acontece quando o sil\u00eancio&nbsp;de&nbsp;25&nbsp;anos&nbsp;\u00e9 interrompido pelo inevit\u00e1vel reencontro&nbsp;em um vel\u00f3rio?Este \u00e9 o ponto&nbsp;de&nbsp;partida&nbsp;de&nbsp;ENTRE IRM\u00c3OS,&nbsp;espet\u00e1culo que&nbsp;marca&nbsp;n\u00e3o apenas o reencontro&nbsp;de&nbsp;dois personagens&nbsp;marcados pelo tempo, mas a celebra\u00e7\u00e3o das tr\u00eas d\u00e9cadas&nbsp;de&nbsp;trajet\u00f3ria art\u00edstica&nbsp;de&nbsp;seus protagonistas,&nbsp;Fernando&nbsp;Pav\u00e3o&nbsp;e&nbsp;Ot\u00e1vio&nbsp;Martins,&nbsp;e&nbsp;do diretor&nbsp;Marcos&nbsp;Damigo. Com texto assinado por Ot\u00e1vio&nbsp;Martins, a pe\u00e7a \u00e9<\/p>","protected":false},"author":2,"featured_media":14372,"comment_status":"open","ping_status":"open","sticky":false,"template":"","format":"standard","meta":{"footnotes":""},"categories":[168],"tags":[1812,1810,1811],"class_list":{"0":"post-14367","1":"post","2":"type-post","3":"status-publish","4":"format-standard","5":"has-post-thumbnail","7":"category-eai-bora-nessa","8":"tag-fernando-pavao-e-otavio-martins","9":"tag-peca-entre-irmaos","10":"tag-teatro-viradalata"},"yoast_head":"<!-- This site is optimized with the Yoast SEO plugin v27.5 - https:\/\/yoast.com\/product\/yoast-seo-wordpress\/ -->\n<title>Entre Irm\u00e3os no Teatro Viradalata: 30 Anos de Trajet\u00f3ria<\/title>\n<meta name=\"description\" content=\"Assista \u00e0 pe\u00e7a Entre Irm\u00e3os no Teatro Viradalata. Estreia marcante com Fernando Pav\u00e3o e Ot\u00e1vio Martins celebra 30 anos de carreira sob dire\u00e7\u00e3o de Marcos Damigo.\" \/>\n<meta name=\"robots\" content=\"index, follow, max-snippet:-1, max-image-preview:large, max-video-preview:-1\" \/>\n<link rel=\"canonical\" href=\"http:\/\/angelboss.com.br\/en\/2026\/03\/10\/rascunho-automatico\/\" \/>\n<meta property=\"og:locale\" content=\"en_US\" \/>\n<meta property=\"og:type\" content=\"article\" \/>\n<meta property=\"og:title\" content=\"Entre Irm\u00e3os no Teatro Viradalata: 30 Anos de Trajet\u00f3ria\" \/>\n<meta property=\"og:description\" content=\"Assista \u00e0 pe\u00e7a Entre Irm\u00e3os no Teatro Viradalata. Estreia marcante com Fernando Pav\u00e3o e Ot\u00e1vio Martins celebra 30 anos de carreira sob dire\u00e7\u00e3o de Marcos Damigo.\" \/>\n<meta property=\"og:url\" content=\"http:\/\/angelboss.com.br\/en\/2026\/03\/10\/rascunho-automatico\/\" \/>\n<meta property=\"og:site_name\" content=\"Portal Masculino de Moda, Beleza, Luxo and Business - Angel Boss\" \/>\n<meta property=\"article:published_time\" content=\"2026-03-10T20:50:34+00:00\" \/>\n<meta property=\"article:modified_time\" content=\"2026-03-10T20:50:37+00:00\" \/>\n<meta property=\"og:image\" content=\"http:\/\/angelboss.com.br\/wp-content\/uploads\/2026\/03\/6hRmO3cTNkVjM6InYu02bj5ycz9mYsV2ZuFGQsV2ZuF2b0Vmb6ATNwcDN4kDN3ozZuBnLiRjMjljNmlDMxUWO2UjZ2czYxUGOmRGM2gDN5E2Y4UmRyUyY4UmRyUCMGJTJ4YDNxUDMzEDMx8VL1ETLf9VLwITLfpTO.png\" \/>\n\t<meta property=\"og:image:width\" content=\"498\" \/>\n\t<meta property=\"og:image:height\" content=\"283\" \/>\n\t<meta property=\"og:image:type\" content=\"image\/png\" \/>\n<meta name=\"author\" content=\"Neto Angel Boss\" \/>\n<meta name=\"twitter:card\" content=\"summary_large_image\" \/>\n<meta name=\"twitter:label1\" content=\"Written by\" \/>\n\t<meta name=\"twitter:data1\" content=\"Neto Angel Boss\" \/>\n\t<meta name=\"twitter:label2\" content=\"Est. reading time\" \/>\n\t<meta name=\"twitter:data2\" content=\"5 minutes\" \/>\n<script type=\"application\/ld+json\" class=\"yoast-schema-graph\">{\"@context\":\"https:\\\/\\\/schema.org\",\"@graph\":[{\"@type\":\"Article\",\"@id\":\"http:\\\/\\\/angelboss.com.br\\\/en\\\/2026\\\/03\\\/10\\\/rascunho-automatico\\\/#article\",\"isPartOf\":{\"@id\":\"http:\\\/\\\/angelboss.com.br\\\/en\\\/2026\\\/03\\\/10\\\/rascunho-automatico\\\/\"},\"author\":{\"name\":\"Neto Angel Boss\",\"@id\":\"http:\\\/\\\/angelboss.com.br\\\/#\\\/schema\\\/person\\\/af084936b46cf2e03f299183e429e350\"},\"headline\":\"&#8220;Entre Irm\u00e3os&#8221; estreia no Teatro Viradalata e marca 30 anos de traj\u00e9toria de Fernando Pav\u00e3o, \u00d3tavio Martins e Marcos Damigo\",\"datePublished\":\"2026-03-10T20:50:34+00:00\",\"dateModified\":\"2026-03-10T20:50:37+00:00\",\"mainEntityOfPage\":{\"@id\":\"http:\\\/\\\/angelboss.com.br\\\/en\\\/2026\\\/03\\\/10\\\/rascunho-automatico\\\/\"},\"wordCount\":1009,\"commentCount\":0,\"publisher\":{\"@id\":\"http:\\\/\\\/angelboss.com.br\\\/#organization\"},\"image\":{\"@id\":\"http:\\\/\\\/angelboss.com.br\\\/en\\\/2026\\\/03\\\/10\\\/rascunho-automatico\\\/#primaryimage\"},\"thumbnailUrl\":\"http:\\\/\\\/angelboss.com.br\\\/wp-content\\\/uploads\\\/2026\\\/03\\\/6hRmO3cTNkVjM6InYu02bj5ycz9mYsV2ZuFGQsV2ZuF2b0Vmb6ATNwcDN4kDN3ozZuBnLiRjMjljNmlDMxUWO2UjZ2czYxUGOmRGM2gDN5E2Y4UmRyUyY4UmRyUCMGJTJ4YDNxUDMzEDMx8VL1ETLf9VLwITLfpTO.png\",\"keywords\":[\"Fernando Pav\u00e3o e Ot\u00e1vio Martins\",\"pe\u00e7a Entre Irm\u00e3os\",\"Teatro Viradalata\"],\"articleSection\":[\"EA\u00cd, BORA NESSA?\"],\"inLanguage\":\"en-US\",\"potentialAction\":[{\"@type\":\"CommentAction\",\"name\":\"Comment\",\"target\":[\"http:\\\/\\\/angelboss.com.br\\\/en\\\/2026\\\/03\\\/10\\\/rascunho-automatico\\\/#respond\"]}]},{\"@type\":\"WebPage\",\"@id\":\"http:\\\/\\\/angelboss.com.br\\\/en\\\/2026\\\/03\\\/10\\\/rascunho-automatico\\\/\",\"url\":\"http:\\\/\\\/angelboss.com.br\\\/en\\\/2026\\\/03\\\/10\\\/rascunho-automatico\\\/\",\"name\":\"Entre Irm\u00e3os no Teatro Viradalata: 30 Anos de Trajet\u00f3ria\",\"isPartOf\":{\"@id\":\"http:\\\/\\\/angelboss.com.br\\\/#website\"},\"primaryImageOfPage\":{\"@id\":\"http:\\\/\\\/angelboss.com.br\\\/en\\\/2026\\\/03\\\/10\\\/rascunho-automatico\\\/#primaryimage\"},\"image\":{\"@id\":\"http:\\\/\\\/angelboss.com.br\\\/en\\\/2026\\\/03\\\/10\\\/rascunho-automatico\\\/#primaryimage\"},\"thumbnailUrl\":\"http:\\\/\\\/angelboss.com.br\\\/wp-content\\\/uploads\\\/2026\\\/03\\\/6hRmO3cTNkVjM6InYu02bj5ycz9mYsV2ZuFGQsV2ZuF2b0Vmb6ATNwcDN4kDN3ozZuBnLiRjMjljNmlDMxUWO2UjZ2czYxUGOmRGM2gDN5E2Y4UmRyUyY4UmRyUCMGJTJ4YDNxUDMzEDMx8VL1ETLf9VLwITLfpTO.png\",\"datePublished\":\"2026-03-10T20:50:34+00:00\",\"dateModified\":\"2026-03-10T20:50:37+00:00\",\"description\":\"Assista \u00e0 pe\u00e7a Entre Irm\u00e3os no Teatro Viradalata. Estreia marcante com Fernando Pav\u00e3o e Ot\u00e1vio Martins celebra 30 anos de carreira sob dire\u00e7\u00e3o de Marcos Damigo.\",\"breadcrumb\":{\"@id\":\"http:\\\/\\\/angelboss.com.br\\\/en\\\/2026\\\/03\\\/10\\\/rascunho-automatico\\\/#breadcrumb\"},\"inLanguage\":\"en-US\",\"potentialAction\":[{\"@type\":\"ReadAction\",\"target\":[\"http:\\\/\\\/angelboss.com.br\\\/en\\\/2026\\\/03\\\/10\\\/rascunho-automatico\\\/\"]}]},{\"@type\":\"ImageObject\",\"inLanguage\":\"en-US\",\"@id\":\"http:\\\/\\\/angelboss.com.br\\\/en\\\/2026\\\/03\\\/10\\\/rascunho-automatico\\\/#primaryimage\",\"url\":\"http:\\\/\\\/angelboss.com.br\\\/wp-content\\\/uploads\\\/2026\\\/03\\\/6hRmO3cTNkVjM6InYu02bj5ycz9mYsV2ZuFGQsV2ZuF2b0Vmb6ATNwcDN4kDN3ozZuBnLiRjMjljNmlDMxUWO2UjZ2czYxUGOmRGM2gDN5E2Y4UmRyUyY4UmRyUCMGJTJ4YDNxUDMzEDMx8VL1ETLf9VLwITLfpTO.png\",\"contentUrl\":\"http:\\\/\\\/angelboss.com.br\\\/wp-content\\\/uploads\\\/2026\\\/03\\\/6hRmO3cTNkVjM6InYu02bj5ycz9mYsV2ZuFGQsV2ZuF2b0Vmb6ATNwcDN4kDN3ozZuBnLiRjMjljNmlDMxUWO2UjZ2czYxUGOmRGM2gDN5E2Y4UmRyUyY4UmRyUCMGJTJ4YDNxUDMzEDMx8VL1ETLf9VLwITLfpTO.png\",\"width\":498,\"height\":283,\"caption\":\"Imagem\\\/Divulga\u00e7\u00e3o\"},{\"@type\":\"BreadcrumbList\",\"@id\":\"http:\\\/\\\/angelboss.com.br\\\/en\\\/2026\\\/03\\\/10\\\/rascunho-automatico\\\/#breadcrumb\",\"itemListElement\":[{\"@type\":\"ListItem\",\"position\":1,\"name\":\"In\u00edcio\",\"item\":\"http:\\\/\\\/angelboss.com.br\\\/\"},{\"@type\":\"ListItem\",\"position\":2,\"name\":\"&#8220;Entre Irm\u00e3os&#8221; estreia no Teatro Viradalata e marca 30 anos de traj\u00e9toria de Fernando Pav\u00e3o, \u00d3tavio Martins e Marcos Damigo\"}]},{\"@type\":\"WebSite\",\"@id\":\"http:\\\/\\\/angelboss.com.br\\\/#website\",\"url\":\"http:\\\/\\\/angelboss.com.br\\\/\",\"name\":\"Portal Masculino de Moda, Beleza, Luxo e Business - Angel Boss\",\"description\":\"O Maior Portal sobre Moda, Luxo, Beleza e Business Masculino do Brasil\",\"publisher\":{\"@id\":\"http:\\\/\\\/angelboss.com.br\\\/#organization\"},\"alternateName\":\"Maior Portal e Blog de Beleza Masculina e Luxo\",\"potentialAction\":[{\"@type\":\"SearchAction\",\"target\":{\"@type\":\"EntryPoint\",\"urlTemplate\":\"http:\\\/\\\/angelboss.com.br\\\/?s={search_term_string}\"},\"query-input\":{\"@type\":\"PropertyValueSpecification\",\"valueRequired\":true,\"valueName\":\"search_term_string\"}}],\"inLanguage\":\"en-US\"},{\"@type\":\"Organization\",\"@id\":\"http:\\\/\\\/angelboss.com.br\\\/#organization\",\"name\":\"Portal Masculino de Moda, Beleza, Luxo and Business - Angel Boss\",\"url\":\"http:\\\/\\\/angelboss.com.br\\\/\",\"logo\":{\"@type\":\"ImageObject\",\"inLanguage\":\"en-US\",\"@id\":\"http:\\\/\\\/angelboss.com.br\\\/#\\\/schema\\\/logo\\\/image\\\/\",\"url\":\"http:\\\/\\\/angelboss.com.br\\\/wp-content\\\/uploads\\\/2025\\\/12\\\/WhatsApp-Image-2025-12-11-at-12.54.26.jpeg\",\"contentUrl\":\"http:\\\/\\\/angelboss.com.br\\\/wp-content\\\/uploads\\\/2025\\\/12\\\/WhatsApp-Image-2025-12-11-at-12.54.26.jpeg\",\"width\":1280,\"height\":1280,\"caption\":\"Portal Masculino de Moda, Beleza, Luxo and Business - Angel Boss\"},\"image\":{\"@id\":\"http:\\\/\\\/angelboss.com.br\\\/#\\\/schema\\\/logo\\\/image\\\/\"}},{\"@type\":\"Person\",\"@id\":\"http:\\\/\\\/angelboss.com.br\\\/#\\\/schema\\\/person\\\/af084936b46cf2e03f299183e429e350\",\"name\":\"Neto Angel Boss\",\"image\":{\"@type\":\"ImageObject\",\"inLanguage\":\"en-US\",\"@id\":\"https:\\\/\\\/secure.gravatar.com\\\/avatar\\\/dbb38b2050e5181e32afbccf458635967af0767d15abe8168b35ebbd97907289?s=96&d=mm&r=g\",\"url\":\"https:\\\/\\\/secure.gravatar.com\\\/avatar\\\/dbb38b2050e5181e32afbccf458635967af0767d15abe8168b35ebbd97907289?s=96&d=mm&r=g\",\"contentUrl\":\"https:\\\/\\\/secure.gravatar.com\\\/avatar\\\/dbb38b2050e5181e32afbccf458635967af0767d15abe8168b35ebbd97907289?s=96&d=mm&r=g\",\"caption\":\"Neto Angel Boss\"},\"sameAs\":[\"http:\\\/\\\/www.angelboss.com\"],\"url\":\"http:\\\/\\\/angelboss.com.br\\\/en\\\/author\\\/netoangelboss\\\/\"}]}<\/script>\n<!-- \/ Yoast SEO plugin. -->","yoast_head_json":{"title":"Entre Irm\u00e3os no Teatro Viradalata: 30 Anos de Trajet\u00f3ria","description":"Assista \u00e0 pe\u00e7a Entre Irm\u00e3os no Teatro Viradalata. Estreia marcante com Fernando Pav\u00e3o e Ot\u00e1vio Martins celebra 30 anos de carreira sob dire\u00e7\u00e3o de Marcos Damigo.","robots":{"index":"index","follow":"follow","max-snippet":"max-snippet:-1","max-image-preview":"max-image-preview:large","max-video-preview":"max-video-preview:-1"},"canonical":"http:\/\/angelboss.com.br\/en\/2026\/03\/10\/rascunho-automatico\/","og_locale":"en_US","og_type":"article","og_title":"Entre Irm\u00e3os no Teatro Viradalata: 30 Anos de Trajet\u00f3ria","og_description":"Assista \u00e0 pe\u00e7a Entre Irm\u00e3os no Teatro Viradalata. Estreia marcante com Fernando Pav\u00e3o e Ot\u00e1vio Martins celebra 30 anos de carreira sob dire\u00e7\u00e3o de Marcos Damigo.","og_url":"http:\/\/angelboss.com.br\/en\/2026\/03\/10\/rascunho-automatico\/","og_site_name":"Portal Masculino de Moda, Beleza, Luxo and Business - Angel Boss","article_published_time":"2026-03-10T20:50:34+00:00","article_modified_time":"2026-03-10T20:50:37+00:00","og_image":[{"width":498,"height":283,"url":"http:\/\/angelboss.com.br\/wp-content\/uploads\/2026\/03\/6hRmO3cTNkVjM6InYu02bj5ycz9mYsV2ZuFGQsV2ZuF2b0Vmb6ATNwcDN4kDN3ozZuBnLiRjMjljNmlDMxUWO2UjZ2czYxUGOmRGM2gDN5E2Y4UmRyUyY4UmRyUCMGJTJ4YDNxUDMzEDMx8VL1ETLf9VLwITLfpTO.png","type":"image\/png"}],"author":"Neto Angel Boss","twitter_card":"summary_large_image","twitter_misc":{"Written by":"Neto Angel Boss","Est. reading time":"5 minutes"},"schema":{"@context":"https:\/\/schema.org","@graph":[{"@type":"Article","@id":"http:\/\/angelboss.com.br\/en\/2026\/03\/10\/rascunho-automatico\/#article","isPartOf":{"@id":"http:\/\/angelboss.com.br\/en\/2026\/03\/10\/rascunho-automatico\/"},"author":{"name":"Neto Angel Boss","@id":"http:\/\/angelboss.com.br\/#\/schema\/person\/af084936b46cf2e03f299183e429e350"},"headline":"&#8220;Entre Irm\u00e3os&#8221; estreia no Teatro Viradalata e marca 30 anos de traj\u00e9toria de Fernando Pav\u00e3o, \u00d3tavio Martins e Marcos Damigo","datePublished":"2026-03-10T20:50:34+00:00","dateModified":"2026-03-10T20:50:37+00:00","mainEntityOfPage":{"@id":"http:\/\/angelboss.com.br\/en\/2026\/03\/10\/rascunho-automatico\/"},"wordCount":1009,"commentCount":0,"publisher":{"@id":"http:\/\/angelboss.com.br\/#organization"},"image":{"@id":"http:\/\/angelboss.com.br\/en\/2026\/03\/10\/rascunho-automatico\/#primaryimage"},"thumbnailUrl":"http:\/\/angelboss.com.br\/wp-content\/uploads\/2026\/03\/6hRmO3cTNkVjM6InYu02bj5ycz9mYsV2ZuFGQsV2ZuF2b0Vmb6ATNwcDN4kDN3ozZuBnLiRjMjljNmlDMxUWO2UjZ2czYxUGOmRGM2gDN5E2Y4UmRyUyY4UmRyUCMGJTJ4YDNxUDMzEDMx8VL1ETLf9VLwITLfpTO.png","keywords":["Fernando Pav\u00e3o e Ot\u00e1vio Martins","pe\u00e7a Entre Irm\u00e3os","Teatro Viradalata"],"articleSection":["EA\u00cd, BORA NESSA?"],"inLanguage":"en-US","potentialAction":[{"@type":"CommentAction","name":"Comment","target":["http:\/\/angelboss.com.br\/en\/2026\/03\/10\/rascunho-automatico\/#respond"]}]},{"@type":"WebPage","@id":"http:\/\/angelboss.com.br\/en\/2026\/03\/10\/rascunho-automatico\/","url":"http:\/\/angelboss.com.br\/en\/2026\/03\/10\/rascunho-automatico\/","name":"Entre Irm\u00e3os no Teatro Viradalata: 30 Anos de Trajet\u00f3ria","isPartOf":{"@id":"http:\/\/angelboss.com.br\/#website"},"primaryImageOfPage":{"@id":"http:\/\/angelboss.com.br\/en\/2026\/03\/10\/rascunho-automatico\/#primaryimage"},"image":{"@id":"http:\/\/angelboss.com.br\/en\/2026\/03\/10\/rascunho-automatico\/#primaryimage"},"thumbnailUrl":"http:\/\/angelboss.com.br\/wp-content\/uploads\/2026\/03\/6hRmO3cTNkVjM6InYu02bj5ycz9mYsV2ZuFGQsV2ZuF2b0Vmb6ATNwcDN4kDN3ozZuBnLiRjMjljNmlDMxUWO2UjZ2czYxUGOmRGM2gDN5E2Y4UmRyUyY4UmRyUCMGJTJ4YDNxUDMzEDMx8VL1ETLf9VLwITLfpTO.png","datePublished":"2026-03-10T20:50:34+00:00","dateModified":"2026-03-10T20:50:37+00:00","description":"Assista \u00e0 pe\u00e7a Entre Irm\u00e3os no Teatro Viradalata. Estreia marcante com Fernando Pav\u00e3o e Ot\u00e1vio Martins celebra 30 anos de carreira sob dire\u00e7\u00e3o de Marcos Damigo.","breadcrumb":{"@id":"http:\/\/angelboss.com.br\/en\/2026\/03\/10\/rascunho-automatico\/#breadcrumb"},"inLanguage":"en-US","potentialAction":[{"@type":"ReadAction","target":["http:\/\/angelboss.com.br\/en\/2026\/03\/10\/rascunho-automatico\/"]}]},{"@type":"ImageObject","inLanguage":"en-US","@id":"http:\/\/angelboss.com.br\/en\/2026\/03\/10\/rascunho-automatico\/#primaryimage","url":"http:\/\/angelboss.com.br\/wp-content\/uploads\/2026\/03\/6hRmO3cTNkVjM6InYu02bj5ycz9mYsV2ZuFGQsV2ZuF2b0Vmb6ATNwcDN4kDN3ozZuBnLiRjMjljNmlDMxUWO2UjZ2czYxUGOmRGM2gDN5E2Y4UmRyUyY4UmRyUCMGJTJ4YDNxUDMzEDMx8VL1ETLf9VLwITLfpTO.png","contentUrl":"http:\/\/angelboss.com.br\/wp-content\/uploads\/2026\/03\/6hRmO3cTNkVjM6InYu02bj5ycz9mYsV2ZuFGQsV2ZuF2b0Vmb6ATNwcDN4kDN3ozZuBnLiRjMjljNmlDMxUWO2UjZ2czYxUGOmRGM2gDN5E2Y4UmRyUyY4UmRyUCMGJTJ4YDNxUDMzEDMx8VL1ETLf9VLwITLfpTO.png","width":498,"height":283,"caption":"Imagem\/Divulga\u00e7\u00e3o"},{"@type":"BreadcrumbList","@id":"http:\/\/angelboss.com.br\/en\/2026\/03\/10\/rascunho-automatico\/#breadcrumb","itemListElement":[{"@type":"ListItem","position":1,"name":"In\u00edcio","item":"http:\/\/angelboss.com.br\/"},{"@type":"ListItem","position":2,"name":"&#8220;Entre Irm\u00e3os&#8221; estreia no Teatro Viradalata e marca 30 anos de traj\u00e9toria de Fernando Pav\u00e3o, \u00d3tavio Martins e Marcos Damigo"}]},{"@type":"WebSite","@id":"http:\/\/angelboss.com.br\/#website","url":"http:\/\/angelboss.com.br\/","name":"Portal Masculino de Moda, Beleza, Luxo e Business - Angel Boss","description":"O Maior Portal sobre Moda, Luxo, Beleza e Business Masculino do Brasil","publisher":{"@id":"http:\/\/angelboss.com.br\/#organization"},"alternateName":"Maior Portal e Blog de Beleza Masculina e Luxo","potentialAction":[{"@type":"SearchAction","target":{"@type":"EntryPoint","urlTemplate":"http:\/\/angelboss.com.br\/?s={search_term_string}"},"query-input":{"@type":"PropertyValueSpecification","valueRequired":true,"valueName":"search_term_string"}}],"inLanguage":"en-US"},{"@type":"Organization","@id":"http:\/\/angelboss.com.br\/#organization","name":"Portal Masculino de Moda, Beleza, Luxo and Business - Angel Boss","url":"http:\/\/angelboss.com.br\/","logo":{"@type":"ImageObject","inLanguage":"en-US","@id":"http:\/\/angelboss.com.br\/#\/schema\/logo\/image\/","url":"http:\/\/angelboss.com.br\/wp-content\/uploads\/2025\/12\/WhatsApp-Image-2025-12-11-at-12.54.26.jpeg","contentUrl":"http:\/\/angelboss.com.br\/wp-content\/uploads\/2025\/12\/WhatsApp-Image-2025-12-11-at-12.54.26.jpeg","width":1280,"height":1280,"caption":"Portal Masculino de Moda, Beleza, Luxo and Business - Angel Boss"},"image":{"@id":"http:\/\/angelboss.com.br\/#\/schema\/logo\/image\/"}},{"@type":"Person","@id":"http:\/\/angelboss.com.br\/#\/schema\/person\/af084936b46cf2e03f299183e429e350","name":"Neto Angel Boss","image":{"@type":"ImageObject","inLanguage":"en-US","@id":"https:\/\/secure.gravatar.com\/avatar\/dbb38b2050e5181e32afbccf458635967af0767d15abe8168b35ebbd97907289?s=96&d=mm&r=g","url":"https:\/\/secure.gravatar.com\/avatar\/dbb38b2050e5181e32afbccf458635967af0767d15abe8168b35ebbd97907289?s=96&d=mm&r=g","contentUrl":"https:\/\/secure.gravatar.com\/avatar\/dbb38b2050e5181e32afbccf458635967af0767d15abe8168b35ebbd97907289?s=96&d=mm&r=g","caption":"Neto Angel Boss"},"sameAs":["http:\/\/www.angelboss.com"],"url":"http:\/\/angelboss.com.br\/en\/author\/netoangelboss\/"}]}},"amp_enabled":true,"_links":{"self":[{"href":"http:\/\/angelboss.com.br\/en\/wp-json\/wp\/v2\/posts\/14367","targetHints":{"allow":["GET"]}}],"collection":[{"href":"http:\/\/angelboss.com.br\/en\/wp-json\/wp\/v2\/posts"}],"about":[{"href":"http:\/\/angelboss.com.br\/en\/wp-json\/wp\/v2\/types\/post"}],"author":[{"embeddable":true,"href":"http:\/\/angelboss.com.br\/en\/wp-json\/wp\/v2\/users\/2"}],"replies":[{"embeddable":true,"href":"http:\/\/angelboss.com.br\/en\/wp-json\/wp\/v2\/comments?post=14367"}],"version-history":[{"count":1,"href":"http:\/\/angelboss.com.br\/en\/wp-json\/wp\/v2\/posts\/14367\/revisions"}],"predecessor-version":[{"id":14373,"href":"http:\/\/angelboss.com.br\/en\/wp-json\/wp\/v2\/posts\/14367\/revisions\/14373"}],"wp:featuredmedia":[{"embeddable":true,"href":"http:\/\/angelboss.com.br\/en\/wp-json\/wp\/v2\/media\/14372"}],"wp:attachment":[{"href":"http:\/\/angelboss.com.br\/en\/wp-json\/wp\/v2\/media?parent=14367"}],"wp:term":[{"taxonomy":"category","embeddable":true,"href":"http:\/\/angelboss.com.br\/en\/wp-json\/wp\/v2\/categories?post=14367"},{"taxonomy":"post_tag","embeddable":true,"href":"http:\/\/angelboss.com.br\/en\/wp-json\/wp\/v2\/tags?post=14367"}],"curies":[{"name":"wp","href":"https:\/\/api.w.org\/{rel}","templated":true}]}}