{"id":14110,"date":"2026-03-09T21:40:58","date_gmt":"2026-03-09T21:40:58","guid":{"rendered":"https:\/\/angelboss.com.br\/?p=14110"},"modified":"2026-03-09T21:41:00","modified_gmt":"2026-03-09T21:41:00","slug":"st-patricks-day-nos-hoteis-hilton-rio-de-janeiro-2026","status":"publish","type":"post","link":"http:\/\/angelboss.com.br\/en\/2026\/03\/09\/st-patricks-day-nos-hoteis-hilton-rio-de-janeiro-2026\/","title":{"rendered":"H\u00f3teis Hilton do Rio de Janeiro promove celebrar a\u00e7\u00f5es de St. Patrick\u00b4s Day\u00a0"},"content":{"rendered":"<p><em>Unidades&nbsp;de&nbsp;Copacabana e da Barra da Tijuca oferecem festas com m\u00fasica ao vivo, gastronomia tem\u00e1tica e muita cultura irlandesa<\/em><\/p>\n\n\n\n<p>O verde vibrante da Irlanda ser\u00e1\u00a0destaque na pr\u00f3xima semana nos hot\u00e9is\u00a0Hilton\u00a0do\u00a0Rio\u00a0de\u00a0Janeiro. As unidades\u00a0de\u00a0Copacabana e da Barra da Tijuca anunciam programa\u00e7\u00f5es especiais para celebrar o\u00a0St.\u00a0Patrick\u2019s\u00a0Day, convidando h\u00f3spedes e o p\u00fablico carioca para brindarem \u00e0 sorte e \u00e0 festividade. Ambas as celebra\u00e7\u00f5es acontecer\u00e3o no s\u00e1bado, 14\u00a0de\u00a0mar\u00e7o, das 17h \u00e0s 22h, prometendo uma imers\u00e3o na cultura irlandesa com toques da hospitalidade da rede.<\/p>\n\n\n\n<p>No cora\u00e7\u00e3o&nbsp;de&nbsp;Copacabana, o&nbsp;Hilton&nbsp;Rio&nbsp;de&nbsp;Janeiro&nbsp;Copacabana ser\u00e1 o palco&nbsp;de&nbsp;uma festa animada no Clar\u00ed Bar, localizado no 4\u00ba andar&nbsp;do&nbsp;hotel. Comandada por um DJ, a trilha sonora ser\u00e1 perfeita para embalar a noite, criando um ambiente&nbsp;descontra\u00eddo&nbsp;e festivo com vista para a orla. A gastronomia n\u00e3o poderia ficar&nbsp;de&nbsp;fora, o chef executivo Pablo Ferreyra preparou um menu especial que inclui o criativo Green Burguer (R$ 72 + 10%), um hamb\u00farguer&nbsp;de&nbsp;picanha com cheddar, cebola roxa, alface, tomate e maionese&nbsp;de&nbsp;chimichurri, acompanhado por batatas fritas ou salada. Para acompanhar, o chopp verde Cacildis e o exclusivo coquetel Lucky Clover (R$ 52 + 10%), uma mistura refrescante&nbsp;de&nbsp;whisky, xarope&nbsp;de&nbsp;ma\u00e7\u00e3, suco&nbsp;de&nbsp;lim\u00e3o taiti, soda verde e espuma&nbsp;de&nbsp;abacaxi.<\/p>\n\n\n\n<p>Os h\u00f3spedes&nbsp;do&nbsp;hotel t\u00eam livre acesso ao evento. Para o p\u00fablico geral, o valor \u00e9&nbsp;de&nbsp;R$ 55, com welcome drink incluso.<\/p>\n\n\n\n<p>J\u00e1 na Barra da Tijuca, o&nbsp;Hilton&nbsp;Barra&nbsp;Rio&nbsp;de&nbsp;Janeiro&nbsp;transformar\u00e1 o Plaza, charmoso espa\u00e7o ao ar livre no t\u00e9rreo, em um aut\u00eantico pub irland\u00eas. A festa contar\u00e1 com a energia contagiante da banda Al\u00e9m&nbsp;do&nbsp;Rock, que promete agitar o p\u00fablico com cl\u00e1ssicos&nbsp;do&nbsp;rock nacional e internacional. Uma parceria com a Heineken garantir\u00e1 a bebida ideal, e a ambienta\u00e7\u00e3o ser\u00e1 totalmente tem\u00e1tica, com&nbsp;decora\u00e7\u00e3o em tons&nbsp;de&nbsp;verde, trevos, chap\u00e9us, ilumina\u00e7\u00e3o especial e diversos itens instagram\u00e1veis para fotos memor\u00e1veis.<\/p>\n\n\n\n<p>O chef executivo Felipe Moreira assina um menu tem\u00e1tico robusto, com pratos a partir&nbsp;de&nbsp;R$ 61 + 10%.&nbsp;Destaque para os sandu\u00edches acompanhados&nbsp;de&nbsp;batata frita, como o&nbsp;de&nbsp;costela com queijo gruy\u00e8re e maionese verde na baguete francesa; o choripan artesanal no p\u00e3o sacadura com chimichurri e picles&nbsp;de&nbsp;cebola roxa; e o especial Barra Burguer, com blend da casa. As por\u00e7\u00f5es especiais que estar\u00e3o dispon\u00edveis no evento incluem nachos&nbsp;de&nbsp;fraldinha&nbsp;desfiada feita na pit smoker; buffalo wings com cenoura e aipo ao molho blue cheese; barriga&nbsp;de&nbsp;porco crocante; costela&nbsp;desfiada com batata r\u00fastica e molho gorgonzola; e a imperd\u00edvel batata turbinada.<\/p>\n\n\n\n<p>Para uma experi\u00eancia completa, o ingresso inclui um pacote Open Bar&nbsp;de&nbsp;chopp e soft drinks por R$ 170 + 10%. Moradores vizinhos ao hotel ainda contam com um&nbsp;desconto especial&nbsp;de&nbsp;15% sobre o valor&nbsp;do&nbsp;ingresso.<\/p>\n\n\n\n<p><strong>Servi\u00e7o |&nbsp;Hilton&nbsp;Copacabana<\/strong><\/p>\n\n\n\n<ul class=\"wp-block-list\">\n<li>Data: 14\u00a0de\u00a0mar\u00e7o (s\u00e1bado)<\/li>\n\n\n\n<li>Hor\u00e1rio: 17h \u00e0s 22h<\/li>\n\n\n\n<li>Local: Clar\u00ed Bar \u2013 4\u00ba andar<\/li>\n\n\n\n<li>Atra\u00e7\u00e3o Musical: DJ<\/li>\n\n\n\n<li>Entrada: H\u00f3spedes gratuita. P\u00fablico externo: R$ 55 (com welcome drink incluso).<\/li>\n\n\n\n<li>Mais informa\u00e7\u00f5es:\u00a0<a href=\"https:\/\/hiltoncopacabana.com\/\">Link<\/a><\/li>\n\n\n\n<li>Reservas: pelo site ou (21) 99282-8682<\/li>\n<\/ul>\n\n\n\n<p><strong>Servi\u00e7o |&nbsp;Hilton&nbsp;Barra<\/strong><\/p>\n\n\n\n<ul class=\"wp-block-list\">\n<li>Data: 14\u00a0de\u00a0mar\u00e7o (s\u00e1bado)<\/li>\n\n\n\n<li>Hor\u00e1rio: 17h \u00e0s 22h<\/li>\n\n\n\n<li>Local: Plaza \u2013 t\u00e9rreo<\/li>\n\n\n\n<li>Atra\u00e7\u00e3o Musical: Banda Al\u00e9m\u00a0do\u00a0Rock<\/li>\n\n\n\n<li>Ingresso: Pacote\u00a0de\u00a0Bebidas Open Bar (chopp e soft drinks): R$ 170,00 + 10%.\u00a0Desconto\u00a0de\u00a015% para vizinhos\u00a0do\u00a0hotel.<\/li>\n\n\n\n<li>Mais informa\u00e7\u00f5es:\u00a0<a href=\"https:\/\/hiltonbarra.com.br\/\">Link<\/a><\/li>\n\n\n\n<li>Reservas:\u00a0<a href=\"mailto:eventos.rio@hilton.com\">eventos.rio@hilton.com<\/a>\u00a0ou (21) 96738-7848<\/li>\n<\/ul>","protected":false},"excerpt":{"rendered":"<p>Unidades&nbsp;de&nbsp;Copacabana e da Barra da Tijuca oferecem festas com m\u00fasica ao vivo, gastronomia tem\u00e1tica e muita cultura irlandesa O verde vibrante da Irlanda ser\u00e1\u00a0destaque na pr\u00f3xima semana nos hot\u00e9is\u00a0Hilton\u00a0do\u00a0Rio\u00a0de\u00a0Janeiro. As unidades\u00a0de\u00a0Copacabana e da Barra da Tijuca anunciam programa\u00e7\u00f5es especiais para celebrar o\u00a0St.\u00a0Patrick\u2019s\u00a0Day, convidando h\u00f3spedes e o p\u00fablico carioca para brindarem \u00e0 sorte e \u00e0 festividade.<\/p>","protected":false},"author":2,"featured_media":14115,"comment_status":"open","ping_status":"open","sticky":false,"template":"","format":"standard","meta":{"footnotes":""},"categories":[272,315],"tags":[1704,1703],"class_list":{"0":"post-14110","1":"post","2":"type-post","3":"status-publish","4":"format-standard","5":"has-post-thumbnail","7":"category-luxo","8":"category-noticias-corporativas-dino","9":"tag-copacabana-e-barra","10":"tag-st-patricks-day"},"yoast_head":"<!-- This site is optimized with the Yoast SEO plugin v27.5 - https:\/\/yoast.com\/product\/yoast-seo-wordpress\/ -->\n<title>St. Patrick&#039;s Day nos Hot\u00e9is Hilton: Festas em Copacabana e Barra<\/title>\n<meta name=\"description\" content=\"Confira a programa\u00e7\u00e3o do St. Patrick&#039;s Day nos hot\u00e9is Hilton do Rio de Janeiro. Festas com m\u00fasica ao vivo, chopp verde e menus tem\u00e1ticos em Copacabana e na Barra.\" \/>\n<meta name=\"robots\" content=\"index, follow, max-snippet:-1, max-image-preview:large, max-video-preview:-1\" \/>\n<link rel=\"canonical\" href=\"http:\/\/angelboss.com.br\/en\/2026\/03\/09\/st-patricks-day-nos-hoteis-hilton-rio-de-janeiro-2026\/\" \/>\n<meta property=\"og:locale\" content=\"en_US\" \/>\n<meta property=\"og:type\" content=\"article\" \/>\n<meta property=\"og:title\" content=\"St. Patrick&#039;s Day nos Hot\u00e9is Hilton: Festas em Copacabana e Barra\" \/>\n<meta property=\"og:description\" content=\"Confira a programa\u00e7\u00e3o do St. Patrick&#039;s Day nos hot\u00e9is Hilton do Rio de Janeiro. Festas com m\u00fasica ao vivo, chopp verde e menus tem\u00e1ticos em Copacabana e na Barra.\" \/>\n<meta property=\"og:url\" content=\"http:\/\/angelboss.com.br\/en\/2026\/03\/09\/st-patricks-day-nos-hoteis-hilton-rio-de-janeiro-2026\/\" \/>\n<meta property=\"og:site_name\" content=\"Portal Masculino de Moda, Beleza, Luxo and Business - Angel Boss\" \/>\n<meta property=\"article:published_time\" content=\"2026-03-09T21:40:58+00:00\" \/>\n<meta property=\"article:modified_time\" content=\"2026-03-09T21:41:00+00:00\" \/>\n<meta property=\"og:image\" content=\"http:\/\/angelboss.com.br\/wp-content\/uploads\/2026\/03\/7QOkpDZ2I2NwUmOyJmLt92YuM3cvJGbldmbhBEbldmbh9Gdl5mOzgDNxETN1IzMyozZlBnauc3bsZGN3MWO1YTZmFGM5YmM1ADM4UmZkJGZlRGZhFGOkFWYGJTJkFWYGJTJ2IjN1IjRyUSOwAjMx8VL1ETLf9VLwITLfpTO.jpg\" \/>\n\t<meta property=\"og:image:width\" content=\"800\" \/>\n\t<meta property=\"og:image:height\" content=\"1200\" \/>\n\t<meta property=\"og:image:type\" content=\"image\/jpeg\" \/>\n<meta name=\"author\" content=\"Neto Angel Boss\" \/>\n<meta name=\"twitter:card\" content=\"summary_large_image\" \/>\n<meta name=\"twitter:label1\" content=\"Written by\" \/>\n\t<meta name=\"twitter:data1\" content=\"Neto Angel Boss\" \/>\n\t<meta name=\"twitter:label2\" content=\"Est. reading time\" \/>\n\t<meta name=\"twitter:data2\" content=\"4 minutes\" \/>\n<script type=\"application\/ld+json\" class=\"yoast-schema-graph\">{\"@context\":\"https:\\\/\\\/schema.org\",\"@graph\":[{\"@type\":\"Article\",\"@id\":\"http:\\\/\\\/angelboss.com.br\\\/en\\\/2026\\\/03\\\/09\\\/st-patricks-day-nos-hoteis-hilton-rio-de-janeiro-2026\\\/#article\",\"isPartOf\":{\"@id\":\"http:\\\/\\\/angelboss.com.br\\\/en\\\/2026\\\/03\\\/09\\\/st-patricks-day-nos-hoteis-hilton-rio-de-janeiro-2026\\\/\"},\"author\":{\"name\":\"Neto Angel Boss\",\"@id\":\"http:\\\/\\\/angelboss.com.br\\\/#\\\/schema\\\/person\\\/af084936b46cf2e03f299183e429e350\"},\"headline\":\"H\u00f3teis Hilton do Rio de Janeiro promove celebrar a\u00e7\u00f5es de St. Patrick\u00b4s Day\u00a0\",\"datePublished\":\"2026-03-09T21:40:58+00:00\",\"dateModified\":\"2026-03-09T21:41:00+00:00\",\"mainEntityOfPage\":{\"@id\":\"http:\\\/\\\/angelboss.com.br\\\/en\\\/2026\\\/03\\\/09\\\/st-patricks-day-nos-hoteis-hilton-rio-de-janeiro-2026\\\/\"},\"wordCount\":685,\"commentCount\":0,\"publisher\":{\"@id\":\"http:\\\/\\\/angelboss.com.br\\\/#organization\"},\"image\":{\"@id\":\"http:\\\/\\\/angelboss.com.br\\\/en\\\/2026\\\/03\\\/09\\\/st-patricks-day-nos-hoteis-hilton-rio-de-janeiro-2026\\\/#primaryimage\"},\"thumbnailUrl\":\"http:\\\/\\\/angelboss.com.br\\\/wp-content\\\/uploads\\\/2026\\\/03\\\/7QOkpDZ2I2NwUmOyJmLt92YuM3cvJGbldmbhBEbldmbh9Gdl5mOzgDNxETN1IzMyozZlBnauc3bsZGN3MWO1YTZmFGM5YmM1ADM4UmZkJGZlRGZhFGOkFWYGJTJkFWYGJTJ2IjN1IjRyUSOwAjMx8VL1ETLf9VLwITLfpTO.jpg\",\"keywords\":[\"Copacabana e Barra\",\"St. Patrick\u00b4s Day\"],\"articleSection\":[\"Luxo\",\"Not\u00edcias Corporativas\"],\"inLanguage\":\"en-US\",\"potentialAction\":[{\"@type\":\"CommentAction\",\"name\":\"Comment\",\"target\":[\"http:\\\/\\\/angelboss.com.br\\\/en\\\/2026\\\/03\\\/09\\\/st-patricks-day-nos-hoteis-hilton-rio-de-janeiro-2026\\\/#respond\"]}]},{\"@type\":\"WebPage\",\"@id\":\"http:\\\/\\\/angelboss.com.br\\\/en\\\/2026\\\/03\\\/09\\\/st-patricks-day-nos-hoteis-hilton-rio-de-janeiro-2026\\\/\",\"url\":\"http:\\\/\\\/angelboss.com.br\\\/en\\\/2026\\\/03\\\/09\\\/st-patricks-day-nos-hoteis-hilton-rio-de-janeiro-2026\\\/\",\"name\":\"St. Patrick's Day nos Hot\u00e9is Hilton: Festas em Copacabana e Barra\",\"isPartOf\":{\"@id\":\"http:\\\/\\\/angelboss.com.br\\\/#website\"},\"primaryImageOfPage\":{\"@id\":\"http:\\\/\\\/angelboss.com.br\\\/en\\\/2026\\\/03\\\/09\\\/st-patricks-day-nos-hoteis-hilton-rio-de-janeiro-2026\\\/#primaryimage\"},\"image\":{\"@id\":\"http:\\\/\\\/angelboss.com.br\\\/en\\\/2026\\\/03\\\/09\\\/st-patricks-day-nos-hoteis-hilton-rio-de-janeiro-2026\\\/#primaryimage\"},\"thumbnailUrl\":\"http:\\\/\\\/angelboss.com.br\\\/wp-content\\\/uploads\\\/2026\\\/03\\\/7QOkpDZ2I2NwUmOyJmLt92YuM3cvJGbldmbhBEbldmbh9Gdl5mOzgDNxETN1IzMyozZlBnauc3bsZGN3MWO1YTZmFGM5YmM1ADM4UmZkJGZlRGZhFGOkFWYGJTJkFWYGJTJ2IjN1IjRyUSOwAjMx8VL1ETLf9VLwITLfpTO.jpg\",\"datePublished\":\"2026-03-09T21:40:58+00:00\",\"dateModified\":\"2026-03-09T21:41:00+00:00\",\"description\":\"Confira a programa\u00e7\u00e3o do St. Patrick's Day nos hot\u00e9is Hilton do Rio de Janeiro. Festas com m\u00fasica ao vivo, chopp verde e menus tem\u00e1ticos em Copacabana e na Barra.\",\"breadcrumb\":{\"@id\":\"http:\\\/\\\/angelboss.com.br\\\/en\\\/2026\\\/03\\\/09\\\/st-patricks-day-nos-hoteis-hilton-rio-de-janeiro-2026\\\/#breadcrumb\"},\"inLanguage\":\"en-US\",\"potentialAction\":[{\"@type\":\"ReadAction\",\"target\":[\"http:\\\/\\\/angelboss.com.br\\\/en\\\/2026\\\/03\\\/09\\\/st-patricks-day-nos-hoteis-hilton-rio-de-janeiro-2026\\\/\"]}]},{\"@type\":\"ImageObject\",\"inLanguage\":\"en-US\",\"@id\":\"http:\\\/\\\/angelboss.com.br\\\/en\\\/2026\\\/03\\\/09\\\/st-patricks-day-nos-hoteis-hilton-rio-de-janeiro-2026\\\/#primaryimage\",\"url\":\"http:\\\/\\\/angelboss.com.br\\\/wp-content\\\/uploads\\\/2026\\\/03\\\/7QOkpDZ2I2NwUmOyJmLt92YuM3cvJGbldmbhBEbldmbh9Gdl5mOzgDNxETN1IzMyozZlBnauc3bsZGN3MWO1YTZmFGM5YmM1ADM4UmZkJGZlRGZhFGOkFWYGJTJkFWYGJTJ2IjN1IjRyUSOwAjMx8VL1ETLf9VLwITLfpTO.jpg\",\"contentUrl\":\"http:\\\/\\\/angelboss.com.br\\\/wp-content\\\/uploads\\\/2026\\\/03\\\/7QOkpDZ2I2NwUmOyJmLt92YuM3cvJGbldmbhBEbldmbh9Gdl5mOzgDNxETN1IzMyozZlBnauc3bsZGN3MWO1YTZmFGM5YmM1ADM4UmZkJGZlRGZhFGOkFWYGJTJkFWYGJTJ2IjN1IjRyUSOwAjMx8VL1ETLf9VLwITLfpTO.jpg\",\"width\":800,\"height\":1200,\"caption\":\"Imagem\\\/Divulga\u00e7\u00e3o\"},{\"@type\":\"BreadcrumbList\",\"@id\":\"http:\\\/\\\/angelboss.com.br\\\/en\\\/2026\\\/03\\\/09\\\/st-patricks-day-nos-hoteis-hilton-rio-de-janeiro-2026\\\/#breadcrumb\",\"itemListElement\":[{\"@type\":\"ListItem\",\"position\":1,\"name\":\"In\u00edcio\",\"item\":\"http:\\\/\\\/angelboss.com.br\\\/\"},{\"@type\":\"ListItem\",\"position\":2,\"name\":\"H\u00f3teis Hilton do Rio de Janeiro promove celebrar a\u00e7\u00f5es de St. Patrick\u00b4s Day\u00a0\"}]},{\"@type\":\"WebSite\",\"@id\":\"http:\\\/\\\/angelboss.com.br\\\/#website\",\"url\":\"http:\\\/\\\/angelboss.com.br\\\/\",\"name\":\"Portal Masculino de Moda, Beleza, Luxo e Business - Angel Boss\",\"description\":\"O Maior Portal sobre Moda, Luxo, Beleza e Business Masculino do Brasil\",\"publisher\":{\"@id\":\"http:\\\/\\\/angelboss.com.br\\\/#organization\"},\"alternateName\":\"Maior Portal e Blog de Beleza Masculina e Luxo\",\"potentialAction\":[{\"@type\":\"SearchAction\",\"target\":{\"@type\":\"EntryPoint\",\"urlTemplate\":\"http:\\\/\\\/angelboss.com.br\\\/?s={search_term_string}\"},\"query-input\":{\"@type\":\"PropertyValueSpecification\",\"valueRequired\":true,\"valueName\":\"search_term_string\"}}],\"inLanguage\":\"en-US\"},{\"@type\":\"Organization\",\"@id\":\"http:\\\/\\\/angelboss.com.br\\\/#organization\",\"name\":\"Portal Masculino de Moda, Beleza, Luxo and Business - Angel Boss\",\"url\":\"http:\\\/\\\/angelboss.com.br\\\/\",\"logo\":{\"@type\":\"ImageObject\",\"inLanguage\":\"en-US\",\"@id\":\"http:\\\/\\\/angelboss.com.br\\\/#\\\/schema\\\/logo\\\/image\\\/\",\"url\":\"http:\\\/\\\/angelboss.com.br\\\/wp-content\\\/uploads\\\/2025\\\/12\\\/WhatsApp-Image-2025-12-11-at-12.54.26.jpeg\",\"contentUrl\":\"http:\\\/\\\/angelboss.com.br\\\/wp-content\\\/uploads\\\/2025\\\/12\\\/WhatsApp-Image-2025-12-11-at-12.54.26.jpeg\",\"width\":1280,\"height\":1280,\"caption\":\"Portal Masculino de Moda, Beleza, Luxo and Business - Angel Boss\"},\"image\":{\"@id\":\"http:\\\/\\\/angelboss.com.br\\\/#\\\/schema\\\/logo\\\/image\\\/\"}},{\"@type\":\"Person\",\"@id\":\"http:\\\/\\\/angelboss.com.br\\\/#\\\/schema\\\/person\\\/af084936b46cf2e03f299183e429e350\",\"name\":\"Neto Angel Boss\",\"image\":{\"@type\":\"ImageObject\",\"inLanguage\":\"en-US\",\"@id\":\"https:\\\/\\\/secure.gravatar.com\\\/avatar\\\/dbb38b2050e5181e32afbccf458635967af0767d15abe8168b35ebbd97907289?s=96&d=mm&r=g\",\"url\":\"https:\\\/\\\/secure.gravatar.com\\\/avatar\\\/dbb38b2050e5181e32afbccf458635967af0767d15abe8168b35ebbd97907289?s=96&d=mm&r=g\",\"contentUrl\":\"https:\\\/\\\/secure.gravatar.com\\\/avatar\\\/dbb38b2050e5181e32afbccf458635967af0767d15abe8168b35ebbd97907289?s=96&d=mm&r=g\",\"caption\":\"Neto Angel Boss\"},\"sameAs\":[\"http:\\\/\\\/www.angelboss.com\"],\"url\":\"http:\\\/\\\/angelboss.com.br\\\/en\\\/author\\\/netoangelboss\\\/\"}]}<\/script>\n<!-- \/ Yoast SEO plugin. -->","yoast_head_json":{"title":"St. Patrick's Day nos Hot\u00e9is Hilton: Festas em Copacabana e Barra","description":"Confira a programa\u00e7\u00e3o do St. Patrick's Day nos hot\u00e9is Hilton do Rio de Janeiro. Festas com m\u00fasica ao vivo, chopp verde e menus tem\u00e1ticos em Copacabana e na Barra.","robots":{"index":"index","follow":"follow","max-snippet":"max-snippet:-1","max-image-preview":"max-image-preview:large","max-video-preview":"max-video-preview:-1"},"canonical":"http:\/\/angelboss.com.br\/en\/2026\/03\/09\/st-patricks-day-nos-hoteis-hilton-rio-de-janeiro-2026\/","og_locale":"en_US","og_type":"article","og_title":"St. Patrick's Day nos Hot\u00e9is Hilton: Festas em Copacabana e Barra","og_description":"Confira a programa\u00e7\u00e3o do St. Patrick's Day nos hot\u00e9is Hilton do Rio de Janeiro. Festas com m\u00fasica ao vivo, chopp verde e menus tem\u00e1ticos em Copacabana e na Barra.","og_url":"http:\/\/angelboss.com.br\/en\/2026\/03\/09\/st-patricks-day-nos-hoteis-hilton-rio-de-janeiro-2026\/","og_site_name":"Portal Masculino de Moda, Beleza, Luxo and Business - Angel Boss","article_published_time":"2026-03-09T21:40:58+00:00","article_modified_time":"2026-03-09T21:41:00+00:00","og_image":[{"width":800,"height":1200,"url":"http:\/\/angelboss.com.br\/wp-content\/uploads\/2026\/03\/7QOkpDZ2I2NwUmOyJmLt92YuM3cvJGbldmbhBEbldmbh9Gdl5mOzgDNxETN1IzMyozZlBnauc3bsZGN3MWO1YTZmFGM5YmM1ADM4UmZkJGZlRGZhFGOkFWYGJTJkFWYGJTJ2IjN1IjRyUSOwAjMx8VL1ETLf9VLwITLfpTO.jpg","type":"image\/jpeg"}],"author":"Neto Angel Boss","twitter_card":"summary_large_image","twitter_misc":{"Written by":"Neto Angel Boss","Est. reading time":"4 minutes"},"schema":{"@context":"https:\/\/schema.org","@graph":[{"@type":"Article","@id":"http:\/\/angelboss.com.br\/en\/2026\/03\/09\/st-patricks-day-nos-hoteis-hilton-rio-de-janeiro-2026\/#article","isPartOf":{"@id":"http:\/\/angelboss.com.br\/en\/2026\/03\/09\/st-patricks-day-nos-hoteis-hilton-rio-de-janeiro-2026\/"},"author":{"name":"Neto Angel Boss","@id":"http:\/\/angelboss.com.br\/#\/schema\/person\/af084936b46cf2e03f299183e429e350"},"headline":"H\u00f3teis Hilton do Rio de Janeiro promove celebrar a\u00e7\u00f5es de St. Patrick\u00b4s Day\u00a0","datePublished":"2026-03-09T21:40:58+00:00","dateModified":"2026-03-09T21:41:00+00:00","mainEntityOfPage":{"@id":"http:\/\/angelboss.com.br\/en\/2026\/03\/09\/st-patricks-day-nos-hoteis-hilton-rio-de-janeiro-2026\/"},"wordCount":685,"commentCount":0,"publisher":{"@id":"http:\/\/angelboss.com.br\/#organization"},"image":{"@id":"http:\/\/angelboss.com.br\/en\/2026\/03\/09\/st-patricks-day-nos-hoteis-hilton-rio-de-janeiro-2026\/#primaryimage"},"thumbnailUrl":"http:\/\/angelboss.com.br\/wp-content\/uploads\/2026\/03\/7QOkpDZ2I2NwUmOyJmLt92YuM3cvJGbldmbhBEbldmbh9Gdl5mOzgDNxETN1IzMyozZlBnauc3bsZGN3MWO1YTZmFGM5YmM1ADM4UmZkJGZlRGZhFGOkFWYGJTJkFWYGJTJ2IjN1IjRyUSOwAjMx8VL1ETLf9VLwITLfpTO.jpg","keywords":["Copacabana e Barra","St. Patrick\u00b4s Day"],"articleSection":["Luxo","Not\u00edcias Corporativas"],"inLanguage":"en-US","potentialAction":[{"@type":"CommentAction","name":"Comment","target":["http:\/\/angelboss.com.br\/en\/2026\/03\/09\/st-patricks-day-nos-hoteis-hilton-rio-de-janeiro-2026\/#respond"]}]},{"@type":"WebPage","@id":"http:\/\/angelboss.com.br\/en\/2026\/03\/09\/st-patricks-day-nos-hoteis-hilton-rio-de-janeiro-2026\/","url":"http:\/\/angelboss.com.br\/en\/2026\/03\/09\/st-patricks-day-nos-hoteis-hilton-rio-de-janeiro-2026\/","name":"St. Patrick's Day nos Hot\u00e9is Hilton: Festas em Copacabana e Barra","isPartOf":{"@id":"http:\/\/angelboss.com.br\/#website"},"primaryImageOfPage":{"@id":"http:\/\/angelboss.com.br\/en\/2026\/03\/09\/st-patricks-day-nos-hoteis-hilton-rio-de-janeiro-2026\/#primaryimage"},"image":{"@id":"http:\/\/angelboss.com.br\/en\/2026\/03\/09\/st-patricks-day-nos-hoteis-hilton-rio-de-janeiro-2026\/#primaryimage"},"thumbnailUrl":"http:\/\/angelboss.com.br\/wp-content\/uploads\/2026\/03\/7QOkpDZ2I2NwUmOyJmLt92YuM3cvJGbldmbhBEbldmbh9Gdl5mOzgDNxETN1IzMyozZlBnauc3bsZGN3MWO1YTZmFGM5YmM1ADM4UmZkJGZlRGZhFGOkFWYGJTJkFWYGJTJ2IjN1IjRyUSOwAjMx8VL1ETLf9VLwITLfpTO.jpg","datePublished":"2026-03-09T21:40:58+00:00","dateModified":"2026-03-09T21:41:00+00:00","description":"Confira a programa\u00e7\u00e3o do St. Patrick's Day nos hot\u00e9is Hilton do Rio de Janeiro. Festas com m\u00fasica ao vivo, chopp verde e menus tem\u00e1ticos em Copacabana e na Barra.","breadcrumb":{"@id":"http:\/\/angelboss.com.br\/en\/2026\/03\/09\/st-patricks-day-nos-hoteis-hilton-rio-de-janeiro-2026\/#breadcrumb"},"inLanguage":"en-US","potentialAction":[{"@type":"ReadAction","target":["http:\/\/angelboss.com.br\/en\/2026\/03\/09\/st-patricks-day-nos-hoteis-hilton-rio-de-janeiro-2026\/"]}]},{"@type":"ImageObject","inLanguage":"en-US","@id":"http:\/\/angelboss.com.br\/en\/2026\/03\/09\/st-patricks-day-nos-hoteis-hilton-rio-de-janeiro-2026\/#primaryimage","url":"http:\/\/angelboss.com.br\/wp-content\/uploads\/2026\/03\/7QOkpDZ2I2NwUmOyJmLt92YuM3cvJGbldmbhBEbldmbh9Gdl5mOzgDNxETN1IzMyozZlBnauc3bsZGN3MWO1YTZmFGM5YmM1ADM4UmZkJGZlRGZhFGOkFWYGJTJkFWYGJTJ2IjN1IjRyUSOwAjMx8VL1ETLf9VLwITLfpTO.jpg","contentUrl":"http:\/\/angelboss.com.br\/wp-content\/uploads\/2026\/03\/7QOkpDZ2I2NwUmOyJmLt92YuM3cvJGbldmbhBEbldmbh9Gdl5mOzgDNxETN1IzMyozZlBnauc3bsZGN3MWO1YTZmFGM5YmM1ADM4UmZkJGZlRGZhFGOkFWYGJTJkFWYGJTJ2IjN1IjRyUSOwAjMx8VL1ETLf9VLwITLfpTO.jpg","width":800,"height":1200,"caption":"Imagem\/Divulga\u00e7\u00e3o"},{"@type":"BreadcrumbList","@id":"http:\/\/angelboss.com.br\/en\/2026\/03\/09\/st-patricks-day-nos-hoteis-hilton-rio-de-janeiro-2026\/#breadcrumb","itemListElement":[{"@type":"ListItem","position":1,"name":"In\u00edcio","item":"http:\/\/angelboss.com.br\/"},{"@type":"ListItem","position":2,"name":"H\u00f3teis Hilton do Rio de Janeiro promove celebrar a\u00e7\u00f5es de St. Patrick\u00b4s Day\u00a0"}]},{"@type":"WebSite","@id":"http:\/\/angelboss.com.br\/#website","url":"http:\/\/angelboss.com.br\/","name":"Portal Masculino de Moda, Beleza, Luxo e Business - Angel Boss","description":"O Maior Portal sobre Moda, Luxo, Beleza e Business Masculino do Brasil","publisher":{"@id":"http:\/\/angelboss.com.br\/#organization"},"alternateName":"Maior Portal e Blog de Beleza Masculina e Luxo","potentialAction":[{"@type":"SearchAction","target":{"@type":"EntryPoint","urlTemplate":"http:\/\/angelboss.com.br\/?s={search_term_string}"},"query-input":{"@type":"PropertyValueSpecification","valueRequired":true,"valueName":"search_term_string"}}],"inLanguage":"en-US"},{"@type":"Organization","@id":"http:\/\/angelboss.com.br\/#organization","name":"Portal Masculino de Moda, Beleza, Luxo and Business - Angel Boss","url":"http:\/\/angelboss.com.br\/","logo":{"@type":"ImageObject","inLanguage":"en-US","@id":"http:\/\/angelboss.com.br\/#\/schema\/logo\/image\/","url":"http:\/\/angelboss.com.br\/wp-content\/uploads\/2025\/12\/WhatsApp-Image-2025-12-11-at-12.54.26.jpeg","contentUrl":"http:\/\/angelboss.com.br\/wp-content\/uploads\/2025\/12\/WhatsApp-Image-2025-12-11-at-12.54.26.jpeg","width":1280,"height":1280,"caption":"Portal Masculino de Moda, Beleza, Luxo and Business - Angel Boss"},"image":{"@id":"http:\/\/angelboss.com.br\/#\/schema\/logo\/image\/"}},{"@type":"Person","@id":"http:\/\/angelboss.com.br\/#\/schema\/person\/af084936b46cf2e03f299183e429e350","name":"Neto Angel Boss","image":{"@type":"ImageObject","inLanguage":"en-US","@id":"https:\/\/secure.gravatar.com\/avatar\/dbb38b2050e5181e32afbccf458635967af0767d15abe8168b35ebbd97907289?s=96&d=mm&r=g","url":"https:\/\/secure.gravatar.com\/avatar\/dbb38b2050e5181e32afbccf458635967af0767d15abe8168b35ebbd97907289?s=96&d=mm&r=g","contentUrl":"https:\/\/secure.gravatar.com\/avatar\/dbb38b2050e5181e32afbccf458635967af0767d15abe8168b35ebbd97907289?s=96&d=mm&r=g","caption":"Neto Angel Boss"},"sameAs":["http:\/\/www.angelboss.com"],"url":"http:\/\/angelboss.com.br\/en\/author\/netoangelboss\/"}]}},"amp_enabled":true,"_links":{"self":[{"href":"http:\/\/angelboss.com.br\/en\/wp-json\/wp\/v2\/posts\/14110","targetHints":{"allow":["GET"]}}],"collection":[{"href":"http:\/\/angelboss.com.br\/en\/wp-json\/wp\/v2\/posts"}],"about":[{"href":"http:\/\/angelboss.com.br\/en\/wp-json\/wp\/v2\/types\/post"}],"author":[{"embeddable":true,"href":"http:\/\/angelboss.com.br\/en\/wp-json\/wp\/v2\/users\/2"}],"replies":[{"embeddable":true,"href":"http:\/\/angelboss.com.br\/en\/wp-json\/wp\/v2\/comments?post=14110"}],"version-history":[{"count":1,"href":"http:\/\/angelboss.com.br\/en\/wp-json\/wp\/v2\/posts\/14110\/revisions"}],"predecessor-version":[{"id":14116,"href":"http:\/\/angelboss.com.br\/en\/wp-json\/wp\/v2\/posts\/14110\/revisions\/14116"}],"wp:featuredmedia":[{"embeddable":true,"href":"http:\/\/angelboss.com.br\/en\/wp-json\/wp\/v2\/media\/14115"}],"wp:attachment":[{"href":"http:\/\/angelboss.com.br\/en\/wp-json\/wp\/v2\/media?parent=14110"}],"wp:term":[{"taxonomy":"category","embeddable":true,"href":"http:\/\/angelboss.com.br\/en\/wp-json\/wp\/v2\/categories?post=14110"},{"taxonomy":"post_tag","embeddable":true,"href":"http:\/\/angelboss.com.br\/en\/wp-json\/wp\/v2\/tags?post=14110"}],"curies":[{"name":"wp","href":"https:\/\/api.w.org\/{rel}","templated":true}]}}