{"id":13453,"date":"2026-03-04T19:07:12","date_gmt":"2026-03-04T19:07:12","guid":{"rendered":"https:\/\/angelboss.com.br\/?p=13453"},"modified":"2026-03-04T19:07:14","modified_gmt":"2026-03-04T19:07:14","slug":"investimento-da-afya-na-careon-e-o-mercado-medico-cvc","status":"publish","type":"post","link":"http:\/\/angelboss.com.br\/en\/2026\/03\/04\/investimento-da-afya-na-careon-e-o-mercado-medico-cvc\/","title":{"rendered":"Afya\u00a0anuncia\u00a0investimento\u00a0na\u00a0CareOn,\u00a0startup\u00a0que\u00a0conecta\u00a0m\u00e9dicos\u00a0a\u00a0vagas\u00a0de\u00a0plant\u00f5es"},"content":{"rendered":"<p><em>Healthtech mineira&nbsp;que&nbsp;conecta&nbsp;m\u00e9dicos&nbsp;a&nbsp;plant\u00f5es hospitalares j\u00e1 publicou mais&nbsp;de&nbsp;100 mil&nbsp;vagas;&nbsp;aporte vai&nbsp;acelerar&nbsp;a&nbsp;expans\u00e3o&nbsp;nacional e possibilitar&nbsp;a&nbsp;evolu\u00e7\u00e3o da plataforma<\/em><\/p>\n\n\n\n<p><strong>S\u00e3o Paulo,&nbsp;<\/strong><strong>03&nbsp;<\/strong><strong>de&nbsp;fevereiro&nbsp;de&nbsp;2026&nbsp;<\/strong>\u2013&nbsp;A&nbsp;Afya&nbsp;anuncia&nbsp;investimento&nbsp;na&nbsp;CareOn, healthtech&nbsp;que&nbsp;conecta&nbsp;m\u00e9dicos e outros profissionais da sa\u00fade&nbsp;a&nbsp;hospitais, cl\u00ednicas e laborat\u00f3rios.&nbsp;A&nbsp;startup&nbsp;se junta&nbsp;ao portf\u00f3lio&nbsp;de&nbsp;Corporate Venture Capital (CVC) da&nbsp;Afya,&nbsp;que&nbsp;j\u00e1 investiu em empresas como Marisa.Care, Caveo, Lean Sa\u00fade&nbsp;e Wellbe,&nbsp;nos \u00faltimos dois&nbsp;anos.<\/p>\n\n\n\n<p>A&nbsp;principal frente&nbsp;de&nbsp;atua\u00e7\u00e3o da&nbsp;CareOn&nbsp;\u00e9&nbsp;a&nbsp;oferta&nbsp;de&nbsp;plant\u00f5es e&nbsp;vagas&nbsp;fixas por meio&nbsp;de&nbsp;um&nbsp;aplicativo pr\u00f3prio.&nbsp;Al\u00e9m&nbsp;desse formato,&nbsp;a&nbsp;empresa tamb\u00e9m disponibiliza um servi\u00e7o consultivo e personalizado no qual&nbsp;apoia institui\u00e7\u00f5es&nbsp;na&nbsp;forma\u00e7\u00e3o&nbsp;de&nbsp;equipes m\u00e9dicas para projetos&nbsp;de&nbsp;maior complexidade.<\/p>\n\n\n\n<p>Na&nbsp;pr\u00e1tica,&nbsp;a&nbsp;plataforma&nbsp;conecta&nbsp;institui\u00e7\u00f5es&nbsp;de&nbsp;sa\u00fade&nbsp;que&nbsp;precisam preencher escalas e posi\u00e7\u00f5es permanentes&nbsp;a&nbsp;profissionais em diferentes n\u00edveis&nbsp;de&nbsp;carreira&nbsp;que&nbsp;buscam oportunidades&nbsp;alinhadas&nbsp;ao seu perfil e disponibilidade. O processo \u00e9 conduzido integralmente&nbsp;dentro do&nbsp;aplicativo da&nbsp;CareOn,&nbsp;que&nbsp;concentra publica\u00e7\u00e3o&nbsp;de&nbsp;vagas, candidaturas e&nbsp;acompanhamento das contrata\u00e7\u00f5es.<\/p>\n\n\n\n<p>Fundada em 2021, em Belo Horizonte, por duas irm\u00e3s empreendedoras,&nbsp;a&nbsp;startup&nbsp;atende hoje grandes hospitais da regi\u00e3o Sudeste.&nbsp;Desde&nbsp;a&nbsp;sua cria\u00e7\u00e3o, j\u00e1 publicou mais&nbsp;de&nbsp;100 mil&nbsp;vagas, das quais cerca&nbsp;de&nbsp;6 mil somente em&nbsp;dezembro&nbsp;de&nbsp;2025, e contribuiu para o&nbsp;atendimento&nbsp;de&nbsp;mais&nbsp;de&nbsp;5 milh\u00f5es&nbsp;de&nbsp;pacientes em todo o pa\u00eds.&nbsp;<\/p>\n\n\n\n<p>Al\u00e9m da plataforma&nbsp;de&nbsp;vagas,&nbsp;a&nbsp;CareOn&nbsp;tem estruturado um ecossistema digital voltado \u00e0 jornada profissional da sa\u00fade. Nesse contexto, o&nbsp;aplicativo oferece educa\u00e7\u00e3o continuada por meio da&nbsp;CareOn&nbsp;Academy.&nbsp;Atualmente,&nbsp;a&nbsp;CareOn&nbsp;re\u00fane mais&nbsp;de&nbsp;40 mil m\u00e9dicos cadastrados e registrou um crescimento&nbsp;de&nbsp;receita superior&nbsp;a&nbsp;160%&nbsp;de&nbsp;2024 para 2025.<\/p>\n\n\n\n<p>\u201cCome\u00e7amos resolvendo um problema muito espec\u00edfico,&nbsp;que&nbsp;\u00e9&nbsp;a&nbsp;dificuldade&nbsp;de&nbsp;organizar e dar visibilidade \u00e0s oportunidades&nbsp;de&nbsp;plant\u00e3o. Com o tempo, percebemos&nbsp;que&nbsp;poder\u00edamos&nbsp;apoiar o profissional&nbsp;de&nbsp;sa\u00fade&nbsp;de&nbsp;forma mais&nbsp;ampla, integrando trabalho e capacita\u00e7\u00e3o em uma \u00fanica plataforma\u201d,&nbsp;afirma Fernanda Vieira, cofundadora e CEO da&nbsp;CareOn. \u201cA&nbsp;entrada da&nbsp;Afya&nbsp;acelera esse movimento e fortalece nossa capacidade&nbsp;de&nbsp;expans\u00e3o&nbsp;nacional,&nbsp;al\u00e9m&nbsp;de&nbsp;ampliar&nbsp;as sinergias com um ecossistema&nbsp;que&nbsp;j\u00e1 est\u00e1 presente em diferentes momentos da jornada m\u00e9dica.\u201d<\/p>\n\n\n\n<p>Os recursos captados ser\u00e3o direcionados \u00e0 expans\u00e3o geogr\u00e1fica da empresa, hoje&nbsp;ainda concentrada&nbsp;na&nbsp;regi\u00e3o Sudeste, com foco&nbsp;na&nbsp;amplia\u00e7\u00e3o da base&nbsp;de&nbsp;institui\u00e7\u00f5es, no fortalecimento da presen\u00e7a&nbsp;em novos mercados e&nbsp;na&nbsp;evolu\u00e7\u00e3o do&nbsp;aplicativo.<\/p>\n\n\n\n<p>Para&nbsp;a&nbsp;Afya, o&nbsp;investimento&nbsp;refor\u00e7a&nbsp;a&nbsp;estrat\u00e9gia&nbsp;de&nbsp;apoiar solu\u00e7\u00f5es&nbsp;que&nbsp;tragam efici\u00eancia&nbsp;ao sistema&nbsp;de&nbsp;sa\u00fade&nbsp;e&nbsp;ampliem&nbsp;a&nbsp;proposta&nbsp;de&nbsp;valor para m\u00e9dicos.<\/p>\n\n\n\n<p>\u201cA&nbsp;CareOn&nbsp;atua em um ponto estrutural do setor:&nbsp;a&nbsp;organiza\u00e7\u00e3o do mercado&nbsp;de&nbsp;trabalho em sa\u00fade, especialmente em plant\u00f5es, um segmento&nbsp;que&nbsp;ainda opera, em grande parte, com baixa formalidade, tendo como principal concorrente grupos informais&nbsp;de&nbsp;WhatsApp.&nbsp;Ao digitalizar essa conex\u00e3o,&nbsp;a&nbsp;empresa gera efici\u00eancia para&nbsp;as institui\u00e7\u00f5es e&nbsp;demanda para os m\u00e9dicos\u201d,&nbsp;afirma Marcos Coelho, Diretor&nbsp;de&nbsp;M&amp;A&nbsp;e CVC da&nbsp;Afya.&nbsp;<\/p>\n\n\n\n<p><strong>Expans\u00e3o do CVC e consolida\u00e7\u00e3o da estrat\u00e9gia&nbsp;de&nbsp;inova\u00e7\u00e3o<\/strong><\/p>\n\n\n\n<p>O&nbsp;investimento&nbsp;na&nbsp;CareOn&nbsp;faz parte da estrat\u00e9gia da&nbsp;Afya&nbsp;de&nbsp;consolidar um portf\u00f3lio&nbsp;de&nbsp;startups com&nbsp;alto potencial estrat\u00e9gico e financeiro no m\u00e9dio e longo prazo. O objetivo \u00e9 identificar solu\u00e7\u00f5es&nbsp;que&nbsp;resolvam dores reais da jornada m\u00e9dica,&nbsp;ampliem&nbsp;a&nbsp;proposta&nbsp;de&nbsp;valor da companhia e tragam ganhos&nbsp;de&nbsp;efici\u00eancia para provedores e operadoras&nbsp;de&nbsp;sa\u00fade.<\/p>\n\n\n\n<p>Com\u00a0a\u00a0nova investida,\u00a0a\u00a0Afya\u00a0amplia sua\u00a0atua\u00e7\u00e3o em solu\u00e7\u00f5es voltadas \u00e0 pr\u00e1tica profissional, complementando seu portf\u00f3lio\u00a0de\u00a0educa\u00e7\u00e3o e pr\u00e1tica m\u00e9dica e refor\u00e7a\u00a0sua posi\u00e7\u00e3o como um dos principais\u00a0articuladores\u00a0de\u00a0inova\u00e7\u00e3o no ecossistema\u00a0de\u00a0sa\u00fade\u00a0brasileiro.<\/p>","protected":false},"excerpt":{"rendered":"<p>Healthtech mineira&nbsp;que&nbsp;conecta&nbsp;m\u00e9dicos&nbsp;a&nbsp;plant\u00f5es hospitalares j\u00e1 publicou mais&nbsp;de&nbsp;100 mil&nbsp;vagas;&nbsp;aporte vai&nbsp;acelerar&nbsp;a&nbsp;expans\u00e3o&nbsp;nacional e possibilitar&nbsp;a&nbsp;evolu\u00e7\u00e3o da plataforma S\u00e3o Paulo,&nbsp;03&nbsp;de&nbsp;fevereiro&nbsp;de&nbsp;2026&nbsp;\u2013&nbsp;A&nbsp;Afya&nbsp;anuncia&nbsp;investimento&nbsp;na&nbsp;CareOn, healthtech&nbsp;que&nbsp;conecta&nbsp;m\u00e9dicos e outros profissionais da sa\u00fade&nbsp;a&nbsp;hospitais, cl\u00ednicas e laborat\u00f3rios.&nbsp;A&nbsp;startup&nbsp;se junta&nbsp;ao portf\u00f3lio&nbsp;de&nbsp;Corporate Venture Capital (CVC) da&nbsp;Afya,&nbsp;que&nbsp;j\u00e1 investiu em empresas como Marisa.Care, Caveo, Lean Sa\u00fade&nbsp;e Wellbe,&nbsp;nos \u00faltimos dois&nbsp;anos. A&nbsp;principal frente&nbsp;de&nbsp;atua\u00e7\u00e3o da&nbsp;CareOn&nbsp;\u00e9&nbsp;a&nbsp;oferta&nbsp;de&nbsp;plant\u00f5es e&nbsp;vagas&nbsp;fixas por meio&nbsp;de&nbsp;um&nbsp;aplicativo pr\u00f3prio.&nbsp;Al\u00e9m&nbsp;desse formato,&nbsp;a&nbsp;empresa tamb\u00e9m disponibiliza um servi\u00e7o consultivo e personalizado<\/p>","protected":false},"author":2,"featured_media":13455,"comment_status":"open","ping_status":"open","sticky":false,"template":"","format":"standard","meta":{"footnotes":""},"categories":[315],"tags":[1355,1500,1499],"class_list":{"0":"post-13453","1":"post","2":"type-post","3":"status-publish","4":"format-standard","5":"has-post-thumbnail","7":"category-noticias-corporativas-dino","8":"tag-afya","9":"tag-careon","10":"tag-investimento"},"yoast_head":"<!-- This site is optimized with the Yoast SEO plugin v27.5 - https:\/\/yoast.com\/product\/yoast-seo-wordpress\/ -->\n<title>Investimento da Afya na CareOn e o Mercado M\u00e9dico em 2026<\/title>\n<meta name=\"description\" content=\"Saiba tudo sobre o investimento da Afya na CareOn e o mercado m\u00e9dico em 2026. A healthtech mineira acelera expans\u00e3o nacional\" \/>\n<meta name=\"robots\" content=\"index, follow, max-snippet:-1, max-image-preview:large, max-video-preview:-1\" \/>\n<link rel=\"canonical\" href=\"http:\/\/angelboss.com.br\/en\/2026\/03\/04\/investimento-da-afya-na-careon-e-o-mercado-medico-cvc\/\" \/>\n<meta property=\"og:locale\" content=\"en_US\" \/>\n<meta property=\"og:type\" content=\"article\" \/>\n<meta property=\"og:title\" content=\"Investimento da Afya na CareOn e o Mercado M\u00e9dico em 2026\" \/>\n<meta property=\"og:description\" content=\"Saiba tudo sobre o investimento da Afya na CareOn e o mercado m\u00e9dico em 2026. A healthtech mineira acelera expans\u00e3o nacional\" \/>\n<meta property=\"og:url\" content=\"http:\/\/angelboss.com.br\/en\/2026\/03\/04\/investimento-da-afya-na-careon-e-o-mercado-medico-cvc\/\" \/>\n<meta property=\"og:site_name\" content=\"Portal Masculino de Moda, Beleza, Luxo and Business - Angel Boss\" \/>\n<meta property=\"article:published_time\" content=\"2026-03-04T19:07:12+00:00\" \/>\n<meta property=\"article:modified_time\" content=\"2026-03-04T19:07:14+00:00\" \/>\n<meta property=\"og:image\" content=\"http:\/\/angelboss.com.br\/wp-content\/uploads\/2026\/03\/1320-X-768-6.webp\" \/>\n\t<meta property=\"og:image:width\" content=\"1320\" \/>\n\t<meta property=\"og:image:height\" content=\"768\" \/>\n\t<meta property=\"og:image:type\" content=\"image\/webp\" \/>\n<meta name=\"author\" content=\"Neto Angel Boss\" \/>\n<meta name=\"twitter:card\" content=\"summary_large_image\" \/>\n<meta name=\"twitter:label1\" content=\"Written by\" \/>\n\t<meta name=\"twitter:data1\" content=\"Neto Angel Boss\" \/>\n\t<meta name=\"twitter:label2\" content=\"Est. reading time\" \/>\n\t<meta name=\"twitter:data2\" content=\"4 minutes\" \/>\n<script type=\"application\/ld+json\" class=\"yoast-schema-graph\">{\"@context\":\"https:\\\/\\\/schema.org\",\"@graph\":[{\"@type\":\"Article\",\"@id\":\"http:\\\/\\\/angelboss.com.br\\\/en\\\/2026\\\/03\\\/04\\\/investimento-da-afya-na-careon-e-o-mercado-medico-cvc\\\/#article\",\"isPartOf\":{\"@id\":\"http:\\\/\\\/angelboss.com.br\\\/en\\\/2026\\\/03\\\/04\\\/investimento-da-afya-na-careon-e-o-mercado-medico-cvc\\\/\"},\"author\":{\"name\":\"Neto Angel Boss\",\"@id\":\"https:\\\/\\\/angelboss.com.br\\\/en\\\/#\\\/schema\\\/person\\\/af084936b46cf2e03f299183e429e350\"},\"headline\":\"Afya\u00a0anuncia\u00a0investimento\u00a0na\u00a0CareOn,\u00a0startup\u00a0que\u00a0conecta\u00a0m\u00e9dicos\u00a0a\u00a0vagas\u00a0de\u00a0plant\u00f5es\",\"datePublished\":\"2026-03-04T19:07:12+00:00\",\"dateModified\":\"2026-03-04T19:07:14+00:00\",\"mainEntityOfPage\":{\"@id\":\"http:\\\/\\\/angelboss.com.br\\\/en\\\/2026\\\/03\\\/04\\\/investimento-da-afya-na-careon-e-o-mercado-medico-cvc\\\/\"},\"wordCount\":934,\"commentCount\":0,\"publisher\":{\"@id\":\"https:\\\/\\\/angelboss.com.br\\\/en\\\/#organization\"},\"image\":{\"@id\":\"http:\\\/\\\/angelboss.com.br\\\/en\\\/2026\\\/03\\\/04\\\/investimento-da-afya-na-careon-e-o-mercado-medico-cvc\\\/#primaryimage\"},\"thumbnailUrl\":\"http:\\\/\\\/angelboss.com.br\\\/wp-content\\\/uploads\\\/2026\\\/03\\\/1320-X-768-6.webp\",\"keywords\":[\"afya\",\"careon\",\"investimento\"],\"articleSection\":[\"Not\u00edcias Corporativas\"],\"inLanguage\":\"en-US\",\"potentialAction\":[{\"@type\":\"CommentAction\",\"name\":\"Comment\",\"target\":[\"http:\\\/\\\/angelboss.com.br\\\/en\\\/2026\\\/03\\\/04\\\/investimento-da-afya-na-careon-e-o-mercado-medico-cvc\\\/#respond\"]}]},{\"@type\":\"WebPage\",\"@id\":\"http:\\\/\\\/angelboss.com.br\\\/en\\\/2026\\\/03\\\/04\\\/investimento-da-afya-na-careon-e-o-mercado-medico-cvc\\\/\",\"url\":\"http:\\\/\\\/angelboss.com.br\\\/en\\\/2026\\\/03\\\/04\\\/investimento-da-afya-na-careon-e-o-mercado-medico-cvc\\\/\",\"name\":\"Investimento da Afya na CareOn e o Mercado M\u00e9dico em 2026\",\"isPartOf\":{\"@id\":\"https:\\\/\\\/angelboss.com.br\\\/en\\\/#website\"},\"primaryImageOfPage\":{\"@id\":\"http:\\\/\\\/angelboss.com.br\\\/en\\\/2026\\\/03\\\/04\\\/investimento-da-afya-na-careon-e-o-mercado-medico-cvc\\\/#primaryimage\"},\"image\":{\"@id\":\"http:\\\/\\\/angelboss.com.br\\\/en\\\/2026\\\/03\\\/04\\\/investimento-da-afya-na-careon-e-o-mercado-medico-cvc\\\/#primaryimage\"},\"thumbnailUrl\":\"http:\\\/\\\/angelboss.com.br\\\/wp-content\\\/uploads\\\/2026\\\/03\\\/1320-X-768-6.webp\",\"datePublished\":\"2026-03-04T19:07:12+00:00\",\"dateModified\":\"2026-03-04T19:07:14+00:00\",\"description\":\"Saiba tudo sobre o investimento da Afya na CareOn e o mercado m\u00e9dico em 2026. A healthtech mineira acelera expans\u00e3o nacional\",\"breadcrumb\":{\"@id\":\"http:\\\/\\\/angelboss.com.br\\\/en\\\/2026\\\/03\\\/04\\\/investimento-da-afya-na-careon-e-o-mercado-medico-cvc\\\/#breadcrumb\"},\"inLanguage\":\"en-US\",\"potentialAction\":[{\"@type\":\"ReadAction\",\"target\":[\"http:\\\/\\\/angelboss.com.br\\\/en\\\/2026\\\/03\\\/04\\\/investimento-da-afya-na-careon-e-o-mercado-medico-cvc\\\/\"]}]},{\"@type\":\"ImageObject\",\"inLanguage\":\"en-US\",\"@id\":\"http:\\\/\\\/angelboss.com.br\\\/en\\\/2026\\\/03\\\/04\\\/investimento-da-afya-na-careon-e-o-mercado-medico-cvc\\\/#primaryimage\",\"url\":\"http:\\\/\\\/angelboss.com.br\\\/wp-content\\\/uploads\\\/2026\\\/03\\\/1320-X-768-6.webp\",\"contentUrl\":\"http:\\\/\\\/angelboss.com.br\\\/wp-content\\\/uploads\\\/2026\\\/03\\\/1320-X-768-6.webp\",\"width\":1320,\"height\":768,\"caption\":\"Imagem\\\/Startup\"},{\"@type\":\"BreadcrumbList\",\"@id\":\"http:\\\/\\\/angelboss.com.br\\\/en\\\/2026\\\/03\\\/04\\\/investimento-da-afya-na-careon-e-o-mercado-medico-cvc\\\/#breadcrumb\",\"itemListElement\":[{\"@type\":\"ListItem\",\"position\":1,\"name\":\"In\u00edcio\",\"item\":\"https:\\\/\\\/angelboss.com.br\\\/en\\\/\"},{\"@type\":\"ListItem\",\"position\":2,\"name\":\"Afya\u00a0anuncia\u00a0investimento\u00a0na\u00a0CareOn,\u00a0startup\u00a0que\u00a0conecta\u00a0m\u00e9dicos\u00a0a\u00a0vagas\u00a0de\u00a0plant\u00f5es\"}]},{\"@type\":\"WebSite\",\"@id\":\"https:\\\/\\\/angelboss.com.br\\\/en\\\/#website\",\"url\":\"https:\\\/\\\/angelboss.com.br\\\/en\\\/\",\"name\":\"Portal Masculino de Moda, Beleza, Luxo e Business - Angel Boss\",\"description\":\"O Maior Portal sobre Moda, Luxo, Beleza e Business Masculino do Brasil\",\"publisher\":{\"@id\":\"https:\\\/\\\/angelboss.com.br\\\/en\\\/#organization\"},\"alternateName\":\"Maior Portal e Blog de Beleza Masculina e Luxo\",\"potentialAction\":[{\"@type\":\"SearchAction\",\"target\":{\"@type\":\"EntryPoint\",\"urlTemplate\":\"https:\\\/\\\/angelboss.com.br\\\/en\\\/?s={search_term_string}\"},\"query-input\":{\"@type\":\"PropertyValueSpecification\",\"valueRequired\":true,\"valueName\":\"search_term_string\"}}],\"inLanguage\":\"en-US\"},{\"@type\":\"Organization\",\"@id\":\"https:\\\/\\\/angelboss.com.br\\\/en\\\/#organization\",\"name\":\"Portal Masculino de Moda, Beleza, Luxo and Business - Angel Boss\",\"url\":\"https:\\\/\\\/angelboss.com.br\\\/en\\\/\",\"logo\":{\"@type\":\"ImageObject\",\"inLanguage\":\"en-US\",\"@id\":\"https:\\\/\\\/angelboss.com.br\\\/en\\\/#\\\/schema\\\/logo\\\/image\\\/\",\"url\":\"http:\\\/\\\/angelboss.com.br\\\/wp-content\\\/uploads\\\/2025\\\/12\\\/WhatsApp-Image-2025-12-11-at-12.54.26.jpeg\",\"contentUrl\":\"http:\\\/\\\/angelboss.com.br\\\/wp-content\\\/uploads\\\/2025\\\/12\\\/WhatsApp-Image-2025-12-11-at-12.54.26.jpeg\",\"width\":1280,\"height\":1280,\"caption\":\"Portal Masculino de Moda, Beleza, Luxo and Business - Angel Boss\"},\"image\":{\"@id\":\"https:\\\/\\\/angelboss.com.br\\\/en\\\/#\\\/schema\\\/logo\\\/image\\\/\"}},{\"@type\":\"Person\",\"@id\":\"https:\\\/\\\/angelboss.com.br\\\/en\\\/#\\\/schema\\\/person\\\/af084936b46cf2e03f299183e429e350\",\"name\":\"Neto Angel Boss\",\"image\":{\"@type\":\"ImageObject\",\"inLanguage\":\"en-US\",\"@id\":\"https:\\\/\\\/secure.gravatar.com\\\/avatar\\\/dbb38b2050e5181e32afbccf458635967af0767d15abe8168b35ebbd97907289?s=96&d=mm&r=g\",\"url\":\"https:\\\/\\\/secure.gravatar.com\\\/avatar\\\/dbb38b2050e5181e32afbccf458635967af0767d15abe8168b35ebbd97907289?s=96&d=mm&r=g\",\"contentUrl\":\"https:\\\/\\\/secure.gravatar.com\\\/avatar\\\/dbb38b2050e5181e32afbccf458635967af0767d15abe8168b35ebbd97907289?s=96&d=mm&r=g\",\"caption\":\"Neto Angel Boss\"},\"sameAs\":[\"http:\\\/\\\/www.angelboss.com\"],\"url\":\"http:\\\/\\\/angelboss.com.br\\\/en\\\/author\\\/netoangelboss\\\/\"}]}<\/script>\n<!-- \/ Yoast SEO plugin. -->","yoast_head_json":{"title":"Investimento da Afya na CareOn e o Mercado M\u00e9dico em 2026","description":"Saiba tudo sobre o investimento da Afya na CareOn e o mercado m\u00e9dico em 2026. A healthtech mineira acelera expans\u00e3o nacional","robots":{"index":"index","follow":"follow","max-snippet":"max-snippet:-1","max-image-preview":"max-image-preview:large","max-video-preview":"max-video-preview:-1"},"canonical":"http:\/\/angelboss.com.br\/en\/2026\/03\/04\/investimento-da-afya-na-careon-e-o-mercado-medico-cvc\/","og_locale":"en_US","og_type":"article","og_title":"Investimento da Afya na CareOn e o Mercado M\u00e9dico em 2026","og_description":"Saiba tudo sobre o investimento da Afya na CareOn e o mercado m\u00e9dico em 2026. A healthtech mineira acelera expans\u00e3o nacional","og_url":"http:\/\/angelboss.com.br\/en\/2026\/03\/04\/investimento-da-afya-na-careon-e-o-mercado-medico-cvc\/","og_site_name":"Portal Masculino de Moda, Beleza, Luxo and Business - Angel Boss","article_published_time":"2026-03-04T19:07:12+00:00","article_modified_time":"2026-03-04T19:07:14+00:00","og_image":[{"width":1320,"height":768,"url":"http:\/\/angelboss.com.br\/wp-content\/uploads\/2026\/03\/1320-X-768-6.webp","type":"image\/webp"}],"author":"Neto Angel Boss","twitter_card":"summary_large_image","twitter_misc":{"Written by":"Neto Angel Boss","Est. reading time":"4 minutes"},"schema":{"@context":"https:\/\/schema.org","@graph":[{"@type":"Article","@id":"http:\/\/angelboss.com.br\/en\/2026\/03\/04\/investimento-da-afya-na-careon-e-o-mercado-medico-cvc\/#article","isPartOf":{"@id":"http:\/\/angelboss.com.br\/en\/2026\/03\/04\/investimento-da-afya-na-careon-e-o-mercado-medico-cvc\/"},"author":{"name":"Neto Angel Boss","@id":"https:\/\/angelboss.com.br\/en\/#\/schema\/person\/af084936b46cf2e03f299183e429e350"},"headline":"Afya\u00a0anuncia\u00a0investimento\u00a0na\u00a0CareOn,\u00a0startup\u00a0que\u00a0conecta\u00a0m\u00e9dicos\u00a0a\u00a0vagas\u00a0de\u00a0plant\u00f5es","datePublished":"2026-03-04T19:07:12+00:00","dateModified":"2026-03-04T19:07:14+00:00","mainEntityOfPage":{"@id":"http:\/\/angelboss.com.br\/en\/2026\/03\/04\/investimento-da-afya-na-careon-e-o-mercado-medico-cvc\/"},"wordCount":934,"commentCount":0,"publisher":{"@id":"https:\/\/angelboss.com.br\/en\/#organization"},"image":{"@id":"http:\/\/angelboss.com.br\/en\/2026\/03\/04\/investimento-da-afya-na-careon-e-o-mercado-medico-cvc\/#primaryimage"},"thumbnailUrl":"http:\/\/angelboss.com.br\/wp-content\/uploads\/2026\/03\/1320-X-768-6.webp","keywords":["afya","careon","investimento"],"articleSection":["Not\u00edcias Corporativas"],"inLanguage":"en-US","potentialAction":[{"@type":"CommentAction","name":"Comment","target":["http:\/\/angelboss.com.br\/en\/2026\/03\/04\/investimento-da-afya-na-careon-e-o-mercado-medico-cvc\/#respond"]}]},{"@type":"WebPage","@id":"http:\/\/angelboss.com.br\/en\/2026\/03\/04\/investimento-da-afya-na-careon-e-o-mercado-medico-cvc\/","url":"http:\/\/angelboss.com.br\/en\/2026\/03\/04\/investimento-da-afya-na-careon-e-o-mercado-medico-cvc\/","name":"Investimento da Afya na CareOn e o Mercado M\u00e9dico em 2026","isPartOf":{"@id":"https:\/\/angelboss.com.br\/en\/#website"},"primaryImageOfPage":{"@id":"http:\/\/angelboss.com.br\/en\/2026\/03\/04\/investimento-da-afya-na-careon-e-o-mercado-medico-cvc\/#primaryimage"},"image":{"@id":"http:\/\/angelboss.com.br\/en\/2026\/03\/04\/investimento-da-afya-na-careon-e-o-mercado-medico-cvc\/#primaryimage"},"thumbnailUrl":"http:\/\/angelboss.com.br\/wp-content\/uploads\/2026\/03\/1320-X-768-6.webp","datePublished":"2026-03-04T19:07:12+00:00","dateModified":"2026-03-04T19:07:14+00:00","description":"Saiba tudo sobre o investimento da Afya na CareOn e o mercado m\u00e9dico em 2026. A healthtech mineira acelera expans\u00e3o nacional","breadcrumb":{"@id":"http:\/\/angelboss.com.br\/en\/2026\/03\/04\/investimento-da-afya-na-careon-e-o-mercado-medico-cvc\/#breadcrumb"},"inLanguage":"en-US","potentialAction":[{"@type":"ReadAction","target":["http:\/\/angelboss.com.br\/en\/2026\/03\/04\/investimento-da-afya-na-careon-e-o-mercado-medico-cvc\/"]}]},{"@type":"ImageObject","inLanguage":"en-US","@id":"http:\/\/angelboss.com.br\/en\/2026\/03\/04\/investimento-da-afya-na-careon-e-o-mercado-medico-cvc\/#primaryimage","url":"http:\/\/angelboss.com.br\/wp-content\/uploads\/2026\/03\/1320-X-768-6.webp","contentUrl":"http:\/\/angelboss.com.br\/wp-content\/uploads\/2026\/03\/1320-X-768-6.webp","width":1320,"height":768,"caption":"Imagem\/Startup"},{"@type":"BreadcrumbList","@id":"http:\/\/angelboss.com.br\/en\/2026\/03\/04\/investimento-da-afya-na-careon-e-o-mercado-medico-cvc\/#breadcrumb","itemListElement":[{"@type":"ListItem","position":1,"name":"In\u00edcio","item":"https:\/\/angelboss.com.br\/en\/"},{"@type":"ListItem","position":2,"name":"Afya\u00a0anuncia\u00a0investimento\u00a0na\u00a0CareOn,\u00a0startup\u00a0que\u00a0conecta\u00a0m\u00e9dicos\u00a0a\u00a0vagas\u00a0de\u00a0plant\u00f5es"}]},{"@type":"WebSite","@id":"https:\/\/angelboss.com.br\/en\/#website","url":"https:\/\/angelboss.com.br\/en\/","name":"Portal Masculino de Moda, Beleza, Luxo e Business - Angel Boss","description":"O Maior Portal sobre Moda, Luxo, Beleza e Business Masculino do Brasil","publisher":{"@id":"https:\/\/angelboss.com.br\/en\/#organization"},"alternateName":"Maior Portal e Blog de Beleza Masculina e Luxo","potentialAction":[{"@type":"SearchAction","target":{"@type":"EntryPoint","urlTemplate":"https:\/\/angelboss.com.br\/en\/?s={search_term_string}"},"query-input":{"@type":"PropertyValueSpecification","valueRequired":true,"valueName":"search_term_string"}}],"inLanguage":"en-US"},{"@type":"Organization","@id":"https:\/\/angelboss.com.br\/en\/#organization","name":"Portal Masculino de Moda, Beleza, Luxo and Business - Angel Boss","url":"https:\/\/angelboss.com.br\/en\/","logo":{"@type":"ImageObject","inLanguage":"en-US","@id":"https:\/\/angelboss.com.br\/en\/#\/schema\/logo\/image\/","url":"http:\/\/angelboss.com.br\/wp-content\/uploads\/2025\/12\/WhatsApp-Image-2025-12-11-at-12.54.26.jpeg","contentUrl":"http:\/\/angelboss.com.br\/wp-content\/uploads\/2025\/12\/WhatsApp-Image-2025-12-11-at-12.54.26.jpeg","width":1280,"height":1280,"caption":"Portal Masculino de Moda, Beleza, Luxo and Business - Angel Boss"},"image":{"@id":"https:\/\/angelboss.com.br\/en\/#\/schema\/logo\/image\/"}},{"@type":"Person","@id":"https:\/\/angelboss.com.br\/en\/#\/schema\/person\/af084936b46cf2e03f299183e429e350","name":"Neto Angel Boss","image":{"@type":"ImageObject","inLanguage":"en-US","@id":"https:\/\/secure.gravatar.com\/avatar\/dbb38b2050e5181e32afbccf458635967af0767d15abe8168b35ebbd97907289?s=96&d=mm&r=g","url":"https:\/\/secure.gravatar.com\/avatar\/dbb38b2050e5181e32afbccf458635967af0767d15abe8168b35ebbd97907289?s=96&d=mm&r=g","contentUrl":"https:\/\/secure.gravatar.com\/avatar\/dbb38b2050e5181e32afbccf458635967af0767d15abe8168b35ebbd97907289?s=96&d=mm&r=g","caption":"Neto Angel Boss"},"sameAs":["http:\/\/www.angelboss.com"],"url":"http:\/\/angelboss.com.br\/en\/author\/netoangelboss\/"}]}},"amp_enabled":true,"_links":{"self":[{"href":"http:\/\/angelboss.com.br\/en\/wp-json\/wp\/v2\/posts\/13453","targetHints":{"allow":["GET"]}}],"collection":[{"href":"http:\/\/angelboss.com.br\/en\/wp-json\/wp\/v2\/posts"}],"about":[{"href":"http:\/\/angelboss.com.br\/en\/wp-json\/wp\/v2\/types\/post"}],"author":[{"embeddable":true,"href":"http:\/\/angelboss.com.br\/en\/wp-json\/wp\/v2\/users\/2"}],"replies":[{"embeddable":true,"href":"http:\/\/angelboss.com.br\/en\/wp-json\/wp\/v2\/comments?post=13453"}],"version-history":[{"count":1,"href":"http:\/\/angelboss.com.br\/en\/wp-json\/wp\/v2\/posts\/13453\/revisions"}],"predecessor-version":[{"id":13456,"href":"http:\/\/angelboss.com.br\/en\/wp-json\/wp\/v2\/posts\/13453\/revisions\/13456"}],"wp:featuredmedia":[{"embeddable":true,"href":"http:\/\/angelboss.com.br\/en\/wp-json\/wp\/v2\/media\/13455"}],"wp:attachment":[{"href":"http:\/\/angelboss.com.br\/en\/wp-json\/wp\/v2\/media?parent=13453"}],"wp:term":[{"taxonomy":"category","embeddable":true,"href":"http:\/\/angelboss.com.br\/en\/wp-json\/wp\/v2\/categories?post=13453"},{"taxonomy":"post_tag","embeddable":true,"href":"http:\/\/angelboss.com.br\/en\/wp-json\/wp\/v2\/tags?post=13453"}],"curies":[{"name":"wp","href":"https:\/\/api.w.org\/{rel}","templated":true}]}}