{"id":12511,"date":"2026-02-26T18:09:28","date_gmt":"2026-02-26T18:09:28","guid":{"rendered":"https:\/\/angelboss.com.br\/?p=12511"},"modified":"2026-02-26T18:09:30","modified_gmt":"2026-02-26T18:09:30","slug":"exposicao-no-masp-claudia-alarcon-silat-tecendo","status":"publish","type":"post","link":"http:\/\/angelboss.com.br\/en\/2026\/02\/26\/exposicao-no-masp-claudia-alarcon-silat-tecendo\/","title":{"rendered":"MASP apresenta exposi\u00e7\u00e3o sobre coletivo de artistas do povo Wich\u00ed"},"content":{"rendered":"\n<p><em>Mostra re\u00fane obras de Claudia Alarc\u00f3n &amp; Sil\u00e4t, grupo composto por mais de cem mulheres que entrela\u00e7am arte, mem\u00f3ria e territ\u00f3rio a partir de t\u00e9cnicas ancestrais<\/em><\/p>\n\n\n\n<figure class=\"wp-block-table aligncenter\"><table class=\"has-fixed-layout\"><tbody><tr><td><img decoding=\"async\" alt=\"\" width=\"504\" src=\"https:\/\/ci3.googleusercontent.com\/meips\/ADKq_NZJVRXrOmJvUvhAa67j0o-yIUxXb0zjH9GocXh6fCwUb5i5waTMKzWhCBbJAJdy0nSVQzHVYqvgQ2JzowdIZApX-jEmUDE0sC7zbuX-hlS4N_HGI3cK1ylCs7YLZas7D7X0cSMrwR8qvTagLNuuWg5ixQ5cgNJFGR74xClHX8B4UPrT2zrFpyG_dPvZfe_5ezMMLWXck7M6kZIrPmoI6v0CO9oS4Z3skYaztNl_wT8sQl_2wt56y5VpkEcRkivRye-oKUKia62fklLVB8hH__Dd72Sr3cRrfJpXTnzhWQk=s0-d-e1-ft#https:\/\/s2601.imxsnd91.com\/6==AOkpTM3QDOjhjOyJmLt92YuM3cvJGbldmbhBEbldmbh9Gdl5mO5EjNxkjM1UzM6cWZwpmL39GbmVDMjZDOxIGM0UjY5ADMkVTO2UTZ4YmY4kTOjNzNwcjRyUyNwcjRyUCMxETM0YkMlkjMzgTN2AjN48VL1ETLf9VLwITLfpTO\"><\/td><\/tr><\/tbody><\/table><figcaption class=\"wp-element-caption\">Claudia Alarc\u00f3n &amp; Sil\u00e4t,\u00a0<em>Kyelhkyup \u2014 El oto\u00f1o\u00a0<\/em>[Outono], 2023, Acervo MASP<br>Foto: Eduardo Ortega<\/figcaption><\/figure>\n\n\n\n<h2 class=\"wp-block-heading\"><strong>6 de mar\u00e7o a 2 de agosto de 2026<\/strong><\/h2>\n\n\n\n<p>De 6 de mar\u00e7o a 2 de agosto de 2026, o&nbsp;<strong>MASP \u2014 Museu de Arte de S\u00e3o Paulo Assis Chateaubriand<\/strong>&nbsp;exibe&nbsp;<em><strong>Claudia Alarc\u00f3n &amp; Sil\u00e4t: viver tecendo<\/strong><\/em>. A mostra re\u00fane 25 trabalhos que contemplam a produ\u00e7\u00e3o art\u00edstica de&nbsp;<strong>Claudia Alarc\u00f3n<\/strong>&nbsp;(La Puntana, Argentina, 1989)&nbsp;<strong>&amp;<\/strong>&nbsp;<strong>Sil\u00e4t<\/strong>, coletivo formado por mais de cem tecedeiras do povo Wich\u00ed. Com curadoria de&nbsp;<strong>Adriano Pedrosa<\/strong>, diretor art\u00edstico, MASP, e&nbsp;<strong>Laura Cosendey<\/strong>, curadora assistente, MASP, a exposi\u00e7\u00e3o marca a estreia da artista e do grupo em um museu brasileiro.<\/p>\n\n\n\n<p>As obras s\u00e3o produzidas com fios de&nbsp;<em>chaguar<\/em>, uma brom\u00e9lia de fibras resilientes nativa do clima semi\u00e1rido do Gran Chaco, maior bioma da Am\u00e9rica Latina depois da Amaz\u00f4nia, que ocupa as regi\u00f5es norte e nordeste da Argentina, chegando at\u00e9 o Paraguai. A prepara\u00e7\u00e3o do&nbsp;<em>chaguar<\/em>&nbsp;e a t\u00e9cnica de entrela\u00e7ar os fios com as m\u00e3os, sem o uso de um tear, prov\u00eam da confec\u00e7\u00e3o das bolsas&nbsp;<em>yicas<\/em>, objeto central para a cultura wich\u00ed. Tradicionalmente, a&nbsp;<em>yica<\/em>&nbsp;tem formato quadrado, com padr\u00f5es geom\u00e9tricos que representam a flora e a fauna de seu territ\u00f3rio, remetendo a temas como orelhas de tatu, olhos de coruja e cascos de tartaruga. Embora seja o ponto de partida do trabalho de Alarc\u00f3n &amp; Sil\u00e4t, suas obras transcendem esse repert\u00f3rio tradicional. A partir de oficinas que propunham pensar novos formatos para as bolsas&nbsp;<em>yicas<\/em>, o coletivo Sil\u00e4t se organizou em 2023, passando a produzir tecidos dentro do contexto art\u00edstico.<\/p>\n\n\n\n<p>Historicamente, os t\u00eaxteis produzidos pelos Wich\u00ed tinham tons terrosos, avermelhados e azuis acinzentados, mas as artistas passaram a adicionar cores mais intensas com anilinas no processo de prepara\u00e7\u00e3o dos fios, chegando a matizes exuberantes de tons laranja e f\u00facsia, por exemplo. Outra importante inova\u00e7\u00e3o do trabalho de Alarc\u00f3n &amp; Sil\u00e4t est\u00e1 no pr\u00f3prio processo de produ\u00e7\u00e3o dos tecidos: enquanto tradicionalmente as mulheres sempre teceram individualmente, as integrantes do Sil\u00e4t desenvolveram m\u00e9todos para que v\u00e1rias integrantes pudessem trabalhar simultaneamente em uma mesma pe\u00e7a ou dar continuidade ao trabalho de outra tecedeira.<\/p>\n\n\n\n<p>A mitologia do povo Wich\u00ed tamb\u00e9m comp\u00f5e os trabalhos de Alarc\u00f3n &amp; Sil\u00e4t. Em&nbsp;<em>Kates tsinhay \u2014 Mujeres estrellas [Mulheres-estrelas]<\/em>, 2023, Claudia Alarc\u00f3n evoca o mito das mulheres-estrelas. A cren\u00e7a narra que as mulheres eram estrelas no c\u00e9u e desciam \u00e0 Terra todas as noites por fios de&nbsp;<em>chaguar<\/em>&nbsp;que elas mesmas haviam tecido. Vinham se alimentar, roubando os peixes que os homens pescavam. Quando os homens descobriram, cortaram esses fios e as mulheres ficaram na Terra. Essa obra e outras inspiradas por esse enredo simb\u00f3lico mesclam as geometrias ancestrais com elementos figurativos para delinear estrelas, luas, astros e c\u00e9us estrelados.<\/p>\n\n\n\n<p>\u201cRecupero lendas e hist\u00f3rias do nosso povo, sinto que tem muito trabalho a ser revivido. Penso em como recuperar isso, porque \u00e9 algo que talvez n\u00e3o possa ser dito oralmente, n\u00e3o podemos gritar isso. Mas o tecido tamb\u00e9m fala. H\u00e1 quem possa entender ou sentir isso no tecido. Eu me dei conta de que, embora te\u00e7amos em sil\u00eancio, tudo est\u00e1 dito no tecido\u201d, comenta Alarc\u00f3n.<\/p>\n\n\n\n<p>Os wich\u00eds chamam seu territ\u00f3rio de<em>&nbsp;tayhi&nbsp;<\/em>e o consideram parte fundamental da identidade, tendo uma dimens\u00e3o espiritual e simb\u00f3lica. Em espanhol, o nome para a regi\u00e3o \u00e9&nbsp;<em>monte<\/em>. Por\u00e9m, ainda que o nome remeta a montanhas, o relevo local \u00e9 majoritariamente plano. A experi\u00eancia cotidiana, o vento, o dia, o entardecer, a noite, as constela\u00e7\u00f5es e muitos outros elementos da viv\u00eancia no&nbsp;<em>monte<\/em>&nbsp;est\u00e3o presentes nas cores, formas org\u00e2nicas e geom\u00e9tricas dos trabalhos de Alarc\u00f3n &amp; Sil\u00e4t. O olhar sens\u00edvel das tecedeiras para os ciclos naturais retrata na abstra\u00e7\u00e3o&nbsp;<em>Kyelhkyup \u2014 El oto\u00f1o&nbsp;<\/em>[Outono], 2023, da cole\u00e7\u00e3o do MASP, as mudan\u00e7as de tons, texturas e luz durante a passagem das esta\u00e7\u00f5es no&nbsp;<em>monte<\/em>.<\/p>\n\n\n\n<p>Tecer em conjunto, somado \u00e0s inova\u00e7\u00f5es implementadas, possibilitou a elabora\u00e7\u00e3o de composi\u00e7\u00f5es t\u00eaxteis que trazem uma multiplicidade de vozes e cores, articulando padr\u00f5es tradicionais com um repert\u00f3rio visual e po\u00e9tico contempor\u00e2neo. \u201cOs tecidos tornaram-se bandeiras de luta, estandartes que portam mensagens, hist\u00f3rias, e d\u00e3o vozes \u00e0s mulheres da comunidade\u201d, afirma Laura Cosendey.<\/p>\n\n\n\n<p>Tanto a singularidade das artistas quanto a dimens\u00e3o do coletivo s\u00e3o demonstradas na instala\u00e7\u00e3o&nbsp;<em>Hilulis ta llhaiematwek<\/em>&nbsp;\u2014&nbsp;<em>Un coro de yicas<\/em>&nbsp;[Um coro de yicas] (2024-25), que re\u00fane mais de cem bolsas, cada uma delas produzida por uma integrante do grupo. As escolhas pessoais de cor e padr\u00e3o s\u00e3o destacadas quando os trabalhos s\u00e3o exibidos lado a lado, enquanto a apresenta\u00e7\u00e3o em conjunto refor\u00e7a o car\u00e1ter pol\u00edtico da articula\u00e7\u00e3o do coletivo, que possibilitou criticar quest\u00f5es como a desvaloriza\u00e7\u00e3o do saber ancestral e a precariza\u00e7\u00e3o do trabalho das tecedeiras.<\/p>\n\n\n\n<p>Na exposi\u00e7\u00e3o, as obras s\u00e3o apresentadas em molduras ou em estruturas verticais de madeira, que remetem \u00e0 maneira como esses tecidos s\u00e3o produzidos e, ocasionalmente, apresentados na comunidade onde vivem as tecedeiras. O conjunto\u00a0<em>N\u2019\u00e4yhay wet layikis \u2014 Caminos y cicatrizes<\/em>\u00a0[Caminhos e cicatrizes] \u00e9 um dos trabalhos exibidos nesse suporte expogr\u00e1fico proposto pelo MASP. A composi\u00e7\u00e3o t\u00eaxtil foi pensada pelo coletivo, em 2025, para o Nove de Julho, dia em que se comemora a independ\u00eancia da Argentina. A cria\u00e7\u00e3o art\u00edstica foi tecida pelas mulheres para denunciar a repress\u00e3o violenta cometida ao longo do tempo pelo Estado argentino contra popula\u00e7\u00f5es ind\u00edgenas.<\/p>\n\n\n\n<p><em><strong>Claudia Alarc\u00f3n &amp; Sil\u00e4t: viver tecendo<\/strong><\/em>&nbsp;integra a programa\u00e7\u00e3o anual do MASP dedicada \u00e0s&nbsp;<em>Hist\u00f3rias latino-americanas<\/em>. A agenda do ano tamb\u00e9m inclui mostras de La Chola Poblete, Sandra Gamarra Heshiki, Santiago Yahuarcani, Colectivo Acciones de Arte, Dami\u00e1n Ortega, Sol Calero, Carolina Caycedo, Pablo Delano, Rosa Elena Curruchich, Manuel Herreros e Mateo Manaure, Jes\u00fas Soto e uma exposi\u00e7\u00e3o coletiva internacional.<\/p>\n\n\n\n<h2 class=\"wp-block-heading\"><strong>SOBRE AS ARTISTAS<\/strong><\/h2>\n\n\n\n<p>A partir de oficinas voltadas para repensar as bolsas&nbsp;<em>yicas<\/em>, em 2023, as mulheres wich\u00eds se articularam formando o coletivo Sil\u00e4t, nome que significa \u201cmensagem\u201d em wich\u00ed lh\u00e4mtes. Composto por mais de cem mulheres das comunidades de La Puntana e Alto de la Sierra, o grupo faz dos t\u00eaxteis uma ferramenta art\u00edstica de afirma\u00e7\u00e3o pol\u00edtica e de protagonismo feminino, articulando saberes ancestrais e debates atuais sobre territ\u00f3rio, identidade e autonomia. Nascida em 1989 em La Puntana, na prov\u00edncia de Salta, no norte da Argentina, Claudia Alarc\u00f3n se destaca ao liderar as tecedeiras e recuperar o \u201cponto antigo\u201d, uma trama complexa de fios de&nbsp;<em>chaguar<\/em>&nbsp;que estava em desuso. As obras de Claudia Alarc\u00f3n &amp; Sil\u00e4t participaram da Bienal de Veneza de 2024.<\/p>\n\n\n\n<h2 class=\"wp-block-heading\"><strong>ACESSIBILIDADE<\/strong><\/h2>\n\n\n\n<p>Todas as exposi\u00e7\u00f5es tempor\u00e1rias do MASP possuem recursos de acessibilidade, com entrada gratuita para pessoas com defici\u00eancia e seu acompanhante. S\u00e3o oferecidas visitas em Libras ou descritivas, mediante solicita\u00e7\u00e3o pelo e-mail&nbsp;<a href=\"mailto:acessibilidade@masp.org.br\" target=\"_blank\" rel=\"noreferrer noopener\">acessibilidade@masp.org.br<\/a>, al\u00e9m de textos e legendas em fonte ampliada e conte\u00fados audiovisuais com audiodescri\u00e7\u00e3o, legendagem e interpreta\u00e7\u00e3o em Libras. Todos os materiais est\u00e3o dispon\u00edveis no site e canal do YouTube do museu e podem ser utilizados por pessoas com ou sem defici\u00eancia, p\u00fablicos escolares, professores, pessoas n\u00e3o alfabetizadas e interessadas em geral, em visitas espont\u00e2neas ou acompanhadas pela equipe MASP.<\/p>\n\n\n\n<h2 class=\"wp-block-heading\"><strong>CAT\u00c1LOGO<\/strong><\/h2>\n\n\n\n<p>Ser\u00e1 publicado um cat\u00e1logo bil\u00edngue, em ingl\u00eas e portugu\u00eas, reunindo imagens e textos sobre a exposi\u00e7\u00e3o. O livro tem organiza\u00e7\u00e3o editorial e curadoria de Adriano Pedrosa e Laura Cosendey e conta com ensaios de Cosendey, al\u00e9m das autoras convidadas Andrei Fern\u00e1ndez, Lynne Cooke, Natalia Brizuela e Sofia Gotti, e uma entrevista in\u00e9dita com Alarc\u00f3n.<\/p>\n\n\n\n<h2 class=\"wp-block-heading\"><strong>LOJA MASP<\/strong><\/h2>\n\n\n\n<p>Em di\u00e1logo com a exposi\u00e7\u00e3o, a Loja MASP apresenta produtos especiais de\u00a0<em>Claudia Alarc\u00f3n &amp; Sil\u00e4t: viver tecendo<\/em>, que incluem postais, \u00edm\u00e3s e marca-p\u00e1ginas.<\/p>\n\n\n\n<h2 class=\"wp-block-heading\"><strong>REALIZA\u00c7\u00c3O<\/strong><\/h2>\n\n\n\n<p><em><strong>Claudia Alarc\u00f3n &amp; Sil\u00e4t: viver tecendo<\/strong><\/em>&nbsp;\u00e9 realizada por meio da Lei Federal de Incentivo \u00e0 Cultura e tem apoio da Renner.<\/p>\n\n\n\n<h2 class=\"wp-block-heading\"><strong>SERVI\u00c7O<\/strong><\/h2>\n\n\n\n<p><em><strong>Claudia Alarc\u00f3n &amp; Sil\u00e4t: viver tecendo<\/strong><\/em><\/p>\n\n\n\n<p>Curadoria: Adriano Pedrosa, diretor art\u00edstico, MASP, e Laura Cosendey, curadora assistente,<\/p>\n\n\n\n<p><strong>MASP<\/strong><\/p>\n\n\n\n<p>6.3 \u2014 2.8.2026<\/p>\n\n\n\n<p>Edif\u00edcio Pietro Maria Bardi, 3\u00ba andar<\/p>\n\n\n\n<p>MASP \u2014 Museu de Arte de S\u00e3o Paulo Assis Chateaubriand<\/p>\n\n\n\n<p>Avenida Paulista, 1578 \u2013 Bela Vista, S\u00e3o Paulo, SP 01310-200<\/p>\n\n\n\n<p>Telefone: (11) 3149-5959<\/p>\n\n\n\n<p>Hor\u00e1rios: ter\u00e7as gr\u00e1tis, das 10h \u00e0s 20h (entrada at\u00e9 as 19h); quarta e quinta das 10h \u00e0s 18h<\/p>\n\n\n\n<p>(entrada at\u00e9 as 17h); sexta das 10h \u00e0s 21h (entrada gratuita das 18h \u00e0s 20h30); s\u00e1bado e<\/p>\n\n\n\n<p>domingo, das 10h \u00e0s 18h (entrada at\u00e9 as 17h); fechado \u00e0s segundas.<\/p>\n\n\n\n<p>Agendamento on-line obrigat\u00f3rio pelo link&nbsp;<a href=\"https:\/\/masp.org.br\/ingressos\" target=\"_blank\" rel=\"noreferrer noopener\"><u>masp.org.br\/ingressos<\/u><\/a>&nbsp;<\/p>\n\n\n\n<p>Ingressos: R$ 85 (entrada); R$ 42 (meia-entrada)<\/p>\n\n\n\n<p><a href=\"https:\/\/www.masp.org.br\/\" target=\"_blank\" rel=\"noreferrer noopener\"><u>Site oficial<\/u><\/a><br><a href=\"https:\/\/facebook.com\/maspmuseu\" target=\"_blank\" rel=\"noreferrer noopener\"><u>Facebook<\/u><\/a><br><a href=\"https:\/\/twitter.com\/maspmuseu\" target=\"_blank\" rel=\"noreferrer noopener\"><u>X (ex-Twitter)<\/u><\/a><br><a href=\"https:\/\/instagram.com\/masp\" target=\"_blank\" rel=\"noreferrer noopener\"><u>Instagram<\/u><\/a><\/p>\n","protected":false},"excerpt":{"rendered":"<p>Mostra re\u00fane obras de Claudia Alarc\u00f3n &amp; Sil\u00e4t, grupo composto por mais de cem mulheres que entrela\u00e7am arte, mem\u00f3ria e territ\u00f3rio a partir de t\u00e9cnicas ancestrais Claudia Alarc\u00f3n &amp; Sil\u00e4t,\u00a0Kyelhkyup \u2014 El oto\u00f1o\u00a0[Outono], 2023, Acervo MASPFoto: Eduardo Ortega 6 de mar\u00e7o a 2 de agosto de 2026 De 6 de mar\u00e7o a 2 de agosto<\/p>\n","protected":false},"author":2,"featured_media":12515,"comment_status":"open","ping_status":"open","sticky":false,"template":"","format":"standard","meta":{"footnotes":""},"categories":[168],"tags":[1236,1234,1235],"class_list":{"0":"post-12511","1":"post","2":"type-post","3":"status-publish","4":"format-standard","5":"has-post-thumbnail","7":"category-eai-bora-nessa","8":"tag-coletivo-wichi","9":"tag-exposicao","10":"tag-masp"},"yoast_head":"<!-- This site is optimized with the Yoast SEO plugin v27.5 - https:\/\/yoast.com\/product\/yoast-seo-wordpress\/ -->\n<title>Exposi\u00e7\u00e3o no MASP: Claudia Alarc\u00f3n e o Coletivo Wich\u00ed<\/title>\n<meta name=\"description\" content=\"Confira a nova exposi\u00e7\u00e3o no MASP sobre o coletivo Wich\u00ed. Claudia Alarc\u00f3n &amp; Sil\u00e4t apresentam obras t\u00eaxteis que unem arte, mem\u00f3ria e territ\u00f3rio. Saiba mais!\" \/>\n<meta name=\"robots\" content=\"index, follow, max-snippet:-1, max-image-preview:large, max-video-preview:-1\" \/>\n<link rel=\"canonical\" href=\"http:\/\/angelboss.com.br\/en\/2026\/02\/26\/exposicao-no-masp-claudia-alarcon-silat-tecendo\/\" \/>\n<meta property=\"og:locale\" content=\"en_US\" \/>\n<meta property=\"og:type\" content=\"article\" \/>\n<meta property=\"og:title\" content=\"Exposi\u00e7\u00e3o no MASP: Claudia Alarc\u00f3n e o Coletivo Wich\u00ed\" \/>\n<meta property=\"og:description\" content=\"Confira a nova exposi\u00e7\u00e3o no MASP sobre o coletivo Wich\u00ed. Claudia Alarc\u00f3n &amp; Sil\u00e4t apresentam obras t\u00eaxteis que unem arte, mem\u00f3ria e territ\u00f3rio. Saiba mais!\" \/>\n<meta property=\"og:url\" content=\"http:\/\/angelboss.com.br\/en\/2026\/02\/26\/exposicao-no-masp-claudia-alarcon-silat-tecendo\/\" \/>\n<meta property=\"og:site_name\" content=\"Portal Masculino de Moda, Beleza, Luxo and Business - Angel Boss\" \/>\n<meta property=\"article:published_time\" content=\"2026-02-26T18:09:28+00:00\" \/>\n<meta property=\"article:modified_time\" content=\"2026-02-26T18:09:30+00:00\" \/>\n<meta property=\"og:image\" content=\"http:\/\/angelboss.com.br\/wp-content\/uploads\/2025\/12\/WhatsApp-Image-2025-12-11-at-12.54.26.jpeg\" \/>\n\t<meta property=\"og:image:width\" content=\"1280\" \/>\n\t<meta property=\"og:image:height\" content=\"1280\" \/>\n\t<meta property=\"og:image:type\" content=\"image\/jpeg\" \/>\n<meta name=\"author\" content=\"Neto Angel Boss\" \/>\n<meta name=\"twitter:card\" content=\"summary_large_image\" \/>\n<meta name=\"twitter:label1\" content=\"Written by\" \/>\n\t<meta name=\"twitter:data1\" content=\"Neto Angel Boss\" \/>\n\t<meta name=\"twitter:label2\" content=\"Est. reading time\" \/>\n\t<meta name=\"twitter:data2\" content=\"8 minutes\" \/>\n<script type=\"application\/ld+json\" class=\"yoast-schema-graph\">{\"@context\":\"https:\\\/\\\/schema.org\",\"@graph\":[{\"@type\":\"Article\",\"@id\":\"http:\\\/\\\/angelboss.com.br\\\/en\\\/2026\\\/02\\\/26\\\/exposicao-no-masp-claudia-alarcon-silat-tecendo\\\/#article\",\"isPartOf\":{\"@id\":\"http:\\\/\\\/angelboss.com.br\\\/en\\\/2026\\\/02\\\/26\\\/exposicao-no-masp-claudia-alarcon-silat-tecendo\\\/\"},\"author\":{\"name\":\"Neto Angel Boss\",\"@id\":\"http:\\\/\\\/angelboss.com.br\\\/#\\\/schema\\\/person\\\/af084936b46cf2e03f299183e429e350\"},\"headline\":\"MASP apresenta exposi\u00e7\u00e3o sobre coletivo de artistas do povo Wich\u00ed\",\"datePublished\":\"2026-02-26T18:09:28+00:00\",\"dateModified\":\"2026-02-26T18:09:30+00:00\",\"mainEntityOfPage\":{\"@id\":\"http:\\\/\\\/angelboss.com.br\\\/en\\\/2026\\\/02\\\/26\\\/exposicao-no-masp-claudia-alarcon-silat-tecendo\\\/\"},\"wordCount\":1607,\"commentCount\":0,\"publisher\":{\"@id\":\"http:\\\/\\\/angelboss.com.br\\\/#organization\"},\"image\":{\"@id\":\"http:\\\/\\\/angelboss.com.br\\\/en\\\/2026\\\/02\\\/26\\\/exposicao-no-masp-claudia-alarcon-silat-tecendo\\\/#primaryimage\"},\"thumbnailUrl\":\"http:\\\/\\\/angelboss.com.br\\\/wp-content\\\/uploads\\\/2026\\\/02\\\/Claudia-Alarcon-Silat-Hilulis-ta-llhaiematwek-\u2014-Un-coro-de-yicas-2024-25.-Colecao-particular-private-collection-scaled.jpg\",\"keywords\":[\"Coletivo Wich\u00ed\",\"Exposi\u00e7\u00e3o\",\"Masp\"],\"articleSection\":[\"EA\u00cd, BORA NESSA?\"],\"inLanguage\":\"en-US\",\"potentialAction\":[{\"@type\":\"CommentAction\",\"name\":\"Comment\",\"target\":[\"http:\\\/\\\/angelboss.com.br\\\/en\\\/2026\\\/02\\\/26\\\/exposicao-no-masp-claudia-alarcon-silat-tecendo\\\/#respond\"]}]},{\"@type\":\"WebPage\",\"@id\":\"http:\\\/\\\/angelboss.com.br\\\/en\\\/2026\\\/02\\\/26\\\/exposicao-no-masp-claudia-alarcon-silat-tecendo\\\/\",\"url\":\"http:\\\/\\\/angelboss.com.br\\\/en\\\/2026\\\/02\\\/26\\\/exposicao-no-masp-claudia-alarcon-silat-tecendo\\\/\",\"name\":\"Exposi\u00e7\u00e3o no MASP: Claudia Alarc\u00f3n e o Coletivo Wich\u00ed\",\"isPartOf\":{\"@id\":\"http:\\\/\\\/angelboss.com.br\\\/#website\"},\"primaryImageOfPage\":{\"@id\":\"http:\\\/\\\/angelboss.com.br\\\/en\\\/2026\\\/02\\\/26\\\/exposicao-no-masp-claudia-alarcon-silat-tecendo\\\/#primaryimage\"},\"image\":{\"@id\":\"http:\\\/\\\/angelboss.com.br\\\/en\\\/2026\\\/02\\\/26\\\/exposicao-no-masp-claudia-alarcon-silat-tecendo\\\/#primaryimage\"},\"thumbnailUrl\":\"http:\\\/\\\/angelboss.com.br\\\/wp-content\\\/uploads\\\/2026\\\/02\\\/Claudia-Alarcon-Silat-Hilulis-ta-llhaiematwek-\u2014-Un-coro-de-yicas-2024-25.-Colecao-particular-private-collection-scaled.jpg\",\"datePublished\":\"2026-02-26T18:09:28+00:00\",\"dateModified\":\"2026-02-26T18:09:30+00:00\",\"description\":\"Confira a nova exposi\u00e7\u00e3o no MASP sobre o coletivo Wich\u00ed. Claudia Alarc\u00f3n & Sil\u00e4t apresentam obras t\u00eaxteis que unem arte, mem\u00f3ria e territ\u00f3rio. Saiba mais!\",\"breadcrumb\":{\"@id\":\"http:\\\/\\\/angelboss.com.br\\\/en\\\/2026\\\/02\\\/26\\\/exposicao-no-masp-claudia-alarcon-silat-tecendo\\\/#breadcrumb\"},\"inLanguage\":\"en-US\",\"potentialAction\":[{\"@type\":\"ReadAction\",\"target\":[\"http:\\\/\\\/angelboss.com.br\\\/en\\\/2026\\\/02\\\/26\\\/exposicao-no-masp-claudia-alarcon-silat-tecendo\\\/\"]}]},{\"@type\":\"ImageObject\",\"inLanguage\":\"en-US\",\"@id\":\"http:\\\/\\\/angelboss.com.br\\\/en\\\/2026\\\/02\\\/26\\\/exposicao-no-masp-claudia-alarcon-silat-tecendo\\\/#primaryimage\",\"url\":\"http:\\\/\\\/angelboss.com.br\\\/wp-content\\\/uploads\\\/2026\\\/02\\\/Claudia-Alarcon-Silat-Hilulis-ta-llhaiematwek-\u2014-Un-coro-de-yicas-2024-25.-Colecao-particular-private-collection-scaled.jpg\",\"contentUrl\":\"http:\\\/\\\/angelboss.com.br\\\/wp-content\\\/uploads\\\/2026\\\/02\\\/Claudia-Alarcon-Silat-Hilulis-ta-llhaiematwek-\u2014-Un-coro-de-yicas-2024-25.-Colecao-particular-private-collection-scaled.jpg\",\"width\":2560,\"height\":1755,\"caption\":\"Imagem\\\/Divulga\u00e7\u00e3o\"},{\"@type\":\"BreadcrumbList\",\"@id\":\"http:\\\/\\\/angelboss.com.br\\\/en\\\/2026\\\/02\\\/26\\\/exposicao-no-masp-claudia-alarcon-silat-tecendo\\\/#breadcrumb\",\"itemListElement\":[{\"@type\":\"ListItem\",\"position\":1,\"name\":\"In\u00edcio\",\"item\":\"http:\\\/\\\/angelboss.com.br\\\/\"},{\"@type\":\"ListItem\",\"position\":2,\"name\":\"MASP apresenta exposi\u00e7\u00e3o sobre coletivo de artistas do povo Wich\u00ed\"}]},{\"@type\":\"WebSite\",\"@id\":\"http:\\\/\\\/angelboss.com.br\\\/#website\",\"url\":\"http:\\\/\\\/angelboss.com.br\\\/\",\"name\":\"Portal Masculino de Moda, Beleza, Luxo e Business - Angel Boss\",\"description\":\"O Maior Portal sobre Moda, Luxo, Beleza e Business Masculino do Brasil\",\"publisher\":{\"@id\":\"http:\\\/\\\/angelboss.com.br\\\/#organization\"},\"alternateName\":\"Maior Portal e Blog de Beleza Masculina e Luxo\",\"potentialAction\":[{\"@type\":\"SearchAction\",\"target\":{\"@type\":\"EntryPoint\",\"urlTemplate\":\"http:\\\/\\\/angelboss.com.br\\\/?s={search_term_string}\"},\"query-input\":{\"@type\":\"PropertyValueSpecification\",\"valueRequired\":true,\"valueName\":\"search_term_string\"}}],\"inLanguage\":\"en-US\"},{\"@type\":\"Organization\",\"@id\":\"http:\\\/\\\/angelboss.com.br\\\/#organization\",\"name\":\"Portal Masculino de Moda, Beleza, Luxo and Business - Angel Boss\",\"url\":\"http:\\\/\\\/angelboss.com.br\\\/\",\"logo\":{\"@type\":\"ImageObject\",\"inLanguage\":\"en-US\",\"@id\":\"http:\\\/\\\/angelboss.com.br\\\/#\\\/schema\\\/logo\\\/image\\\/\",\"url\":\"http:\\\/\\\/angelboss.com.br\\\/wp-content\\\/uploads\\\/2025\\\/12\\\/WhatsApp-Image-2025-12-11-at-12.54.26.jpeg\",\"contentUrl\":\"http:\\\/\\\/angelboss.com.br\\\/wp-content\\\/uploads\\\/2025\\\/12\\\/WhatsApp-Image-2025-12-11-at-12.54.26.jpeg\",\"width\":1280,\"height\":1280,\"caption\":\"Portal Masculino de Moda, Beleza, Luxo and Business - Angel Boss\"},\"image\":{\"@id\":\"http:\\\/\\\/angelboss.com.br\\\/#\\\/schema\\\/logo\\\/image\\\/\"}},{\"@type\":\"Person\",\"@id\":\"http:\\\/\\\/angelboss.com.br\\\/#\\\/schema\\\/person\\\/af084936b46cf2e03f299183e429e350\",\"name\":\"Neto Angel Boss\",\"image\":{\"@type\":\"ImageObject\",\"inLanguage\":\"en-US\",\"@id\":\"https:\\\/\\\/secure.gravatar.com\\\/avatar\\\/dbb38b2050e5181e32afbccf458635967af0767d15abe8168b35ebbd97907289?s=96&d=mm&r=g\",\"url\":\"https:\\\/\\\/secure.gravatar.com\\\/avatar\\\/dbb38b2050e5181e32afbccf458635967af0767d15abe8168b35ebbd97907289?s=96&d=mm&r=g\",\"contentUrl\":\"https:\\\/\\\/secure.gravatar.com\\\/avatar\\\/dbb38b2050e5181e32afbccf458635967af0767d15abe8168b35ebbd97907289?s=96&d=mm&r=g\",\"caption\":\"Neto Angel Boss\"},\"sameAs\":[\"http:\\\/\\\/www.angelboss.com\"],\"url\":\"http:\\\/\\\/angelboss.com.br\\\/en\\\/author\\\/netoangelboss\\\/\"}]}<\/script>\n<!-- \/ Yoast SEO plugin. -->","yoast_head_json":{"title":"Exposi\u00e7\u00e3o no MASP: Claudia Alarc\u00f3n e o Coletivo Wich\u00ed","description":"Confira a nova exposi\u00e7\u00e3o no MASP sobre o coletivo Wich\u00ed. Claudia Alarc\u00f3n & Sil\u00e4t apresentam obras t\u00eaxteis que unem arte, mem\u00f3ria e territ\u00f3rio. Saiba mais!","robots":{"index":"index","follow":"follow","max-snippet":"max-snippet:-1","max-image-preview":"max-image-preview:large","max-video-preview":"max-video-preview:-1"},"canonical":"http:\/\/angelboss.com.br\/en\/2026\/02\/26\/exposicao-no-masp-claudia-alarcon-silat-tecendo\/","og_locale":"en_US","og_type":"article","og_title":"Exposi\u00e7\u00e3o no MASP: Claudia Alarc\u00f3n e o Coletivo Wich\u00ed","og_description":"Confira a nova exposi\u00e7\u00e3o no MASP sobre o coletivo Wich\u00ed. Claudia Alarc\u00f3n & Sil\u00e4t apresentam obras t\u00eaxteis que unem arte, mem\u00f3ria e territ\u00f3rio. Saiba mais!","og_url":"http:\/\/angelboss.com.br\/en\/2026\/02\/26\/exposicao-no-masp-claudia-alarcon-silat-tecendo\/","og_site_name":"Portal Masculino de Moda, Beleza, Luxo and Business - Angel Boss","article_published_time":"2026-02-26T18:09:28+00:00","article_modified_time":"2026-02-26T18:09:30+00:00","og_image":[{"width":1280,"height":1280,"url":"http:\/\/angelboss.com.br\/wp-content\/uploads\/2025\/12\/WhatsApp-Image-2025-12-11-at-12.54.26.jpeg","type":"image\/jpeg"}],"author":"Neto Angel Boss","twitter_card":"summary_large_image","twitter_misc":{"Written by":"Neto Angel Boss","Est. reading time":"8 minutes"},"schema":{"@context":"https:\/\/schema.org","@graph":[{"@type":"Article","@id":"http:\/\/angelboss.com.br\/en\/2026\/02\/26\/exposicao-no-masp-claudia-alarcon-silat-tecendo\/#article","isPartOf":{"@id":"http:\/\/angelboss.com.br\/en\/2026\/02\/26\/exposicao-no-masp-claudia-alarcon-silat-tecendo\/"},"author":{"name":"Neto Angel Boss","@id":"http:\/\/angelboss.com.br\/#\/schema\/person\/af084936b46cf2e03f299183e429e350"},"headline":"MASP apresenta exposi\u00e7\u00e3o sobre coletivo de artistas do povo Wich\u00ed","datePublished":"2026-02-26T18:09:28+00:00","dateModified":"2026-02-26T18:09:30+00:00","mainEntityOfPage":{"@id":"http:\/\/angelboss.com.br\/en\/2026\/02\/26\/exposicao-no-masp-claudia-alarcon-silat-tecendo\/"},"wordCount":1607,"commentCount":0,"publisher":{"@id":"http:\/\/angelboss.com.br\/#organization"},"image":{"@id":"http:\/\/angelboss.com.br\/en\/2026\/02\/26\/exposicao-no-masp-claudia-alarcon-silat-tecendo\/#primaryimage"},"thumbnailUrl":"http:\/\/angelboss.com.br\/wp-content\/uploads\/2026\/02\/Claudia-Alarcon-Silat-Hilulis-ta-llhaiematwek-\u2014-Un-coro-de-yicas-2024-25.-Colecao-particular-private-collection-scaled.jpg","keywords":["Coletivo Wich\u00ed","Exposi\u00e7\u00e3o","Masp"],"articleSection":["EA\u00cd, BORA NESSA?"],"inLanguage":"en-US","potentialAction":[{"@type":"CommentAction","name":"Comment","target":["http:\/\/angelboss.com.br\/en\/2026\/02\/26\/exposicao-no-masp-claudia-alarcon-silat-tecendo\/#respond"]}]},{"@type":"WebPage","@id":"http:\/\/angelboss.com.br\/en\/2026\/02\/26\/exposicao-no-masp-claudia-alarcon-silat-tecendo\/","url":"http:\/\/angelboss.com.br\/en\/2026\/02\/26\/exposicao-no-masp-claudia-alarcon-silat-tecendo\/","name":"Exposi\u00e7\u00e3o no MASP: Claudia Alarc\u00f3n e o Coletivo Wich\u00ed","isPartOf":{"@id":"http:\/\/angelboss.com.br\/#website"},"primaryImageOfPage":{"@id":"http:\/\/angelboss.com.br\/en\/2026\/02\/26\/exposicao-no-masp-claudia-alarcon-silat-tecendo\/#primaryimage"},"image":{"@id":"http:\/\/angelboss.com.br\/en\/2026\/02\/26\/exposicao-no-masp-claudia-alarcon-silat-tecendo\/#primaryimage"},"thumbnailUrl":"http:\/\/angelboss.com.br\/wp-content\/uploads\/2026\/02\/Claudia-Alarcon-Silat-Hilulis-ta-llhaiematwek-\u2014-Un-coro-de-yicas-2024-25.-Colecao-particular-private-collection-scaled.jpg","datePublished":"2026-02-26T18:09:28+00:00","dateModified":"2026-02-26T18:09:30+00:00","description":"Confira a nova exposi\u00e7\u00e3o no MASP sobre o coletivo Wich\u00ed. Claudia Alarc\u00f3n & Sil\u00e4t apresentam obras t\u00eaxteis que unem arte, mem\u00f3ria e territ\u00f3rio. Saiba mais!","breadcrumb":{"@id":"http:\/\/angelboss.com.br\/en\/2026\/02\/26\/exposicao-no-masp-claudia-alarcon-silat-tecendo\/#breadcrumb"},"inLanguage":"en-US","potentialAction":[{"@type":"ReadAction","target":["http:\/\/angelboss.com.br\/en\/2026\/02\/26\/exposicao-no-masp-claudia-alarcon-silat-tecendo\/"]}]},{"@type":"ImageObject","inLanguage":"en-US","@id":"http:\/\/angelboss.com.br\/en\/2026\/02\/26\/exposicao-no-masp-claudia-alarcon-silat-tecendo\/#primaryimage","url":"http:\/\/angelboss.com.br\/wp-content\/uploads\/2026\/02\/Claudia-Alarcon-Silat-Hilulis-ta-llhaiematwek-\u2014-Un-coro-de-yicas-2024-25.-Colecao-particular-private-collection-scaled.jpg","contentUrl":"http:\/\/angelboss.com.br\/wp-content\/uploads\/2026\/02\/Claudia-Alarcon-Silat-Hilulis-ta-llhaiematwek-\u2014-Un-coro-de-yicas-2024-25.-Colecao-particular-private-collection-scaled.jpg","width":2560,"height":1755,"caption":"Imagem\/Divulga\u00e7\u00e3o"},{"@type":"BreadcrumbList","@id":"http:\/\/angelboss.com.br\/en\/2026\/02\/26\/exposicao-no-masp-claudia-alarcon-silat-tecendo\/#breadcrumb","itemListElement":[{"@type":"ListItem","position":1,"name":"In\u00edcio","item":"http:\/\/angelboss.com.br\/"},{"@type":"ListItem","position":2,"name":"MASP apresenta exposi\u00e7\u00e3o sobre coletivo de artistas do povo Wich\u00ed"}]},{"@type":"WebSite","@id":"http:\/\/angelboss.com.br\/#website","url":"http:\/\/angelboss.com.br\/","name":"Portal Masculino de Moda, Beleza, Luxo e Business - Angel Boss","description":"O Maior Portal sobre Moda, Luxo, Beleza e Business Masculino do Brasil","publisher":{"@id":"http:\/\/angelboss.com.br\/#organization"},"alternateName":"Maior Portal e Blog de Beleza Masculina e Luxo","potentialAction":[{"@type":"SearchAction","target":{"@type":"EntryPoint","urlTemplate":"http:\/\/angelboss.com.br\/?s={search_term_string}"},"query-input":{"@type":"PropertyValueSpecification","valueRequired":true,"valueName":"search_term_string"}}],"inLanguage":"en-US"},{"@type":"Organization","@id":"http:\/\/angelboss.com.br\/#organization","name":"Portal Masculino de Moda, Beleza, Luxo and Business - Angel Boss","url":"http:\/\/angelboss.com.br\/","logo":{"@type":"ImageObject","inLanguage":"en-US","@id":"http:\/\/angelboss.com.br\/#\/schema\/logo\/image\/","url":"http:\/\/angelboss.com.br\/wp-content\/uploads\/2025\/12\/WhatsApp-Image-2025-12-11-at-12.54.26.jpeg","contentUrl":"http:\/\/angelboss.com.br\/wp-content\/uploads\/2025\/12\/WhatsApp-Image-2025-12-11-at-12.54.26.jpeg","width":1280,"height":1280,"caption":"Portal Masculino de Moda, Beleza, Luxo and Business - Angel Boss"},"image":{"@id":"http:\/\/angelboss.com.br\/#\/schema\/logo\/image\/"}},{"@type":"Person","@id":"http:\/\/angelboss.com.br\/#\/schema\/person\/af084936b46cf2e03f299183e429e350","name":"Neto Angel Boss","image":{"@type":"ImageObject","inLanguage":"en-US","@id":"https:\/\/secure.gravatar.com\/avatar\/dbb38b2050e5181e32afbccf458635967af0767d15abe8168b35ebbd97907289?s=96&d=mm&r=g","url":"https:\/\/secure.gravatar.com\/avatar\/dbb38b2050e5181e32afbccf458635967af0767d15abe8168b35ebbd97907289?s=96&d=mm&r=g","contentUrl":"https:\/\/secure.gravatar.com\/avatar\/dbb38b2050e5181e32afbccf458635967af0767d15abe8168b35ebbd97907289?s=96&d=mm&r=g","caption":"Neto Angel Boss"},"sameAs":["http:\/\/www.angelboss.com"],"url":"http:\/\/angelboss.com.br\/en\/author\/netoangelboss\/"}]}},"amp_enabled":true,"_links":{"self":[{"href":"http:\/\/angelboss.com.br\/en\/wp-json\/wp\/v2\/posts\/12511","targetHints":{"allow":["GET"]}}],"collection":[{"href":"http:\/\/angelboss.com.br\/en\/wp-json\/wp\/v2\/posts"}],"about":[{"href":"http:\/\/angelboss.com.br\/en\/wp-json\/wp\/v2\/types\/post"}],"author":[{"embeddable":true,"href":"http:\/\/angelboss.com.br\/en\/wp-json\/wp\/v2\/users\/2"}],"replies":[{"embeddable":true,"href":"http:\/\/angelboss.com.br\/en\/wp-json\/wp\/v2\/comments?post=12511"}],"version-history":[{"count":1,"href":"http:\/\/angelboss.com.br\/en\/wp-json\/wp\/v2\/posts\/12511\/revisions"}],"predecessor-version":[{"id":12516,"href":"http:\/\/angelboss.com.br\/en\/wp-json\/wp\/v2\/posts\/12511\/revisions\/12516"}],"wp:featuredmedia":[{"embeddable":true,"href":"http:\/\/angelboss.com.br\/en\/wp-json\/wp\/v2\/media\/12515"}],"wp:attachment":[{"href":"http:\/\/angelboss.com.br\/en\/wp-json\/wp\/v2\/media?parent=12511"}],"wp:term":[{"taxonomy":"category","embeddable":true,"href":"http:\/\/angelboss.com.br\/en\/wp-json\/wp\/v2\/categories?post=12511"},{"taxonomy":"post_tag","embeddable":true,"href":"http:\/\/angelboss.com.br\/en\/wp-json\/wp\/v2\/tags?post=12511"}],"curies":[{"name":"wp","href":"https:\/\/api.w.org\/{rel}","templated":true}]}}