{"id":11924,"date":"2026-02-19T00:00:00","date_gmt":"2026-02-19T00:00:00","guid":{"rendered":"https:\/\/angelboss.com.br\/2026\/02\/19\/315665-alta-de-327-marca-nova-fase-da-saude-corporativa\/"},"modified":"2026-02-19T00:00:00","modified_gmt":"2026-02-19T00:00:00","slug":"315665-alta-de-327-marca-nova-fase-da-saude-corporativa","status":"publish","type":"post","link":"http:\/\/angelboss.com.br\/en\/2026\/02\/19\/315665-alta-de-327-marca-nova-fase-da-saude-corporativa\/","title":{"rendered":"Alta de 327% marca nova fase da sa\u00fade corporativa"},"content":{"rendered":"<p>O aumento dos custos dos planos de sa\u00fade, o avan\u00e7o dos problemas emocionais e a intensifica\u00e7\u00e3o da solid\u00e3o no ambiente de trabalho indicam que 2026 exigir\u00e1 das empresas uma revis\u00e3o profunda sobre como cuidar da sa\u00fade de seus colaboradores.<\/p>\n<p>Os sinais observados ao longo de 2025 indicam uma mudan\u00e7a estrutural na sa\u00fade suplementar no Brasil. De 2006 a 2024, <a rel=\"follow\" target=\"_blank\" href=\"https:\/\/ieps.org.br\/preco-planos-de-saude-nota-tecnica-37\/\">os planos de sa\u00fade acumularam alta de 327%<\/a>, segundo dados do Instituto de Estudos para Pol\u00edticas de Sa\u00fade (Ieps). Ao mesmo tempo, cresce dentro das empresas a demanda por solu\u00e7\u00f5es que lidem n\u00e3o apenas com doen\u00e7as, mas tamb\u00e9m com sa\u00fade emocional, preven\u00e7\u00e3o e bem-estar cont\u00ednuo.<\/p>\n<p>Nesse cen\u00e1rio, especialistas defendem que 2026 marcar\u00e1 uma inflex\u00e3o: sa\u00fade assistencial e ambiente de trabalho passar\u00e3o a ser tratados como dimens\u00f5es insepar\u00e1veis. A l\u00f3gica tradicional, baseada no uso do plano apenas em situa\u00e7\u00f5es de doen\u00e7a, tende a gerar ciclos de exames, encaminhamentos e pronto-socorro que pressionam custos e n\u00e3o resolvem as causas dos problemas. Essa nova perspectiva de cuidado integral \u00e9 defendida por operadoras de sa\u00fade que se apoiam em modelos preventivos, como a <a rel=\"follow\" target=\"_blank\" href=\"https:\/\/alice.com.br\/\">Alice<\/a>.<\/p>\n<p>&quot;Transformar a sa\u00fade n\u00e3o \u00e9 sobre digitalizar processos antigos. \u00c9 sobre alinhar incentivos, integrar dados, redesenhar fluxos e entregar valor real. Empresas que continuarem operando no modelo reativo v\u00e3o pagar mais por resultados piores. A mudan\u00e7a \u00e9 estrutural&quot;, afirma Guilherme Azevedo, cofundador da Alice.<\/p>\n<p>Uma das abordagens mencionadas por operadoras envolve preven\u00e7\u00e3o estruturada, acompanhamento cont\u00ednuo e amplia\u00e7\u00e3o do acesso \u00e0 aten\u00e7\u00e3o prim\u00e1ria. Nesse modelo, profissionais acompanham o hist\u00f3rico do paciente, coordenam encaminhamentos e atuam na gest\u00e3o do cuidado.<\/p>\n<p>Estudos internacionais refor\u00e7am esse diagn\u00f3stico. <a rel=\"follow\" target=\"_blank\" href=\"https:\/\/agenciabrasil.ebc.com.br\/geral\/noticia\/2025-07\/oms-uma-em-cada-seis-pessoas-no-mundo-e-afetada-pela-solidao\">Em 2024, a Organiza\u00e7\u00e3o Mundial da Sa\u00fade<\/a> reconheceu a solid\u00e3o como um risco de sa\u00fade p\u00fablica, afetando uma em cada seis pessoas no mundo. Levantamentos na \u00e1rea de gest\u00e3o e clima organizacional indicam que ambientes com intera\u00e7\u00f5es fragilizadas tendem a registrar n\u00edveis mais altos de estresse, maior sensa\u00e7\u00e3o de desconex\u00e3o entre equipes e crescimento nos afastamentos.<\/p>\n<p>&quot;Sa\u00fade e cultura n\u00e3o podem mais ser tratadas como pautas separadas. Se o ambiente adoece, o plano vira pronto-socorro. Empresas que querem sustentabilidade precisam olhar para rela\u00e7\u00f5es, lideran\u00e7a e qualidade das intera\u00e7\u00f5es como parte da estrat\u00e9gia de sa\u00fade&quot;, frisa Sarita Vollnhofer, CHRO da operadora.<\/p>\n<p>Al\u00e9m do aspecto cultural, mudan\u00e7as regulat\u00f3rias ampliam a responsabilidade das empresas. As <a rel=\"follow\" target=\"_blank\" href=\"https:\/\/alice.com.br\/blog\/empresas\/nr-1-e-nova-lei-defendem-bem-estar-do-colaborador\/\">novas exig\u00eancias da Norma Regulamentadora n\u00ba 1 (NR-1)<\/a>, que incluem&nbsp;a gest\u00e3o de riscos psicossociais, colocam o bem-estar emocional no centro da agenda corporativa.<\/p>\n<p>Segundo representantes da operadora, modelos assistenciais baseados em aten\u00e7\u00e3o prim\u00e1ria, coordena\u00e7\u00e3o de cuidado e uso de dados podem contribuir para maior efici\u00eancia operacional e redu\u00e7\u00e3o de desperd\u00edcios.<\/p>\n<p>Para os executivos da empresa, a integra\u00e7\u00e3o entre ambiente de trabalho e modelo assistencial pode gerar maior previsibilidade de custos e redu\u00e7\u00e3o de afastamentos.<\/p>\n<p>&quot;As empresas que integrarem modelo assistencial e cultura organizacional tendem a ganhar previsibilidade de custos e fortalecer a produtividade. J\u00e1 aquelas que mantiverem uma l\u00f3gica fragmentada podem enfrentar press\u00f5es financeiras crescentes&quot;, afirmam os executivos.<\/p>\n<p><img src='https:\/\/api.dino.com.br\/v2\/news\/tr\/315665?partnerId=4593' alt=\"\" style=\"border:0px;width:1px;height:1px;\" \/><\/p>","protected":false},"excerpt":{"rendered":"<p>Com planos que acumularam alta de 327% (Ieps), avan\u00e7o do adoecimento emocional e aumento da solid\u00e3o, especialistas apontam que 2026 exigir\u00e1 uma integra\u00e7\u00e3o maior entre modelo assistencial e cultura corporativa, com foco em preven\u00e7\u00e3o e sustentabilidade.<\/p>","protected":false},"author":3,"featured_media":11925,"comment_status":"open","ping_status":"open","sticky":false,"template":"","format":"standard","meta":{"_seopress_titles_title":"","_seopress_titles_desc":"","_seopress_robots_index":"","_seopress_robots_follow":"","_seopress_robots_imageindex":"","_seopress_robots_snippet":"","_seopress_robots_primary_cat":"0","_seopress_robots_breadcrumbs":"","_seopress_robots_freeze_modified_date":"","_seopress_robots_custom_modified_date":"","_seopress_robots_canonical":"","_seopress_social_fb_title":"","_seopress_social_fb_desc":"","_seopress_social_fb_img":"","_seopress_social_fb_img_attachment_id":0,"_seopress_social_fb_img_width":0,"_seopress_social_fb_img_height":0,"_seopress_social_twitter_title":"","_seopress_social_twitter_desc":"","_seopress_social_twitter_img":"","_seopress_social_twitter_img_attachment_id":0,"_seopress_social_twitter_img_width":0,"_seopress_social_twitter_img_height":0,"_seopress_redirections_value":"","_seopress_redirections_enabled":"","_seopress_redirections_enabled_regex":"","_seopress_redirections_logged_status":"","_seopress_redirections_param":"","_seopress_redirections_type":0,"_seopress_analysis_target_kw":"","page_builder":"","footnotes":""},"categories":[315],"tags":[344,324,352,351,340],"class_list":["post-11924","post","type-post","status-publish","format-standard","has-post-thumbnail","category-noticias-corporativas-dino","tag-midia","tag-negocios","tag-saude-e-bem-estar","tag-sociedade","tag-startups"],"yoast_head":"<!-- This site is optimized with the Yoast SEO plugin v28.3 - https:\/\/yoast.com\/product\/yoast-seo-wordpress\/ -->\n<title>Alta de 327% marca nova fase da sa\u00fade corporativa - Portal Masculino de Moda, Beleza, Luxo and Business - Angel Boss<\/title>\n<meta name=\"robots\" content=\"index, follow, max-snippet:-1, max-image-preview:large, max-video-preview:-1\" \/>\n<link rel=\"canonical\" href=\"http:\/\/angelboss.com.br\/en\/2026\/02\/19\/315665-alta-de-327-marca-nova-fase-da-saude-corporativa\/\" \/>\n<meta property=\"og:locale\" content=\"en_US\" \/>\n<meta property=\"og:type\" content=\"article\" \/>\n<meta property=\"og:title\" content=\"Alta de 327% marca nova fase da sa\u00fade corporativa - Portal Masculino de Moda, Beleza, Luxo and Business - Angel Boss\" \/>\n<meta property=\"og:description\" content=\"Com planos que acumularam alta de 327% (Ieps), avan\u00e7o do adoecimento emocional e aumento da solid\u00e3o, especialistas apontam que 2026 exigir\u00e1 uma integra\u00e7\u00e3o maior entre modelo assistencial e cultura corporativa, com foco em preven\u00e7\u00e3o e sustentabilidade.\" \/>\n<meta property=\"og:url\" content=\"http:\/\/angelboss.com.br\/en\/2026\/02\/19\/315665-alta-de-327-marca-nova-fase-da-saude-corporativa\/\" \/>\n<meta property=\"og:site_name\" content=\"Portal Masculino de Moda, Beleza, Luxo and Business - Angel Boss\" \/>\n<meta property=\"article:published_time\" content=\"2026-02-19T00:00:00+00:00\" \/>\n<meta property=\"og:image\" content=\"http:\/\/angelboss.com.br\/wp-content\/uploads\/2026\/02\/953cd5a7-8108-4ec4-8cae-1262090c41f7.jpg\" \/>\n\t<meta property=\"og:image:width\" content=\"1200\" \/>\n\t<meta property=\"og:image:height\" content=\"795\" \/>\n\t<meta property=\"og:image:type\" content=\"image\/jpeg\" \/>\n<meta name=\"author\" content=\"DINO\" \/>\n<meta name=\"twitter:card\" content=\"summary_large_image\" \/>\n<meta name=\"twitter:label1\" content=\"Written by\" \/>\n\t<meta name=\"twitter:data1\" content=\"DINO\" \/>\n\t<meta name=\"twitter:label2\" content=\"Est. reading time\" \/>\n\t<meta name=\"twitter:data2\" content=\"3 minutes\" \/>\n<script type=\"application\/ld+json\" class=\"yoast-schema-graph\">{\"@context\":\"https:\\\/\\\/schema.org\",\"@graph\":[{\"@type\":\"Article\",\"@id\":\"http:\\\/\\\/angelboss.com.br\\\/2026\\\/02\\\/19\\\/315665-alta-de-327-marca-nova-fase-da-saude-corporativa\\\/#article\",\"isPartOf\":{\"@id\":\"http:\\\/\\\/angelboss.com.br\\\/2026\\\/02\\\/19\\\/315665-alta-de-327-marca-nova-fase-da-saude-corporativa\\\/\"},\"author\":{\"name\":\"DINO\",\"@id\":\"http:\\\/\\\/angelboss.com.br\\\/#\\\/schema\\\/person\\\/b6676b8d991f97199ef2d5b8e5c2d8a5\"},\"headline\":\"Alta de 327% marca nova fase da sa\u00fade corporativa\",\"datePublished\":\"2026-02-19T00:00:00+00:00\",\"mainEntityOfPage\":{\"@id\":\"http:\\\/\\\/angelboss.com.br\\\/2026\\\/02\\\/19\\\/315665-alta-de-327-marca-nova-fase-da-saude-corporativa\\\/\"},\"wordCount\":560,\"commentCount\":0,\"publisher\":{\"@id\":\"http:\\\/\\\/angelboss.com.br\\\/#organization\"},\"image\":{\"@id\":\"http:\\\/\\\/angelboss.com.br\\\/2026\\\/02\\\/19\\\/315665-alta-de-327-marca-nova-fase-da-saude-corporativa\\\/#primaryimage\"},\"thumbnailUrl\":\"http:\\\/\\\/angelboss.com.br\\\/wp-content\\\/uploads\\\/2026\\\/02\\\/953cd5a7-8108-4ec4-8cae-1262090c41f7.jpg\",\"keywords\":[\"M\u00cdDIA\",\"NEG\u00d3CIOS\",\"SA\u00daDE E BEM-ESTAR\",\"SOCIEDADE\",\"STARTUPS\"],\"articleSection\":[\"Not\u00edcias Corporativas\"],\"inLanguage\":\"en-US\",\"potentialAction\":[{\"@type\":\"CommentAction\",\"name\":\"Comment\",\"target\":[\"http:\\\/\\\/angelboss.com.br\\\/2026\\\/02\\\/19\\\/315665-alta-de-327-marca-nova-fase-da-saude-corporativa\\\/#respond\"]}]},{\"@type\":\"WebPage\",\"@id\":\"http:\\\/\\\/angelboss.com.br\\\/2026\\\/02\\\/19\\\/315665-alta-de-327-marca-nova-fase-da-saude-corporativa\\\/\",\"url\":\"http:\\\/\\\/angelboss.com.br\\\/2026\\\/02\\\/19\\\/315665-alta-de-327-marca-nova-fase-da-saude-corporativa\\\/\",\"name\":\"Alta de 327% marca nova fase da sa\u00fade corporativa - Portal Masculino de Moda, Beleza, Luxo and Business - Angel Boss\",\"isPartOf\":{\"@id\":\"http:\\\/\\\/angelboss.com.br\\\/#website\"},\"primaryImageOfPage\":{\"@id\":\"http:\\\/\\\/angelboss.com.br\\\/2026\\\/02\\\/19\\\/315665-alta-de-327-marca-nova-fase-da-saude-corporativa\\\/#primaryimage\"},\"image\":{\"@id\":\"http:\\\/\\\/angelboss.com.br\\\/2026\\\/02\\\/19\\\/315665-alta-de-327-marca-nova-fase-da-saude-corporativa\\\/#primaryimage\"},\"thumbnailUrl\":\"http:\\\/\\\/angelboss.com.br\\\/wp-content\\\/uploads\\\/2026\\\/02\\\/953cd5a7-8108-4ec4-8cae-1262090c41f7.jpg\",\"datePublished\":\"2026-02-19T00:00:00+00:00\",\"breadcrumb\":{\"@id\":\"http:\\\/\\\/angelboss.com.br\\\/2026\\\/02\\\/19\\\/315665-alta-de-327-marca-nova-fase-da-saude-corporativa\\\/#breadcrumb\"},\"inLanguage\":\"en-US\",\"potentialAction\":[{\"@type\":\"ReadAction\",\"target\":[\"http:\\\/\\\/angelboss.com.br\\\/2026\\\/02\\\/19\\\/315665-alta-de-327-marca-nova-fase-da-saude-corporativa\\\/\"]}]},{\"@type\":\"ImageObject\",\"inLanguage\":\"en-US\",\"@id\":\"http:\\\/\\\/angelboss.com.br\\\/2026\\\/02\\\/19\\\/315665-alta-de-327-marca-nova-fase-da-saude-corporativa\\\/#primaryimage\",\"url\":\"http:\\\/\\\/angelboss.com.br\\\/wp-content\\\/uploads\\\/2026\\\/02\\\/953cd5a7-8108-4ec4-8cae-1262090c41f7.jpg\",\"contentUrl\":\"http:\\\/\\\/angelboss.com.br\\\/wp-content\\\/uploads\\\/2026\\\/02\\\/953cd5a7-8108-4ec4-8cae-1262090c41f7.jpg\",\"width\":1200,\"height\":795,\"caption\":\"Alta de 327% marca nova fase da sa\u00fade corporativa\"},{\"@type\":\"BreadcrumbList\",\"@id\":\"http:\\\/\\\/angelboss.com.br\\\/2026\\\/02\\\/19\\\/315665-alta-de-327-marca-nova-fase-da-saude-corporativa\\\/#breadcrumb\",\"itemListElement\":[{\"@type\":\"ListItem\",\"position\":1,\"name\":\"In\u00edcio\",\"item\":\"http:\\\/\\\/angelboss.com.br\\\/\"},{\"@type\":\"ListItem\",\"position\":2,\"name\":\"Alta de 327% marca nova fase da sa\u00fade corporativa\"}]},{\"@type\":\"WebSite\",\"@id\":\"http:\\\/\\\/angelboss.com.br\\\/#website\",\"url\":\"http:\\\/\\\/angelboss.com.br\\\/\",\"name\":\"Portal Masculino de Moda, Beleza, Luxo e Business - Angel Boss\",\"description\":\"O Maior Portal sobre Moda, Luxo, Beleza e Business Masculino do Brasil\",\"publisher\":{\"@id\":\"http:\\\/\\\/angelboss.com.br\\\/#organization\"},\"alternateName\":\"Maior Portal e Blog de Beleza Masculina e Luxo\",\"potentialAction\":[{\"@type\":\"SearchAction\",\"target\":{\"@type\":\"EntryPoint\",\"urlTemplate\":\"http:\\\/\\\/angelboss.com.br\\\/?s={search_term_string}\"},\"query-input\":{\"@type\":\"PropertyValueSpecification\",\"valueRequired\":true,\"valueName\":\"search_term_string\"}}],\"inLanguage\":\"en-US\"},{\"@type\":\"Organization\",\"@id\":\"http:\\\/\\\/angelboss.com.br\\\/#organization\",\"name\":\"Portal Masculino de Moda, Beleza, Luxo and Business - Angel Boss\",\"url\":\"http:\\\/\\\/angelboss.com.br\\\/\",\"logo\":{\"@type\":\"ImageObject\",\"inLanguage\":\"en-US\",\"@id\":\"http:\\\/\\\/angelboss.com.br\\\/#\\\/schema\\\/logo\\\/image\\\/\",\"url\":\"https:\\\/\\\/angelboss.com.br\\\/wp-content\\\/uploads\\\/2025\\\/12\\\/WhatsApp-Image-2025-12-11-at-12.54.26.jpeg\",\"contentUrl\":\"https:\\\/\\\/angelboss.com.br\\\/wp-content\\\/uploads\\\/2025\\\/12\\\/WhatsApp-Image-2025-12-11-at-12.54.26.jpeg\",\"width\":1280,\"height\":1280,\"caption\":\"Portal Masculino de Moda, Beleza, Luxo and Business - Angel Boss\"},\"image\":{\"@id\":\"http:\\\/\\\/angelboss.com.br\\\/#\\\/schema\\\/logo\\\/image\\\/\"}},{\"@type\":\"Person\",\"@id\":\"http:\\\/\\\/angelboss.com.br\\\/#\\\/schema\\\/person\\\/b6676b8d991f97199ef2d5b8e5c2d8a5\",\"name\":\"DINO\",\"image\":{\"@type\":\"ImageObject\",\"inLanguage\":\"en-US\",\"@id\":\"https:\\\/\\\/secure.gravatar.com\\\/avatar\\\/f29568383aedf96da155b6f87103b0e04b1c662f982055cda25086444ab33ff8?s=96&d=mm&r=g\",\"url\":\"https:\\\/\\\/secure.gravatar.com\\\/avatar\\\/f29568383aedf96da155b6f87103b0e04b1c662f982055cda25086444ab33ff8?s=96&d=mm&r=g\",\"contentUrl\":\"https:\\\/\\\/secure.gravatar.com\\\/avatar\\\/f29568383aedf96da155b6f87103b0e04b1c662f982055cda25086444ab33ff8?s=96&d=mm&r=g\",\"caption\":\"DINO\"},\"url\":\"http:\\\/\\\/angelboss.com.br\\\/en\\\/author\\\/DINO\\\/\"}]}<\/script>\n<!-- \/ Yoast SEO plugin. -->","yoast_head_json":{"title":"Alta de 327% marca nova fase da sa\u00fade corporativa - Portal Masculino de Moda, Beleza, Luxo and Business - Angel Boss","robots":{"index":"index","follow":"follow","max-snippet":"max-snippet:-1","max-image-preview":"max-image-preview:large","max-video-preview":"max-video-preview:-1"},"canonical":"http:\/\/angelboss.com.br\/en\/2026\/02\/19\/315665-alta-de-327-marca-nova-fase-da-saude-corporativa\/","og_locale":"en_US","og_type":"article","og_title":"Alta de 327% marca nova fase da sa\u00fade corporativa - Portal Masculino de Moda, Beleza, Luxo and Business - Angel Boss","og_description":"Com planos que acumularam alta de 327% (Ieps), avan\u00e7o do adoecimento emocional e aumento da solid\u00e3o, especialistas apontam que 2026 exigir\u00e1 uma integra\u00e7\u00e3o maior entre modelo assistencial e cultura corporativa, com foco em preven\u00e7\u00e3o e sustentabilidade.","og_url":"http:\/\/angelboss.com.br\/en\/2026\/02\/19\/315665-alta-de-327-marca-nova-fase-da-saude-corporativa\/","og_site_name":"Portal Masculino de Moda, Beleza, Luxo and Business - Angel Boss","article_published_time":"2026-02-19T00:00:00+00:00","og_image":[{"width":1200,"height":795,"url":"http:\/\/angelboss.com.br\/wp-content\/uploads\/2026\/02\/953cd5a7-8108-4ec4-8cae-1262090c41f7.jpg","type":"image\/jpeg"}],"author":"DINO","twitter_card":"summary_large_image","twitter_misc":{"Written by":"DINO","Est. reading time":"3 minutes"},"schema":{"@context":"https:\/\/schema.org","@graph":[{"@type":"Article","@id":"http:\/\/angelboss.com.br\/2026\/02\/19\/315665-alta-de-327-marca-nova-fase-da-saude-corporativa\/#article","isPartOf":{"@id":"http:\/\/angelboss.com.br\/2026\/02\/19\/315665-alta-de-327-marca-nova-fase-da-saude-corporativa\/"},"author":{"name":"DINO","@id":"http:\/\/angelboss.com.br\/#\/schema\/person\/b6676b8d991f97199ef2d5b8e5c2d8a5"},"headline":"Alta de 327% marca nova fase da sa\u00fade corporativa","datePublished":"2026-02-19T00:00:00+00:00","mainEntityOfPage":{"@id":"http:\/\/angelboss.com.br\/2026\/02\/19\/315665-alta-de-327-marca-nova-fase-da-saude-corporativa\/"},"wordCount":560,"commentCount":0,"publisher":{"@id":"http:\/\/angelboss.com.br\/#organization"},"image":{"@id":"http:\/\/angelboss.com.br\/2026\/02\/19\/315665-alta-de-327-marca-nova-fase-da-saude-corporativa\/#primaryimage"},"thumbnailUrl":"http:\/\/angelboss.com.br\/wp-content\/uploads\/2026\/02\/953cd5a7-8108-4ec4-8cae-1262090c41f7.jpg","keywords":["M\u00cdDIA","NEG\u00d3CIOS","SA\u00daDE E BEM-ESTAR","SOCIEDADE","STARTUPS"],"articleSection":["Not\u00edcias Corporativas"],"inLanguage":"en-US","potentialAction":[{"@type":"CommentAction","name":"Comment","target":["http:\/\/angelboss.com.br\/2026\/02\/19\/315665-alta-de-327-marca-nova-fase-da-saude-corporativa\/#respond"]}]},{"@type":"WebPage","@id":"http:\/\/angelboss.com.br\/2026\/02\/19\/315665-alta-de-327-marca-nova-fase-da-saude-corporativa\/","url":"http:\/\/angelboss.com.br\/2026\/02\/19\/315665-alta-de-327-marca-nova-fase-da-saude-corporativa\/","name":"Alta de 327% marca nova fase da sa\u00fade corporativa - Portal Masculino de Moda, Beleza, Luxo and Business - Angel Boss","isPartOf":{"@id":"http:\/\/angelboss.com.br\/#website"},"primaryImageOfPage":{"@id":"http:\/\/angelboss.com.br\/2026\/02\/19\/315665-alta-de-327-marca-nova-fase-da-saude-corporativa\/#primaryimage"},"image":{"@id":"http:\/\/angelboss.com.br\/2026\/02\/19\/315665-alta-de-327-marca-nova-fase-da-saude-corporativa\/#primaryimage"},"thumbnailUrl":"http:\/\/angelboss.com.br\/wp-content\/uploads\/2026\/02\/953cd5a7-8108-4ec4-8cae-1262090c41f7.jpg","datePublished":"2026-02-19T00:00:00+00:00","breadcrumb":{"@id":"http:\/\/angelboss.com.br\/2026\/02\/19\/315665-alta-de-327-marca-nova-fase-da-saude-corporativa\/#breadcrumb"},"inLanguage":"en-US","potentialAction":[{"@type":"ReadAction","target":["http:\/\/angelboss.com.br\/2026\/02\/19\/315665-alta-de-327-marca-nova-fase-da-saude-corporativa\/"]}]},{"@type":"ImageObject","inLanguage":"en-US","@id":"http:\/\/angelboss.com.br\/2026\/02\/19\/315665-alta-de-327-marca-nova-fase-da-saude-corporativa\/#primaryimage","url":"http:\/\/angelboss.com.br\/wp-content\/uploads\/2026\/02\/953cd5a7-8108-4ec4-8cae-1262090c41f7.jpg","contentUrl":"http:\/\/angelboss.com.br\/wp-content\/uploads\/2026\/02\/953cd5a7-8108-4ec4-8cae-1262090c41f7.jpg","width":1200,"height":795,"caption":"Alta de 327% marca nova fase da sa\u00fade corporativa"},{"@type":"BreadcrumbList","@id":"http:\/\/angelboss.com.br\/2026\/02\/19\/315665-alta-de-327-marca-nova-fase-da-saude-corporativa\/#breadcrumb","itemListElement":[{"@type":"ListItem","position":1,"name":"In\u00edcio","item":"http:\/\/angelboss.com.br\/"},{"@type":"ListItem","position":2,"name":"Alta de 327% marca nova fase da sa\u00fade corporativa"}]},{"@type":"WebSite","@id":"http:\/\/angelboss.com.br\/#website","url":"http:\/\/angelboss.com.br\/","name":"Portal Masculino de Moda, Beleza, Luxo e Business - Angel Boss","description":"O Maior Portal sobre Moda, Luxo, Beleza e Business Masculino do Brasil","publisher":{"@id":"http:\/\/angelboss.com.br\/#organization"},"alternateName":"Maior Portal e Blog de Beleza Masculina e Luxo","potentialAction":[{"@type":"SearchAction","target":{"@type":"EntryPoint","urlTemplate":"http:\/\/angelboss.com.br\/?s={search_term_string}"},"query-input":{"@type":"PropertyValueSpecification","valueRequired":true,"valueName":"search_term_string"}}],"inLanguage":"en-US"},{"@type":"Organization","@id":"http:\/\/angelboss.com.br\/#organization","name":"Portal Masculino de Moda, Beleza, Luxo and Business - Angel Boss","url":"http:\/\/angelboss.com.br\/","logo":{"@type":"ImageObject","inLanguage":"en-US","@id":"http:\/\/angelboss.com.br\/#\/schema\/logo\/image\/","url":"https:\/\/angelboss.com.br\/wp-content\/uploads\/2025\/12\/WhatsApp-Image-2025-12-11-at-12.54.26.jpeg","contentUrl":"https:\/\/angelboss.com.br\/wp-content\/uploads\/2025\/12\/WhatsApp-Image-2025-12-11-at-12.54.26.jpeg","width":1280,"height":1280,"caption":"Portal Masculino de Moda, Beleza, Luxo and Business - Angel Boss"},"image":{"@id":"http:\/\/angelboss.com.br\/#\/schema\/logo\/image\/"}},{"@type":"Person","@id":"http:\/\/angelboss.com.br\/#\/schema\/person\/b6676b8d991f97199ef2d5b8e5c2d8a5","name":"DINO","image":{"@type":"ImageObject","inLanguage":"en-US","@id":"https:\/\/secure.gravatar.com\/avatar\/f29568383aedf96da155b6f87103b0e04b1c662f982055cda25086444ab33ff8?s=96&d=mm&r=g","url":"https:\/\/secure.gravatar.com\/avatar\/f29568383aedf96da155b6f87103b0e04b1c662f982055cda25086444ab33ff8?s=96&d=mm&r=g","contentUrl":"https:\/\/secure.gravatar.com\/avatar\/f29568383aedf96da155b6f87103b0e04b1c662f982055cda25086444ab33ff8?s=96&d=mm&r=g","caption":"DINO"},"url":"http:\/\/angelboss.com.br\/en\/author\/DINO\/"}]}},"amp_enabled":true,"_links":{"self":[{"href":"http:\/\/angelboss.com.br\/en\/wp-json\/wp\/v2\/posts\/11924","targetHints":{"allow":["GET"]}}],"collection":[{"href":"http:\/\/angelboss.com.br\/en\/wp-json\/wp\/v2\/posts"}],"about":[{"href":"http:\/\/angelboss.com.br\/en\/wp-json\/wp\/v2\/types\/post"}],"author":[{"embeddable":true,"href":"http:\/\/angelboss.com.br\/en\/wp-json\/wp\/v2\/users\/3"}],"replies":[{"embeddable":true,"href":"http:\/\/angelboss.com.br\/en\/wp-json\/wp\/v2\/comments?post=11924"}],"version-history":[{"count":0,"href":"http:\/\/angelboss.com.br\/en\/wp-json\/wp\/v2\/posts\/11924\/revisions"}],"wp:featuredmedia":[{"embeddable":true,"href":"http:\/\/angelboss.com.br\/en\/wp-json\/wp\/v2\/media\/11925"}],"wp:attachment":[{"href":"http:\/\/angelboss.com.br\/en\/wp-json\/wp\/v2\/media?parent=11924"}],"wp:term":[{"taxonomy":"category","embeddable":true,"href":"http:\/\/angelboss.com.br\/en\/wp-json\/wp\/v2\/categories?post=11924"},{"taxonomy":"post_tag","embeddable":true,"href":"http:\/\/angelboss.com.br\/en\/wp-json\/wp\/v2\/tags?post=11924"}],"curies":[{"name":"wp","href":"https:\/\/api.w.org\/{rel}","templated":true}]}}