{"id":11710,"date":"2026-02-16T00:00:00","date_gmt":"2026-02-16T00:00:00","guid":{"rendered":"https:\/\/angelboss.com.br\/2026\/02\/16\/313579-eureciclo-aponta-praticas-sustentaveis-para-o-carnaval\/"},"modified":"2026-02-16T00:00:00","modified_gmt":"2026-02-16T00:00:00","slug":"313579-eureciclo-aponta-praticas-sustentaveis-para-o-carnaval","status":"publish","type":"post","link":"http:\/\/angelboss.com.br\/en\/2026\/02\/16\/313579-eureciclo-aponta-praticas-sustentaveis-para-o-carnaval\/","title":{"rendered":"Eureciclo aponta pr\u00e1ticas sustent\u00e1veis para o Carnaval"},"content":{"rendered":"<p>O per\u00edodo do Carnaval no Brasil movimenta diversos setores da economia, mas tamb\u00e9m provoca um aumento expressivo na gera\u00e7\u00e3o de res\u00edduos s\u00f3lidos urbanos. <a rel=\"follow\" target=\"_blank\" href=\"https:\/\/cbn.globo.com\/podcasts\/cbn-carnaval\/noticia\/2024\/02\/17\/quatro-principais-capitais-do-carnaval-geraram-quase-5-mil-toneladas-de-lixo-durante-folia.ghtml\">Levantamento divulgado pela CBN em 2024<\/a> indicou que em apenas 5 capitais brasileiras, foram geradas quase 5 mil toneladas de lixo durante a pr\u00e9-folia e os dias oficiais da festa. Esse volume pressiona a infraestrutura de limpeza urbana e refor\u00e7a a import\u00e2ncia do planejamento municipal, de parcerias com catadores e de estrat\u00e9gias de gest\u00e3o de embalagens p\u00f3s-consumo para mitigar os impactos ambientais associados a grandes eventos.<\/p>\n<p>Paralelamente, a aplica\u00e7\u00e3o de sistemas de log\u00edstica reversa surge como um dos principais instrumentos para mitigar os impactos ambientais associados ao descarte de embalagens, como micropl\u00e1sticos, latas e garrafas PET. De acordo com o <a rel=\"follow\" target=\"_blank\" href=\"https:\/\/www.gov.br\/mma\/pt-br\/assuntos\/meio-ambiente-urbano-recursos-hidricos-qualidade-ambiental\/plano-nacional-de-residuos-solidos\">Plano Nacional de Res\u00edduos S\u00f3lidos (Planares)<\/a>, a meta \u00e9 que o Brasil recicle mais de 48% dos res\u00edduos s\u00f3lidos urbanos at\u00e9 2040. Durante per\u00edodos de alta gera\u00e7\u00e3o, como o Carnaval, a rastreabilidade desses materiais torna-se fundamental para assegurar que o volume de embalagens colocado no mercado seja efetivamente compensado e destinado \u00e0 reciclagem adequada.<\/p>\n<p>Diante desse cen\u00e1rio, a <a rel=\"follow\" target=\"_blank\" href=\"https:\/\/eureciclo.com.br\/\">eureciclo<\/a>, empresa de impacto socioambiental que atua na cadeia de reciclagem, sistematizou diretrizes de boas pr\u00e1ticas para fomentar a gest\u00e3o de res\u00edduos durante as festas. O levantamento aponta que a colabora\u00e7\u00e3o entre a popula\u00e7\u00e3o e o poder p\u00fablico \u00e9 essencial para os materiais recicl\u00e1veis retornarem ao ciclo produtivo por meio da log\u00edstica reversa, evitando que itens como micropl\u00e1sticos e descart\u00e1veis sobrecarreguem o sistema de drenagem urbana.<\/p>\n<p>De acordo com T\u00e2nia Babler Sassioto, Head de Marketing na eureciclo, a efici\u00eancia da reciclagem em grandes eventos depende diretamente do acesso a pontos de descarte e apoio aos operadores na ponta da cadeia. &quot;A remunera\u00e7\u00e3o direta de cooperativas por servi\u00e7os ambientais assegura a viabilidade econ\u00f4mica da coleta de materiais que, muitas vezes, possuem baixo valor de mercado, mas alto impacto ambiental&quot;, afirma. Segundo a executiva, o modelo de certifica\u00e7\u00e3o permite que marcas invistam no desenvolvimento desses profissionais, garantindo a destina\u00e7\u00e3o correta do excedente gerado nos blocos.<\/p>\n<p>O levantamento da empresa tamb\u00e9m ressalta aspectos t\u00e9cnicos que facilitam a triagem mec\u00e2nica e manual. A executiva recomenda, por exemplo, manter as tampas rosqueadas nas garrafas pl\u00e1sticas para impedir que itens pequenos se percam durante o transporte e separa\u00e7\u00e3o. Al\u00e9m disso, aponta a substitui\u00e7\u00e3o do glitter convencional por op\u00e7\u00f5es biodegrad\u00e1veis para reduzir a carga de poluentes nos ecossistemas aqu\u00e1ticos.<\/p>\n<p>&quot;Em grandes aglomera\u00e7\u00f5es, pequenas mudan\u00e7as no descarte e na escolha de insumos facilitam o trabalho das cooperativas e garantem que o material retorne ao ciclo produtivo&quot;, completa a Head de Marketing da eureciclo.<\/p>\n<p>A converg\u00eancia entre a infraestrutura p\u00fablica de Pontos de Entrega Volunt\u00e1ria (PEVs) e a conscientiza\u00e7\u00e3o sobre o descarte correto \u00e9 o que define o sucesso da economia circular no per\u00edodo. Ao fortalecer o elo entre a ind\u00fastria e os profissionais da reciclagem, busca-se elevar os \u00edndices de reaproveitamento, garantindo que o crescimento do consumo durante eventos de massa n\u00e3o resulte em passivos ambientais para os munic\u00edpios brasileiros.<\/p>\n<p><img src='https:\/\/api.dino.com.br\/v2\/news\/tr\/313579?partnerId=4593' alt=\"\" style=\"border:0px;width:1px;height:1px;\" \/><\/p>","protected":false},"excerpt":{"rendered":"<p>Com o aumento da gera\u00e7\u00e3o de res\u00edduos no Carnaval, a eureciclo re\u00fane boas pr\u00e1ticas para fortalecer a log\u00edstica reversa, ampliar a reciclagem de embalagens p\u00f3s-consumo e garantir a remunera\u00e7\u00e3o de cooperativas.<\/p>","protected":false},"author":3,"featured_media":11711,"comment_status":"open","ping_status":"open","sticky":false,"template":"","format":"standard","meta":{"_seopress_titles_title":"","_seopress_titles_desc":"","_seopress_robots_index":"","_seopress_robots_follow":"","_seopress_robots_imageindex":"","_seopress_robots_snippet":"","_seopress_robots_primary_cat":"0","_seopress_robots_breadcrumbs":"","_seopress_robots_freeze_modified_date":"","_seopress_robots_custom_modified_date":"","_seopress_robots_canonical":"","_seopress_social_fb_title":"","_seopress_social_fb_desc":"","_seopress_social_fb_img":"","_seopress_social_fb_img_attachment_id":0,"_seopress_social_fb_img_width":0,"_seopress_social_fb_img_height":0,"_seopress_social_twitter_title":"","_seopress_social_twitter_desc":"","_seopress_social_twitter_img":"","_seopress_social_twitter_img_attachment_id":0,"_seopress_social_twitter_img_width":0,"_seopress_social_twitter_img_height":0,"_seopress_redirections_value":"","_seopress_redirections_enabled":"","_seopress_redirections_enabled_regex":"","_seopress_redirections_logged_status":"","_seopress_redirections_param":"","_seopress_redirections_type":0,"_seopress_analysis_target_kw":"","page_builder":"","footnotes":""},"categories":[315],"tags":[341,330,351,370,356],"class_list":["post-11710","post","type-post","status-publish","format-standard","has-post-thumbnail","category-noticias-corporativas-dino","tag-economia","tag-eventos","tag-sociedade","tag-sustentabilidade","tag-urbanismo"],"yoast_head":"<!-- This site is optimized with the Yoast SEO plugin v28.4 - https:\/\/yoast.com\/product\/yoast-seo-wordpress\/ -->\n<title>Eureciclo aponta pr\u00e1ticas sustent\u00e1veis para o Carnaval - Portal Masculino de Moda, Beleza, Luxo and Business - Angel Boss<\/title>\n<meta name=\"robots\" content=\"index, follow, max-snippet:-1, max-image-preview:large, max-video-preview:-1\" \/>\n<link rel=\"canonical\" href=\"http:\/\/angelboss.com.br\/en\/2026\/02\/16\/313579-eureciclo-aponta-praticas-sustentaveis-para-o-carnaval\/\" \/>\n<meta property=\"og:locale\" content=\"en_US\" \/>\n<meta property=\"og:type\" content=\"article\" \/>\n<meta property=\"og:title\" content=\"Eureciclo aponta pr\u00e1ticas sustent\u00e1veis para o Carnaval - Portal Masculino de Moda, Beleza, Luxo and Business - Angel Boss\" \/>\n<meta property=\"og:description\" content=\"Com o aumento da gera\u00e7\u00e3o de res\u00edduos no Carnaval, a eureciclo re\u00fane boas pr\u00e1ticas para fortalecer a log\u00edstica reversa, ampliar a reciclagem de embalagens p\u00f3s-consumo e garantir a remunera\u00e7\u00e3o de cooperativas.\" \/>\n<meta property=\"og:url\" content=\"http:\/\/angelboss.com.br\/en\/2026\/02\/16\/313579-eureciclo-aponta-praticas-sustentaveis-para-o-carnaval\/\" \/>\n<meta property=\"og:site_name\" content=\"Portal Masculino de Moda, Beleza, Luxo and Business - Angel Boss\" \/>\n<meta property=\"article:published_time\" content=\"2026-02-16T00:00:00+00:00\" \/>\n<meta property=\"og:image\" content=\"http:\/\/angelboss.com.br\/wp-content\/uploads\/2026\/02\/9c377307-e080-41ac-9a99-d192300fbe32.jpg\" \/>\n\t<meta property=\"og:image:width\" content=\"892\" \/>\n\t<meta property=\"og:image:height\" content=\"800\" \/>\n\t<meta property=\"og:image:type\" content=\"image\/jpeg\" \/>\n<meta name=\"author\" content=\"DINO\" \/>\n<meta name=\"twitter:card\" content=\"summary_large_image\" \/>\n<meta name=\"twitter:label1\" content=\"Written by\" \/>\n\t<meta name=\"twitter:data1\" content=\"DINO\" \/>\n\t<meta name=\"twitter:label2\" content=\"Est. reading time\" \/>\n\t<meta name=\"twitter:data2\" content=\"3 minutes\" \/>\n<script type=\"application\/ld+json\" class=\"yoast-schema-graph\">{\"@context\":\"https:\\\/\\\/schema.org\",\"@graph\":[{\"@type\":\"Article\",\"@id\":\"http:\\\/\\\/angelboss.com.br\\\/en\\\/2026\\\/02\\\/16\\\/313579-eureciclo-aponta-praticas-sustentaveis-para-o-carnaval\\\/#article\",\"isPartOf\":{\"@id\":\"http:\\\/\\\/angelboss.com.br\\\/en\\\/2026\\\/02\\\/16\\\/313579-eureciclo-aponta-praticas-sustentaveis-para-o-carnaval\\\/\"},\"author\":{\"name\":\"DINO\",\"@id\":\"https:\\\/\\\/angelboss.com.br\\\/#\\\/schema\\\/person\\\/b6676b8d991f97199ef2d5b8e5c2d8a5\"},\"headline\":\"Eureciclo aponta pr\u00e1ticas sustent\u00e1veis para o Carnaval\",\"datePublished\":\"2026-02-16T00:00:00+00:00\",\"mainEntityOfPage\":{\"@id\":\"http:\\\/\\\/angelboss.com.br\\\/en\\\/2026\\\/02\\\/16\\\/313579-eureciclo-aponta-praticas-sustentaveis-para-o-carnaval\\\/\"},\"wordCount\":555,\"commentCount\":0,\"publisher\":{\"@id\":\"https:\\\/\\\/angelboss.com.br\\\/#organization\"},\"image\":{\"@id\":\"http:\\\/\\\/angelboss.com.br\\\/en\\\/2026\\\/02\\\/16\\\/313579-eureciclo-aponta-praticas-sustentaveis-para-o-carnaval\\\/#primaryimage\"},\"thumbnailUrl\":\"http:\\\/\\\/angelboss.com.br\\\/wp-content\\\/uploads\\\/2026\\\/02\\\/9c377307-e080-41ac-9a99-d192300fbe32.jpg\",\"keywords\":[\"ECONOMIA\",\"EVENTOS\",\"SOCIEDADE\",\"SUSTENTABILIDADE\",\"URBANISMO\"],\"articleSection\":[\"Not\u00edcias Corporativas\"],\"inLanguage\":\"en-US\",\"potentialAction\":[{\"@type\":\"CommentAction\",\"name\":\"Comment\",\"target\":[\"http:\\\/\\\/angelboss.com.br\\\/en\\\/2026\\\/02\\\/16\\\/313579-eureciclo-aponta-praticas-sustentaveis-para-o-carnaval\\\/#respond\"]}]},{\"@type\":\"WebPage\",\"@id\":\"http:\\\/\\\/angelboss.com.br\\\/en\\\/2026\\\/02\\\/16\\\/313579-eureciclo-aponta-praticas-sustentaveis-para-o-carnaval\\\/\",\"url\":\"http:\\\/\\\/angelboss.com.br\\\/en\\\/2026\\\/02\\\/16\\\/313579-eureciclo-aponta-praticas-sustentaveis-para-o-carnaval\\\/\",\"name\":\"Eureciclo aponta pr\u00e1ticas sustent\u00e1veis para o Carnaval - Portal Masculino de Moda, Beleza, Luxo and Business - Angel Boss\",\"isPartOf\":{\"@id\":\"https:\\\/\\\/angelboss.com.br\\\/#website\"},\"primaryImageOfPage\":{\"@id\":\"http:\\\/\\\/angelboss.com.br\\\/en\\\/2026\\\/02\\\/16\\\/313579-eureciclo-aponta-praticas-sustentaveis-para-o-carnaval\\\/#primaryimage\"},\"image\":{\"@id\":\"http:\\\/\\\/angelboss.com.br\\\/en\\\/2026\\\/02\\\/16\\\/313579-eureciclo-aponta-praticas-sustentaveis-para-o-carnaval\\\/#primaryimage\"},\"thumbnailUrl\":\"http:\\\/\\\/angelboss.com.br\\\/wp-content\\\/uploads\\\/2026\\\/02\\\/9c377307-e080-41ac-9a99-d192300fbe32.jpg\",\"datePublished\":\"2026-02-16T00:00:00+00:00\",\"breadcrumb\":{\"@id\":\"http:\\\/\\\/angelboss.com.br\\\/en\\\/2026\\\/02\\\/16\\\/313579-eureciclo-aponta-praticas-sustentaveis-para-o-carnaval\\\/#breadcrumb\"},\"inLanguage\":\"en-US\",\"potentialAction\":[{\"@type\":\"ReadAction\",\"target\":[\"http:\\\/\\\/angelboss.com.br\\\/en\\\/2026\\\/02\\\/16\\\/313579-eureciclo-aponta-praticas-sustentaveis-para-o-carnaval\\\/\"]}]},{\"@type\":\"ImageObject\",\"inLanguage\":\"en-US\",\"@id\":\"http:\\\/\\\/angelboss.com.br\\\/en\\\/2026\\\/02\\\/16\\\/313579-eureciclo-aponta-praticas-sustentaveis-para-o-carnaval\\\/#primaryimage\",\"url\":\"http:\\\/\\\/angelboss.com.br\\\/wp-content\\\/uploads\\\/2026\\\/02\\\/9c377307-e080-41ac-9a99-d192300fbe32.jpg\",\"contentUrl\":\"http:\\\/\\\/angelboss.com.br\\\/wp-content\\\/uploads\\\/2026\\\/02\\\/9c377307-e080-41ac-9a99-d192300fbe32.jpg\",\"width\":892,\"height\":800,\"caption\":\"Eureciclo aponta pr\u00e1ticas sustent\u00e1veis para o Carnaval\"},{\"@type\":\"BreadcrumbList\",\"@id\":\"http:\\\/\\\/angelboss.com.br\\\/en\\\/2026\\\/02\\\/16\\\/313579-eureciclo-aponta-praticas-sustentaveis-para-o-carnaval\\\/#breadcrumb\",\"itemListElement\":[{\"@type\":\"ListItem\",\"position\":1,\"name\":\"In\u00edcio\",\"item\":\"https:\\\/\\\/angelboss.com.br\\\/\"},{\"@type\":\"ListItem\",\"position\":2,\"name\":\"Eureciclo aponta pr\u00e1ticas sustent\u00e1veis para o Carnaval\"}]},{\"@type\":\"WebSite\",\"@id\":\"https:\\\/\\\/angelboss.com.br\\\/#website\",\"url\":\"https:\\\/\\\/angelboss.com.br\\\/\",\"name\":\"Portal Masculino de Moda, Beleza, Luxo e Business - Angel Boss\",\"description\":\"O Maior Portal sobre Moda, Luxo, Beleza e Business Masculino do Brasil\",\"publisher\":{\"@id\":\"https:\\\/\\\/angelboss.com.br\\\/#organization\"},\"alternateName\":\"Maior Portal e Blog de Beleza Masculina e Luxo\",\"potentialAction\":[{\"@type\":\"SearchAction\",\"target\":{\"@type\":\"EntryPoint\",\"urlTemplate\":\"https:\\\/\\\/angelboss.com.br\\\/?s={search_term_string}\"},\"query-input\":{\"@type\":\"PropertyValueSpecification\",\"valueRequired\":true,\"valueName\":\"search_term_string\"}}],\"inLanguage\":\"en-US\"},{\"@type\":\"Organization\",\"@id\":\"https:\\\/\\\/angelboss.com.br\\\/#organization\",\"name\":\"Portal Masculino de Moda, Beleza, Luxo and Business - Angel Boss\",\"url\":\"https:\\\/\\\/angelboss.com.br\\\/\",\"logo\":{\"@type\":\"ImageObject\",\"inLanguage\":\"en-US\",\"@id\":\"https:\\\/\\\/angelboss.com.br\\\/#\\\/schema\\\/logo\\\/image\\\/\",\"url\":\"https:\\\/\\\/angelboss.com.br\\\/wp-content\\\/uploads\\\/2025\\\/12\\\/WhatsApp-Image-2025-12-11-at-12.54.26.jpeg\",\"contentUrl\":\"https:\\\/\\\/angelboss.com.br\\\/wp-content\\\/uploads\\\/2025\\\/12\\\/WhatsApp-Image-2025-12-11-at-12.54.26.jpeg\",\"width\":1280,\"height\":1280,\"caption\":\"Portal Masculino de Moda, Beleza, Luxo and Business - Angel Boss\"},\"image\":{\"@id\":\"https:\\\/\\\/angelboss.com.br\\\/#\\\/schema\\\/logo\\\/image\\\/\"}},{\"@type\":\"Person\",\"@id\":\"https:\\\/\\\/angelboss.com.br\\\/#\\\/schema\\\/person\\\/b6676b8d991f97199ef2d5b8e5c2d8a5\",\"name\":\"DINO\",\"image\":{\"@type\":\"ImageObject\",\"inLanguage\":\"en-US\",\"@id\":\"https:\\\/\\\/secure.gravatar.com\\\/avatar\\\/f29568383aedf96da155b6f87103b0e04b1c662f982055cda25086444ab33ff8?s=96&d=mm&r=g\",\"url\":\"https:\\\/\\\/secure.gravatar.com\\\/avatar\\\/f29568383aedf96da155b6f87103b0e04b1c662f982055cda25086444ab33ff8?s=96&d=mm&r=g\",\"contentUrl\":\"https:\\\/\\\/secure.gravatar.com\\\/avatar\\\/f29568383aedf96da155b6f87103b0e04b1c662f982055cda25086444ab33ff8?s=96&d=mm&r=g\",\"caption\":\"DINO\"},\"url\":\"http:\\\/\\\/angelboss.com.br\\\/en\\\/author\\\/DINO\\\/\"}]}<\/script>\n<!-- \/ Yoast SEO plugin. -->","yoast_head_json":{"title":"Eureciclo aponta pr\u00e1ticas sustent\u00e1veis para o Carnaval - Portal Masculino de Moda, Beleza, Luxo and Business - Angel Boss","robots":{"index":"index","follow":"follow","max-snippet":"max-snippet:-1","max-image-preview":"max-image-preview:large","max-video-preview":"max-video-preview:-1"},"canonical":"http:\/\/angelboss.com.br\/en\/2026\/02\/16\/313579-eureciclo-aponta-praticas-sustentaveis-para-o-carnaval\/","og_locale":"en_US","og_type":"article","og_title":"Eureciclo aponta pr\u00e1ticas sustent\u00e1veis para o Carnaval - Portal Masculino de Moda, Beleza, Luxo and Business - Angel Boss","og_description":"Com o aumento da gera\u00e7\u00e3o de res\u00edduos no Carnaval, a eureciclo re\u00fane boas pr\u00e1ticas para fortalecer a log\u00edstica reversa, ampliar a reciclagem de embalagens p\u00f3s-consumo e garantir a remunera\u00e7\u00e3o de cooperativas.","og_url":"http:\/\/angelboss.com.br\/en\/2026\/02\/16\/313579-eureciclo-aponta-praticas-sustentaveis-para-o-carnaval\/","og_site_name":"Portal Masculino de Moda, Beleza, Luxo and Business - Angel Boss","article_published_time":"2026-02-16T00:00:00+00:00","og_image":[{"width":892,"height":800,"url":"http:\/\/angelboss.com.br\/wp-content\/uploads\/2026\/02\/9c377307-e080-41ac-9a99-d192300fbe32.jpg","type":"image\/jpeg"}],"author":"DINO","twitter_card":"summary_large_image","twitter_misc":{"Written by":"DINO","Est. reading time":"3 minutes"},"schema":{"@context":"https:\/\/schema.org","@graph":[{"@type":"Article","@id":"http:\/\/angelboss.com.br\/en\/2026\/02\/16\/313579-eureciclo-aponta-praticas-sustentaveis-para-o-carnaval\/#article","isPartOf":{"@id":"http:\/\/angelboss.com.br\/en\/2026\/02\/16\/313579-eureciclo-aponta-praticas-sustentaveis-para-o-carnaval\/"},"author":{"name":"DINO","@id":"https:\/\/angelboss.com.br\/#\/schema\/person\/b6676b8d991f97199ef2d5b8e5c2d8a5"},"headline":"Eureciclo aponta pr\u00e1ticas sustent\u00e1veis para o Carnaval","datePublished":"2026-02-16T00:00:00+00:00","mainEntityOfPage":{"@id":"http:\/\/angelboss.com.br\/en\/2026\/02\/16\/313579-eureciclo-aponta-praticas-sustentaveis-para-o-carnaval\/"},"wordCount":555,"commentCount":0,"publisher":{"@id":"https:\/\/angelboss.com.br\/#organization"},"image":{"@id":"http:\/\/angelboss.com.br\/en\/2026\/02\/16\/313579-eureciclo-aponta-praticas-sustentaveis-para-o-carnaval\/#primaryimage"},"thumbnailUrl":"http:\/\/angelboss.com.br\/wp-content\/uploads\/2026\/02\/9c377307-e080-41ac-9a99-d192300fbe32.jpg","keywords":["ECONOMIA","EVENTOS","SOCIEDADE","SUSTENTABILIDADE","URBANISMO"],"articleSection":["Not\u00edcias Corporativas"],"inLanguage":"en-US","potentialAction":[{"@type":"CommentAction","name":"Comment","target":["http:\/\/angelboss.com.br\/en\/2026\/02\/16\/313579-eureciclo-aponta-praticas-sustentaveis-para-o-carnaval\/#respond"]}]},{"@type":"WebPage","@id":"http:\/\/angelboss.com.br\/en\/2026\/02\/16\/313579-eureciclo-aponta-praticas-sustentaveis-para-o-carnaval\/","url":"http:\/\/angelboss.com.br\/en\/2026\/02\/16\/313579-eureciclo-aponta-praticas-sustentaveis-para-o-carnaval\/","name":"Eureciclo aponta pr\u00e1ticas sustent\u00e1veis para o Carnaval - Portal Masculino de Moda, Beleza, Luxo and Business - Angel Boss","isPartOf":{"@id":"https:\/\/angelboss.com.br\/#website"},"primaryImageOfPage":{"@id":"http:\/\/angelboss.com.br\/en\/2026\/02\/16\/313579-eureciclo-aponta-praticas-sustentaveis-para-o-carnaval\/#primaryimage"},"image":{"@id":"http:\/\/angelboss.com.br\/en\/2026\/02\/16\/313579-eureciclo-aponta-praticas-sustentaveis-para-o-carnaval\/#primaryimage"},"thumbnailUrl":"http:\/\/angelboss.com.br\/wp-content\/uploads\/2026\/02\/9c377307-e080-41ac-9a99-d192300fbe32.jpg","datePublished":"2026-02-16T00:00:00+00:00","breadcrumb":{"@id":"http:\/\/angelboss.com.br\/en\/2026\/02\/16\/313579-eureciclo-aponta-praticas-sustentaveis-para-o-carnaval\/#breadcrumb"},"inLanguage":"en-US","potentialAction":[{"@type":"ReadAction","target":["http:\/\/angelboss.com.br\/en\/2026\/02\/16\/313579-eureciclo-aponta-praticas-sustentaveis-para-o-carnaval\/"]}]},{"@type":"ImageObject","inLanguage":"en-US","@id":"http:\/\/angelboss.com.br\/en\/2026\/02\/16\/313579-eureciclo-aponta-praticas-sustentaveis-para-o-carnaval\/#primaryimage","url":"http:\/\/angelboss.com.br\/wp-content\/uploads\/2026\/02\/9c377307-e080-41ac-9a99-d192300fbe32.jpg","contentUrl":"http:\/\/angelboss.com.br\/wp-content\/uploads\/2026\/02\/9c377307-e080-41ac-9a99-d192300fbe32.jpg","width":892,"height":800,"caption":"Eureciclo aponta pr\u00e1ticas sustent\u00e1veis para o Carnaval"},{"@type":"BreadcrumbList","@id":"http:\/\/angelboss.com.br\/en\/2026\/02\/16\/313579-eureciclo-aponta-praticas-sustentaveis-para-o-carnaval\/#breadcrumb","itemListElement":[{"@type":"ListItem","position":1,"name":"In\u00edcio","item":"https:\/\/angelboss.com.br\/"},{"@type":"ListItem","position":2,"name":"Eureciclo aponta pr\u00e1ticas sustent\u00e1veis para o Carnaval"}]},{"@type":"WebSite","@id":"https:\/\/angelboss.com.br\/#website","url":"https:\/\/angelboss.com.br\/","name":"Portal Masculino de Moda, Beleza, Luxo e Business - Angel Boss","description":"O Maior Portal sobre Moda, Luxo, Beleza e Business Masculino do Brasil","publisher":{"@id":"https:\/\/angelboss.com.br\/#organization"},"alternateName":"Maior Portal e Blog de Beleza Masculina e Luxo","potentialAction":[{"@type":"SearchAction","target":{"@type":"EntryPoint","urlTemplate":"https:\/\/angelboss.com.br\/?s={search_term_string}"},"query-input":{"@type":"PropertyValueSpecification","valueRequired":true,"valueName":"search_term_string"}}],"inLanguage":"en-US"},{"@type":"Organization","@id":"https:\/\/angelboss.com.br\/#organization","name":"Portal Masculino de Moda, Beleza, Luxo and Business - Angel Boss","url":"https:\/\/angelboss.com.br\/","logo":{"@type":"ImageObject","inLanguage":"en-US","@id":"https:\/\/angelboss.com.br\/#\/schema\/logo\/image\/","url":"https:\/\/angelboss.com.br\/wp-content\/uploads\/2025\/12\/WhatsApp-Image-2025-12-11-at-12.54.26.jpeg","contentUrl":"https:\/\/angelboss.com.br\/wp-content\/uploads\/2025\/12\/WhatsApp-Image-2025-12-11-at-12.54.26.jpeg","width":1280,"height":1280,"caption":"Portal Masculino de Moda, Beleza, Luxo and Business - Angel Boss"},"image":{"@id":"https:\/\/angelboss.com.br\/#\/schema\/logo\/image\/"}},{"@type":"Person","@id":"https:\/\/angelboss.com.br\/#\/schema\/person\/b6676b8d991f97199ef2d5b8e5c2d8a5","name":"DINO","image":{"@type":"ImageObject","inLanguage":"en-US","@id":"https:\/\/secure.gravatar.com\/avatar\/f29568383aedf96da155b6f87103b0e04b1c662f982055cda25086444ab33ff8?s=96&d=mm&r=g","url":"https:\/\/secure.gravatar.com\/avatar\/f29568383aedf96da155b6f87103b0e04b1c662f982055cda25086444ab33ff8?s=96&d=mm&r=g","contentUrl":"https:\/\/secure.gravatar.com\/avatar\/f29568383aedf96da155b6f87103b0e04b1c662f982055cda25086444ab33ff8?s=96&d=mm&r=g","caption":"DINO"},"url":"http:\/\/angelboss.com.br\/en\/author\/DINO\/"}]}},"amp_enabled":true,"_links":{"self":[{"href":"http:\/\/angelboss.com.br\/en\/wp-json\/wp\/v2\/posts\/11710","targetHints":{"allow":["GET"]}}],"collection":[{"href":"http:\/\/angelboss.com.br\/en\/wp-json\/wp\/v2\/posts"}],"about":[{"href":"http:\/\/angelboss.com.br\/en\/wp-json\/wp\/v2\/types\/post"}],"author":[{"embeddable":true,"href":"http:\/\/angelboss.com.br\/en\/wp-json\/wp\/v2\/users\/3"}],"replies":[{"embeddable":true,"href":"http:\/\/angelboss.com.br\/en\/wp-json\/wp\/v2\/comments?post=11710"}],"version-history":[{"count":0,"href":"http:\/\/angelboss.com.br\/en\/wp-json\/wp\/v2\/posts\/11710\/revisions"}],"wp:featuredmedia":[{"embeddable":true,"href":"http:\/\/angelboss.com.br\/en\/wp-json\/wp\/v2\/media\/11711"}],"wp:attachment":[{"href":"http:\/\/angelboss.com.br\/en\/wp-json\/wp\/v2\/media?parent=11710"}],"wp:term":[{"taxonomy":"category","embeddable":true,"href":"http:\/\/angelboss.com.br\/en\/wp-json\/wp\/v2\/categories?post=11710"},{"taxonomy":"post_tag","embeddable":true,"href":"http:\/\/angelboss.com.br\/en\/wp-json\/wp\/v2\/tags?post=11710"}],"curies":[{"name":"wp","href":"https:\/\/api.w.org\/{rel}","templated":true}]}}