{"id":10566,"date":"2026-02-05T18:07:06","date_gmt":"2026-02-05T18:07:06","guid":{"rendered":"https:\/\/angelboss.com.br\/?p=10566"},"modified":"2026-02-05T18:07:07","modified_gmt":"2026-02-05T18:07:07","slug":"decoracao-de-luxo-em-sao-paulo-casa-st-james-50-anos","status":"publish","type":"post","link":"http:\/\/angelboss.com.br\/en\/2026\/02\/05\/decoracao-de-luxo-em-sao-paulo-casa-st-james-50-anos\/","title":{"rendered":"St.\u00a0James\u00a0celebra\u00a050\u00a0anos\u00a0com\u00a0inaugura\u00e7\u00e3o\u00a0de\u00a0espa\u00e7o\u00a0de\u00a0experi\u00eancias\u00a0em\u00a0S\u00e3o\u00a0Paulo\u00a0"},"content":{"rendered":"<p>A&nbsp;St.&nbsp;James&nbsp;celebra&nbsp;seus&nbsp;50&nbsp;anos&nbsp;com&nbsp;a inaugura\u00e7\u00e3o da&nbsp;<strong>Casa&nbsp;St.&nbsp;James<\/strong>, sua primeira casa&nbsp;de&nbsp;experi\u00eancias, no Jardim Paulistano,&nbsp;em&nbsp;S\u00e3o&nbsp;Paulo. O novo endere\u00e7o, que abre as portas oficialmente na pr\u00f3xima ter\u00e7a-feira, dia 10, materializa o reposicionamento da marca e convida o p\u00fablico a uma imers\u00e3o no universo dos&nbsp;<em><strong>Objetos Extraordin\u00e1rios<\/strong><\/em>, pe\u00e7as que v\u00e3o al\u00e9m da fun\u00e7\u00e3o e se tornam&nbsp;deposit\u00e1rias&nbsp;de&nbsp;mem\u00f3ria, hist\u00f3ria e&nbsp;emo\u00e7\u00e3o.<\/p>\n\n\n\n<figure class=\"wp-block-table\"><table class=\"has-fixed-layout\"><tbody><tr><td class=\"has-text-align-center\" data-align=\"center\">Waldir e Ricardo Saad<\/td><\/tr><tr><td class=\"has-text-align-center\" data-align=\"center\"><img decoding=\"async\" src=\"https:\/\/s2601.imxsnd13.com\/1=UDZ6UGOkNDN0ojci5SbvNmLzN3bixWZn5WYAxWZn5WYvRXZupzN0EzN1ADNzIjM6cmbw5iYxczN0UWMkVWZiRTNhZ2Y1ITOwIjZlNzNidzY3gjZzYkMlgjZzYkMlUTN4UTMGJTJ3ATN0EDMxkDOx8VL1ETLf9VLwITLfpTO\"><\/td><\/tr><\/tbody><\/table><figcaption class=\"wp-element-caption\">Imagem\/Divulga\u00e7\u00e3o<\/figcaption><\/figure>\n\n\n\n<p>Pensada&nbsp;como uma plataforma viva&nbsp;de&nbsp;relacionamento, inspira\u00e7\u00e3o e curadoria, a Casa&nbsp;St.&nbsp;James&nbsp;prop\u00f5e uma leitura ampliada do morar contempor\u00e2neo ao reunir tradi\u00e7\u00e3o artesanal,&nbsp;design autoral e inova\u00e7\u00e3o. O projeto ganha for\u00e7a&nbsp;com&nbsp;a parceria&nbsp;de&nbsp;marcas da alta&nbsp;decora\u00e7\u00e3o nacional,&nbsp;como Suva,&nbsp;Strauss, 6F&nbsp;Decora\u00e7\u00f5es, Domum M\u00f3veis, Luana Ramalho, Artimage,&nbsp;Decoralle e Tidelli, que assinam diferentes&nbsp;composi\u00e7\u00f5es e refor\u00e7am o car\u00e1ter curatorial do espa\u00e7o.<\/p>\n\n\n\n<p>Outro&nbsp;destaque \u00e9 a expans\u00e3o estrat\u00e9gica do portf\u00f3lio da&nbsp;St.&nbsp;James, sob a lideran\u00e7a&nbsp;de&nbsp;Ricardo Saad, CEO da marca, que amplia seu universo para al\u00e9m dos objetos&nbsp;em&nbsp;metal e passa a incluir categorias&nbsp;como tapetes e mobili\u00e1rio. Sem abrir m\u00e3o da ess\u00eancia artesanal que construiu seu legado&nbsp;desde 1976, a Casa&nbsp;St.&nbsp;James&nbsp;aponta novos caminhos para a marca no cen\u00e1rio do luxo contempor\u00e2neo brasileiro.<\/p>\n\n\n\n<figure class=\"wp-block-table\"><table class=\"has-fixed-layout\"><tbody><tr><td class=\"has-text-align-center\" data-align=\"center\"><a href=\"https:\/\/s2601.imxsnd13.com\/link.php?code=bDpfLTIwLV9fLTE1LV8xODkxMDE0NTA3JTJGMTU4NTUlMkY2YTQlMkY2YTRiZTA4YWQzNGU5OWUwNWJkZjU4MmM2ZWFmODcxYS5qcGVnOjIyMzQwNTcxNDc6MTc4MjAyMzM0MDoyNjA2OjE0NzpkNmE3OmQ1\">Ricardo Saad<\/a><\/td><\/tr><tr><td class=\"has-text-align-center\" data-align=\"center\"><img decoding=\"async\" src=\"https:\/\/s2601.imxsnd13.com\/81QmO5QWOzIWM6InYu02bj5ycz9mYsV2ZuFGQsV2ZuF2b0Vmb6cDNxcTNwQzMyIjOnVGcq5ydvxWYxcDOmFWZ2MmM4UjZkJWNwUWO5UGNzQWY4ATZiRTY2YkMlQTY2YkMlUTN4UTMGJTJ3ATN0EDMxkDOx8VL1ETLf9VLwITLfpTO\">Imagem\/Divulga\u00e7\u00e3o<\/td><\/tr><\/tbody><\/table><\/figure>\n\n\n\n<p>\u201cChegar aos&nbsp;50&nbsp;anos&nbsp;nos d\u00e1 maturidade para olhar para o futuro&nbsp;com&nbsp;consist\u00eancia. A Casa&nbsp;St.&nbsp;James&nbsp;nasce&nbsp;como um espa\u00e7o&nbsp;de&nbsp;express\u00e3o da nossa ess\u00eancia e, ao mesmo tempo,&nbsp;como um laborat\u00f3rio&nbsp;de&nbsp;novas ideias, parcerias e produtos\u201d, afirma Ricardo. \u201c\u00c9 um movimento natural&nbsp;de&nbsp;expans\u00e3o, que respeita nossa hist\u00f3ria artesanal e nos permite explorar novas formas&nbsp;de&nbsp;criar objetos extraordin\u00e1rios para o morar\u201d.<\/p>","protected":false},"excerpt":{"rendered":"<p>A&nbsp;St.&nbsp;James&nbsp;celebra&nbsp;seus&nbsp;50&nbsp;anos&nbsp;com&nbsp;a inaugura\u00e7\u00e3o da&nbsp;Casa&nbsp;St.&nbsp;James, sua primeira casa&nbsp;de&nbsp;experi\u00eancias, no Jardim Paulistano,&nbsp;em&nbsp;S\u00e3o&nbsp;Paulo. O novo endere\u00e7o, que abre as portas oficialmente na pr\u00f3xima ter\u00e7a-feira, dia 10, materializa o reposicionamento da marca e convida o p\u00fablico a uma imers\u00e3o no universo dos&nbsp;Objetos Extraordin\u00e1rios, pe\u00e7as que v\u00e3o al\u00e9m da fun\u00e7\u00e3o e se tornam&nbsp;deposit\u00e1rias&nbsp;de&nbsp;mem\u00f3ria, hist\u00f3ria e&nbsp;emo\u00e7\u00e3o. Waldir e Ricardo Saad Imagem\/Divulga\u00e7\u00e3o Pensada&nbsp;como<\/p>","protected":false},"author":2,"featured_media":0,"comment_status":"open","ping_status":"open","sticky":false,"template":"","format":"standard","meta":{"footnotes":""},"categories":[272,151,593],"tags":[900,901,434],"class_list":{"0":"post-10566","1":"post","2":"type-post","3":"status-publish","4":"format-standard","6":"category-luxo","7":"category-man","8":"category-mobiliario","9":"tag-casa-st-james","10":"tag-decoracao-de-luxo","11":"tag-sao-paulo"},"yoast_head":"<!-- This site is optimized with the Yoast SEO plugin v27.5 - https:\/\/yoast.com\/product\/yoast-seo-wordpress\/ -->\n<title>Decora\u00e7\u00e3o de Luxo em S\u00e3o Paulo: St. James Inaugura Nova Casa<\/title>\n<meta name=\"description\" content=\"Conhe\u00e7a a Casa St. James, o novo destino de decora\u00e7\u00e3o de luxo em S\u00e3o Paulo. Celebrando 50 anos, a marca inaugura espa\u00e7o de experi\u00eancias no Jardim Paulistano. Confira!\" \/>\n<meta name=\"robots\" content=\"index, follow, max-snippet:-1, max-image-preview:large, max-video-preview:-1\" \/>\n<link rel=\"canonical\" href=\"http:\/\/angelboss.com.br\/en\/2026\/02\/05\/decoracao-de-luxo-em-sao-paulo-casa-st-james-50-anos\/\" \/>\n<meta property=\"og:locale\" content=\"en_US\" \/>\n<meta property=\"og:type\" content=\"article\" \/>\n<meta property=\"og:title\" content=\"Decora\u00e7\u00e3o de Luxo em S\u00e3o Paulo: St. James Inaugura Nova Casa\" \/>\n<meta property=\"og:description\" content=\"Conhe\u00e7a a Casa St. James, o novo destino de decora\u00e7\u00e3o de luxo em S\u00e3o Paulo. Celebrando 50 anos, a marca inaugura espa\u00e7o de experi\u00eancias no Jardim Paulistano. Confira!\" \/>\n<meta property=\"og:url\" content=\"http:\/\/angelboss.com.br\/en\/2026\/02\/05\/decoracao-de-luxo-em-sao-paulo-casa-st-james-50-anos\/\" \/>\n<meta property=\"og:site_name\" content=\"Portal Masculino de Moda, Beleza, Luxo and Business - Angel Boss\" \/>\n<meta property=\"article:published_time\" content=\"2026-02-05T18:07:06+00:00\" \/>\n<meta property=\"article:modified_time\" content=\"2026-02-05T18:07:07+00:00\" \/>\n<meta property=\"og:image\" content=\"https:\/\/s2601.imxsnd13.com\/1=UDZ6UGOkNDN0ojci5SbvNmLzN3bixWZn5WYAxWZn5WYvRXZupzN0EzN1ADNzIjM6cmbw5iYxczN0UWMkVWZiRTNhZ2Y1ITOwIjZlNzNidzY3gjZzYkMlgjZzYkMlUTN4UTMGJTJ3ATN0EDMxkDOx8VL1ETLf9VLwITLfpTO\" \/>\n<meta name=\"author\" content=\"Neto Angel Boss\" \/>\n<meta name=\"twitter:card\" content=\"summary_large_image\" \/>\n<meta name=\"twitter:label1\" content=\"Written by\" \/>\n\t<meta name=\"twitter:data1\" content=\"Neto Angel Boss\" \/>\n\t<meta name=\"twitter:label2\" content=\"Est. reading time\" \/>\n\t<meta name=\"twitter:data2\" content=\"2 minutes\" \/>\n<script type=\"application\/ld+json\" class=\"yoast-schema-graph\">{\"@context\":\"https:\\\/\\\/schema.org\",\"@graph\":[{\"@type\":\"Article\",\"@id\":\"http:\\\/\\\/angelboss.com.br\\\/2026\\\/02\\\/05\\\/decoracao-de-luxo-em-sao-paulo-casa-st-james-50-anos\\\/#article\",\"isPartOf\":{\"@id\":\"http:\\\/\\\/angelboss.com.br\\\/2026\\\/02\\\/05\\\/decoracao-de-luxo-em-sao-paulo-casa-st-james-50-anos\\\/\"},\"author\":{\"name\":\"Neto Angel Boss\",\"@id\":\"https:\\\/\\\/angelboss.com.br\\\/en\\\/#\\\/schema\\\/person\\\/af084936b46cf2e03f299183e429e350\"},\"headline\":\"St.\u00a0James\u00a0celebra\u00a050\u00a0anos\u00a0com\u00a0inaugura\u00e7\u00e3o\u00a0de\u00a0espa\u00e7o\u00a0de\u00a0experi\u00eancias\u00a0em\u00a0S\u00e3o\u00a0Paulo\u00a0\",\"datePublished\":\"2026-02-05T18:07:06+00:00\",\"dateModified\":\"2026-02-05T18:07:07+00:00\",\"mainEntityOfPage\":{\"@id\":\"http:\\\/\\\/angelboss.com.br\\\/2026\\\/02\\\/05\\\/decoracao-de-luxo-em-sao-paulo-casa-st-james-50-anos\\\/\"},\"wordCount\":408,\"commentCount\":0,\"publisher\":{\"@id\":\"https:\\\/\\\/angelboss.com.br\\\/en\\\/#organization\"},\"image\":{\"@id\":\"http:\\\/\\\/angelboss.com.br\\\/2026\\\/02\\\/05\\\/decoracao-de-luxo-em-sao-paulo-casa-st-james-50-anos\\\/#primaryimage\"},\"thumbnailUrl\":\"https:\\\/\\\/s2601.imxsnd13.com\\\/1=UDZ6UGOkNDN0ojci5SbvNmLzN3bixWZn5WYAxWZn5WYvRXZupzN0EzN1ADNzIjM6cmbw5iYxczN0UWMkVWZiRTNhZ2Y1ITOwIjZlNzNidzY3gjZzYkMlgjZzYkMlUTN4UTMGJTJ3ATN0EDMxkDOx8VL1ETLf9VLwITLfpTO\",\"keywords\":[\"Casa St James\",\"Decora\u00e7\u00e3o de Luxo\",\"s\u00e3o paulo\"],\"articleSection\":[\"Luxo\",\"MAN\",\"Mobili\u00e1rio\"],\"inLanguage\":\"en-US\",\"potentialAction\":[{\"@type\":\"CommentAction\",\"name\":\"Comment\",\"target\":[\"http:\\\/\\\/angelboss.com.br\\\/2026\\\/02\\\/05\\\/decoracao-de-luxo-em-sao-paulo-casa-st-james-50-anos\\\/#respond\"]}]},{\"@type\":\"WebPage\",\"@id\":\"http:\\\/\\\/angelboss.com.br\\\/2026\\\/02\\\/05\\\/decoracao-de-luxo-em-sao-paulo-casa-st-james-50-anos\\\/\",\"url\":\"http:\\\/\\\/angelboss.com.br\\\/2026\\\/02\\\/05\\\/decoracao-de-luxo-em-sao-paulo-casa-st-james-50-anos\\\/\",\"name\":\"Decora\u00e7\u00e3o de Luxo em S\u00e3o Paulo: St. James Inaugura Nova Casa\",\"isPartOf\":{\"@id\":\"https:\\\/\\\/angelboss.com.br\\\/en\\\/#website\"},\"primaryImageOfPage\":{\"@id\":\"http:\\\/\\\/angelboss.com.br\\\/2026\\\/02\\\/05\\\/decoracao-de-luxo-em-sao-paulo-casa-st-james-50-anos\\\/#primaryimage\"},\"image\":{\"@id\":\"http:\\\/\\\/angelboss.com.br\\\/2026\\\/02\\\/05\\\/decoracao-de-luxo-em-sao-paulo-casa-st-james-50-anos\\\/#primaryimage\"},\"thumbnailUrl\":\"https:\\\/\\\/s2601.imxsnd13.com\\\/1=UDZ6UGOkNDN0ojci5SbvNmLzN3bixWZn5WYAxWZn5WYvRXZupzN0EzN1ADNzIjM6cmbw5iYxczN0UWMkVWZiRTNhZ2Y1ITOwIjZlNzNidzY3gjZzYkMlgjZzYkMlUTN4UTMGJTJ3ATN0EDMxkDOx8VL1ETLf9VLwITLfpTO\",\"datePublished\":\"2026-02-05T18:07:06+00:00\",\"dateModified\":\"2026-02-05T18:07:07+00:00\",\"description\":\"Conhe\u00e7a a Casa St. James, o novo destino de decora\u00e7\u00e3o de luxo em S\u00e3o Paulo. Celebrando 50 anos, a marca inaugura espa\u00e7o de experi\u00eancias no Jardim Paulistano. Confira!\",\"breadcrumb\":{\"@id\":\"http:\\\/\\\/angelboss.com.br\\\/2026\\\/02\\\/05\\\/decoracao-de-luxo-em-sao-paulo-casa-st-james-50-anos\\\/#breadcrumb\"},\"inLanguage\":\"en-US\",\"potentialAction\":[{\"@type\":\"ReadAction\",\"target\":[\"http:\\\/\\\/angelboss.com.br\\\/2026\\\/02\\\/05\\\/decoracao-de-luxo-em-sao-paulo-casa-st-james-50-anos\\\/\"]}]},{\"@type\":\"ImageObject\",\"inLanguage\":\"en-US\",\"@id\":\"http:\\\/\\\/angelboss.com.br\\\/2026\\\/02\\\/05\\\/decoracao-de-luxo-em-sao-paulo-casa-st-james-50-anos\\\/#primaryimage\",\"url\":\"https:\\\/\\\/s2601.imxsnd13.com\\\/1=UDZ6UGOkNDN0ojci5SbvNmLzN3bixWZn5WYAxWZn5WYvRXZupzN0EzN1ADNzIjM6cmbw5iYxczN0UWMkVWZiRTNhZ2Y1ITOwIjZlNzNidzY3gjZzYkMlgjZzYkMlUTN4UTMGJTJ3ATN0EDMxkDOx8VL1ETLf9VLwITLfpTO\",\"contentUrl\":\"https:\\\/\\\/s2601.imxsnd13.com\\\/1=UDZ6UGOkNDN0ojci5SbvNmLzN3bixWZn5WYAxWZn5WYvRXZupzN0EzN1ADNzIjM6cmbw5iYxczN0UWMkVWZiRTNhZ2Y1ITOwIjZlNzNidzY3gjZzYkMlgjZzYkMlUTN4UTMGJTJ3ATN0EDMxkDOx8VL1ETLf9VLwITLfpTO\"},{\"@type\":\"BreadcrumbList\",\"@id\":\"http:\\\/\\\/angelboss.com.br\\\/2026\\\/02\\\/05\\\/decoracao-de-luxo-em-sao-paulo-casa-st-james-50-anos\\\/#breadcrumb\",\"itemListElement\":[{\"@type\":\"ListItem\",\"position\":1,\"name\":\"In\u00edcio\",\"item\":\"https:\\\/\\\/angelboss.com.br\\\/en\\\/\"},{\"@type\":\"ListItem\",\"position\":2,\"name\":\"St.\u00a0James\u00a0celebra\u00a050\u00a0anos\u00a0com\u00a0inaugura\u00e7\u00e3o\u00a0de\u00a0espa\u00e7o\u00a0de\u00a0experi\u00eancias\u00a0em\u00a0S\u00e3o\u00a0Paulo\u00a0\"}]},{\"@type\":\"WebSite\",\"@id\":\"https:\\\/\\\/angelboss.com.br\\\/en\\\/#website\",\"url\":\"https:\\\/\\\/angelboss.com.br\\\/en\\\/\",\"name\":\"Portal Masculino de Moda, Beleza, Luxo e Business - Angel Boss\",\"description\":\"O Maior Portal sobre Moda, Luxo, Beleza e Business Masculino do Brasil\",\"publisher\":{\"@id\":\"https:\\\/\\\/angelboss.com.br\\\/en\\\/#organization\"},\"alternateName\":\"Maior Portal e Blog de Beleza Masculina e Luxo\",\"potentialAction\":[{\"@type\":\"SearchAction\",\"target\":{\"@type\":\"EntryPoint\",\"urlTemplate\":\"https:\\\/\\\/angelboss.com.br\\\/en\\\/?s={search_term_string}\"},\"query-input\":{\"@type\":\"PropertyValueSpecification\",\"valueRequired\":true,\"valueName\":\"search_term_string\"}}],\"inLanguage\":\"en-US\"},{\"@type\":\"Organization\",\"@id\":\"https:\\\/\\\/angelboss.com.br\\\/en\\\/#organization\",\"name\":\"Portal Masculino de Moda, Beleza, Luxo and Business - Angel Boss\",\"url\":\"https:\\\/\\\/angelboss.com.br\\\/en\\\/\",\"logo\":{\"@type\":\"ImageObject\",\"inLanguage\":\"en-US\",\"@id\":\"https:\\\/\\\/angelboss.com.br\\\/en\\\/#\\\/schema\\\/logo\\\/image\\\/\",\"url\":\"http:\\\/\\\/angelboss.com.br\\\/wp-content\\\/uploads\\\/2025\\\/12\\\/WhatsApp-Image-2025-12-11-at-12.54.26.jpeg\",\"contentUrl\":\"http:\\\/\\\/angelboss.com.br\\\/wp-content\\\/uploads\\\/2025\\\/12\\\/WhatsApp-Image-2025-12-11-at-12.54.26.jpeg\",\"width\":1280,\"height\":1280,\"caption\":\"Portal Masculino de Moda, Beleza, Luxo and Business - Angel Boss\"},\"image\":{\"@id\":\"https:\\\/\\\/angelboss.com.br\\\/en\\\/#\\\/schema\\\/logo\\\/image\\\/\"}},{\"@type\":\"Person\",\"@id\":\"https:\\\/\\\/angelboss.com.br\\\/en\\\/#\\\/schema\\\/person\\\/af084936b46cf2e03f299183e429e350\",\"name\":\"Neto Angel Boss\",\"image\":{\"@type\":\"ImageObject\",\"inLanguage\":\"en-US\",\"@id\":\"https:\\\/\\\/secure.gravatar.com\\\/avatar\\\/dbb38b2050e5181e32afbccf458635967af0767d15abe8168b35ebbd97907289?s=96&d=mm&r=g\",\"url\":\"https:\\\/\\\/secure.gravatar.com\\\/avatar\\\/dbb38b2050e5181e32afbccf458635967af0767d15abe8168b35ebbd97907289?s=96&d=mm&r=g\",\"contentUrl\":\"https:\\\/\\\/secure.gravatar.com\\\/avatar\\\/dbb38b2050e5181e32afbccf458635967af0767d15abe8168b35ebbd97907289?s=96&d=mm&r=g\",\"caption\":\"Neto Angel Boss\"},\"sameAs\":[\"http:\\\/\\\/www.angelboss.com\"],\"url\":\"http:\\\/\\\/angelboss.com.br\\\/en\\\/author\\\/netoangelboss\\\/\"}]}<\/script>\n<!-- \/ Yoast SEO plugin. -->","yoast_head_json":{"title":"Decora\u00e7\u00e3o de Luxo em S\u00e3o Paulo: St. James Inaugura Nova Casa","description":"Conhe\u00e7a a Casa St. James, o novo destino de decora\u00e7\u00e3o de luxo em S\u00e3o Paulo. Celebrando 50 anos, a marca inaugura espa\u00e7o de experi\u00eancias no Jardim Paulistano. Confira!","robots":{"index":"index","follow":"follow","max-snippet":"max-snippet:-1","max-image-preview":"max-image-preview:large","max-video-preview":"max-video-preview:-1"},"canonical":"http:\/\/angelboss.com.br\/en\/2026\/02\/05\/decoracao-de-luxo-em-sao-paulo-casa-st-james-50-anos\/","og_locale":"en_US","og_type":"article","og_title":"Decora\u00e7\u00e3o de Luxo em S\u00e3o Paulo: St. James Inaugura Nova Casa","og_description":"Conhe\u00e7a a Casa St. James, o novo destino de decora\u00e7\u00e3o de luxo em S\u00e3o Paulo. Celebrando 50 anos, a marca inaugura espa\u00e7o de experi\u00eancias no Jardim Paulistano. Confira!","og_url":"http:\/\/angelboss.com.br\/en\/2026\/02\/05\/decoracao-de-luxo-em-sao-paulo-casa-st-james-50-anos\/","og_site_name":"Portal Masculino de Moda, Beleza, Luxo and Business - Angel Boss","article_published_time":"2026-02-05T18:07:06+00:00","article_modified_time":"2026-02-05T18:07:07+00:00","og_image":[{"url":"https:\/\/s2601.imxsnd13.com\/1=UDZ6UGOkNDN0ojci5SbvNmLzN3bixWZn5WYAxWZn5WYvRXZupzN0EzN1ADNzIjM6cmbw5iYxczN0UWMkVWZiRTNhZ2Y1ITOwIjZlNzNidzY3gjZzYkMlgjZzYkMlUTN4UTMGJTJ3ATN0EDMxkDOx8VL1ETLf9VLwITLfpTO","type":"","width":"","height":""}],"author":"Neto Angel Boss","twitter_card":"summary_large_image","twitter_misc":{"Written by":"Neto Angel Boss","Est. reading time":"2 minutes"},"schema":{"@context":"https:\/\/schema.org","@graph":[{"@type":"Article","@id":"http:\/\/angelboss.com.br\/2026\/02\/05\/decoracao-de-luxo-em-sao-paulo-casa-st-james-50-anos\/#article","isPartOf":{"@id":"http:\/\/angelboss.com.br\/2026\/02\/05\/decoracao-de-luxo-em-sao-paulo-casa-st-james-50-anos\/"},"author":{"name":"Neto Angel Boss","@id":"https:\/\/angelboss.com.br\/en\/#\/schema\/person\/af084936b46cf2e03f299183e429e350"},"headline":"St.\u00a0James\u00a0celebra\u00a050\u00a0anos\u00a0com\u00a0inaugura\u00e7\u00e3o\u00a0de\u00a0espa\u00e7o\u00a0de\u00a0experi\u00eancias\u00a0em\u00a0S\u00e3o\u00a0Paulo\u00a0","datePublished":"2026-02-05T18:07:06+00:00","dateModified":"2026-02-05T18:07:07+00:00","mainEntityOfPage":{"@id":"http:\/\/angelboss.com.br\/2026\/02\/05\/decoracao-de-luxo-em-sao-paulo-casa-st-james-50-anos\/"},"wordCount":408,"commentCount":0,"publisher":{"@id":"https:\/\/angelboss.com.br\/en\/#organization"},"image":{"@id":"http:\/\/angelboss.com.br\/2026\/02\/05\/decoracao-de-luxo-em-sao-paulo-casa-st-james-50-anos\/#primaryimage"},"thumbnailUrl":"https:\/\/s2601.imxsnd13.com\/1=UDZ6UGOkNDN0ojci5SbvNmLzN3bixWZn5WYAxWZn5WYvRXZupzN0EzN1ADNzIjM6cmbw5iYxczN0UWMkVWZiRTNhZ2Y1ITOwIjZlNzNidzY3gjZzYkMlgjZzYkMlUTN4UTMGJTJ3ATN0EDMxkDOx8VL1ETLf9VLwITLfpTO","keywords":["Casa St James","Decora\u00e7\u00e3o de Luxo","s\u00e3o paulo"],"articleSection":["Luxo","MAN","Mobili\u00e1rio"],"inLanguage":"en-US","potentialAction":[{"@type":"CommentAction","name":"Comment","target":["http:\/\/angelboss.com.br\/2026\/02\/05\/decoracao-de-luxo-em-sao-paulo-casa-st-james-50-anos\/#respond"]}]},{"@type":"WebPage","@id":"http:\/\/angelboss.com.br\/2026\/02\/05\/decoracao-de-luxo-em-sao-paulo-casa-st-james-50-anos\/","url":"http:\/\/angelboss.com.br\/2026\/02\/05\/decoracao-de-luxo-em-sao-paulo-casa-st-james-50-anos\/","name":"Decora\u00e7\u00e3o de Luxo em S\u00e3o Paulo: St. James Inaugura Nova Casa","isPartOf":{"@id":"https:\/\/angelboss.com.br\/en\/#website"},"primaryImageOfPage":{"@id":"http:\/\/angelboss.com.br\/2026\/02\/05\/decoracao-de-luxo-em-sao-paulo-casa-st-james-50-anos\/#primaryimage"},"image":{"@id":"http:\/\/angelboss.com.br\/2026\/02\/05\/decoracao-de-luxo-em-sao-paulo-casa-st-james-50-anos\/#primaryimage"},"thumbnailUrl":"https:\/\/s2601.imxsnd13.com\/1=UDZ6UGOkNDN0ojci5SbvNmLzN3bixWZn5WYAxWZn5WYvRXZupzN0EzN1ADNzIjM6cmbw5iYxczN0UWMkVWZiRTNhZ2Y1ITOwIjZlNzNidzY3gjZzYkMlgjZzYkMlUTN4UTMGJTJ3ATN0EDMxkDOx8VL1ETLf9VLwITLfpTO","datePublished":"2026-02-05T18:07:06+00:00","dateModified":"2026-02-05T18:07:07+00:00","description":"Conhe\u00e7a a Casa St. James, o novo destino de decora\u00e7\u00e3o de luxo em S\u00e3o Paulo. Celebrando 50 anos, a marca inaugura espa\u00e7o de experi\u00eancias no Jardim Paulistano. Confira!","breadcrumb":{"@id":"http:\/\/angelboss.com.br\/2026\/02\/05\/decoracao-de-luxo-em-sao-paulo-casa-st-james-50-anos\/#breadcrumb"},"inLanguage":"en-US","potentialAction":[{"@type":"ReadAction","target":["http:\/\/angelboss.com.br\/2026\/02\/05\/decoracao-de-luxo-em-sao-paulo-casa-st-james-50-anos\/"]}]},{"@type":"ImageObject","inLanguage":"en-US","@id":"http:\/\/angelboss.com.br\/2026\/02\/05\/decoracao-de-luxo-em-sao-paulo-casa-st-james-50-anos\/#primaryimage","url":"https:\/\/s2601.imxsnd13.com\/1=UDZ6UGOkNDN0ojci5SbvNmLzN3bixWZn5WYAxWZn5WYvRXZupzN0EzN1ADNzIjM6cmbw5iYxczN0UWMkVWZiRTNhZ2Y1ITOwIjZlNzNidzY3gjZzYkMlgjZzYkMlUTN4UTMGJTJ3ATN0EDMxkDOx8VL1ETLf9VLwITLfpTO","contentUrl":"https:\/\/s2601.imxsnd13.com\/1=UDZ6UGOkNDN0ojci5SbvNmLzN3bixWZn5WYAxWZn5WYvRXZupzN0EzN1ADNzIjM6cmbw5iYxczN0UWMkVWZiRTNhZ2Y1ITOwIjZlNzNidzY3gjZzYkMlgjZzYkMlUTN4UTMGJTJ3ATN0EDMxkDOx8VL1ETLf9VLwITLfpTO"},{"@type":"BreadcrumbList","@id":"http:\/\/angelboss.com.br\/2026\/02\/05\/decoracao-de-luxo-em-sao-paulo-casa-st-james-50-anos\/#breadcrumb","itemListElement":[{"@type":"ListItem","position":1,"name":"In\u00edcio","item":"https:\/\/angelboss.com.br\/en\/"},{"@type":"ListItem","position":2,"name":"St.\u00a0James\u00a0celebra\u00a050\u00a0anos\u00a0com\u00a0inaugura\u00e7\u00e3o\u00a0de\u00a0espa\u00e7o\u00a0de\u00a0experi\u00eancias\u00a0em\u00a0S\u00e3o\u00a0Paulo\u00a0"}]},{"@type":"WebSite","@id":"https:\/\/angelboss.com.br\/en\/#website","url":"https:\/\/angelboss.com.br\/en\/","name":"Portal Masculino de Moda, Beleza, Luxo e Business - Angel Boss","description":"O Maior Portal sobre Moda, Luxo, Beleza e Business Masculino do Brasil","publisher":{"@id":"https:\/\/angelboss.com.br\/en\/#organization"},"alternateName":"Maior Portal e Blog de Beleza Masculina e Luxo","potentialAction":[{"@type":"SearchAction","target":{"@type":"EntryPoint","urlTemplate":"https:\/\/angelboss.com.br\/en\/?s={search_term_string}"},"query-input":{"@type":"PropertyValueSpecification","valueRequired":true,"valueName":"search_term_string"}}],"inLanguage":"en-US"},{"@type":"Organization","@id":"https:\/\/angelboss.com.br\/en\/#organization","name":"Portal Masculino de Moda, Beleza, Luxo and Business - Angel Boss","url":"https:\/\/angelboss.com.br\/en\/","logo":{"@type":"ImageObject","inLanguage":"en-US","@id":"https:\/\/angelboss.com.br\/en\/#\/schema\/logo\/image\/","url":"http:\/\/angelboss.com.br\/wp-content\/uploads\/2025\/12\/WhatsApp-Image-2025-12-11-at-12.54.26.jpeg","contentUrl":"http:\/\/angelboss.com.br\/wp-content\/uploads\/2025\/12\/WhatsApp-Image-2025-12-11-at-12.54.26.jpeg","width":1280,"height":1280,"caption":"Portal Masculino de Moda, Beleza, Luxo and Business - Angel Boss"},"image":{"@id":"https:\/\/angelboss.com.br\/en\/#\/schema\/logo\/image\/"}},{"@type":"Person","@id":"https:\/\/angelboss.com.br\/en\/#\/schema\/person\/af084936b46cf2e03f299183e429e350","name":"Neto Angel Boss","image":{"@type":"ImageObject","inLanguage":"en-US","@id":"https:\/\/secure.gravatar.com\/avatar\/dbb38b2050e5181e32afbccf458635967af0767d15abe8168b35ebbd97907289?s=96&d=mm&r=g","url":"https:\/\/secure.gravatar.com\/avatar\/dbb38b2050e5181e32afbccf458635967af0767d15abe8168b35ebbd97907289?s=96&d=mm&r=g","contentUrl":"https:\/\/secure.gravatar.com\/avatar\/dbb38b2050e5181e32afbccf458635967af0767d15abe8168b35ebbd97907289?s=96&d=mm&r=g","caption":"Neto Angel Boss"},"sameAs":["http:\/\/www.angelboss.com"],"url":"http:\/\/angelboss.com.br\/en\/author\/netoangelboss\/"}]}},"amp_enabled":true,"_links":{"self":[{"href":"http:\/\/angelboss.com.br\/en\/wp-json\/wp\/v2\/posts\/10566","targetHints":{"allow":["GET"]}}],"collection":[{"href":"http:\/\/angelboss.com.br\/en\/wp-json\/wp\/v2\/posts"}],"about":[{"href":"http:\/\/angelboss.com.br\/en\/wp-json\/wp\/v2\/types\/post"}],"author":[{"embeddable":true,"href":"http:\/\/angelboss.com.br\/en\/wp-json\/wp\/v2\/users\/2"}],"replies":[{"embeddable":true,"href":"http:\/\/angelboss.com.br\/en\/wp-json\/wp\/v2\/comments?post=10566"}],"version-history":[{"count":1,"href":"http:\/\/angelboss.com.br\/en\/wp-json\/wp\/v2\/posts\/10566\/revisions"}],"predecessor-version":[{"id":10568,"href":"http:\/\/angelboss.com.br\/en\/wp-json\/wp\/v2\/posts\/10566\/revisions\/10568"}],"wp:attachment":[{"href":"http:\/\/angelboss.com.br\/en\/wp-json\/wp\/v2\/media?parent=10566"}],"wp:term":[{"taxonomy":"category","embeddable":true,"href":"http:\/\/angelboss.com.br\/en\/wp-json\/wp\/v2\/categories?post=10566"},{"taxonomy":"post_tag","embeddable":true,"href":"http:\/\/angelboss.com.br\/en\/wp-json\/wp\/v2\/tags?post=10566"}],"curies":[{"name":"wp","href":"https:\/\/api.w.org\/{rel}","templated":true}]}}