{"id":10234,"date":"2026-02-03T00:00:00","date_gmt":"2026-02-03T00:00:00","guid":{"rendered":"https:\/\/angelboss.com.br\/2026\/02\/03\/325881-feriados-prolongados-sao-opcao-para-viajar-fora-das-ferias\/"},"modified":"2026-02-03T00:00:00","modified_gmt":"2026-02-03T00:00:00","slug":"325881-feriados-prolongados-sao-opcao-para-viajar-fora-das-ferias","status":"publish","type":"post","link":"http:\/\/angelboss.com.br\/en\/2026\/02\/03\/325881-feriados-prolongados-sao-opcao-para-viajar-fora-das-ferias\/","title":{"rendered":"Feriados prolongados s\u00e3o op\u00e7\u00e3o para viajar fora das f\u00e9rias"},"content":{"rendered":"<p>O ano de 2026 ter&aacute; feriados em segundas, sextas e datas estrat&eacute;gicas que rendem at&eacute; 23 dias de descanso usando poucos dias &uacute;teis. A <a rel=\"follow\" target=\"_blank\" href=\"https:\/\/www.gov.br\/gestao\/pt-br\/assuntos\/noticias\/2025\/dezembro\/confira-o-calendario-oficial-de-feriados-nacionais-e-pontos-facultativos-em-2026\">informa&ccedil;&atilde;o<\/a> foi divulgada pelo Minist&eacute;rio da Gest&atilde;o e da Inova&ccedil;&atilde;o em Servi&ccedil;os P&uacute;blicos, que publicou a portaria que estabelece os feriados nacionais e pontos facultativos deste ano.<\/p>\n<p>Dos dez feriados nacionais, somente a Proclama&ccedil;&atilde;o da Rep&uacute;blica (15 de novembro, domingo) cai no fim de semana. O texto destaca que as datas devem ser observadas pelos &oacute;rg&atilde;os e entidades da administra&ccedil;&atilde;o p&uacute;blica federal direta, aut&aacute;rquica e fundacional, sem comprometer servi&ccedil;os essenciais.&nbsp;<\/p>\n<p>Para parte dos brasileiros, os feriados prolongados podem ser uma oportunidade para &ldquo;fazer as malas&rdquo;. Segundo o relat&oacute;rio Travel Trends 2026, noticiado pelo portal <a rel=\"follow\" target=\"_blank\" href=\"https:\/\/www.panrotas.com.br\/mercado\/pesquisas-e-estatisticas\/2025\/10\/quais-sao-as-7-tendencias-que-vao-moldar-o-turismo-em-2026-estudo-revela_222538.html\">Panrotas<\/a>, mais da metade (53%) dos entrevistados pretendem gastar mais neste ver&atilde;o, investindo alto em passagens e hospedagens.&nbsp;<\/p>\n<p>Felipe Oliveira Pedreira, <a rel=\"follow\" target=\"_blank\" href=\"https:\/\/www.bahiaterra.com\">diretor da ag&ecirc;ncia de turismo receptivo Bahia Terra Turismo<\/a>, destaca que, atenta a esse fator, a ag&ecirc;ncia se prepara para atender um aumento pontual da demanda nos feriados prolongados, mantendo a estrutura de alta esta&ccedil;&atilde;o durante o per&iacute;odo.<\/p>\n<p>Segundo Pedreira, os destinos baianos que costumam ser mais procurados nesses per&iacute;odos de feriados prolongados normalmente s&atilde;o os mais pr&oacute;ximos de Salvador e dos aeroportos de Ilh&eacute;us e Porto Seguro.&nbsp;<\/p>\n<p>Ele cita as <a rel=\"follow\" target=\"_blank\" href=\"https:\/\/www.boipebatur.com.br\">ilhas paradis&iacute;acas como a Ilha de Boipeba<\/a> e a regi&atilde;o da Chapada Diamantina, como a cidade de Len&ccedil;&oacute;is, como uma boa pedida para quem busca viagens mais tranquilas, com menor lota&ccedil;&atilde;o durante esses feriados.<\/p>\n<p>Os destinos citados pelo diretor da Bahia Terra Turismo re&uacute;nem algumas das caracter&iacute;sticas mais buscadas pelos brasileiros. De acordo com um balan&ccedil;o divulgado pelo Minist&eacute;rio do Turismo, o chamado &ldquo;turismo de sol e praia&rdquo; &eacute; a principal prefer&ecirc;ncia dos brasileiros, com 35% das men&ccedil;&otilde;es.<\/p>\n<p>Segundo o <a rel=\"follow\" target=\"_blank\" href=\"https:\/\/www.nexus.fsb.com.br\/wp-content\/uploads\/2025\/01\/Pesquisa-turismo-Nexus-MTur-habitos-turismo.pdf\">estudo<\/a>, conduzido pela Nexus, os destinos de sol e praia ganharam destaque &agrave; frente de outras op&ccedil;&otilde;es de viagem: Natureza\/Ecoturismo (16%), Cultural\/Hist&oacute;rico (7%), Sa&uacute;de e bem-estar (7%) e Aventura (6%).&nbsp;<\/p>\n<p>&ldquo;Os feriados prolongados ajudam a manter o fluxo tur&iacute;stico ao longo do ano. Essas datas s&atilde;o importantes para a sustentabilidade econ&ocirc;mica do setor na Bahia, pois movimentam a economia do turismo na chamada baixa esta&ccedil;&atilde;o&rdquo;, confirma Pedreira.<\/p>\n<p>O diretor revela que &eacute; poss&iacute;vel encontrar condi&ccedil;&otilde;es mais atrativas fora da alta temporada, como tarifas promocionais e pacotes diferenciados com servi&ccedil;os receptivos, como o <a rel=\"follow\" target=\"_blank\" href=\"https:\/\/www.morrodesaopaulocatamara.com\/semi-terrestre\">transfer saindo do aeroporto de Salvador<\/a> para os principais destinos da Bahia, por exemplo.<\/p>\n<p>O especialista da Bahia Terra Turismo alerta que o planejamento antecipado &eacute; o segredo para conseguir as melhores tarifas de passagens e hospedagem. Abaixo, a <a rel=\"follow\" target=\"_blank\" href=\"https:\/\/www.gov.br\/turismo\/pt-br\/assuntos\/noticias\/quantos-feriados-teremos-em-2026-confira-o-calendario-e-se-planeje-para-viajar-no-proximo-ano\">lista <\/a>de principais feriados prolongados de 2026:&nbsp;<\/p>\n<ul>\n<li style=\"font-weight: 400;\" aria-level=\"1\"><strong>Fevereiro <\/strong>&#8211; Carnaval: 16 (segunda-feira) e 17 (ter&ccedil;a-feira); Quarta-Feira de Cinzas (dia 18), que &eacute; ponto facultativo at&eacute; &agrave;s 14 horas;<\/li>\n<li style=\"font-weight: 400;\" aria-level=\"1\"><strong>Abril <\/strong>&#8211; Paix&atilde;o de Cristo: 3 de abril (sexta-feira); Tiradentes: 21 de abril (ter&ccedil;a-feira); Servidores federais: 20 de abril (segunda-feira);<\/li>\n<li style=\"font-weight: 400;\" aria-level=\"1\"><strong>Maio <\/strong>&#8211; Dia Mundial do Trabalho: 1&ordm; de maio (sexta-feira);<\/li>\n<li style=\"font-weight: 400;\" aria-level=\"1\"><strong>Junho <\/strong>&#8211; Corpus Christi: 4 de junho (quinta-feira); Para a administra&ccedil;&atilde;o federal, o dia seguinte, 5 de junho (sexta-feira), tamb&eacute;m ser&aacute; ponto facultativo;<\/li>\n<li style=\"font-weight: 400;\" aria-level=\"1\"><strong>Setembro <\/strong>&#8211; Independ&ecirc;ncia do Brasil: 7 de setembro (segunda-feira);<\/li>\n<li style=\"font-weight: 400;\" aria-level=\"1\"><strong>Outubro <\/strong>&#8211; Nossa Senhora Aparecida: 12 de outubro (segunda-feira);&nbsp;Dia do Servidor P&uacute;blico Federal: 28 de outubro &#8211; ponto facultativo;<\/li>\n<li style=\"font-weight: 400;\" aria-level=\"1\"><strong>Novembro <\/strong>&#8211; Finados: 2 de novembro (segunda-feira); Proclama&ccedil;&atilde;o da Rep&uacute;blica: 15 de novembro (domingo); Dia Nacional de Zumbi e da Consci&ecirc;ncia Negra: 20 de novembro (sexta-feira);<\/li>\n<li style=\"font-weight: 400;\" aria-level=\"1\"><strong>Dezembro <\/strong>&#8211; Natal: 25 de dezembro (sexta-feira); V&eacute;speras de Natal (24 de dezembro) e de Ano Novo (31 de dezembro) s&atilde;o pontos facultativos ap&oacute;s as 13 horas.<\/li>\n<\/ul>\n<p>&nbsp;<\/p>\n<p>&ldquo;Para quem pretende aproveitar os feriados prolongados de 2026 para conhecer a Bahia de forma estrat&eacute;gica e econ&ocirc;mica, vale a pena planejar a viagem com anteced&ecirc;ncia garantindo tarifas mais econ&ocirc;micas&rdquo;, recomenda Pedreira.<\/p>\n<p>Para mais informa&ccedil;&otilde;es, basta acessar: <a rel=\"follow\" target=\"_blank\" href=\"https:\/\/www.bahiaterra.com\">https:\/\/www.bahiaterra.com<\/a><\/p>\n<p>&nbsp;<\/p>\n<p><img src='https:\/\/api.dino.com.br\/v2\/news\/tr\/325881?partnerId=4593' alt=\"\" style=\"border:0px;width:1px;height:1px;\" \/><\/p>","protected":false},"excerpt":{"rendered":"<p>Diretor da ag\u00eancia de turismo receptivo Bahia Terra Turismo conta como o trade tur\u00edstico da regi\u00e3o se prepara para atender os turistas durante os feriados em 2026<\/p>","protected":false},"author":3,"featured_media":10235,"comment_status":"open","ping_status":"open","sticky":false,"template":"","format":"standard","meta":{"footnotes":""},"categories":[315],"tags":[378],"class_list":{"0":"post-10234","1":"post","2":"type-post","3":"status-publish","4":"format-standard","5":"has-post-thumbnail","7":"category-noticias-corporativas-dino","8":"tag-turismo-e-viagem"},"yoast_head":"<!-- This site is optimized with the Yoast SEO plugin v27.4 - https:\/\/yoast.com\/product\/yoast-seo-wordpress\/ -->\n<title>Feriados prolongados s\u00e3o op\u00e7\u00e3o para viajar fora das f\u00e9rias - Portal Masculino de Moda, Beleza, Luxo and Business - Angel Boss<\/title>\n<meta name=\"robots\" content=\"index, follow, max-snippet:-1, max-image-preview:large, max-video-preview:-1\" \/>\n<link rel=\"canonical\" href=\"http:\/\/angelboss.com.br\/en\/2026\/02\/03\/325881-feriados-prolongados-sao-opcao-para-viajar-fora-das-ferias\/\" \/>\n<meta property=\"og:locale\" content=\"en_US\" \/>\n<meta property=\"og:type\" content=\"article\" \/>\n<meta property=\"og:title\" content=\"Feriados prolongados s\u00e3o op\u00e7\u00e3o para viajar fora das f\u00e9rias - Portal Masculino de Moda, Beleza, Luxo and Business - Angel Boss\" \/>\n<meta property=\"og:description\" content=\"Diretor da ag\u00eancia de turismo receptivo Bahia Terra Turismo conta como o trade tur\u00edstico da regi\u00e3o se prepara para atender os turistas durante os feriados em 2026\" \/>\n<meta property=\"og:url\" content=\"http:\/\/angelboss.com.br\/en\/2026\/02\/03\/325881-feriados-prolongados-sao-opcao-para-viajar-fora-das-ferias\/\" \/>\n<meta property=\"og:site_name\" content=\"Portal Masculino de Moda, Beleza, Luxo and Business - Angel Boss\" \/>\n<meta property=\"article:published_time\" content=\"2026-02-03T00:00:00+00:00\" \/>\n<meta property=\"og:image\" content=\"http:\/\/angelboss.com.br\/wp-content\/uploads\/2026\/02\/f090600f-5204-47f2-8fa5-a37119736c98.jpg\" \/>\n\t<meta property=\"og:image:width\" content=\"1200\" \/>\n\t<meta property=\"og:image:height\" content=\"800\" \/>\n\t<meta property=\"og:image:type\" content=\"image\/jpeg\" \/>\n<meta name=\"author\" content=\"DINO\" \/>\n<meta name=\"twitter:card\" content=\"summary_large_image\" \/>\n<meta name=\"twitter:label1\" content=\"Written by\" \/>\n\t<meta name=\"twitter:data1\" content=\"DINO\" \/>\n\t<meta name=\"twitter:label2\" content=\"Est. reading time\" \/>\n\t<meta name=\"twitter:data2\" content=\"4 minutes\" \/>\n<script type=\"application\/ld+json\" class=\"yoast-schema-graph\">{\"@context\":\"https:\\\/\\\/schema.org\",\"@graph\":[{\"@type\":\"Article\",\"@id\":\"http:\\\/\\\/angelboss.com.br\\\/2026\\\/02\\\/03\\\/325881-feriados-prolongados-sao-opcao-para-viajar-fora-das-ferias\\\/#article\",\"isPartOf\":{\"@id\":\"http:\\\/\\\/angelboss.com.br\\\/2026\\\/02\\\/03\\\/325881-feriados-prolongados-sao-opcao-para-viajar-fora-das-ferias\\\/\"},\"author\":{\"name\":\"DINO\",\"@id\":\"http:\\\/\\\/angelboss.com.br\\\/#\\\/schema\\\/person\\\/b6676b8d991f97199ef2d5b8e5c2d8a5\"},\"headline\":\"Feriados prolongados s\u00e3o op\u00e7\u00e3o para viajar fora das f\u00e9rias\",\"datePublished\":\"2026-02-03T00:00:00+00:00\",\"mainEntityOfPage\":{\"@id\":\"http:\\\/\\\/angelboss.com.br\\\/2026\\\/02\\\/03\\\/325881-feriados-prolongados-sao-opcao-para-viajar-fora-das-ferias\\\/\"},\"wordCount\":769,\"commentCount\":0,\"publisher\":{\"@id\":\"http:\\\/\\\/angelboss.com.br\\\/#organization\"},\"image\":{\"@id\":\"http:\\\/\\\/angelboss.com.br\\\/2026\\\/02\\\/03\\\/325881-feriados-prolongados-sao-opcao-para-viajar-fora-das-ferias\\\/#primaryimage\"},\"thumbnailUrl\":\"http:\\\/\\\/angelboss.com.br\\\/wp-content\\\/uploads\\\/2026\\\/02\\\/f090600f-5204-47f2-8fa5-a37119736c98.jpg\",\"keywords\":[\"TURISMO E VIAGEM\"],\"articleSection\":[\"Not\u00edcias Corporativas\"],\"inLanguage\":\"en-US\",\"potentialAction\":[{\"@type\":\"CommentAction\",\"name\":\"Comment\",\"target\":[\"http:\\\/\\\/angelboss.com.br\\\/2026\\\/02\\\/03\\\/325881-feriados-prolongados-sao-opcao-para-viajar-fora-das-ferias\\\/#respond\"]}]},{\"@type\":\"WebPage\",\"@id\":\"http:\\\/\\\/angelboss.com.br\\\/2026\\\/02\\\/03\\\/325881-feriados-prolongados-sao-opcao-para-viajar-fora-das-ferias\\\/\",\"url\":\"http:\\\/\\\/angelboss.com.br\\\/2026\\\/02\\\/03\\\/325881-feriados-prolongados-sao-opcao-para-viajar-fora-das-ferias\\\/\",\"name\":\"Feriados prolongados s\u00e3o op\u00e7\u00e3o para viajar fora das f\u00e9rias - Portal Masculino de Moda, Beleza, Luxo and Business - Angel Boss\",\"isPartOf\":{\"@id\":\"http:\\\/\\\/angelboss.com.br\\\/#website\"},\"primaryImageOfPage\":{\"@id\":\"http:\\\/\\\/angelboss.com.br\\\/2026\\\/02\\\/03\\\/325881-feriados-prolongados-sao-opcao-para-viajar-fora-das-ferias\\\/#primaryimage\"},\"image\":{\"@id\":\"http:\\\/\\\/angelboss.com.br\\\/2026\\\/02\\\/03\\\/325881-feriados-prolongados-sao-opcao-para-viajar-fora-das-ferias\\\/#primaryimage\"},\"thumbnailUrl\":\"http:\\\/\\\/angelboss.com.br\\\/wp-content\\\/uploads\\\/2026\\\/02\\\/f090600f-5204-47f2-8fa5-a37119736c98.jpg\",\"datePublished\":\"2026-02-03T00:00:00+00:00\",\"breadcrumb\":{\"@id\":\"http:\\\/\\\/angelboss.com.br\\\/2026\\\/02\\\/03\\\/325881-feriados-prolongados-sao-opcao-para-viajar-fora-das-ferias\\\/#breadcrumb\"},\"inLanguage\":\"en-US\",\"potentialAction\":[{\"@type\":\"ReadAction\",\"target\":[\"http:\\\/\\\/angelboss.com.br\\\/2026\\\/02\\\/03\\\/325881-feriados-prolongados-sao-opcao-para-viajar-fora-das-ferias\\\/\"]}]},{\"@type\":\"ImageObject\",\"inLanguage\":\"en-US\",\"@id\":\"http:\\\/\\\/angelboss.com.br\\\/2026\\\/02\\\/03\\\/325881-feriados-prolongados-sao-opcao-para-viajar-fora-das-ferias\\\/#primaryimage\",\"url\":\"http:\\\/\\\/angelboss.com.br\\\/wp-content\\\/uploads\\\/2026\\\/02\\\/f090600f-5204-47f2-8fa5-a37119736c98.jpg\",\"contentUrl\":\"http:\\\/\\\/angelboss.com.br\\\/wp-content\\\/uploads\\\/2026\\\/02\\\/f090600f-5204-47f2-8fa5-a37119736c98.jpg\",\"width\":1200,\"height\":800,\"caption\":\"Feriados prolongados s\u00e3o op\u00e7\u00e3o para viajar fora das f\u00e9rias\"},{\"@type\":\"BreadcrumbList\",\"@id\":\"http:\\\/\\\/angelboss.com.br\\\/2026\\\/02\\\/03\\\/325881-feriados-prolongados-sao-opcao-para-viajar-fora-das-ferias\\\/#breadcrumb\",\"itemListElement\":[{\"@type\":\"ListItem\",\"position\":1,\"name\":\"In\u00edcio\",\"item\":\"http:\\\/\\\/angelboss.com.br\\\/\"},{\"@type\":\"ListItem\",\"position\":2,\"name\":\"Feriados prolongados s\u00e3o op\u00e7\u00e3o para viajar fora das f\u00e9rias\"}]},{\"@type\":\"WebSite\",\"@id\":\"http:\\\/\\\/angelboss.com.br\\\/#website\",\"url\":\"http:\\\/\\\/angelboss.com.br\\\/\",\"name\":\"Portal Masculino de Moda, Beleza, Luxo e Business - Angel Boss\",\"description\":\"O Maior Portal sobre Moda, Luxo, Beleza e Business Masculino do Brasil\",\"publisher\":{\"@id\":\"http:\\\/\\\/angelboss.com.br\\\/#organization\"},\"alternateName\":\"Maior Portal e Blog de Beleza Masculina e Luxo\",\"potentialAction\":[{\"@type\":\"SearchAction\",\"target\":{\"@type\":\"EntryPoint\",\"urlTemplate\":\"http:\\\/\\\/angelboss.com.br\\\/?s={search_term_string}\"},\"query-input\":{\"@type\":\"PropertyValueSpecification\",\"valueRequired\":true,\"valueName\":\"search_term_string\"}}],\"inLanguage\":\"en-US\"},{\"@type\":\"Organization\",\"@id\":\"http:\\\/\\\/angelboss.com.br\\\/#organization\",\"name\":\"Portal Masculino de Moda, Beleza, Luxo and Business - Angel Boss\",\"url\":\"http:\\\/\\\/angelboss.com.br\\\/\",\"logo\":{\"@type\":\"ImageObject\",\"inLanguage\":\"en-US\",\"@id\":\"http:\\\/\\\/angelboss.com.br\\\/#\\\/schema\\\/logo\\\/image\\\/\",\"url\":\"http:\\\/\\\/angelboss.com.br\\\/wp-content\\\/uploads\\\/2025\\\/12\\\/WhatsApp-Image-2025-12-11-at-12.54.26.jpeg\",\"contentUrl\":\"http:\\\/\\\/angelboss.com.br\\\/wp-content\\\/uploads\\\/2025\\\/12\\\/WhatsApp-Image-2025-12-11-at-12.54.26.jpeg\",\"width\":1280,\"height\":1280,\"caption\":\"Portal Masculino de Moda, Beleza, Luxo and Business - Angel Boss\"},\"image\":{\"@id\":\"http:\\\/\\\/angelboss.com.br\\\/#\\\/schema\\\/logo\\\/image\\\/\"}},{\"@type\":\"Person\",\"@id\":\"http:\\\/\\\/angelboss.com.br\\\/#\\\/schema\\\/person\\\/b6676b8d991f97199ef2d5b8e5c2d8a5\",\"name\":\"DINO\",\"image\":{\"@type\":\"ImageObject\",\"inLanguage\":\"en-US\",\"@id\":\"https:\\\/\\\/secure.gravatar.com\\\/avatar\\\/f29568383aedf96da155b6f87103b0e04b1c662f982055cda25086444ab33ff8?s=96&d=mm&r=g\",\"url\":\"https:\\\/\\\/secure.gravatar.com\\\/avatar\\\/f29568383aedf96da155b6f87103b0e04b1c662f982055cda25086444ab33ff8?s=96&d=mm&r=g\",\"contentUrl\":\"https:\\\/\\\/secure.gravatar.com\\\/avatar\\\/f29568383aedf96da155b6f87103b0e04b1c662f982055cda25086444ab33ff8?s=96&d=mm&r=g\",\"caption\":\"DINO\"},\"url\":\"http:\\\/\\\/angelboss.com.br\\\/en\\\/author\\\/DINO\\\/\"}]}<\/script>\n<!-- \/ Yoast SEO plugin. -->","yoast_head_json":{"title":"Feriados prolongados s\u00e3o op\u00e7\u00e3o para viajar fora das f\u00e9rias - Portal Masculino de Moda, Beleza, Luxo and Business - Angel Boss","robots":{"index":"index","follow":"follow","max-snippet":"max-snippet:-1","max-image-preview":"max-image-preview:large","max-video-preview":"max-video-preview:-1"},"canonical":"http:\/\/angelboss.com.br\/en\/2026\/02\/03\/325881-feriados-prolongados-sao-opcao-para-viajar-fora-das-ferias\/","og_locale":"en_US","og_type":"article","og_title":"Feriados prolongados s\u00e3o op\u00e7\u00e3o para viajar fora das f\u00e9rias - Portal Masculino de Moda, Beleza, Luxo and Business - Angel Boss","og_description":"Diretor da ag\u00eancia de turismo receptivo Bahia Terra Turismo conta como o trade tur\u00edstico da regi\u00e3o se prepara para atender os turistas durante os feriados em 2026","og_url":"http:\/\/angelboss.com.br\/en\/2026\/02\/03\/325881-feriados-prolongados-sao-opcao-para-viajar-fora-das-ferias\/","og_site_name":"Portal Masculino de Moda, Beleza, Luxo and Business - Angel Boss","article_published_time":"2026-02-03T00:00:00+00:00","og_image":[{"width":1200,"height":800,"url":"http:\/\/angelboss.com.br\/wp-content\/uploads\/2026\/02\/f090600f-5204-47f2-8fa5-a37119736c98.jpg","type":"image\/jpeg"}],"author":"DINO","twitter_card":"summary_large_image","twitter_misc":{"Written by":"DINO","Est. reading time":"4 minutes"},"schema":{"@context":"https:\/\/schema.org","@graph":[{"@type":"Article","@id":"http:\/\/angelboss.com.br\/2026\/02\/03\/325881-feriados-prolongados-sao-opcao-para-viajar-fora-das-ferias\/#article","isPartOf":{"@id":"http:\/\/angelboss.com.br\/2026\/02\/03\/325881-feriados-prolongados-sao-opcao-para-viajar-fora-das-ferias\/"},"author":{"name":"DINO","@id":"http:\/\/angelboss.com.br\/#\/schema\/person\/b6676b8d991f97199ef2d5b8e5c2d8a5"},"headline":"Feriados prolongados s\u00e3o op\u00e7\u00e3o para viajar fora das f\u00e9rias","datePublished":"2026-02-03T00:00:00+00:00","mainEntityOfPage":{"@id":"http:\/\/angelboss.com.br\/2026\/02\/03\/325881-feriados-prolongados-sao-opcao-para-viajar-fora-das-ferias\/"},"wordCount":769,"commentCount":0,"publisher":{"@id":"http:\/\/angelboss.com.br\/#organization"},"image":{"@id":"http:\/\/angelboss.com.br\/2026\/02\/03\/325881-feriados-prolongados-sao-opcao-para-viajar-fora-das-ferias\/#primaryimage"},"thumbnailUrl":"http:\/\/angelboss.com.br\/wp-content\/uploads\/2026\/02\/f090600f-5204-47f2-8fa5-a37119736c98.jpg","keywords":["TURISMO E VIAGEM"],"articleSection":["Not\u00edcias Corporativas"],"inLanguage":"en-US","potentialAction":[{"@type":"CommentAction","name":"Comment","target":["http:\/\/angelboss.com.br\/2026\/02\/03\/325881-feriados-prolongados-sao-opcao-para-viajar-fora-das-ferias\/#respond"]}]},{"@type":"WebPage","@id":"http:\/\/angelboss.com.br\/2026\/02\/03\/325881-feriados-prolongados-sao-opcao-para-viajar-fora-das-ferias\/","url":"http:\/\/angelboss.com.br\/2026\/02\/03\/325881-feriados-prolongados-sao-opcao-para-viajar-fora-das-ferias\/","name":"Feriados prolongados s\u00e3o op\u00e7\u00e3o para viajar fora das f\u00e9rias - Portal Masculino de Moda, Beleza, Luxo and Business - Angel Boss","isPartOf":{"@id":"http:\/\/angelboss.com.br\/#website"},"primaryImageOfPage":{"@id":"http:\/\/angelboss.com.br\/2026\/02\/03\/325881-feriados-prolongados-sao-opcao-para-viajar-fora-das-ferias\/#primaryimage"},"image":{"@id":"http:\/\/angelboss.com.br\/2026\/02\/03\/325881-feriados-prolongados-sao-opcao-para-viajar-fora-das-ferias\/#primaryimage"},"thumbnailUrl":"http:\/\/angelboss.com.br\/wp-content\/uploads\/2026\/02\/f090600f-5204-47f2-8fa5-a37119736c98.jpg","datePublished":"2026-02-03T00:00:00+00:00","breadcrumb":{"@id":"http:\/\/angelboss.com.br\/2026\/02\/03\/325881-feriados-prolongados-sao-opcao-para-viajar-fora-das-ferias\/#breadcrumb"},"inLanguage":"en-US","potentialAction":[{"@type":"ReadAction","target":["http:\/\/angelboss.com.br\/2026\/02\/03\/325881-feriados-prolongados-sao-opcao-para-viajar-fora-das-ferias\/"]}]},{"@type":"ImageObject","inLanguage":"en-US","@id":"http:\/\/angelboss.com.br\/2026\/02\/03\/325881-feriados-prolongados-sao-opcao-para-viajar-fora-das-ferias\/#primaryimage","url":"http:\/\/angelboss.com.br\/wp-content\/uploads\/2026\/02\/f090600f-5204-47f2-8fa5-a37119736c98.jpg","contentUrl":"http:\/\/angelboss.com.br\/wp-content\/uploads\/2026\/02\/f090600f-5204-47f2-8fa5-a37119736c98.jpg","width":1200,"height":800,"caption":"Feriados prolongados s\u00e3o op\u00e7\u00e3o para viajar fora das f\u00e9rias"},{"@type":"BreadcrumbList","@id":"http:\/\/angelboss.com.br\/2026\/02\/03\/325881-feriados-prolongados-sao-opcao-para-viajar-fora-das-ferias\/#breadcrumb","itemListElement":[{"@type":"ListItem","position":1,"name":"In\u00edcio","item":"http:\/\/angelboss.com.br\/"},{"@type":"ListItem","position":2,"name":"Feriados prolongados s\u00e3o op\u00e7\u00e3o para viajar fora das f\u00e9rias"}]},{"@type":"WebSite","@id":"http:\/\/angelboss.com.br\/#website","url":"http:\/\/angelboss.com.br\/","name":"Portal Masculino de Moda, Beleza, Luxo e Business - Angel Boss","description":"O Maior Portal sobre Moda, Luxo, Beleza e Business Masculino do Brasil","publisher":{"@id":"http:\/\/angelboss.com.br\/#organization"},"alternateName":"Maior Portal e Blog de Beleza Masculina e Luxo","potentialAction":[{"@type":"SearchAction","target":{"@type":"EntryPoint","urlTemplate":"http:\/\/angelboss.com.br\/?s={search_term_string}"},"query-input":{"@type":"PropertyValueSpecification","valueRequired":true,"valueName":"search_term_string"}}],"inLanguage":"en-US"},{"@type":"Organization","@id":"http:\/\/angelboss.com.br\/#organization","name":"Portal Masculino de Moda, Beleza, Luxo and Business - Angel Boss","url":"http:\/\/angelboss.com.br\/","logo":{"@type":"ImageObject","inLanguage":"en-US","@id":"http:\/\/angelboss.com.br\/#\/schema\/logo\/image\/","url":"http:\/\/angelboss.com.br\/wp-content\/uploads\/2025\/12\/WhatsApp-Image-2025-12-11-at-12.54.26.jpeg","contentUrl":"http:\/\/angelboss.com.br\/wp-content\/uploads\/2025\/12\/WhatsApp-Image-2025-12-11-at-12.54.26.jpeg","width":1280,"height":1280,"caption":"Portal Masculino de Moda, Beleza, Luxo and Business - Angel Boss"},"image":{"@id":"http:\/\/angelboss.com.br\/#\/schema\/logo\/image\/"}},{"@type":"Person","@id":"http:\/\/angelboss.com.br\/#\/schema\/person\/b6676b8d991f97199ef2d5b8e5c2d8a5","name":"DINO","image":{"@type":"ImageObject","inLanguage":"en-US","@id":"https:\/\/secure.gravatar.com\/avatar\/f29568383aedf96da155b6f87103b0e04b1c662f982055cda25086444ab33ff8?s=96&d=mm&r=g","url":"https:\/\/secure.gravatar.com\/avatar\/f29568383aedf96da155b6f87103b0e04b1c662f982055cda25086444ab33ff8?s=96&d=mm&r=g","contentUrl":"https:\/\/secure.gravatar.com\/avatar\/f29568383aedf96da155b6f87103b0e04b1c662f982055cda25086444ab33ff8?s=96&d=mm&r=g","caption":"DINO"},"url":"http:\/\/angelboss.com.br\/en\/author\/DINO\/"}]}},"amp_enabled":true,"_links":{"self":[{"href":"http:\/\/angelboss.com.br\/en\/wp-json\/wp\/v2\/posts\/10234","targetHints":{"allow":["GET"]}}],"collection":[{"href":"http:\/\/angelboss.com.br\/en\/wp-json\/wp\/v2\/posts"}],"about":[{"href":"http:\/\/angelboss.com.br\/en\/wp-json\/wp\/v2\/types\/post"}],"author":[{"embeddable":true,"href":"http:\/\/angelboss.com.br\/en\/wp-json\/wp\/v2\/users\/3"}],"replies":[{"embeddable":true,"href":"http:\/\/angelboss.com.br\/en\/wp-json\/wp\/v2\/comments?post=10234"}],"version-history":[{"count":0,"href":"http:\/\/angelboss.com.br\/en\/wp-json\/wp\/v2\/posts\/10234\/revisions"}],"wp:featuredmedia":[{"embeddable":true,"href":"http:\/\/angelboss.com.br\/en\/wp-json\/wp\/v2\/media\/10235"}],"wp:attachment":[{"href":"http:\/\/angelboss.com.br\/en\/wp-json\/wp\/v2\/media?parent=10234"}],"wp:term":[{"taxonomy":"category","embeddable":true,"href":"http:\/\/angelboss.com.br\/en\/wp-json\/wp\/v2\/categories?post=10234"},{"taxonomy":"post_tag","embeddable":true,"href":"http:\/\/angelboss.com.br\/en\/wp-json\/wp\/v2\/tags?post=10234"}],"curies":[{"name":"wp","href":"https:\/\/api.w.org\/{rel}","templated":true}]}}